{"id":216374,"date":"2024-09-13T21:21:00","date_gmt":"2024-09-13T21:21:00","guid":{"rendered":"https:\/\/www.webdo.tn\/fr\/blog\/tunisie-fin-de-fonctios-pour-deux-directeurs-regionaux-de-la-justice\/216374\/"},"modified":"2025-05-21T09:06:50","modified_gmt":"2025-05-21T09:06:50","slug":"tunisie-fin-de-fonctios-pour-deux-directeurs-regionaux-de-la-justice","status":"publish","type":"post","link":"https:\/\/www.webdo.tn\/fr\/actualite\/national\/tunisie-fin-de-fonctios-pour-deux-directeurs-regionaux-de-la-justice\/216374\/","title":{"rendered":"Tunisie : Fin de fonction pour deux directeurs r\u00e9gionaux de la justice"},"content":{"rendered":"<p>Le Journal officiel de la R\u00e9publique tunisienne a publi\u00e9 le 13 septembre 2024 deux d\u00e9cisions importantes du Pr\u00e9sident Ka\u00efs Sa\u00efed, portant les num\u00e9ros 483 et 484.<\/p>\n<p>\t\t\t\t\t\t\t\t\tLa premi\u00e8re d\u00e9cision met fin aux fonctions de Zied Kedhir en tant que directeur r\u00e9gional de la justice pour le gouvernorat de Sidi Bouzid. kedhir, qui occupait ce poste jusqu&rsquo;\u00e0 pr\u00e9sent, est d\u00e9sormais relev\u00e9 de ses fonctions.<\/p>\n<p>La seconde d\u00e9cision concerne Walid Saadi, conseiller des services publics, qui voit \u00e9galement son mandat en tant que directeur r\u00e9gional de la justice pour le gouvernorat de Nabeul se terminer. Ces changements interviennent dans le cadre des r\u00e9formes administratives en cours au sein du syst\u00e8me judiciaire tunisien.<\/p>\n","protected":false},"excerpt":{"rendered":"<p>Le 13 septembre 2024, le pr\u00e9sident Ka\u00efs Sa\u00efed a publi\u00e9 deux d\u00e9cisions dans le Journal officiel tunisien mettant fin aux fonctions de Zied Kedhir et Walid Saadi&#8230;<\/p>\n","protected":false},"author":3166,"featured_media":291071,"comment_status":"open","ping_status":"closed","sticky":false,"template":"","format":"standard","meta":{"footnotes":""},"categories":[44],"tags":[3897,2619,2751,2955,2608],"class_list":["post-216374","post","type-post","status-publish","format-standard","has-post-thumbnail","hentry","category-national","tag-jort","tag-justice","tag-nabeul","tag-sidi-bouzid","tag-tunisie"],"yoast_head":"<!-- This site is optimized with the Yoast SEO Premium plugin v27.4 (Yoast SEO v27.5) - https:\/\/yoast.com\/product\/yoast-seo-premium-wordpress\/ -->\n<title>Tunisie : Fin de fonction pour deux directeurs r\u00e9gionaux de la justice<\/title>\n<meta name=\"description\" content=\"Le 13 septembre 2024, le pr\u00e9sident Ka\u00efs Sa\u00efed a publi\u00e9 deux d\u00e9cisions dans le Journal officiel tunisien mettant fin aux fonctions de Zied Kedhir et Walid Saadi...\" \/>\n<link rel=\"canonical\" href=\"https:\/\/www.webdo.tn\/fr\/actualite\/national\/tunisie-fin-de-fonctios-pour-deux-directeurs-regionaux-de-la-justice\/216374\/\" \/>\n<meta property=\"og:locale\" content=\"fr_FR\" \/>\n<meta property=\"og:type\" content=\"article\" \/>\n<meta property=\"og:title\" content=\"Tunisie : Fin de fonction pour deux directeurs r\u00e9gionaux de la justice\" \/>\n<meta property=\"og:description\" content=\"Le 13 septembre 2024, le pr\u00e9sident Ka\u00efs Sa\u00efed a publi\u00e9 deux d\u00e9cisions dans le Journal officiel tunisien mettant fin aux fonctions de Zied Kedhir et Walid Saadi...\" \/>\n<meta property=\"og:url\" content=\"https:\/\/www.webdo.tn\/fr\/actualite\/national\/tunisie-fin-de-fonctios-pour-deux-directeurs-regionaux-de-la-justice\/216374\/\" \/>\n<meta property=\"og:site_name\" content=\"webdo\" \/>\n<meta property=\"article:publisher\" content=\"https:\/\/www.facebook.com\/webdotn\" \/>\n<meta property=\"article:published_time\" content=\"2024-09-13T21:21:00+00:00\" \/>\n<meta property=\"article:modified_time\" content=\"2025-05-21T09:06:50+00:00\" \/>\n<meta property=\"og:image\" content=\"https:\/\/www.webdo.tn\/fr\/wp-content\/uploads\/2024\/09\/42f3c55ecd941f3b379137fff0125cc9.webp\" \/>\n\t<meta property=\"og:image:width\" content=\"700\" \/>\n\t<meta property=\"og:image:height\" content=\"373\" \/>\n\t<meta property=\"og:image:type\" content=\"image\/webp\" \/>\n<meta name=\"author\" content=\"AZ\" \/>\n<meta name=\"twitter:card\" content=\"summary_large_image\" \/>\n<meta name=\"twitter:creator\" content=\"@webdo_tn\" \/>\n<meta name=\"twitter:site\" content=\"@webdo_tn\" \/>\n<meta name=\"twitter:label1\" content=\"\u00c9crit par\" \/>\n\t<meta name=\"twitter:data1\" content=\"AZ\" \/>\n\t<meta name=\"twitter:label2\" content=\"Dur\u00e9e de lecture estim\u00e9e\" \/>\n\t<meta name=\"twitter:data2\" content=\"1 minute\" \/>\n<script type=\"application\/ld+json\" class=\"yoast-schema-graph\">{\"@context\":\"https:\\\/\\\/schema.org\",\"@graph\":[{\"@type\":\"NewsArticle\",\"@id\":\"https:\\\/\\\/www.webdo.tn\\\/fr\\\/actualite\\\/national\\\/tunisie-fin-de-fonctios-pour-deux-directeurs-regionaux-de-la-justice\\\/216374\\\/#article\",\"isPartOf\":{\"@id\":\"https:\\\/\\\/www.webdo.tn\\\/fr\\\/actualite\\\/national\\\/tunisie-fin-de-fonctios-pour-deux-directeurs-regionaux-de-la-justice\\\/216374\\\/\"},\"author\":{\"name\":\"AZ\",\"@id\":\"https:\\\/\\\/www.webdo.tn\\\/fr\\\/#\\\/schema\\\/person\\\/b8a41c04d93287d375510db360906b34\"},\"headline\":\"Tunisie : Fin de fonction pour deux directeurs r\u00e9gionaux de la justice\",\"datePublished\":\"2024-09-13T21:21:00+00:00\",\"dateModified\":\"2025-05-21T09:06:50+00:00\",\"mainEntityOfPage\":{\"@id\":\"https:\\\/\\\/www.webdo.tn\\\/fr\\\/actualite\\\/national\\\/tunisie-fin-de-fonctios-pour-deux-directeurs-regionaux-de-la-justice\\\/216374\\\/\"},\"wordCount\":133,\"commentCount\":0,\"publisher\":{\"@id\":\"https:\\\/\\\/www.webdo.tn\\\/fr\\\/#organization\"},\"image\":{\"@id\":\"https:\\\/\\\/www.webdo.tn\\\/fr\\\/actualite\\\/national\\\/tunisie-fin-de-fonctios-pour-deux-directeurs-regionaux-de-la-justice\\\/216374\\\/#primaryimage\"},\"thumbnailUrl\":\"https:\\\/\\\/www.webdo.tn\\\/fr\\\/wp-content\\\/uploads\\\/2024\\\/09\\\/42f3c55ecd941f3b379137fff0125cc9.webp\",\"keywords\":[\"JORT\",\"justice\",\"Nabeul\",\"Sidi Bouzid\",\"Tunisie\"],\"articleSection\":[\"National\"],\"inLanguage\":\"fr-FR\"},{\"@type\":\"WebPage\",\"@id\":\"https:\\\/\\\/www.webdo.tn\\\/fr\\\/actualite\\\/national\\\/tunisie-fin-de-fonctios-pour-deux-directeurs-regionaux-de-la-justice\\\/216374\\\/\",\"url\":\"https:\\\/\\\/www.webdo.tn\\\/fr\\\/actualite\\\/national\\\/tunisie-fin-de-fonctios-pour-deux-directeurs-regionaux-de-la-justice\\\/216374\\\/\",\"name\":\"Tunisie : Fin de fonction pour deux directeurs r\u00e9gionaux de la justice\",\"isPartOf\":{\"@id\":\"https:\\\/\\\/www.webdo.tn\\\/fr\\\/#website\"},\"primaryImageOfPage\":{\"@id\":\"https:\\\/\\\/www.webdo.tn\\\/fr\\\/actualite\\\/national\\\/tunisie-fin-de-fonctios-pour-deux-directeurs-regionaux-de-la-justice\\\/216374\\\/#primaryimage\"},\"image\":{\"@id\":\"https:\\\/\\\/www.webdo.tn\\\/fr\\\/actualite\\\/national\\\/tunisie-fin-de-fonctios-pour-deux-directeurs-regionaux-de-la-justice\\\/216374\\\/#primaryimage\"},\"thumbnailUrl\":\"https:\\\/\\\/www.webdo.tn\\\/fr\\\/wp-content\\\/uploads\\\/2024\\\/09\\\/42f3c55ecd941f3b379137fff0125cc9.webp\",\"datePublished\":\"2024-09-13T21:21:00+00:00\",\"dateModified\":\"2025-05-21T09:06:50+00:00\",\"description\":\"Le 13 septembre 2024, le pr\u00e9sident Ka\u00efs Sa\u00efed a publi\u00e9 deux d\u00e9cisions dans le Journal officiel tunisien mettant fin aux fonctions de Zied Kedhir et Walid Saadi...\",\"breadcrumb\":{\"@id\":\"https:\\\/\\\/www.webdo.tn\\\/fr\\\/actualite\\\/national\\\/tunisie-fin-de-fonctios-pour-deux-directeurs-regionaux-de-la-justice\\\/216374\\\/#breadcrumb\"},\"inLanguage\":\"fr-FR\",\"potentialAction\":[{\"@type\":\"ReadAction\",\"target\":[\"https:\\\/\\\/www.webdo.tn\\\/fr\\\/actualite\\\/national\\\/tunisie-fin-de-fonctios-pour-deux-directeurs-regionaux-de-la-justice\\\/216374\\\/\"]}]},{\"@type\":\"ImageObject\",\"inLanguage\":\"fr-FR\",\"@id\":\"https:\\\/\\\/www.webdo.tn\\\/fr\\\/actualite\\\/national\\\/tunisie-fin-de-fonctios-pour-deux-directeurs-regionaux-de-la-justice\\\/216374\\\/#primaryimage\",\"url\":\"https:\\\/\\\/www.webdo.tn\\\/fr\\\/wp-content\\\/uploads\\\/2024\\\/09\\\/42f3c55ecd941f3b379137fff0125cc9.webp\",\"contentUrl\":\"https:\\\/\\\/www.webdo.tn\\\/fr\\\/wp-content\\\/uploads\\\/2024\\\/09\\\/42f3c55ecd941f3b379137fff0125cc9.webp\",\"width\":700,\"height\":373,\"caption\":\"Tunisie : Fin de fonction pour deux directeurs r\u00e9gionaux de la justice\"},{\"@type\":\"BreadcrumbList\",\"@id\":\"https:\\\/\\\/www.webdo.tn\\\/fr\\\/actualite\\\/national\\\/tunisie-fin-de-fonctios-pour-deux-directeurs-regionaux-de-la-justice\\\/216374\\\/#breadcrumb\",\"itemListElement\":[{\"@type\":\"ListItem\",\"position\":1,\"name\":\"Accueil\",\"item\":\"https:\\\/\\\/www.webdo.tn\\\/fr\\\/\"},{\"@type\":\"ListItem\",\"position\":2,\"name\":\"Tunisie : Fin de fonction pour deux directeurs r\u00e9gionaux de la justice\"}]},{\"@type\":\"WebSite\",\"@id\":\"https:\\\/\\\/www.webdo.tn\\\/fr\\\/#website\",\"url\":\"https:\\\/\\\/www.webdo.tn\\\/fr\\\/\",\"name\":\"webdo\",\"description\":\"Tunisie - News en Tunisie et \u00e0 l&#039;international sur Webdo.tn\",\"publisher\":{\"@id\":\"https:\\\/\\\/www.webdo.tn\\\/fr\\\/#organization\"},\"potentialAction\":[{\"@type\":\"SearchAction\",\"target\":{\"@type\":\"EntryPoint\",\"urlTemplate\":\"https:\\\/\\\/www.webdo.tn\\\/fr\\\/?s={search_term_string}\"},\"query-input\":{\"@type\":\"PropertyValueSpecification\",\"valueRequired\":true,\"valueName\":\"search_term_string\"}}],\"inLanguage\":\"fr-FR\"},{\"@type\":\"Organization\",\"@id\":\"https:\\\/\\\/www.webdo.tn\\\/fr\\\/#organization\",\"name\":\"Webdo\",\"alternateName\":\"Webdo.tn\",\"url\":\"https:\\\/\\\/www.webdo.tn\\\/fr\\\/\",\"logo\":{\"@type\":\"ImageObject\",\"inLanguage\":\"fr-FR\",\"@id\":\"https:\\\/\\\/www.webdo.tn\\\/fr\\\/#\\\/schema\\\/logo\\\/image\\\/\",\"url\":\"https:\\\/\\\/www.webdo.tn\\\/fr\\\/wp-content\\\/uploads\\\/2025\\\/06\\\/Webdo-Tunisie_168377.jpg\",\"contentUrl\":\"https:\\\/\\\/www.webdo.tn\\\/fr\\\/wp-content\\\/uploads\\\/2025\\\/06\\\/Webdo-Tunisie_168377.jpg\",\"width\":301,\"height\":301,\"caption\":\"Webdo\"},\"image\":{\"@id\":\"https:\\\/\\\/www.webdo.tn\\\/fr\\\/#\\\/schema\\\/logo\\\/image\\\/\"},\"sameAs\":[\"https:\\\/\\\/www.facebook.com\\\/webdotn\",\"https:\\\/\\\/x.com\\\/webdo_tn\"],\"description\":\"Webdo est un m\u00e9dia num\u00e9rique tunisien fond\u00e9 en 2010, sp\u00e9cialis\u00e9 dans l\u2019actualit\u00e9 nationale et internationale, l\u2019\u00e9conomie, la soci\u00e9t\u00e9 et les analyses politiques. Le site s\u2019adresse \u00e0 un large public francophone et couvre l\u2019information tunisienne en temps r\u00e9el.\",\"email\":\"redac@webdo.tn\",\"legalName\":\"YNJ SARL\",\"foundingDate\":\"2010-09-06\",\"numberOfEmployees\":{\"@type\":\"QuantitativeValue\",\"minValue\":\"11\",\"maxValue\":\"50\"}},{\"@type\":\"Person\",\"@id\":\"https:\\\/\\\/www.webdo.tn\\\/fr\\\/#\\\/schema\\\/person\\\/b8a41c04d93287d375510db360906b34\",\"name\":\"AZ\",\"image\":{\"@type\":\"ImageObject\",\"inLanguage\":\"fr-FR\",\"@id\":\"https:\\\/\\\/secure.gravatar.com\\\/avatar\\\/492b80bada79439de4201dce15cd41eece6c277cfdf1b53382073c79105c1f89?s=96&d=mm&r=g\",\"url\":\"https:\\\/\\\/secure.gravatar.com\\\/avatar\\\/492b80bada79439de4201dce15cd41eece6c277cfdf1b53382073c79105c1f89?s=96&d=mm&r=g\",\"contentUrl\":\"https:\\\/\\\/secure.gravatar.com\\\/avatar\\\/492b80bada79439de4201dce15cd41eece6c277cfdf1b53382073c79105c1f89?s=96&d=mm&r=g\",\"caption\":\"AZ\"},\"url\":\"https:\\\/\\\/www.webdo.tn\\\/fr\\\/actualite\\\/author\\\/az\\\/\"}]}<\/script>\n<!-- \/ Yoast SEO Premium plugin. -->","yoast_head_json":{"title":"Tunisie : Fin de fonction pour deux directeurs r\u00e9gionaux de la justice","description":"Le 13 septembre 2024, le pr\u00e9sident Ka\u00efs Sa\u00efed a publi\u00e9 deux d\u00e9cisions dans le Journal officiel tunisien mettant fin aux fonctions de Zied Kedhir et Walid Saadi...","canonical":"https:\/\/www.webdo.tn\/fr\/actualite\/national\/tunisie-fin-de-fonctios-pour-deux-directeurs-regionaux-de-la-justice\/216374\/","og_locale":"fr_FR","og_type":"article","og_title":"Tunisie : Fin de fonction pour deux directeurs r\u00e9gionaux de la justice","og_description":"Le 13 septembre 2024, le pr\u00e9sident Ka\u00efs Sa\u00efed a publi\u00e9 deux d\u00e9cisions dans le Journal officiel tunisien mettant fin aux fonctions de Zied Kedhir et Walid Saadi...","og_url":"https:\/\/www.webdo.tn\/fr\/actualite\/national\/tunisie-fin-de-fonctios-pour-deux-directeurs-regionaux-de-la-justice\/216374\/","og_site_name":"webdo","article_publisher":"https:\/\/www.facebook.com\/webdotn","article_published_time":"2024-09-13T21:21:00+00:00","article_modified_time":"2025-05-21T09:06:50+00:00","og_image":[{"width":700,"height":373,"url":"https:\/\/www.webdo.tn\/fr\/wp-content\/uploads\/2024\/09\/42f3c55ecd941f3b379137fff0125cc9.webp","type":"image\/webp"}],"author":"AZ","twitter_card":"summary_large_image","twitter_creator":"@webdo_tn","twitter_site":"@webdo_tn","twitter_misc":{"\u00c9crit par":"AZ","Dur\u00e9e de lecture estim\u00e9e":"1 minute"},"schema":{"@context":"https:\/\/schema.org","@graph":[{"@type":"NewsArticle","@id":"https:\/\/www.webdo.tn\/fr\/actualite\/national\/tunisie-fin-de-fonctios-pour-deux-directeurs-regionaux-de-la-justice\/216374\/#article","isPartOf":{"@id":"https:\/\/www.webdo.tn\/fr\/actualite\/national\/tunisie-fin-de-fonctios-pour-deux-directeurs-regionaux-de-la-justice\/216374\/"},"author":{"name":"AZ","@id":"https:\/\/www.webdo.tn\/fr\/#\/schema\/person\/b8a41c04d93287d375510db360906b34"},"headline":"Tunisie : Fin de fonction pour deux directeurs r\u00e9gionaux de la justice","datePublished":"2024-09-13T21:21:00+00:00","dateModified":"2025-05-21T09:06:50+00:00","mainEntityOfPage":{"@id":"https:\/\/www.webdo.tn\/fr\/actualite\/national\/tunisie-fin-de-fonctios-pour-deux-directeurs-regionaux-de-la-justice\/216374\/"},"wordCount":133,"commentCount":0,"publisher":{"@id":"https:\/\/www.webdo.tn\/fr\/#organization"},"image":{"@id":"https:\/\/www.webdo.tn\/fr\/actualite\/national\/tunisie-fin-de-fonctios-pour-deux-directeurs-regionaux-de-la-justice\/216374\/#primaryimage"},"thumbnailUrl":"https:\/\/www.webdo.tn\/fr\/wp-content\/uploads\/2024\/09\/42f3c55ecd941f3b379137fff0125cc9.webp","keywords":["JORT","justice","Nabeul","Sidi Bouzid","Tunisie"],"articleSection":["National"],"inLanguage":"fr-FR"},{"@type":"WebPage","@id":"https:\/\/www.webdo.tn\/fr\/actualite\/national\/tunisie-fin-de-fonctios-pour-deux-directeurs-regionaux-de-la-justice\/216374\/","url":"https:\/\/www.webdo.tn\/fr\/actualite\/national\/tunisie-fin-de-fonctios-pour-deux-directeurs-regionaux-de-la-justice\/216374\/","name":"Tunisie : Fin de fonction pour deux directeurs r\u00e9gionaux de la justice","isPartOf":{"@id":"https:\/\/www.webdo.tn\/fr\/#website"},"primaryImageOfPage":{"@id":"https:\/\/www.webdo.tn\/fr\/actualite\/national\/tunisie-fin-de-fonctios-pour-deux-directeurs-regionaux-de-la-justice\/216374\/#primaryimage"},"image":{"@id":"https:\/\/www.webdo.tn\/fr\/actualite\/national\/tunisie-fin-de-fonctios-pour-deux-directeurs-regionaux-de-la-justice\/216374\/#primaryimage"},"thumbnailUrl":"https:\/\/www.webdo.tn\/fr\/wp-content\/uploads\/2024\/09\/42f3c55ecd941f3b379137fff0125cc9.webp","datePublished":"2024-09-13T21:21:00+00:00","dateModified":"2025-05-21T09:06:50+00:00","description":"Le 13 septembre 2024, le pr\u00e9sident Ka\u00efs Sa\u00efed a publi\u00e9 deux d\u00e9cisions dans le Journal officiel tunisien mettant fin aux fonctions de Zied Kedhir et Walid Saadi...","breadcrumb":{"@id":"https:\/\/www.webdo.tn\/fr\/actualite\/national\/tunisie-fin-de-fonctios-pour-deux-directeurs-regionaux-de-la-justice\/216374\/#breadcrumb"},"inLanguage":"fr-FR","potentialAction":[{"@type":"ReadAction","target":["https:\/\/www.webdo.tn\/fr\/actualite\/national\/tunisie-fin-de-fonctios-pour-deux-directeurs-regionaux-de-la-justice\/216374\/"]}]},{"@type":"ImageObject","inLanguage":"fr-FR","@id":"https:\/\/www.webdo.tn\/fr\/actualite\/national\/tunisie-fin-de-fonctios-pour-deux-directeurs-regionaux-de-la-justice\/216374\/#primaryimage","url":"https:\/\/www.webdo.tn\/fr\/wp-content\/uploads\/2024\/09\/42f3c55ecd941f3b379137fff0125cc9.webp","contentUrl":"https:\/\/www.webdo.tn\/fr\/wp-content\/uploads\/2024\/09\/42f3c55ecd941f3b379137fff0125cc9.webp","width":700,"height":373,"caption":"Tunisie : Fin de fonction pour deux directeurs r\u00e9gionaux de la justice"},{"@type":"BreadcrumbList","@id":"https:\/\/www.webdo.tn\/fr\/actualite\/national\/tunisie-fin-de-fonctios-pour-deux-directeurs-regionaux-de-la-justice\/216374\/#breadcrumb","itemListElement":[{"@type":"ListItem","position":1,"name":"Accueil","item":"https:\/\/www.webdo.tn\/fr\/"},{"@type":"ListItem","position":2,"name":"Tunisie : Fin de fonction pour deux directeurs r\u00e9gionaux de la justice"}]},{"@type":"WebSite","@id":"https:\/\/www.webdo.tn\/fr\/#website","url":"https:\/\/www.webdo.tn\/fr\/","name":"webdo","description":"Tunisie - News en Tunisie et \u00e0 l&#039;international sur Webdo.tn","publisher":{"@id":"https:\/\/www.webdo.tn\/fr\/#organization"},"potentialAction":[{"@type":"SearchAction","target":{"@type":"EntryPoint","urlTemplate":"https:\/\/www.webdo.tn\/fr\/?s={search_term_string}"},"query-input":{"@type":"PropertyValueSpecification","valueRequired":true,"valueName":"search_term_string"}}],"inLanguage":"fr-FR"},{"@type":"Organization","@id":"https:\/\/www.webdo.tn\/fr\/#organization","name":"Webdo","alternateName":"Webdo.tn","url":"https:\/\/www.webdo.tn\/fr\/","logo":{"@type":"ImageObject","inLanguage":"fr-FR","@id":"https:\/\/www.webdo.tn\/fr\/#\/schema\/logo\/image\/","url":"https:\/\/www.webdo.tn\/fr\/wp-content\/uploads\/2025\/06\/Webdo-Tunisie_168377.jpg","contentUrl":"https:\/\/www.webdo.tn\/fr\/wp-content\/uploads\/2025\/06\/Webdo-Tunisie_168377.jpg","width":301,"height":301,"caption":"Webdo"},"image":{"@id":"https:\/\/www.webdo.tn\/fr\/#\/schema\/logo\/image\/"},"sameAs":["https:\/\/www.facebook.com\/webdotn","https:\/\/x.com\/webdo_tn"],"description":"Webdo est un m\u00e9dia num\u00e9rique tunisien fond\u00e9 en 2010, sp\u00e9cialis\u00e9 dans l\u2019actualit\u00e9 nationale et internationale, l\u2019\u00e9conomie, la soci\u00e9t\u00e9 et les analyses politiques. Le site s\u2019adresse \u00e0 un large public francophone et couvre l\u2019information tunisienne en temps r\u00e9el.","email":"redac@webdo.tn","legalName":"YNJ SARL","foundingDate":"2010-09-06","numberOfEmployees":{"@type":"QuantitativeValue","minValue":"11","maxValue":"50"}},{"@type":"Person","@id":"https:\/\/www.webdo.tn\/fr\/#\/schema\/person\/b8a41c04d93287d375510db360906b34","name":"AZ","image":{"@type":"ImageObject","inLanguage":"fr-FR","@id":"https:\/\/secure.gravatar.com\/avatar\/492b80bada79439de4201dce15cd41eece6c277cfdf1b53382073c79105c1f89?s=96&d=mm&r=g","url":"https:\/\/secure.gravatar.com\/avatar\/492b80bada79439de4201dce15cd41eece6c277cfdf1b53382073c79105c1f89?s=96&d=mm&r=g","contentUrl":"https:\/\/secure.gravatar.com\/avatar\/492b80bada79439de4201dce15cd41eece6c277cfdf1b53382073c79105c1f89?s=96&d=mm&r=g","caption":"AZ"},"url":"https:\/\/www.webdo.tn\/fr\/actualite\/author\/az\/"}]}},"_links":{"self":[{"href":"https:\/\/www.webdo.tn\/fr\/wp-json\/wp\/v2\/posts\/216374","targetHints":{"allow":["GET"]}}],"collection":[{"href":"https:\/\/www.webdo.tn\/fr\/wp-json\/wp\/v2\/posts"}],"about":[{"href":"https:\/\/www.webdo.tn\/fr\/wp-json\/wp\/v2\/types\/post"}],"author":[{"embeddable":true,"href":"https:\/\/www.webdo.tn\/fr\/wp-json\/wp\/v2\/users\/3166"}],"replies":[{"embeddable":true,"href":"https:\/\/www.webdo.tn\/fr\/wp-json\/wp\/v2\/comments?post=216374"}],"version-history":[{"count":0,"href":"https:\/\/www.webdo.tn\/fr\/wp-json\/wp\/v2\/posts\/216374\/revisions"}],"wp:featuredmedia":[{"embeddable":true,"href":"https:\/\/www.webdo.tn\/fr\/wp-json\/wp\/v2\/media\/291071"}],"wp:attachment":[{"href":"https:\/\/www.webdo.tn\/fr\/wp-json\/wp\/v2\/media?parent=216374"}],"wp:term":[{"taxonomy":"category","embeddable":true,"href":"https:\/\/www.webdo.tn\/fr\/wp-json\/wp\/v2\/categories?post=216374"},{"taxonomy":"post_tag","embeddable":true,"href":"https:\/\/www.webdo.tn\/fr\/wp-json\/wp\/v2\/tags?post=216374"}],"curies":[{"name":"wp","href":"https:\/\/api.w.org\/{rel}","templated":true}]}}