{"id":216370,"date":"2024-09-13T19:28:00","date_gmt":"2024-09-13T19:28:00","guid":{"rendered":"https:\/\/www.webdo.tn\/fr\/blog\/mohamed-ali-nafti-recoit-le-coordinateur-resident-de-l-onu-en-tunisie\/216370\/"},"modified":"2025-05-21T09:06:48","modified_gmt":"2025-05-21T09:06:48","slug":"mohamed-ali-nafti-recoit-le-coordinateur-resident-de-l-onu-en-tunisie","status":"publish","type":"post","link":"https:\/\/www.webdo.tn\/fr\/actualite\/national\/mohamed-ali-nafti-recoit-le-coordinateur-resident-de-l-onu-en-tunisie\/216370\/","title":{"rendered":"Mohamed Ali Nafti re\u00e7oit le coordinateur r\u00e9sident de l&rsquo;ONU en Tunisie"},"content":{"rendered":"<p>Le ministre des Affaires \u00e9trang\u00e8res, de la Migration et des Tunisiens \u00e0 l\u2019\u00e9tranger, Mohamed Ali Nafti, a accueilli ce vendredi 13 septembre 2024, Arnaud Peral, coordinateur r\u00e9sident de l&rsquo;Organisation des Nations Unies en Tunisie. Ce dernier a profit\u00e9 de l\u2019occasion pour f\u00e9liciter le ministre \u00e0 l&rsquo;occasion de sa prise de fonctions.<\/p>\n<p>\t\t\t\t\t\t\t\t\tCette r\u00e9union a permis de r\u00e9affirmer les liens historiques entre la Tunisie et l\u2019ONU et de souligner l\u2019importance de renforcer la coop\u00e9ration bilat\u00e9rale. La Tunisie aspire \u00e0 jouer un r\u00f4le actif au sein des instances onusiennes pour r\u00e9pondre aux d\u00e9fis mondiaux et promouvoir une vision d&rsquo;un monde plus juste et durable.<\/p>\n<p>Cette rencontre intervient \u00e0 l\u2019approche de plusieurs \u00e9ch\u00e9ances internationales, notamment la participation de la Tunisie au Sommet du futur et \u00e0 la 79e session de l&rsquo;Assembl\u00e9e g\u00e9n\u00e9rale des Nations Unies.<\/p>\n","protected":false},"excerpt":{"rendered":"<p>Mohamed Ali Nafti, ministre des Affaires \u00e9trang\u00e8res de Tunisie, a rencontr\u00e9 Arnaud Peral, coordinateur r\u00e9sident de l&rsquo;ONU, pour renforcer la coop\u00e9ration en vue d&#8230;<\/p>\n","protected":false},"author":3166,"featured_media":291068,"comment_status":"open","ping_status":"closed","sticky":false,"template":"","format":"standard","meta":{"footnotes":""},"categories":[44],"tags":[10416,3296,2608],"class_list":["post-216370","post","type-post","status-publish","format-standard","has-post-thumbnail","hentry","category-national","tag-ministre-des-affaires-etrangeres-de-tunisie","tag-onu","tag-tunisie"],"yoast_head":"<!-- This site is optimized with the Yoast SEO Premium plugin v27.5 (Yoast SEO v27.5) - https:\/\/yoast.com\/product\/yoast-seo-premium-wordpress\/ -->\n<title>Mohamed Ali Nafti re\u00e7oit le coordinateur r\u00e9sident de l&#039;ONU en Tunisie<\/title>\n<meta name=\"description\" content=\"Mohamed Ali Nafti, ministre des Affaires \u00e9trang\u00e8res de Tunisie, a rencontr\u00e9 Arnaud Peral, coordinateur r\u00e9sident de l&#039;ONU, pour renforcer la coop\u00e9ration en vue d...\" \/>\n<link rel=\"canonical\" href=\"https:\/\/www.webdo.tn\/fr\/actualite\/national\/mohamed-ali-nafti-recoit-le-coordinateur-resident-de-l-onu-en-tunisie\/216370\/\" \/>\n<meta property=\"og:locale\" content=\"fr_FR\" \/>\n<meta property=\"og:type\" content=\"article\" \/>\n<meta property=\"og:title\" content=\"Mohamed Ali Nafti re\u00e7oit le coordinateur r\u00e9sident de l&#039;ONU en Tunisie\" \/>\n<meta property=\"og:description\" content=\"Mohamed Ali Nafti, ministre des Affaires \u00e9trang\u00e8res de Tunisie, a rencontr\u00e9 Arnaud Peral, coordinateur r\u00e9sident de l&#039;ONU, pour renforcer la coop\u00e9ration en vue d...\" \/>\n<meta property=\"og:url\" content=\"https:\/\/www.webdo.tn\/fr\/actualite\/national\/mohamed-ali-nafti-recoit-le-coordinateur-resident-de-l-onu-en-tunisie\/216370\/\" \/>\n<meta property=\"og:site_name\" content=\"webdo\" \/>\n<meta property=\"article:publisher\" content=\"https:\/\/www.facebook.com\/webdotn\" \/>\n<meta property=\"article:published_time\" content=\"2024-09-13T19:28:00+00:00\" \/>\n<meta property=\"article:modified_time\" content=\"2025-05-21T09:06:48+00:00\" \/>\n<meta property=\"og:image\" content=\"https:\/\/www.webdo.tn\/fr\/wp-content\/uploads\/2024\/09\/c312e6bff5db3f54626dd4590f6d2965.webp\" \/>\n\t<meta property=\"og:image:width\" content=\"750\" \/>\n\t<meta property=\"og:image:height\" content=\"400\" \/>\n\t<meta property=\"og:image:type\" content=\"image\/webp\" \/>\n<meta name=\"author\" content=\"AZ\" \/>\n<meta name=\"twitter:card\" content=\"summary_large_image\" \/>\n<meta name=\"twitter:creator\" content=\"@webdo_tn\" \/>\n<meta name=\"twitter:site\" content=\"@webdo_tn\" \/>\n<meta name=\"twitter:label1\" content=\"\u00c9crit par\" \/>\n\t<meta name=\"twitter:data1\" content=\"AZ\" \/>\n\t<meta name=\"twitter:label2\" content=\"Dur\u00e9e de lecture estim\u00e9e\" \/>\n\t<meta name=\"twitter:data2\" content=\"1 minute\" \/>\n<script type=\"application\/ld+json\" class=\"yoast-schema-graph\">{\"@context\":\"https:\\\/\\\/schema.org\",\"@graph\":[{\"@type\":\"NewsArticle\",\"@id\":\"https:\\\/\\\/www.webdo.tn\\\/fr\\\/actualite\\\/national\\\/mohamed-ali-nafti-recoit-le-coordinateur-resident-de-l-onu-en-tunisie\\\/216370\\\/#article\",\"isPartOf\":{\"@id\":\"https:\\\/\\\/www.webdo.tn\\\/fr\\\/actualite\\\/national\\\/mohamed-ali-nafti-recoit-le-coordinateur-resident-de-l-onu-en-tunisie\\\/216370\\\/\"},\"author\":{\"name\":\"AZ\",\"@id\":\"https:\\\/\\\/www.webdo.tn\\\/fr\\\/#\\\/schema\\\/person\\\/b8a41c04d93287d375510db360906b34\"},\"headline\":\"Mohamed Ali Nafti re\u00e7oit le coordinateur r\u00e9sident de l&rsquo;ONU en Tunisie\",\"datePublished\":\"2024-09-13T19:28:00+00:00\",\"dateModified\":\"2025-05-21T09:06:48+00:00\",\"mainEntityOfPage\":{\"@id\":\"https:\\\/\\\/www.webdo.tn\\\/fr\\\/actualite\\\/national\\\/mohamed-ali-nafti-recoit-le-coordinateur-resident-de-l-onu-en-tunisie\\\/216370\\\/\"},\"wordCount\":162,\"commentCount\":0,\"publisher\":{\"@id\":\"https:\\\/\\\/www.webdo.tn\\\/fr\\\/#organization\"},\"image\":{\"@id\":\"https:\\\/\\\/www.webdo.tn\\\/fr\\\/actualite\\\/national\\\/mohamed-ali-nafti-recoit-le-coordinateur-resident-de-l-onu-en-tunisie\\\/216370\\\/#primaryimage\"},\"thumbnailUrl\":\"https:\\\/\\\/www.webdo.tn\\\/fr\\\/wp-content\\\/uploads\\\/2024\\\/09\\\/c312e6bff5db3f54626dd4590f6d2965.webp\",\"keywords\":[\"'ministre des Affaires \u00e9trang\u00e8res de Tunisie']\",\"ONU\",\"Tunisie\"],\"articleSection\":[\"National\"],\"inLanguage\":\"fr-FR\"},{\"@type\":\"WebPage\",\"@id\":\"https:\\\/\\\/www.webdo.tn\\\/fr\\\/actualite\\\/national\\\/mohamed-ali-nafti-recoit-le-coordinateur-resident-de-l-onu-en-tunisie\\\/216370\\\/\",\"url\":\"https:\\\/\\\/www.webdo.tn\\\/fr\\\/actualite\\\/national\\\/mohamed-ali-nafti-recoit-le-coordinateur-resident-de-l-onu-en-tunisie\\\/216370\\\/\",\"name\":\"Mohamed Ali Nafti re\u00e7oit le coordinateur r\u00e9sident de l'ONU en Tunisie\",\"isPartOf\":{\"@id\":\"https:\\\/\\\/www.webdo.tn\\\/fr\\\/#website\"},\"primaryImageOfPage\":{\"@id\":\"https:\\\/\\\/www.webdo.tn\\\/fr\\\/actualite\\\/national\\\/mohamed-ali-nafti-recoit-le-coordinateur-resident-de-l-onu-en-tunisie\\\/216370\\\/#primaryimage\"},\"image\":{\"@id\":\"https:\\\/\\\/www.webdo.tn\\\/fr\\\/actualite\\\/national\\\/mohamed-ali-nafti-recoit-le-coordinateur-resident-de-l-onu-en-tunisie\\\/216370\\\/#primaryimage\"},\"thumbnailUrl\":\"https:\\\/\\\/www.webdo.tn\\\/fr\\\/wp-content\\\/uploads\\\/2024\\\/09\\\/c312e6bff5db3f54626dd4590f6d2965.webp\",\"datePublished\":\"2024-09-13T19:28:00+00:00\",\"dateModified\":\"2025-05-21T09:06:48+00:00\",\"description\":\"Mohamed Ali Nafti, ministre des Affaires \u00e9trang\u00e8res de Tunisie, a rencontr\u00e9 Arnaud Peral, coordinateur r\u00e9sident de l'ONU, pour renforcer la coop\u00e9ration en vue d...\",\"breadcrumb\":{\"@id\":\"https:\\\/\\\/www.webdo.tn\\\/fr\\\/actualite\\\/national\\\/mohamed-ali-nafti-recoit-le-coordinateur-resident-de-l-onu-en-tunisie\\\/216370\\\/#breadcrumb\"},\"inLanguage\":\"fr-FR\",\"potentialAction\":[{\"@type\":\"ReadAction\",\"target\":[\"https:\\\/\\\/www.webdo.tn\\\/fr\\\/actualite\\\/national\\\/mohamed-ali-nafti-recoit-le-coordinateur-resident-de-l-onu-en-tunisie\\\/216370\\\/\"]}]},{\"@type\":\"ImageObject\",\"inLanguage\":\"fr-FR\",\"@id\":\"https:\\\/\\\/www.webdo.tn\\\/fr\\\/actualite\\\/national\\\/mohamed-ali-nafti-recoit-le-coordinateur-resident-de-l-onu-en-tunisie\\\/216370\\\/#primaryimage\",\"url\":\"https:\\\/\\\/www.webdo.tn\\\/fr\\\/wp-content\\\/uploads\\\/2024\\\/09\\\/c312e6bff5db3f54626dd4590f6d2965.webp\",\"contentUrl\":\"https:\\\/\\\/www.webdo.tn\\\/fr\\\/wp-content\\\/uploads\\\/2024\\\/09\\\/c312e6bff5db3f54626dd4590f6d2965.webp\",\"width\":750,\"height\":400,\"caption\":\"Mohamed Ali Nafti re\u00e7oit le coordinateur r\u00e9sident de l'ONU en Tunisie\"},{\"@type\":\"BreadcrumbList\",\"@id\":\"https:\\\/\\\/www.webdo.tn\\\/fr\\\/actualite\\\/national\\\/mohamed-ali-nafti-recoit-le-coordinateur-resident-de-l-onu-en-tunisie\\\/216370\\\/#breadcrumb\",\"itemListElement\":[{\"@type\":\"ListItem\",\"position\":1,\"name\":\"Accueil\",\"item\":\"https:\\\/\\\/www.webdo.tn\\\/fr\\\/\"},{\"@type\":\"ListItem\",\"position\":2,\"name\":\"Mohamed Ali Nafti re\u00e7oit le coordinateur r\u00e9sident de l&rsquo;ONU en Tunisie\"}]},{\"@type\":\"WebSite\",\"@id\":\"https:\\\/\\\/www.webdo.tn\\\/fr\\\/#website\",\"url\":\"https:\\\/\\\/www.webdo.tn\\\/fr\\\/\",\"name\":\"webdo\",\"description\":\"Tunisie - News en Tunisie et \u00e0 l&#039;international sur Webdo.tn\",\"publisher\":{\"@id\":\"https:\\\/\\\/www.webdo.tn\\\/fr\\\/#organization\"},\"potentialAction\":[{\"@type\":\"SearchAction\",\"target\":{\"@type\":\"EntryPoint\",\"urlTemplate\":\"https:\\\/\\\/www.webdo.tn\\\/fr\\\/?s={search_term_string}\"},\"query-input\":{\"@type\":\"PropertyValueSpecification\",\"valueRequired\":true,\"valueName\":\"search_term_string\"}}],\"inLanguage\":\"fr-FR\"},{\"@type\":\"Organization\",\"@id\":\"https:\\\/\\\/www.webdo.tn\\\/fr\\\/#organization\",\"name\":\"Webdo\",\"alternateName\":\"Webdo.tn\",\"url\":\"https:\\\/\\\/www.webdo.tn\\\/fr\\\/\",\"logo\":{\"@type\":\"ImageObject\",\"inLanguage\":\"fr-FR\",\"@id\":\"https:\\\/\\\/www.webdo.tn\\\/fr\\\/#\\\/schema\\\/logo\\\/image\\\/\",\"url\":\"https:\\\/\\\/www.webdo.tn\\\/fr\\\/wp-content\\\/uploads\\\/2025\\\/06\\\/Webdo-Tunisie_168377.jpg\",\"contentUrl\":\"https:\\\/\\\/www.webdo.tn\\\/fr\\\/wp-content\\\/uploads\\\/2025\\\/06\\\/Webdo-Tunisie_168377.jpg\",\"width\":301,\"height\":301,\"caption\":\"Webdo\"},\"image\":{\"@id\":\"https:\\\/\\\/www.webdo.tn\\\/fr\\\/#\\\/schema\\\/logo\\\/image\\\/\"},\"sameAs\":[\"https:\\\/\\\/www.facebook.com\\\/webdotn\",\"https:\\\/\\\/x.com\\\/webdo_tn\"],\"description\":\"Webdo est un m\u00e9dia num\u00e9rique tunisien fond\u00e9 en 2010, sp\u00e9cialis\u00e9 dans l\u2019actualit\u00e9 nationale et internationale, l\u2019\u00e9conomie, la soci\u00e9t\u00e9 et les analyses politiques. Le site s\u2019adresse \u00e0 un large public francophone et couvre l\u2019information tunisienne en temps r\u00e9el.\",\"email\":\"redac@webdo.tn\",\"legalName\":\"YNJ SARL\",\"foundingDate\":\"2010-09-06\",\"numberOfEmployees\":{\"@type\":\"QuantitativeValue\",\"minValue\":\"11\",\"maxValue\":\"50\"}},{\"@type\":\"Person\",\"@id\":\"https:\\\/\\\/www.webdo.tn\\\/fr\\\/#\\\/schema\\\/person\\\/b8a41c04d93287d375510db360906b34\",\"name\":\"AZ\",\"image\":{\"@type\":\"ImageObject\",\"inLanguage\":\"fr-FR\",\"@id\":\"https:\\\/\\\/secure.gravatar.com\\\/avatar\\\/492b80bada79439de4201dce15cd41eece6c277cfdf1b53382073c79105c1f89?s=96&d=mm&r=g\",\"url\":\"https:\\\/\\\/secure.gravatar.com\\\/avatar\\\/492b80bada79439de4201dce15cd41eece6c277cfdf1b53382073c79105c1f89?s=96&d=mm&r=g\",\"contentUrl\":\"https:\\\/\\\/secure.gravatar.com\\\/avatar\\\/492b80bada79439de4201dce15cd41eece6c277cfdf1b53382073c79105c1f89?s=96&d=mm&r=g\",\"caption\":\"AZ\"},\"url\":\"https:\\\/\\\/www.webdo.tn\\\/fr\\\/actualite\\\/author\\\/az\\\/\"}]}<\/script>\n<!-- \/ Yoast SEO Premium plugin. -->","yoast_head_json":{"title":"Mohamed Ali Nafti re\u00e7oit le coordinateur r\u00e9sident de l'ONU en Tunisie","description":"Mohamed Ali Nafti, ministre des Affaires \u00e9trang\u00e8res de Tunisie, a rencontr\u00e9 Arnaud Peral, coordinateur r\u00e9sident de l'ONU, pour renforcer la coop\u00e9ration en vue d...","canonical":"https:\/\/www.webdo.tn\/fr\/actualite\/national\/mohamed-ali-nafti-recoit-le-coordinateur-resident-de-l-onu-en-tunisie\/216370\/","og_locale":"fr_FR","og_type":"article","og_title":"Mohamed Ali Nafti re\u00e7oit le coordinateur r\u00e9sident de l'ONU en Tunisie","og_description":"Mohamed Ali Nafti, ministre des Affaires \u00e9trang\u00e8res de Tunisie, a rencontr\u00e9 Arnaud Peral, coordinateur r\u00e9sident de l'ONU, pour renforcer la coop\u00e9ration en vue d...","og_url":"https:\/\/www.webdo.tn\/fr\/actualite\/national\/mohamed-ali-nafti-recoit-le-coordinateur-resident-de-l-onu-en-tunisie\/216370\/","og_site_name":"webdo","article_publisher":"https:\/\/www.facebook.com\/webdotn","article_published_time":"2024-09-13T19:28:00+00:00","article_modified_time":"2025-05-21T09:06:48+00:00","og_image":[{"width":750,"height":400,"url":"https:\/\/www.webdo.tn\/fr\/wp-content\/uploads\/2024\/09\/c312e6bff5db3f54626dd4590f6d2965.webp","type":"image\/webp"}],"author":"AZ","twitter_card":"summary_large_image","twitter_creator":"@webdo_tn","twitter_site":"@webdo_tn","twitter_misc":{"\u00c9crit par":"AZ","Dur\u00e9e de lecture estim\u00e9e":"1 minute"},"schema":{"@context":"https:\/\/schema.org","@graph":[{"@type":"NewsArticle","@id":"https:\/\/www.webdo.tn\/fr\/actualite\/national\/mohamed-ali-nafti-recoit-le-coordinateur-resident-de-l-onu-en-tunisie\/216370\/#article","isPartOf":{"@id":"https:\/\/www.webdo.tn\/fr\/actualite\/national\/mohamed-ali-nafti-recoit-le-coordinateur-resident-de-l-onu-en-tunisie\/216370\/"},"author":{"name":"AZ","@id":"https:\/\/www.webdo.tn\/fr\/#\/schema\/person\/b8a41c04d93287d375510db360906b34"},"headline":"Mohamed Ali Nafti re\u00e7oit le coordinateur r\u00e9sident de l&rsquo;ONU en Tunisie","datePublished":"2024-09-13T19:28:00+00:00","dateModified":"2025-05-21T09:06:48+00:00","mainEntityOfPage":{"@id":"https:\/\/www.webdo.tn\/fr\/actualite\/national\/mohamed-ali-nafti-recoit-le-coordinateur-resident-de-l-onu-en-tunisie\/216370\/"},"wordCount":162,"commentCount":0,"publisher":{"@id":"https:\/\/www.webdo.tn\/fr\/#organization"},"image":{"@id":"https:\/\/www.webdo.tn\/fr\/actualite\/national\/mohamed-ali-nafti-recoit-le-coordinateur-resident-de-l-onu-en-tunisie\/216370\/#primaryimage"},"thumbnailUrl":"https:\/\/www.webdo.tn\/fr\/wp-content\/uploads\/2024\/09\/c312e6bff5db3f54626dd4590f6d2965.webp","keywords":["'ministre des Affaires \u00e9trang\u00e8res de Tunisie']","ONU","Tunisie"],"articleSection":["National"],"inLanguage":"fr-FR"},{"@type":"WebPage","@id":"https:\/\/www.webdo.tn\/fr\/actualite\/national\/mohamed-ali-nafti-recoit-le-coordinateur-resident-de-l-onu-en-tunisie\/216370\/","url":"https:\/\/www.webdo.tn\/fr\/actualite\/national\/mohamed-ali-nafti-recoit-le-coordinateur-resident-de-l-onu-en-tunisie\/216370\/","name":"Mohamed Ali Nafti re\u00e7oit le coordinateur r\u00e9sident de l'ONU en Tunisie","isPartOf":{"@id":"https:\/\/www.webdo.tn\/fr\/#website"},"primaryImageOfPage":{"@id":"https:\/\/www.webdo.tn\/fr\/actualite\/national\/mohamed-ali-nafti-recoit-le-coordinateur-resident-de-l-onu-en-tunisie\/216370\/#primaryimage"},"image":{"@id":"https:\/\/www.webdo.tn\/fr\/actualite\/national\/mohamed-ali-nafti-recoit-le-coordinateur-resident-de-l-onu-en-tunisie\/216370\/#primaryimage"},"thumbnailUrl":"https:\/\/www.webdo.tn\/fr\/wp-content\/uploads\/2024\/09\/c312e6bff5db3f54626dd4590f6d2965.webp","datePublished":"2024-09-13T19:28:00+00:00","dateModified":"2025-05-21T09:06:48+00:00","description":"Mohamed Ali Nafti, ministre des Affaires \u00e9trang\u00e8res de Tunisie, a rencontr\u00e9 Arnaud Peral, coordinateur r\u00e9sident de l'ONU, pour renforcer la coop\u00e9ration en vue d...","breadcrumb":{"@id":"https:\/\/www.webdo.tn\/fr\/actualite\/national\/mohamed-ali-nafti-recoit-le-coordinateur-resident-de-l-onu-en-tunisie\/216370\/#breadcrumb"},"inLanguage":"fr-FR","potentialAction":[{"@type":"ReadAction","target":["https:\/\/www.webdo.tn\/fr\/actualite\/national\/mohamed-ali-nafti-recoit-le-coordinateur-resident-de-l-onu-en-tunisie\/216370\/"]}]},{"@type":"ImageObject","inLanguage":"fr-FR","@id":"https:\/\/www.webdo.tn\/fr\/actualite\/national\/mohamed-ali-nafti-recoit-le-coordinateur-resident-de-l-onu-en-tunisie\/216370\/#primaryimage","url":"https:\/\/www.webdo.tn\/fr\/wp-content\/uploads\/2024\/09\/c312e6bff5db3f54626dd4590f6d2965.webp","contentUrl":"https:\/\/www.webdo.tn\/fr\/wp-content\/uploads\/2024\/09\/c312e6bff5db3f54626dd4590f6d2965.webp","width":750,"height":400,"caption":"Mohamed Ali Nafti re\u00e7oit le coordinateur r\u00e9sident de l'ONU en Tunisie"},{"@type":"BreadcrumbList","@id":"https:\/\/www.webdo.tn\/fr\/actualite\/national\/mohamed-ali-nafti-recoit-le-coordinateur-resident-de-l-onu-en-tunisie\/216370\/#breadcrumb","itemListElement":[{"@type":"ListItem","position":1,"name":"Accueil","item":"https:\/\/www.webdo.tn\/fr\/"},{"@type":"ListItem","position":2,"name":"Mohamed Ali Nafti re\u00e7oit le coordinateur r\u00e9sident de l&rsquo;ONU en Tunisie"}]},{"@type":"WebSite","@id":"https:\/\/www.webdo.tn\/fr\/#website","url":"https:\/\/www.webdo.tn\/fr\/","name":"webdo","description":"Tunisie - News en Tunisie et \u00e0 l&#039;international sur Webdo.tn","publisher":{"@id":"https:\/\/www.webdo.tn\/fr\/#organization"},"potentialAction":[{"@type":"SearchAction","target":{"@type":"EntryPoint","urlTemplate":"https:\/\/www.webdo.tn\/fr\/?s={search_term_string}"},"query-input":{"@type":"PropertyValueSpecification","valueRequired":true,"valueName":"search_term_string"}}],"inLanguage":"fr-FR"},{"@type":"Organization","@id":"https:\/\/www.webdo.tn\/fr\/#organization","name":"Webdo","alternateName":"Webdo.tn","url":"https:\/\/www.webdo.tn\/fr\/","logo":{"@type":"ImageObject","inLanguage":"fr-FR","@id":"https:\/\/www.webdo.tn\/fr\/#\/schema\/logo\/image\/","url":"https:\/\/www.webdo.tn\/fr\/wp-content\/uploads\/2025\/06\/Webdo-Tunisie_168377.jpg","contentUrl":"https:\/\/www.webdo.tn\/fr\/wp-content\/uploads\/2025\/06\/Webdo-Tunisie_168377.jpg","width":301,"height":301,"caption":"Webdo"},"image":{"@id":"https:\/\/www.webdo.tn\/fr\/#\/schema\/logo\/image\/"},"sameAs":["https:\/\/www.facebook.com\/webdotn","https:\/\/x.com\/webdo_tn"],"description":"Webdo est un m\u00e9dia num\u00e9rique tunisien fond\u00e9 en 2010, sp\u00e9cialis\u00e9 dans l\u2019actualit\u00e9 nationale et internationale, l\u2019\u00e9conomie, la soci\u00e9t\u00e9 et les analyses politiques. Le site s\u2019adresse \u00e0 un large public francophone et couvre l\u2019information tunisienne en temps r\u00e9el.","email":"redac@webdo.tn","legalName":"YNJ SARL","foundingDate":"2010-09-06","numberOfEmployees":{"@type":"QuantitativeValue","minValue":"11","maxValue":"50"}},{"@type":"Person","@id":"https:\/\/www.webdo.tn\/fr\/#\/schema\/person\/b8a41c04d93287d375510db360906b34","name":"AZ","image":{"@type":"ImageObject","inLanguage":"fr-FR","@id":"https:\/\/secure.gravatar.com\/avatar\/492b80bada79439de4201dce15cd41eece6c277cfdf1b53382073c79105c1f89?s=96&d=mm&r=g","url":"https:\/\/secure.gravatar.com\/avatar\/492b80bada79439de4201dce15cd41eece6c277cfdf1b53382073c79105c1f89?s=96&d=mm&r=g","contentUrl":"https:\/\/secure.gravatar.com\/avatar\/492b80bada79439de4201dce15cd41eece6c277cfdf1b53382073c79105c1f89?s=96&d=mm&r=g","caption":"AZ"},"url":"https:\/\/www.webdo.tn\/fr\/actualite\/author\/az\/"}]}},"_links":{"self":[{"href":"https:\/\/www.webdo.tn\/fr\/wp-json\/wp\/v2\/posts\/216370","targetHints":{"allow":["GET"]}}],"collection":[{"href":"https:\/\/www.webdo.tn\/fr\/wp-json\/wp\/v2\/posts"}],"about":[{"href":"https:\/\/www.webdo.tn\/fr\/wp-json\/wp\/v2\/types\/post"}],"author":[{"embeddable":true,"href":"https:\/\/www.webdo.tn\/fr\/wp-json\/wp\/v2\/users\/3166"}],"replies":[{"embeddable":true,"href":"https:\/\/www.webdo.tn\/fr\/wp-json\/wp\/v2\/comments?post=216370"}],"version-history":[{"count":0,"href":"https:\/\/www.webdo.tn\/fr\/wp-json\/wp\/v2\/posts\/216370\/revisions"}],"wp:featuredmedia":[{"embeddable":true,"href":"https:\/\/www.webdo.tn\/fr\/wp-json\/wp\/v2\/media\/291068"}],"wp:attachment":[{"href":"https:\/\/www.webdo.tn\/fr\/wp-json\/wp\/v2\/media?parent=216370"}],"wp:term":[{"taxonomy":"category","embeddable":true,"href":"https:\/\/www.webdo.tn\/fr\/wp-json\/wp\/v2\/categories?post=216370"},{"taxonomy":"post_tag","embeddable":true,"href":"https:\/\/www.webdo.tn\/fr\/wp-json\/wp\/v2\/tags?post=216370"}],"curies":[{"name":"wp","href":"https:\/\/api.w.org\/{rel}","templated":true}]}}