{"id":216367,"date":"2024-09-13T15:22:00","date_gmt":"2024-09-13T15:22:00","guid":{"rendered":"https:\/\/www.webdo.tn\/fr\/blog\/tunisie-un-batiment-administratif-orne-d-un-drapeau-turc-10-accuses\/216367\/"},"modified":"2025-05-20T22:14:13","modified_gmt":"2025-05-20T22:14:13","slug":"tunisie-un-batiment-administratif-orne-d-un-drapeau-turc-10-accuses","status":"publish","type":"post","link":"https:\/\/www.webdo.tn\/fr\/actualite\/national\/tunisie-un-batiment-administratif-orne-d-un-drapeau-turc-10-accuses\/216367\/","title":{"rendered":"Tunisie : Un b\u00e2timent administratif orn\u00e9 d\u2019un drapeau turc, 10 accus\u00e9s"},"content":{"rendered":"<p>L\u2019incident du drapeau turc flottant sur un b\u00e2timent de la SNCFT a d\u00e9coul\u00e9 sur une enqu\u00eate officielle qui a conduit \u00e0 quatre mises en garde \u00e0 vue alors que six autres personnes sont \u00e9galement poursuivies.<\/p>\n<p>\t\t\t\t\t\t\t\t\tLe minist\u00e8re public du tribunal de premi\u00e8re instance de Tunis a ordonn\u00e9, aujourd\u2019hui, le renvoi de dix personnes devant le tribunal de premi\u00e8re instance de Tunis suite \u00e0 l&rsquo;incident du drapeau turc sur un b\u00e2timent administratif public en l\u2019occurrence celui de la Soci\u00e9t\u00e9 nationale des chemins de fer tunisiens (SNCFT).<\/p>\n<p>Au total, dix personnes seront traduites devant la justice. Quatre personnes sont actuellement en d\u00e9tention apr\u00e8s leur placement en garde \u00e0 vue mercredi 11 septembre et six sont en libert\u00e9 provisoire. Parmi les personnes inculp\u00e9es figurent un sp\u00e9cialiste en fabrication de drapeaux et une de ses proches. Elles sont toutes poursuivies pour violation du drapeau tunisien conform\u00e9ment \u00e0 l&rsquo;article 129 du Code p\u00e9nal.<\/p>\n<p>Mardi dernier, un citoyen a d\u00e9couvert un drapeau turc flottant sur un b\u00e2timent de la SNCFT \u00e0 Tunis. La vid\u00e9o de cette d\u00e9couverte, publi\u00e9e sur les r\u00e9seaux sociaux, a rapidement attir\u00e9 l&rsquo;attention du public et des autorit\u00e9s, provoquant l&rsquo;ouverture d&rsquo;une enqu\u00eate officielle confi\u00e9e \u00e0 la direction des affaires criminelles de Gorjani.<\/p>\n<p>Dans un communiqu\u00e9 d&rsquo;excuses, la SNCFT a expliqu\u00e9 que l&rsquo;incident \u00e9tait d\u00fb \u00e0 une erreur lors du renouvellement des drapeaux de ses b\u00e2timents. Un drapeau \u00e9tranger, similaire au drapeau tunisien, se serait gliss\u00e9 par inadvertance dans une commande r\u00e9cente. L&rsquo;erreur n&rsquo;aurait \u00e9t\u00e9 remarqu\u00e9e qu&rsquo;apr\u00e8s que le drapeau ait \u00e9t\u00e9 hiss\u00e9 sur le b\u00e2timent de l&rsquo;administration centrale.<\/p>\n<p>La direction de la SNCFT a assur\u00e9 avoir imm\u00e9diatement remplac\u00e9 le drapeau erron\u00e9 par le drapeau national. Elle a \u00e9galement annonc\u00e9 l&rsquo;ouverture d&rsquo;une enqu\u00eate interne, avec l&rsquo;autorisation du ministre des Transports, pour d\u00e9terminer les responsabilit\u00e9s et prendre les mesures administratives n\u00e9cessaires.<\/p>\n","protected":false},"excerpt":{"rendered":"<p>Le minist\u00e8re public du tribunal de premi\u00e8re instance de Tunis a ordonn\u00e9, aujourd\u2019hui, le renvoi de dix personnes devant le tribunal de premi\u00e8re instance de Tuni&#8230;<\/p>\n","protected":false},"author":3162,"featured_media":291066,"comment_status":"open","ping_status":"closed","sticky":false,"template":"","format":"standard","meta":{"footnotes":""},"categories":[44],"tags":[10415,3732,4184,2608,3825],"class_list":["post-216367","post","type-post","status-publish","format-standard","has-post-thumbnail","hentry","category-national","tag-drapeau-turc","tag-drapeau","tag-sncft","tag-tunisie","tag-video"],"yoast_head":"<!-- This site is optimized with the Yoast SEO Premium plugin v27.5 (Yoast SEO v27.5) - https:\/\/yoast.com\/product\/yoast-seo-premium-wordpress\/ -->\n<title>Tunisie : Un b\u00e2timent administratif orn\u00e9 d\u2019un drapeau turc, 10 accus\u00e9s<\/title>\n<meta name=\"description\" content=\"Le minist\u00e8re public du tribunal de premi\u00e8re instance de Tunis a ordonn\u00e9, aujourd\u2019hui, le renvoi de dix personnes devant le tribunal de premi\u00e8re instance de Tuni...\" \/>\n<link rel=\"canonical\" href=\"https:\/\/www.webdo.tn\/fr\/actualite\/national\/tunisie-un-batiment-administratif-orne-d-un-drapeau-turc-10-accuses\/216367\/\" \/>\n<meta property=\"og:locale\" content=\"fr_FR\" \/>\n<meta property=\"og:type\" content=\"article\" \/>\n<meta property=\"og:title\" content=\"Tunisie : Un b\u00e2timent administratif orn\u00e9 d\u2019un drapeau turc, 10 accus\u00e9s\" \/>\n<meta property=\"og:description\" content=\"Le minist\u00e8re public du tribunal de premi\u00e8re instance de Tunis a ordonn\u00e9, aujourd\u2019hui, le renvoi de dix personnes devant le tribunal de premi\u00e8re instance de Tuni...\" \/>\n<meta property=\"og:url\" content=\"https:\/\/www.webdo.tn\/fr\/actualite\/national\/tunisie-un-batiment-administratif-orne-d-un-drapeau-turc-10-accuses\/216367\/\" \/>\n<meta property=\"og:site_name\" content=\"webdo\" \/>\n<meta property=\"article:publisher\" content=\"https:\/\/www.facebook.com\/webdotn\" \/>\n<meta property=\"article:published_time\" content=\"2024-09-13T15:22:00+00:00\" \/>\n<meta property=\"article:modified_time\" content=\"2025-05-20T22:14:13+00:00\" \/>\n<meta property=\"og:image\" content=\"https:\/\/www.webdo.tn\/fr\/wp-content\/uploads\/2024\/09\/e3122d4ba3ad7c1384e1231fe6680173.webp\" \/>\n\t<meta property=\"og:image:width\" content=\"750\" \/>\n\t<meta property=\"og:image:height\" content=\"400\" \/>\n\t<meta property=\"og:image:type\" content=\"image\/webp\" \/>\n<meta name=\"author\" content=\"MC\" \/>\n<meta name=\"twitter:card\" content=\"summary_large_image\" \/>\n<meta name=\"twitter:creator\" content=\"@webdo_tn\" \/>\n<meta name=\"twitter:site\" content=\"@webdo_tn\" \/>\n<meta name=\"twitter:label1\" content=\"\u00c9crit par\" \/>\n\t<meta name=\"twitter:data1\" content=\"MC\" \/>\n\t<meta name=\"twitter:label2\" content=\"Dur\u00e9e de lecture estim\u00e9e\" \/>\n\t<meta name=\"twitter:data2\" content=\"2 minutes\" \/>\n<script type=\"application\/ld+json\" class=\"yoast-schema-graph\">{\"@context\":\"https:\\\/\\\/schema.org\",\"@graph\":[{\"@type\":\"NewsArticle\",\"@id\":\"https:\\\/\\\/www.webdo.tn\\\/fr\\\/actualite\\\/national\\\/tunisie-un-batiment-administratif-orne-d-un-drapeau-turc-10-accuses\\\/216367\\\/#article\",\"isPartOf\":{\"@id\":\"https:\\\/\\\/www.webdo.tn\\\/fr\\\/actualite\\\/national\\\/tunisie-un-batiment-administratif-orne-d-un-drapeau-turc-10-accuses\\\/216367\\\/\"},\"author\":{\"name\":\"MC\",\"@id\":\"https:\\\/\\\/www.webdo.tn\\\/fr\\\/#\\\/schema\\\/person\\\/2c4929cbf5a809e3bd38617c6ce150f6\"},\"headline\":\"Tunisie : Un b\u00e2timent administratif orn\u00e9 d\u2019un drapeau turc, 10 accus\u00e9s\",\"datePublished\":\"2024-09-13T15:22:00+00:00\",\"dateModified\":\"2025-05-20T22:14:13+00:00\",\"mainEntityOfPage\":{\"@id\":\"https:\\\/\\\/www.webdo.tn\\\/fr\\\/actualite\\\/national\\\/tunisie-un-batiment-administratif-orne-d-un-drapeau-turc-10-accuses\\\/216367\\\/\"},\"wordCount\":348,\"commentCount\":0,\"publisher\":{\"@id\":\"https:\\\/\\\/www.webdo.tn\\\/fr\\\/#organization\"},\"image\":{\"@id\":\"https:\\\/\\\/www.webdo.tn\\\/fr\\\/actualite\\\/national\\\/tunisie-un-batiment-administratif-orne-d-un-drapeau-turc-10-accuses\\\/216367\\\/#primaryimage\"},\"thumbnailUrl\":\"https:\\\/\\\/www.webdo.tn\\\/fr\\\/wp-content\\\/uploads\\\/2024\\\/09\\\/e3122d4ba3ad7c1384e1231fe6680173.webp\",\"keywords\":[\"'drapeau turc']\",\"drapeau\",\"SNCFT\",\"Tunisie\",\"Vid\u00e9o\"],\"articleSection\":[\"National\"],\"inLanguage\":\"fr-FR\"},{\"@type\":\"WebPage\",\"@id\":\"https:\\\/\\\/www.webdo.tn\\\/fr\\\/actualite\\\/national\\\/tunisie-un-batiment-administratif-orne-d-un-drapeau-turc-10-accuses\\\/216367\\\/\",\"url\":\"https:\\\/\\\/www.webdo.tn\\\/fr\\\/actualite\\\/national\\\/tunisie-un-batiment-administratif-orne-d-un-drapeau-turc-10-accuses\\\/216367\\\/\",\"name\":\"Tunisie : Un b\u00e2timent administratif orn\u00e9 d\u2019un drapeau turc, 10 accus\u00e9s\",\"isPartOf\":{\"@id\":\"https:\\\/\\\/www.webdo.tn\\\/fr\\\/#website\"},\"primaryImageOfPage\":{\"@id\":\"https:\\\/\\\/www.webdo.tn\\\/fr\\\/actualite\\\/national\\\/tunisie-un-batiment-administratif-orne-d-un-drapeau-turc-10-accuses\\\/216367\\\/#primaryimage\"},\"image\":{\"@id\":\"https:\\\/\\\/www.webdo.tn\\\/fr\\\/actualite\\\/national\\\/tunisie-un-batiment-administratif-orne-d-un-drapeau-turc-10-accuses\\\/216367\\\/#primaryimage\"},\"thumbnailUrl\":\"https:\\\/\\\/www.webdo.tn\\\/fr\\\/wp-content\\\/uploads\\\/2024\\\/09\\\/e3122d4ba3ad7c1384e1231fe6680173.webp\",\"datePublished\":\"2024-09-13T15:22:00+00:00\",\"dateModified\":\"2025-05-20T22:14:13+00:00\",\"description\":\"Le minist\u00e8re public du tribunal de premi\u00e8re instance de Tunis a ordonn\u00e9, aujourd\u2019hui, le renvoi de dix personnes devant le tribunal de premi\u00e8re instance de Tuni...\",\"breadcrumb\":{\"@id\":\"https:\\\/\\\/www.webdo.tn\\\/fr\\\/actualite\\\/national\\\/tunisie-un-batiment-administratif-orne-d-un-drapeau-turc-10-accuses\\\/216367\\\/#breadcrumb\"},\"inLanguage\":\"fr-FR\",\"potentialAction\":[{\"@type\":\"ReadAction\",\"target\":[\"https:\\\/\\\/www.webdo.tn\\\/fr\\\/actualite\\\/national\\\/tunisie-un-batiment-administratif-orne-d-un-drapeau-turc-10-accuses\\\/216367\\\/\"]}]},{\"@type\":\"ImageObject\",\"inLanguage\":\"fr-FR\",\"@id\":\"https:\\\/\\\/www.webdo.tn\\\/fr\\\/actualite\\\/national\\\/tunisie-un-batiment-administratif-orne-d-un-drapeau-turc-10-accuses\\\/216367\\\/#primaryimage\",\"url\":\"https:\\\/\\\/www.webdo.tn\\\/fr\\\/wp-content\\\/uploads\\\/2024\\\/09\\\/e3122d4ba3ad7c1384e1231fe6680173.webp\",\"contentUrl\":\"https:\\\/\\\/www.webdo.tn\\\/fr\\\/wp-content\\\/uploads\\\/2024\\\/09\\\/e3122d4ba3ad7c1384e1231fe6680173.webp\",\"width\":750,\"height\":400,\"caption\":\"Tunisie : Un b\u00e2timent administratif orn\u00e9 d\u2019un drapeau turc, 10 accus\u00e9s\"},{\"@type\":\"BreadcrumbList\",\"@id\":\"https:\\\/\\\/www.webdo.tn\\\/fr\\\/actualite\\\/national\\\/tunisie-un-batiment-administratif-orne-d-un-drapeau-turc-10-accuses\\\/216367\\\/#breadcrumb\",\"itemListElement\":[{\"@type\":\"ListItem\",\"position\":1,\"name\":\"Accueil\",\"item\":\"https:\\\/\\\/www.webdo.tn\\\/fr\\\/\"},{\"@type\":\"ListItem\",\"position\":2,\"name\":\"Tunisie : Un b\u00e2timent administratif orn\u00e9 d\u2019un drapeau turc, 10 accus\u00e9s\"}]},{\"@type\":\"WebSite\",\"@id\":\"https:\\\/\\\/www.webdo.tn\\\/fr\\\/#website\",\"url\":\"https:\\\/\\\/www.webdo.tn\\\/fr\\\/\",\"name\":\"webdo\",\"description\":\"Tunisie - News en Tunisie et \u00e0 l&#039;international sur Webdo.tn\",\"publisher\":{\"@id\":\"https:\\\/\\\/www.webdo.tn\\\/fr\\\/#organization\"},\"potentialAction\":[{\"@type\":\"SearchAction\",\"target\":{\"@type\":\"EntryPoint\",\"urlTemplate\":\"https:\\\/\\\/www.webdo.tn\\\/fr\\\/?s={search_term_string}\"},\"query-input\":{\"@type\":\"PropertyValueSpecification\",\"valueRequired\":true,\"valueName\":\"search_term_string\"}}],\"inLanguage\":\"fr-FR\"},{\"@type\":\"Organization\",\"@id\":\"https:\\\/\\\/www.webdo.tn\\\/fr\\\/#organization\",\"name\":\"Webdo\",\"alternateName\":\"Webdo.tn\",\"url\":\"https:\\\/\\\/www.webdo.tn\\\/fr\\\/\",\"logo\":{\"@type\":\"ImageObject\",\"inLanguage\":\"fr-FR\",\"@id\":\"https:\\\/\\\/www.webdo.tn\\\/fr\\\/#\\\/schema\\\/logo\\\/image\\\/\",\"url\":\"https:\\\/\\\/www.webdo.tn\\\/fr\\\/wp-content\\\/uploads\\\/2025\\\/06\\\/Webdo-Tunisie_168377.jpg\",\"contentUrl\":\"https:\\\/\\\/www.webdo.tn\\\/fr\\\/wp-content\\\/uploads\\\/2025\\\/06\\\/Webdo-Tunisie_168377.jpg\",\"width\":301,\"height\":301,\"caption\":\"Webdo\"},\"image\":{\"@id\":\"https:\\\/\\\/www.webdo.tn\\\/fr\\\/#\\\/schema\\\/logo\\\/image\\\/\"},\"sameAs\":[\"https:\\\/\\\/www.facebook.com\\\/webdotn\",\"https:\\\/\\\/x.com\\\/webdo_tn\"],\"description\":\"Webdo est un m\u00e9dia num\u00e9rique tunisien fond\u00e9 en 2010, sp\u00e9cialis\u00e9 dans l\u2019actualit\u00e9 nationale et internationale, l\u2019\u00e9conomie, la soci\u00e9t\u00e9 et les analyses politiques. Le site s\u2019adresse \u00e0 un large public francophone et couvre l\u2019information tunisienne en temps r\u00e9el.\",\"email\":\"redac@webdo.tn\",\"legalName\":\"YNJ SARL\",\"foundingDate\":\"2010-09-06\",\"numberOfEmployees\":{\"@type\":\"QuantitativeValue\",\"minValue\":\"11\",\"maxValue\":\"50\"}},{\"@type\":\"Person\",\"@id\":\"https:\\\/\\\/www.webdo.tn\\\/fr\\\/#\\\/schema\\\/person\\\/2c4929cbf5a809e3bd38617c6ce150f6\",\"name\":\"MC\",\"image\":{\"@type\":\"ImageObject\",\"inLanguage\":\"fr-FR\",\"@id\":\"https:\\\/\\\/secure.gravatar.com\\\/avatar\\\/a545bbb6f84efdd5553dbbc2895e3ca8f1d12c5215e00a041c9670b54aa9b18a?s=96&d=mm&r=g\",\"url\":\"https:\\\/\\\/secure.gravatar.com\\\/avatar\\\/a545bbb6f84efdd5553dbbc2895e3ca8f1d12c5215e00a041c9670b54aa9b18a?s=96&d=mm&r=g\",\"contentUrl\":\"https:\\\/\\\/secure.gravatar.com\\\/avatar\\\/a545bbb6f84efdd5553dbbc2895e3ca8f1d12c5215e00a041c9670b54aa9b18a?s=96&d=mm&r=g\",\"caption\":\"MC\"},\"url\":\"https:\\\/\\\/www.webdo.tn\\\/fr\\\/actualite\\\/author\\\/mc\\\/\"}]}<\/script>\n<!-- \/ Yoast SEO Premium plugin. -->","yoast_head_json":{"title":"Tunisie : Un b\u00e2timent administratif orn\u00e9 d\u2019un drapeau turc, 10 accus\u00e9s","description":"Le minist\u00e8re public du tribunal de premi\u00e8re instance de Tunis a ordonn\u00e9, aujourd\u2019hui, le renvoi de dix personnes devant le tribunal de premi\u00e8re instance de Tuni...","canonical":"https:\/\/www.webdo.tn\/fr\/actualite\/national\/tunisie-un-batiment-administratif-orne-d-un-drapeau-turc-10-accuses\/216367\/","og_locale":"fr_FR","og_type":"article","og_title":"Tunisie : Un b\u00e2timent administratif orn\u00e9 d\u2019un drapeau turc, 10 accus\u00e9s","og_description":"Le minist\u00e8re public du tribunal de premi\u00e8re instance de Tunis a ordonn\u00e9, aujourd\u2019hui, le renvoi de dix personnes devant le tribunal de premi\u00e8re instance de Tuni...","og_url":"https:\/\/www.webdo.tn\/fr\/actualite\/national\/tunisie-un-batiment-administratif-orne-d-un-drapeau-turc-10-accuses\/216367\/","og_site_name":"webdo","article_publisher":"https:\/\/www.facebook.com\/webdotn","article_published_time":"2024-09-13T15:22:00+00:00","article_modified_time":"2025-05-20T22:14:13+00:00","og_image":[{"width":750,"height":400,"url":"https:\/\/www.webdo.tn\/fr\/wp-content\/uploads\/2024\/09\/e3122d4ba3ad7c1384e1231fe6680173.webp","type":"image\/webp"}],"author":"MC","twitter_card":"summary_large_image","twitter_creator":"@webdo_tn","twitter_site":"@webdo_tn","twitter_misc":{"\u00c9crit par":"MC","Dur\u00e9e de lecture estim\u00e9e":"2 minutes"},"schema":{"@context":"https:\/\/schema.org","@graph":[{"@type":"NewsArticle","@id":"https:\/\/www.webdo.tn\/fr\/actualite\/national\/tunisie-un-batiment-administratif-orne-d-un-drapeau-turc-10-accuses\/216367\/#article","isPartOf":{"@id":"https:\/\/www.webdo.tn\/fr\/actualite\/national\/tunisie-un-batiment-administratif-orne-d-un-drapeau-turc-10-accuses\/216367\/"},"author":{"name":"MC","@id":"https:\/\/www.webdo.tn\/fr\/#\/schema\/person\/2c4929cbf5a809e3bd38617c6ce150f6"},"headline":"Tunisie : Un b\u00e2timent administratif orn\u00e9 d\u2019un drapeau turc, 10 accus\u00e9s","datePublished":"2024-09-13T15:22:00+00:00","dateModified":"2025-05-20T22:14:13+00:00","mainEntityOfPage":{"@id":"https:\/\/www.webdo.tn\/fr\/actualite\/national\/tunisie-un-batiment-administratif-orne-d-un-drapeau-turc-10-accuses\/216367\/"},"wordCount":348,"commentCount":0,"publisher":{"@id":"https:\/\/www.webdo.tn\/fr\/#organization"},"image":{"@id":"https:\/\/www.webdo.tn\/fr\/actualite\/national\/tunisie-un-batiment-administratif-orne-d-un-drapeau-turc-10-accuses\/216367\/#primaryimage"},"thumbnailUrl":"https:\/\/www.webdo.tn\/fr\/wp-content\/uploads\/2024\/09\/e3122d4ba3ad7c1384e1231fe6680173.webp","keywords":["'drapeau turc']","drapeau","SNCFT","Tunisie","Vid\u00e9o"],"articleSection":["National"],"inLanguage":"fr-FR"},{"@type":"WebPage","@id":"https:\/\/www.webdo.tn\/fr\/actualite\/national\/tunisie-un-batiment-administratif-orne-d-un-drapeau-turc-10-accuses\/216367\/","url":"https:\/\/www.webdo.tn\/fr\/actualite\/national\/tunisie-un-batiment-administratif-orne-d-un-drapeau-turc-10-accuses\/216367\/","name":"Tunisie : Un b\u00e2timent administratif orn\u00e9 d\u2019un drapeau turc, 10 accus\u00e9s","isPartOf":{"@id":"https:\/\/www.webdo.tn\/fr\/#website"},"primaryImageOfPage":{"@id":"https:\/\/www.webdo.tn\/fr\/actualite\/national\/tunisie-un-batiment-administratif-orne-d-un-drapeau-turc-10-accuses\/216367\/#primaryimage"},"image":{"@id":"https:\/\/www.webdo.tn\/fr\/actualite\/national\/tunisie-un-batiment-administratif-orne-d-un-drapeau-turc-10-accuses\/216367\/#primaryimage"},"thumbnailUrl":"https:\/\/www.webdo.tn\/fr\/wp-content\/uploads\/2024\/09\/e3122d4ba3ad7c1384e1231fe6680173.webp","datePublished":"2024-09-13T15:22:00+00:00","dateModified":"2025-05-20T22:14:13+00:00","description":"Le minist\u00e8re public du tribunal de premi\u00e8re instance de Tunis a ordonn\u00e9, aujourd\u2019hui, le renvoi de dix personnes devant le tribunal de premi\u00e8re instance de Tuni...","breadcrumb":{"@id":"https:\/\/www.webdo.tn\/fr\/actualite\/national\/tunisie-un-batiment-administratif-orne-d-un-drapeau-turc-10-accuses\/216367\/#breadcrumb"},"inLanguage":"fr-FR","potentialAction":[{"@type":"ReadAction","target":["https:\/\/www.webdo.tn\/fr\/actualite\/national\/tunisie-un-batiment-administratif-orne-d-un-drapeau-turc-10-accuses\/216367\/"]}]},{"@type":"ImageObject","inLanguage":"fr-FR","@id":"https:\/\/www.webdo.tn\/fr\/actualite\/national\/tunisie-un-batiment-administratif-orne-d-un-drapeau-turc-10-accuses\/216367\/#primaryimage","url":"https:\/\/www.webdo.tn\/fr\/wp-content\/uploads\/2024\/09\/e3122d4ba3ad7c1384e1231fe6680173.webp","contentUrl":"https:\/\/www.webdo.tn\/fr\/wp-content\/uploads\/2024\/09\/e3122d4ba3ad7c1384e1231fe6680173.webp","width":750,"height":400,"caption":"Tunisie : Un b\u00e2timent administratif orn\u00e9 d\u2019un drapeau turc, 10 accus\u00e9s"},{"@type":"BreadcrumbList","@id":"https:\/\/www.webdo.tn\/fr\/actualite\/national\/tunisie-un-batiment-administratif-orne-d-un-drapeau-turc-10-accuses\/216367\/#breadcrumb","itemListElement":[{"@type":"ListItem","position":1,"name":"Accueil","item":"https:\/\/www.webdo.tn\/fr\/"},{"@type":"ListItem","position":2,"name":"Tunisie : Un b\u00e2timent administratif orn\u00e9 d\u2019un drapeau turc, 10 accus\u00e9s"}]},{"@type":"WebSite","@id":"https:\/\/www.webdo.tn\/fr\/#website","url":"https:\/\/www.webdo.tn\/fr\/","name":"webdo","description":"Tunisie - News en Tunisie et \u00e0 l&#039;international sur Webdo.tn","publisher":{"@id":"https:\/\/www.webdo.tn\/fr\/#organization"},"potentialAction":[{"@type":"SearchAction","target":{"@type":"EntryPoint","urlTemplate":"https:\/\/www.webdo.tn\/fr\/?s={search_term_string}"},"query-input":{"@type":"PropertyValueSpecification","valueRequired":true,"valueName":"search_term_string"}}],"inLanguage":"fr-FR"},{"@type":"Organization","@id":"https:\/\/www.webdo.tn\/fr\/#organization","name":"Webdo","alternateName":"Webdo.tn","url":"https:\/\/www.webdo.tn\/fr\/","logo":{"@type":"ImageObject","inLanguage":"fr-FR","@id":"https:\/\/www.webdo.tn\/fr\/#\/schema\/logo\/image\/","url":"https:\/\/www.webdo.tn\/fr\/wp-content\/uploads\/2025\/06\/Webdo-Tunisie_168377.jpg","contentUrl":"https:\/\/www.webdo.tn\/fr\/wp-content\/uploads\/2025\/06\/Webdo-Tunisie_168377.jpg","width":301,"height":301,"caption":"Webdo"},"image":{"@id":"https:\/\/www.webdo.tn\/fr\/#\/schema\/logo\/image\/"},"sameAs":["https:\/\/www.facebook.com\/webdotn","https:\/\/x.com\/webdo_tn"],"description":"Webdo est un m\u00e9dia num\u00e9rique tunisien fond\u00e9 en 2010, sp\u00e9cialis\u00e9 dans l\u2019actualit\u00e9 nationale et internationale, l\u2019\u00e9conomie, la soci\u00e9t\u00e9 et les analyses politiques. Le site s\u2019adresse \u00e0 un large public francophone et couvre l\u2019information tunisienne en temps r\u00e9el.","email":"redac@webdo.tn","legalName":"YNJ SARL","foundingDate":"2010-09-06","numberOfEmployees":{"@type":"QuantitativeValue","minValue":"11","maxValue":"50"}},{"@type":"Person","@id":"https:\/\/www.webdo.tn\/fr\/#\/schema\/person\/2c4929cbf5a809e3bd38617c6ce150f6","name":"MC","image":{"@type":"ImageObject","inLanguage":"fr-FR","@id":"https:\/\/secure.gravatar.com\/avatar\/a545bbb6f84efdd5553dbbc2895e3ca8f1d12c5215e00a041c9670b54aa9b18a?s=96&d=mm&r=g","url":"https:\/\/secure.gravatar.com\/avatar\/a545bbb6f84efdd5553dbbc2895e3ca8f1d12c5215e00a041c9670b54aa9b18a?s=96&d=mm&r=g","contentUrl":"https:\/\/secure.gravatar.com\/avatar\/a545bbb6f84efdd5553dbbc2895e3ca8f1d12c5215e00a041c9670b54aa9b18a?s=96&d=mm&r=g","caption":"MC"},"url":"https:\/\/www.webdo.tn\/fr\/actualite\/author\/mc\/"}]}},"_links":{"self":[{"href":"https:\/\/www.webdo.tn\/fr\/wp-json\/wp\/v2\/posts\/216367","targetHints":{"allow":["GET"]}}],"collection":[{"href":"https:\/\/www.webdo.tn\/fr\/wp-json\/wp\/v2\/posts"}],"about":[{"href":"https:\/\/www.webdo.tn\/fr\/wp-json\/wp\/v2\/types\/post"}],"author":[{"embeddable":true,"href":"https:\/\/www.webdo.tn\/fr\/wp-json\/wp\/v2\/users\/3162"}],"replies":[{"embeddable":true,"href":"https:\/\/www.webdo.tn\/fr\/wp-json\/wp\/v2\/comments?post=216367"}],"version-history":[{"count":0,"href":"https:\/\/www.webdo.tn\/fr\/wp-json\/wp\/v2\/posts\/216367\/revisions"}],"wp:featuredmedia":[{"embeddable":true,"href":"https:\/\/www.webdo.tn\/fr\/wp-json\/wp\/v2\/media\/291066"}],"wp:attachment":[{"href":"https:\/\/www.webdo.tn\/fr\/wp-json\/wp\/v2\/media?parent=216367"}],"wp:term":[{"taxonomy":"category","embeddable":true,"href":"https:\/\/www.webdo.tn\/fr\/wp-json\/wp\/v2\/categories?post=216367"},{"taxonomy":"post_tag","embeddable":true,"href":"https:\/\/www.webdo.tn\/fr\/wp-json\/wp\/v2\/tags?post=216367"}],"curies":[{"name":"wp","href":"https:\/\/api.w.org\/{rel}","templated":true}]}}