{"id":216363,"date":"2024-09-13T12:02:00","date_gmt":"2024-09-13T12:02:00","guid":{"rendered":"https:\/\/www.webdo.tn\/fr\/blog\/tunisie-recuperation-de-trois-terrains-domaniaux-agricoles-a-mahdia-et-tozeur\/216363\/"},"modified":"2025-05-21T09:09:57","modified_gmt":"2025-05-21T09:09:57","slug":"tunisie-recuperation-de-trois-terrains-domaniaux-agricoles-a-mahdia-et-tozeur","status":"publish","type":"post","link":"https:\/\/www.webdo.tn\/fr\/actualite\/regions\/tunisie-recuperation-de-trois-terrains-domaniaux-agricoles-a-mahdia-et-tozeur\/216363\/","title":{"rendered":"Tunisie : R\u00e9cup\u00e9ration de trois terrains domaniaux agricoles \u00e0 Mahdia et Tozeur"},"content":{"rendered":"<p>La direction r\u00e9gionale des domaines de l&rsquo;Etat et des affaires fonci\u00e8res de Mahdia et Tozeur ont r\u00e9cup\u00e9r\u00e9, jeudi 12 septembre 2024, trois terrains domaniaux agricoles.<\/p>\n<p>\t\t\t\t\t\t\t\t\tEn ex\u00e9cution des d\u00e9cisions d\u2019\u00e9vacuation \u00e9mises par les gouverneurs de Mahdia et Tozeur, et en raison du non-paiement des dettes dues par les locataires d\u2019une part, et de l\u2019appropriation ill\u00e9gale de biens de l&rsquo;Etat d\u2019autre part, les services de la direction r\u00e9gionale des domaines de l&rsquo;Etat et des affaires fonci\u00e8res de Mahdia et Tozeur ont r\u00e9cup\u00e9r\u00e9, jeudi 12 septembre 2024, trois terrains domaniaux agricoles.<\/p>\n<p>Deux de ces propri\u00e9t\u00e9s sont situ\u00e9es dans la zone irrigu\u00e9e connue sous le nom de \u00ab\u00a0Bir Ben Kamla\u00a0\u00bb dans la d\u00e9l\u00e9gation de Hiboun, \u00e0 Mahdia, et couvrent environ 4 hectares, tandis que la troisi\u00e8me propri\u00e9t\u00e9 est situ\u00e9e dans la d\u00e9l\u00e9gation de Nefta, pr\u00e9cis\u00e9ment \u00e0 gauche de la route nationale n\u00b03 menant \u00e0 la d\u00e9l\u00e9gation de Hazoua, sur une superficie de deux hectares.<\/p>\n<p>L\u2019op\u00e9ration de r\u00e9cup\u00e9ration s\u2019est d\u00e9roul\u00e9e en pr\u00e9sence de toutes les autorit\u00e9s \u00e9tatiques concern\u00e9es, et les directions r\u00e9gionales ont pris possession des biens r\u00e9cup\u00e9r\u00e9s en attendant de les r\u00e9affecter conform\u00e9ment aux r\u00e9glementations l\u00e9gales en vigueur.<\/p>\n","protected":false},"excerpt":{"rendered":"<p>En ex\u00e9cution des d\u00e9cisions d\u2019\u00e9vacuation \u00e9mises par les gouverneurs de Mahdia et Tozeur, et en raison du non-paiement des dettes dues par les locataires d\u2019une pa&#8230;<\/p>\n","protected":false},"author":3169,"featured_media":246591,"comment_status":"open","ping_status":"closed","sticky":false,"template":"","format":"standard","meta":{"footnotes":""},"categories":[2595],"tags":[5759,3214,5757,5758,2608],"class_list":["post-216363","post","type-post","status-publish","format-standard","has-post-thumbnail","hentry","category-regions","tag-affaires-foncieres","tag-etat","tag-recuperation","tag-terre-domaniale","tag-tunisie"],"yoast_head":"<!-- This site is optimized with the Yoast SEO Premium plugin v27.4 (Yoast SEO v27.5) - https:\/\/yoast.com\/product\/yoast-seo-premium-wordpress\/ -->\n<title>Tunisie : R\u00e9cup\u00e9ration de trois terrains domaniaux agricoles \u00e0 Mahdia et Tozeur<\/title>\n<meta name=\"description\" content=\"En ex\u00e9cution des d\u00e9cisions d\u2019\u00e9vacuation \u00e9mises par les gouverneurs de Mahdia et Tozeur, et en raison du non-paiement des dettes dues par les locataires d\u2019une pa...\" \/>\n<link rel=\"canonical\" href=\"https:\/\/www.webdo.tn\/fr\/actualite\/regions\/tunisie-recuperation-de-trois-terrains-domaniaux-agricoles-a-mahdia-et-tozeur\/216363\/\" \/>\n<meta property=\"og:locale\" content=\"fr_FR\" \/>\n<meta property=\"og:type\" content=\"article\" \/>\n<meta property=\"og:title\" content=\"Tunisie : R\u00e9cup\u00e9ration de trois terrains domaniaux agricoles \u00e0 Mahdia et Tozeur\" \/>\n<meta property=\"og:description\" content=\"En ex\u00e9cution des d\u00e9cisions d\u2019\u00e9vacuation \u00e9mises par les gouverneurs de Mahdia et Tozeur, et en raison du non-paiement des dettes dues par les locataires d\u2019une pa...\" \/>\n<meta property=\"og:url\" content=\"https:\/\/www.webdo.tn\/fr\/actualite\/regions\/tunisie-recuperation-de-trois-terrains-domaniaux-agricoles-a-mahdia-et-tozeur\/216363\/\" \/>\n<meta property=\"og:site_name\" content=\"webdo\" \/>\n<meta property=\"article:publisher\" content=\"https:\/\/www.facebook.com\/webdotn\" \/>\n<meta property=\"article:published_time\" content=\"2024-09-13T12:02:00+00:00\" \/>\n<meta property=\"article:modified_time\" content=\"2025-05-21T09:09:57+00:00\" \/>\n<meta property=\"og:image\" content=\"https:\/\/www.webdo.tn\/fr\/wp-content\/uploads\/2024\/09\/6a6889a66483ba5893b2333353bdaf4b.webp\" \/>\n\t<meta property=\"og:image:width\" content=\"750\" \/>\n\t<meta property=\"og:image:height\" content=\"400\" \/>\n\t<meta property=\"og:image:type\" content=\"image\/webp\" \/>\n<meta name=\"author\" content=\"Webdo\" \/>\n<meta name=\"twitter:card\" content=\"summary_large_image\" \/>\n<meta name=\"twitter:creator\" content=\"@webdo_tn\" \/>\n<meta name=\"twitter:site\" content=\"@webdo_tn\" \/>\n<meta name=\"twitter:label1\" content=\"\u00c9crit par\" \/>\n\t<meta name=\"twitter:data1\" content=\"Webdo\" \/>\n\t<meta name=\"twitter:label2\" content=\"Dur\u00e9e de lecture estim\u00e9e\" \/>\n\t<meta name=\"twitter:data2\" content=\"1 minute\" \/>\n<script type=\"application\/ld+json\" class=\"yoast-schema-graph\">{\"@context\":\"https:\\\/\\\/schema.org\",\"@graph\":[{\"@type\":\"NewsArticle\",\"@id\":\"https:\\\/\\\/www.webdo.tn\\\/fr\\\/actualite\\\/regions\\\/tunisie-recuperation-de-trois-terrains-domaniaux-agricoles-a-mahdia-et-tozeur\\\/216363\\\/#article\",\"isPartOf\":{\"@id\":\"https:\\\/\\\/www.webdo.tn\\\/fr\\\/actualite\\\/regions\\\/tunisie-recuperation-de-trois-terrains-domaniaux-agricoles-a-mahdia-et-tozeur\\\/216363\\\/\"},\"author\":{\"name\":\"Webdo\",\"@id\":\"https:\\\/\\\/www.webdo.tn\\\/fr\\\/#\\\/schema\\\/person\\\/1f4e491e0907b413d61089e8eb573acc\"},\"headline\":\"Tunisie : R\u00e9cup\u00e9ration de trois terrains domaniaux agricoles \u00e0 Mahdia et Tozeur\",\"datePublished\":\"2024-09-13T12:02:00+00:00\",\"dateModified\":\"2025-05-21T09:09:57+00:00\",\"mainEntityOfPage\":{\"@id\":\"https:\\\/\\\/www.webdo.tn\\\/fr\\\/actualite\\\/regions\\\/tunisie-recuperation-de-trois-terrains-domaniaux-agricoles-a-mahdia-et-tozeur\\\/216363\\\/\"},\"wordCount\":240,\"commentCount\":0,\"publisher\":{\"@id\":\"https:\\\/\\\/www.webdo.tn\\\/fr\\\/#organization\"},\"image\":{\"@id\":\"https:\\\/\\\/www.webdo.tn\\\/fr\\\/actualite\\\/regions\\\/tunisie-recuperation-de-trois-terrains-domaniaux-agricoles-a-mahdia-et-tozeur\\\/216363\\\/#primaryimage\"},\"thumbnailUrl\":\"https:\\\/\\\/www.webdo.tn\\\/fr\\\/wp-content\\\/uploads\\\/2024\\\/09\\\/6a6889a66483ba5893b2333353bdaf4b.webp\",\"keywords\":[\"affaires fonci\u00e8res\",\"Etat\",\"r\u00e9cup\u00e9ration\",\"terre domaniale\",\"Tunisie\"],\"articleSection\":[\"regions\"],\"inLanguage\":\"fr-FR\"},{\"@type\":\"WebPage\",\"@id\":\"https:\\\/\\\/www.webdo.tn\\\/fr\\\/actualite\\\/regions\\\/tunisie-recuperation-de-trois-terrains-domaniaux-agricoles-a-mahdia-et-tozeur\\\/216363\\\/\",\"url\":\"https:\\\/\\\/www.webdo.tn\\\/fr\\\/actualite\\\/regions\\\/tunisie-recuperation-de-trois-terrains-domaniaux-agricoles-a-mahdia-et-tozeur\\\/216363\\\/\",\"name\":\"Tunisie : R\u00e9cup\u00e9ration de trois terrains domaniaux agricoles \u00e0 Mahdia et Tozeur\",\"isPartOf\":{\"@id\":\"https:\\\/\\\/www.webdo.tn\\\/fr\\\/#website\"},\"primaryImageOfPage\":{\"@id\":\"https:\\\/\\\/www.webdo.tn\\\/fr\\\/actualite\\\/regions\\\/tunisie-recuperation-de-trois-terrains-domaniaux-agricoles-a-mahdia-et-tozeur\\\/216363\\\/#primaryimage\"},\"image\":{\"@id\":\"https:\\\/\\\/www.webdo.tn\\\/fr\\\/actualite\\\/regions\\\/tunisie-recuperation-de-trois-terrains-domaniaux-agricoles-a-mahdia-et-tozeur\\\/216363\\\/#primaryimage\"},\"thumbnailUrl\":\"https:\\\/\\\/www.webdo.tn\\\/fr\\\/wp-content\\\/uploads\\\/2024\\\/09\\\/6a6889a66483ba5893b2333353bdaf4b.webp\",\"datePublished\":\"2024-09-13T12:02:00+00:00\",\"dateModified\":\"2025-05-21T09:09:57+00:00\",\"description\":\"En ex\u00e9cution des d\u00e9cisions d\u2019\u00e9vacuation \u00e9mises par les gouverneurs de Mahdia et Tozeur, et en raison du non-paiement des dettes dues par les locataires d\u2019une pa...\",\"breadcrumb\":{\"@id\":\"https:\\\/\\\/www.webdo.tn\\\/fr\\\/actualite\\\/regions\\\/tunisie-recuperation-de-trois-terrains-domaniaux-agricoles-a-mahdia-et-tozeur\\\/216363\\\/#breadcrumb\"},\"inLanguage\":\"fr-FR\",\"potentialAction\":[{\"@type\":\"ReadAction\",\"target\":[\"https:\\\/\\\/www.webdo.tn\\\/fr\\\/actualite\\\/regions\\\/tunisie-recuperation-de-trois-terrains-domaniaux-agricoles-a-mahdia-et-tozeur\\\/216363\\\/\"]}]},{\"@type\":\"ImageObject\",\"inLanguage\":\"fr-FR\",\"@id\":\"https:\\\/\\\/www.webdo.tn\\\/fr\\\/actualite\\\/regions\\\/tunisie-recuperation-de-trois-terrains-domaniaux-agricoles-a-mahdia-et-tozeur\\\/216363\\\/#primaryimage\",\"url\":\"https:\\\/\\\/www.webdo.tn\\\/fr\\\/wp-content\\\/uploads\\\/2024\\\/09\\\/6a6889a66483ba5893b2333353bdaf4b.webp\",\"contentUrl\":\"https:\\\/\\\/www.webdo.tn\\\/fr\\\/wp-content\\\/uploads\\\/2024\\\/09\\\/6a6889a66483ba5893b2333353bdaf4b.webp\",\"width\":750,\"height\":400,\"caption\":\"Tunisie : R\u00e9cup\u00e9ration de trois terrains domaniaux agricoles \u00e0 Mahdia et Tozeur\"},{\"@type\":\"BreadcrumbList\",\"@id\":\"https:\\\/\\\/www.webdo.tn\\\/fr\\\/actualite\\\/regions\\\/tunisie-recuperation-de-trois-terrains-domaniaux-agricoles-a-mahdia-et-tozeur\\\/216363\\\/#breadcrumb\",\"itemListElement\":[{\"@type\":\"ListItem\",\"position\":1,\"name\":\"Accueil\",\"item\":\"https:\\\/\\\/www.webdo.tn\\\/fr\\\/\"},{\"@type\":\"ListItem\",\"position\":2,\"name\":\"Tunisie : R\u00e9cup\u00e9ration de trois terrains domaniaux agricoles \u00e0 Mahdia et Tozeur\"}]},{\"@type\":\"WebSite\",\"@id\":\"https:\\\/\\\/www.webdo.tn\\\/fr\\\/#website\",\"url\":\"https:\\\/\\\/www.webdo.tn\\\/fr\\\/\",\"name\":\"webdo\",\"description\":\"Tunisie - News en Tunisie et \u00e0 l&#039;international sur Webdo.tn\",\"publisher\":{\"@id\":\"https:\\\/\\\/www.webdo.tn\\\/fr\\\/#organization\"},\"potentialAction\":[{\"@type\":\"SearchAction\",\"target\":{\"@type\":\"EntryPoint\",\"urlTemplate\":\"https:\\\/\\\/www.webdo.tn\\\/fr\\\/?s={search_term_string}\"},\"query-input\":{\"@type\":\"PropertyValueSpecification\",\"valueRequired\":true,\"valueName\":\"search_term_string\"}}],\"inLanguage\":\"fr-FR\"},{\"@type\":\"Organization\",\"@id\":\"https:\\\/\\\/www.webdo.tn\\\/fr\\\/#organization\",\"name\":\"Webdo\",\"alternateName\":\"Webdo.tn\",\"url\":\"https:\\\/\\\/www.webdo.tn\\\/fr\\\/\",\"logo\":{\"@type\":\"ImageObject\",\"inLanguage\":\"fr-FR\",\"@id\":\"https:\\\/\\\/www.webdo.tn\\\/fr\\\/#\\\/schema\\\/logo\\\/image\\\/\",\"url\":\"https:\\\/\\\/www.webdo.tn\\\/fr\\\/wp-content\\\/uploads\\\/2025\\\/06\\\/Webdo-Tunisie_168377.jpg\",\"contentUrl\":\"https:\\\/\\\/www.webdo.tn\\\/fr\\\/wp-content\\\/uploads\\\/2025\\\/06\\\/Webdo-Tunisie_168377.jpg\",\"width\":301,\"height\":301,\"caption\":\"Webdo\"},\"image\":{\"@id\":\"https:\\\/\\\/www.webdo.tn\\\/fr\\\/#\\\/schema\\\/logo\\\/image\\\/\"},\"sameAs\":[\"https:\\\/\\\/www.facebook.com\\\/webdotn\",\"https:\\\/\\\/x.com\\\/webdo_tn\"],\"description\":\"Webdo est un m\u00e9dia num\u00e9rique tunisien fond\u00e9 en 2010, sp\u00e9cialis\u00e9 dans l\u2019actualit\u00e9 nationale et internationale, l\u2019\u00e9conomie, la soci\u00e9t\u00e9 et les analyses politiques. Le site s\u2019adresse \u00e0 un large public francophone et couvre l\u2019information tunisienne en temps r\u00e9el.\",\"email\":\"redac@webdo.tn\",\"legalName\":\"YNJ SARL\",\"foundingDate\":\"2010-09-06\",\"numberOfEmployees\":{\"@type\":\"QuantitativeValue\",\"minValue\":\"11\",\"maxValue\":\"50\"}},{\"@type\":\"Person\",\"@id\":\"https:\\\/\\\/www.webdo.tn\\\/fr\\\/#\\\/schema\\\/person\\\/1f4e491e0907b413d61089e8eb573acc\",\"name\":\"Webdo\",\"image\":{\"@type\":\"ImageObject\",\"inLanguage\":\"fr-FR\",\"@id\":\"https:\\\/\\\/secure.gravatar.com\\\/avatar\\\/de97aeec1bb80978a9dbb127e47dfc88aaacb2f3c29aac907d8d3222e3495d49?s=96&d=mm&r=g\",\"url\":\"https:\\\/\\\/secure.gravatar.com\\\/avatar\\\/de97aeec1bb80978a9dbb127e47dfc88aaacb2f3c29aac907d8d3222e3495d49?s=96&d=mm&r=g\",\"contentUrl\":\"https:\\\/\\\/secure.gravatar.com\\\/avatar\\\/de97aeec1bb80978a9dbb127e47dfc88aaacb2f3c29aac907d8d3222e3495d49?s=96&d=mm&r=g\",\"caption\":\"Webdo\"},\"url\":\"https:\\\/\\\/www.webdo.tn\\\/fr\\\/actualite\\\/author\\\/webdo\\\/\"}]}<\/script>\n<!-- \/ Yoast SEO Premium plugin. -->","yoast_head_json":{"title":"Tunisie : R\u00e9cup\u00e9ration de trois terrains domaniaux agricoles \u00e0 Mahdia et Tozeur","description":"En ex\u00e9cution des d\u00e9cisions d\u2019\u00e9vacuation \u00e9mises par les gouverneurs de Mahdia et Tozeur, et en raison du non-paiement des dettes dues par les locataires d\u2019une pa...","canonical":"https:\/\/www.webdo.tn\/fr\/actualite\/regions\/tunisie-recuperation-de-trois-terrains-domaniaux-agricoles-a-mahdia-et-tozeur\/216363\/","og_locale":"fr_FR","og_type":"article","og_title":"Tunisie : R\u00e9cup\u00e9ration de trois terrains domaniaux agricoles \u00e0 Mahdia et Tozeur","og_description":"En ex\u00e9cution des d\u00e9cisions d\u2019\u00e9vacuation \u00e9mises par les gouverneurs de Mahdia et Tozeur, et en raison du non-paiement des dettes dues par les locataires d\u2019une pa...","og_url":"https:\/\/www.webdo.tn\/fr\/actualite\/regions\/tunisie-recuperation-de-trois-terrains-domaniaux-agricoles-a-mahdia-et-tozeur\/216363\/","og_site_name":"webdo","article_publisher":"https:\/\/www.facebook.com\/webdotn","article_published_time":"2024-09-13T12:02:00+00:00","article_modified_time":"2025-05-21T09:09:57+00:00","og_image":[{"width":750,"height":400,"url":"https:\/\/www.webdo.tn\/fr\/wp-content\/uploads\/2024\/09\/6a6889a66483ba5893b2333353bdaf4b.webp","type":"image\/webp"}],"author":"Webdo","twitter_card":"summary_large_image","twitter_creator":"@webdo_tn","twitter_site":"@webdo_tn","twitter_misc":{"\u00c9crit par":"Webdo","Dur\u00e9e de lecture estim\u00e9e":"1 minute"},"schema":{"@context":"https:\/\/schema.org","@graph":[{"@type":"NewsArticle","@id":"https:\/\/www.webdo.tn\/fr\/actualite\/regions\/tunisie-recuperation-de-trois-terrains-domaniaux-agricoles-a-mahdia-et-tozeur\/216363\/#article","isPartOf":{"@id":"https:\/\/www.webdo.tn\/fr\/actualite\/regions\/tunisie-recuperation-de-trois-terrains-domaniaux-agricoles-a-mahdia-et-tozeur\/216363\/"},"author":{"name":"Webdo","@id":"https:\/\/www.webdo.tn\/fr\/#\/schema\/person\/1f4e491e0907b413d61089e8eb573acc"},"headline":"Tunisie : R\u00e9cup\u00e9ration de trois terrains domaniaux agricoles \u00e0 Mahdia et Tozeur","datePublished":"2024-09-13T12:02:00+00:00","dateModified":"2025-05-21T09:09:57+00:00","mainEntityOfPage":{"@id":"https:\/\/www.webdo.tn\/fr\/actualite\/regions\/tunisie-recuperation-de-trois-terrains-domaniaux-agricoles-a-mahdia-et-tozeur\/216363\/"},"wordCount":240,"commentCount":0,"publisher":{"@id":"https:\/\/www.webdo.tn\/fr\/#organization"},"image":{"@id":"https:\/\/www.webdo.tn\/fr\/actualite\/regions\/tunisie-recuperation-de-trois-terrains-domaniaux-agricoles-a-mahdia-et-tozeur\/216363\/#primaryimage"},"thumbnailUrl":"https:\/\/www.webdo.tn\/fr\/wp-content\/uploads\/2024\/09\/6a6889a66483ba5893b2333353bdaf4b.webp","keywords":["affaires fonci\u00e8res","Etat","r\u00e9cup\u00e9ration","terre domaniale","Tunisie"],"articleSection":["regions"],"inLanguage":"fr-FR"},{"@type":"WebPage","@id":"https:\/\/www.webdo.tn\/fr\/actualite\/regions\/tunisie-recuperation-de-trois-terrains-domaniaux-agricoles-a-mahdia-et-tozeur\/216363\/","url":"https:\/\/www.webdo.tn\/fr\/actualite\/regions\/tunisie-recuperation-de-trois-terrains-domaniaux-agricoles-a-mahdia-et-tozeur\/216363\/","name":"Tunisie : R\u00e9cup\u00e9ration de trois terrains domaniaux agricoles \u00e0 Mahdia et Tozeur","isPartOf":{"@id":"https:\/\/www.webdo.tn\/fr\/#website"},"primaryImageOfPage":{"@id":"https:\/\/www.webdo.tn\/fr\/actualite\/regions\/tunisie-recuperation-de-trois-terrains-domaniaux-agricoles-a-mahdia-et-tozeur\/216363\/#primaryimage"},"image":{"@id":"https:\/\/www.webdo.tn\/fr\/actualite\/regions\/tunisie-recuperation-de-trois-terrains-domaniaux-agricoles-a-mahdia-et-tozeur\/216363\/#primaryimage"},"thumbnailUrl":"https:\/\/www.webdo.tn\/fr\/wp-content\/uploads\/2024\/09\/6a6889a66483ba5893b2333353bdaf4b.webp","datePublished":"2024-09-13T12:02:00+00:00","dateModified":"2025-05-21T09:09:57+00:00","description":"En ex\u00e9cution des d\u00e9cisions d\u2019\u00e9vacuation \u00e9mises par les gouverneurs de Mahdia et Tozeur, et en raison du non-paiement des dettes dues par les locataires d\u2019une pa...","breadcrumb":{"@id":"https:\/\/www.webdo.tn\/fr\/actualite\/regions\/tunisie-recuperation-de-trois-terrains-domaniaux-agricoles-a-mahdia-et-tozeur\/216363\/#breadcrumb"},"inLanguage":"fr-FR","potentialAction":[{"@type":"ReadAction","target":["https:\/\/www.webdo.tn\/fr\/actualite\/regions\/tunisie-recuperation-de-trois-terrains-domaniaux-agricoles-a-mahdia-et-tozeur\/216363\/"]}]},{"@type":"ImageObject","inLanguage":"fr-FR","@id":"https:\/\/www.webdo.tn\/fr\/actualite\/regions\/tunisie-recuperation-de-trois-terrains-domaniaux-agricoles-a-mahdia-et-tozeur\/216363\/#primaryimage","url":"https:\/\/www.webdo.tn\/fr\/wp-content\/uploads\/2024\/09\/6a6889a66483ba5893b2333353bdaf4b.webp","contentUrl":"https:\/\/www.webdo.tn\/fr\/wp-content\/uploads\/2024\/09\/6a6889a66483ba5893b2333353bdaf4b.webp","width":750,"height":400,"caption":"Tunisie : R\u00e9cup\u00e9ration de trois terrains domaniaux agricoles \u00e0 Mahdia et Tozeur"},{"@type":"BreadcrumbList","@id":"https:\/\/www.webdo.tn\/fr\/actualite\/regions\/tunisie-recuperation-de-trois-terrains-domaniaux-agricoles-a-mahdia-et-tozeur\/216363\/#breadcrumb","itemListElement":[{"@type":"ListItem","position":1,"name":"Accueil","item":"https:\/\/www.webdo.tn\/fr\/"},{"@type":"ListItem","position":2,"name":"Tunisie : R\u00e9cup\u00e9ration de trois terrains domaniaux agricoles \u00e0 Mahdia et Tozeur"}]},{"@type":"WebSite","@id":"https:\/\/www.webdo.tn\/fr\/#website","url":"https:\/\/www.webdo.tn\/fr\/","name":"webdo","description":"Tunisie - News en Tunisie et \u00e0 l&#039;international sur Webdo.tn","publisher":{"@id":"https:\/\/www.webdo.tn\/fr\/#organization"},"potentialAction":[{"@type":"SearchAction","target":{"@type":"EntryPoint","urlTemplate":"https:\/\/www.webdo.tn\/fr\/?s={search_term_string}"},"query-input":{"@type":"PropertyValueSpecification","valueRequired":true,"valueName":"search_term_string"}}],"inLanguage":"fr-FR"},{"@type":"Organization","@id":"https:\/\/www.webdo.tn\/fr\/#organization","name":"Webdo","alternateName":"Webdo.tn","url":"https:\/\/www.webdo.tn\/fr\/","logo":{"@type":"ImageObject","inLanguage":"fr-FR","@id":"https:\/\/www.webdo.tn\/fr\/#\/schema\/logo\/image\/","url":"https:\/\/www.webdo.tn\/fr\/wp-content\/uploads\/2025\/06\/Webdo-Tunisie_168377.jpg","contentUrl":"https:\/\/www.webdo.tn\/fr\/wp-content\/uploads\/2025\/06\/Webdo-Tunisie_168377.jpg","width":301,"height":301,"caption":"Webdo"},"image":{"@id":"https:\/\/www.webdo.tn\/fr\/#\/schema\/logo\/image\/"},"sameAs":["https:\/\/www.facebook.com\/webdotn","https:\/\/x.com\/webdo_tn"],"description":"Webdo est un m\u00e9dia num\u00e9rique tunisien fond\u00e9 en 2010, sp\u00e9cialis\u00e9 dans l\u2019actualit\u00e9 nationale et internationale, l\u2019\u00e9conomie, la soci\u00e9t\u00e9 et les analyses politiques. Le site s\u2019adresse \u00e0 un large public francophone et couvre l\u2019information tunisienne en temps r\u00e9el.","email":"redac@webdo.tn","legalName":"YNJ SARL","foundingDate":"2010-09-06","numberOfEmployees":{"@type":"QuantitativeValue","minValue":"11","maxValue":"50"}},{"@type":"Person","@id":"https:\/\/www.webdo.tn\/fr\/#\/schema\/person\/1f4e491e0907b413d61089e8eb573acc","name":"Webdo","image":{"@type":"ImageObject","inLanguage":"fr-FR","@id":"https:\/\/secure.gravatar.com\/avatar\/de97aeec1bb80978a9dbb127e47dfc88aaacb2f3c29aac907d8d3222e3495d49?s=96&d=mm&r=g","url":"https:\/\/secure.gravatar.com\/avatar\/de97aeec1bb80978a9dbb127e47dfc88aaacb2f3c29aac907d8d3222e3495d49?s=96&d=mm&r=g","contentUrl":"https:\/\/secure.gravatar.com\/avatar\/de97aeec1bb80978a9dbb127e47dfc88aaacb2f3c29aac907d8d3222e3495d49?s=96&d=mm&r=g","caption":"Webdo"},"url":"https:\/\/www.webdo.tn\/fr\/actualite\/author\/webdo\/"}]}},"_links":{"self":[{"href":"https:\/\/www.webdo.tn\/fr\/wp-json\/wp\/v2\/posts\/216363","targetHints":{"allow":["GET"]}}],"collection":[{"href":"https:\/\/www.webdo.tn\/fr\/wp-json\/wp\/v2\/posts"}],"about":[{"href":"https:\/\/www.webdo.tn\/fr\/wp-json\/wp\/v2\/types\/post"}],"author":[{"embeddable":true,"href":"https:\/\/www.webdo.tn\/fr\/wp-json\/wp\/v2\/users\/3169"}],"replies":[{"embeddable":true,"href":"https:\/\/www.webdo.tn\/fr\/wp-json\/wp\/v2\/comments?post=216363"}],"version-history":[{"count":0,"href":"https:\/\/www.webdo.tn\/fr\/wp-json\/wp\/v2\/posts\/216363\/revisions"}],"wp:featuredmedia":[{"embeddable":true,"href":"https:\/\/www.webdo.tn\/fr\/wp-json\/wp\/v2\/media\/246591"}],"wp:attachment":[{"href":"https:\/\/www.webdo.tn\/fr\/wp-json\/wp\/v2\/media?parent=216363"}],"wp:term":[{"taxonomy":"category","embeddable":true,"href":"https:\/\/www.webdo.tn\/fr\/wp-json\/wp\/v2\/categories?post=216363"},{"taxonomy":"post_tag","embeddable":true,"href":"https:\/\/www.webdo.tn\/fr\/wp-json\/wp\/v2\/tags?post=216363"}],"curies":[{"name":"wp","href":"https:\/\/api.w.org\/{rel}","templated":true}]}}