{"id":216362,"date":"2024-09-13T11:49:00","date_gmt":"2024-09-13T11:49:00","guid":{"rendered":"https:\/\/www.webdo.tn\/fr\/blog\/presidentielle-demain-demarrage-de-la-campagne-electorale-en-tunisie\/216362\/"},"modified":"2025-05-20T21:49:05","modified_gmt":"2025-05-20T21:49:05","slug":"presidentielle-demain-demarrage-de-la-campagne-electorale-en-tunisie","status":"publish","type":"post","link":"https:\/\/www.webdo.tn\/fr\/actualite\/national\/presidentielle-demain-demarrage-de-la-campagne-electorale-en-tunisie\/216362\/","title":{"rendered":"Pr\u00e9sidentielle : Demain, d\u00e9marrage de la campagne \u00e9lectorale en Tunisie"},"content":{"rendered":"<p>La campagne \u00e9lectorale relative \u00e0 l\u2019\u00e9lection pr\u00e9sidentielle du 6 octobre prochain, d\u00e9marrera demain en Tunisie conform\u00e9ment au calendrier \u00e9lectoral mis en place par l\u2019ISIE.<\/p>\n<p>\t\t\t\t\t\t\t\t\tSelon le calendrier mis en place par l&rsquo;Instance sup\u00e9rieure ind\u00e9pendante pour les \u00e9lections (ISIE) la campagne \u00e9lectorale d\u00e9marrera, demain, samedi 14 septembre en Tunisie pour se terminer le 4 octobre 2024 \u00e0 minuit. A l\u2019\u00e9tranger, elle a d\u00e9marr\u00e9 le 12 septembre et prendra fin le 2 octobre.<\/p>\n<p>Concernant la p\u00e9riode de la campagne \u00e9lectorale, la loi stipule qu&rsquo;elle doit se d\u00e9rouler sur une dur\u00e9e de 21 jours, aussi bien \u00e0 l&rsquo;int\u00e9rieur qu&rsquo;\u00e0 l&rsquo;ext\u00e9rieur du pays. Le jour du scrutin \u00e0 l&rsquo;int\u00e9rieur du pays aura lieu le 6 octobre alors que le 5 sera le jour du silence \u00e9lectoral. A l&rsquo;\u00e9tranger, l&rsquo;\u00e9lection pr\u00e9sidentielle se tiendra les 4, 5 et 6 octobre.<\/p>\n<p>Rappelons, dans ce contexte que le plafond de financement de la campagne \u00e9lectorale est fix\u00e9 par d\u00e9cret pr\u00e9sidentiel, conform\u00e9ment \u00e0 la loi \u00e9lectorale, pr\u00e9cisant qu&rsquo;il n&rsquo;y a plus de financement public pour toutes les campagnes \u00e9lectorales.<\/p>\n<p>Selon un d\u00e9cret publi\u00e9 au Journal officiel, le 4 septembre 2024, le plafond des d\u00e9penses pour la campagne pr\u00e9sidentielle du premier tour est fix\u00e9 \u00e0 150.000 dinars (100 000 dinars pour le second tour), le financement de la campagne \u00e9tant exclusivement assur\u00e9 par autofinancement et financement priv\u00e9, conform\u00e9ment \u00e0 l\u2019article 75 de la loi organique n\u00b0 2014-16 du 26 mai 2014.<\/p>\n","protected":false},"excerpt":{"rendered":"<p>Selon le calendrier mis en place par l&rsquo;Instance sup\u00e9rieure ind\u00e9pendante pour les \u00e9lections (ISIE) la campagne \u00e9lectorale d\u00e9marrera, demain, samedi 14 septembre&#8230;<\/p>\n","protected":false},"author":3162,"featured_media":246588,"comment_status":"open","ping_status":"closed","sticky":false,"template":"","format":"standard","meta":{"footnotes":""},"categories":[44],"tags":[5572,4428,2884,2967,2608],"class_list":["post-216362","post","type-post","status-publish","format-standard","has-post-thumbnail","hentry","category-national","tag-campagne-electorale","tag-election-presidentielle","tag-financement","tag-isie","tag-tunisie"],"yoast_head":"<!-- This site is optimized with the Yoast SEO Premium plugin v27.4 (Yoast SEO v27.5) - https:\/\/yoast.com\/product\/yoast-seo-premium-wordpress\/ -->\n<title>Pr\u00e9sidentielle : Demain, d\u00e9marrage de la campagne \u00e9lectorale en Tunisie<\/title>\n<meta name=\"description\" content=\"Selon le calendrier mis en place par l&#039;Instance sup\u00e9rieure ind\u00e9pendante pour les \u00e9lections (ISIE) la campagne \u00e9lectorale d\u00e9marrera, demain, samedi 14 septembre...\" \/>\n<link rel=\"canonical\" href=\"https:\/\/www.webdo.tn\/fr\/actualite\/national\/presidentielle-demain-demarrage-de-la-campagne-electorale-en-tunisie\/216362\/\" \/>\n<meta property=\"og:locale\" content=\"fr_FR\" \/>\n<meta property=\"og:type\" content=\"article\" \/>\n<meta property=\"og:title\" content=\"Pr\u00e9sidentielle : Demain, d\u00e9marrage de la campagne \u00e9lectorale en Tunisie\" \/>\n<meta property=\"og:description\" content=\"Selon le calendrier mis en place par l&#039;Instance sup\u00e9rieure ind\u00e9pendante pour les \u00e9lections (ISIE) la campagne \u00e9lectorale d\u00e9marrera, demain, samedi 14 septembre...\" \/>\n<meta property=\"og:url\" content=\"https:\/\/www.webdo.tn\/fr\/actualite\/national\/presidentielle-demain-demarrage-de-la-campagne-electorale-en-tunisie\/216362\/\" \/>\n<meta property=\"og:site_name\" content=\"webdo\" \/>\n<meta property=\"article:publisher\" content=\"https:\/\/www.facebook.com\/webdotn\" \/>\n<meta property=\"article:published_time\" content=\"2024-09-13T11:49:00+00:00\" \/>\n<meta property=\"article:modified_time\" content=\"2025-05-20T21:49:05+00:00\" \/>\n<meta property=\"og:image\" content=\"https:\/\/www.webdo.tn\/fr\/wp-content\/uploads\/2024\/09\/c9ff19f13ab2e898207ad5bb6106fbb5.webp\" \/>\n\t<meta property=\"og:image:width\" content=\"750\" \/>\n\t<meta property=\"og:image:height\" content=\"400\" \/>\n\t<meta property=\"og:image:type\" content=\"image\/webp\" \/>\n<meta name=\"author\" content=\"MC\" \/>\n<meta name=\"twitter:card\" content=\"summary_large_image\" \/>\n<meta name=\"twitter:creator\" content=\"@webdo_tn\" \/>\n<meta name=\"twitter:site\" content=\"@webdo_tn\" \/>\n<meta name=\"twitter:label1\" content=\"\u00c9crit par\" \/>\n\t<meta name=\"twitter:data1\" content=\"MC\" \/>\n\t<meta name=\"twitter:label2\" content=\"Dur\u00e9e de lecture estim\u00e9e\" \/>\n\t<meta name=\"twitter:data2\" content=\"1 minute\" \/>\n<script type=\"application\/ld+json\" class=\"yoast-schema-graph\">{\"@context\":\"https:\\\/\\\/schema.org\",\"@graph\":[{\"@type\":\"NewsArticle\",\"@id\":\"https:\\\/\\\/www.webdo.tn\\\/fr\\\/actualite\\\/national\\\/presidentielle-demain-demarrage-de-la-campagne-electorale-en-tunisie\\\/216362\\\/#article\",\"isPartOf\":{\"@id\":\"https:\\\/\\\/www.webdo.tn\\\/fr\\\/actualite\\\/national\\\/presidentielle-demain-demarrage-de-la-campagne-electorale-en-tunisie\\\/216362\\\/\"},\"author\":{\"name\":\"MC\",\"@id\":\"https:\\\/\\\/www.webdo.tn\\\/fr\\\/#\\\/schema\\\/person\\\/2c4929cbf5a809e3bd38617c6ce150f6\"},\"headline\":\"Pr\u00e9sidentielle : Demain, d\u00e9marrage de la campagne \u00e9lectorale en Tunisie\",\"datePublished\":\"2024-09-13T11:49:00+00:00\",\"dateModified\":\"2025-05-20T21:49:05+00:00\",\"mainEntityOfPage\":{\"@id\":\"https:\\\/\\\/www.webdo.tn\\\/fr\\\/actualite\\\/national\\\/presidentielle-demain-demarrage-de-la-campagne-electorale-en-tunisie\\\/216362\\\/\"},\"wordCount\":250,\"commentCount\":0,\"publisher\":{\"@id\":\"https:\\\/\\\/www.webdo.tn\\\/fr\\\/#organization\"},\"image\":{\"@id\":\"https:\\\/\\\/www.webdo.tn\\\/fr\\\/actualite\\\/national\\\/presidentielle-demain-demarrage-de-la-campagne-electorale-en-tunisie\\\/216362\\\/#primaryimage\"},\"thumbnailUrl\":\"https:\\\/\\\/www.webdo.tn\\\/fr\\\/wp-content\\\/uploads\\\/2024\\\/09\\\/c9ff19f13ab2e898207ad5bb6106fbb5.webp\",\"keywords\":[\"campagne \u00e9lectorale\",\"\u00e9lection pr\u00e9sidentielle\",\"financement\",\"ISIE\",\"Tunisie\"],\"articleSection\":[\"National\"],\"inLanguage\":\"fr-FR\"},{\"@type\":\"WebPage\",\"@id\":\"https:\\\/\\\/www.webdo.tn\\\/fr\\\/actualite\\\/national\\\/presidentielle-demain-demarrage-de-la-campagne-electorale-en-tunisie\\\/216362\\\/\",\"url\":\"https:\\\/\\\/www.webdo.tn\\\/fr\\\/actualite\\\/national\\\/presidentielle-demain-demarrage-de-la-campagne-electorale-en-tunisie\\\/216362\\\/\",\"name\":\"Pr\u00e9sidentielle : Demain, d\u00e9marrage de la campagne \u00e9lectorale en Tunisie\",\"isPartOf\":{\"@id\":\"https:\\\/\\\/www.webdo.tn\\\/fr\\\/#website\"},\"primaryImageOfPage\":{\"@id\":\"https:\\\/\\\/www.webdo.tn\\\/fr\\\/actualite\\\/national\\\/presidentielle-demain-demarrage-de-la-campagne-electorale-en-tunisie\\\/216362\\\/#primaryimage\"},\"image\":{\"@id\":\"https:\\\/\\\/www.webdo.tn\\\/fr\\\/actualite\\\/national\\\/presidentielle-demain-demarrage-de-la-campagne-electorale-en-tunisie\\\/216362\\\/#primaryimage\"},\"thumbnailUrl\":\"https:\\\/\\\/www.webdo.tn\\\/fr\\\/wp-content\\\/uploads\\\/2024\\\/09\\\/c9ff19f13ab2e898207ad5bb6106fbb5.webp\",\"datePublished\":\"2024-09-13T11:49:00+00:00\",\"dateModified\":\"2025-05-20T21:49:05+00:00\",\"description\":\"Selon le calendrier mis en place par l'Instance sup\u00e9rieure ind\u00e9pendante pour les \u00e9lections (ISIE) la campagne \u00e9lectorale d\u00e9marrera, demain, samedi 14 septembre...\",\"breadcrumb\":{\"@id\":\"https:\\\/\\\/www.webdo.tn\\\/fr\\\/actualite\\\/national\\\/presidentielle-demain-demarrage-de-la-campagne-electorale-en-tunisie\\\/216362\\\/#breadcrumb\"},\"inLanguage\":\"fr-FR\",\"potentialAction\":[{\"@type\":\"ReadAction\",\"target\":[\"https:\\\/\\\/www.webdo.tn\\\/fr\\\/actualite\\\/national\\\/presidentielle-demain-demarrage-de-la-campagne-electorale-en-tunisie\\\/216362\\\/\"]}]},{\"@type\":\"ImageObject\",\"inLanguage\":\"fr-FR\",\"@id\":\"https:\\\/\\\/www.webdo.tn\\\/fr\\\/actualite\\\/national\\\/presidentielle-demain-demarrage-de-la-campagne-electorale-en-tunisie\\\/216362\\\/#primaryimage\",\"url\":\"https:\\\/\\\/www.webdo.tn\\\/fr\\\/wp-content\\\/uploads\\\/2024\\\/09\\\/c9ff19f13ab2e898207ad5bb6106fbb5.webp\",\"contentUrl\":\"https:\\\/\\\/www.webdo.tn\\\/fr\\\/wp-content\\\/uploads\\\/2024\\\/09\\\/c9ff19f13ab2e898207ad5bb6106fbb5.webp\",\"width\":750,\"height\":400,\"caption\":\"Pr\u00e9sidentielle : Demain, d\u00e9marrage de la campagne \u00e9lectorale en Tunisie\"},{\"@type\":\"BreadcrumbList\",\"@id\":\"https:\\\/\\\/www.webdo.tn\\\/fr\\\/actualite\\\/national\\\/presidentielle-demain-demarrage-de-la-campagne-electorale-en-tunisie\\\/216362\\\/#breadcrumb\",\"itemListElement\":[{\"@type\":\"ListItem\",\"position\":1,\"name\":\"Accueil\",\"item\":\"https:\\\/\\\/www.webdo.tn\\\/fr\\\/\"},{\"@type\":\"ListItem\",\"position\":2,\"name\":\"Pr\u00e9sidentielle : Demain, d\u00e9marrage de la campagne \u00e9lectorale en Tunisie\"}]},{\"@type\":\"WebSite\",\"@id\":\"https:\\\/\\\/www.webdo.tn\\\/fr\\\/#website\",\"url\":\"https:\\\/\\\/www.webdo.tn\\\/fr\\\/\",\"name\":\"webdo\",\"description\":\"Tunisie - News en Tunisie et \u00e0 l&#039;international sur Webdo.tn\",\"publisher\":{\"@id\":\"https:\\\/\\\/www.webdo.tn\\\/fr\\\/#organization\"},\"potentialAction\":[{\"@type\":\"SearchAction\",\"target\":{\"@type\":\"EntryPoint\",\"urlTemplate\":\"https:\\\/\\\/www.webdo.tn\\\/fr\\\/?s={search_term_string}\"},\"query-input\":{\"@type\":\"PropertyValueSpecification\",\"valueRequired\":true,\"valueName\":\"search_term_string\"}}],\"inLanguage\":\"fr-FR\"},{\"@type\":\"Organization\",\"@id\":\"https:\\\/\\\/www.webdo.tn\\\/fr\\\/#organization\",\"name\":\"Webdo\",\"alternateName\":\"Webdo.tn\",\"url\":\"https:\\\/\\\/www.webdo.tn\\\/fr\\\/\",\"logo\":{\"@type\":\"ImageObject\",\"inLanguage\":\"fr-FR\",\"@id\":\"https:\\\/\\\/www.webdo.tn\\\/fr\\\/#\\\/schema\\\/logo\\\/image\\\/\",\"url\":\"https:\\\/\\\/www.webdo.tn\\\/fr\\\/wp-content\\\/uploads\\\/2025\\\/06\\\/Webdo-Tunisie_168377.jpg\",\"contentUrl\":\"https:\\\/\\\/www.webdo.tn\\\/fr\\\/wp-content\\\/uploads\\\/2025\\\/06\\\/Webdo-Tunisie_168377.jpg\",\"width\":301,\"height\":301,\"caption\":\"Webdo\"},\"image\":{\"@id\":\"https:\\\/\\\/www.webdo.tn\\\/fr\\\/#\\\/schema\\\/logo\\\/image\\\/\"},\"sameAs\":[\"https:\\\/\\\/www.facebook.com\\\/webdotn\",\"https:\\\/\\\/x.com\\\/webdo_tn\"],\"description\":\"Webdo est un m\u00e9dia num\u00e9rique tunisien fond\u00e9 en 2010, sp\u00e9cialis\u00e9 dans l\u2019actualit\u00e9 nationale et internationale, l\u2019\u00e9conomie, la soci\u00e9t\u00e9 et les analyses politiques. Le site s\u2019adresse \u00e0 un large public francophone et couvre l\u2019information tunisienne en temps r\u00e9el.\",\"email\":\"redac@webdo.tn\",\"legalName\":\"YNJ SARL\",\"foundingDate\":\"2010-09-06\",\"numberOfEmployees\":{\"@type\":\"QuantitativeValue\",\"minValue\":\"11\",\"maxValue\":\"50\"}},{\"@type\":\"Person\",\"@id\":\"https:\\\/\\\/www.webdo.tn\\\/fr\\\/#\\\/schema\\\/person\\\/2c4929cbf5a809e3bd38617c6ce150f6\",\"name\":\"MC\",\"image\":{\"@type\":\"ImageObject\",\"inLanguage\":\"fr-FR\",\"@id\":\"https:\\\/\\\/secure.gravatar.com\\\/avatar\\\/a545bbb6f84efdd5553dbbc2895e3ca8f1d12c5215e00a041c9670b54aa9b18a?s=96&d=mm&r=g\",\"url\":\"https:\\\/\\\/secure.gravatar.com\\\/avatar\\\/a545bbb6f84efdd5553dbbc2895e3ca8f1d12c5215e00a041c9670b54aa9b18a?s=96&d=mm&r=g\",\"contentUrl\":\"https:\\\/\\\/secure.gravatar.com\\\/avatar\\\/a545bbb6f84efdd5553dbbc2895e3ca8f1d12c5215e00a041c9670b54aa9b18a?s=96&d=mm&r=g\",\"caption\":\"MC\"},\"url\":\"https:\\\/\\\/www.webdo.tn\\\/fr\\\/actualite\\\/author\\\/mc\\\/\"}]}<\/script>\n<!-- \/ Yoast SEO Premium plugin. -->","yoast_head_json":{"title":"Pr\u00e9sidentielle : Demain, d\u00e9marrage de la campagne \u00e9lectorale en Tunisie","description":"Selon le calendrier mis en place par l'Instance sup\u00e9rieure ind\u00e9pendante pour les \u00e9lections (ISIE) la campagne \u00e9lectorale d\u00e9marrera, demain, samedi 14 septembre...","canonical":"https:\/\/www.webdo.tn\/fr\/actualite\/national\/presidentielle-demain-demarrage-de-la-campagne-electorale-en-tunisie\/216362\/","og_locale":"fr_FR","og_type":"article","og_title":"Pr\u00e9sidentielle : Demain, d\u00e9marrage de la campagne \u00e9lectorale en Tunisie","og_description":"Selon le calendrier mis en place par l'Instance sup\u00e9rieure ind\u00e9pendante pour les \u00e9lections (ISIE) la campagne \u00e9lectorale d\u00e9marrera, demain, samedi 14 septembre...","og_url":"https:\/\/www.webdo.tn\/fr\/actualite\/national\/presidentielle-demain-demarrage-de-la-campagne-electorale-en-tunisie\/216362\/","og_site_name":"webdo","article_publisher":"https:\/\/www.facebook.com\/webdotn","article_published_time":"2024-09-13T11:49:00+00:00","article_modified_time":"2025-05-20T21:49:05+00:00","og_image":[{"width":750,"height":400,"url":"https:\/\/www.webdo.tn\/fr\/wp-content\/uploads\/2024\/09\/c9ff19f13ab2e898207ad5bb6106fbb5.webp","type":"image\/webp"}],"author":"MC","twitter_card":"summary_large_image","twitter_creator":"@webdo_tn","twitter_site":"@webdo_tn","twitter_misc":{"\u00c9crit par":"MC","Dur\u00e9e de lecture estim\u00e9e":"1 minute"},"schema":{"@context":"https:\/\/schema.org","@graph":[{"@type":"NewsArticle","@id":"https:\/\/www.webdo.tn\/fr\/actualite\/national\/presidentielle-demain-demarrage-de-la-campagne-electorale-en-tunisie\/216362\/#article","isPartOf":{"@id":"https:\/\/www.webdo.tn\/fr\/actualite\/national\/presidentielle-demain-demarrage-de-la-campagne-electorale-en-tunisie\/216362\/"},"author":{"name":"MC","@id":"https:\/\/www.webdo.tn\/fr\/#\/schema\/person\/2c4929cbf5a809e3bd38617c6ce150f6"},"headline":"Pr\u00e9sidentielle : Demain, d\u00e9marrage de la campagne \u00e9lectorale en Tunisie","datePublished":"2024-09-13T11:49:00+00:00","dateModified":"2025-05-20T21:49:05+00:00","mainEntityOfPage":{"@id":"https:\/\/www.webdo.tn\/fr\/actualite\/national\/presidentielle-demain-demarrage-de-la-campagne-electorale-en-tunisie\/216362\/"},"wordCount":250,"commentCount":0,"publisher":{"@id":"https:\/\/www.webdo.tn\/fr\/#organization"},"image":{"@id":"https:\/\/www.webdo.tn\/fr\/actualite\/national\/presidentielle-demain-demarrage-de-la-campagne-electorale-en-tunisie\/216362\/#primaryimage"},"thumbnailUrl":"https:\/\/www.webdo.tn\/fr\/wp-content\/uploads\/2024\/09\/c9ff19f13ab2e898207ad5bb6106fbb5.webp","keywords":["campagne \u00e9lectorale","\u00e9lection pr\u00e9sidentielle","financement","ISIE","Tunisie"],"articleSection":["National"],"inLanguage":"fr-FR"},{"@type":"WebPage","@id":"https:\/\/www.webdo.tn\/fr\/actualite\/national\/presidentielle-demain-demarrage-de-la-campagne-electorale-en-tunisie\/216362\/","url":"https:\/\/www.webdo.tn\/fr\/actualite\/national\/presidentielle-demain-demarrage-de-la-campagne-electorale-en-tunisie\/216362\/","name":"Pr\u00e9sidentielle : Demain, d\u00e9marrage de la campagne \u00e9lectorale en Tunisie","isPartOf":{"@id":"https:\/\/www.webdo.tn\/fr\/#website"},"primaryImageOfPage":{"@id":"https:\/\/www.webdo.tn\/fr\/actualite\/national\/presidentielle-demain-demarrage-de-la-campagne-electorale-en-tunisie\/216362\/#primaryimage"},"image":{"@id":"https:\/\/www.webdo.tn\/fr\/actualite\/national\/presidentielle-demain-demarrage-de-la-campagne-electorale-en-tunisie\/216362\/#primaryimage"},"thumbnailUrl":"https:\/\/www.webdo.tn\/fr\/wp-content\/uploads\/2024\/09\/c9ff19f13ab2e898207ad5bb6106fbb5.webp","datePublished":"2024-09-13T11:49:00+00:00","dateModified":"2025-05-20T21:49:05+00:00","description":"Selon le calendrier mis en place par l'Instance sup\u00e9rieure ind\u00e9pendante pour les \u00e9lections (ISIE) la campagne \u00e9lectorale d\u00e9marrera, demain, samedi 14 septembre...","breadcrumb":{"@id":"https:\/\/www.webdo.tn\/fr\/actualite\/national\/presidentielle-demain-demarrage-de-la-campagne-electorale-en-tunisie\/216362\/#breadcrumb"},"inLanguage":"fr-FR","potentialAction":[{"@type":"ReadAction","target":["https:\/\/www.webdo.tn\/fr\/actualite\/national\/presidentielle-demain-demarrage-de-la-campagne-electorale-en-tunisie\/216362\/"]}]},{"@type":"ImageObject","inLanguage":"fr-FR","@id":"https:\/\/www.webdo.tn\/fr\/actualite\/national\/presidentielle-demain-demarrage-de-la-campagne-electorale-en-tunisie\/216362\/#primaryimage","url":"https:\/\/www.webdo.tn\/fr\/wp-content\/uploads\/2024\/09\/c9ff19f13ab2e898207ad5bb6106fbb5.webp","contentUrl":"https:\/\/www.webdo.tn\/fr\/wp-content\/uploads\/2024\/09\/c9ff19f13ab2e898207ad5bb6106fbb5.webp","width":750,"height":400,"caption":"Pr\u00e9sidentielle : Demain, d\u00e9marrage de la campagne \u00e9lectorale en Tunisie"},{"@type":"BreadcrumbList","@id":"https:\/\/www.webdo.tn\/fr\/actualite\/national\/presidentielle-demain-demarrage-de-la-campagne-electorale-en-tunisie\/216362\/#breadcrumb","itemListElement":[{"@type":"ListItem","position":1,"name":"Accueil","item":"https:\/\/www.webdo.tn\/fr\/"},{"@type":"ListItem","position":2,"name":"Pr\u00e9sidentielle : Demain, d\u00e9marrage de la campagne \u00e9lectorale en Tunisie"}]},{"@type":"WebSite","@id":"https:\/\/www.webdo.tn\/fr\/#website","url":"https:\/\/www.webdo.tn\/fr\/","name":"webdo","description":"Tunisie - News en Tunisie et \u00e0 l&#039;international sur Webdo.tn","publisher":{"@id":"https:\/\/www.webdo.tn\/fr\/#organization"},"potentialAction":[{"@type":"SearchAction","target":{"@type":"EntryPoint","urlTemplate":"https:\/\/www.webdo.tn\/fr\/?s={search_term_string}"},"query-input":{"@type":"PropertyValueSpecification","valueRequired":true,"valueName":"search_term_string"}}],"inLanguage":"fr-FR"},{"@type":"Organization","@id":"https:\/\/www.webdo.tn\/fr\/#organization","name":"Webdo","alternateName":"Webdo.tn","url":"https:\/\/www.webdo.tn\/fr\/","logo":{"@type":"ImageObject","inLanguage":"fr-FR","@id":"https:\/\/www.webdo.tn\/fr\/#\/schema\/logo\/image\/","url":"https:\/\/www.webdo.tn\/fr\/wp-content\/uploads\/2025\/06\/Webdo-Tunisie_168377.jpg","contentUrl":"https:\/\/www.webdo.tn\/fr\/wp-content\/uploads\/2025\/06\/Webdo-Tunisie_168377.jpg","width":301,"height":301,"caption":"Webdo"},"image":{"@id":"https:\/\/www.webdo.tn\/fr\/#\/schema\/logo\/image\/"},"sameAs":["https:\/\/www.facebook.com\/webdotn","https:\/\/x.com\/webdo_tn"],"description":"Webdo est un m\u00e9dia num\u00e9rique tunisien fond\u00e9 en 2010, sp\u00e9cialis\u00e9 dans l\u2019actualit\u00e9 nationale et internationale, l\u2019\u00e9conomie, la soci\u00e9t\u00e9 et les analyses politiques. Le site s\u2019adresse \u00e0 un large public francophone et couvre l\u2019information tunisienne en temps r\u00e9el.","email":"redac@webdo.tn","legalName":"YNJ SARL","foundingDate":"2010-09-06","numberOfEmployees":{"@type":"QuantitativeValue","minValue":"11","maxValue":"50"}},{"@type":"Person","@id":"https:\/\/www.webdo.tn\/fr\/#\/schema\/person\/2c4929cbf5a809e3bd38617c6ce150f6","name":"MC","image":{"@type":"ImageObject","inLanguage":"fr-FR","@id":"https:\/\/secure.gravatar.com\/avatar\/a545bbb6f84efdd5553dbbc2895e3ca8f1d12c5215e00a041c9670b54aa9b18a?s=96&d=mm&r=g","url":"https:\/\/secure.gravatar.com\/avatar\/a545bbb6f84efdd5553dbbc2895e3ca8f1d12c5215e00a041c9670b54aa9b18a?s=96&d=mm&r=g","contentUrl":"https:\/\/secure.gravatar.com\/avatar\/a545bbb6f84efdd5553dbbc2895e3ca8f1d12c5215e00a041c9670b54aa9b18a?s=96&d=mm&r=g","caption":"MC"},"url":"https:\/\/www.webdo.tn\/fr\/actualite\/author\/mc\/"}]}},"_links":{"self":[{"href":"https:\/\/www.webdo.tn\/fr\/wp-json\/wp\/v2\/posts\/216362","targetHints":{"allow":["GET"]}}],"collection":[{"href":"https:\/\/www.webdo.tn\/fr\/wp-json\/wp\/v2\/posts"}],"about":[{"href":"https:\/\/www.webdo.tn\/fr\/wp-json\/wp\/v2\/types\/post"}],"author":[{"embeddable":true,"href":"https:\/\/www.webdo.tn\/fr\/wp-json\/wp\/v2\/users\/3162"}],"replies":[{"embeddable":true,"href":"https:\/\/www.webdo.tn\/fr\/wp-json\/wp\/v2\/comments?post=216362"}],"version-history":[{"count":0,"href":"https:\/\/www.webdo.tn\/fr\/wp-json\/wp\/v2\/posts\/216362\/revisions"}],"wp:featuredmedia":[{"embeddable":true,"href":"https:\/\/www.webdo.tn\/fr\/wp-json\/wp\/v2\/media\/246588"}],"wp:attachment":[{"href":"https:\/\/www.webdo.tn\/fr\/wp-json\/wp\/v2\/media?parent=216362"}],"wp:term":[{"taxonomy":"category","embeddable":true,"href":"https:\/\/www.webdo.tn\/fr\/wp-json\/wp\/v2\/categories?post=216362"},{"taxonomy":"post_tag","embeddable":true,"href":"https:\/\/www.webdo.tn\/fr\/wp-json\/wp\/v2\/tags?post=216362"}],"curies":[{"name":"wp","href":"https:\/\/api.w.org\/{rel}","templated":true}]}}