{"id":216347,"date":"2024-09-12T21:37:00","date_gmt":"2024-09-12T21:37:00","guid":{"rendered":"https:\/\/www.webdo.tn\/fr\/blog\/tunisie-l-union-des-agriculteurs-denonce-le-manque-de-controle-des-pesticides\/216347\/"},"modified":"2025-05-21T09:03:27","modified_gmt":"2025-05-21T09:03:27","slug":"tunisie-l-union-des-agriculteurs-denonce-le-manque-de-controle-des-pesticides","status":"publish","type":"post","link":"https:\/\/www.webdo.tn\/fr\/actualite\/national\/tunisie-l-union-des-agriculteurs-denonce-le-manque-de-controle-des-pesticides\/216347\/","title":{"rendered":"Tunisie : l&rsquo;UTAP d\u00e9nonce le manque de contr\u00f4le des pesticides"},"content":{"rendered":"<p>Ibrahim Trabelsi, membre du bureau ex\u00e9cutif de l&rsquo;Union tunisienne de l&rsquo;agriculture et de la p\u00eache, a tir\u00e9 la sonnette d&rsquo;alarme sur l&rsquo;absence de surveillance rigoureuse concernant l&rsquo;importation de pesticides en Tunisie.<\/p>\n<p>\t\t\t\t\t\t\t\t\tDans une intervention sur les ondes de Mosa\u00efque FM, il a relay\u00e9 les plaintes des agriculteurs, qui d\u00e9noncent l&rsquo;inefficacit\u00e9 de ces produits : \u00ab Les agriculteurs affirment que les pesticides ne fonctionnent pas comme attendu, ce qui appelle une r\u00e9vision urgente de cette situation par l&rsquo;\u00c9tat \u00bb.<\/p>\n<p>Une \u00e9tude r\u00e9alis\u00e9e par la fondation allemande Heinrich-B\u00f6ll-Stiftung vient corroborer ces pr\u00e9occupations, r\u00e9v\u00e9lant que plusieurs types de pesticides interdits en Europe sont encore en circulation sur le march\u00e9 tunisien. L&rsquo;\u00e9tude souligne que, bien que la Tunisie ne produise pas elle-m\u00eame de pesticides, elle a import\u00e9 plus de 4161 tonnes de ces produits en 2022, soit une baisse de 33 % par rapport \u00e0 l&rsquo;ann\u00e9e pr\u00e9c\u00e9dente.<\/p>\n<p>Cependant, cette diminution des importations serait davantage li\u00e9e \u00e0 la r\u00e9duction des surfaces agricoles, caus\u00e9e par la s\u00e9cheresse et le manque d&rsquo;eau, plut\u00f4t qu&rsquo;\u00e0 une prise de conscience collective concernant les risques li\u00e9s \u00e0 l&rsquo;utilisation de ces substances dangereuses.<\/p>\n<p>Ces r\u00e9v\u00e9lations appellent \u00e0 une vigilance accrue et \u00e0 une r\u00e9forme en profondeur des m\u00e9canismes de contr\u00f4le sur l&rsquo;importation et l&rsquo;utilisation des pesticides en Tunisie.<\/p>\n","protected":false},"excerpt":{"rendered":"<p>L&rsquo;importation de pesticides en Tunisie \u00e9chappe \u00e0 un contr\u00f4le rigoureux, selon l&rsquo;Union des agriculteurs, alors que des produits interdits en Europe sont toujours&#8230;<\/p>\n","protected":false},"author":3166,"featured_media":246583,"comment_status":"open","ping_status":"closed","sticky":false,"template":"","format":"standard","meta":{"footnotes":""},"categories":[44],"tags":[3271,3992,2608],"class_list":["post-216347","post","type-post","status-publish","format-standard","has-post-thumbnail","hentry","category-national","tag-agriculture","tag-pesticide","tag-tunisie"],"yoast_head":"<!-- This site is optimized with the Yoast SEO Premium plugin v27.5 (Yoast SEO v27.5) - https:\/\/yoast.com\/product\/yoast-seo-premium-wordpress\/ -->\n<title>Tunisie : l&#039;UTAP d\u00e9nonce le manque de contr\u00f4le des pesticides<\/title>\n<meta name=\"description\" content=\"L&#039;importation de pesticides en Tunisie \u00e9chappe \u00e0 un contr\u00f4le rigoureux, selon l&#039;Union des agriculteurs, alors que des produits interdits en Europe sont toujours...\" \/>\n<link rel=\"canonical\" href=\"https:\/\/www.webdo.tn\/fr\/actualite\/national\/tunisie-l-union-des-agriculteurs-denonce-le-manque-de-controle-des-pesticides\/216347\/\" \/>\n<meta property=\"og:locale\" content=\"fr_FR\" \/>\n<meta property=\"og:type\" content=\"article\" \/>\n<meta property=\"og:title\" content=\"Tunisie : l&#039;UTAP d\u00e9nonce le manque de contr\u00f4le des pesticides\" \/>\n<meta property=\"og:description\" content=\"L&#039;importation de pesticides en Tunisie \u00e9chappe \u00e0 un contr\u00f4le rigoureux, selon l&#039;Union des agriculteurs, alors que des produits interdits en Europe sont toujours...\" \/>\n<meta property=\"og:url\" content=\"https:\/\/www.webdo.tn\/fr\/actualite\/national\/tunisie-l-union-des-agriculteurs-denonce-le-manque-de-controle-des-pesticides\/216347\/\" \/>\n<meta property=\"og:site_name\" content=\"webdo\" \/>\n<meta property=\"article:publisher\" content=\"https:\/\/www.facebook.com\/webdotn\" \/>\n<meta property=\"article:published_time\" content=\"2024-09-12T21:37:00+00:00\" \/>\n<meta property=\"article:modified_time\" content=\"2025-05-21T09:03:27+00:00\" \/>\n<meta property=\"og:image\" content=\"https:\/\/www.webdo.tn\/fr\/wp-content\/uploads\/2024\/09\/b8be6a95035638f78198a157cea93e55.webp\" \/>\n\t<meta property=\"og:image:width\" content=\"750\" \/>\n\t<meta property=\"og:image:height\" content=\"400\" \/>\n\t<meta property=\"og:image:type\" content=\"image\/webp\" \/>\n<meta name=\"author\" content=\"AZ\" \/>\n<meta name=\"twitter:card\" content=\"summary_large_image\" \/>\n<meta name=\"twitter:creator\" content=\"@webdo_tn\" \/>\n<meta name=\"twitter:site\" content=\"@webdo_tn\" \/>\n<meta name=\"twitter:label1\" content=\"\u00c9crit par\" \/>\n\t<meta name=\"twitter:data1\" content=\"AZ\" \/>\n\t<meta name=\"twitter:label2\" content=\"Dur\u00e9e de lecture estim\u00e9e\" \/>\n\t<meta name=\"twitter:data2\" content=\"1 minute\" \/>\n<script type=\"application\/ld+json\" class=\"yoast-schema-graph\">{\"@context\":\"https:\\\/\\\/schema.org\",\"@graph\":[{\"@type\":\"NewsArticle\",\"@id\":\"https:\\\/\\\/www.webdo.tn\\\/fr\\\/actualite\\\/national\\\/tunisie-l-union-des-agriculteurs-denonce-le-manque-de-controle-des-pesticides\\\/216347\\\/#article\",\"isPartOf\":{\"@id\":\"https:\\\/\\\/www.webdo.tn\\\/fr\\\/actualite\\\/national\\\/tunisie-l-union-des-agriculteurs-denonce-le-manque-de-controle-des-pesticides\\\/216347\\\/\"},\"author\":{\"name\":\"AZ\",\"@id\":\"https:\\\/\\\/www.webdo.tn\\\/fr\\\/#\\\/schema\\\/person\\\/b8a41c04d93287d375510db360906b34\"},\"headline\":\"Tunisie : l&rsquo;UTAP d\u00e9nonce le manque de contr\u00f4le des pesticides\",\"datePublished\":\"2024-09-12T21:37:00+00:00\",\"dateModified\":\"2025-05-21T09:03:27+00:00\",\"mainEntityOfPage\":{\"@id\":\"https:\\\/\\\/www.webdo.tn\\\/fr\\\/actualite\\\/national\\\/tunisie-l-union-des-agriculteurs-denonce-le-manque-de-controle-des-pesticides\\\/216347\\\/\"},\"wordCount\":246,\"commentCount\":0,\"publisher\":{\"@id\":\"https:\\\/\\\/www.webdo.tn\\\/fr\\\/#organization\"},\"image\":{\"@id\":\"https:\\\/\\\/www.webdo.tn\\\/fr\\\/actualite\\\/national\\\/tunisie-l-union-des-agriculteurs-denonce-le-manque-de-controle-des-pesticides\\\/216347\\\/#primaryimage\"},\"thumbnailUrl\":\"https:\\\/\\\/www.webdo.tn\\\/fr\\\/wp-content\\\/uploads\\\/2024\\\/09\\\/b8be6a95035638f78198a157cea93e55.webp\",\"keywords\":[\"agriculture\",\"Pesticide\",\"Tunisie\"],\"articleSection\":[\"National\"],\"inLanguage\":\"fr-FR\"},{\"@type\":\"WebPage\",\"@id\":\"https:\\\/\\\/www.webdo.tn\\\/fr\\\/actualite\\\/national\\\/tunisie-l-union-des-agriculteurs-denonce-le-manque-de-controle-des-pesticides\\\/216347\\\/\",\"url\":\"https:\\\/\\\/www.webdo.tn\\\/fr\\\/actualite\\\/national\\\/tunisie-l-union-des-agriculteurs-denonce-le-manque-de-controle-des-pesticides\\\/216347\\\/\",\"name\":\"Tunisie : l'UTAP d\u00e9nonce le manque de contr\u00f4le des pesticides\",\"isPartOf\":{\"@id\":\"https:\\\/\\\/www.webdo.tn\\\/fr\\\/#website\"},\"primaryImageOfPage\":{\"@id\":\"https:\\\/\\\/www.webdo.tn\\\/fr\\\/actualite\\\/national\\\/tunisie-l-union-des-agriculteurs-denonce-le-manque-de-controle-des-pesticides\\\/216347\\\/#primaryimage\"},\"image\":{\"@id\":\"https:\\\/\\\/www.webdo.tn\\\/fr\\\/actualite\\\/national\\\/tunisie-l-union-des-agriculteurs-denonce-le-manque-de-controle-des-pesticides\\\/216347\\\/#primaryimage\"},\"thumbnailUrl\":\"https:\\\/\\\/www.webdo.tn\\\/fr\\\/wp-content\\\/uploads\\\/2024\\\/09\\\/b8be6a95035638f78198a157cea93e55.webp\",\"datePublished\":\"2024-09-12T21:37:00+00:00\",\"dateModified\":\"2025-05-21T09:03:27+00:00\",\"description\":\"L'importation de pesticides en Tunisie \u00e9chappe \u00e0 un contr\u00f4le rigoureux, selon l'Union des agriculteurs, alors que des produits interdits en Europe sont toujours...\",\"breadcrumb\":{\"@id\":\"https:\\\/\\\/www.webdo.tn\\\/fr\\\/actualite\\\/national\\\/tunisie-l-union-des-agriculteurs-denonce-le-manque-de-controle-des-pesticides\\\/216347\\\/#breadcrumb\"},\"inLanguage\":\"fr-FR\",\"potentialAction\":[{\"@type\":\"ReadAction\",\"target\":[\"https:\\\/\\\/www.webdo.tn\\\/fr\\\/actualite\\\/national\\\/tunisie-l-union-des-agriculteurs-denonce-le-manque-de-controle-des-pesticides\\\/216347\\\/\"]}]},{\"@type\":\"ImageObject\",\"inLanguage\":\"fr-FR\",\"@id\":\"https:\\\/\\\/www.webdo.tn\\\/fr\\\/actualite\\\/national\\\/tunisie-l-union-des-agriculteurs-denonce-le-manque-de-controle-des-pesticides\\\/216347\\\/#primaryimage\",\"url\":\"https:\\\/\\\/www.webdo.tn\\\/fr\\\/wp-content\\\/uploads\\\/2024\\\/09\\\/b8be6a95035638f78198a157cea93e55.webp\",\"contentUrl\":\"https:\\\/\\\/www.webdo.tn\\\/fr\\\/wp-content\\\/uploads\\\/2024\\\/09\\\/b8be6a95035638f78198a157cea93e55.webp\",\"width\":750,\"height\":400,\"caption\":\"Tunisie : l'UTAP d\u00e9nonce le manque de contr\u00f4le des pesticides\"},{\"@type\":\"BreadcrumbList\",\"@id\":\"https:\\\/\\\/www.webdo.tn\\\/fr\\\/actualite\\\/national\\\/tunisie-l-union-des-agriculteurs-denonce-le-manque-de-controle-des-pesticides\\\/216347\\\/#breadcrumb\",\"itemListElement\":[{\"@type\":\"ListItem\",\"position\":1,\"name\":\"Accueil\",\"item\":\"https:\\\/\\\/www.webdo.tn\\\/fr\\\/\"},{\"@type\":\"ListItem\",\"position\":2,\"name\":\"Tunisie : l&#8217;UTAP d\u00e9nonce le manque de contr\u00f4le des pesticides\"}]},{\"@type\":\"WebSite\",\"@id\":\"https:\\\/\\\/www.webdo.tn\\\/fr\\\/#website\",\"url\":\"https:\\\/\\\/www.webdo.tn\\\/fr\\\/\",\"name\":\"webdo\",\"description\":\"Tunisie - News en Tunisie et \u00e0 l&#039;international sur Webdo.tn\",\"publisher\":{\"@id\":\"https:\\\/\\\/www.webdo.tn\\\/fr\\\/#organization\"},\"potentialAction\":[{\"@type\":\"SearchAction\",\"target\":{\"@type\":\"EntryPoint\",\"urlTemplate\":\"https:\\\/\\\/www.webdo.tn\\\/fr\\\/?s={search_term_string}\"},\"query-input\":{\"@type\":\"PropertyValueSpecification\",\"valueRequired\":true,\"valueName\":\"search_term_string\"}}],\"inLanguage\":\"fr-FR\"},{\"@type\":\"Organization\",\"@id\":\"https:\\\/\\\/www.webdo.tn\\\/fr\\\/#organization\",\"name\":\"Webdo\",\"alternateName\":\"Webdo.tn\",\"url\":\"https:\\\/\\\/www.webdo.tn\\\/fr\\\/\",\"logo\":{\"@type\":\"ImageObject\",\"inLanguage\":\"fr-FR\",\"@id\":\"https:\\\/\\\/www.webdo.tn\\\/fr\\\/#\\\/schema\\\/logo\\\/image\\\/\",\"url\":\"https:\\\/\\\/www.webdo.tn\\\/fr\\\/wp-content\\\/uploads\\\/2025\\\/06\\\/Webdo-Tunisie_168377.jpg\",\"contentUrl\":\"https:\\\/\\\/www.webdo.tn\\\/fr\\\/wp-content\\\/uploads\\\/2025\\\/06\\\/Webdo-Tunisie_168377.jpg\",\"width\":301,\"height\":301,\"caption\":\"Webdo\"},\"image\":{\"@id\":\"https:\\\/\\\/www.webdo.tn\\\/fr\\\/#\\\/schema\\\/logo\\\/image\\\/\"},\"sameAs\":[\"https:\\\/\\\/www.facebook.com\\\/webdotn\",\"https:\\\/\\\/x.com\\\/webdo_tn\"],\"description\":\"Webdo est un m\u00e9dia num\u00e9rique tunisien fond\u00e9 en 2010, sp\u00e9cialis\u00e9 dans l\u2019actualit\u00e9 nationale et internationale, l\u2019\u00e9conomie, la soci\u00e9t\u00e9 et les analyses politiques. Le site s\u2019adresse \u00e0 un large public francophone et couvre l\u2019information tunisienne en temps r\u00e9el.\",\"email\":\"redac@webdo.tn\",\"legalName\":\"YNJ SARL\",\"foundingDate\":\"2010-09-06\",\"numberOfEmployees\":{\"@type\":\"QuantitativeValue\",\"minValue\":\"11\",\"maxValue\":\"50\"}},{\"@type\":\"Person\",\"@id\":\"https:\\\/\\\/www.webdo.tn\\\/fr\\\/#\\\/schema\\\/person\\\/b8a41c04d93287d375510db360906b34\",\"name\":\"AZ\",\"image\":{\"@type\":\"ImageObject\",\"inLanguage\":\"fr-FR\",\"@id\":\"https:\\\/\\\/secure.gravatar.com\\\/avatar\\\/492b80bada79439de4201dce15cd41eece6c277cfdf1b53382073c79105c1f89?s=96&d=mm&r=g\",\"url\":\"https:\\\/\\\/secure.gravatar.com\\\/avatar\\\/492b80bada79439de4201dce15cd41eece6c277cfdf1b53382073c79105c1f89?s=96&d=mm&r=g\",\"contentUrl\":\"https:\\\/\\\/secure.gravatar.com\\\/avatar\\\/492b80bada79439de4201dce15cd41eece6c277cfdf1b53382073c79105c1f89?s=96&d=mm&r=g\",\"caption\":\"AZ\"},\"url\":\"https:\\\/\\\/www.webdo.tn\\\/fr\\\/actualite\\\/author\\\/az\\\/\"}]}<\/script>\n<!-- \/ Yoast SEO Premium plugin. -->","yoast_head_json":{"title":"Tunisie : l'UTAP d\u00e9nonce le manque de contr\u00f4le des pesticides","description":"L'importation de pesticides en Tunisie \u00e9chappe \u00e0 un contr\u00f4le rigoureux, selon l'Union des agriculteurs, alors que des produits interdits en Europe sont toujours...","canonical":"https:\/\/www.webdo.tn\/fr\/actualite\/national\/tunisie-l-union-des-agriculteurs-denonce-le-manque-de-controle-des-pesticides\/216347\/","og_locale":"fr_FR","og_type":"article","og_title":"Tunisie : l'UTAP d\u00e9nonce le manque de contr\u00f4le des pesticides","og_description":"L'importation de pesticides en Tunisie \u00e9chappe \u00e0 un contr\u00f4le rigoureux, selon l'Union des agriculteurs, alors que des produits interdits en Europe sont toujours...","og_url":"https:\/\/www.webdo.tn\/fr\/actualite\/national\/tunisie-l-union-des-agriculteurs-denonce-le-manque-de-controle-des-pesticides\/216347\/","og_site_name":"webdo","article_publisher":"https:\/\/www.facebook.com\/webdotn","article_published_time":"2024-09-12T21:37:00+00:00","article_modified_time":"2025-05-21T09:03:27+00:00","og_image":[{"width":750,"height":400,"url":"https:\/\/www.webdo.tn\/fr\/wp-content\/uploads\/2024\/09\/b8be6a95035638f78198a157cea93e55.webp","type":"image\/webp"}],"author":"AZ","twitter_card":"summary_large_image","twitter_creator":"@webdo_tn","twitter_site":"@webdo_tn","twitter_misc":{"\u00c9crit par":"AZ","Dur\u00e9e de lecture estim\u00e9e":"1 minute"},"schema":{"@context":"https:\/\/schema.org","@graph":[{"@type":"NewsArticle","@id":"https:\/\/www.webdo.tn\/fr\/actualite\/national\/tunisie-l-union-des-agriculteurs-denonce-le-manque-de-controle-des-pesticides\/216347\/#article","isPartOf":{"@id":"https:\/\/www.webdo.tn\/fr\/actualite\/national\/tunisie-l-union-des-agriculteurs-denonce-le-manque-de-controle-des-pesticides\/216347\/"},"author":{"name":"AZ","@id":"https:\/\/www.webdo.tn\/fr\/#\/schema\/person\/b8a41c04d93287d375510db360906b34"},"headline":"Tunisie : l&rsquo;UTAP d\u00e9nonce le manque de contr\u00f4le des pesticides","datePublished":"2024-09-12T21:37:00+00:00","dateModified":"2025-05-21T09:03:27+00:00","mainEntityOfPage":{"@id":"https:\/\/www.webdo.tn\/fr\/actualite\/national\/tunisie-l-union-des-agriculteurs-denonce-le-manque-de-controle-des-pesticides\/216347\/"},"wordCount":246,"commentCount":0,"publisher":{"@id":"https:\/\/www.webdo.tn\/fr\/#organization"},"image":{"@id":"https:\/\/www.webdo.tn\/fr\/actualite\/national\/tunisie-l-union-des-agriculteurs-denonce-le-manque-de-controle-des-pesticides\/216347\/#primaryimage"},"thumbnailUrl":"https:\/\/www.webdo.tn\/fr\/wp-content\/uploads\/2024\/09\/b8be6a95035638f78198a157cea93e55.webp","keywords":["agriculture","Pesticide","Tunisie"],"articleSection":["National"],"inLanguage":"fr-FR"},{"@type":"WebPage","@id":"https:\/\/www.webdo.tn\/fr\/actualite\/national\/tunisie-l-union-des-agriculteurs-denonce-le-manque-de-controle-des-pesticides\/216347\/","url":"https:\/\/www.webdo.tn\/fr\/actualite\/national\/tunisie-l-union-des-agriculteurs-denonce-le-manque-de-controle-des-pesticides\/216347\/","name":"Tunisie : l'UTAP d\u00e9nonce le manque de contr\u00f4le des pesticides","isPartOf":{"@id":"https:\/\/www.webdo.tn\/fr\/#website"},"primaryImageOfPage":{"@id":"https:\/\/www.webdo.tn\/fr\/actualite\/national\/tunisie-l-union-des-agriculteurs-denonce-le-manque-de-controle-des-pesticides\/216347\/#primaryimage"},"image":{"@id":"https:\/\/www.webdo.tn\/fr\/actualite\/national\/tunisie-l-union-des-agriculteurs-denonce-le-manque-de-controle-des-pesticides\/216347\/#primaryimage"},"thumbnailUrl":"https:\/\/www.webdo.tn\/fr\/wp-content\/uploads\/2024\/09\/b8be6a95035638f78198a157cea93e55.webp","datePublished":"2024-09-12T21:37:00+00:00","dateModified":"2025-05-21T09:03:27+00:00","description":"L'importation de pesticides en Tunisie \u00e9chappe \u00e0 un contr\u00f4le rigoureux, selon l'Union des agriculteurs, alors que des produits interdits en Europe sont toujours...","breadcrumb":{"@id":"https:\/\/www.webdo.tn\/fr\/actualite\/national\/tunisie-l-union-des-agriculteurs-denonce-le-manque-de-controle-des-pesticides\/216347\/#breadcrumb"},"inLanguage":"fr-FR","potentialAction":[{"@type":"ReadAction","target":["https:\/\/www.webdo.tn\/fr\/actualite\/national\/tunisie-l-union-des-agriculteurs-denonce-le-manque-de-controle-des-pesticides\/216347\/"]}]},{"@type":"ImageObject","inLanguage":"fr-FR","@id":"https:\/\/www.webdo.tn\/fr\/actualite\/national\/tunisie-l-union-des-agriculteurs-denonce-le-manque-de-controle-des-pesticides\/216347\/#primaryimage","url":"https:\/\/www.webdo.tn\/fr\/wp-content\/uploads\/2024\/09\/b8be6a95035638f78198a157cea93e55.webp","contentUrl":"https:\/\/www.webdo.tn\/fr\/wp-content\/uploads\/2024\/09\/b8be6a95035638f78198a157cea93e55.webp","width":750,"height":400,"caption":"Tunisie : l'UTAP d\u00e9nonce le manque de contr\u00f4le des pesticides"},{"@type":"BreadcrumbList","@id":"https:\/\/www.webdo.tn\/fr\/actualite\/national\/tunisie-l-union-des-agriculteurs-denonce-le-manque-de-controle-des-pesticides\/216347\/#breadcrumb","itemListElement":[{"@type":"ListItem","position":1,"name":"Accueil","item":"https:\/\/www.webdo.tn\/fr\/"},{"@type":"ListItem","position":2,"name":"Tunisie : l&#8217;UTAP d\u00e9nonce le manque de contr\u00f4le des pesticides"}]},{"@type":"WebSite","@id":"https:\/\/www.webdo.tn\/fr\/#website","url":"https:\/\/www.webdo.tn\/fr\/","name":"webdo","description":"Tunisie - News en Tunisie et \u00e0 l&#039;international sur Webdo.tn","publisher":{"@id":"https:\/\/www.webdo.tn\/fr\/#organization"},"potentialAction":[{"@type":"SearchAction","target":{"@type":"EntryPoint","urlTemplate":"https:\/\/www.webdo.tn\/fr\/?s={search_term_string}"},"query-input":{"@type":"PropertyValueSpecification","valueRequired":true,"valueName":"search_term_string"}}],"inLanguage":"fr-FR"},{"@type":"Organization","@id":"https:\/\/www.webdo.tn\/fr\/#organization","name":"Webdo","alternateName":"Webdo.tn","url":"https:\/\/www.webdo.tn\/fr\/","logo":{"@type":"ImageObject","inLanguage":"fr-FR","@id":"https:\/\/www.webdo.tn\/fr\/#\/schema\/logo\/image\/","url":"https:\/\/www.webdo.tn\/fr\/wp-content\/uploads\/2025\/06\/Webdo-Tunisie_168377.jpg","contentUrl":"https:\/\/www.webdo.tn\/fr\/wp-content\/uploads\/2025\/06\/Webdo-Tunisie_168377.jpg","width":301,"height":301,"caption":"Webdo"},"image":{"@id":"https:\/\/www.webdo.tn\/fr\/#\/schema\/logo\/image\/"},"sameAs":["https:\/\/www.facebook.com\/webdotn","https:\/\/x.com\/webdo_tn"],"description":"Webdo est un m\u00e9dia num\u00e9rique tunisien fond\u00e9 en 2010, sp\u00e9cialis\u00e9 dans l\u2019actualit\u00e9 nationale et internationale, l\u2019\u00e9conomie, la soci\u00e9t\u00e9 et les analyses politiques. Le site s\u2019adresse \u00e0 un large public francophone et couvre l\u2019information tunisienne en temps r\u00e9el.","email":"redac@webdo.tn","legalName":"YNJ SARL","foundingDate":"2010-09-06","numberOfEmployees":{"@type":"QuantitativeValue","minValue":"11","maxValue":"50"}},{"@type":"Person","@id":"https:\/\/www.webdo.tn\/fr\/#\/schema\/person\/b8a41c04d93287d375510db360906b34","name":"AZ","image":{"@type":"ImageObject","inLanguage":"fr-FR","@id":"https:\/\/secure.gravatar.com\/avatar\/492b80bada79439de4201dce15cd41eece6c277cfdf1b53382073c79105c1f89?s=96&d=mm&r=g","url":"https:\/\/secure.gravatar.com\/avatar\/492b80bada79439de4201dce15cd41eece6c277cfdf1b53382073c79105c1f89?s=96&d=mm&r=g","contentUrl":"https:\/\/secure.gravatar.com\/avatar\/492b80bada79439de4201dce15cd41eece6c277cfdf1b53382073c79105c1f89?s=96&d=mm&r=g","caption":"AZ"},"url":"https:\/\/www.webdo.tn\/fr\/actualite\/author\/az\/"}]}},"_links":{"self":[{"href":"https:\/\/www.webdo.tn\/fr\/wp-json\/wp\/v2\/posts\/216347","targetHints":{"allow":["GET"]}}],"collection":[{"href":"https:\/\/www.webdo.tn\/fr\/wp-json\/wp\/v2\/posts"}],"about":[{"href":"https:\/\/www.webdo.tn\/fr\/wp-json\/wp\/v2\/types\/post"}],"author":[{"embeddable":true,"href":"https:\/\/www.webdo.tn\/fr\/wp-json\/wp\/v2\/users\/3166"}],"replies":[{"embeddable":true,"href":"https:\/\/www.webdo.tn\/fr\/wp-json\/wp\/v2\/comments?post=216347"}],"version-history":[{"count":0,"href":"https:\/\/www.webdo.tn\/fr\/wp-json\/wp\/v2\/posts\/216347\/revisions"}],"wp:featuredmedia":[{"embeddable":true,"href":"https:\/\/www.webdo.tn\/fr\/wp-json\/wp\/v2\/media\/246583"}],"wp:attachment":[{"href":"https:\/\/www.webdo.tn\/fr\/wp-json\/wp\/v2\/media?parent=216347"}],"wp:term":[{"taxonomy":"category","embeddable":true,"href":"https:\/\/www.webdo.tn\/fr\/wp-json\/wp\/v2\/categories?post=216347"},{"taxonomy":"post_tag","embeddable":true,"href":"https:\/\/www.webdo.tn\/fr\/wp-json\/wp\/v2\/tags?post=216347"}],"curies":[{"name":"wp","href":"https:\/\/api.w.org\/{rel}","templated":true}]}}