{"id":216336,"date":"2024-09-12T13:33:00","date_gmt":"2024-09-12T13:33:00","guid":{"rendered":"https:\/\/www.webdo.tn\/fr\/blog\/tunisie-mouled-700-000-visiteurs-attendus-a-kairouan\/216336\/"},"modified":"2025-05-20T22:14:12","modified_gmt":"2025-05-20T22:14:12","slug":"tunisie-mouled-700-000-visiteurs-attendus-a-kairouan","status":"publish","type":"post","link":"https:\/\/www.webdo.tn\/fr\/actualite\/national\/tunisie-mouled-700-000-visiteurs-attendus-a-kairouan\/216336\/","title":{"rendered":"Tunisie &#8211; Mouled : 700.000 visiteurs attendus \u00e0 Kairouan"},"content":{"rendered":"<p>La ville de Kairouan s\u2019attend \u00e0 accueillir 700.000 visiteurs \u00e0 l\u2019occasion des festivit\u00e9s du Mouled, qui aura lieu dimanche prochain.<\/p>\n<p>\t\t\t\t\t\t\t\t\tLe vice-pr\u00e9sident de l&rsquo;Association internationale des c\u00e9l\u00e9brations du Mouled, Lotfi Ben Ghanem, a indiqu\u00e9, aujourd\u2019hui, sur les ondes de Mosaique FM, que 700.000 visiteurs \u00e9taient attendus durant les festivit\u00e9s.<\/p>\n<p>Il a soulign\u00e9 que les festivit\u00e9s du Mouled ont d\u00e9but\u00e9 lundi dernier avec l&rsquo;animation du circuit touristique, l&rsquo;exposition \u00ab\u00a0Arti Store\u00a0\u00bb, et une activit\u00e9 de \u00ab\u00a0Street Art\u00a0\u00bb pour la r\u00e9alisation de fresques dans la m\u00e9dina.<\/p>\n<p>Les c\u00e9l\u00e9brations incluent \u00e9galement une Soulameya ainsi que l&rsquo;exposition \u00ab\u00a0Patrimoine de ma ville\u00a0\u00bb d\u00e9di\u00e9e aux m\u00e9tiers traditionnels.<\/p>\n<p>En marge du Mouled, une exposition nationale de l&rsquo;artisanat est organis\u00e9e, ainsi qu&rsquo;un colloque international intitul\u00e9 \u00ab\u00a0La valeur du travail dans l&rsquo;Islam\u00a0\u00bb et un concours de r\u00e9citation du Coran.<\/p>\n<p>Les activit\u00e9s se poursuivront jusqu&rsquo;au 15 septembre.<\/p>\n<p>Les c\u00e9l\u00e9brations auront lieu sur la place de la Grande Mosqu\u00e9e d\u2019Oqba Ibn Nafa\u00e2, au mausol\u00e9e de Sidi Sahbi, sur la place des Aouled Farhan, au complexe culturel, dans la m\u00e9dina, sur la place Bab Jalladine, ainsi que dans d\u2019autres espaces.<\/p>\n","protected":false},"excerpt":{"rendered":"<p>Le vice-pr\u00e9sident de l&rsquo;Association internationale des c\u00e9l\u00e9brations du Mouled, Lotfi Ben Ghanem, a indiqu\u00e9, aujourd\u2019hui, sur les ondes de Mosaique FM, que 700.00&#8230;<\/p>\n","protected":false},"author":3162,"featured_media":291064,"comment_status":"open","ping_status":"closed","sticky":false,"template":"","format":"standard","meta":{"footnotes":""},"categories":[44],"tags":[3090,5800,2608,2800],"class_list":["post-216336","post","type-post","status-publish","format-standard","has-post-thumbnail","hentry","category-national","tag-kairouan","tag-mouled","tag-tunisie","tag-visiteurs"],"yoast_head":"<!-- This site is optimized with the Yoast SEO Premium plugin v27.5 (Yoast SEO v27.5) - https:\/\/yoast.com\/product\/yoast-seo-premium-wordpress\/ -->\n<title>Tunisie - Mouled : 700.000 visiteurs attendus \u00e0 Kairouan<\/title>\n<meta name=\"description\" content=\"Le vice-pr\u00e9sident de l&#039;Association internationale des c\u00e9l\u00e9brations du Mouled, Lotfi Ben Ghanem, a indiqu\u00e9, aujourd\u2019hui, sur les ondes de Mosaique FM, que 700.00...\" \/>\n<link rel=\"canonical\" href=\"https:\/\/www.webdo.tn\/fr\/actualite\/national\/tunisie-mouled-700-000-visiteurs-attendus-a-kairouan\/216336\/\" \/>\n<meta property=\"og:locale\" content=\"fr_FR\" \/>\n<meta property=\"og:type\" content=\"article\" \/>\n<meta property=\"og:title\" content=\"Tunisie - Mouled : 700.000 visiteurs attendus \u00e0 Kairouan\" \/>\n<meta property=\"og:description\" content=\"Le vice-pr\u00e9sident de l&#039;Association internationale des c\u00e9l\u00e9brations du Mouled, Lotfi Ben Ghanem, a indiqu\u00e9, aujourd\u2019hui, sur les ondes de Mosaique FM, que 700.00...\" \/>\n<meta property=\"og:url\" content=\"https:\/\/www.webdo.tn\/fr\/actualite\/national\/tunisie-mouled-700-000-visiteurs-attendus-a-kairouan\/216336\/\" \/>\n<meta property=\"og:site_name\" content=\"webdo\" \/>\n<meta property=\"article:publisher\" content=\"https:\/\/www.facebook.com\/webdotn\" \/>\n<meta property=\"article:published_time\" content=\"2024-09-12T13:33:00+00:00\" \/>\n<meta property=\"article:modified_time\" content=\"2025-05-20T22:14:12+00:00\" \/>\n<meta property=\"og:image\" content=\"https:\/\/www.webdo.tn\/fr\/wp-content\/uploads\/2024\/09\/a3af789a02c1054b290ed653c6a26023.webp\" \/>\n\t<meta property=\"og:image:width\" content=\"720\" \/>\n\t<meta property=\"og:image:height\" content=\"384\" \/>\n\t<meta property=\"og:image:type\" content=\"image\/webp\" \/>\n<meta name=\"author\" content=\"MC\" \/>\n<meta name=\"twitter:card\" content=\"summary_large_image\" \/>\n<meta name=\"twitter:creator\" content=\"@webdo_tn\" \/>\n<meta name=\"twitter:site\" content=\"@webdo_tn\" \/>\n<meta name=\"twitter:label1\" content=\"\u00c9crit par\" \/>\n\t<meta name=\"twitter:data1\" content=\"MC\" \/>\n\t<meta name=\"twitter:label2\" content=\"Dur\u00e9e de lecture estim\u00e9e\" \/>\n\t<meta name=\"twitter:data2\" content=\"1 minute\" \/>\n<script type=\"application\/ld+json\" class=\"yoast-schema-graph\">{\"@context\":\"https:\\\/\\\/schema.org\",\"@graph\":[{\"@type\":\"NewsArticle\",\"@id\":\"https:\\\/\\\/www.webdo.tn\\\/fr\\\/actualite\\\/national\\\/tunisie-mouled-700-000-visiteurs-attendus-a-kairouan\\\/216336\\\/#article\",\"isPartOf\":{\"@id\":\"https:\\\/\\\/www.webdo.tn\\\/fr\\\/actualite\\\/national\\\/tunisie-mouled-700-000-visiteurs-attendus-a-kairouan\\\/216336\\\/\"},\"author\":{\"name\":\"MC\",\"@id\":\"https:\\\/\\\/www.webdo.tn\\\/fr\\\/#\\\/schema\\\/person\\\/2c4929cbf5a809e3bd38617c6ce150f6\"},\"headline\":\"Tunisie &#8211; Mouled : 700.000 visiteurs attendus \u00e0 Kairouan\",\"datePublished\":\"2024-09-12T13:33:00+00:00\",\"dateModified\":\"2025-05-20T22:14:12+00:00\",\"mainEntityOfPage\":{\"@id\":\"https:\\\/\\\/www.webdo.tn\\\/fr\\\/actualite\\\/national\\\/tunisie-mouled-700-000-visiteurs-attendus-a-kairouan\\\/216336\\\/\"},\"wordCount\":213,\"commentCount\":0,\"publisher\":{\"@id\":\"https:\\\/\\\/www.webdo.tn\\\/fr\\\/#organization\"},\"image\":{\"@id\":\"https:\\\/\\\/www.webdo.tn\\\/fr\\\/actualite\\\/national\\\/tunisie-mouled-700-000-visiteurs-attendus-a-kairouan\\\/216336\\\/#primaryimage\"},\"thumbnailUrl\":\"https:\\\/\\\/www.webdo.tn\\\/fr\\\/wp-content\\\/uploads\\\/2024\\\/09\\\/a3af789a02c1054b290ed653c6a26023.webp\",\"keywords\":[\"Kairouan\",\"mouled\",\"Tunisie\",\"visiteurs\"],\"articleSection\":[\"National\"],\"inLanguage\":\"fr-FR\"},{\"@type\":\"WebPage\",\"@id\":\"https:\\\/\\\/www.webdo.tn\\\/fr\\\/actualite\\\/national\\\/tunisie-mouled-700-000-visiteurs-attendus-a-kairouan\\\/216336\\\/\",\"url\":\"https:\\\/\\\/www.webdo.tn\\\/fr\\\/actualite\\\/national\\\/tunisie-mouled-700-000-visiteurs-attendus-a-kairouan\\\/216336\\\/\",\"name\":\"Tunisie - Mouled : 700.000 visiteurs attendus \u00e0 Kairouan\",\"isPartOf\":{\"@id\":\"https:\\\/\\\/www.webdo.tn\\\/fr\\\/#website\"},\"primaryImageOfPage\":{\"@id\":\"https:\\\/\\\/www.webdo.tn\\\/fr\\\/actualite\\\/national\\\/tunisie-mouled-700-000-visiteurs-attendus-a-kairouan\\\/216336\\\/#primaryimage\"},\"image\":{\"@id\":\"https:\\\/\\\/www.webdo.tn\\\/fr\\\/actualite\\\/national\\\/tunisie-mouled-700-000-visiteurs-attendus-a-kairouan\\\/216336\\\/#primaryimage\"},\"thumbnailUrl\":\"https:\\\/\\\/www.webdo.tn\\\/fr\\\/wp-content\\\/uploads\\\/2024\\\/09\\\/a3af789a02c1054b290ed653c6a26023.webp\",\"datePublished\":\"2024-09-12T13:33:00+00:00\",\"dateModified\":\"2025-05-20T22:14:12+00:00\",\"description\":\"Le vice-pr\u00e9sident de l'Association internationale des c\u00e9l\u00e9brations du Mouled, Lotfi Ben Ghanem, a indiqu\u00e9, aujourd\u2019hui, sur les ondes de Mosaique FM, que 700.00...\",\"breadcrumb\":{\"@id\":\"https:\\\/\\\/www.webdo.tn\\\/fr\\\/actualite\\\/national\\\/tunisie-mouled-700-000-visiteurs-attendus-a-kairouan\\\/216336\\\/#breadcrumb\"},\"inLanguage\":\"fr-FR\",\"potentialAction\":[{\"@type\":\"ReadAction\",\"target\":[\"https:\\\/\\\/www.webdo.tn\\\/fr\\\/actualite\\\/national\\\/tunisie-mouled-700-000-visiteurs-attendus-a-kairouan\\\/216336\\\/\"]}]},{\"@type\":\"ImageObject\",\"inLanguage\":\"fr-FR\",\"@id\":\"https:\\\/\\\/www.webdo.tn\\\/fr\\\/actualite\\\/national\\\/tunisie-mouled-700-000-visiteurs-attendus-a-kairouan\\\/216336\\\/#primaryimage\",\"url\":\"https:\\\/\\\/www.webdo.tn\\\/fr\\\/wp-content\\\/uploads\\\/2024\\\/09\\\/a3af789a02c1054b290ed653c6a26023.webp\",\"contentUrl\":\"https:\\\/\\\/www.webdo.tn\\\/fr\\\/wp-content\\\/uploads\\\/2024\\\/09\\\/a3af789a02c1054b290ed653c6a26023.webp\",\"width\":720,\"height\":384,\"caption\":\"Tunisie - Mouled : 700.000 visiteurs attendus \u00e0 Kairouan\"},{\"@type\":\"BreadcrumbList\",\"@id\":\"https:\\\/\\\/www.webdo.tn\\\/fr\\\/actualite\\\/national\\\/tunisie-mouled-700-000-visiteurs-attendus-a-kairouan\\\/216336\\\/#breadcrumb\",\"itemListElement\":[{\"@type\":\"ListItem\",\"position\":1,\"name\":\"Accueil\",\"item\":\"https:\\\/\\\/www.webdo.tn\\\/fr\\\/\"},{\"@type\":\"ListItem\",\"position\":2,\"name\":\"Tunisie &#8211; Mouled : 700.000 visiteurs attendus \u00e0 Kairouan\"}]},{\"@type\":\"WebSite\",\"@id\":\"https:\\\/\\\/www.webdo.tn\\\/fr\\\/#website\",\"url\":\"https:\\\/\\\/www.webdo.tn\\\/fr\\\/\",\"name\":\"webdo\",\"description\":\"Tunisie - News en Tunisie et \u00e0 l&#039;international sur Webdo.tn\",\"publisher\":{\"@id\":\"https:\\\/\\\/www.webdo.tn\\\/fr\\\/#organization\"},\"potentialAction\":[{\"@type\":\"SearchAction\",\"target\":{\"@type\":\"EntryPoint\",\"urlTemplate\":\"https:\\\/\\\/www.webdo.tn\\\/fr\\\/?s={search_term_string}\"},\"query-input\":{\"@type\":\"PropertyValueSpecification\",\"valueRequired\":true,\"valueName\":\"search_term_string\"}}],\"inLanguage\":\"fr-FR\"},{\"@type\":\"Organization\",\"@id\":\"https:\\\/\\\/www.webdo.tn\\\/fr\\\/#organization\",\"name\":\"Webdo\",\"alternateName\":\"Webdo.tn\",\"url\":\"https:\\\/\\\/www.webdo.tn\\\/fr\\\/\",\"logo\":{\"@type\":\"ImageObject\",\"inLanguage\":\"fr-FR\",\"@id\":\"https:\\\/\\\/www.webdo.tn\\\/fr\\\/#\\\/schema\\\/logo\\\/image\\\/\",\"url\":\"https:\\\/\\\/www.webdo.tn\\\/fr\\\/wp-content\\\/uploads\\\/2025\\\/06\\\/Webdo-Tunisie_168377.jpg\",\"contentUrl\":\"https:\\\/\\\/www.webdo.tn\\\/fr\\\/wp-content\\\/uploads\\\/2025\\\/06\\\/Webdo-Tunisie_168377.jpg\",\"width\":301,\"height\":301,\"caption\":\"Webdo\"},\"image\":{\"@id\":\"https:\\\/\\\/www.webdo.tn\\\/fr\\\/#\\\/schema\\\/logo\\\/image\\\/\"},\"sameAs\":[\"https:\\\/\\\/www.facebook.com\\\/webdotn\",\"https:\\\/\\\/x.com\\\/webdo_tn\"],\"description\":\"Webdo est un m\u00e9dia num\u00e9rique tunisien fond\u00e9 en 2010, sp\u00e9cialis\u00e9 dans l\u2019actualit\u00e9 nationale et internationale, l\u2019\u00e9conomie, la soci\u00e9t\u00e9 et les analyses politiques. Le site s\u2019adresse \u00e0 un large public francophone et couvre l\u2019information tunisienne en temps r\u00e9el.\",\"email\":\"redac@webdo.tn\",\"legalName\":\"YNJ SARL\",\"foundingDate\":\"2010-09-06\",\"numberOfEmployees\":{\"@type\":\"QuantitativeValue\",\"minValue\":\"11\",\"maxValue\":\"50\"}},{\"@type\":\"Person\",\"@id\":\"https:\\\/\\\/www.webdo.tn\\\/fr\\\/#\\\/schema\\\/person\\\/2c4929cbf5a809e3bd38617c6ce150f6\",\"name\":\"MC\",\"image\":{\"@type\":\"ImageObject\",\"inLanguage\":\"fr-FR\",\"@id\":\"https:\\\/\\\/secure.gravatar.com\\\/avatar\\\/a545bbb6f84efdd5553dbbc2895e3ca8f1d12c5215e00a041c9670b54aa9b18a?s=96&d=mm&r=g\",\"url\":\"https:\\\/\\\/secure.gravatar.com\\\/avatar\\\/a545bbb6f84efdd5553dbbc2895e3ca8f1d12c5215e00a041c9670b54aa9b18a?s=96&d=mm&r=g\",\"contentUrl\":\"https:\\\/\\\/secure.gravatar.com\\\/avatar\\\/a545bbb6f84efdd5553dbbc2895e3ca8f1d12c5215e00a041c9670b54aa9b18a?s=96&d=mm&r=g\",\"caption\":\"MC\"},\"url\":\"https:\\\/\\\/www.webdo.tn\\\/fr\\\/actualite\\\/author\\\/mc\\\/\"}]}<\/script>\n<!-- \/ Yoast SEO Premium plugin. -->","yoast_head_json":{"title":"Tunisie - Mouled : 700.000 visiteurs attendus \u00e0 Kairouan","description":"Le vice-pr\u00e9sident de l'Association internationale des c\u00e9l\u00e9brations du Mouled, Lotfi Ben Ghanem, a indiqu\u00e9, aujourd\u2019hui, sur les ondes de Mosaique FM, que 700.00...","canonical":"https:\/\/www.webdo.tn\/fr\/actualite\/national\/tunisie-mouled-700-000-visiteurs-attendus-a-kairouan\/216336\/","og_locale":"fr_FR","og_type":"article","og_title":"Tunisie - Mouled : 700.000 visiteurs attendus \u00e0 Kairouan","og_description":"Le vice-pr\u00e9sident de l'Association internationale des c\u00e9l\u00e9brations du Mouled, Lotfi Ben Ghanem, a indiqu\u00e9, aujourd\u2019hui, sur les ondes de Mosaique FM, que 700.00...","og_url":"https:\/\/www.webdo.tn\/fr\/actualite\/national\/tunisie-mouled-700-000-visiteurs-attendus-a-kairouan\/216336\/","og_site_name":"webdo","article_publisher":"https:\/\/www.facebook.com\/webdotn","article_published_time":"2024-09-12T13:33:00+00:00","article_modified_time":"2025-05-20T22:14:12+00:00","og_image":[{"width":720,"height":384,"url":"https:\/\/www.webdo.tn\/fr\/wp-content\/uploads\/2024\/09\/a3af789a02c1054b290ed653c6a26023.webp","type":"image\/webp"}],"author":"MC","twitter_card":"summary_large_image","twitter_creator":"@webdo_tn","twitter_site":"@webdo_tn","twitter_misc":{"\u00c9crit par":"MC","Dur\u00e9e de lecture estim\u00e9e":"1 minute"},"schema":{"@context":"https:\/\/schema.org","@graph":[{"@type":"NewsArticle","@id":"https:\/\/www.webdo.tn\/fr\/actualite\/national\/tunisie-mouled-700-000-visiteurs-attendus-a-kairouan\/216336\/#article","isPartOf":{"@id":"https:\/\/www.webdo.tn\/fr\/actualite\/national\/tunisie-mouled-700-000-visiteurs-attendus-a-kairouan\/216336\/"},"author":{"name":"MC","@id":"https:\/\/www.webdo.tn\/fr\/#\/schema\/person\/2c4929cbf5a809e3bd38617c6ce150f6"},"headline":"Tunisie &#8211; Mouled : 700.000 visiteurs attendus \u00e0 Kairouan","datePublished":"2024-09-12T13:33:00+00:00","dateModified":"2025-05-20T22:14:12+00:00","mainEntityOfPage":{"@id":"https:\/\/www.webdo.tn\/fr\/actualite\/national\/tunisie-mouled-700-000-visiteurs-attendus-a-kairouan\/216336\/"},"wordCount":213,"commentCount":0,"publisher":{"@id":"https:\/\/www.webdo.tn\/fr\/#organization"},"image":{"@id":"https:\/\/www.webdo.tn\/fr\/actualite\/national\/tunisie-mouled-700-000-visiteurs-attendus-a-kairouan\/216336\/#primaryimage"},"thumbnailUrl":"https:\/\/www.webdo.tn\/fr\/wp-content\/uploads\/2024\/09\/a3af789a02c1054b290ed653c6a26023.webp","keywords":["Kairouan","mouled","Tunisie","visiteurs"],"articleSection":["National"],"inLanguage":"fr-FR"},{"@type":"WebPage","@id":"https:\/\/www.webdo.tn\/fr\/actualite\/national\/tunisie-mouled-700-000-visiteurs-attendus-a-kairouan\/216336\/","url":"https:\/\/www.webdo.tn\/fr\/actualite\/national\/tunisie-mouled-700-000-visiteurs-attendus-a-kairouan\/216336\/","name":"Tunisie - Mouled : 700.000 visiteurs attendus \u00e0 Kairouan","isPartOf":{"@id":"https:\/\/www.webdo.tn\/fr\/#website"},"primaryImageOfPage":{"@id":"https:\/\/www.webdo.tn\/fr\/actualite\/national\/tunisie-mouled-700-000-visiteurs-attendus-a-kairouan\/216336\/#primaryimage"},"image":{"@id":"https:\/\/www.webdo.tn\/fr\/actualite\/national\/tunisie-mouled-700-000-visiteurs-attendus-a-kairouan\/216336\/#primaryimage"},"thumbnailUrl":"https:\/\/www.webdo.tn\/fr\/wp-content\/uploads\/2024\/09\/a3af789a02c1054b290ed653c6a26023.webp","datePublished":"2024-09-12T13:33:00+00:00","dateModified":"2025-05-20T22:14:12+00:00","description":"Le vice-pr\u00e9sident de l'Association internationale des c\u00e9l\u00e9brations du Mouled, Lotfi Ben Ghanem, a indiqu\u00e9, aujourd\u2019hui, sur les ondes de Mosaique FM, que 700.00...","breadcrumb":{"@id":"https:\/\/www.webdo.tn\/fr\/actualite\/national\/tunisie-mouled-700-000-visiteurs-attendus-a-kairouan\/216336\/#breadcrumb"},"inLanguage":"fr-FR","potentialAction":[{"@type":"ReadAction","target":["https:\/\/www.webdo.tn\/fr\/actualite\/national\/tunisie-mouled-700-000-visiteurs-attendus-a-kairouan\/216336\/"]}]},{"@type":"ImageObject","inLanguage":"fr-FR","@id":"https:\/\/www.webdo.tn\/fr\/actualite\/national\/tunisie-mouled-700-000-visiteurs-attendus-a-kairouan\/216336\/#primaryimage","url":"https:\/\/www.webdo.tn\/fr\/wp-content\/uploads\/2024\/09\/a3af789a02c1054b290ed653c6a26023.webp","contentUrl":"https:\/\/www.webdo.tn\/fr\/wp-content\/uploads\/2024\/09\/a3af789a02c1054b290ed653c6a26023.webp","width":720,"height":384,"caption":"Tunisie - Mouled : 700.000 visiteurs attendus \u00e0 Kairouan"},{"@type":"BreadcrumbList","@id":"https:\/\/www.webdo.tn\/fr\/actualite\/national\/tunisie-mouled-700-000-visiteurs-attendus-a-kairouan\/216336\/#breadcrumb","itemListElement":[{"@type":"ListItem","position":1,"name":"Accueil","item":"https:\/\/www.webdo.tn\/fr\/"},{"@type":"ListItem","position":2,"name":"Tunisie &#8211; Mouled : 700.000 visiteurs attendus \u00e0 Kairouan"}]},{"@type":"WebSite","@id":"https:\/\/www.webdo.tn\/fr\/#website","url":"https:\/\/www.webdo.tn\/fr\/","name":"webdo","description":"Tunisie - News en Tunisie et \u00e0 l&#039;international sur Webdo.tn","publisher":{"@id":"https:\/\/www.webdo.tn\/fr\/#organization"},"potentialAction":[{"@type":"SearchAction","target":{"@type":"EntryPoint","urlTemplate":"https:\/\/www.webdo.tn\/fr\/?s={search_term_string}"},"query-input":{"@type":"PropertyValueSpecification","valueRequired":true,"valueName":"search_term_string"}}],"inLanguage":"fr-FR"},{"@type":"Organization","@id":"https:\/\/www.webdo.tn\/fr\/#organization","name":"Webdo","alternateName":"Webdo.tn","url":"https:\/\/www.webdo.tn\/fr\/","logo":{"@type":"ImageObject","inLanguage":"fr-FR","@id":"https:\/\/www.webdo.tn\/fr\/#\/schema\/logo\/image\/","url":"https:\/\/www.webdo.tn\/fr\/wp-content\/uploads\/2025\/06\/Webdo-Tunisie_168377.jpg","contentUrl":"https:\/\/www.webdo.tn\/fr\/wp-content\/uploads\/2025\/06\/Webdo-Tunisie_168377.jpg","width":301,"height":301,"caption":"Webdo"},"image":{"@id":"https:\/\/www.webdo.tn\/fr\/#\/schema\/logo\/image\/"},"sameAs":["https:\/\/www.facebook.com\/webdotn","https:\/\/x.com\/webdo_tn"],"description":"Webdo est un m\u00e9dia num\u00e9rique tunisien fond\u00e9 en 2010, sp\u00e9cialis\u00e9 dans l\u2019actualit\u00e9 nationale et internationale, l\u2019\u00e9conomie, la soci\u00e9t\u00e9 et les analyses politiques. Le site s\u2019adresse \u00e0 un large public francophone et couvre l\u2019information tunisienne en temps r\u00e9el.","email":"redac@webdo.tn","legalName":"YNJ SARL","foundingDate":"2010-09-06","numberOfEmployees":{"@type":"QuantitativeValue","minValue":"11","maxValue":"50"}},{"@type":"Person","@id":"https:\/\/www.webdo.tn\/fr\/#\/schema\/person\/2c4929cbf5a809e3bd38617c6ce150f6","name":"MC","image":{"@type":"ImageObject","inLanguage":"fr-FR","@id":"https:\/\/secure.gravatar.com\/avatar\/a545bbb6f84efdd5553dbbc2895e3ca8f1d12c5215e00a041c9670b54aa9b18a?s=96&d=mm&r=g","url":"https:\/\/secure.gravatar.com\/avatar\/a545bbb6f84efdd5553dbbc2895e3ca8f1d12c5215e00a041c9670b54aa9b18a?s=96&d=mm&r=g","contentUrl":"https:\/\/secure.gravatar.com\/avatar\/a545bbb6f84efdd5553dbbc2895e3ca8f1d12c5215e00a041c9670b54aa9b18a?s=96&d=mm&r=g","caption":"MC"},"url":"https:\/\/www.webdo.tn\/fr\/actualite\/author\/mc\/"}]}},"_links":{"self":[{"href":"https:\/\/www.webdo.tn\/fr\/wp-json\/wp\/v2\/posts\/216336","targetHints":{"allow":["GET"]}}],"collection":[{"href":"https:\/\/www.webdo.tn\/fr\/wp-json\/wp\/v2\/posts"}],"about":[{"href":"https:\/\/www.webdo.tn\/fr\/wp-json\/wp\/v2\/types\/post"}],"author":[{"embeddable":true,"href":"https:\/\/www.webdo.tn\/fr\/wp-json\/wp\/v2\/users\/3162"}],"replies":[{"embeddable":true,"href":"https:\/\/www.webdo.tn\/fr\/wp-json\/wp\/v2\/comments?post=216336"}],"version-history":[{"count":0,"href":"https:\/\/www.webdo.tn\/fr\/wp-json\/wp\/v2\/posts\/216336\/revisions"}],"wp:featuredmedia":[{"embeddable":true,"href":"https:\/\/www.webdo.tn\/fr\/wp-json\/wp\/v2\/media\/291064"}],"wp:attachment":[{"href":"https:\/\/www.webdo.tn\/fr\/wp-json\/wp\/v2\/media?parent=216336"}],"wp:term":[{"taxonomy":"category","embeddable":true,"href":"https:\/\/www.webdo.tn\/fr\/wp-json\/wp\/v2\/categories?post=216336"},{"taxonomy":"post_tag","embeddable":true,"href":"https:\/\/www.webdo.tn\/fr\/wp-json\/wp\/v2\/tags?post=216336"}],"curies":[{"name":"wp","href":"https:\/\/api.w.org\/{rel}","templated":true}]}}