{"id":216329,"date":"2024-09-12T09:05:00","date_gmt":"2024-09-12T09:05:00","guid":{"rendered":"https:\/\/www.webdo.tn\/fr\/blog\/evasion-de-cinq-terroristes-la-detention-d-une-vingtaine-d-accuses-prolongee\/216329\/"},"modified":"2025-05-20T22:14:11","modified_gmt":"2025-05-20T22:14:11","slug":"evasion-de-cinq-terroristes-la-detention-d-une-vingtaine-d-accuses-prolongee","status":"publish","type":"post","link":"https:\/\/www.webdo.tn\/fr\/actualite\/national\/evasion-de-cinq-terroristes-la-detention-d-une-vingtaine-d-accuses-prolongee\/216329\/","title":{"rendered":"Evasion de cinq terroristes : La d\u00e9tention d\u2019une vingtaine d\u2019accus\u00e9s prolong\u00e9e"},"content":{"rendered":"<p>En marge de l\u2019\u00e9vasion de cinq terroristes de la prison civile de la Mornaguia, le 31 octobre 2023, une vingtaine de personnes employ\u00e9es dans cette prison et l\u2019administration p\u00e9nitentiaire ont \u00e9t\u00e9 arr\u00eat\u00e9es. Plusieurs mandats de d\u00e9p\u00f4t ont \u00e9t\u00e9 d\u00e9livr\u00e9s la d\u00e9tention de tous les accus\u00e9s a \u00e9t\u00e9 prolong\u00e9e de quatre mois suppl\u00e9mentaires.<\/p>\n<p>\t\t\t\t\t\t\t\t\tDans cette affaire d\u2019\u00e9vasion, le juge d&rsquo;instruction du p\u00f4le judiciaire de lutte contre le terrorisme a d\u00e9cid\u00e9 de prolonger de quatre mois suppl\u00e9mentaires la d\u00e9tention pr\u00e9ventive des accus\u00e9s en raison de la poursuite des investigations.<\/p>\n<p>Dans cette affaire, rappelons que le premier juge d&rsquo;instruction du P\u00f4le judiciaire antiterroriste a d\u00e9livr\u00e9 des mandats de d\u00e9p\u00f4t contre 18 agents et cadres p\u00e9nitentiaires, en attendant la fin de l\u2019enqu\u00eate sur les circonstances de l&rsquo;\u00e9vasion de cinq d\u00e9tenus terroristes class\u00e9s dangereux de la prison civile de la Mornaguia, le 31 octobre 2023.<\/p>\n<p>Parmi les personnes qui ont \u00e9t\u00e9 incarc\u00e9r\u00e9es figurent deux anciens directeurs de la prison civile de la Mornaguia, dont le directeur limog\u00e9 quelques heures apr\u00e8s l&rsquo;\u00e9vasion des cinq d\u00e9tenus.<\/p>\n<p>R\u00e9cemment, le juge d&rsquo;instruction du P\u00f4le judiciaire antiterroriste a d\u00e9livr\u00e9 deux mandats de d\u00e9p\u00f4ts \u00e0 l&rsquo;encontre de deux cadres affili\u00e9s \u00e0 la Direction G\u00e9n\u00e9rale des Prisons et de la R\u00e9\u00e9ducation (DGPR), dans le cadre de cette affaire.<\/p>\n<p>Rappelons qu\u2019il a \u00e9galement d\u00e9livr\u00e9 des mandats de d\u00e9p\u00f4t contre les cinq \u00e9vad\u00e9s ainsi que contre l&rsquo;\u00e9pouse de l&rsquo;un d&rsquo;eux.<\/p>\n<p>Cinq d\u00e9tenus, Ahmed Melki alias \u00ab\u00a0Le Somalien\u00a0\u00bb, Ameur Bal\u00e2azi, Raed Touati, Alaa Ghazouani et Nader Ghanmi, tous impliqu\u00e9s dans plusieurs affaires terroristes dont les assassinats de Chokri Bela\u00efd et Mohamed Brahmi, se sont \u00e9vad\u00e9s de la prison de la Mornaguia le 31 octobre dernier avant d\u2019\u00eatre captur\u00e9s quelques jours plus-tard.<\/p>\n","protected":false},"excerpt":{"rendered":"<p>Dans cette affaire d\u2019\u00e9vasion, le juge d&rsquo;instruction du p\u00f4le judiciaire de lutte contre le terrorisme a d\u00e9cid\u00e9 de prolonger de quatre mois suppl\u00e9mentaires la d\u00e9t&#8230;<\/p>\n","protected":false},"author":3162,"featured_media":291062,"comment_status":"open","ping_status":"closed","sticky":false,"template":"","format":"standard","meta":{"footnotes":""},"categories":[44],"tags":[3286,6091,2619,3671,2608],"class_list":["post-216329","post","type-post","status-publish","format-standard","has-post-thumbnail","hentry","category-national","tag-detention","tag-evasion","tag-justice","tag-terroristes","tag-tunisie"],"yoast_head":"<!-- This site is optimized with the Yoast SEO Premium plugin v27.5 (Yoast SEO v27.5) - https:\/\/yoast.com\/product\/yoast-seo-premium-wordpress\/ -->\n<title>Evasion de cinq terroristes : La d\u00e9tention d\u2019une vingtaine d\u2019accus\u00e9s prolong\u00e9e<\/title>\n<meta name=\"description\" content=\"Dans cette affaire d\u2019\u00e9vasion, le juge d&#039;instruction du p\u00f4le judiciaire de lutte contre le terrorisme a d\u00e9cid\u00e9 de prolonger de quatre mois suppl\u00e9mentaires la d\u00e9t...\" \/>\n<link rel=\"canonical\" href=\"https:\/\/www.webdo.tn\/fr\/actualite\/national\/evasion-de-cinq-terroristes-la-detention-d-une-vingtaine-d-accuses-prolongee\/216329\/\" \/>\n<meta property=\"og:locale\" content=\"fr_FR\" \/>\n<meta property=\"og:type\" content=\"article\" \/>\n<meta property=\"og:title\" content=\"Evasion de cinq terroristes : La d\u00e9tention d\u2019une vingtaine d\u2019accus\u00e9s prolong\u00e9e\" \/>\n<meta property=\"og:description\" content=\"Dans cette affaire d\u2019\u00e9vasion, le juge d&#039;instruction du p\u00f4le judiciaire de lutte contre le terrorisme a d\u00e9cid\u00e9 de prolonger de quatre mois suppl\u00e9mentaires la d\u00e9t...\" \/>\n<meta property=\"og:url\" content=\"https:\/\/www.webdo.tn\/fr\/actualite\/national\/evasion-de-cinq-terroristes-la-detention-d-une-vingtaine-d-accuses-prolongee\/216329\/\" \/>\n<meta property=\"og:site_name\" content=\"webdo\" \/>\n<meta property=\"article:publisher\" content=\"https:\/\/www.facebook.com\/webdotn\" \/>\n<meta property=\"article:published_time\" content=\"2024-09-12T09:05:00+00:00\" \/>\n<meta property=\"article:modified_time\" content=\"2025-05-20T22:14:11+00:00\" \/>\n<meta property=\"og:image\" content=\"https:\/\/www.webdo.tn\/fr\/wp-content\/uploads\/2024\/09\/e7b371983f88746a9815abf57f40ba7a.webp\" \/>\n\t<meta property=\"og:image:width\" content=\"750\" \/>\n\t<meta property=\"og:image:height\" content=\"400\" \/>\n\t<meta property=\"og:image:type\" content=\"image\/webp\" \/>\n<meta name=\"author\" content=\"MC\" \/>\n<meta name=\"twitter:card\" content=\"summary_large_image\" \/>\n<meta name=\"twitter:creator\" content=\"@webdo_tn\" \/>\n<meta name=\"twitter:site\" content=\"@webdo_tn\" \/>\n<meta name=\"twitter:label1\" content=\"\u00c9crit par\" \/>\n\t<meta name=\"twitter:data1\" content=\"MC\" \/>\n\t<meta name=\"twitter:label2\" content=\"Dur\u00e9e de lecture estim\u00e9e\" \/>\n\t<meta name=\"twitter:data2\" content=\"2 minutes\" \/>\n<script type=\"application\/ld+json\" class=\"yoast-schema-graph\">{\"@context\":\"https:\\\/\\\/schema.org\",\"@graph\":[{\"@type\":\"NewsArticle\",\"@id\":\"https:\\\/\\\/www.webdo.tn\\\/fr\\\/actualite\\\/national\\\/evasion-de-cinq-terroristes-la-detention-d-une-vingtaine-d-accuses-prolongee\\\/216329\\\/#article\",\"isPartOf\":{\"@id\":\"https:\\\/\\\/www.webdo.tn\\\/fr\\\/actualite\\\/national\\\/evasion-de-cinq-terroristes-la-detention-d-une-vingtaine-d-accuses-prolongee\\\/216329\\\/\"},\"author\":{\"name\":\"MC\",\"@id\":\"https:\\\/\\\/www.webdo.tn\\\/fr\\\/#\\\/schema\\\/person\\\/2c4929cbf5a809e3bd38617c6ce150f6\"},\"headline\":\"Evasion de cinq terroristes : La d\u00e9tention d\u2019une vingtaine d\u2019accus\u00e9s prolong\u00e9e\",\"datePublished\":\"2024-09-12T09:05:00+00:00\",\"dateModified\":\"2025-05-20T22:14:11+00:00\",\"mainEntityOfPage\":{\"@id\":\"https:\\\/\\\/www.webdo.tn\\\/fr\\\/actualite\\\/national\\\/evasion-de-cinq-terroristes-la-detention-d-une-vingtaine-d-accuses-prolongee\\\/216329\\\/\"},\"wordCount\":347,\"commentCount\":0,\"publisher\":{\"@id\":\"https:\\\/\\\/www.webdo.tn\\\/fr\\\/#organization\"},\"image\":{\"@id\":\"https:\\\/\\\/www.webdo.tn\\\/fr\\\/actualite\\\/national\\\/evasion-de-cinq-terroristes-la-detention-d-une-vingtaine-d-accuses-prolongee\\\/216329\\\/#primaryimage\"},\"thumbnailUrl\":\"https:\\\/\\\/www.webdo.tn\\\/fr\\\/wp-content\\\/uploads\\\/2024\\\/09\\\/e7b371983f88746a9815abf57f40ba7a.webp\",\"keywords\":[\"d\u00e9tention\",\"\u00e9vasion\",\"justice\",\"Terroristes\",\"Tunisie\"],\"articleSection\":[\"National\"],\"inLanguage\":\"fr-FR\"},{\"@type\":\"WebPage\",\"@id\":\"https:\\\/\\\/www.webdo.tn\\\/fr\\\/actualite\\\/national\\\/evasion-de-cinq-terroristes-la-detention-d-une-vingtaine-d-accuses-prolongee\\\/216329\\\/\",\"url\":\"https:\\\/\\\/www.webdo.tn\\\/fr\\\/actualite\\\/national\\\/evasion-de-cinq-terroristes-la-detention-d-une-vingtaine-d-accuses-prolongee\\\/216329\\\/\",\"name\":\"Evasion de cinq terroristes : La d\u00e9tention d\u2019une vingtaine d\u2019accus\u00e9s prolong\u00e9e\",\"isPartOf\":{\"@id\":\"https:\\\/\\\/www.webdo.tn\\\/fr\\\/#website\"},\"primaryImageOfPage\":{\"@id\":\"https:\\\/\\\/www.webdo.tn\\\/fr\\\/actualite\\\/national\\\/evasion-de-cinq-terroristes-la-detention-d-une-vingtaine-d-accuses-prolongee\\\/216329\\\/#primaryimage\"},\"image\":{\"@id\":\"https:\\\/\\\/www.webdo.tn\\\/fr\\\/actualite\\\/national\\\/evasion-de-cinq-terroristes-la-detention-d-une-vingtaine-d-accuses-prolongee\\\/216329\\\/#primaryimage\"},\"thumbnailUrl\":\"https:\\\/\\\/www.webdo.tn\\\/fr\\\/wp-content\\\/uploads\\\/2024\\\/09\\\/e7b371983f88746a9815abf57f40ba7a.webp\",\"datePublished\":\"2024-09-12T09:05:00+00:00\",\"dateModified\":\"2025-05-20T22:14:11+00:00\",\"description\":\"Dans cette affaire d\u2019\u00e9vasion, le juge d'instruction du p\u00f4le judiciaire de lutte contre le terrorisme a d\u00e9cid\u00e9 de prolonger de quatre mois suppl\u00e9mentaires la d\u00e9t...\",\"breadcrumb\":{\"@id\":\"https:\\\/\\\/www.webdo.tn\\\/fr\\\/actualite\\\/national\\\/evasion-de-cinq-terroristes-la-detention-d-une-vingtaine-d-accuses-prolongee\\\/216329\\\/#breadcrumb\"},\"inLanguage\":\"fr-FR\",\"potentialAction\":[{\"@type\":\"ReadAction\",\"target\":[\"https:\\\/\\\/www.webdo.tn\\\/fr\\\/actualite\\\/national\\\/evasion-de-cinq-terroristes-la-detention-d-une-vingtaine-d-accuses-prolongee\\\/216329\\\/\"]}]},{\"@type\":\"ImageObject\",\"inLanguage\":\"fr-FR\",\"@id\":\"https:\\\/\\\/www.webdo.tn\\\/fr\\\/actualite\\\/national\\\/evasion-de-cinq-terroristes-la-detention-d-une-vingtaine-d-accuses-prolongee\\\/216329\\\/#primaryimage\",\"url\":\"https:\\\/\\\/www.webdo.tn\\\/fr\\\/wp-content\\\/uploads\\\/2024\\\/09\\\/e7b371983f88746a9815abf57f40ba7a.webp\",\"contentUrl\":\"https:\\\/\\\/www.webdo.tn\\\/fr\\\/wp-content\\\/uploads\\\/2024\\\/09\\\/e7b371983f88746a9815abf57f40ba7a.webp\",\"width\":750,\"height\":400,\"caption\":\"Evasion de cinq terroristes : La d\u00e9tention d\u2019une vingtaine d\u2019accus\u00e9s prolong\u00e9e\"},{\"@type\":\"BreadcrumbList\",\"@id\":\"https:\\\/\\\/www.webdo.tn\\\/fr\\\/actualite\\\/national\\\/evasion-de-cinq-terroristes-la-detention-d-une-vingtaine-d-accuses-prolongee\\\/216329\\\/#breadcrumb\",\"itemListElement\":[{\"@type\":\"ListItem\",\"position\":1,\"name\":\"Accueil\",\"item\":\"https:\\\/\\\/www.webdo.tn\\\/fr\\\/\"},{\"@type\":\"ListItem\",\"position\":2,\"name\":\"Evasion de cinq terroristes : La d\u00e9tention d\u2019une vingtaine d\u2019accus\u00e9s prolong\u00e9e\"}]},{\"@type\":\"WebSite\",\"@id\":\"https:\\\/\\\/www.webdo.tn\\\/fr\\\/#website\",\"url\":\"https:\\\/\\\/www.webdo.tn\\\/fr\\\/\",\"name\":\"webdo\",\"description\":\"Tunisie - News en Tunisie et \u00e0 l&#039;international sur Webdo.tn\",\"publisher\":{\"@id\":\"https:\\\/\\\/www.webdo.tn\\\/fr\\\/#organization\"},\"potentialAction\":[{\"@type\":\"SearchAction\",\"target\":{\"@type\":\"EntryPoint\",\"urlTemplate\":\"https:\\\/\\\/www.webdo.tn\\\/fr\\\/?s={search_term_string}\"},\"query-input\":{\"@type\":\"PropertyValueSpecification\",\"valueRequired\":true,\"valueName\":\"search_term_string\"}}],\"inLanguage\":\"fr-FR\"},{\"@type\":\"Organization\",\"@id\":\"https:\\\/\\\/www.webdo.tn\\\/fr\\\/#organization\",\"name\":\"Webdo\",\"alternateName\":\"Webdo.tn\",\"url\":\"https:\\\/\\\/www.webdo.tn\\\/fr\\\/\",\"logo\":{\"@type\":\"ImageObject\",\"inLanguage\":\"fr-FR\",\"@id\":\"https:\\\/\\\/www.webdo.tn\\\/fr\\\/#\\\/schema\\\/logo\\\/image\\\/\",\"url\":\"https:\\\/\\\/www.webdo.tn\\\/fr\\\/wp-content\\\/uploads\\\/2025\\\/06\\\/Webdo-Tunisie_168377.jpg\",\"contentUrl\":\"https:\\\/\\\/www.webdo.tn\\\/fr\\\/wp-content\\\/uploads\\\/2025\\\/06\\\/Webdo-Tunisie_168377.jpg\",\"width\":301,\"height\":301,\"caption\":\"Webdo\"},\"image\":{\"@id\":\"https:\\\/\\\/www.webdo.tn\\\/fr\\\/#\\\/schema\\\/logo\\\/image\\\/\"},\"sameAs\":[\"https:\\\/\\\/www.facebook.com\\\/webdotn\",\"https:\\\/\\\/x.com\\\/webdo_tn\"],\"description\":\"Webdo est un m\u00e9dia num\u00e9rique tunisien fond\u00e9 en 2010, sp\u00e9cialis\u00e9 dans l\u2019actualit\u00e9 nationale et internationale, l\u2019\u00e9conomie, la soci\u00e9t\u00e9 et les analyses politiques. Le site s\u2019adresse \u00e0 un large public francophone et couvre l\u2019information tunisienne en temps r\u00e9el.\",\"email\":\"redac@webdo.tn\",\"legalName\":\"YNJ SARL\",\"foundingDate\":\"2010-09-06\",\"numberOfEmployees\":{\"@type\":\"QuantitativeValue\",\"minValue\":\"11\",\"maxValue\":\"50\"}},{\"@type\":\"Person\",\"@id\":\"https:\\\/\\\/www.webdo.tn\\\/fr\\\/#\\\/schema\\\/person\\\/2c4929cbf5a809e3bd38617c6ce150f6\",\"name\":\"MC\",\"image\":{\"@type\":\"ImageObject\",\"inLanguage\":\"fr-FR\",\"@id\":\"https:\\\/\\\/secure.gravatar.com\\\/avatar\\\/a545bbb6f84efdd5553dbbc2895e3ca8f1d12c5215e00a041c9670b54aa9b18a?s=96&d=mm&r=g\",\"url\":\"https:\\\/\\\/secure.gravatar.com\\\/avatar\\\/a545bbb6f84efdd5553dbbc2895e3ca8f1d12c5215e00a041c9670b54aa9b18a?s=96&d=mm&r=g\",\"contentUrl\":\"https:\\\/\\\/secure.gravatar.com\\\/avatar\\\/a545bbb6f84efdd5553dbbc2895e3ca8f1d12c5215e00a041c9670b54aa9b18a?s=96&d=mm&r=g\",\"caption\":\"MC\"},\"url\":\"https:\\\/\\\/www.webdo.tn\\\/fr\\\/actualite\\\/author\\\/mc\\\/\"}]}<\/script>\n<!-- \/ Yoast SEO Premium plugin. -->","yoast_head_json":{"title":"Evasion de cinq terroristes : La d\u00e9tention d\u2019une vingtaine d\u2019accus\u00e9s prolong\u00e9e","description":"Dans cette affaire d\u2019\u00e9vasion, le juge d'instruction du p\u00f4le judiciaire de lutte contre le terrorisme a d\u00e9cid\u00e9 de prolonger de quatre mois suppl\u00e9mentaires la d\u00e9t...","canonical":"https:\/\/www.webdo.tn\/fr\/actualite\/national\/evasion-de-cinq-terroristes-la-detention-d-une-vingtaine-d-accuses-prolongee\/216329\/","og_locale":"fr_FR","og_type":"article","og_title":"Evasion de cinq terroristes : La d\u00e9tention d\u2019une vingtaine d\u2019accus\u00e9s prolong\u00e9e","og_description":"Dans cette affaire d\u2019\u00e9vasion, le juge d'instruction du p\u00f4le judiciaire de lutte contre le terrorisme a d\u00e9cid\u00e9 de prolonger de quatre mois suppl\u00e9mentaires la d\u00e9t...","og_url":"https:\/\/www.webdo.tn\/fr\/actualite\/national\/evasion-de-cinq-terroristes-la-detention-d-une-vingtaine-d-accuses-prolongee\/216329\/","og_site_name":"webdo","article_publisher":"https:\/\/www.facebook.com\/webdotn","article_published_time":"2024-09-12T09:05:00+00:00","article_modified_time":"2025-05-20T22:14:11+00:00","og_image":[{"width":750,"height":400,"url":"https:\/\/www.webdo.tn\/fr\/wp-content\/uploads\/2024\/09\/e7b371983f88746a9815abf57f40ba7a.webp","type":"image\/webp"}],"author":"MC","twitter_card":"summary_large_image","twitter_creator":"@webdo_tn","twitter_site":"@webdo_tn","twitter_misc":{"\u00c9crit par":"MC","Dur\u00e9e de lecture estim\u00e9e":"2 minutes"},"schema":{"@context":"https:\/\/schema.org","@graph":[{"@type":"NewsArticle","@id":"https:\/\/www.webdo.tn\/fr\/actualite\/national\/evasion-de-cinq-terroristes-la-detention-d-une-vingtaine-d-accuses-prolongee\/216329\/#article","isPartOf":{"@id":"https:\/\/www.webdo.tn\/fr\/actualite\/national\/evasion-de-cinq-terroristes-la-detention-d-une-vingtaine-d-accuses-prolongee\/216329\/"},"author":{"name":"MC","@id":"https:\/\/www.webdo.tn\/fr\/#\/schema\/person\/2c4929cbf5a809e3bd38617c6ce150f6"},"headline":"Evasion de cinq terroristes : La d\u00e9tention d\u2019une vingtaine d\u2019accus\u00e9s prolong\u00e9e","datePublished":"2024-09-12T09:05:00+00:00","dateModified":"2025-05-20T22:14:11+00:00","mainEntityOfPage":{"@id":"https:\/\/www.webdo.tn\/fr\/actualite\/national\/evasion-de-cinq-terroristes-la-detention-d-une-vingtaine-d-accuses-prolongee\/216329\/"},"wordCount":347,"commentCount":0,"publisher":{"@id":"https:\/\/www.webdo.tn\/fr\/#organization"},"image":{"@id":"https:\/\/www.webdo.tn\/fr\/actualite\/national\/evasion-de-cinq-terroristes-la-detention-d-une-vingtaine-d-accuses-prolongee\/216329\/#primaryimage"},"thumbnailUrl":"https:\/\/www.webdo.tn\/fr\/wp-content\/uploads\/2024\/09\/e7b371983f88746a9815abf57f40ba7a.webp","keywords":["d\u00e9tention","\u00e9vasion","justice","Terroristes","Tunisie"],"articleSection":["National"],"inLanguage":"fr-FR"},{"@type":"WebPage","@id":"https:\/\/www.webdo.tn\/fr\/actualite\/national\/evasion-de-cinq-terroristes-la-detention-d-une-vingtaine-d-accuses-prolongee\/216329\/","url":"https:\/\/www.webdo.tn\/fr\/actualite\/national\/evasion-de-cinq-terroristes-la-detention-d-une-vingtaine-d-accuses-prolongee\/216329\/","name":"Evasion de cinq terroristes : La d\u00e9tention d\u2019une vingtaine d\u2019accus\u00e9s prolong\u00e9e","isPartOf":{"@id":"https:\/\/www.webdo.tn\/fr\/#website"},"primaryImageOfPage":{"@id":"https:\/\/www.webdo.tn\/fr\/actualite\/national\/evasion-de-cinq-terroristes-la-detention-d-une-vingtaine-d-accuses-prolongee\/216329\/#primaryimage"},"image":{"@id":"https:\/\/www.webdo.tn\/fr\/actualite\/national\/evasion-de-cinq-terroristes-la-detention-d-une-vingtaine-d-accuses-prolongee\/216329\/#primaryimage"},"thumbnailUrl":"https:\/\/www.webdo.tn\/fr\/wp-content\/uploads\/2024\/09\/e7b371983f88746a9815abf57f40ba7a.webp","datePublished":"2024-09-12T09:05:00+00:00","dateModified":"2025-05-20T22:14:11+00:00","description":"Dans cette affaire d\u2019\u00e9vasion, le juge d'instruction du p\u00f4le judiciaire de lutte contre le terrorisme a d\u00e9cid\u00e9 de prolonger de quatre mois suppl\u00e9mentaires la d\u00e9t...","breadcrumb":{"@id":"https:\/\/www.webdo.tn\/fr\/actualite\/national\/evasion-de-cinq-terroristes-la-detention-d-une-vingtaine-d-accuses-prolongee\/216329\/#breadcrumb"},"inLanguage":"fr-FR","potentialAction":[{"@type":"ReadAction","target":["https:\/\/www.webdo.tn\/fr\/actualite\/national\/evasion-de-cinq-terroristes-la-detention-d-une-vingtaine-d-accuses-prolongee\/216329\/"]}]},{"@type":"ImageObject","inLanguage":"fr-FR","@id":"https:\/\/www.webdo.tn\/fr\/actualite\/national\/evasion-de-cinq-terroristes-la-detention-d-une-vingtaine-d-accuses-prolongee\/216329\/#primaryimage","url":"https:\/\/www.webdo.tn\/fr\/wp-content\/uploads\/2024\/09\/e7b371983f88746a9815abf57f40ba7a.webp","contentUrl":"https:\/\/www.webdo.tn\/fr\/wp-content\/uploads\/2024\/09\/e7b371983f88746a9815abf57f40ba7a.webp","width":750,"height":400,"caption":"Evasion de cinq terroristes : La d\u00e9tention d\u2019une vingtaine d\u2019accus\u00e9s prolong\u00e9e"},{"@type":"BreadcrumbList","@id":"https:\/\/www.webdo.tn\/fr\/actualite\/national\/evasion-de-cinq-terroristes-la-detention-d-une-vingtaine-d-accuses-prolongee\/216329\/#breadcrumb","itemListElement":[{"@type":"ListItem","position":1,"name":"Accueil","item":"https:\/\/www.webdo.tn\/fr\/"},{"@type":"ListItem","position":2,"name":"Evasion de cinq terroristes : La d\u00e9tention d\u2019une vingtaine d\u2019accus\u00e9s prolong\u00e9e"}]},{"@type":"WebSite","@id":"https:\/\/www.webdo.tn\/fr\/#website","url":"https:\/\/www.webdo.tn\/fr\/","name":"webdo","description":"Tunisie - News en Tunisie et \u00e0 l&#039;international sur Webdo.tn","publisher":{"@id":"https:\/\/www.webdo.tn\/fr\/#organization"},"potentialAction":[{"@type":"SearchAction","target":{"@type":"EntryPoint","urlTemplate":"https:\/\/www.webdo.tn\/fr\/?s={search_term_string}"},"query-input":{"@type":"PropertyValueSpecification","valueRequired":true,"valueName":"search_term_string"}}],"inLanguage":"fr-FR"},{"@type":"Organization","@id":"https:\/\/www.webdo.tn\/fr\/#organization","name":"Webdo","alternateName":"Webdo.tn","url":"https:\/\/www.webdo.tn\/fr\/","logo":{"@type":"ImageObject","inLanguage":"fr-FR","@id":"https:\/\/www.webdo.tn\/fr\/#\/schema\/logo\/image\/","url":"https:\/\/www.webdo.tn\/fr\/wp-content\/uploads\/2025\/06\/Webdo-Tunisie_168377.jpg","contentUrl":"https:\/\/www.webdo.tn\/fr\/wp-content\/uploads\/2025\/06\/Webdo-Tunisie_168377.jpg","width":301,"height":301,"caption":"Webdo"},"image":{"@id":"https:\/\/www.webdo.tn\/fr\/#\/schema\/logo\/image\/"},"sameAs":["https:\/\/www.facebook.com\/webdotn","https:\/\/x.com\/webdo_tn"],"description":"Webdo est un m\u00e9dia num\u00e9rique tunisien fond\u00e9 en 2010, sp\u00e9cialis\u00e9 dans l\u2019actualit\u00e9 nationale et internationale, l\u2019\u00e9conomie, la soci\u00e9t\u00e9 et les analyses politiques. Le site s\u2019adresse \u00e0 un large public francophone et couvre l\u2019information tunisienne en temps r\u00e9el.","email":"redac@webdo.tn","legalName":"YNJ SARL","foundingDate":"2010-09-06","numberOfEmployees":{"@type":"QuantitativeValue","minValue":"11","maxValue":"50"}},{"@type":"Person","@id":"https:\/\/www.webdo.tn\/fr\/#\/schema\/person\/2c4929cbf5a809e3bd38617c6ce150f6","name":"MC","image":{"@type":"ImageObject","inLanguage":"fr-FR","@id":"https:\/\/secure.gravatar.com\/avatar\/a545bbb6f84efdd5553dbbc2895e3ca8f1d12c5215e00a041c9670b54aa9b18a?s=96&d=mm&r=g","url":"https:\/\/secure.gravatar.com\/avatar\/a545bbb6f84efdd5553dbbc2895e3ca8f1d12c5215e00a041c9670b54aa9b18a?s=96&d=mm&r=g","contentUrl":"https:\/\/secure.gravatar.com\/avatar\/a545bbb6f84efdd5553dbbc2895e3ca8f1d12c5215e00a041c9670b54aa9b18a?s=96&d=mm&r=g","caption":"MC"},"url":"https:\/\/www.webdo.tn\/fr\/actualite\/author\/mc\/"}]}},"_links":{"self":[{"href":"https:\/\/www.webdo.tn\/fr\/wp-json\/wp\/v2\/posts\/216329","targetHints":{"allow":["GET"]}}],"collection":[{"href":"https:\/\/www.webdo.tn\/fr\/wp-json\/wp\/v2\/posts"}],"about":[{"href":"https:\/\/www.webdo.tn\/fr\/wp-json\/wp\/v2\/types\/post"}],"author":[{"embeddable":true,"href":"https:\/\/www.webdo.tn\/fr\/wp-json\/wp\/v2\/users\/3162"}],"replies":[{"embeddable":true,"href":"https:\/\/www.webdo.tn\/fr\/wp-json\/wp\/v2\/comments?post=216329"}],"version-history":[{"count":0,"href":"https:\/\/www.webdo.tn\/fr\/wp-json\/wp\/v2\/posts\/216329\/revisions"}],"wp:featuredmedia":[{"embeddable":true,"href":"https:\/\/www.webdo.tn\/fr\/wp-json\/wp\/v2\/media\/291062"}],"wp:attachment":[{"href":"https:\/\/www.webdo.tn\/fr\/wp-json\/wp\/v2\/media?parent=216329"}],"wp:term":[{"taxonomy":"category","embeddable":true,"href":"https:\/\/www.webdo.tn\/fr\/wp-json\/wp\/v2\/categories?post=216329"},{"taxonomy":"post_tag","embeddable":true,"href":"https:\/\/www.webdo.tn\/fr\/wp-json\/wp\/v2\/tags?post=216329"}],"curies":[{"name":"wp","href":"https:\/\/api.w.org\/{rel}","templated":true}]}}