{"id":216327,"date":"2024-09-12T08:49:00","date_gmt":"2024-09-12T08:49:00","guid":{"rendered":"https:\/\/www.webdo.tn\/fr\/blog\/tunisie-l-ordre-des-avocats-decrete-le-brassard-rouge\/216327\/"},"modified":"2025-05-20T22:14:11","modified_gmt":"2025-05-20T22:14:11","slug":"tunisie-l-ordre-des-avocats-decrete-le-brassard-rouge","status":"publish","type":"post","link":"https:\/\/www.webdo.tn\/fr\/actualite\/national\/tunisie-l-ordre-des-avocats-decrete-le-brassard-rouge\/216327\/","title":{"rendered":"Tunisie : L\u2019Ordre des avocats d\u00e9cr\u00e8te le brassard rouge"},"content":{"rendered":"<p>L&rsquo;Ordre national des avocats tunisiens a annonc\u00e9 ce mercredi 11 septembre 2024, via un communiqu\u00e9 publi\u00e9 sur sa page Facebook, une s\u00e9rie de mouvements de protestation.<\/p>\n<p>\t\t\t\t\t\t\t\t\tL&rsquo;Ordre national des avocats tunisiens a annonc\u00e9 le port du brassard rouge du 16 au 20 septembre, pour revendiquer l&rsquo;ind\u00e9pendance du pouvoir judiciaire\u00a0 et en raison des \u00ab\u00a0restrictions impos\u00e9es aux avocats dans l&rsquo;exercice de leurs fonctions\u00a0\u00bb.<\/p>\n<p>L&rsquo;Ordre national des avocats compte \u00e9galement organiser des rassemblements de protestation devant le Palais de Justice de Tunis et au si\u00e8ge des tribunaux de premi\u00e8re instance, le 18 septembre, afin d&rsquo;exiger une r\u00e9forme de l&rsquo;appareil judiciaire et une r\u00e9ponse aux revendications professionnelles des avocats tunisiens \u00ab\u00a0dans les plus brefs d\u00e9lais\u00a0\u00bb.<\/p>\n","protected":false},"excerpt":{"rendered":"<p>L&rsquo;Ordre national des avocats tunisiens a annonc\u00e9 le port du brassard rouge du 16 au 20 septembre, pour revendiquer l&rsquo;ind\u00e9pendance du pouvoir judiciaire  et en r&#8230;<\/p>\n","protected":false},"author":3162,"featured_media":291057,"comment_status":"open","ping_status":"closed","sticky":false,"template":"","format":"standard","meta":{"footnotes":""},"categories":[44],"tags":[10412,2619,5693,3040,2796,2608],"class_list":["post-216327","post","type-post","status-publish","format-standard","has-post-thumbnail","hentry","category-national","tag-brassard-rouge","tag-justice","tag-onat","tag-ordre-des-avocats","tag-protestation","tag-tunisie"],"yoast_head":"<!-- This site is optimized with the Yoast SEO Premium plugin v27.4 (Yoast SEO v27.5) - https:\/\/yoast.com\/product\/yoast-seo-premium-wordpress\/ -->\n<title>Tunisie : L\u2019Ordre des avocats d\u00e9cr\u00e8te le brassard rouge<\/title>\n<meta name=\"description\" content=\"L&#039;Ordre national des avocats tunisiens a annonc\u00e9 le port du brassard rouge du 16 au 20 septembre, pour revendiquer l&#039;ind\u00e9pendance du pouvoir judiciaire et en r...\" \/>\n<link rel=\"canonical\" href=\"https:\/\/www.webdo.tn\/fr\/actualite\/national\/tunisie-l-ordre-des-avocats-decrete-le-brassard-rouge\/216327\/\" \/>\n<meta property=\"og:locale\" content=\"fr_FR\" \/>\n<meta property=\"og:type\" content=\"article\" \/>\n<meta property=\"og:title\" content=\"Tunisie : L\u2019Ordre des avocats d\u00e9cr\u00e8te le brassard rouge\" \/>\n<meta property=\"og:description\" content=\"L&#039;Ordre national des avocats tunisiens a annonc\u00e9 le port du brassard rouge du 16 au 20 septembre, pour revendiquer l&#039;ind\u00e9pendance du pouvoir judiciaire et en r...\" \/>\n<meta property=\"og:url\" content=\"https:\/\/www.webdo.tn\/fr\/actualite\/national\/tunisie-l-ordre-des-avocats-decrete-le-brassard-rouge\/216327\/\" \/>\n<meta property=\"og:site_name\" content=\"webdo\" \/>\n<meta property=\"article:publisher\" content=\"https:\/\/www.facebook.com\/webdotn\" \/>\n<meta property=\"article:published_time\" content=\"2024-09-12T08:49:00+00:00\" \/>\n<meta property=\"article:modified_time\" content=\"2025-05-20T22:14:11+00:00\" \/>\n<meta property=\"og:image\" content=\"https:\/\/www.webdo.tn\/fr\/wp-content\/uploads\/2024\/09\/ee85201afffab147b32a7476d0693504.webp\" \/>\n\t<meta property=\"og:image:width\" content=\"750\" \/>\n\t<meta property=\"og:image:height\" content=\"400\" \/>\n\t<meta property=\"og:image:type\" content=\"image\/webp\" \/>\n<meta name=\"author\" content=\"MC\" \/>\n<meta name=\"twitter:card\" content=\"summary_large_image\" \/>\n<meta name=\"twitter:creator\" content=\"@webdo_tn\" \/>\n<meta name=\"twitter:site\" content=\"@webdo_tn\" \/>\n<meta name=\"twitter:label1\" content=\"\u00c9crit par\" \/>\n\t<meta name=\"twitter:data1\" content=\"MC\" \/>\n\t<meta name=\"twitter:label2\" content=\"Dur\u00e9e de lecture estim\u00e9e\" \/>\n\t<meta name=\"twitter:data2\" content=\"1 minute\" \/>\n<script type=\"application\/ld+json\" class=\"yoast-schema-graph\">{\"@context\":\"https:\\\/\\\/schema.org\",\"@graph\":[{\"@type\":\"NewsArticle\",\"@id\":\"https:\\\/\\\/www.webdo.tn\\\/fr\\\/actualite\\\/national\\\/tunisie-l-ordre-des-avocats-decrete-le-brassard-rouge\\\/216327\\\/#article\",\"isPartOf\":{\"@id\":\"https:\\\/\\\/www.webdo.tn\\\/fr\\\/actualite\\\/national\\\/tunisie-l-ordre-des-avocats-decrete-le-brassard-rouge\\\/216327\\\/\"},\"author\":{\"name\":\"MC\",\"@id\":\"https:\\\/\\\/www.webdo.tn\\\/fr\\\/#\\\/schema\\\/person\\\/2c4929cbf5a809e3bd38617c6ce150f6\"},\"headline\":\"Tunisie : L\u2019Ordre des avocats d\u00e9cr\u00e8te le brassard rouge\",\"datePublished\":\"2024-09-12T08:49:00+00:00\",\"dateModified\":\"2025-05-20T22:14:11+00:00\",\"mainEntityOfPage\":{\"@id\":\"https:\\\/\\\/www.webdo.tn\\\/fr\\\/actualite\\\/national\\\/tunisie-l-ordre-des-avocats-decrete-le-brassard-rouge\\\/216327\\\/\"},\"wordCount\":133,\"commentCount\":0,\"publisher\":{\"@id\":\"https:\\\/\\\/www.webdo.tn\\\/fr\\\/#organization\"},\"image\":{\"@id\":\"https:\\\/\\\/www.webdo.tn\\\/fr\\\/actualite\\\/national\\\/tunisie-l-ordre-des-avocats-decrete-le-brassard-rouge\\\/216327\\\/#primaryimage\"},\"thumbnailUrl\":\"https:\\\/\\\/www.webdo.tn\\\/fr\\\/wp-content\\\/uploads\\\/2024\\\/09\\\/ee85201afffab147b32a7476d0693504.webp\",\"keywords\":[\"'brassard rouge']\",\"justice\",\"onat\",\"Ordre des avocats\",\"protestation\",\"Tunisie\"],\"articleSection\":[\"National\"],\"inLanguage\":\"fr-FR\"},{\"@type\":\"WebPage\",\"@id\":\"https:\\\/\\\/www.webdo.tn\\\/fr\\\/actualite\\\/national\\\/tunisie-l-ordre-des-avocats-decrete-le-brassard-rouge\\\/216327\\\/\",\"url\":\"https:\\\/\\\/www.webdo.tn\\\/fr\\\/actualite\\\/national\\\/tunisie-l-ordre-des-avocats-decrete-le-brassard-rouge\\\/216327\\\/\",\"name\":\"Tunisie : L\u2019Ordre des avocats d\u00e9cr\u00e8te le brassard rouge\",\"isPartOf\":{\"@id\":\"https:\\\/\\\/www.webdo.tn\\\/fr\\\/#website\"},\"primaryImageOfPage\":{\"@id\":\"https:\\\/\\\/www.webdo.tn\\\/fr\\\/actualite\\\/national\\\/tunisie-l-ordre-des-avocats-decrete-le-brassard-rouge\\\/216327\\\/#primaryimage\"},\"image\":{\"@id\":\"https:\\\/\\\/www.webdo.tn\\\/fr\\\/actualite\\\/national\\\/tunisie-l-ordre-des-avocats-decrete-le-brassard-rouge\\\/216327\\\/#primaryimage\"},\"thumbnailUrl\":\"https:\\\/\\\/www.webdo.tn\\\/fr\\\/wp-content\\\/uploads\\\/2024\\\/09\\\/ee85201afffab147b32a7476d0693504.webp\",\"datePublished\":\"2024-09-12T08:49:00+00:00\",\"dateModified\":\"2025-05-20T22:14:11+00:00\",\"description\":\"L'Ordre national des avocats tunisiens a annonc\u00e9 le port du brassard rouge du 16 au 20 septembre, pour revendiquer l'ind\u00e9pendance du pouvoir judiciaire et en r...\",\"breadcrumb\":{\"@id\":\"https:\\\/\\\/www.webdo.tn\\\/fr\\\/actualite\\\/national\\\/tunisie-l-ordre-des-avocats-decrete-le-brassard-rouge\\\/216327\\\/#breadcrumb\"},\"inLanguage\":\"fr-FR\",\"potentialAction\":[{\"@type\":\"ReadAction\",\"target\":[\"https:\\\/\\\/www.webdo.tn\\\/fr\\\/actualite\\\/national\\\/tunisie-l-ordre-des-avocats-decrete-le-brassard-rouge\\\/216327\\\/\"]}]},{\"@type\":\"ImageObject\",\"inLanguage\":\"fr-FR\",\"@id\":\"https:\\\/\\\/www.webdo.tn\\\/fr\\\/actualite\\\/national\\\/tunisie-l-ordre-des-avocats-decrete-le-brassard-rouge\\\/216327\\\/#primaryimage\",\"url\":\"https:\\\/\\\/www.webdo.tn\\\/fr\\\/wp-content\\\/uploads\\\/2024\\\/09\\\/ee85201afffab147b32a7476d0693504.webp\",\"contentUrl\":\"https:\\\/\\\/www.webdo.tn\\\/fr\\\/wp-content\\\/uploads\\\/2024\\\/09\\\/ee85201afffab147b32a7476d0693504.webp\",\"width\":750,\"height\":400,\"caption\":\"Tunisie : L\u2019Ordre des avocats d\u00e9cr\u00e8te le brassard rouge\"},{\"@type\":\"BreadcrumbList\",\"@id\":\"https:\\\/\\\/www.webdo.tn\\\/fr\\\/actualite\\\/national\\\/tunisie-l-ordre-des-avocats-decrete-le-brassard-rouge\\\/216327\\\/#breadcrumb\",\"itemListElement\":[{\"@type\":\"ListItem\",\"position\":1,\"name\":\"Accueil\",\"item\":\"https:\\\/\\\/www.webdo.tn\\\/fr\\\/\"},{\"@type\":\"ListItem\",\"position\":2,\"name\":\"Tunisie : L\u2019Ordre des avocats d\u00e9cr\u00e8te le brassard rouge\"}]},{\"@type\":\"WebSite\",\"@id\":\"https:\\\/\\\/www.webdo.tn\\\/fr\\\/#website\",\"url\":\"https:\\\/\\\/www.webdo.tn\\\/fr\\\/\",\"name\":\"webdo\",\"description\":\"Tunisie - News en Tunisie et \u00e0 l&#039;international sur Webdo.tn\",\"publisher\":{\"@id\":\"https:\\\/\\\/www.webdo.tn\\\/fr\\\/#organization\"},\"potentialAction\":[{\"@type\":\"SearchAction\",\"target\":{\"@type\":\"EntryPoint\",\"urlTemplate\":\"https:\\\/\\\/www.webdo.tn\\\/fr\\\/?s={search_term_string}\"},\"query-input\":{\"@type\":\"PropertyValueSpecification\",\"valueRequired\":true,\"valueName\":\"search_term_string\"}}],\"inLanguage\":\"fr-FR\"},{\"@type\":\"Organization\",\"@id\":\"https:\\\/\\\/www.webdo.tn\\\/fr\\\/#organization\",\"name\":\"Webdo\",\"alternateName\":\"Webdo.tn\",\"url\":\"https:\\\/\\\/www.webdo.tn\\\/fr\\\/\",\"logo\":{\"@type\":\"ImageObject\",\"inLanguage\":\"fr-FR\",\"@id\":\"https:\\\/\\\/www.webdo.tn\\\/fr\\\/#\\\/schema\\\/logo\\\/image\\\/\",\"url\":\"https:\\\/\\\/www.webdo.tn\\\/fr\\\/wp-content\\\/uploads\\\/2025\\\/06\\\/Webdo-Tunisie_168377.jpg\",\"contentUrl\":\"https:\\\/\\\/www.webdo.tn\\\/fr\\\/wp-content\\\/uploads\\\/2025\\\/06\\\/Webdo-Tunisie_168377.jpg\",\"width\":301,\"height\":301,\"caption\":\"Webdo\"},\"image\":{\"@id\":\"https:\\\/\\\/www.webdo.tn\\\/fr\\\/#\\\/schema\\\/logo\\\/image\\\/\"},\"sameAs\":[\"https:\\\/\\\/www.facebook.com\\\/webdotn\",\"https:\\\/\\\/x.com\\\/webdo_tn\"],\"description\":\"Webdo est un m\u00e9dia num\u00e9rique tunisien fond\u00e9 en 2010, sp\u00e9cialis\u00e9 dans l\u2019actualit\u00e9 nationale et internationale, l\u2019\u00e9conomie, la soci\u00e9t\u00e9 et les analyses politiques. Le site s\u2019adresse \u00e0 un large public francophone et couvre l\u2019information tunisienne en temps r\u00e9el.\",\"email\":\"redac@webdo.tn\",\"legalName\":\"YNJ SARL\",\"foundingDate\":\"2010-09-06\",\"numberOfEmployees\":{\"@type\":\"QuantitativeValue\",\"minValue\":\"11\",\"maxValue\":\"50\"}},{\"@type\":\"Person\",\"@id\":\"https:\\\/\\\/www.webdo.tn\\\/fr\\\/#\\\/schema\\\/person\\\/2c4929cbf5a809e3bd38617c6ce150f6\",\"name\":\"MC\",\"image\":{\"@type\":\"ImageObject\",\"inLanguage\":\"fr-FR\",\"@id\":\"https:\\\/\\\/secure.gravatar.com\\\/avatar\\\/a545bbb6f84efdd5553dbbc2895e3ca8f1d12c5215e00a041c9670b54aa9b18a?s=96&d=mm&r=g\",\"url\":\"https:\\\/\\\/secure.gravatar.com\\\/avatar\\\/a545bbb6f84efdd5553dbbc2895e3ca8f1d12c5215e00a041c9670b54aa9b18a?s=96&d=mm&r=g\",\"contentUrl\":\"https:\\\/\\\/secure.gravatar.com\\\/avatar\\\/a545bbb6f84efdd5553dbbc2895e3ca8f1d12c5215e00a041c9670b54aa9b18a?s=96&d=mm&r=g\",\"caption\":\"MC\"},\"url\":\"https:\\\/\\\/www.webdo.tn\\\/fr\\\/actualite\\\/author\\\/mc\\\/\"}]}<\/script>\n<!-- \/ Yoast SEO Premium plugin. -->","yoast_head_json":{"title":"Tunisie : L\u2019Ordre des avocats d\u00e9cr\u00e8te le brassard rouge","description":"L'Ordre national des avocats tunisiens a annonc\u00e9 le port du brassard rouge du 16 au 20 septembre, pour revendiquer l'ind\u00e9pendance du pouvoir judiciaire et en r...","canonical":"https:\/\/www.webdo.tn\/fr\/actualite\/national\/tunisie-l-ordre-des-avocats-decrete-le-brassard-rouge\/216327\/","og_locale":"fr_FR","og_type":"article","og_title":"Tunisie : L\u2019Ordre des avocats d\u00e9cr\u00e8te le brassard rouge","og_description":"L'Ordre national des avocats tunisiens a annonc\u00e9 le port du brassard rouge du 16 au 20 septembre, pour revendiquer l'ind\u00e9pendance du pouvoir judiciaire et en r...","og_url":"https:\/\/www.webdo.tn\/fr\/actualite\/national\/tunisie-l-ordre-des-avocats-decrete-le-brassard-rouge\/216327\/","og_site_name":"webdo","article_publisher":"https:\/\/www.facebook.com\/webdotn","article_published_time":"2024-09-12T08:49:00+00:00","article_modified_time":"2025-05-20T22:14:11+00:00","og_image":[{"width":750,"height":400,"url":"https:\/\/www.webdo.tn\/fr\/wp-content\/uploads\/2024\/09\/ee85201afffab147b32a7476d0693504.webp","type":"image\/webp"}],"author":"MC","twitter_card":"summary_large_image","twitter_creator":"@webdo_tn","twitter_site":"@webdo_tn","twitter_misc":{"\u00c9crit par":"MC","Dur\u00e9e de lecture estim\u00e9e":"1 minute"},"schema":{"@context":"https:\/\/schema.org","@graph":[{"@type":"NewsArticle","@id":"https:\/\/www.webdo.tn\/fr\/actualite\/national\/tunisie-l-ordre-des-avocats-decrete-le-brassard-rouge\/216327\/#article","isPartOf":{"@id":"https:\/\/www.webdo.tn\/fr\/actualite\/national\/tunisie-l-ordre-des-avocats-decrete-le-brassard-rouge\/216327\/"},"author":{"name":"MC","@id":"https:\/\/www.webdo.tn\/fr\/#\/schema\/person\/2c4929cbf5a809e3bd38617c6ce150f6"},"headline":"Tunisie : L\u2019Ordre des avocats d\u00e9cr\u00e8te le brassard rouge","datePublished":"2024-09-12T08:49:00+00:00","dateModified":"2025-05-20T22:14:11+00:00","mainEntityOfPage":{"@id":"https:\/\/www.webdo.tn\/fr\/actualite\/national\/tunisie-l-ordre-des-avocats-decrete-le-brassard-rouge\/216327\/"},"wordCount":133,"commentCount":0,"publisher":{"@id":"https:\/\/www.webdo.tn\/fr\/#organization"},"image":{"@id":"https:\/\/www.webdo.tn\/fr\/actualite\/national\/tunisie-l-ordre-des-avocats-decrete-le-brassard-rouge\/216327\/#primaryimage"},"thumbnailUrl":"https:\/\/www.webdo.tn\/fr\/wp-content\/uploads\/2024\/09\/ee85201afffab147b32a7476d0693504.webp","keywords":["'brassard rouge']","justice","onat","Ordre des avocats","protestation","Tunisie"],"articleSection":["National"],"inLanguage":"fr-FR"},{"@type":"WebPage","@id":"https:\/\/www.webdo.tn\/fr\/actualite\/national\/tunisie-l-ordre-des-avocats-decrete-le-brassard-rouge\/216327\/","url":"https:\/\/www.webdo.tn\/fr\/actualite\/national\/tunisie-l-ordre-des-avocats-decrete-le-brassard-rouge\/216327\/","name":"Tunisie : L\u2019Ordre des avocats d\u00e9cr\u00e8te le brassard rouge","isPartOf":{"@id":"https:\/\/www.webdo.tn\/fr\/#website"},"primaryImageOfPage":{"@id":"https:\/\/www.webdo.tn\/fr\/actualite\/national\/tunisie-l-ordre-des-avocats-decrete-le-brassard-rouge\/216327\/#primaryimage"},"image":{"@id":"https:\/\/www.webdo.tn\/fr\/actualite\/national\/tunisie-l-ordre-des-avocats-decrete-le-brassard-rouge\/216327\/#primaryimage"},"thumbnailUrl":"https:\/\/www.webdo.tn\/fr\/wp-content\/uploads\/2024\/09\/ee85201afffab147b32a7476d0693504.webp","datePublished":"2024-09-12T08:49:00+00:00","dateModified":"2025-05-20T22:14:11+00:00","description":"L'Ordre national des avocats tunisiens a annonc\u00e9 le port du brassard rouge du 16 au 20 septembre, pour revendiquer l'ind\u00e9pendance du pouvoir judiciaire et en r...","breadcrumb":{"@id":"https:\/\/www.webdo.tn\/fr\/actualite\/national\/tunisie-l-ordre-des-avocats-decrete-le-brassard-rouge\/216327\/#breadcrumb"},"inLanguage":"fr-FR","potentialAction":[{"@type":"ReadAction","target":["https:\/\/www.webdo.tn\/fr\/actualite\/national\/tunisie-l-ordre-des-avocats-decrete-le-brassard-rouge\/216327\/"]}]},{"@type":"ImageObject","inLanguage":"fr-FR","@id":"https:\/\/www.webdo.tn\/fr\/actualite\/national\/tunisie-l-ordre-des-avocats-decrete-le-brassard-rouge\/216327\/#primaryimage","url":"https:\/\/www.webdo.tn\/fr\/wp-content\/uploads\/2024\/09\/ee85201afffab147b32a7476d0693504.webp","contentUrl":"https:\/\/www.webdo.tn\/fr\/wp-content\/uploads\/2024\/09\/ee85201afffab147b32a7476d0693504.webp","width":750,"height":400,"caption":"Tunisie : L\u2019Ordre des avocats d\u00e9cr\u00e8te le brassard rouge"},{"@type":"BreadcrumbList","@id":"https:\/\/www.webdo.tn\/fr\/actualite\/national\/tunisie-l-ordre-des-avocats-decrete-le-brassard-rouge\/216327\/#breadcrumb","itemListElement":[{"@type":"ListItem","position":1,"name":"Accueil","item":"https:\/\/www.webdo.tn\/fr\/"},{"@type":"ListItem","position":2,"name":"Tunisie : L\u2019Ordre des avocats d\u00e9cr\u00e8te le brassard rouge"}]},{"@type":"WebSite","@id":"https:\/\/www.webdo.tn\/fr\/#website","url":"https:\/\/www.webdo.tn\/fr\/","name":"webdo","description":"Tunisie - News en Tunisie et \u00e0 l&#039;international sur Webdo.tn","publisher":{"@id":"https:\/\/www.webdo.tn\/fr\/#organization"},"potentialAction":[{"@type":"SearchAction","target":{"@type":"EntryPoint","urlTemplate":"https:\/\/www.webdo.tn\/fr\/?s={search_term_string}"},"query-input":{"@type":"PropertyValueSpecification","valueRequired":true,"valueName":"search_term_string"}}],"inLanguage":"fr-FR"},{"@type":"Organization","@id":"https:\/\/www.webdo.tn\/fr\/#organization","name":"Webdo","alternateName":"Webdo.tn","url":"https:\/\/www.webdo.tn\/fr\/","logo":{"@type":"ImageObject","inLanguage":"fr-FR","@id":"https:\/\/www.webdo.tn\/fr\/#\/schema\/logo\/image\/","url":"https:\/\/www.webdo.tn\/fr\/wp-content\/uploads\/2025\/06\/Webdo-Tunisie_168377.jpg","contentUrl":"https:\/\/www.webdo.tn\/fr\/wp-content\/uploads\/2025\/06\/Webdo-Tunisie_168377.jpg","width":301,"height":301,"caption":"Webdo"},"image":{"@id":"https:\/\/www.webdo.tn\/fr\/#\/schema\/logo\/image\/"},"sameAs":["https:\/\/www.facebook.com\/webdotn","https:\/\/x.com\/webdo_tn"],"description":"Webdo est un m\u00e9dia num\u00e9rique tunisien fond\u00e9 en 2010, sp\u00e9cialis\u00e9 dans l\u2019actualit\u00e9 nationale et internationale, l\u2019\u00e9conomie, la soci\u00e9t\u00e9 et les analyses politiques. Le site s\u2019adresse \u00e0 un large public francophone et couvre l\u2019information tunisienne en temps r\u00e9el.","email":"redac@webdo.tn","legalName":"YNJ SARL","foundingDate":"2010-09-06","numberOfEmployees":{"@type":"QuantitativeValue","minValue":"11","maxValue":"50"}},{"@type":"Person","@id":"https:\/\/www.webdo.tn\/fr\/#\/schema\/person\/2c4929cbf5a809e3bd38617c6ce150f6","name":"MC","image":{"@type":"ImageObject","inLanguage":"fr-FR","@id":"https:\/\/secure.gravatar.com\/avatar\/a545bbb6f84efdd5553dbbc2895e3ca8f1d12c5215e00a041c9670b54aa9b18a?s=96&d=mm&r=g","url":"https:\/\/secure.gravatar.com\/avatar\/a545bbb6f84efdd5553dbbc2895e3ca8f1d12c5215e00a041c9670b54aa9b18a?s=96&d=mm&r=g","contentUrl":"https:\/\/secure.gravatar.com\/avatar\/a545bbb6f84efdd5553dbbc2895e3ca8f1d12c5215e00a041c9670b54aa9b18a?s=96&d=mm&r=g","caption":"MC"},"url":"https:\/\/www.webdo.tn\/fr\/actualite\/author\/mc\/"}]}},"_links":{"self":[{"href":"https:\/\/www.webdo.tn\/fr\/wp-json\/wp\/v2\/posts\/216327","targetHints":{"allow":["GET"]}}],"collection":[{"href":"https:\/\/www.webdo.tn\/fr\/wp-json\/wp\/v2\/posts"}],"about":[{"href":"https:\/\/www.webdo.tn\/fr\/wp-json\/wp\/v2\/types\/post"}],"author":[{"embeddable":true,"href":"https:\/\/www.webdo.tn\/fr\/wp-json\/wp\/v2\/users\/3162"}],"replies":[{"embeddable":true,"href":"https:\/\/www.webdo.tn\/fr\/wp-json\/wp\/v2\/comments?post=216327"}],"version-history":[{"count":0,"href":"https:\/\/www.webdo.tn\/fr\/wp-json\/wp\/v2\/posts\/216327\/revisions"}],"wp:featuredmedia":[{"embeddable":true,"href":"https:\/\/www.webdo.tn\/fr\/wp-json\/wp\/v2\/media\/291057"}],"wp:attachment":[{"href":"https:\/\/www.webdo.tn\/fr\/wp-json\/wp\/v2\/media?parent=216327"}],"wp:term":[{"taxonomy":"category","embeddable":true,"href":"https:\/\/www.webdo.tn\/fr\/wp-json\/wp\/v2\/categories?post=216327"},{"taxonomy":"post_tag","embeddable":true,"href":"https:\/\/www.webdo.tn\/fr\/wp-json\/wp\/v2\/tags?post=216327"}],"curies":[{"name":"wp","href":"https:\/\/api.w.org\/{rel}","templated":true}]}}