{"id":216324,"date":"2024-09-11T22:12:00","date_gmt":"2024-09-11T22:12:00","guid":{"rendered":"https:\/\/www.webdo.tn\/fr\/blog\/tunisie-les-medailles-paralympiques-a-l-honneur\/216324\/"},"modified":"2025-05-21T09:06:47","modified_gmt":"2025-05-21T09:06:47","slug":"tunisie-les-medailles-paralympiques-a-l-honneur","status":"publish","type":"post","link":"https:\/\/www.webdo.tn\/fr\/actualite\/national\/tunisie-les-medailles-paralympiques-a-l-honneur\/216324\/","title":{"rendered":"Tunisie : Les m\u00e9daill\u00e9s paralympiques \u00e0 l&rsquo;honneur"},"content":{"rendered":"<p>Ce mercredi 11 septembre 2024, le pr\u00e9sident de la R\u00e9publique, Ka\u00efs Sa\u00efed, a pr\u00e9sid\u00e9 une c\u00e9r\u00e9monie au Palais de Carthage en l&rsquo;honneur des athl\u00e8tes tunisiens brillamment m\u00e9daill\u00e9s lors des Jeux Paralympiques de Paris 2024.<\/p>\n<p>\t\t\t\t\t\t\t\t\tLors de cette c\u00e9r\u00e9monie, la championne Roua Tlili, qui a remport\u00e9 deux m\u00e9dailles d&rsquo;or en lancer du poids et en lancer de disque, ainsi que le champion Walid Ktila, m\u00e9daill\u00e9 d&rsquo;argent en 100 m\u00e8tres fauteuil, ont \u00e9t\u00e9 distingu\u00e9s pour leurs performances exceptionnelles.<\/p>\n<p>Le pr\u00e9sident de la R\u00e9publique a \u00e9galement d\u00e9cern\u00e9 l&rsquo;Ordre National du M\u00e9rite dans la cat\u00e9gorie sport aux athl\u00e8tes suivants :<\/p>\n<p>Premi\u00e8re Classe :<\/p>\n<p>\tAmen Allah Tissaoui , m\u00e9daill\u00e9 d&rsquo;or en 1500 m\u00e8tres et de bronze en 400 m\u00e8tres.<br \/>\n\tMaroua Brahmi , m\u00e9daill\u00e9e d&rsquo;or en lancer de javelot.<\/p>\n<p>Deuxi\u00e8me Classe :<\/p>\n<p>\tWajdi Boukhili, m\u00e9daill\u00e9 d&rsquo;or en marathon.<br \/>\n\tRouay Jebabli, m\u00e9daill\u00e9 d&rsquo;argent en 1500 m\u00e8tres et de bronze en 400 m\u00e8tres.<br \/>\n\tAhmed Ben Mosleh, m\u00e9daill\u00e9 d&rsquo;argent en lancer du poids.<br \/>\n\tRaja Jebali, m\u00e9daill\u00e9e de bronze en lancer du poids.<\/p>\n<p>Cette c\u00e9r\u00e9monie a \u00e9t\u00e9 l&rsquo;occasion de c\u00e9l\u00e9brer l&rsquo;excellence et l&rsquo;engagement de ces sportifs qui ont port\u00e9 haut les couleurs de la Tunisie sur la sc\u00e8ne internationale.<\/p>\n","protected":false},"excerpt":{"rendered":"<p>Le pr\u00e9sident Ka\u00efs Sa\u00efed distingue Roua Tlili et Walid Ktila, m\u00e9daill\u00e9s aux Jeux Paralympiques de Paris 2024, lors d&rsquo;une c\u00e9r\u00e9monie au Palais de Carthage. D\u00e9couvr&#8230;<\/p>\n","protected":false},"author":3166,"featured_media":291060,"comment_status":"open","ping_status":"closed","sticky":false,"template":"","format":"standard","meta":{"footnotes":""},"categories":[44],"tags":[10413,5778,2608],"class_list":["post-216324","post","type-post","status-publish","format-standard","has-post-thumbnail","hentry","category-national","tag-jeux-paralympique","tag-paris-2024","tag-tunisie"],"yoast_head":"<!-- This site is optimized with the Yoast SEO Premium plugin v27.4 (Yoast SEO v27.5) - https:\/\/yoast.com\/product\/yoast-seo-premium-wordpress\/ -->\n<title>Tunisie : Les m\u00e9daill\u00e9s paralympiques \u00e0 l&#039;honneur<\/title>\n<meta name=\"description\" content=\"Le pr\u00e9sident Ka\u00efs Sa\u00efed distingue Roua Tlili et Walid Ktila, m\u00e9daill\u00e9s aux Jeux Paralympiques de Paris 2024, lors d&#039;une c\u00e9r\u00e9monie au Palais de Carthage. D\u00e9couvr...\" \/>\n<link rel=\"canonical\" href=\"https:\/\/www.webdo.tn\/fr\/actualite\/national\/tunisie-les-medailles-paralympiques-a-l-honneur\/216324\/\" \/>\n<meta property=\"og:locale\" content=\"fr_FR\" \/>\n<meta property=\"og:type\" content=\"article\" \/>\n<meta property=\"og:title\" content=\"Tunisie : Les m\u00e9daill\u00e9s paralympiques \u00e0 l&#039;honneur\" \/>\n<meta property=\"og:description\" content=\"Le pr\u00e9sident Ka\u00efs Sa\u00efed distingue Roua Tlili et Walid Ktila, m\u00e9daill\u00e9s aux Jeux Paralympiques de Paris 2024, lors d&#039;une c\u00e9r\u00e9monie au Palais de Carthage. D\u00e9couvr...\" \/>\n<meta property=\"og:url\" content=\"https:\/\/www.webdo.tn\/fr\/actualite\/national\/tunisie-les-medailles-paralympiques-a-l-honneur\/216324\/\" \/>\n<meta property=\"og:site_name\" content=\"webdo\" \/>\n<meta property=\"article:publisher\" content=\"https:\/\/www.facebook.com\/webdotn\" \/>\n<meta property=\"article:published_time\" content=\"2024-09-11T22:12:00+00:00\" \/>\n<meta property=\"article:modified_time\" content=\"2025-05-21T09:06:47+00:00\" \/>\n<meta property=\"og:image\" content=\"https:\/\/www.webdo.tn\/fr\/wp-content\/uploads\/2024\/09\/aa0a82fdb690dc8020bf605b17f2f31f.webp\" \/>\n\t<meta property=\"og:image:width\" content=\"750\" \/>\n\t<meta property=\"og:image:height\" content=\"400\" \/>\n\t<meta property=\"og:image:type\" content=\"image\/webp\" \/>\n<meta name=\"author\" content=\"AZ\" \/>\n<meta name=\"twitter:card\" content=\"summary_large_image\" \/>\n<meta name=\"twitter:creator\" content=\"@webdo_tn\" \/>\n<meta name=\"twitter:site\" content=\"@webdo_tn\" \/>\n<meta name=\"twitter:label1\" content=\"\u00c9crit par\" \/>\n\t<meta name=\"twitter:data1\" content=\"AZ\" \/>\n\t<meta name=\"twitter:label2\" content=\"Dur\u00e9e de lecture estim\u00e9e\" \/>\n\t<meta name=\"twitter:data2\" content=\"1 minute\" \/>\n<script type=\"application\/ld+json\" class=\"yoast-schema-graph\">{\"@context\":\"https:\\\/\\\/schema.org\",\"@graph\":[{\"@type\":\"NewsArticle\",\"@id\":\"https:\\\/\\\/www.webdo.tn\\\/fr\\\/actualite\\\/national\\\/tunisie-les-medailles-paralympiques-a-l-honneur\\\/216324\\\/#article\",\"isPartOf\":{\"@id\":\"https:\\\/\\\/www.webdo.tn\\\/fr\\\/actualite\\\/national\\\/tunisie-les-medailles-paralympiques-a-l-honneur\\\/216324\\\/\"},\"author\":{\"name\":\"AZ\",\"@id\":\"https:\\\/\\\/www.webdo.tn\\\/fr\\\/#\\\/schema\\\/person\\\/b8a41c04d93287d375510db360906b34\"},\"headline\":\"Tunisie : Les m\u00e9daill\u00e9s paralympiques \u00e0 l&rsquo;honneur\",\"datePublished\":\"2024-09-11T22:12:00+00:00\",\"dateModified\":\"2025-05-21T09:06:47+00:00\",\"mainEntityOfPage\":{\"@id\":\"https:\\\/\\\/www.webdo.tn\\\/fr\\\/actualite\\\/national\\\/tunisie-les-medailles-paralympiques-a-l-honneur\\\/216324\\\/\"},\"wordCount\":237,\"commentCount\":0,\"publisher\":{\"@id\":\"https:\\\/\\\/www.webdo.tn\\\/fr\\\/#organization\"},\"image\":{\"@id\":\"https:\\\/\\\/www.webdo.tn\\\/fr\\\/actualite\\\/national\\\/tunisie-les-medailles-paralympiques-a-l-honneur\\\/216324\\\/#primaryimage\"},\"thumbnailUrl\":\"https:\\\/\\\/www.webdo.tn\\\/fr\\\/wp-content\\\/uploads\\\/2024\\\/09\\\/aa0a82fdb690dc8020bf605b17f2f31f.webp\",\"keywords\":[\"'Jeux Paralympique']\",\"Paris 2024\",\"Tunisie\"],\"articleSection\":[\"National\"],\"inLanguage\":\"fr-FR\"},{\"@type\":\"WebPage\",\"@id\":\"https:\\\/\\\/www.webdo.tn\\\/fr\\\/actualite\\\/national\\\/tunisie-les-medailles-paralympiques-a-l-honneur\\\/216324\\\/\",\"url\":\"https:\\\/\\\/www.webdo.tn\\\/fr\\\/actualite\\\/national\\\/tunisie-les-medailles-paralympiques-a-l-honneur\\\/216324\\\/\",\"name\":\"Tunisie : Les m\u00e9daill\u00e9s paralympiques \u00e0 l'honneur\",\"isPartOf\":{\"@id\":\"https:\\\/\\\/www.webdo.tn\\\/fr\\\/#website\"},\"primaryImageOfPage\":{\"@id\":\"https:\\\/\\\/www.webdo.tn\\\/fr\\\/actualite\\\/national\\\/tunisie-les-medailles-paralympiques-a-l-honneur\\\/216324\\\/#primaryimage\"},\"image\":{\"@id\":\"https:\\\/\\\/www.webdo.tn\\\/fr\\\/actualite\\\/national\\\/tunisie-les-medailles-paralympiques-a-l-honneur\\\/216324\\\/#primaryimage\"},\"thumbnailUrl\":\"https:\\\/\\\/www.webdo.tn\\\/fr\\\/wp-content\\\/uploads\\\/2024\\\/09\\\/aa0a82fdb690dc8020bf605b17f2f31f.webp\",\"datePublished\":\"2024-09-11T22:12:00+00:00\",\"dateModified\":\"2025-05-21T09:06:47+00:00\",\"description\":\"Le pr\u00e9sident Ka\u00efs Sa\u00efed distingue Roua Tlili et Walid Ktila, m\u00e9daill\u00e9s aux Jeux Paralympiques de Paris 2024, lors d'une c\u00e9r\u00e9monie au Palais de Carthage. D\u00e9couvr...\",\"breadcrumb\":{\"@id\":\"https:\\\/\\\/www.webdo.tn\\\/fr\\\/actualite\\\/national\\\/tunisie-les-medailles-paralympiques-a-l-honneur\\\/216324\\\/#breadcrumb\"},\"inLanguage\":\"fr-FR\",\"potentialAction\":[{\"@type\":\"ReadAction\",\"target\":[\"https:\\\/\\\/www.webdo.tn\\\/fr\\\/actualite\\\/national\\\/tunisie-les-medailles-paralympiques-a-l-honneur\\\/216324\\\/\"]}]},{\"@type\":\"ImageObject\",\"inLanguage\":\"fr-FR\",\"@id\":\"https:\\\/\\\/www.webdo.tn\\\/fr\\\/actualite\\\/national\\\/tunisie-les-medailles-paralympiques-a-l-honneur\\\/216324\\\/#primaryimage\",\"url\":\"https:\\\/\\\/www.webdo.tn\\\/fr\\\/wp-content\\\/uploads\\\/2024\\\/09\\\/aa0a82fdb690dc8020bf605b17f2f31f.webp\",\"contentUrl\":\"https:\\\/\\\/www.webdo.tn\\\/fr\\\/wp-content\\\/uploads\\\/2024\\\/09\\\/aa0a82fdb690dc8020bf605b17f2f31f.webp\",\"width\":750,\"height\":400,\"caption\":\"Tunisie : Les m\u00e9daill\u00e9s paralympiques \u00e0 l'honneur\"},{\"@type\":\"BreadcrumbList\",\"@id\":\"https:\\\/\\\/www.webdo.tn\\\/fr\\\/actualite\\\/national\\\/tunisie-les-medailles-paralympiques-a-l-honneur\\\/216324\\\/#breadcrumb\",\"itemListElement\":[{\"@type\":\"ListItem\",\"position\":1,\"name\":\"Accueil\",\"item\":\"https:\\\/\\\/www.webdo.tn\\\/fr\\\/\"},{\"@type\":\"ListItem\",\"position\":2,\"name\":\"Tunisie : Les m\u00e9daill\u00e9s paralympiques \u00e0 l&rsquo;honneur\"}]},{\"@type\":\"WebSite\",\"@id\":\"https:\\\/\\\/www.webdo.tn\\\/fr\\\/#website\",\"url\":\"https:\\\/\\\/www.webdo.tn\\\/fr\\\/\",\"name\":\"webdo\",\"description\":\"Tunisie - News en Tunisie et \u00e0 l&#039;international sur Webdo.tn\",\"publisher\":{\"@id\":\"https:\\\/\\\/www.webdo.tn\\\/fr\\\/#organization\"},\"potentialAction\":[{\"@type\":\"SearchAction\",\"target\":{\"@type\":\"EntryPoint\",\"urlTemplate\":\"https:\\\/\\\/www.webdo.tn\\\/fr\\\/?s={search_term_string}\"},\"query-input\":{\"@type\":\"PropertyValueSpecification\",\"valueRequired\":true,\"valueName\":\"search_term_string\"}}],\"inLanguage\":\"fr-FR\"},{\"@type\":\"Organization\",\"@id\":\"https:\\\/\\\/www.webdo.tn\\\/fr\\\/#organization\",\"name\":\"Webdo\",\"alternateName\":\"Webdo.tn\",\"url\":\"https:\\\/\\\/www.webdo.tn\\\/fr\\\/\",\"logo\":{\"@type\":\"ImageObject\",\"inLanguage\":\"fr-FR\",\"@id\":\"https:\\\/\\\/www.webdo.tn\\\/fr\\\/#\\\/schema\\\/logo\\\/image\\\/\",\"url\":\"https:\\\/\\\/www.webdo.tn\\\/fr\\\/wp-content\\\/uploads\\\/2025\\\/06\\\/Webdo-Tunisie_168377.jpg\",\"contentUrl\":\"https:\\\/\\\/www.webdo.tn\\\/fr\\\/wp-content\\\/uploads\\\/2025\\\/06\\\/Webdo-Tunisie_168377.jpg\",\"width\":301,\"height\":301,\"caption\":\"Webdo\"},\"image\":{\"@id\":\"https:\\\/\\\/www.webdo.tn\\\/fr\\\/#\\\/schema\\\/logo\\\/image\\\/\"},\"sameAs\":[\"https:\\\/\\\/www.facebook.com\\\/webdotn\",\"https:\\\/\\\/x.com\\\/webdo_tn\"],\"description\":\"Webdo est un m\u00e9dia num\u00e9rique tunisien fond\u00e9 en 2010, sp\u00e9cialis\u00e9 dans l\u2019actualit\u00e9 nationale et internationale, l\u2019\u00e9conomie, la soci\u00e9t\u00e9 et les analyses politiques. Le site s\u2019adresse \u00e0 un large public francophone et couvre l\u2019information tunisienne en temps r\u00e9el.\",\"email\":\"redac@webdo.tn\",\"legalName\":\"YNJ SARL\",\"foundingDate\":\"2010-09-06\",\"numberOfEmployees\":{\"@type\":\"QuantitativeValue\",\"minValue\":\"11\",\"maxValue\":\"50\"}},{\"@type\":\"Person\",\"@id\":\"https:\\\/\\\/www.webdo.tn\\\/fr\\\/#\\\/schema\\\/person\\\/b8a41c04d93287d375510db360906b34\",\"name\":\"AZ\",\"image\":{\"@type\":\"ImageObject\",\"inLanguage\":\"fr-FR\",\"@id\":\"https:\\\/\\\/secure.gravatar.com\\\/avatar\\\/492b80bada79439de4201dce15cd41eece6c277cfdf1b53382073c79105c1f89?s=96&d=mm&r=g\",\"url\":\"https:\\\/\\\/secure.gravatar.com\\\/avatar\\\/492b80bada79439de4201dce15cd41eece6c277cfdf1b53382073c79105c1f89?s=96&d=mm&r=g\",\"contentUrl\":\"https:\\\/\\\/secure.gravatar.com\\\/avatar\\\/492b80bada79439de4201dce15cd41eece6c277cfdf1b53382073c79105c1f89?s=96&d=mm&r=g\",\"caption\":\"AZ\"},\"url\":\"https:\\\/\\\/www.webdo.tn\\\/fr\\\/actualite\\\/author\\\/az\\\/\"}]}<\/script>\n<!-- \/ Yoast SEO Premium plugin. -->","yoast_head_json":{"title":"Tunisie : Les m\u00e9daill\u00e9s paralympiques \u00e0 l'honneur","description":"Le pr\u00e9sident Ka\u00efs Sa\u00efed distingue Roua Tlili et Walid Ktila, m\u00e9daill\u00e9s aux Jeux Paralympiques de Paris 2024, lors d'une c\u00e9r\u00e9monie au Palais de Carthage. D\u00e9couvr...","canonical":"https:\/\/www.webdo.tn\/fr\/actualite\/national\/tunisie-les-medailles-paralympiques-a-l-honneur\/216324\/","og_locale":"fr_FR","og_type":"article","og_title":"Tunisie : Les m\u00e9daill\u00e9s paralympiques \u00e0 l'honneur","og_description":"Le pr\u00e9sident Ka\u00efs Sa\u00efed distingue Roua Tlili et Walid Ktila, m\u00e9daill\u00e9s aux Jeux Paralympiques de Paris 2024, lors d'une c\u00e9r\u00e9monie au Palais de Carthage. D\u00e9couvr...","og_url":"https:\/\/www.webdo.tn\/fr\/actualite\/national\/tunisie-les-medailles-paralympiques-a-l-honneur\/216324\/","og_site_name":"webdo","article_publisher":"https:\/\/www.facebook.com\/webdotn","article_published_time":"2024-09-11T22:12:00+00:00","article_modified_time":"2025-05-21T09:06:47+00:00","og_image":[{"width":750,"height":400,"url":"https:\/\/www.webdo.tn\/fr\/wp-content\/uploads\/2024\/09\/aa0a82fdb690dc8020bf605b17f2f31f.webp","type":"image\/webp"}],"author":"AZ","twitter_card":"summary_large_image","twitter_creator":"@webdo_tn","twitter_site":"@webdo_tn","twitter_misc":{"\u00c9crit par":"AZ","Dur\u00e9e de lecture estim\u00e9e":"1 minute"},"schema":{"@context":"https:\/\/schema.org","@graph":[{"@type":"NewsArticle","@id":"https:\/\/www.webdo.tn\/fr\/actualite\/national\/tunisie-les-medailles-paralympiques-a-l-honneur\/216324\/#article","isPartOf":{"@id":"https:\/\/www.webdo.tn\/fr\/actualite\/national\/tunisie-les-medailles-paralympiques-a-l-honneur\/216324\/"},"author":{"name":"AZ","@id":"https:\/\/www.webdo.tn\/fr\/#\/schema\/person\/b8a41c04d93287d375510db360906b34"},"headline":"Tunisie : Les m\u00e9daill\u00e9s paralympiques \u00e0 l&rsquo;honneur","datePublished":"2024-09-11T22:12:00+00:00","dateModified":"2025-05-21T09:06:47+00:00","mainEntityOfPage":{"@id":"https:\/\/www.webdo.tn\/fr\/actualite\/national\/tunisie-les-medailles-paralympiques-a-l-honneur\/216324\/"},"wordCount":237,"commentCount":0,"publisher":{"@id":"https:\/\/www.webdo.tn\/fr\/#organization"},"image":{"@id":"https:\/\/www.webdo.tn\/fr\/actualite\/national\/tunisie-les-medailles-paralympiques-a-l-honneur\/216324\/#primaryimage"},"thumbnailUrl":"https:\/\/www.webdo.tn\/fr\/wp-content\/uploads\/2024\/09\/aa0a82fdb690dc8020bf605b17f2f31f.webp","keywords":["'Jeux Paralympique']","Paris 2024","Tunisie"],"articleSection":["National"],"inLanguage":"fr-FR"},{"@type":"WebPage","@id":"https:\/\/www.webdo.tn\/fr\/actualite\/national\/tunisie-les-medailles-paralympiques-a-l-honneur\/216324\/","url":"https:\/\/www.webdo.tn\/fr\/actualite\/national\/tunisie-les-medailles-paralympiques-a-l-honneur\/216324\/","name":"Tunisie : Les m\u00e9daill\u00e9s paralympiques \u00e0 l'honneur","isPartOf":{"@id":"https:\/\/www.webdo.tn\/fr\/#website"},"primaryImageOfPage":{"@id":"https:\/\/www.webdo.tn\/fr\/actualite\/national\/tunisie-les-medailles-paralympiques-a-l-honneur\/216324\/#primaryimage"},"image":{"@id":"https:\/\/www.webdo.tn\/fr\/actualite\/national\/tunisie-les-medailles-paralympiques-a-l-honneur\/216324\/#primaryimage"},"thumbnailUrl":"https:\/\/www.webdo.tn\/fr\/wp-content\/uploads\/2024\/09\/aa0a82fdb690dc8020bf605b17f2f31f.webp","datePublished":"2024-09-11T22:12:00+00:00","dateModified":"2025-05-21T09:06:47+00:00","description":"Le pr\u00e9sident Ka\u00efs Sa\u00efed distingue Roua Tlili et Walid Ktila, m\u00e9daill\u00e9s aux Jeux Paralympiques de Paris 2024, lors d'une c\u00e9r\u00e9monie au Palais de Carthage. D\u00e9couvr...","breadcrumb":{"@id":"https:\/\/www.webdo.tn\/fr\/actualite\/national\/tunisie-les-medailles-paralympiques-a-l-honneur\/216324\/#breadcrumb"},"inLanguage":"fr-FR","potentialAction":[{"@type":"ReadAction","target":["https:\/\/www.webdo.tn\/fr\/actualite\/national\/tunisie-les-medailles-paralympiques-a-l-honneur\/216324\/"]}]},{"@type":"ImageObject","inLanguage":"fr-FR","@id":"https:\/\/www.webdo.tn\/fr\/actualite\/national\/tunisie-les-medailles-paralympiques-a-l-honneur\/216324\/#primaryimage","url":"https:\/\/www.webdo.tn\/fr\/wp-content\/uploads\/2024\/09\/aa0a82fdb690dc8020bf605b17f2f31f.webp","contentUrl":"https:\/\/www.webdo.tn\/fr\/wp-content\/uploads\/2024\/09\/aa0a82fdb690dc8020bf605b17f2f31f.webp","width":750,"height":400,"caption":"Tunisie : Les m\u00e9daill\u00e9s paralympiques \u00e0 l'honneur"},{"@type":"BreadcrumbList","@id":"https:\/\/www.webdo.tn\/fr\/actualite\/national\/tunisie-les-medailles-paralympiques-a-l-honneur\/216324\/#breadcrumb","itemListElement":[{"@type":"ListItem","position":1,"name":"Accueil","item":"https:\/\/www.webdo.tn\/fr\/"},{"@type":"ListItem","position":2,"name":"Tunisie : Les m\u00e9daill\u00e9s paralympiques \u00e0 l&rsquo;honneur"}]},{"@type":"WebSite","@id":"https:\/\/www.webdo.tn\/fr\/#website","url":"https:\/\/www.webdo.tn\/fr\/","name":"webdo","description":"Tunisie - News en Tunisie et \u00e0 l&#039;international sur Webdo.tn","publisher":{"@id":"https:\/\/www.webdo.tn\/fr\/#organization"},"potentialAction":[{"@type":"SearchAction","target":{"@type":"EntryPoint","urlTemplate":"https:\/\/www.webdo.tn\/fr\/?s={search_term_string}"},"query-input":{"@type":"PropertyValueSpecification","valueRequired":true,"valueName":"search_term_string"}}],"inLanguage":"fr-FR"},{"@type":"Organization","@id":"https:\/\/www.webdo.tn\/fr\/#organization","name":"Webdo","alternateName":"Webdo.tn","url":"https:\/\/www.webdo.tn\/fr\/","logo":{"@type":"ImageObject","inLanguage":"fr-FR","@id":"https:\/\/www.webdo.tn\/fr\/#\/schema\/logo\/image\/","url":"https:\/\/www.webdo.tn\/fr\/wp-content\/uploads\/2025\/06\/Webdo-Tunisie_168377.jpg","contentUrl":"https:\/\/www.webdo.tn\/fr\/wp-content\/uploads\/2025\/06\/Webdo-Tunisie_168377.jpg","width":301,"height":301,"caption":"Webdo"},"image":{"@id":"https:\/\/www.webdo.tn\/fr\/#\/schema\/logo\/image\/"},"sameAs":["https:\/\/www.facebook.com\/webdotn","https:\/\/x.com\/webdo_tn"],"description":"Webdo est un m\u00e9dia num\u00e9rique tunisien fond\u00e9 en 2010, sp\u00e9cialis\u00e9 dans l\u2019actualit\u00e9 nationale et internationale, l\u2019\u00e9conomie, la soci\u00e9t\u00e9 et les analyses politiques. Le site s\u2019adresse \u00e0 un large public francophone et couvre l\u2019information tunisienne en temps r\u00e9el.","email":"redac@webdo.tn","legalName":"YNJ SARL","foundingDate":"2010-09-06","numberOfEmployees":{"@type":"QuantitativeValue","minValue":"11","maxValue":"50"}},{"@type":"Person","@id":"https:\/\/www.webdo.tn\/fr\/#\/schema\/person\/b8a41c04d93287d375510db360906b34","name":"AZ","image":{"@type":"ImageObject","inLanguage":"fr-FR","@id":"https:\/\/secure.gravatar.com\/avatar\/492b80bada79439de4201dce15cd41eece6c277cfdf1b53382073c79105c1f89?s=96&d=mm&r=g","url":"https:\/\/secure.gravatar.com\/avatar\/492b80bada79439de4201dce15cd41eece6c277cfdf1b53382073c79105c1f89?s=96&d=mm&r=g","contentUrl":"https:\/\/secure.gravatar.com\/avatar\/492b80bada79439de4201dce15cd41eece6c277cfdf1b53382073c79105c1f89?s=96&d=mm&r=g","caption":"AZ"},"url":"https:\/\/www.webdo.tn\/fr\/actualite\/author\/az\/"}]}},"_links":{"self":[{"href":"https:\/\/www.webdo.tn\/fr\/wp-json\/wp\/v2\/posts\/216324","targetHints":{"allow":["GET"]}}],"collection":[{"href":"https:\/\/www.webdo.tn\/fr\/wp-json\/wp\/v2\/posts"}],"about":[{"href":"https:\/\/www.webdo.tn\/fr\/wp-json\/wp\/v2\/types\/post"}],"author":[{"embeddable":true,"href":"https:\/\/www.webdo.tn\/fr\/wp-json\/wp\/v2\/users\/3166"}],"replies":[{"embeddable":true,"href":"https:\/\/www.webdo.tn\/fr\/wp-json\/wp\/v2\/comments?post=216324"}],"version-history":[{"count":0,"href":"https:\/\/www.webdo.tn\/fr\/wp-json\/wp\/v2\/posts\/216324\/revisions"}],"wp:featuredmedia":[{"embeddable":true,"href":"https:\/\/www.webdo.tn\/fr\/wp-json\/wp\/v2\/media\/291060"}],"wp:attachment":[{"href":"https:\/\/www.webdo.tn\/fr\/wp-json\/wp\/v2\/media?parent=216324"}],"wp:term":[{"taxonomy":"category","embeddable":true,"href":"https:\/\/www.webdo.tn\/fr\/wp-json\/wp\/v2\/categories?post=216324"},{"taxonomy":"post_tag","embeddable":true,"href":"https:\/\/www.webdo.tn\/fr\/wp-json\/wp\/v2\/tags?post=216324"}],"curies":[{"name":"wp","href":"https:\/\/api.w.org\/{rel}","templated":true}]}}