{"id":216322,"date":"2024-09-11T19:23:00","date_gmt":"2024-09-11T19:23:00","guid":{"rendered":"https:\/\/www.webdo.tn\/fr\/blog\/tunisie-presidentielle-report-de-l-affaire-ayachi-zammel-au-18-septembre\/216322\/"},"modified":"2025-05-21T09:06:46","modified_gmt":"2025-05-21T09:06:46","slug":"tunisie-presidentielle-report-de-l-affaire-ayachi-zammel-au-18-septembre","status":"publish","type":"post","link":"https:\/\/www.webdo.tn\/fr\/actualite\/national\/tunisie-presidentielle-report-de-l-affaire-ayachi-zammel-au-18-septembre\/216322\/","title":{"rendered":"Tunisie &#8211; Pr\u00e9sidentielle : Report de l&rsquo;affaire Ayachi Zammel au 18 septembre"},"content":{"rendered":"<p>La chambre p\u00e9nale d&rsquo;\u00e9t\u00e9 du tribunal de premi\u00e8re instance de Jendouba a d\u00e9cid\u00e9, ce mercredi 11 septembre, de reporter au 18 septembre 2024 l&rsquo;examen de l&rsquo;affaire du candidat \u00e0 l\u2019\u00e9lection pr\u00e9sidentielle Ayachi Zammel.<\/p>\n<p>\t\t\t\t\t\t\t\t\tCe report fait suite \u00e0 une demande formul\u00e9e par la d\u00e9fense, bien que les requ\u00eates de lib\u00e9ration aient toutes \u00e9t\u00e9 rejet\u00e9es, selon le porte-parole du tribunal, Alaeddine Aouadi dans un d\u00e9claration accord\u00e9 \u00e0 l\u2019agence Tunis Afrique Presse (TAP).<\/p>\n<p>Ayachi Zammel, actuellement en d\u00e9tention, fait face \u00e0 plusieurs chefs d&rsquo;accusation, dont la production de documents falsifi\u00e9s et l\u2019offre de dons en vue d&rsquo;influencer des \u00e9lecteurs. Il est \u00e9galement poursuivi pour traitement et transmission de donn\u00e9es personnelles sans autorisation pr\u00e9alable.<\/p>\n<p>Par ailleurs, un autre mandat de d\u00e9p\u00f4t a \u00e9t\u00e9 \u00e9mis \u00e0 son encontre par le tribunal de Siliana, avec une audience pr\u00e9vue le 12 septembre. Zammel devra aussi compara\u00eetre devant les tribunaux de Tunis 2 et de Manouba le 19 septembre, dans le cadre de proc\u00e9dures li\u00e9es aux m\u00eames charges.<\/p>\n<p>L&rsquo;accusation de tentative d&rsquo;influence sur les \u00e9lecteurs pourrait entra\u00eener la radiation de son nom de la liste des candidats \u00e0 la pr\u00e9sidentielle, conform\u00e9ment \u00e0 l&rsquo;article 161 nouveau du code \u00e9lectoral. Celui-ci pr\u00e9voit des peines de prison de 2 \u00e0 5 ans et d&rsquo;amende de 2 000 \u00e0 5 000 dinars pour toute personne reconnue coupable de tels actes, ainsi que l&rsquo;annulation de la candidature concern\u00e9e<\/p>\n","protected":false},"excerpt":{"rendered":"<p>L&rsquo;affaire du candidat \u00e0 la pr\u00e9sidentielle Ayachi Zammel, accus\u00e9 de corruption \u00e9lectorale, a \u00e9t\u00e9 report\u00e9e par le tribunal de Jendouba au 18 septembre 2024.<\/p>\n","protected":false},"author":3166,"featured_media":291058,"comment_status":"open","ping_status":"closed","sticky":false,"template":"","format":"standard","meta":{"footnotes":""},"categories":[44],"tags":[10411,10410,10409,4430,2608],"class_list":["post-216322","post","type-post","status-publish","format-standard","has-post-thumbnail","hentry","category-national","tag-accusations-judiciaires","tag-falsification-parrainages","tag-presidentielle-tunisienne-2024","tag-ayachi-zammel","tag-tunisie"],"yoast_head":"<!-- This site is optimized with the Yoast SEO Premium plugin v27.5 (Yoast SEO v27.5) - https:\/\/yoast.com\/product\/yoast-seo-premium-wordpress\/ -->\n<title>Tunisie - Pr\u00e9sidentielle : Report de l&#039;affaire Ayachi Zammel au 18 septembre<\/title>\n<meta name=\"description\" content=\"L&#039;affaire du candidat \u00e0 la pr\u00e9sidentielle Ayachi Zammel, accus\u00e9 de corruption \u00e9lectorale, a \u00e9t\u00e9 report\u00e9e par le tribunal de Jendouba au 18 septembre 2024.\" \/>\n<link rel=\"canonical\" href=\"https:\/\/www.webdo.tn\/fr\/actualite\/national\/tunisie-presidentielle-report-de-l-affaire-ayachi-zammel-au-18-septembre\/216322\/\" \/>\n<meta property=\"og:locale\" content=\"fr_FR\" \/>\n<meta property=\"og:type\" content=\"article\" \/>\n<meta property=\"og:title\" content=\"Tunisie - Pr\u00e9sidentielle : Report de l&#039;affaire Ayachi Zammel au 18 septembre\" \/>\n<meta property=\"og:description\" content=\"L&#039;affaire du candidat \u00e0 la pr\u00e9sidentielle Ayachi Zammel, accus\u00e9 de corruption \u00e9lectorale, a \u00e9t\u00e9 report\u00e9e par le tribunal de Jendouba au 18 septembre 2024.\" \/>\n<meta property=\"og:url\" content=\"https:\/\/www.webdo.tn\/fr\/actualite\/national\/tunisie-presidentielle-report-de-l-affaire-ayachi-zammel-au-18-septembre\/216322\/\" \/>\n<meta property=\"og:site_name\" content=\"webdo\" \/>\n<meta property=\"article:publisher\" content=\"https:\/\/www.facebook.com\/webdotn\" \/>\n<meta property=\"article:published_time\" content=\"2024-09-11T19:23:00+00:00\" \/>\n<meta property=\"article:modified_time\" content=\"2025-05-21T09:06:46+00:00\" \/>\n<meta property=\"og:image\" content=\"https:\/\/www.webdo.tn\/fr\/wp-content\/uploads\/2024\/09\/3781152bebf586bb32a902602deebbf4.webp\" \/>\n\t<meta property=\"og:image:width\" content=\"750\" \/>\n\t<meta property=\"og:image:height\" content=\"400\" \/>\n\t<meta property=\"og:image:type\" content=\"image\/webp\" \/>\n<meta name=\"author\" content=\"AZ\" \/>\n<meta name=\"twitter:card\" content=\"summary_large_image\" \/>\n<meta name=\"twitter:creator\" content=\"@webdo_tn\" \/>\n<meta name=\"twitter:site\" content=\"@webdo_tn\" \/>\n<meta name=\"twitter:label1\" content=\"\u00c9crit par\" \/>\n\t<meta name=\"twitter:data1\" content=\"AZ\" \/>\n\t<meta name=\"twitter:label2\" content=\"Dur\u00e9e de lecture estim\u00e9e\" \/>\n\t<meta name=\"twitter:data2\" content=\"1 minute\" \/>\n<script type=\"application\/ld+json\" class=\"yoast-schema-graph\">{\"@context\":\"https:\\\/\\\/schema.org\",\"@graph\":[{\"@type\":\"NewsArticle\",\"@id\":\"https:\\\/\\\/www.webdo.tn\\\/fr\\\/actualite\\\/national\\\/tunisie-presidentielle-report-de-l-affaire-ayachi-zammel-au-18-septembre\\\/216322\\\/#article\",\"isPartOf\":{\"@id\":\"https:\\\/\\\/www.webdo.tn\\\/fr\\\/actualite\\\/national\\\/tunisie-presidentielle-report-de-l-affaire-ayachi-zammel-au-18-septembre\\\/216322\\\/\"},\"author\":{\"name\":\"AZ\",\"@id\":\"https:\\\/\\\/www.webdo.tn\\\/fr\\\/#\\\/schema\\\/person\\\/b8a41c04d93287d375510db360906b34\"},\"headline\":\"Tunisie &#8211; Pr\u00e9sidentielle : Report de l&rsquo;affaire Ayachi Zammel au 18 septembre\",\"datePublished\":\"2024-09-11T19:23:00+00:00\",\"dateModified\":\"2025-05-21T09:06:46+00:00\",\"mainEntityOfPage\":{\"@id\":\"https:\\\/\\\/www.webdo.tn\\\/fr\\\/actualite\\\/national\\\/tunisie-presidentielle-report-de-l-affaire-ayachi-zammel-au-18-septembre\\\/216322\\\/\"},\"wordCount\":255,\"commentCount\":0,\"publisher\":{\"@id\":\"https:\\\/\\\/www.webdo.tn\\\/fr\\\/#organization\"},\"image\":{\"@id\":\"https:\\\/\\\/www.webdo.tn\\\/fr\\\/actualite\\\/national\\\/tunisie-presidentielle-report-de-l-affaire-ayachi-zammel-au-18-septembre\\\/216322\\\/#primaryimage\"},\"thumbnailUrl\":\"https:\\\/\\\/www.webdo.tn\\\/fr\\\/wp-content\\\/uploads\\\/2024\\\/09\\\/3781152bebf586bb32a902602deebbf4.webp\",\"keywords\":[\"'accusations judiciaires']\",\"'falsification parrainages'\",\"'Pr\u00e9sidentielle tunisienne 2024'\",\"ayachi zammel\",\"Tunisie\"],\"articleSection\":[\"National\"],\"inLanguage\":\"fr-FR\"},{\"@type\":\"WebPage\",\"@id\":\"https:\\\/\\\/www.webdo.tn\\\/fr\\\/actualite\\\/national\\\/tunisie-presidentielle-report-de-l-affaire-ayachi-zammel-au-18-septembre\\\/216322\\\/\",\"url\":\"https:\\\/\\\/www.webdo.tn\\\/fr\\\/actualite\\\/national\\\/tunisie-presidentielle-report-de-l-affaire-ayachi-zammel-au-18-septembre\\\/216322\\\/\",\"name\":\"Tunisie - Pr\u00e9sidentielle : Report de l'affaire Ayachi Zammel au 18 septembre\",\"isPartOf\":{\"@id\":\"https:\\\/\\\/www.webdo.tn\\\/fr\\\/#website\"},\"primaryImageOfPage\":{\"@id\":\"https:\\\/\\\/www.webdo.tn\\\/fr\\\/actualite\\\/national\\\/tunisie-presidentielle-report-de-l-affaire-ayachi-zammel-au-18-septembre\\\/216322\\\/#primaryimage\"},\"image\":{\"@id\":\"https:\\\/\\\/www.webdo.tn\\\/fr\\\/actualite\\\/national\\\/tunisie-presidentielle-report-de-l-affaire-ayachi-zammel-au-18-septembre\\\/216322\\\/#primaryimage\"},\"thumbnailUrl\":\"https:\\\/\\\/www.webdo.tn\\\/fr\\\/wp-content\\\/uploads\\\/2024\\\/09\\\/3781152bebf586bb32a902602deebbf4.webp\",\"datePublished\":\"2024-09-11T19:23:00+00:00\",\"dateModified\":\"2025-05-21T09:06:46+00:00\",\"description\":\"L'affaire du candidat \u00e0 la pr\u00e9sidentielle Ayachi Zammel, accus\u00e9 de corruption \u00e9lectorale, a \u00e9t\u00e9 report\u00e9e par le tribunal de Jendouba au 18 septembre 2024.\",\"breadcrumb\":{\"@id\":\"https:\\\/\\\/www.webdo.tn\\\/fr\\\/actualite\\\/national\\\/tunisie-presidentielle-report-de-l-affaire-ayachi-zammel-au-18-septembre\\\/216322\\\/#breadcrumb\"},\"inLanguage\":\"fr-FR\",\"potentialAction\":[{\"@type\":\"ReadAction\",\"target\":[\"https:\\\/\\\/www.webdo.tn\\\/fr\\\/actualite\\\/national\\\/tunisie-presidentielle-report-de-l-affaire-ayachi-zammel-au-18-septembre\\\/216322\\\/\"]}]},{\"@type\":\"ImageObject\",\"inLanguage\":\"fr-FR\",\"@id\":\"https:\\\/\\\/www.webdo.tn\\\/fr\\\/actualite\\\/national\\\/tunisie-presidentielle-report-de-l-affaire-ayachi-zammel-au-18-septembre\\\/216322\\\/#primaryimage\",\"url\":\"https:\\\/\\\/www.webdo.tn\\\/fr\\\/wp-content\\\/uploads\\\/2024\\\/09\\\/3781152bebf586bb32a902602deebbf4.webp\",\"contentUrl\":\"https:\\\/\\\/www.webdo.tn\\\/fr\\\/wp-content\\\/uploads\\\/2024\\\/09\\\/3781152bebf586bb32a902602deebbf4.webp\",\"width\":750,\"height\":400,\"caption\":\"Tunisie - Pr\u00e9sidentielle : Report de l'affaire Ayachi Zammel au 18 septembre\"},{\"@type\":\"BreadcrumbList\",\"@id\":\"https:\\\/\\\/www.webdo.tn\\\/fr\\\/actualite\\\/national\\\/tunisie-presidentielle-report-de-l-affaire-ayachi-zammel-au-18-septembre\\\/216322\\\/#breadcrumb\",\"itemListElement\":[{\"@type\":\"ListItem\",\"position\":1,\"name\":\"Accueil\",\"item\":\"https:\\\/\\\/www.webdo.tn\\\/fr\\\/\"},{\"@type\":\"ListItem\",\"position\":2,\"name\":\"Tunisie &#8211; Pr\u00e9sidentielle : Report de l&rsquo;affaire Ayachi Zammel au 18 septembre\"}]},{\"@type\":\"WebSite\",\"@id\":\"https:\\\/\\\/www.webdo.tn\\\/fr\\\/#website\",\"url\":\"https:\\\/\\\/www.webdo.tn\\\/fr\\\/\",\"name\":\"webdo\",\"description\":\"Tunisie - News en Tunisie et \u00e0 l&#039;international sur Webdo.tn\",\"publisher\":{\"@id\":\"https:\\\/\\\/www.webdo.tn\\\/fr\\\/#organization\"},\"potentialAction\":[{\"@type\":\"SearchAction\",\"target\":{\"@type\":\"EntryPoint\",\"urlTemplate\":\"https:\\\/\\\/www.webdo.tn\\\/fr\\\/?s={search_term_string}\"},\"query-input\":{\"@type\":\"PropertyValueSpecification\",\"valueRequired\":true,\"valueName\":\"search_term_string\"}}],\"inLanguage\":\"fr-FR\"},{\"@type\":\"Organization\",\"@id\":\"https:\\\/\\\/www.webdo.tn\\\/fr\\\/#organization\",\"name\":\"Webdo\",\"alternateName\":\"Webdo.tn\",\"url\":\"https:\\\/\\\/www.webdo.tn\\\/fr\\\/\",\"logo\":{\"@type\":\"ImageObject\",\"inLanguage\":\"fr-FR\",\"@id\":\"https:\\\/\\\/www.webdo.tn\\\/fr\\\/#\\\/schema\\\/logo\\\/image\\\/\",\"url\":\"https:\\\/\\\/www.webdo.tn\\\/fr\\\/wp-content\\\/uploads\\\/2025\\\/06\\\/Webdo-Tunisie_168377.jpg\",\"contentUrl\":\"https:\\\/\\\/www.webdo.tn\\\/fr\\\/wp-content\\\/uploads\\\/2025\\\/06\\\/Webdo-Tunisie_168377.jpg\",\"width\":301,\"height\":301,\"caption\":\"Webdo\"},\"image\":{\"@id\":\"https:\\\/\\\/www.webdo.tn\\\/fr\\\/#\\\/schema\\\/logo\\\/image\\\/\"},\"sameAs\":[\"https:\\\/\\\/www.facebook.com\\\/webdotn\",\"https:\\\/\\\/x.com\\\/webdo_tn\"],\"description\":\"Webdo est un m\u00e9dia num\u00e9rique tunisien fond\u00e9 en 2010, sp\u00e9cialis\u00e9 dans l\u2019actualit\u00e9 nationale et internationale, l\u2019\u00e9conomie, la soci\u00e9t\u00e9 et les analyses politiques. Le site s\u2019adresse \u00e0 un large public francophone et couvre l\u2019information tunisienne en temps r\u00e9el.\",\"email\":\"redac@webdo.tn\",\"legalName\":\"YNJ SARL\",\"foundingDate\":\"2010-09-06\",\"numberOfEmployees\":{\"@type\":\"QuantitativeValue\",\"minValue\":\"11\",\"maxValue\":\"50\"}},{\"@type\":\"Person\",\"@id\":\"https:\\\/\\\/www.webdo.tn\\\/fr\\\/#\\\/schema\\\/person\\\/b8a41c04d93287d375510db360906b34\",\"name\":\"AZ\",\"image\":{\"@type\":\"ImageObject\",\"inLanguage\":\"fr-FR\",\"@id\":\"https:\\\/\\\/secure.gravatar.com\\\/avatar\\\/492b80bada79439de4201dce15cd41eece6c277cfdf1b53382073c79105c1f89?s=96&d=mm&r=g\",\"url\":\"https:\\\/\\\/secure.gravatar.com\\\/avatar\\\/492b80bada79439de4201dce15cd41eece6c277cfdf1b53382073c79105c1f89?s=96&d=mm&r=g\",\"contentUrl\":\"https:\\\/\\\/secure.gravatar.com\\\/avatar\\\/492b80bada79439de4201dce15cd41eece6c277cfdf1b53382073c79105c1f89?s=96&d=mm&r=g\",\"caption\":\"AZ\"},\"url\":\"https:\\\/\\\/www.webdo.tn\\\/fr\\\/actualite\\\/author\\\/az\\\/\"}]}<\/script>\n<!-- \/ Yoast SEO Premium plugin. -->","yoast_head_json":{"title":"Tunisie - Pr\u00e9sidentielle : Report de l'affaire Ayachi Zammel au 18 septembre","description":"L'affaire du candidat \u00e0 la pr\u00e9sidentielle Ayachi Zammel, accus\u00e9 de corruption \u00e9lectorale, a \u00e9t\u00e9 report\u00e9e par le tribunal de Jendouba au 18 septembre 2024.","canonical":"https:\/\/www.webdo.tn\/fr\/actualite\/national\/tunisie-presidentielle-report-de-l-affaire-ayachi-zammel-au-18-septembre\/216322\/","og_locale":"fr_FR","og_type":"article","og_title":"Tunisie - Pr\u00e9sidentielle : Report de l'affaire Ayachi Zammel au 18 septembre","og_description":"L'affaire du candidat \u00e0 la pr\u00e9sidentielle Ayachi Zammel, accus\u00e9 de corruption \u00e9lectorale, a \u00e9t\u00e9 report\u00e9e par le tribunal de Jendouba au 18 septembre 2024.","og_url":"https:\/\/www.webdo.tn\/fr\/actualite\/national\/tunisie-presidentielle-report-de-l-affaire-ayachi-zammel-au-18-septembre\/216322\/","og_site_name":"webdo","article_publisher":"https:\/\/www.facebook.com\/webdotn","article_published_time":"2024-09-11T19:23:00+00:00","article_modified_time":"2025-05-21T09:06:46+00:00","og_image":[{"width":750,"height":400,"url":"https:\/\/www.webdo.tn\/fr\/wp-content\/uploads\/2024\/09\/3781152bebf586bb32a902602deebbf4.webp","type":"image\/webp"}],"author":"AZ","twitter_card":"summary_large_image","twitter_creator":"@webdo_tn","twitter_site":"@webdo_tn","twitter_misc":{"\u00c9crit par":"AZ","Dur\u00e9e de lecture estim\u00e9e":"1 minute"},"schema":{"@context":"https:\/\/schema.org","@graph":[{"@type":"NewsArticle","@id":"https:\/\/www.webdo.tn\/fr\/actualite\/national\/tunisie-presidentielle-report-de-l-affaire-ayachi-zammel-au-18-septembre\/216322\/#article","isPartOf":{"@id":"https:\/\/www.webdo.tn\/fr\/actualite\/national\/tunisie-presidentielle-report-de-l-affaire-ayachi-zammel-au-18-septembre\/216322\/"},"author":{"name":"AZ","@id":"https:\/\/www.webdo.tn\/fr\/#\/schema\/person\/b8a41c04d93287d375510db360906b34"},"headline":"Tunisie &#8211; Pr\u00e9sidentielle : Report de l&rsquo;affaire Ayachi Zammel au 18 septembre","datePublished":"2024-09-11T19:23:00+00:00","dateModified":"2025-05-21T09:06:46+00:00","mainEntityOfPage":{"@id":"https:\/\/www.webdo.tn\/fr\/actualite\/national\/tunisie-presidentielle-report-de-l-affaire-ayachi-zammel-au-18-septembre\/216322\/"},"wordCount":255,"commentCount":0,"publisher":{"@id":"https:\/\/www.webdo.tn\/fr\/#organization"},"image":{"@id":"https:\/\/www.webdo.tn\/fr\/actualite\/national\/tunisie-presidentielle-report-de-l-affaire-ayachi-zammel-au-18-septembre\/216322\/#primaryimage"},"thumbnailUrl":"https:\/\/www.webdo.tn\/fr\/wp-content\/uploads\/2024\/09\/3781152bebf586bb32a902602deebbf4.webp","keywords":["'accusations judiciaires']","'falsification parrainages'","'Pr\u00e9sidentielle tunisienne 2024'","ayachi zammel","Tunisie"],"articleSection":["National"],"inLanguage":"fr-FR"},{"@type":"WebPage","@id":"https:\/\/www.webdo.tn\/fr\/actualite\/national\/tunisie-presidentielle-report-de-l-affaire-ayachi-zammel-au-18-septembre\/216322\/","url":"https:\/\/www.webdo.tn\/fr\/actualite\/national\/tunisie-presidentielle-report-de-l-affaire-ayachi-zammel-au-18-septembre\/216322\/","name":"Tunisie - Pr\u00e9sidentielle : Report de l'affaire Ayachi Zammel au 18 septembre","isPartOf":{"@id":"https:\/\/www.webdo.tn\/fr\/#website"},"primaryImageOfPage":{"@id":"https:\/\/www.webdo.tn\/fr\/actualite\/national\/tunisie-presidentielle-report-de-l-affaire-ayachi-zammel-au-18-septembre\/216322\/#primaryimage"},"image":{"@id":"https:\/\/www.webdo.tn\/fr\/actualite\/national\/tunisie-presidentielle-report-de-l-affaire-ayachi-zammel-au-18-septembre\/216322\/#primaryimage"},"thumbnailUrl":"https:\/\/www.webdo.tn\/fr\/wp-content\/uploads\/2024\/09\/3781152bebf586bb32a902602deebbf4.webp","datePublished":"2024-09-11T19:23:00+00:00","dateModified":"2025-05-21T09:06:46+00:00","description":"L'affaire du candidat \u00e0 la pr\u00e9sidentielle Ayachi Zammel, accus\u00e9 de corruption \u00e9lectorale, a \u00e9t\u00e9 report\u00e9e par le tribunal de Jendouba au 18 septembre 2024.","breadcrumb":{"@id":"https:\/\/www.webdo.tn\/fr\/actualite\/national\/tunisie-presidentielle-report-de-l-affaire-ayachi-zammel-au-18-septembre\/216322\/#breadcrumb"},"inLanguage":"fr-FR","potentialAction":[{"@type":"ReadAction","target":["https:\/\/www.webdo.tn\/fr\/actualite\/national\/tunisie-presidentielle-report-de-l-affaire-ayachi-zammel-au-18-septembre\/216322\/"]}]},{"@type":"ImageObject","inLanguage":"fr-FR","@id":"https:\/\/www.webdo.tn\/fr\/actualite\/national\/tunisie-presidentielle-report-de-l-affaire-ayachi-zammel-au-18-septembre\/216322\/#primaryimage","url":"https:\/\/www.webdo.tn\/fr\/wp-content\/uploads\/2024\/09\/3781152bebf586bb32a902602deebbf4.webp","contentUrl":"https:\/\/www.webdo.tn\/fr\/wp-content\/uploads\/2024\/09\/3781152bebf586bb32a902602deebbf4.webp","width":750,"height":400,"caption":"Tunisie - Pr\u00e9sidentielle : Report de l'affaire Ayachi Zammel au 18 septembre"},{"@type":"BreadcrumbList","@id":"https:\/\/www.webdo.tn\/fr\/actualite\/national\/tunisie-presidentielle-report-de-l-affaire-ayachi-zammel-au-18-septembre\/216322\/#breadcrumb","itemListElement":[{"@type":"ListItem","position":1,"name":"Accueil","item":"https:\/\/www.webdo.tn\/fr\/"},{"@type":"ListItem","position":2,"name":"Tunisie &#8211; Pr\u00e9sidentielle : Report de l&rsquo;affaire Ayachi Zammel au 18 septembre"}]},{"@type":"WebSite","@id":"https:\/\/www.webdo.tn\/fr\/#website","url":"https:\/\/www.webdo.tn\/fr\/","name":"webdo","description":"Tunisie - News en Tunisie et \u00e0 l&#039;international sur Webdo.tn","publisher":{"@id":"https:\/\/www.webdo.tn\/fr\/#organization"},"potentialAction":[{"@type":"SearchAction","target":{"@type":"EntryPoint","urlTemplate":"https:\/\/www.webdo.tn\/fr\/?s={search_term_string}"},"query-input":{"@type":"PropertyValueSpecification","valueRequired":true,"valueName":"search_term_string"}}],"inLanguage":"fr-FR"},{"@type":"Organization","@id":"https:\/\/www.webdo.tn\/fr\/#organization","name":"Webdo","alternateName":"Webdo.tn","url":"https:\/\/www.webdo.tn\/fr\/","logo":{"@type":"ImageObject","inLanguage":"fr-FR","@id":"https:\/\/www.webdo.tn\/fr\/#\/schema\/logo\/image\/","url":"https:\/\/www.webdo.tn\/fr\/wp-content\/uploads\/2025\/06\/Webdo-Tunisie_168377.jpg","contentUrl":"https:\/\/www.webdo.tn\/fr\/wp-content\/uploads\/2025\/06\/Webdo-Tunisie_168377.jpg","width":301,"height":301,"caption":"Webdo"},"image":{"@id":"https:\/\/www.webdo.tn\/fr\/#\/schema\/logo\/image\/"},"sameAs":["https:\/\/www.facebook.com\/webdotn","https:\/\/x.com\/webdo_tn"],"description":"Webdo est un m\u00e9dia num\u00e9rique tunisien fond\u00e9 en 2010, sp\u00e9cialis\u00e9 dans l\u2019actualit\u00e9 nationale et internationale, l\u2019\u00e9conomie, la soci\u00e9t\u00e9 et les analyses politiques. Le site s\u2019adresse \u00e0 un large public francophone et couvre l\u2019information tunisienne en temps r\u00e9el.","email":"redac@webdo.tn","legalName":"YNJ SARL","foundingDate":"2010-09-06","numberOfEmployees":{"@type":"QuantitativeValue","minValue":"11","maxValue":"50"}},{"@type":"Person","@id":"https:\/\/www.webdo.tn\/fr\/#\/schema\/person\/b8a41c04d93287d375510db360906b34","name":"AZ","image":{"@type":"ImageObject","inLanguage":"fr-FR","@id":"https:\/\/secure.gravatar.com\/avatar\/492b80bada79439de4201dce15cd41eece6c277cfdf1b53382073c79105c1f89?s=96&d=mm&r=g","url":"https:\/\/secure.gravatar.com\/avatar\/492b80bada79439de4201dce15cd41eece6c277cfdf1b53382073c79105c1f89?s=96&d=mm&r=g","contentUrl":"https:\/\/secure.gravatar.com\/avatar\/492b80bada79439de4201dce15cd41eece6c277cfdf1b53382073c79105c1f89?s=96&d=mm&r=g","caption":"AZ"},"url":"https:\/\/www.webdo.tn\/fr\/actualite\/author\/az\/"}]}},"_links":{"self":[{"href":"https:\/\/www.webdo.tn\/fr\/wp-json\/wp\/v2\/posts\/216322","targetHints":{"allow":["GET"]}}],"collection":[{"href":"https:\/\/www.webdo.tn\/fr\/wp-json\/wp\/v2\/posts"}],"about":[{"href":"https:\/\/www.webdo.tn\/fr\/wp-json\/wp\/v2\/types\/post"}],"author":[{"embeddable":true,"href":"https:\/\/www.webdo.tn\/fr\/wp-json\/wp\/v2\/users\/3166"}],"replies":[{"embeddable":true,"href":"https:\/\/www.webdo.tn\/fr\/wp-json\/wp\/v2\/comments?post=216322"}],"version-history":[{"count":0,"href":"https:\/\/www.webdo.tn\/fr\/wp-json\/wp\/v2\/posts\/216322\/revisions"}],"wp:featuredmedia":[{"embeddable":true,"href":"https:\/\/www.webdo.tn\/fr\/wp-json\/wp\/v2\/media\/291058"}],"wp:attachment":[{"href":"https:\/\/www.webdo.tn\/fr\/wp-json\/wp\/v2\/media?parent=216322"}],"wp:term":[{"taxonomy":"category","embeddable":true,"href":"https:\/\/www.webdo.tn\/fr\/wp-json\/wp\/v2\/categories?post=216322"},{"taxonomy":"post_tag","embeddable":true,"href":"https:\/\/www.webdo.tn\/fr\/wp-json\/wp\/v2\/tags?post=216322"}],"curies":[{"name":"wp","href":"https:\/\/api.w.org\/{rel}","templated":true}]}}