{"id":216311,"date":"2024-09-11T11:48:00","date_gmt":"2024-09-11T11:48:00","guid":{"rendered":"https:\/\/www.webdo.tn\/fr\/blog\/tunisie-remaniement-dans-le-corps-des-delegues\/216311\/"},"modified":"2025-05-20T21:49:06","modified_gmt":"2025-05-20T21:49:06","slug":"tunisie-remaniement-dans-le-corps-des-delegues","status":"publish","type":"post","link":"https:\/\/www.webdo.tn\/fr\/actualite\/national\/tunisie-remaniement-dans-le-corps-des-delegues\/216311\/","title":{"rendered":"Tunisie : Remaniement dans le corps des d\u00e9l\u00e9gu\u00e9s"},"content":{"rendered":"<p>Un remaniement partiel dans le corps des d\u00e9l\u00e9gu\u00e9s a \u00e9t\u00e9 effectu\u00e9 par le minist\u00e8re de l\u2019Int\u00e9rieur en date du 4 septembre 2024.<\/p>\n<p>\t\t\t\t\t\t\t\t\tCe remaniement a \u00e9t\u00e9 annonc\u00e9 au Journal officiel de la R\u00e9publique tunisienne du 10 septembre 2024.<\/p>\n<p>* Est charg\u00e9 des fonctions de premier d\u00e9l\u00e9gu\u00e9 \u00e0 compter du 18 juillet 2024 :<\/p>\n<p>\tWassim Ladhari au gouvernorat du Kef<\/p>\n<p>* Sont charg\u00e9s des fonctions de d\u00e9l\u00e9gu\u00e9 \u00e0 compter du 14 ao\u00fbt 2024 :<\/p>\n<p>\tAmal Ghouma \u00e0 d\u00e9l\u00e9gation de Carthage gouvernorat de Tunis<br \/>\n\tOlfa Zahrouni \u00e0 d\u00e9l\u00e9gation de La Marsa gouvernorat de Tunis<br \/>\n\tDhiya El Hak Labidi \u00e0 la d\u00e9l\u00e9gation de Raoued gouvernorat de l\u2019Ariana<br \/>\n\tMohamed Ben Jaballah \u00e0 la d\u00e9l\u00e9gation de Regueb gouvernorat de Sidi Bouzid<br \/>\n\tWassim Neffati \u00e0 la d\u00e9l\u00e9gation de Gafsa sud gouvernorat de Gafsa<br \/>\n\tRabii Ghiloufi \u00e0 la d\u00e9l\u00e9gation de M\u00e9denine sud gouvernorat de M\u00e9denine<br \/>\n\tMahdi Bousnina \u00e0 la d\u00e9l\u00e9gation de Jerba Ajim gouvernorat de M\u00e9denine<br \/>\n\tZakaria Belkacem \u00e0 la d\u00e9l\u00e9gation de Ghannouch gouvernorat de Gab\u00e8s.<\/p>\n<p>* Sont charg\u00e9s des fonctions de d\u00e9l\u00e9gu\u00e9 \u00e0 compter du 18 juillet 2024 :<\/p>\n<p>\tHanen Rafraf au si\u00e8ge du gouvernorat de Beja<br \/>\n\tRamzi Gassoumi d\u00e9l\u00e9gation de Jerissa gouvernorat du Kef<br \/>\n\tMohamed Aliwat \u00e0 la d\u00e9l\u00e9gation de Jediliane gouvernorat de Kasserine<br \/>\n\tBilel Gassoumi \u00e0 la d\u00e9l\u00e9gation de Menzel Bouza\u00efene gouvernorat de Sidi Bouzid<br \/>\n\tWalid Cherni \u00e0 la d\u00e9l\u00e9gation d\u2019El Fahs gouvernorat de Zaghouan<\/p>\n<p>* Est charg\u00e9 des fonctions de d\u00e9l\u00e9gu\u00e9 \u00e0 compter du 27 juillet 2024 :<\/p>\n<p>\tLotfi Mzoughi \u00e0 la d\u00e9l\u00e9gation de Haffouz gouvernorat de Kairouan<\/p>\n<p>Par ailleurs, Malek Laifi d\u00e9l\u00e9gu\u00e9e de Gafsa sud gouvernorat de Gafsa est mut\u00e9e en ses m\u00eames fonctions au si\u00e8ge du gouvernorat de Mahdia \u00e0 compter du 12 ao\u00fbt 2024 alors qu&rsquo;Ali Hamdouni d\u00e9l\u00e9gu\u00e9 d\u2019El Fahs gouvernorat de Zaghouan est mut\u00e9 en ses m\u00eames fonctions \u00e0 la d\u00e9l\u00e9gation de Mateur gouvernorat de Bizerte \u00e0 compter du 18 juillet 2024.<\/p>\n<p>D&rsquo;autre part, le ministre a mis aux fonctions de :<\/p>\n<p>\tNizar Jamaoui qui \u00e9tait charg\u00e9 des fonctions de premier d\u00e9l\u00e9gu\u00e9 au gouvernorat du Kef, et cela \u00e0 compter du 18 juillet 2024<br \/>\n\tAhmed Slimene Baoueb qui \u00e9tait charg\u00e9 des fonctions de premier d\u00e9l\u00e9gu\u00e9 aux services centraux du minist\u00e8re de l\u2019Int\u00e9rieur, et cela \u00e0 compter du 1er ao\u00fbt 2024<br \/>\n\tMohamed Imed Harrabi qui \u00e9tait charg\u00e9 des fonctions de premier d\u00e9l\u00e9gu\u00e9 au gouvernorat de La Manouba et cela \u00e0 compter du 27 juillet 2024<br \/>\n\tEdnane Bensouf qui \u00e9tait charg\u00e9 des fonctions de d\u00e9l\u00e9gu\u00e9 au si\u00e8ge du gouvernorat de La Manouba, et cela \u00e0 compter du 15 ao\u00fbt 2024<br \/>\n\tSamir Mars charg\u00e9 des fonctions de d\u00e9l\u00e9gu\u00e9 \u00e0 la d\u00e9l\u00e9gation de Moular\u00e8s gouvernorat de Gafsa qui a d\u00e9missionn\u00e9 \u00e0 compter du 22 ao\u00fbt 2024<\/p>\n","protected":false},"excerpt":{"rendered":"<p>Ce remaniement qui comporte des nominations, des mutations et des fins de mission, a \u00e9t\u00e9 annonc\u00e9 au Journal officiel de la R\u00e9publique tunisienne du 10 septembre&#8230;<\/p>\n","protected":false},"author":3162,"featured_media":246594,"comment_status":"open","ping_status":"closed","sticky":false,"template":"","format":"standard","meta":{"footnotes":""},"categories":[44],"tags":[5764,4636,3897,5765,5763,2608],"class_list":["post-216311","post","type-post","status-publish","format-standard","has-post-thumbnail","hentry","category-national","tag-delegue","tag-interieur","tag-jort","tag-journal-officiel-de-la-republique-tunisienne","tag-remaniement","tag-tunisie"],"yoast_head":"<!-- This site is optimized with the Yoast SEO Premium plugin v27.5 (Yoast SEO v27.5) - https:\/\/yoast.com\/product\/yoast-seo-premium-wordpress\/ -->\n<title>Tunisie : Remaniement dans le corps des d\u00e9l\u00e9gu\u00e9s<\/title>\n<meta name=\"description\" content=\"Ce remaniement qui comporte des nominations, des mutations et des fins de mission, a \u00e9t\u00e9 annonc\u00e9 au Journal officiel de la R\u00e9publique tunisienne du 10 septembre...\" \/>\n<link rel=\"canonical\" href=\"https:\/\/www.webdo.tn\/fr\/actualite\/national\/tunisie-remaniement-dans-le-corps-des-delegues\/216311\/\" \/>\n<meta property=\"og:locale\" content=\"fr_FR\" \/>\n<meta property=\"og:type\" content=\"article\" \/>\n<meta property=\"og:title\" content=\"Tunisie : Remaniement dans le corps des d\u00e9l\u00e9gu\u00e9s\" \/>\n<meta property=\"og:description\" content=\"Ce remaniement qui comporte des nominations, des mutations et des fins de mission, a \u00e9t\u00e9 annonc\u00e9 au Journal officiel de la R\u00e9publique tunisienne du 10 septembre...\" \/>\n<meta property=\"og:url\" content=\"https:\/\/www.webdo.tn\/fr\/actualite\/national\/tunisie-remaniement-dans-le-corps-des-delegues\/216311\/\" \/>\n<meta property=\"og:site_name\" content=\"webdo\" \/>\n<meta property=\"article:publisher\" content=\"https:\/\/www.facebook.com\/webdotn\" \/>\n<meta property=\"article:published_time\" content=\"2024-09-11T11:48:00+00:00\" \/>\n<meta property=\"article:modified_time\" content=\"2025-05-20T21:49:06+00:00\" \/>\n<meta property=\"og:image\" content=\"https:\/\/www.webdo.tn\/fr\/wp-content\/uploads\/2024\/09\/f95625220b7ec6fc4bf84223e86998b2.webp\" \/>\n\t<meta property=\"og:image:width\" content=\"750\" \/>\n\t<meta property=\"og:image:height\" content=\"400\" \/>\n\t<meta property=\"og:image:type\" content=\"image\/webp\" \/>\n<meta name=\"author\" content=\"MC\" \/>\n<meta name=\"twitter:card\" content=\"summary_large_image\" \/>\n<meta name=\"twitter:creator\" content=\"@webdo_tn\" \/>\n<meta name=\"twitter:site\" content=\"@webdo_tn\" \/>\n<meta name=\"twitter:label1\" content=\"\u00c9crit par\" \/>\n\t<meta name=\"twitter:data1\" content=\"MC\" \/>\n\t<meta name=\"twitter:label2\" content=\"Dur\u00e9e de lecture estim\u00e9e\" \/>\n\t<meta name=\"twitter:data2\" content=\"2 minutes\" \/>\n<script type=\"application\/ld+json\" class=\"yoast-schema-graph\">{\"@context\":\"https:\\\/\\\/schema.org\",\"@graph\":[{\"@type\":\"NewsArticle\",\"@id\":\"https:\\\/\\\/www.webdo.tn\\\/fr\\\/actualite\\\/national\\\/tunisie-remaniement-dans-le-corps-des-delegues\\\/216311\\\/#article\",\"isPartOf\":{\"@id\":\"https:\\\/\\\/www.webdo.tn\\\/fr\\\/actualite\\\/national\\\/tunisie-remaniement-dans-le-corps-des-delegues\\\/216311\\\/\"},\"author\":{\"name\":\"MC\",\"@id\":\"https:\\\/\\\/www.webdo.tn\\\/fr\\\/#\\\/schema\\\/person\\\/2c4929cbf5a809e3bd38617c6ce150f6\"},\"headline\":\"Tunisie : Remaniement dans le corps des d\u00e9l\u00e9gu\u00e9s\",\"datePublished\":\"2024-09-11T11:48:00+00:00\",\"dateModified\":\"2025-05-20T21:49:06+00:00\",\"mainEntityOfPage\":{\"@id\":\"https:\\\/\\\/www.webdo.tn\\\/fr\\\/actualite\\\/national\\\/tunisie-remaniement-dans-le-corps-des-delegues\\\/216311\\\/\"},\"wordCount\":472,\"commentCount\":0,\"publisher\":{\"@id\":\"https:\\\/\\\/www.webdo.tn\\\/fr\\\/#organization\"},\"image\":{\"@id\":\"https:\\\/\\\/www.webdo.tn\\\/fr\\\/actualite\\\/national\\\/tunisie-remaniement-dans-le-corps-des-delegues\\\/216311\\\/#primaryimage\"},\"thumbnailUrl\":\"https:\\\/\\\/www.webdo.tn\\\/fr\\\/wp-content\\\/uploads\\\/2024\\\/09\\\/f95625220b7ec6fc4bf84223e86998b2.webp\",\"keywords\":[\"d\u00e9l\u00e9gu\u00e9\",\"int\u00e9rieur\",\"JORT\",\"Journal officiel de la R\u00e9publique tunisienne\",\"remaniement\",\"Tunisie\"],\"articleSection\":[\"National\"],\"inLanguage\":\"fr-FR\"},{\"@type\":\"WebPage\",\"@id\":\"https:\\\/\\\/www.webdo.tn\\\/fr\\\/actualite\\\/national\\\/tunisie-remaniement-dans-le-corps-des-delegues\\\/216311\\\/\",\"url\":\"https:\\\/\\\/www.webdo.tn\\\/fr\\\/actualite\\\/national\\\/tunisie-remaniement-dans-le-corps-des-delegues\\\/216311\\\/\",\"name\":\"Tunisie : Remaniement dans le corps des d\u00e9l\u00e9gu\u00e9s\",\"isPartOf\":{\"@id\":\"https:\\\/\\\/www.webdo.tn\\\/fr\\\/#website\"},\"primaryImageOfPage\":{\"@id\":\"https:\\\/\\\/www.webdo.tn\\\/fr\\\/actualite\\\/national\\\/tunisie-remaniement-dans-le-corps-des-delegues\\\/216311\\\/#primaryimage\"},\"image\":{\"@id\":\"https:\\\/\\\/www.webdo.tn\\\/fr\\\/actualite\\\/national\\\/tunisie-remaniement-dans-le-corps-des-delegues\\\/216311\\\/#primaryimage\"},\"thumbnailUrl\":\"https:\\\/\\\/www.webdo.tn\\\/fr\\\/wp-content\\\/uploads\\\/2024\\\/09\\\/f95625220b7ec6fc4bf84223e86998b2.webp\",\"datePublished\":\"2024-09-11T11:48:00+00:00\",\"dateModified\":\"2025-05-20T21:49:06+00:00\",\"description\":\"Ce remaniement qui comporte des nominations, des mutations et des fins de mission, a \u00e9t\u00e9 annonc\u00e9 au Journal officiel de la R\u00e9publique tunisienne du 10 septembre...\",\"breadcrumb\":{\"@id\":\"https:\\\/\\\/www.webdo.tn\\\/fr\\\/actualite\\\/national\\\/tunisie-remaniement-dans-le-corps-des-delegues\\\/216311\\\/#breadcrumb\"},\"inLanguage\":\"fr-FR\",\"potentialAction\":[{\"@type\":\"ReadAction\",\"target\":[\"https:\\\/\\\/www.webdo.tn\\\/fr\\\/actualite\\\/national\\\/tunisie-remaniement-dans-le-corps-des-delegues\\\/216311\\\/\"]}]},{\"@type\":\"ImageObject\",\"inLanguage\":\"fr-FR\",\"@id\":\"https:\\\/\\\/www.webdo.tn\\\/fr\\\/actualite\\\/national\\\/tunisie-remaniement-dans-le-corps-des-delegues\\\/216311\\\/#primaryimage\",\"url\":\"https:\\\/\\\/www.webdo.tn\\\/fr\\\/wp-content\\\/uploads\\\/2024\\\/09\\\/f95625220b7ec6fc4bf84223e86998b2.webp\",\"contentUrl\":\"https:\\\/\\\/www.webdo.tn\\\/fr\\\/wp-content\\\/uploads\\\/2024\\\/09\\\/f95625220b7ec6fc4bf84223e86998b2.webp\",\"width\":750,\"height\":400,\"caption\":\"Tunisie : Remaniement dans le corps des d\u00e9l\u00e9gu\u00e9s\"},{\"@type\":\"BreadcrumbList\",\"@id\":\"https:\\\/\\\/www.webdo.tn\\\/fr\\\/actualite\\\/national\\\/tunisie-remaniement-dans-le-corps-des-delegues\\\/216311\\\/#breadcrumb\",\"itemListElement\":[{\"@type\":\"ListItem\",\"position\":1,\"name\":\"Accueil\",\"item\":\"https:\\\/\\\/www.webdo.tn\\\/fr\\\/\"},{\"@type\":\"ListItem\",\"position\":2,\"name\":\"Tunisie : Remaniement dans le corps des d\u00e9l\u00e9gu\u00e9s\"}]},{\"@type\":\"WebSite\",\"@id\":\"https:\\\/\\\/www.webdo.tn\\\/fr\\\/#website\",\"url\":\"https:\\\/\\\/www.webdo.tn\\\/fr\\\/\",\"name\":\"webdo\",\"description\":\"Tunisie - News en Tunisie et \u00e0 l&#039;international sur Webdo.tn\",\"publisher\":{\"@id\":\"https:\\\/\\\/www.webdo.tn\\\/fr\\\/#organization\"},\"potentialAction\":[{\"@type\":\"SearchAction\",\"target\":{\"@type\":\"EntryPoint\",\"urlTemplate\":\"https:\\\/\\\/www.webdo.tn\\\/fr\\\/?s={search_term_string}\"},\"query-input\":{\"@type\":\"PropertyValueSpecification\",\"valueRequired\":true,\"valueName\":\"search_term_string\"}}],\"inLanguage\":\"fr-FR\"},{\"@type\":\"Organization\",\"@id\":\"https:\\\/\\\/www.webdo.tn\\\/fr\\\/#organization\",\"name\":\"Webdo\",\"alternateName\":\"Webdo.tn\",\"url\":\"https:\\\/\\\/www.webdo.tn\\\/fr\\\/\",\"logo\":{\"@type\":\"ImageObject\",\"inLanguage\":\"fr-FR\",\"@id\":\"https:\\\/\\\/www.webdo.tn\\\/fr\\\/#\\\/schema\\\/logo\\\/image\\\/\",\"url\":\"https:\\\/\\\/www.webdo.tn\\\/fr\\\/wp-content\\\/uploads\\\/2025\\\/06\\\/Webdo-Tunisie_168377.jpg\",\"contentUrl\":\"https:\\\/\\\/www.webdo.tn\\\/fr\\\/wp-content\\\/uploads\\\/2025\\\/06\\\/Webdo-Tunisie_168377.jpg\",\"width\":301,\"height\":301,\"caption\":\"Webdo\"},\"image\":{\"@id\":\"https:\\\/\\\/www.webdo.tn\\\/fr\\\/#\\\/schema\\\/logo\\\/image\\\/\"},\"sameAs\":[\"https:\\\/\\\/www.facebook.com\\\/webdotn\",\"https:\\\/\\\/x.com\\\/webdo_tn\"],\"description\":\"Webdo est un m\u00e9dia num\u00e9rique tunisien fond\u00e9 en 2010, sp\u00e9cialis\u00e9 dans l\u2019actualit\u00e9 nationale et internationale, l\u2019\u00e9conomie, la soci\u00e9t\u00e9 et les analyses politiques. Le site s\u2019adresse \u00e0 un large public francophone et couvre l\u2019information tunisienne en temps r\u00e9el.\",\"email\":\"redac@webdo.tn\",\"legalName\":\"YNJ SARL\",\"foundingDate\":\"2010-09-06\",\"numberOfEmployees\":{\"@type\":\"QuantitativeValue\",\"minValue\":\"11\",\"maxValue\":\"50\"}},{\"@type\":\"Person\",\"@id\":\"https:\\\/\\\/www.webdo.tn\\\/fr\\\/#\\\/schema\\\/person\\\/2c4929cbf5a809e3bd38617c6ce150f6\",\"name\":\"MC\",\"image\":{\"@type\":\"ImageObject\",\"inLanguage\":\"fr-FR\",\"@id\":\"https:\\\/\\\/secure.gravatar.com\\\/avatar\\\/a545bbb6f84efdd5553dbbc2895e3ca8f1d12c5215e00a041c9670b54aa9b18a?s=96&d=mm&r=g\",\"url\":\"https:\\\/\\\/secure.gravatar.com\\\/avatar\\\/a545bbb6f84efdd5553dbbc2895e3ca8f1d12c5215e00a041c9670b54aa9b18a?s=96&d=mm&r=g\",\"contentUrl\":\"https:\\\/\\\/secure.gravatar.com\\\/avatar\\\/a545bbb6f84efdd5553dbbc2895e3ca8f1d12c5215e00a041c9670b54aa9b18a?s=96&d=mm&r=g\",\"caption\":\"MC\"},\"url\":\"https:\\\/\\\/www.webdo.tn\\\/fr\\\/actualite\\\/author\\\/mc\\\/\"}]}<\/script>\n<!-- \/ Yoast SEO Premium plugin. -->","yoast_head_json":{"title":"Tunisie : Remaniement dans le corps des d\u00e9l\u00e9gu\u00e9s","description":"Ce remaniement qui comporte des nominations, des mutations et des fins de mission, a \u00e9t\u00e9 annonc\u00e9 au Journal officiel de la R\u00e9publique tunisienne du 10 septembre...","canonical":"https:\/\/www.webdo.tn\/fr\/actualite\/national\/tunisie-remaniement-dans-le-corps-des-delegues\/216311\/","og_locale":"fr_FR","og_type":"article","og_title":"Tunisie : Remaniement dans le corps des d\u00e9l\u00e9gu\u00e9s","og_description":"Ce remaniement qui comporte des nominations, des mutations et des fins de mission, a \u00e9t\u00e9 annonc\u00e9 au Journal officiel de la R\u00e9publique tunisienne du 10 septembre...","og_url":"https:\/\/www.webdo.tn\/fr\/actualite\/national\/tunisie-remaniement-dans-le-corps-des-delegues\/216311\/","og_site_name":"webdo","article_publisher":"https:\/\/www.facebook.com\/webdotn","article_published_time":"2024-09-11T11:48:00+00:00","article_modified_time":"2025-05-20T21:49:06+00:00","og_image":[{"width":750,"height":400,"url":"https:\/\/www.webdo.tn\/fr\/wp-content\/uploads\/2024\/09\/f95625220b7ec6fc4bf84223e86998b2.webp","type":"image\/webp"}],"author":"MC","twitter_card":"summary_large_image","twitter_creator":"@webdo_tn","twitter_site":"@webdo_tn","twitter_misc":{"\u00c9crit par":"MC","Dur\u00e9e de lecture estim\u00e9e":"2 minutes"},"schema":{"@context":"https:\/\/schema.org","@graph":[{"@type":"NewsArticle","@id":"https:\/\/www.webdo.tn\/fr\/actualite\/national\/tunisie-remaniement-dans-le-corps-des-delegues\/216311\/#article","isPartOf":{"@id":"https:\/\/www.webdo.tn\/fr\/actualite\/national\/tunisie-remaniement-dans-le-corps-des-delegues\/216311\/"},"author":{"name":"MC","@id":"https:\/\/www.webdo.tn\/fr\/#\/schema\/person\/2c4929cbf5a809e3bd38617c6ce150f6"},"headline":"Tunisie : Remaniement dans le corps des d\u00e9l\u00e9gu\u00e9s","datePublished":"2024-09-11T11:48:00+00:00","dateModified":"2025-05-20T21:49:06+00:00","mainEntityOfPage":{"@id":"https:\/\/www.webdo.tn\/fr\/actualite\/national\/tunisie-remaniement-dans-le-corps-des-delegues\/216311\/"},"wordCount":472,"commentCount":0,"publisher":{"@id":"https:\/\/www.webdo.tn\/fr\/#organization"},"image":{"@id":"https:\/\/www.webdo.tn\/fr\/actualite\/national\/tunisie-remaniement-dans-le-corps-des-delegues\/216311\/#primaryimage"},"thumbnailUrl":"https:\/\/www.webdo.tn\/fr\/wp-content\/uploads\/2024\/09\/f95625220b7ec6fc4bf84223e86998b2.webp","keywords":["d\u00e9l\u00e9gu\u00e9","int\u00e9rieur","JORT","Journal officiel de la R\u00e9publique tunisienne","remaniement","Tunisie"],"articleSection":["National"],"inLanguage":"fr-FR"},{"@type":"WebPage","@id":"https:\/\/www.webdo.tn\/fr\/actualite\/national\/tunisie-remaniement-dans-le-corps-des-delegues\/216311\/","url":"https:\/\/www.webdo.tn\/fr\/actualite\/national\/tunisie-remaniement-dans-le-corps-des-delegues\/216311\/","name":"Tunisie : Remaniement dans le corps des d\u00e9l\u00e9gu\u00e9s","isPartOf":{"@id":"https:\/\/www.webdo.tn\/fr\/#website"},"primaryImageOfPage":{"@id":"https:\/\/www.webdo.tn\/fr\/actualite\/national\/tunisie-remaniement-dans-le-corps-des-delegues\/216311\/#primaryimage"},"image":{"@id":"https:\/\/www.webdo.tn\/fr\/actualite\/national\/tunisie-remaniement-dans-le-corps-des-delegues\/216311\/#primaryimage"},"thumbnailUrl":"https:\/\/www.webdo.tn\/fr\/wp-content\/uploads\/2024\/09\/f95625220b7ec6fc4bf84223e86998b2.webp","datePublished":"2024-09-11T11:48:00+00:00","dateModified":"2025-05-20T21:49:06+00:00","description":"Ce remaniement qui comporte des nominations, des mutations et des fins de mission, a \u00e9t\u00e9 annonc\u00e9 au Journal officiel de la R\u00e9publique tunisienne du 10 septembre...","breadcrumb":{"@id":"https:\/\/www.webdo.tn\/fr\/actualite\/national\/tunisie-remaniement-dans-le-corps-des-delegues\/216311\/#breadcrumb"},"inLanguage":"fr-FR","potentialAction":[{"@type":"ReadAction","target":["https:\/\/www.webdo.tn\/fr\/actualite\/national\/tunisie-remaniement-dans-le-corps-des-delegues\/216311\/"]}]},{"@type":"ImageObject","inLanguage":"fr-FR","@id":"https:\/\/www.webdo.tn\/fr\/actualite\/national\/tunisie-remaniement-dans-le-corps-des-delegues\/216311\/#primaryimage","url":"https:\/\/www.webdo.tn\/fr\/wp-content\/uploads\/2024\/09\/f95625220b7ec6fc4bf84223e86998b2.webp","contentUrl":"https:\/\/www.webdo.tn\/fr\/wp-content\/uploads\/2024\/09\/f95625220b7ec6fc4bf84223e86998b2.webp","width":750,"height":400,"caption":"Tunisie : Remaniement dans le corps des d\u00e9l\u00e9gu\u00e9s"},{"@type":"BreadcrumbList","@id":"https:\/\/www.webdo.tn\/fr\/actualite\/national\/tunisie-remaniement-dans-le-corps-des-delegues\/216311\/#breadcrumb","itemListElement":[{"@type":"ListItem","position":1,"name":"Accueil","item":"https:\/\/www.webdo.tn\/fr\/"},{"@type":"ListItem","position":2,"name":"Tunisie : Remaniement dans le corps des d\u00e9l\u00e9gu\u00e9s"}]},{"@type":"WebSite","@id":"https:\/\/www.webdo.tn\/fr\/#website","url":"https:\/\/www.webdo.tn\/fr\/","name":"webdo","description":"Tunisie - News en Tunisie et \u00e0 l&#039;international sur Webdo.tn","publisher":{"@id":"https:\/\/www.webdo.tn\/fr\/#organization"},"potentialAction":[{"@type":"SearchAction","target":{"@type":"EntryPoint","urlTemplate":"https:\/\/www.webdo.tn\/fr\/?s={search_term_string}"},"query-input":{"@type":"PropertyValueSpecification","valueRequired":true,"valueName":"search_term_string"}}],"inLanguage":"fr-FR"},{"@type":"Organization","@id":"https:\/\/www.webdo.tn\/fr\/#organization","name":"Webdo","alternateName":"Webdo.tn","url":"https:\/\/www.webdo.tn\/fr\/","logo":{"@type":"ImageObject","inLanguage":"fr-FR","@id":"https:\/\/www.webdo.tn\/fr\/#\/schema\/logo\/image\/","url":"https:\/\/www.webdo.tn\/fr\/wp-content\/uploads\/2025\/06\/Webdo-Tunisie_168377.jpg","contentUrl":"https:\/\/www.webdo.tn\/fr\/wp-content\/uploads\/2025\/06\/Webdo-Tunisie_168377.jpg","width":301,"height":301,"caption":"Webdo"},"image":{"@id":"https:\/\/www.webdo.tn\/fr\/#\/schema\/logo\/image\/"},"sameAs":["https:\/\/www.facebook.com\/webdotn","https:\/\/x.com\/webdo_tn"],"description":"Webdo est un m\u00e9dia num\u00e9rique tunisien fond\u00e9 en 2010, sp\u00e9cialis\u00e9 dans l\u2019actualit\u00e9 nationale et internationale, l\u2019\u00e9conomie, la soci\u00e9t\u00e9 et les analyses politiques. Le site s\u2019adresse \u00e0 un large public francophone et couvre l\u2019information tunisienne en temps r\u00e9el.","email":"redac@webdo.tn","legalName":"YNJ SARL","foundingDate":"2010-09-06","numberOfEmployees":{"@type":"QuantitativeValue","minValue":"11","maxValue":"50"}},{"@type":"Person","@id":"https:\/\/www.webdo.tn\/fr\/#\/schema\/person\/2c4929cbf5a809e3bd38617c6ce150f6","name":"MC","image":{"@type":"ImageObject","inLanguage":"fr-FR","@id":"https:\/\/secure.gravatar.com\/avatar\/a545bbb6f84efdd5553dbbc2895e3ca8f1d12c5215e00a041c9670b54aa9b18a?s=96&d=mm&r=g","url":"https:\/\/secure.gravatar.com\/avatar\/a545bbb6f84efdd5553dbbc2895e3ca8f1d12c5215e00a041c9670b54aa9b18a?s=96&d=mm&r=g","contentUrl":"https:\/\/secure.gravatar.com\/avatar\/a545bbb6f84efdd5553dbbc2895e3ca8f1d12c5215e00a041c9670b54aa9b18a?s=96&d=mm&r=g","caption":"MC"},"url":"https:\/\/www.webdo.tn\/fr\/actualite\/author\/mc\/"}]}},"_links":{"self":[{"href":"https:\/\/www.webdo.tn\/fr\/wp-json\/wp\/v2\/posts\/216311","targetHints":{"allow":["GET"]}}],"collection":[{"href":"https:\/\/www.webdo.tn\/fr\/wp-json\/wp\/v2\/posts"}],"about":[{"href":"https:\/\/www.webdo.tn\/fr\/wp-json\/wp\/v2\/types\/post"}],"author":[{"embeddable":true,"href":"https:\/\/www.webdo.tn\/fr\/wp-json\/wp\/v2\/users\/3162"}],"replies":[{"embeddable":true,"href":"https:\/\/www.webdo.tn\/fr\/wp-json\/wp\/v2\/comments?post=216311"}],"version-history":[{"count":0,"href":"https:\/\/www.webdo.tn\/fr\/wp-json\/wp\/v2\/posts\/216311\/revisions"}],"wp:featuredmedia":[{"embeddable":true,"href":"https:\/\/www.webdo.tn\/fr\/wp-json\/wp\/v2\/media\/246594"}],"wp:attachment":[{"href":"https:\/\/www.webdo.tn\/fr\/wp-json\/wp\/v2\/media?parent=216311"}],"wp:term":[{"taxonomy":"category","embeddable":true,"href":"https:\/\/www.webdo.tn\/fr\/wp-json\/wp\/v2\/categories?post=216311"},{"taxonomy":"post_tag","embeddable":true,"href":"https:\/\/www.webdo.tn\/fr\/wp-json\/wp\/v2\/tags?post=216311"}],"curies":[{"name":"wp","href":"https:\/\/api.w.org\/{rel}","templated":true}]}}