{"id":216305,"date":"2024-09-11T09:14:00","date_gmt":"2024-09-11T09:14:00","guid":{"rendered":"https:\/\/www.webdo.tn\/fr\/blog\/presidentielle-tunisienne-le-candidat-ayachi-zammel-face-a-de-nouvelles-accusations\/216305\/"},"modified":"2024-09-11T09:14:00","modified_gmt":"2024-09-11T09:14:00","slug":"presidentielle-tunisienne-le-candidat-ayachi-zammel-face-a-de-nouvelles-accusations","status":"publish","type":"post","link":"https:\/\/www.webdo.tn\/fr\/actualite\/national\/presidentielle-tunisienne-le-candidat-ayachi-zammel-face-a-de-nouvelles-accusations\/216305\/","title":{"rendered":"Tunisie &#8211; Pr\u00e9sidentielle : Le candidat Ayachi Zammel face \u00e0 de nouvelles accusations"},"content":{"rendered":"<p>Hier, mardi 10 septembre 2024, une nouvelle enqu\u00eate judiciaire a \u00e9t\u00e9 ouverte \u00e0 l&rsquo;encontre d&rsquo;Ayachi Zammel, candidat \u00e0 l&rsquo;\u00e9lection pr\u00e9sidentielle tunisienne. Selon Me Ahmed Belgith, membre de l&rsquo;\u00e9quipe de d\u00e9fense de Zammel, le parquet du tribunal de premi\u00e8re instance du Kef a ordonn\u00e9 l&rsquo;ouverture de cette enqu\u00eate suite \u00e0 une plainte pour suspicion de falsification de parrainages.<\/p>\n<p>\t\t\t\t\t\t\t\t\tDans une d\u00e9claration \u00e0 la radio Diwan FM, Me Belgith a pr\u00e9cis\u00e9 que cette nouvelle proc\u00e9dure judiciaire fait suite \u00e0 une plainte d\u00e9pos\u00e9e par une citoyenne. Cette derni\u00e8re affirme avoir re\u00e7u un SMS l&rsquo;informant qu&rsquo;elle aurait parrain\u00e9 la candidature d&rsquo;Ayachi Zammel, ce qu&rsquo;elle d\u00e9ment formellement.<\/p>\n<p>Interrog\u00e9 par Tumedia, le porte-parole de la d\u00e9fense a soulign\u00e9 qu&rsquo;aucun formulaire ne vient \u00e9tayer les all\u00e9gations de la plaignante. Il a ajout\u00e9 que tous les formulaires de parrainage provenant de la r\u00e9gion du Kef ont \u00e9t\u00e9 rejet\u00e9s par l&rsquo;Instance Sup\u00e9rieure Ind\u00e9pendante pour les \u00c9lections (ISIE) et ne figurent donc pas dans le dossier du candidat. Une enqu\u00eate technique devrait \u00eatre men\u00e9e pour v\u00e9rifier l&rsquo;authenticit\u00e9 et l&rsquo;existence m\u00eame du SMS mentionn\u00e9 par la plaignante.<\/p>\n<p>Cette nouvelle affaire s&rsquo;ajoute \u00e0 une s\u00e9rie de poursuites judiciaires visant Ayachi Zammel. La page Facebook officielle du candidat a annonc\u00e9 avant-hier l&rsquo;\u00e9mission de cinq nouveaux mandats de d\u00e9p\u00f4t \u00e0 son encontre par le tribunal correctionnel de Siliana, avec une audience pr\u00e9vue le 12 septembre. De plus, Zammel devrait compara\u00eetre aujourd&rsquo;hui, mercredi 11 septembre, devant le tribunal correctionnel de Jendouba pour une autre affaire de suspicion de falsification de parrainages.<\/p>\n","protected":false},"excerpt":{"rendered":"<p>Pr\u00e9sidentielle tunisienne : Ayachi Zammel confront\u00e9 \u00e0 une nouvelle enqu\u00eate pour suspicion de falsification de parrainages, s&rsquo;ajoutant \u00e0 plusieurs autres affaire&#8230;<\/p>\n","protected":false},"author":3203,"featured_media":291053,"comment_status":"open","ping_status":"closed","sticky":false,"template":"","format":"standard","meta":{"footnotes":""},"categories":[44],"tags":[10411,10410,10409,4430],"class_list":["post-216305","post","type-post","status-publish","format-standard","has-post-thumbnail","hentry","category-national","tag-accusations-judiciaires","tag-falsification-parrainages","tag-presidentielle-tunisienne-2024","tag-ayachi-zammel"],"yoast_head":"<!-- This site is optimized with the Yoast SEO Premium plugin v27.5 (Yoast SEO v27.5) - https:\/\/yoast.com\/product\/yoast-seo-premium-wordpress\/ -->\n<title>Tunisie - Pr\u00e9sidentielle : Le candidat Ayachi Zammel face \u00e0 de nouvelles accusations<\/title>\n<meta name=\"description\" content=\"Pr\u00e9sidentielle tunisienne : Ayachi Zammel confront\u00e9 \u00e0 une nouvelle enqu\u00eate pour suspicion de falsification de parrainages, s&#039;ajoutant \u00e0 plusieurs autres affaire...\" \/>\n<link rel=\"canonical\" href=\"https:\/\/www.webdo.tn\/fr\/actualite\/national\/presidentielle-tunisienne-le-candidat-ayachi-zammel-face-a-de-nouvelles-accusations\/216305\/\" \/>\n<meta property=\"og:locale\" content=\"fr_FR\" \/>\n<meta property=\"og:type\" content=\"article\" \/>\n<meta property=\"og:title\" content=\"Tunisie - Pr\u00e9sidentielle : Le candidat Ayachi Zammel face \u00e0 de nouvelles accusations\" \/>\n<meta property=\"og:description\" content=\"Pr\u00e9sidentielle tunisienne : Ayachi Zammel confront\u00e9 \u00e0 une nouvelle enqu\u00eate pour suspicion de falsification de parrainages, s&#039;ajoutant \u00e0 plusieurs autres affaire...\" \/>\n<meta property=\"og:url\" content=\"https:\/\/www.webdo.tn\/fr\/actualite\/national\/presidentielle-tunisienne-le-candidat-ayachi-zammel-face-a-de-nouvelles-accusations\/216305\/\" \/>\n<meta property=\"og:site_name\" content=\"webdo\" \/>\n<meta property=\"article:publisher\" content=\"https:\/\/www.facebook.com\/webdotn\" \/>\n<meta property=\"article:published_time\" content=\"2024-09-11T09:14:00+00:00\" \/>\n<meta property=\"og:image\" content=\"https:\/\/www.webdo.tn\/fr\/wp-content\/uploads\/2024\/09\/6cd68be477c2ad7835d2c6773728bde1.webp\" \/>\n\t<meta property=\"og:image:width\" content=\"664\" \/>\n\t<meta property=\"og:image:height\" content=\"354\" \/>\n\t<meta property=\"og:image:type\" content=\"image\/webp\" \/>\n<meta name=\"author\" content=\"Ramzi Haddad\" \/>\n<meta name=\"twitter:card\" content=\"summary_large_image\" \/>\n<meta name=\"twitter:creator\" content=\"@webdo_tn\" \/>\n<meta name=\"twitter:site\" content=\"@webdo_tn\" \/>\n<meta name=\"twitter:label1\" content=\"\u00c9crit par\" \/>\n\t<meta name=\"twitter:data1\" content=\"Ramzi Haddad\" \/>\n\t<meta name=\"twitter:label2\" content=\"Dur\u00e9e de lecture estim\u00e9e\" \/>\n\t<meta name=\"twitter:data2\" content=\"1 minute\" \/>\n<script type=\"application\/ld+json\" class=\"yoast-schema-graph\">{\"@context\":\"https:\\\/\\\/schema.org\",\"@graph\":[{\"@type\":\"NewsArticle\",\"@id\":\"https:\\\/\\\/www.webdo.tn\\\/fr\\\/actualite\\\/national\\\/presidentielle-tunisienne-le-candidat-ayachi-zammel-face-a-de-nouvelles-accusations\\\/216305\\\/#article\",\"isPartOf\":{\"@id\":\"https:\\\/\\\/www.webdo.tn\\\/fr\\\/actualite\\\/national\\\/presidentielle-tunisienne-le-candidat-ayachi-zammel-face-a-de-nouvelles-accusations\\\/216305\\\/\"},\"author\":{\"name\":\"Ramzi Haddad\",\"@id\":\"https:\\\/\\\/www.webdo.tn\\\/fr\\\/#\\\/schema\\\/person\\\/5663044c25eb36d8f88ba5b653f12f8c\"},\"headline\":\"Tunisie &#8211; Pr\u00e9sidentielle : Le candidat Ayachi Zammel face \u00e0 de nouvelles accusations\",\"datePublished\":\"2024-09-11T09:14:00+00:00\",\"mainEntityOfPage\":{\"@id\":\"https:\\\/\\\/www.webdo.tn\\\/fr\\\/actualite\\\/national\\\/presidentielle-tunisienne-le-candidat-ayachi-zammel-face-a-de-nouvelles-accusations\\\/216305\\\/\"},\"wordCount\":291,\"commentCount\":0,\"publisher\":{\"@id\":\"https:\\\/\\\/www.webdo.tn\\\/fr\\\/#organization\"},\"image\":{\"@id\":\"https:\\\/\\\/www.webdo.tn\\\/fr\\\/actualite\\\/national\\\/presidentielle-tunisienne-le-candidat-ayachi-zammel-face-a-de-nouvelles-accusations\\\/216305\\\/#primaryimage\"},\"thumbnailUrl\":\"https:\\\/\\\/www.webdo.tn\\\/fr\\\/wp-content\\\/uploads\\\/2024\\\/09\\\/6cd68be477c2ad7835d2c6773728bde1.webp\",\"keywords\":[\"'accusations judiciaires']\",\"'falsification parrainages'\",\"'Pr\u00e9sidentielle tunisienne 2024'\",\"ayachi zammel\"],\"articleSection\":[\"National\"],\"inLanguage\":\"fr-FR\"},{\"@type\":\"WebPage\",\"@id\":\"https:\\\/\\\/www.webdo.tn\\\/fr\\\/actualite\\\/national\\\/presidentielle-tunisienne-le-candidat-ayachi-zammel-face-a-de-nouvelles-accusations\\\/216305\\\/\",\"url\":\"https:\\\/\\\/www.webdo.tn\\\/fr\\\/actualite\\\/national\\\/presidentielle-tunisienne-le-candidat-ayachi-zammel-face-a-de-nouvelles-accusations\\\/216305\\\/\",\"name\":\"Tunisie - Pr\u00e9sidentielle : Le candidat Ayachi Zammel face \u00e0 de nouvelles accusations\",\"isPartOf\":{\"@id\":\"https:\\\/\\\/www.webdo.tn\\\/fr\\\/#website\"},\"primaryImageOfPage\":{\"@id\":\"https:\\\/\\\/www.webdo.tn\\\/fr\\\/actualite\\\/national\\\/presidentielle-tunisienne-le-candidat-ayachi-zammel-face-a-de-nouvelles-accusations\\\/216305\\\/#primaryimage\"},\"image\":{\"@id\":\"https:\\\/\\\/www.webdo.tn\\\/fr\\\/actualite\\\/national\\\/presidentielle-tunisienne-le-candidat-ayachi-zammel-face-a-de-nouvelles-accusations\\\/216305\\\/#primaryimage\"},\"thumbnailUrl\":\"https:\\\/\\\/www.webdo.tn\\\/fr\\\/wp-content\\\/uploads\\\/2024\\\/09\\\/6cd68be477c2ad7835d2c6773728bde1.webp\",\"datePublished\":\"2024-09-11T09:14:00+00:00\",\"description\":\"Pr\u00e9sidentielle tunisienne : Ayachi Zammel confront\u00e9 \u00e0 une nouvelle enqu\u00eate pour suspicion de falsification de parrainages, s'ajoutant \u00e0 plusieurs autres affaire...\",\"breadcrumb\":{\"@id\":\"https:\\\/\\\/www.webdo.tn\\\/fr\\\/actualite\\\/national\\\/presidentielle-tunisienne-le-candidat-ayachi-zammel-face-a-de-nouvelles-accusations\\\/216305\\\/#breadcrumb\"},\"inLanguage\":\"fr-FR\",\"potentialAction\":[{\"@type\":\"ReadAction\",\"target\":[\"https:\\\/\\\/www.webdo.tn\\\/fr\\\/actualite\\\/national\\\/presidentielle-tunisienne-le-candidat-ayachi-zammel-face-a-de-nouvelles-accusations\\\/216305\\\/\"]}]},{\"@type\":\"ImageObject\",\"inLanguage\":\"fr-FR\",\"@id\":\"https:\\\/\\\/www.webdo.tn\\\/fr\\\/actualite\\\/national\\\/presidentielle-tunisienne-le-candidat-ayachi-zammel-face-a-de-nouvelles-accusations\\\/216305\\\/#primaryimage\",\"url\":\"https:\\\/\\\/www.webdo.tn\\\/fr\\\/wp-content\\\/uploads\\\/2024\\\/09\\\/6cd68be477c2ad7835d2c6773728bde1.webp\",\"contentUrl\":\"https:\\\/\\\/www.webdo.tn\\\/fr\\\/wp-content\\\/uploads\\\/2024\\\/09\\\/6cd68be477c2ad7835d2c6773728bde1.webp\",\"width\":664,\"height\":354,\"caption\":\"Tunisie - Pr\u00e9sidentielle : Le candidat Ayachi Zammel face \u00e0 de nouvelles accusations\"},{\"@type\":\"BreadcrumbList\",\"@id\":\"https:\\\/\\\/www.webdo.tn\\\/fr\\\/actualite\\\/national\\\/presidentielle-tunisienne-le-candidat-ayachi-zammel-face-a-de-nouvelles-accusations\\\/216305\\\/#breadcrumb\",\"itemListElement\":[{\"@type\":\"ListItem\",\"position\":1,\"name\":\"Accueil\",\"item\":\"https:\\\/\\\/www.webdo.tn\\\/fr\\\/\"},{\"@type\":\"ListItem\",\"position\":2,\"name\":\"Tunisie &#8211; Pr\u00e9sidentielle : Le candidat Ayachi Zammel face \u00e0 de nouvelles accusations\"}]},{\"@type\":\"WebSite\",\"@id\":\"https:\\\/\\\/www.webdo.tn\\\/fr\\\/#website\",\"url\":\"https:\\\/\\\/www.webdo.tn\\\/fr\\\/\",\"name\":\"webdo\",\"description\":\"Tunisie - News en Tunisie et \u00e0 l&#039;international sur Webdo.tn\",\"publisher\":{\"@id\":\"https:\\\/\\\/www.webdo.tn\\\/fr\\\/#organization\"},\"potentialAction\":[{\"@type\":\"SearchAction\",\"target\":{\"@type\":\"EntryPoint\",\"urlTemplate\":\"https:\\\/\\\/www.webdo.tn\\\/fr\\\/?s={search_term_string}\"},\"query-input\":{\"@type\":\"PropertyValueSpecification\",\"valueRequired\":true,\"valueName\":\"search_term_string\"}}],\"inLanguage\":\"fr-FR\"},{\"@type\":\"Organization\",\"@id\":\"https:\\\/\\\/www.webdo.tn\\\/fr\\\/#organization\",\"name\":\"Webdo\",\"alternateName\":\"Webdo.tn\",\"url\":\"https:\\\/\\\/www.webdo.tn\\\/fr\\\/\",\"logo\":{\"@type\":\"ImageObject\",\"inLanguage\":\"fr-FR\",\"@id\":\"https:\\\/\\\/www.webdo.tn\\\/fr\\\/#\\\/schema\\\/logo\\\/image\\\/\",\"url\":\"https:\\\/\\\/www.webdo.tn\\\/fr\\\/wp-content\\\/uploads\\\/2025\\\/06\\\/Webdo-Tunisie_168377.jpg\",\"contentUrl\":\"https:\\\/\\\/www.webdo.tn\\\/fr\\\/wp-content\\\/uploads\\\/2025\\\/06\\\/Webdo-Tunisie_168377.jpg\",\"width\":301,\"height\":301,\"caption\":\"Webdo\"},\"image\":{\"@id\":\"https:\\\/\\\/www.webdo.tn\\\/fr\\\/#\\\/schema\\\/logo\\\/image\\\/\"},\"sameAs\":[\"https:\\\/\\\/www.facebook.com\\\/webdotn\",\"https:\\\/\\\/x.com\\\/webdo_tn\"],\"description\":\"Webdo est un m\u00e9dia num\u00e9rique tunisien fond\u00e9 en 2010, sp\u00e9cialis\u00e9 dans l\u2019actualit\u00e9 nationale et internationale, l\u2019\u00e9conomie, la soci\u00e9t\u00e9 et les analyses politiques. Le site s\u2019adresse \u00e0 un large public francophone et couvre l\u2019information tunisienne en temps r\u00e9el.\",\"email\":\"redac@webdo.tn\",\"legalName\":\"YNJ SARL\",\"foundingDate\":\"2010-09-06\",\"numberOfEmployees\":{\"@type\":\"QuantitativeValue\",\"minValue\":\"11\",\"maxValue\":\"50\"}},{\"@type\":\"Person\",\"@id\":\"https:\\\/\\\/www.webdo.tn\\\/fr\\\/#\\\/schema\\\/person\\\/5663044c25eb36d8f88ba5b653f12f8c\",\"name\":\"Ramzi Haddad\",\"image\":{\"@type\":\"ImageObject\",\"inLanguage\":\"fr-FR\",\"@id\":\"https:\\\/\\\/www.webdo.tn\\\/fr\\\/wp-content\\\/uploads\\\/2026\\\/04\\\/ramzi-haddad_avatar-96x96.jpg\",\"url\":\"https:\\\/\\\/www.webdo.tn\\\/fr\\\/wp-content\\\/uploads\\\/2026\\\/04\\\/ramzi-haddad_avatar-96x96.jpg\",\"contentUrl\":\"https:\\\/\\\/www.webdo.tn\\\/fr\\\/wp-content\\\/uploads\\\/2026\\\/04\\\/ramzi-haddad_avatar-96x96.jpg\",\"caption\":\"Ramzi Haddad\"},\"description\":\"Signature \u00e9ditoriale de Walid Ben Youssef Ramzi Haddad est le pseudonyme \u00e9ditorial de Walid Ben Youssef, fondateur et g\u00e9rant de Webdo.tn. Cette signature est d\u00e9di\u00e9e \u00e0 la couverture de l'actualit\u00e9 nationale et internationale, ainsi qu'aux analyses des dynamiques num\u00e9riques. Ce profil b\u00e9n\u00e9ficie de l'expertise de Walid Ben Youssef, pionnier du web en Tunisie depuis 2000 et dipl\u00f4m\u00e9 en Math\u00e9matiques pures de l'Universit\u00e9 d'Oregon. \u00c0 travers cette signature, la r\u00e9daction de Webdo garantit une information structur\u00e9e et v\u00e9rifi\u00e9e, fid\u00e8le aux standards journalistiques du m\u00e9dia.\",\"url\":\"https:\\\/\\\/www.webdo.tn\\\/fr\\\/actualite\\\/author\\\/ramzi-haddad\\\/\"}]}<\/script>\n<!-- \/ Yoast SEO Premium plugin. -->","yoast_head_json":{"title":"Tunisie - Pr\u00e9sidentielle : Le candidat Ayachi Zammel face \u00e0 de nouvelles accusations","description":"Pr\u00e9sidentielle tunisienne : Ayachi Zammel confront\u00e9 \u00e0 une nouvelle enqu\u00eate pour suspicion de falsification de parrainages, s'ajoutant \u00e0 plusieurs autres affaire...","canonical":"https:\/\/www.webdo.tn\/fr\/actualite\/national\/presidentielle-tunisienne-le-candidat-ayachi-zammel-face-a-de-nouvelles-accusations\/216305\/","og_locale":"fr_FR","og_type":"article","og_title":"Tunisie - Pr\u00e9sidentielle : Le candidat Ayachi Zammel face \u00e0 de nouvelles accusations","og_description":"Pr\u00e9sidentielle tunisienne : Ayachi Zammel confront\u00e9 \u00e0 une nouvelle enqu\u00eate pour suspicion de falsification de parrainages, s'ajoutant \u00e0 plusieurs autres affaire...","og_url":"https:\/\/www.webdo.tn\/fr\/actualite\/national\/presidentielle-tunisienne-le-candidat-ayachi-zammel-face-a-de-nouvelles-accusations\/216305\/","og_site_name":"webdo","article_publisher":"https:\/\/www.facebook.com\/webdotn","article_published_time":"2024-09-11T09:14:00+00:00","og_image":[{"width":664,"height":354,"url":"https:\/\/www.webdo.tn\/fr\/wp-content\/uploads\/2024\/09\/6cd68be477c2ad7835d2c6773728bde1.webp","type":"image\/webp"}],"author":"Ramzi Haddad","twitter_card":"summary_large_image","twitter_creator":"@webdo_tn","twitter_site":"@webdo_tn","twitter_misc":{"\u00c9crit par":"Ramzi Haddad","Dur\u00e9e de lecture estim\u00e9e":"1 minute"},"schema":{"@context":"https:\/\/schema.org","@graph":[{"@type":"NewsArticle","@id":"https:\/\/www.webdo.tn\/fr\/actualite\/national\/presidentielle-tunisienne-le-candidat-ayachi-zammel-face-a-de-nouvelles-accusations\/216305\/#article","isPartOf":{"@id":"https:\/\/www.webdo.tn\/fr\/actualite\/national\/presidentielle-tunisienne-le-candidat-ayachi-zammel-face-a-de-nouvelles-accusations\/216305\/"},"author":{"name":"Ramzi Haddad","@id":"https:\/\/www.webdo.tn\/fr\/#\/schema\/person\/5663044c25eb36d8f88ba5b653f12f8c"},"headline":"Tunisie &#8211; Pr\u00e9sidentielle : Le candidat Ayachi Zammel face \u00e0 de nouvelles accusations","datePublished":"2024-09-11T09:14:00+00:00","mainEntityOfPage":{"@id":"https:\/\/www.webdo.tn\/fr\/actualite\/national\/presidentielle-tunisienne-le-candidat-ayachi-zammel-face-a-de-nouvelles-accusations\/216305\/"},"wordCount":291,"commentCount":0,"publisher":{"@id":"https:\/\/www.webdo.tn\/fr\/#organization"},"image":{"@id":"https:\/\/www.webdo.tn\/fr\/actualite\/national\/presidentielle-tunisienne-le-candidat-ayachi-zammel-face-a-de-nouvelles-accusations\/216305\/#primaryimage"},"thumbnailUrl":"https:\/\/www.webdo.tn\/fr\/wp-content\/uploads\/2024\/09\/6cd68be477c2ad7835d2c6773728bde1.webp","keywords":["'accusations judiciaires']","'falsification parrainages'","'Pr\u00e9sidentielle tunisienne 2024'","ayachi zammel"],"articleSection":["National"],"inLanguage":"fr-FR"},{"@type":"WebPage","@id":"https:\/\/www.webdo.tn\/fr\/actualite\/national\/presidentielle-tunisienne-le-candidat-ayachi-zammel-face-a-de-nouvelles-accusations\/216305\/","url":"https:\/\/www.webdo.tn\/fr\/actualite\/national\/presidentielle-tunisienne-le-candidat-ayachi-zammel-face-a-de-nouvelles-accusations\/216305\/","name":"Tunisie - Pr\u00e9sidentielle : Le candidat Ayachi Zammel face \u00e0 de nouvelles accusations","isPartOf":{"@id":"https:\/\/www.webdo.tn\/fr\/#website"},"primaryImageOfPage":{"@id":"https:\/\/www.webdo.tn\/fr\/actualite\/national\/presidentielle-tunisienne-le-candidat-ayachi-zammel-face-a-de-nouvelles-accusations\/216305\/#primaryimage"},"image":{"@id":"https:\/\/www.webdo.tn\/fr\/actualite\/national\/presidentielle-tunisienne-le-candidat-ayachi-zammel-face-a-de-nouvelles-accusations\/216305\/#primaryimage"},"thumbnailUrl":"https:\/\/www.webdo.tn\/fr\/wp-content\/uploads\/2024\/09\/6cd68be477c2ad7835d2c6773728bde1.webp","datePublished":"2024-09-11T09:14:00+00:00","description":"Pr\u00e9sidentielle tunisienne : Ayachi Zammel confront\u00e9 \u00e0 une nouvelle enqu\u00eate pour suspicion de falsification de parrainages, s'ajoutant \u00e0 plusieurs autres affaire...","breadcrumb":{"@id":"https:\/\/www.webdo.tn\/fr\/actualite\/national\/presidentielle-tunisienne-le-candidat-ayachi-zammel-face-a-de-nouvelles-accusations\/216305\/#breadcrumb"},"inLanguage":"fr-FR","potentialAction":[{"@type":"ReadAction","target":["https:\/\/www.webdo.tn\/fr\/actualite\/national\/presidentielle-tunisienne-le-candidat-ayachi-zammel-face-a-de-nouvelles-accusations\/216305\/"]}]},{"@type":"ImageObject","inLanguage":"fr-FR","@id":"https:\/\/www.webdo.tn\/fr\/actualite\/national\/presidentielle-tunisienne-le-candidat-ayachi-zammel-face-a-de-nouvelles-accusations\/216305\/#primaryimage","url":"https:\/\/www.webdo.tn\/fr\/wp-content\/uploads\/2024\/09\/6cd68be477c2ad7835d2c6773728bde1.webp","contentUrl":"https:\/\/www.webdo.tn\/fr\/wp-content\/uploads\/2024\/09\/6cd68be477c2ad7835d2c6773728bde1.webp","width":664,"height":354,"caption":"Tunisie - Pr\u00e9sidentielle : Le candidat Ayachi Zammel face \u00e0 de nouvelles accusations"},{"@type":"BreadcrumbList","@id":"https:\/\/www.webdo.tn\/fr\/actualite\/national\/presidentielle-tunisienne-le-candidat-ayachi-zammel-face-a-de-nouvelles-accusations\/216305\/#breadcrumb","itemListElement":[{"@type":"ListItem","position":1,"name":"Accueil","item":"https:\/\/www.webdo.tn\/fr\/"},{"@type":"ListItem","position":2,"name":"Tunisie &#8211; Pr\u00e9sidentielle : Le candidat Ayachi Zammel face \u00e0 de nouvelles accusations"}]},{"@type":"WebSite","@id":"https:\/\/www.webdo.tn\/fr\/#website","url":"https:\/\/www.webdo.tn\/fr\/","name":"webdo","description":"Tunisie - News en Tunisie et \u00e0 l&#039;international sur Webdo.tn","publisher":{"@id":"https:\/\/www.webdo.tn\/fr\/#organization"},"potentialAction":[{"@type":"SearchAction","target":{"@type":"EntryPoint","urlTemplate":"https:\/\/www.webdo.tn\/fr\/?s={search_term_string}"},"query-input":{"@type":"PropertyValueSpecification","valueRequired":true,"valueName":"search_term_string"}}],"inLanguage":"fr-FR"},{"@type":"Organization","@id":"https:\/\/www.webdo.tn\/fr\/#organization","name":"Webdo","alternateName":"Webdo.tn","url":"https:\/\/www.webdo.tn\/fr\/","logo":{"@type":"ImageObject","inLanguage":"fr-FR","@id":"https:\/\/www.webdo.tn\/fr\/#\/schema\/logo\/image\/","url":"https:\/\/www.webdo.tn\/fr\/wp-content\/uploads\/2025\/06\/Webdo-Tunisie_168377.jpg","contentUrl":"https:\/\/www.webdo.tn\/fr\/wp-content\/uploads\/2025\/06\/Webdo-Tunisie_168377.jpg","width":301,"height":301,"caption":"Webdo"},"image":{"@id":"https:\/\/www.webdo.tn\/fr\/#\/schema\/logo\/image\/"},"sameAs":["https:\/\/www.facebook.com\/webdotn","https:\/\/x.com\/webdo_tn"],"description":"Webdo est un m\u00e9dia num\u00e9rique tunisien fond\u00e9 en 2010, sp\u00e9cialis\u00e9 dans l\u2019actualit\u00e9 nationale et internationale, l\u2019\u00e9conomie, la soci\u00e9t\u00e9 et les analyses politiques. Le site s\u2019adresse \u00e0 un large public francophone et couvre l\u2019information tunisienne en temps r\u00e9el.","email":"redac@webdo.tn","legalName":"YNJ SARL","foundingDate":"2010-09-06","numberOfEmployees":{"@type":"QuantitativeValue","minValue":"11","maxValue":"50"}},{"@type":"Person","@id":"https:\/\/www.webdo.tn\/fr\/#\/schema\/person\/5663044c25eb36d8f88ba5b653f12f8c","name":"Ramzi Haddad","image":{"@type":"ImageObject","inLanguage":"fr-FR","@id":"https:\/\/www.webdo.tn\/fr\/wp-content\/uploads\/2026\/04\/ramzi-haddad_avatar-96x96.jpg","url":"https:\/\/www.webdo.tn\/fr\/wp-content\/uploads\/2026\/04\/ramzi-haddad_avatar-96x96.jpg","contentUrl":"https:\/\/www.webdo.tn\/fr\/wp-content\/uploads\/2026\/04\/ramzi-haddad_avatar-96x96.jpg","caption":"Ramzi Haddad"},"description":"Signature \u00e9ditoriale de Walid Ben Youssef Ramzi Haddad est le pseudonyme \u00e9ditorial de Walid Ben Youssef, fondateur et g\u00e9rant de Webdo.tn. Cette signature est d\u00e9di\u00e9e \u00e0 la couverture de l'actualit\u00e9 nationale et internationale, ainsi qu'aux analyses des dynamiques num\u00e9riques. Ce profil b\u00e9n\u00e9ficie de l'expertise de Walid Ben Youssef, pionnier du web en Tunisie depuis 2000 et dipl\u00f4m\u00e9 en Math\u00e9matiques pures de l'Universit\u00e9 d'Oregon. \u00c0 travers cette signature, la r\u00e9daction de Webdo garantit une information structur\u00e9e et v\u00e9rifi\u00e9e, fid\u00e8le aux standards journalistiques du m\u00e9dia.","url":"https:\/\/www.webdo.tn\/fr\/actualite\/author\/ramzi-haddad\/"}]}},"_links":{"self":[{"href":"https:\/\/www.webdo.tn\/fr\/wp-json\/wp\/v2\/posts\/216305","targetHints":{"allow":["GET"]}}],"collection":[{"href":"https:\/\/www.webdo.tn\/fr\/wp-json\/wp\/v2\/posts"}],"about":[{"href":"https:\/\/www.webdo.tn\/fr\/wp-json\/wp\/v2\/types\/post"}],"author":[{"embeddable":true,"href":"https:\/\/www.webdo.tn\/fr\/wp-json\/wp\/v2\/users\/3203"}],"replies":[{"embeddable":true,"href":"https:\/\/www.webdo.tn\/fr\/wp-json\/wp\/v2\/comments?post=216305"}],"version-history":[{"count":0,"href":"https:\/\/www.webdo.tn\/fr\/wp-json\/wp\/v2\/posts\/216305\/revisions"}],"wp:featuredmedia":[{"embeddable":true,"href":"https:\/\/www.webdo.tn\/fr\/wp-json\/wp\/v2\/media\/291053"}],"wp:attachment":[{"href":"https:\/\/www.webdo.tn\/fr\/wp-json\/wp\/v2\/media?parent=216305"}],"wp:term":[{"taxonomy":"category","embeddable":true,"href":"https:\/\/www.webdo.tn\/fr\/wp-json\/wp\/v2\/categories?post=216305"},{"taxonomy":"post_tag","embeddable":true,"href":"https:\/\/www.webdo.tn\/fr\/wp-json\/wp\/v2\/tags?post=216305"}],"curies":[{"name":"wp","href":"https:\/\/api.w.org\/{rel}","templated":true}]}}