{"id":216302,"date":"2024-09-11T08:35:00","date_gmt":"2024-09-11T08:35:00","guid":{"rendered":"https:\/\/www.webdo.tn\/fr\/blog\/tunisie-peine-reduite-a-huit-mois-de-prison-pour-sonia-dahmani\/216302\/"},"modified":"2025-05-20T22:14:10","modified_gmt":"2025-05-20T22:14:10","slug":"tunisie-peine-reduite-a-huit-mois-de-prison-pour-sonia-dahmani","status":"publish","type":"post","link":"https:\/\/www.webdo.tn\/fr\/actualite\/national\/tunisie-peine-reduite-a-huit-mois-de-prison-pour-sonia-dahmani\/216302\/","title":{"rendered":"Tunisie : Peine r\u00e9duite \u00e0 huit mois de prison pour Sonia Dahmani"},"content":{"rendered":"<p>Condamn\u00e9e \u00e0 un an de prison en premi\u00e8re instance, l\u2019avocate Sonia Dahmani a vu sa peine r\u00e9duite \u00e0 huit mois de prison par la Cour d\u2019appel.<\/p>\n<p>\t\t\t\t\t\t\t\t\tLa Cour d&rsquo;appel de Tunis a d\u00e9cid\u00e9 de r\u00e9duire la peine de l\u2019avocate Sonia Dahmani \u00e0 huit mois de prison ferme tout en confirmant sa condamnation.<\/p>\n<p>La Cour d\u2019appel de Tunis a examin\u00e9 l\u2019appel de Sonia Dahmani hier, lors d\u2019une audience consacr\u00e9e au jugement de premi\u00e8re instance qui l\u2019avait condamn\u00e9e \u00e0 une peine d\u2019un an de prison.<\/p>\n<p>Sonia Dahmani devait compara\u00eetre le 20 ao\u00fbt 2024 devant la Cour d&rsquo;appel de Tunis, mais son audience avait \u00e9t\u00e9 finalement report\u00e9e au 10 septembre.<\/p>\n<p>Rappelons que Sonia Dahmani avait \u00e9t\u00e9 condamn\u00e9e en premi\u00e8re instance suite \u00e0 des d\u00e9clarations m\u00e9diatiques controvers\u00e9es concernant les migrants subsahariens en Tunisie en vertu du d\u00e9cret 54.<\/p>\n","protected":false},"excerpt":{"rendered":"<p>La Cour d&rsquo;appel de Tunis a d\u00e9cid\u00e9 de r\u00e9duire la peine de l\u2019avocate Sonia Dahmani \u00e0 huit mois de prison ferme tout en confirmant sa condamnation.<\/p>\n","protected":false},"author":3162,"featured_media":291050,"comment_status":"open","ping_status":"closed","sticky":false,"template":"","format":"standard","meta":{"footnotes":""},"categories":[44],"tags":[4263,2835,3284,3313,2608],"class_list":["post-216302","post","type-post","status-publish","format-standard","has-post-thumbnail","hentry","category-national","tag-appel","tag-condamnation","tag-decret-54","tag-sonia-dahmani","tag-tunisie"],"yoast_head":"<!-- This site is optimized with the Yoast SEO Premium plugin v27.4 (Yoast SEO v27.5) - https:\/\/yoast.com\/product\/yoast-seo-premium-wordpress\/ -->\n<title>Tunisie : Peine r\u00e9duite \u00e0 huit mois de prison pour Sonia Dahmani<\/title>\n<meta name=\"description\" content=\"La Cour d&#039;appel de Tunis a d\u00e9cid\u00e9 de r\u00e9duire la peine de l\u2019avocate Sonia Dahmani \u00e0 huit mois de prison ferme tout en confirmant sa condamnation.\" \/>\n<link rel=\"canonical\" href=\"https:\/\/www.webdo.tn\/fr\/actualite\/national\/tunisie-peine-reduite-a-huit-mois-de-prison-pour-sonia-dahmani\/216302\/\" \/>\n<meta property=\"og:locale\" content=\"fr_FR\" \/>\n<meta property=\"og:type\" content=\"article\" \/>\n<meta property=\"og:title\" content=\"Tunisie : Peine r\u00e9duite \u00e0 huit mois de prison pour Sonia Dahmani\" \/>\n<meta property=\"og:description\" content=\"La Cour d&#039;appel de Tunis a d\u00e9cid\u00e9 de r\u00e9duire la peine de l\u2019avocate Sonia Dahmani \u00e0 huit mois de prison ferme tout en confirmant sa condamnation.\" \/>\n<meta property=\"og:url\" content=\"https:\/\/www.webdo.tn\/fr\/actualite\/national\/tunisie-peine-reduite-a-huit-mois-de-prison-pour-sonia-dahmani\/216302\/\" \/>\n<meta property=\"og:site_name\" content=\"webdo\" \/>\n<meta property=\"article:publisher\" content=\"https:\/\/www.facebook.com\/webdotn\" \/>\n<meta property=\"article:published_time\" content=\"2024-09-11T08:35:00+00:00\" \/>\n<meta property=\"article:modified_time\" content=\"2025-05-20T22:14:10+00:00\" \/>\n<meta property=\"og:image\" content=\"https:\/\/www.webdo.tn\/fr\/wp-content\/uploads\/2024\/09\/65b118b5294b60541552208ba7ed905c.webp\" \/>\n\t<meta property=\"og:image:width\" content=\"750\" \/>\n\t<meta property=\"og:image:height\" content=\"400\" \/>\n\t<meta property=\"og:image:type\" content=\"image\/webp\" \/>\n<meta name=\"author\" content=\"MC\" \/>\n<meta name=\"twitter:card\" content=\"summary_large_image\" \/>\n<meta name=\"twitter:creator\" content=\"@webdo_tn\" \/>\n<meta name=\"twitter:site\" content=\"@webdo_tn\" \/>\n<meta name=\"twitter:label1\" content=\"\u00c9crit par\" \/>\n\t<meta name=\"twitter:data1\" content=\"MC\" \/>\n\t<meta name=\"twitter:label2\" content=\"Dur\u00e9e de lecture estim\u00e9e\" \/>\n\t<meta name=\"twitter:data2\" content=\"1 minute\" \/>\n<script type=\"application\/ld+json\" class=\"yoast-schema-graph\">{\"@context\":\"https:\\\/\\\/schema.org\",\"@graph\":[{\"@type\":\"NewsArticle\",\"@id\":\"https:\\\/\\\/www.webdo.tn\\\/fr\\\/actualite\\\/national\\\/tunisie-peine-reduite-a-huit-mois-de-prison-pour-sonia-dahmani\\\/216302\\\/#article\",\"isPartOf\":{\"@id\":\"https:\\\/\\\/www.webdo.tn\\\/fr\\\/actualite\\\/national\\\/tunisie-peine-reduite-a-huit-mois-de-prison-pour-sonia-dahmani\\\/216302\\\/\"},\"author\":{\"name\":\"MC\",\"@id\":\"https:\\\/\\\/www.webdo.tn\\\/fr\\\/#\\\/schema\\\/person\\\/2c4929cbf5a809e3bd38617c6ce150f6\"},\"headline\":\"Tunisie : Peine r\u00e9duite \u00e0 huit mois de prison pour Sonia Dahmani\",\"datePublished\":\"2024-09-11T08:35:00+00:00\",\"dateModified\":\"2025-05-20T22:14:10+00:00\",\"mainEntityOfPage\":{\"@id\":\"https:\\\/\\\/www.webdo.tn\\\/fr\\\/actualite\\\/national\\\/tunisie-peine-reduite-a-huit-mois-de-prison-pour-sonia-dahmani\\\/216302\\\/\"},\"wordCount\":163,\"commentCount\":0,\"publisher\":{\"@id\":\"https:\\\/\\\/www.webdo.tn\\\/fr\\\/#organization\"},\"image\":{\"@id\":\"https:\\\/\\\/www.webdo.tn\\\/fr\\\/actualite\\\/national\\\/tunisie-peine-reduite-a-huit-mois-de-prison-pour-sonia-dahmani\\\/216302\\\/#primaryimage\"},\"thumbnailUrl\":\"https:\\\/\\\/www.webdo.tn\\\/fr\\\/wp-content\\\/uploads\\\/2024\\\/09\\\/65b118b5294b60541552208ba7ed905c.webp\",\"keywords\":[\"appel\",\"condamnation\",\"d\u00e9cret 54\",\"sonia dahmani\",\"Tunisie\"],\"articleSection\":[\"National\"],\"inLanguage\":\"fr-FR\"},{\"@type\":\"WebPage\",\"@id\":\"https:\\\/\\\/www.webdo.tn\\\/fr\\\/actualite\\\/national\\\/tunisie-peine-reduite-a-huit-mois-de-prison-pour-sonia-dahmani\\\/216302\\\/\",\"url\":\"https:\\\/\\\/www.webdo.tn\\\/fr\\\/actualite\\\/national\\\/tunisie-peine-reduite-a-huit-mois-de-prison-pour-sonia-dahmani\\\/216302\\\/\",\"name\":\"Tunisie : Peine r\u00e9duite \u00e0 huit mois de prison pour Sonia Dahmani\",\"isPartOf\":{\"@id\":\"https:\\\/\\\/www.webdo.tn\\\/fr\\\/#website\"},\"primaryImageOfPage\":{\"@id\":\"https:\\\/\\\/www.webdo.tn\\\/fr\\\/actualite\\\/national\\\/tunisie-peine-reduite-a-huit-mois-de-prison-pour-sonia-dahmani\\\/216302\\\/#primaryimage\"},\"image\":{\"@id\":\"https:\\\/\\\/www.webdo.tn\\\/fr\\\/actualite\\\/national\\\/tunisie-peine-reduite-a-huit-mois-de-prison-pour-sonia-dahmani\\\/216302\\\/#primaryimage\"},\"thumbnailUrl\":\"https:\\\/\\\/www.webdo.tn\\\/fr\\\/wp-content\\\/uploads\\\/2024\\\/09\\\/65b118b5294b60541552208ba7ed905c.webp\",\"datePublished\":\"2024-09-11T08:35:00+00:00\",\"dateModified\":\"2025-05-20T22:14:10+00:00\",\"description\":\"La Cour d'appel de Tunis a d\u00e9cid\u00e9 de r\u00e9duire la peine de l\u2019avocate Sonia Dahmani \u00e0 huit mois de prison ferme tout en confirmant sa condamnation.\",\"breadcrumb\":{\"@id\":\"https:\\\/\\\/www.webdo.tn\\\/fr\\\/actualite\\\/national\\\/tunisie-peine-reduite-a-huit-mois-de-prison-pour-sonia-dahmani\\\/216302\\\/#breadcrumb\"},\"inLanguage\":\"fr-FR\",\"potentialAction\":[{\"@type\":\"ReadAction\",\"target\":[\"https:\\\/\\\/www.webdo.tn\\\/fr\\\/actualite\\\/national\\\/tunisie-peine-reduite-a-huit-mois-de-prison-pour-sonia-dahmani\\\/216302\\\/\"]}]},{\"@type\":\"ImageObject\",\"inLanguage\":\"fr-FR\",\"@id\":\"https:\\\/\\\/www.webdo.tn\\\/fr\\\/actualite\\\/national\\\/tunisie-peine-reduite-a-huit-mois-de-prison-pour-sonia-dahmani\\\/216302\\\/#primaryimage\",\"url\":\"https:\\\/\\\/www.webdo.tn\\\/fr\\\/wp-content\\\/uploads\\\/2024\\\/09\\\/65b118b5294b60541552208ba7ed905c.webp\",\"contentUrl\":\"https:\\\/\\\/www.webdo.tn\\\/fr\\\/wp-content\\\/uploads\\\/2024\\\/09\\\/65b118b5294b60541552208ba7ed905c.webp\",\"width\":750,\"height\":400,\"caption\":\"Tunisie : Peine r\u00e9duite \u00e0 huit mois de prison pour Sonia Dahmani\"},{\"@type\":\"BreadcrumbList\",\"@id\":\"https:\\\/\\\/www.webdo.tn\\\/fr\\\/actualite\\\/national\\\/tunisie-peine-reduite-a-huit-mois-de-prison-pour-sonia-dahmani\\\/216302\\\/#breadcrumb\",\"itemListElement\":[{\"@type\":\"ListItem\",\"position\":1,\"name\":\"Accueil\",\"item\":\"https:\\\/\\\/www.webdo.tn\\\/fr\\\/\"},{\"@type\":\"ListItem\",\"position\":2,\"name\":\"Tunisie : Peine r\u00e9duite \u00e0 huit mois de prison pour Sonia Dahmani\"}]},{\"@type\":\"WebSite\",\"@id\":\"https:\\\/\\\/www.webdo.tn\\\/fr\\\/#website\",\"url\":\"https:\\\/\\\/www.webdo.tn\\\/fr\\\/\",\"name\":\"webdo\",\"description\":\"Tunisie - News en Tunisie et \u00e0 l&#039;international sur Webdo.tn\",\"publisher\":{\"@id\":\"https:\\\/\\\/www.webdo.tn\\\/fr\\\/#organization\"},\"potentialAction\":[{\"@type\":\"SearchAction\",\"target\":{\"@type\":\"EntryPoint\",\"urlTemplate\":\"https:\\\/\\\/www.webdo.tn\\\/fr\\\/?s={search_term_string}\"},\"query-input\":{\"@type\":\"PropertyValueSpecification\",\"valueRequired\":true,\"valueName\":\"search_term_string\"}}],\"inLanguage\":\"fr-FR\"},{\"@type\":\"Organization\",\"@id\":\"https:\\\/\\\/www.webdo.tn\\\/fr\\\/#organization\",\"name\":\"Webdo\",\"alternateName\":\"Webdo.tn\",\"url\":\"https:\\\/\\\/www.webdo.tn\\\/fr\\\/\",\"logo\":{\"@type\":\"ImageObject\",\"inLanguage\":\"fr-FR\",\"@id\":\"https:\\\/\\\/www.webdo.tn\\\/fr\\\/#\\\/schema\\\/logo\\\/image\\\/\",\"url\":\"https:\\\/\\\/www.webdo.tn\\\/fr\\\/wp-content\\\/uploads\\\/2025\\\/06\\\/Webdo-Tunisie_168377.jpg\",\"contentUrl\":\"https:\\\/\\\/www.webdo.tn\\\/fr\\\/wp-content\\\/uploads\\\/2025\\\/06\\\/Webdo-Tunisie_168377.jpg\",\"width\":301,\"height\":301,\"caption\":\"Webdo\"},\"image\":{\"@id\":\"https:\\\/\\\/www.webdo.tn\\\/fr\\\/#\\\/schema\\\/logo\\\/image\\\/\"},\"sameAs\":[\"https:\\\/\\\/www.facebook.com\\\/webdotn\",\"https:\\\/\\\/x.com\\\/webdo_tn\"],\"description\":\"Webdo est un m\u00e9dia num\u00e9rique tunisien fond\u00e9 en 2010, sp\u00e9cialis\u00e9 dans l\u2019actualit\u00e9 nationale et internationale, l\u2019\u00e9conomie, la soci\u00e9t\u00e9 et les analyses politiques. Le site s\u2019adresse \u00e0 un large public francophone et couvre l\u2019information tunisienne en temps r\u00e9el.\",\"email\":\"redac@webdo.tn\",\"legalName\":\"YNJ SARL\",\"foundingDate\":\"2010-09-06\",\"numberOfEmployees\":{\"@type\":\"QuantitativeValue\",\"minValue\":\"11\",\"maxValue\":\"50\"}},{\"@type\":\"Person\",\"@id\":\"https:\\\/\\\/www.webdo.tn\\\/fr\\\/#\\\/schema\\\/person\\\/2c4929cbf5a809e3bd38617c6ce150f6\",\"name\":\"MC\",\"image\":{\"@type\":\"ImageObject\",\"inLanguage\":\"fr-FR\",\"@id\":\"https:\\\/\\\/secure.gravatar.com\\\/avatar\\\/a545bbb6f84efdd5553dbbc2895e3ca8f1d12c5215e00a041c9670b54aa9b18a?s=96&d=mm&r=g\",\"url\":\"https:\\\/\\\/secure.gravatar.com\\\/avatar\\\/a545bbb6f84efdd5553dbbc2895e3ca8f1d12c5215e00a041c9670b54aa9b18a?s=96&d=mm&r=g\",\"contentUrl\":\"https:\\\/\\\/secure.gravatar.com\\\/avatar\\\/a545bbb6f84efdd5553dbbc2895e3ca8f1d12c5215e00a041c9670b54aa9b18a?s=96&d=mm&r=g\",\"caption\":\"MC\"},\"url\":\"https:\\\/\\\/www.webdo.tn\\\/fr\\\/actualite\\\/author\\\/mc\\\/\"}]}<\/script>\n<!-- \/ Yoast SEO Premium plugin. -->","yoast_head_json":{"title":"Tunisie : Peine r\u00e9duite \u00e0 huit mois de prison pour Sonia Dahmani","description":"La Cour d'appel de Tunis a d\u00e9cid\u00e9 de r\u00e9duire la peine de l\u2019avocate Sonia Dahmani \u00e0 huit mois de prison ferme tout en confirmant sa condamnation.","canonical":"https:\/\/www.webdo.tn\/fr\/actualite\/national\/tunisie-peine-reduite-a-huit-mois-de-prison-pour-sonia-dahmani\/216302\/","og_locale":"fr_FR","og_type":"article","og_title":"Tunisie : Peine r\u00e9duite \u00e0 huit mois de prison pour Sonia Dahmani","og_description":"La Cour d'appel de Tunis a d\u00e9cid\u00e9 de r\u00e9duire la peine de l\u2019avocate Sonia Dahmani \u00e0 huit mois de prison ferme tout en confirmant sa condamnation.","og_url":"https:\/\/www.webdo.tn\/fr\/actualite\/national\/tunisie-peine-reduite-a-huit-mois-de-prison-pour-sonia-dahmani\/216302\/","og_site_name":"webdo","article_publisher":"https:\/\/www.facebook.com\/webdotn","article_published_time":"2024-09-11T08:35:00+00:00","article_modified_time":"2025-05-20T22:14:10+00:00","og_image":[{"width":750,"height":400,"url":"https:\/\/www.webdo.tn\/fr\/wp-content\/uploads\/2024\/09\/65b118b5294b60541552208ba7ed905c.webp","type":"image\/webp"}],"author":"MC","twitter_card":"summary_large_image","twitter_creator":"@webdo_tn","twitter_site":"@webdo_tn","twitter_misc":{"\u00c9crit par":"MC","Dur\u00e9e de lecture estim\u00e9e":"1 minute"},"schema":{"@context":"https:\/\/schema.org","@graph":[{"@type":"NewsArticle","@id":"https:\/\/www.webdo.tn\/fr\/actualite\/national\/tunisie-peine-reduite-a-huit-mois-de-prison-pour-sonia-dahmani\/216302\/#article","isPartOf":{"@id":"https:\/\/www.webdo.tn\/fr\/actualite\/national\/tunisie-peine-reduite-a-huit-mois-de-prison-pour-sonia-dahmani\/216302\/"},"author":{"name":"MC","@id":"https:\/\/www.webdo.tn\/fr\/#\/schema\/person\/2c4929cbf5a809e3bd38617c6ce150f6"},"headline":"Tunisie : Peine r\u00e9duite \u00e0 huit mois de prison pour Sonia Dahmani","datePublished":"2024-09-11T08:35:00+00:00","dateModified":"2025-05-20T22:14:10+00:00","mainEntityOfPage":{"@id":"https:\/\/www.webdo.tn\/fr\/actualite\/national\/tunisie-peine-reduite-a-huit-mois-de-prison-pour-sonia-dahmani\/216302\/"},"wordCount":163,"commentCount":0,"publisher":{"@id":"https:\/\/www.webdo.tn\/fr\/#organization"},"image":{"@id":"https:\/\/www.webdo.tn\/fr\/actualite\/national\/tunisie-peine-reduite-a-huit-mois-de-prison-pour-sonia-dahmani\/216302\/#primaryimage"},"thumbnailUrl":"https:\/\/www.webdo.tn\/fr\/wp-content\/uploads\/2024\/09\/65b118b5294b60541552208ba7ed905c.webp","keywords":["appel","condamnation","d\u00e9cret 54","sonia dahmani","Tunisie"],"articleSection":["National"],"inLanguage":"fr-FR"},{"@type":"WebPage","@id":"https:\/\/www.webdo.tn\/fr\/actualite\/national\/tunisie-peine-reduite-a-huit-mois-de-prison-pour-sonia-dahmani\/216302\/","url":"https:\/\/www.webdo.tn\/fr\/actualite\/national\/tunisie-peine-reduite-a-huit-mois-de-prison-pour-sonia-dahmani\/216302\/","name":"Tunisie : Peine r\u00e9duite \u00e0 huit mois de prison pour Sonia Dahmani","isPartOf":{"@id":"https:\/\/www.webdo.tn\/fr\/#website"},"primaryImageOfPage":{"@id":"https:\/\/www.webdo.tn\/fr\/actualite\/national\/tunisie-peine-reduite-a-huit-mois-de-prison-pour-sonia-dahmani\/216302\/#primaryimage"},"image":{"@id":"https:\/\/www.webdo.tn\/fr\/actualite\/national\/tunisie-peine-reduite-a-huit-mois-de-prison-pour-sonia-dahmani\/216302\/#primaryimage"},"thumbnailUrl":"https:\/\/www.webdo.tn\/fr\/wp-content\/uploads\/2024\/09\/65b118b5294b60541552208ba7ed905c.webp","datePublished":"2024-09-11T08:35:00+00:00","dateModified":"2025-05-20T22:14:10+00:00","description":"La Cour d'appel de Tunis a d\u00e9cid\u00e9 de r\u00e9duire la peine de l\u2019avocate Sonia Dahmani \u00e0 huit mois de prison ferme tout en confirmant sa condamnation.","breadcrumb":{"@id":"https:\/\/www.webdo.tn\/fr\/actualite\/national\/tunisie-peine-reduite-a-huit-mois-de-prison-pour-sonia-dahmani\/216302\/#breadcrumb"},"inLanguage":"fr-FR","potentialAction":[{"@type":"ReadAction","target":["https:\/\/www.webdo.tn\/fr\/actualite\/national\/tunisie-peine-reduite-a-huit-mois-de-prison-pour-sonia-dahmani\/216302\/"]}]},{"@type":"ImageObject","inLanguage":"fr-FR","@id":"https:\/\/www.webdo.tn\/fr\/actualite\/national\/tunisie-peine-reduite-a-huit-mois-de-prison-pour-sonia-dahmani\/216302\/#primaryimage","url":"https:\/\/www.webdo.tn\/fr\/wp-content\/uploads\/2024\/09\/65b118b5294b60541552208ba7ed905c.webp","contentUrl":"https:\/\/www.webdo.tn\/fr\/wp-content\/uploads\/2024\/09\/65b118b5294b60541552208ba7ed905c.webp","width":750,"height":400,"caption":"Tunisie : Peine r\u00e9duite \u00e0 huit mois de prison pour Sonia Dahmani"},{"@type":"BreadcrumbList","@id":"https:\/\/www.webdo.tn\/fr\/actualite\/national\/tunisie-peine-reduite-a-huit-mois-de-prison-pour-sonia-dahmani\/216302\/#breadcrumb","itemListElement":[{"@type":"ListItem","position":1,"name":"Accueil","item":"https:\/\/www.webdo.tn\/fr\/"},{"@type":"ListItem","position":2,"name":"Tunisie : Peine r\u00e9duite \u00e0 huit mois de prison pour Sonia Dahmani"}]},{"@type":"WebSite","@id":"https:\/\/www.webdo.tn\/fr\/#website","url":"https:\/\/www.webdo.tn\/fr\/","name":"webdo","description":"Tunisie - News en Tunisie et \u00e0 l&#039;international sur Webdo.tn","publisher":{"@id":"https:\/\/www.webdo.tn\/fr\/#organization"},"potentialAction":[{"@type":"SearchAction","target":{"@type":"EntryPoint","urlTemplate":"https:\/\/www.webdo.tn\/fr\/?s={search_term_string}"},"query-input":{"@type":"PropertyValueSpecification","valueRequired":true,"valueName":"search_term_string"}}],"inLanguage":"fr-FR"},{"@type":"Organization","@id":"https:\/\/www.webdo.tn\/fr\/#organization","name":"Webdo","alternateName":"Webdo.tn","url":"https:\/\/www.webdo.tn\/fr\/","logo":{"@type":"ImageObject","inLanguage":"fr-FR","@id":"https:\/\/www.webdo.tn\/fr\/#\/schema\/logo\/image\/","url":"https:\/\/www.webdo.tn\/fr\/wp-content\/uploads\/2025\/06\/Webdo-Tunisie_168377.jpg","contentUrl":"https:\/\/www.webdo.tn\/fr\/wp-content\/uploads\/2025\/06\/Webdo-Tunisie_168377.jpg","width":301,"height":301,"caption":"Webdo"},"image":{"@id":"https:\/\/www.webdo.tn\/fr\/#\/schema\/logo\/image\/"},"sameAs":["https:\/\/www.facebook.com\/webdotn","https:\/\/x.com\/webdo_tn"],"description":"Webdo est un m\u00e9dia num\u00e9rique tunisien fond\u00e9 en 2010, sp\u00e9cialis\u00e9 dans l\u2019actualit\u00e9 nationale et internationale, l\u2019\u00e9conomie, la soci\u00e9t\u00e9 et les analyses politiques. Le site s\u2019adresse \u00e0 un large public francophone et couvre l\u2019information tunisienne en temps r\u00e9el.","email":"redac@webdo.tn","legalName":"YNJ SARL","foundingDate":"2010-09-06","numberOfEmployees":{"@type":"QuantitativeValue","minValue":"11","maxValue":"50"}},{"@type":"Person","@id":"https:\/\/www.webdo.tn\/fr\/#\/schema\/person\/2c4929cbf5a809e3bd38617c6ce150f6","name":"MC","image":{"@type":"ImageObject","inLanguage":"fr-FR","@id":"https:\/\/secure.gravatar.com\/avatar\/a545bbb6f84efdd5553dbbc2895e3ca8f1d12c5215e00a041c9670b54aa9b18a?s=96&d=mm&r=g","url":"https:\/\/secure.gravatar.com\/avatar\/a545bbb6f84efdd5553dbbc2895e3ca8f1d12c5215e00a041c9670b54aa9b18a?s=96&d=mm&r=g","contentUrl":"https:\/\/secure.gravatar.com\/avatar\/a545bbb6f84efdd5553dbbc2895e3ca8f1d12c5215e00a041c9670b54aa9b18a?s=96&d=mm&r=g","caption":"MC"},"url":"https:\/\/www.webdo.tn\/fr\/actualite\/author\/mc\/"}]}},"_links":{"self":[{"href":"https:\/\/www.webdo.tn\/fr\/wp-json\/wp\/v2\/posts\/216302","targetHints":{"allow":["GET"]}}],"collection":[{"href":"https:\/\/www.webdo.tn\/fr\/wp-json\/wp\/v2\/posts"}],"about":[{"href":"https:\/\/www.webdo.tn\/fr\/wp-json\/wp\/v2\/types\/post"}],"author":[{"embeddable":true,"href":"https:\/\/www.webdo.tn\/fr\/wp-json\/wp\/v2\/users\/3162"}],"replies":[{"embeddable":true,"href":"https:\/\/www.webdo.tn\/fr\/wp-json\/wp\/v2\/comments?post=216302"}],"version-history":[{"count":0,"href":"https:\/\/www.webdo.tn\/fr\/wp-json\/wp\/v2\/posts\/216302\/revisions"}],"wp:featuredmedia":[{"embeddable":true,"href":"https:\/\/www.webdo.tn\/fr\/wp-json\/wp\/v2\/media\/291050"}],"wp:attachment":[{"href":"https:\/\/www.webdo.tn\/fr\/wp-json\/wp\/v2\/media?parent=216302"}],"wp:term":[{"taxonomy":"category","embeddable":true,"href":"https:\/\/www.webdo.tn\/fr\/wp-json\/wp\/v2\/categories?post=216302"},{"taxonomy":"post_tag","embeddable":true,"href":"https:\/\/www.webdo.tn\/fr\/wp-json\/wp\/v2\/tags?post=216302"}],"curies":[{"name":"wp","href":"https:\/\/api.w.org\/{rel}","templated":true}]}}