{"id":216297,"date":"2024-09-10T18:47:00","date_gmt":"2024-09-10T18:47:00","guid":{"rendered":"https:\/\/www.webdo.tn\/fr\/blog\/snjt-cri-d-alarme-pour-boughalleb-en-detention\/216297\/"},"modified":"2024-09-10T18:47:00","modified_gmt":"2024-09-10T18:47:00","slug":"snjt-cri-d-alarme-pour-boughalleb-en-detention","status":"publish","type":"post","link":"https:\/\/www.webdo.tn\/fr\/actualite\/national\/snjt-cri-d-alarme-pour-boughalleb-en-detention\/216297\/","title":{"rendered":"SNJT : Cri d&rsquo;alarme pour Boughalleb en d\u00e9tention"},"content":{"rendered":"<p>Le Syndicat national des journalistes tunisiens (SNJT) a publi\u00e9 un communiqu\u00e9 alarmant sur l&rsquo;\u00e9tat de sant\u00e9 critique de Mohamed Boughalleb, journaliste incarc\u00e9r\u00e9 depuis mars 2024. Le document d\u00e9nonce les conditions de d\u00e9tention d\u00e9plorables et le manque de soins m\u00e9dicaux ad\u00e9quats pour Boughalleb, qui souffre de diab\u00e8te et d&rsquo;hypertension.<\/p>\n<p>\t\t\t\t\t\t\t\t\tLe SNJT pointe du doigt le minist\u00e8re de la Justice, le tenant pour responsable de la d\u00e9t\u00e9rioration de la sant\u00e9 du journaliste. Le syndicat exige une intervention imm\u00e9diate pour transf\u00e9rer Boughalleb \u00e0 l&rsquo;h\u00f4pital et garantir ses droits fondamentaux, notamment l&rsquo;acc\u00e8s aux m\u00e9dicaments et la communication avec sa famille.<\/p>\n<p>Le communiqu\u00e9 souligne que cette situation n&rsquo;est pas isol\u00e9e, r\u00e9v\u00e9lant des conditions difficiles pour tous les journalistes d\u00e9tenus en Tunisie. Le SNJT appelle \u00e0 une action urgente pour respecter les droits \u00e0 la sant\u00e9 et \u00e0 la dignit\u00e9 de tous les journalistes emprisonn\u00e9s, mettant en garde contre les cons\u00e9quences potentiellement graves de cette n\u00e9gligence.<\/p>\n<p>Condamn\u00e9 \u00e0 huit mois de prison en appel sur la base du d\u00e9cret 54, Boughalleb avait \u00e9t\u00e9 arr\u00eat\u00e9 suite \u00e0 une plainte d&rsquo;une fonctionnaire du minist\u00e8re des Affaires religieuses, concernant ses commentaires m\u00e9diatiques. Le syndicat exige son transfert imm\u00e9diat \u00e0 l&rsquo;h\u00f4pital et le respect de ses droits fondamentaux, y compris celui de communiquer avec sa famille.<\/p>\n","protected":false},"excerpt":{"rendered":"<p>Le SNJT lance un cri d&rsquo;alarme pour Mohamed Boughalleb, journaliste incarc\u00e9r\u00e9 en Tunisie depuis mars 2024. Le syndicat d\u00e9nonce les conditions de d\u00e9tention inhuma&#8230;<\/p>\n","protected":false},"author":4779,"featured_media":291049,"comment_status":"open","ping_status":"closed","sticky":false,"template":"","format":"standard","meta":{"footnotes":""},"categories":[44],"tags":[10408,3284,3939,2759,2608],"class_list":["post-216297","post","type-post","status-publish","format-standard","has-post-thumbnail","hentry","category-national","tag-journalistes-detenus","tag-decret-54","tag-mohamed-boughalleb","tag-snjt","tag-tunisie"],"yoast_head":"<!-- This site is optimized with the Yoast SEO Premium plugin v27.4 (Yoast SEO v27.5) - https:\/\/yoast.com\/product\/yoast-seo-premium-wordpress\/ -->\n<title>SNJT : Cri d&#039;alarme pour Boughalleb en d\u00e9tention<\/title>\n<meta name=\"description\" content=\"Le SNJT lance un cri d&#039;alarme pour Mohamed Boughalleb, journaliste incarc\u00e9r\u00e9 en Tunisie depuis mars 2024. Le syndicat d\u00e9nonce les conditions de d\u00e9tention inhuma...\" \/>\n<link rel=\"canonical\" href=\"https:\/\/www.webdo.tn\/fr\/actualite\/national\/snjt-cri-d-alarme-pour-boughalleb-en-detention\/216297\/\" \/>\n<meta property=\"og:locale\" content=\"fr_FR\" \/>\n<meta property=\"og:type\" content=\"article\" \/>\n<meta property=\"og:title\" content=\"SNJT : Cri d&#039;alarme pour Boughalleb en d\u00e9tention\" \/>\n<meta property=\"og:description\" content=\"Le SNJT lance un cri d&#039;alarme pour Mohamed Boughalleb, journaliste incarc\u00e9r\u00e9 en Tunisie depuis mars 2024. Le syndicat d\u00e9nonce les conditions de d\u00e9tention inhuma...\" \/>\n<meta property=\"og:url\" content=\"https:\/\/www.webdo.tn\/fr\/actualite\/national\/snjt-cri-d-alarme-pour-boughalleb-en-detention\/216297\/\" \/>\n<meta property=\"og:site_name\" content=\"webdo\" \/>\n<meta property=\"article:publisher\" content=\"https:\/\/www.facebook.com\/webdotn\" \/>\n<meta property=\"article:published_time\" content=\"2024-09-10T18:47:00+00:00\" \/>\n<meta property=\"og:image\" content=\"https:\/\/www.webdo.tn\/fr\/wp-content\/uploads\/2024\/09\/acc1790a98971ae4f91e464fa723ed84.webp\" \/>\n\t<meta property=\"og:image:width\" content=\"750\" \/>\n\t<meta property=\"og:image:height\" content=\"400\" \/>\n\t<meta property=\"og:image:type\" content=\"image\/webp\" \/>\n<meta name=\"author\" content=\"Firas Ben Abdeltif\" \/>\n<meta name=\"twitter:card\" content=\"summary_large_image\" \/>\n<meta name=\"twitter:creator\" content=\"@webdo_tn\" \/>\n<meta name=\"twitter:site\" content=\"@webdo_tn\" \/>\n<meta name=\"twitter:label1\" content=\"\u00c9crit par\" \/>\n\t<meta name=\"twitter:data1\" content=\"Firas Ben Abdeltif\" \/>\n\t<meta name=\"twitter:label2\" content=\"Dur\u00e9e de lecture estim\u00e9e\" \/>\n\t<meta name=\"twitter:data2\" content=\"1 minute\" \/>\n<script type=\"application\/ld+json\" class=\"yoast-schema-graph\">{\"@context\":\"https:\\\/\\\/schema.org\",\"@graph\":[{\"@type\":\"NewsArticle\",\"@id\":\"https:\\\/\\\/www.webdo.tn\\\/fr\\\/actualite\\\/national\\\/snjt-cri-d-alarme-pour-boughalleb-en-detention\\\/216297\\\/#article\",\"isPartOf\":{\"@id\":\"https:\\\/\\\/www.webdo.tn\\\/fr\\\/actualite\\\/national\\\/snjt-cri-d-alarme-pour-boughalleb-en-detention\\\/216297\\\/\"},\"author\":{\"name\":\"Firas Ben Abdeltif\",\"@id\":\"https:\\\/\\\/www.webdo.tn\\\/fr\\\/#\\\/schema\\\/person\\\/19664196c9bfdcda126f3c27709f7d11\"},\"headline\":\"SNJT : Cri d&rsquo;alarme pour Boughalleb en d\u00e9tention\",\"datePublished\":\"2024-09-10T18:47:00+00:00\",\"mainEntityOfPage\":{\"@id\":\"https:\\\/\\\/www.webdo.tn\\\/fr\\\/actualite\\\/national\\\/snjt-cri-d-alarme-pour-boughalleb-en-detention\\\/216297\\\/\"},\"wordCount\":241,\"commentCount\":0,\"publisher\":{\"@id\":\"https:\\\/\\\/www.webdo.tn\\\/fr\\\/#organization\"},\"image\":{\"@id\":\"https:\\\/\\\/www.webdo.tn\\\/fr\\\/actualite\\\/national\\\/snjt-cri-d-alarme-pour-boughalleb-en-detention\\\/216297\\\/#primaryimage\"},\"thumbnailUrl\":\"https:\\\/\\\/www.webdo.tn\\\/fr\\\/wp-content\\\/uploads\\\/2024\\\/09\\\/acc1790a98971ae4f91e464fa723ed84.webp\",\"keywords\":[\"'journalistes d\u00e9tenus']\",\"d\u00e9cret 54\",\"mohamed boughalleb\",\"snjt\",\"Tunisie\"],\"articleSection\":[\"National\"],\"inLanguage\":\"fr-FR\"},{\"@type\":\"WebPage\",\"@id\":\"https:\\\/\\\/www.webdo.tn\\\/fr\\\/actualite\\\/national\\\/snjt-cri-d-alarme-pour-boughalleb-en-detention\\\/216297\\\/\",\"url\":\"https:\\\/\\\/www.webdo.tn\\\/fr\\\/actualite\\\/national\\\/snjt-cri-d-alarme-pour-boughalleb-en-detention\\\/216297\\\/\",\"name\":\"SNJT : Cri d'alarme pour Boughalleb en d\u00e9tention\",\"isPartOf\":{\"@id\":\"https:\\\/\\\/www.webdo.tn\\\/fr\\\/#website\"},\"primaryImageOfPage\":{\"@id\":\"https:\\\/\\\/www.webdo.tn\\\/fr\\\/actualite\\\/national\\\/snjt-cri-d-alarme-pour-boughalleb-en-detention\\\/216297\\\/#primaryimage\"},\"image\":{\"@id\":\"https:\\\/\\\/www.webdo.tn\\\/fr\\\/actualite\\\/national\\\/snjt-cri-d-alarme-pour-boughalleb-en-detention\\\/216297\\\/#primaryimage\"},\"thumbnailUrl\":\"https:\\\/\\\/www.webdo.tn\\\/fr\\\/wp-content\\\/uploads\\\/2024\\\/09\\\/acc1790a98971ae4f91e464fa723ed84.webp\",\"datePublished\":\"2024-09-10T18:47:00+00:00\",\"description\":\"Le SNJT lance un cri d'alarme pour Mohamed Boughalleb, journaliste incarc\u00e9r\u00e9 en Tunisie depuis mars 2024. Le syndicat d\u00e9nonce les conditions de d\u00e9tention inhuma...\",\"breadcrumb\":{\"@id\":\"https:\\\/\\\/www.webdo.tn\\\/fr\\\/actualite\\\/national\\\/snjt-cri-d-alarme-pour-boughalleb-en-detention\\\/216297\\\/#breadcrumb\"},\"inLanguage\":\"fr-FR\",\"potentialAction\":[{\"@type\":\"ReadAction\",\"target\":[\"https:\\\/\\\/www.webdo.tn\\\/fr\\\/actualite\\\/national\\\/snjt-cri-d-alarme-pour-boughalleb-en-detention\\\/216297\\\/\"]}]},{\"@type\":\"ImageObject\",\"inLanguage\":\"fr-FR\",\"@id\":\"https:\\\/\\\/www.webdo.tn\\\/fr\\\/actualite\\\/national\\\/snjt-cri-d-alarme-pour-boughalleb-en-detention\\\/216297\\\/#primaryimage\",\"url\":\"https:\\\/\\\/www.webdo.tn\\\/fr\\\/wp-content\\\/uploads\\\/2024\\\/09\\\/acc1790a98971ae4f91e464fa723ed84.webp\",\"contentUrl\":\"https:\\\/\\\/www.webdo.tn\\\/fr\\\/wp-content\\\/uploads\\\/2024\\\/09\\\/acc1790a98971ae4f91e464fa723ed84.webp\",\"width\":750,\"height\":400,\"caption\":\"SNJT : Cri d'alarme pour Boughalleb en d\u00e9tention\"},{\"@type\":\"BreadcrumbList\",\"@id\":\"https:\\\/\\\/www.webdo.tn\\\/fr\\\/actualite\\\/national\\\/snjt-cri-d-alarme-pour-boughalleb-en-detention\\\/216297\\\/#breadcrumb\",\"itemListElement\":[{\"@type\":\"ListItem\",\"position\":1,\"name\":\"Accueil\",\"item\":\"https:\\\/\\\/www.webdo.tn\\\/fr\\\/\"},{\"@type\":\"ListItem\",\"position\":2,\"name\":\"SNJT : Cri d&rsquo;alarme pour Boughalleb en d\u00e9tention\"}]},{\"@type\":\"WebSite\",\"@id\":\"https:\\\/\\\/www.webdo.tn\\\/fr\\\/#website\",\"url\":\"https:\\\/\\\/www.webdo.tn\\\/fr\\\/\",\"name\":\"webdo\",\"description\":\"Tunisie - News en Tunisie et \u00e0 l&#039;international sur Webdo.tn\",\"publisher\":{\"@id\":\"https:\\\/\\\/www.webdo.tn\\\/fr\\\/#organization\"},\"potentialAction\":[{\"@type\":\"SearchAction\",\"target\":{\"@type\":\"EntryPoint\",\"urlTemplate\":\"https:\\\/\\\/www.webdo.tn\\\/fr\\\/?s={search_term_string}\"},\"query-input\":{\"@type\":\"PropertyValueSpecification\",\"valueRequired\":true,\"valueName\":\"search_term_string\"}}],\"inLanguage\":\"fr-FR\"},{\"@type\":\"Organization\",\"@id\":\"https:\\\/\\\/www.webdo.tn\\\/fr\\\/#organization\",\"name\":\"Webdo\",\"alternateName\":\"Webdo.tn\",\"url\":\"https:\\\/\\\/www.webdo.tn\\\/fr\\\/\",\"logo\":{\"@type\":\"ImageObject\",\"inLanguage\":\"fr-FR\",\"@id\":\"https:\\\/\\\/www.webdo.tn\\\/fr\\\/#\\\/schema\\\/logo\\\/image\\\/\",\"url\":\"https:\\\/\\\/www.webdo.tn\\\/fr\\\/wp-content\\\/uploads\\\/2025\\\/06\\\/Webdo-Tunisie_168377.jpg\",\"contentUrl\":\"https:\\\/\\\/www.webdo.tn\\\/fr\\\/wp-content\\\/uploads\\\/2025\\\/06\\\/Webdo-Tunisie_168377.jpg\",\"width\":301,\"height\":301,\"caption\":\"Webdo\"},\"image\":{\"@id\":\"https:\\\/\\\/www.webdo.tn\\\/fr\\\/#\\\/schema\\\/logo\\\/image\\\/\"},\"sameAs\":[\"https:\\\/\\\/www.facebook.com\\\/webdotn\",\"https:\\\/\\\/x.com\\\/webdo_tn\"],\"description\":\"Webdo est un m\u00e9dia num\u00e9rique tunisien fond\u00e9 en 2010, sp\u00e9cialis\u00e9 dans l\u2019actualit\u00e9 nationale et internationale, l\u2019\u00e9conomie, la soci\u00e9t\u00e9 et les analyses politiques. Le site s\u2019adresse \u00e0 un large public francophone et couvre l\u2019information tunisienne en temps r\u00e9el.\",\"email\":\"redac@webdo.tn\",\"legalName\":\"YNJ SARL\",\"foundingDate\":\"2010-09-06\",\"numberOfEmployees\":{\"@type\":\"QuantitativeValue\",\"minValue\":\"11\",\"maxValue\":\"50\"}},{\"@type\":\"Person\",\"@id\":\"https:\\\/\\\/www.webdo.tn\\\/fr\\\/#\\\/schema\\\/person\\\/19664196c9bfdcda126f3c27709f7d11\",\"name\":\"Firas Ben Abdeltif\",\"image\":{\"@type\":\"ImageObject\",\"inLanguage\":\"fr-FR\",\"@id\":\"https:\\\/\\\/secure.gravatar.com\\\/avatar\\\/161a347d40df098a084778c52ed133dbd85f14df003867067c5948081241ec55?s=96&d=mm&r=g\",\"url\":\"https:\\\/\\\/secure.gravatar.com\\\/avatar\\\/161a347d40df098a084778c52ed133dbd85f14df003867067c5948081241ec55?s=96&d=mm&r=g\",\"contentUrl\":\"https:\\\/\\\/secure.gravatar.com\\\/avatar\\\/161a347d40df098a084778c52ed133dbd85f14df003867067c5948081241ec55?s=96&d=mm&r=g\",\"caption\":\"Firas Ben Abdeltif\"},\"url\":\"https:\\\/\\\/www.webdo.tn\\\/fr\\\/actualite\\\/author\\\/firas-ben-abdeltif\\\/\"}]}<\/script>\n<!-- \/ Yoast SEO Premium plugin. -->","yoast_head_json":{"title":"SNJT : Cri d'alarme pour Boughalleb en d\u00e9tention","description":"Le SNJT lance un cri d'alarme pour Mohamed Boughalleb, journaliste incarc\u00e9r\u00e9 en Tunisie depuis mars 2024. Le syndicat d\u00e9nonce les conditions de d\u00e9tention inhuma...","canonical":"https:\/\/www.webdo.tn\/fr\/actualite\/national\/snjt-cri-d-alarme-pour-boughalleb-en-detention\/216297\/","og_locale":"fr_FR","og_type":"article","og_title":"SNJT : Cri d'alarme pour Boughalleb en d\u00e9tention","og_description":"Le SNJT lance un cri d'alarme pour Mohamed Boughalleb, journaliste incarc\u00e9r\u00e9 en Tunisie depuis mars 2024. Le syndicat d\u00e9nonce les conditions de d\u00e9tention inhuma...","og_url":"https:\/\/www.webdo.tn\/fr\/actualite\/national\/snjt-cri-d-alarme-pour-boughalleb-en-detention\/216297\/","og_site_name":"webdo","article_publisher":"https:\/\/www.facebook.com\/webdotn","article_published_time":"2024-09-10T18:47:00+00:00","og_image":[{"width":750,"height":400,"url":"https:\/\/www.webdo.tn\/fr\/wp-content\/uploads\/2024\/09\/acc1790a98971ae4f91e464fa723ed84.webp","type":"image\/webp"}],"author":"Firas Ben Abdeltif","twitter_card":"summary_large_image","twitter_creator":"@webdo_tn","twitter_site":"@webdo_tn","twitter_misc":{"\u00c9crit par":"Firas Ben Abdeltif","Dur\u00e9e de lecture estim\u00e9e":"1 minute"},"schema":{"@context":"https:\/\/schema.org","@graph":[{"@type":"NewsArticle","@id":"https:\/\/www.webdo.tn\/fr\/actualite\/national\/snjt-cri-d-alarme-pour-boughalleb-en-detention\/216297\/#article","isPartOf":{"@id":"https:\/\/www.webdo.tn\/fr\/actualite\/national\/snjt-cri-d-alarme-pour-boughalleb-en-detention\/216297\/"},"author":{"name":"Firas Ben Abdeltif","@id":"https:\/\/www.webdo.tn\/fr\/#\/schema\/person\/19664196c9bfdcda126f3c27709f7d11"},"headline":"SNJT : Cri d&rsquo;alarme pour Boughalleb en d\u00e9tention","datePublished":"2024-09-10T18:47:00+00:00","mainEntityOfPage":{"@id":"https:\/\/www.webdo.tn\/fr\/actualite\/national\/snjt-cri-d-alarme-pour-boughalleb-en-detention\/216297\/"},"wordCount":241,"commentCount":0,"publisher":{"@id":"https:\/\/www.webdo.tn\/fr\/#organization"},"image":{"@id":"https:\/\/www.webdo.tn\/fr\/actualite\/national\/snjt-cri-d-alarme-pour-boughalleb-en-detention\/216297\/#primaryimage"},"thumbnailUrl":"https:\/\/www.webdo.tn\/fr\/wp-content\/uploads\/2024\/09\/acc1790a98971ae4f91e464fa723ed84.webp","keywords":["'journalistes d\u00e9tenus']","d\u00e9cret 54","mohamed boughalleb","snjt","Tunisie"],"articleSection":["National"],"inLanguage":"fr-FR"},{"@type":"WebPage","@id":"https:\/\/www.webdo.tn\/fr\/actualite\/national\/snjt-cri-d-alarme-pour-boughalleb-en-detention\/216297\/","url":"https:\/\/www.webdo.tn\/fr\/actualite\/national\/snjt-cri-d-alarme-pour-boughalleb-en-detention\/216297\/","name":"SNJT : Cri d'alarme pour Boughalleb en d\u00e9tention","isPartOf":{"@id":"https:\/\/www.webdo.tn\/fr\/#website"},"primaryImageOfPage":{"@id":"https:\/\/www.webdo.tn\/fr\/actualite\/national\/snjt-cri-d-alarme-pour-boughalleb-en-detention\/216297\/#primaryimage"},"image":{"@id":"https:\/\/www.webdo.tn\/fr\/actualite\/national\/snjt-cri-d-alarme-pour-boughalleb-en-detention\/216297\/#primaryimage"},"thumbnailUrl":"https:\/\/www.webdo.tn\/fr\/wp-content\/uploads\/2024\/09\/acc1790a98971ae4f91e464fa723ed84.webp","datePublished":"2024-09-10T18:47:00+00:00","description":"Le SNJT lance un cri d'alarme pour Mohamed Boughalleb, journaliste incarc\u00e9r\u00e9 en Tunisie depuis mars 2024. Le syndicat d\u00e9nonce les conditions de d\u00e9tention inhuma...","breadcrumb":{"@id":"https:\/\/www.webdo.tn\/fr\/actualite\/national\/snjt-cri-d-alarme-pour-boughalleb-en-detention\/216297\/#breadcrumb"},"inLanguage":"fr-FR","potentialAction":[{"@type":"ReadAction","target":["https:\/\/www.webdo.tn\/fr\/actualite\/national\/snjt-cri-d-alarme-pour-boughalleb-en-detention\/216297\/"]}]},{"@type":"ImageObject","inLanguage":"fr-FR","@id":"https:\/\/www.webdo.tn\/fr\/actualite\/national\/snjt-cri-d-alarme-pour-boughalleb-en-detention\/216297\/#primaryimage","url":"https:\/\/www.webdo.tn\/fr\/wp-content\/uploads\/2024\/09\/acc1790a98971ae4f91e464fa723ed84.webp","contentUrl":"https:\/\/www.webdo.tn\/fr\/wp-content\/uploads\/2024\/09\/acc1790a98971ae4f91e464fa723ed84.webp","width":750,"height":400,"caption":"SNJT : Cri d'alarme pour Boughalleb en d\u00e9tention"},{"@type":"BreadcrumbList","@id":"https:\/\/www.webdo.tn\/fr\/actualite\/national\/snjt-cri-d-alarme-pour-boughalleb-en-detention\/216297\/#breadcrumb","itemListElement":[{"@type":"ListItem","position":1,"name":"Accueil","item":"https:\/\/www.webdo.tn\/fr\/"},{"@type":"ListItem","position":2,"name":"SNJT : Cri d&rsquo;alarme pour Boughalleb en d\u00e9tention"}]},{"@type":"WebSite","@id":"https:\/\/www.webdo.tn\/fr\/#website","url":"https:\/\/www.webdo.tn\/fr\/","name":"webdo","description":"Tunisie - News en Tunisie et \u00e0 l&#039;international sur Webdo.tn","publisher":{"@id":"https:\/\/www.webdo.tn\/fr\/#organization"},"potentialAction":[{"@type":"SearchAction","target":{"@type":"EntryPoint","urlTemplate":"https:\/\/www.webdo.tn\/fr\/?s={search_term_string}"},"query-input":{"@type":"PropertyValueSpecification","valueRequired":true,"valueName":"search_term_string"}}],"inLanguage":"fr-FR"},{"@type":"Organization","@id":"https:\/\/www.webdo.tn\/fr\/#organization","name":"Webdo","alternateName":"Webdo.tn","url":"https:\/\/www.webdo.tn\/fr\/","logo":{"@type":"ImageObject","inLanguage":"fr-FR","@id":"https:\/\/www.webdo.tn\/fr\/#\/schema\/logo\/image\/","url":"https:\/\/www.webdo.tn\/fr\/wp-content\/uploads\/2025\/06\/Webdo-Tunisie_168377.jpg","contentUrl":"https:\/\/www.webdo.tn\/fr\/wp-content\/uploads\/2025\/06\/Webdo-Tunisie_168377.jpg","width":301,"height":301,"caption":"Webdo"},"image":{"@id":"https:\/\/www.webdo.tn\/fr\/#\/schema\/logo\/image\/"},"sameAs":["https:\/\/www.facebook.com\/webdotn","https:\/\/x.com\/webdo_tn"],"description":"Webdo est un m\u00e9dia num\u00e9rique tunisien fond\u00e9 en 2010, sp\u00e9cialis\u00e9 dans l\u2019actualit\u00e9 nationale et internationale, l\u2019\u00e9conomie, la soci\u00e9t\u00e9 et les analyses politiques. Le site s\u2019adresse \u00e0 un large public francophone et couvre l\u2019information tunisienne en temps r\u00e9el.","email":"redac@webdo.tn","legalName":"YNJ SARL","foundingDate":"2010-09-06","numberOfEmployees":{"@type":"QuantitativeValue","minValue":"11","maxValue":"50"}},{"@type":"Person","@id":"https:\/\/www.webdo.tn\/fr\/#\/schema\/person\/19664196c9bfdcda126f3c27709f7d11","name":"Firas Ben Abdeltif","image":{"@type":"ImageObject","inLanguage":"fr-FR","@id":"https:\/\/secure.gravatar.com\/avatar\/161a347d40df098a084778c52ed133dbd85f14df003867067c5948081241ec55?s=96&d=mm&r=g","url":"https:\/\/secure.gravatar.com\/avatar\/161a347d40df098a084778c52ed133dbd85f14df003867067c5948081241ec55?s=96&d=mm&r=g","contentUrl":"https:\/\/secure.gravatar.com\/avatar\/161a347d40df098a084778c52ed133dbd85f14df003867067c5948081241ec55?s=96&d=mm&r=g","caption":"Firas Ben Abdeltif"},"url":"https:\/\/www.webdo.tn\/fr\/actualite\/author\/firas-ben-abdeltif\/"}]}},"_links":{"self":[{"href":"https:\/\/www.webdo.tn\/fr\/wp-json\/wp\/v2\/posts\/216297","targetHints":{"allow":["GET"]}}],"collection":[{"href":"https:\/\/www.webdo.tn\/fr\/wp-json\/wp\/v2\/posts"}],"about":[{"href":"https:\/\/www.webdo.tn\/fr\/wp-json\/wp\/v2\/types\/post"}],"author":[{"embeddable":true,"href":"https:\/\/www.webdo.tn\/fr\/wp-json\/wp\/v2\/users\/4779"}],"replies":[{"embeddable":true,"href":"https:\/\/www.webdo.tn\/fr\/wp-json\/wp\/v2\/comments?post=216297"}],"version-history":[{"count":0,"href":"https:\/\/www.webdo.tn\/fr\/wp-json\/wp\/v2\/posts\/216297\/revisions"}],"wp:featuredmedia":[{"embeddable":true,"href":"https:\/\/www.webdo.tn\/fr\/wp-json\/wp\/v2\/media\/291049"}],"wp:attachment":[{"href":"https:\/\/www.webdo.tn\/fr\/wp-json\/wp\/v2\/media?parent=216297"}],"wp:term":[{"taxonomy":"category","embeddable":true,"href":"https:\/\/www.webdo.tn\/fr\/wp-json\/wp\/v2\/categories?post=216297"},{"taxonomy":"post_tag","embeddable":true,"href":"https:\/\/www.webdo.tn\/fr\/wp-json\/wp\/v2\/tags?post=216297"}],"curies":[{"name":"wp","href":"https:\/\/api.w.org\/{rel}","templated":true}]}}