{"id":216286,"date":"2024-09-10T10:28:00","date_gmt":"2024-09-10T10:28:00","guid":{"rendered":"https:\/\/www.webdo.tn\/fr\/blog\/tunisie-sonia-dahmani-devant-la-cour-d-appel\/216286\/"},"modified":"2025-05-20T21:49:11","modified_gmt":"2025-05-20T21:49:11","slug":"tunisie-sonia-dahmani-devant-la-cour-d-appel","status":"publish","type":"post","link":"https:\/\/www.webdo.tn\/fr\/actualite\/national\/tunisie-sonia-dahmani-devant-la-cour-d-appel\/216286\/","title":{"rendered":"Tunisie : Sonia Dahmani devant la cour d\u2019appel"},"content":{"rendered":"<p>La Cour d\u2019appel de Tunis examinera l\u2019appel de l\u2019avocate Sonia Dahmani ce mardi 10 septembre. Cette audience portera sur le jugement de premi\u00e8re instance qui avait condamn\u00e9 Dahmani \u00e0 une peine d\u2019un an de prison avec effet imm\u00e9diat.<\/p>\n<p>\t\t\t\t\t\t\t\t\tSonia Dahmani devait compara\u00eetre le 20 ao\u00fbt 2024 devant la Cour d&rsquo;appel de Tunis, mais son audience avait \u00e9t\u00e9 finalement report\u00e9e au 10 septembre.<\/p>\n<p>Rappelons que Sonia Dahmani avait \u00e9t\u00e9 condamn\u00e9e en premi\u00e8re instance \u00e0 une peine d&rsquo;un an de prison avec effet imm\u00e9diat, suite \u00e0 des d\u00e9clarations m\u00e9diatiques controvers\u00e9es concernant les migrants subsahariens en Tunisie. Ayant fait appel de cette d\u00e9cision, elle doit \u00eatre jug\u00e9e \u00e0 nouveau par la Cour d&rsquo;appel.<\/p>\n<p>Selon les d\u00e9clarations de son avocat Sami Ben Ghazi, Sonia Dahmani n&rsquo;avait pu assister \u00e0 l&rsquo;audience du 20 ao\u00fbt. En effet, lors de son arriv\u00e9e au tribunal, il lui avait \u00e9t\u00e9 demand\u00e9 d&rsquo;enlever ses chaussures et de porter des sandales.<\/p>\n<p>Mais par la suite, on lui avait \u00e9galement ordonn\u00e9 de porter un \u00ab\u00a0safsari\u00a0\u00bb, ce qu&rsquo;elle a d&rsquo;abord refus\u00e9 avant d\u2019accepter. Apr\u00e8s un examen approfondi, au moment de sortir, on lui a annonc\u00e9 que l&rsquo;audience avait d\u00e9j\u00e0 eu lieu et qu&rsquo;il \u00e9tait trop tard pour qu&rsquo;elle y assiste.<\/p>\n<p>Face \u00e0 cette situation, les avocats de la d\u00e9fense avaient plaid\u00e9 pour un report de l&rsquo;audience afin que Sonia Dahmani puisse se pr\u00e9senter et assurer sa propre d\u00e9fense. La Cour d&rsquo;appel avait finalement accept\u00e9 leur requ\u00eate et report\u00e9 l&rsquo;audience au 10 septembre.<\/p>\n","protected":false},"excerpt":{"rendered":"<p>Sonia Dahmani devait compara\u00eetre le 20 ao\u00fbt 2024 devant la Cour d&rsquo;appel de Tunis, mais son audience avait \u00e9t\u00e9 finalement report\u00e9e au 10 septembre.<\/p>\n","protected":false},"author":3162,"featured_media":246609,"comment_status":"open","ping_status":"closed","sticky":false,"template":"","format":"standard","meta":{"footnotes":""},"categories":[44],"tags":[5478,2619,3313,2608],"class_list":["post-216286","post","type-post","status-publish","format-standard","has-post-thumbnail","hentry","category-national","tag-cour-dappel","tag-justice","tag-sonia-dahmani","tag-tunisie"],"yoast_head":"<!-- This site is optimized with the Yoast SEO Premium plugin v27.5 (Yoast SEO v27.5) - https:\/\/yoast.com\/product\/yoast-seo-premium-wordpress\/ -->\n<title>Tunisie : Sonia Dahmani devant la cour d\u2019appel<\/title>\n<meta name=\"description\" content=\"Sonia Dahmani devait compara\u00eetre le 20 ao\u00fbt 2024 devant la Cour d&#039;appel de Tunis, mais son audience avait \u00e9t\u00e9 finalement report\u00e9e au 10 septembre.\" \/>\n<link rel=\"canonical\" href=\"https:\/\/www.webdo.tn\/fr\/actualite\/national\/tunisie-sonia-dahmani-devant-la-cour-d-appel\/216286\/\" \/>\n<meta property=\"og:locale\" content=\"fr_FR\" \/>\n<meta property=\"og:type\" content=\"article\" \/>\n<meta property=\"og:title\" content=\"Tunisie : Sonia Dahmani devant la cour d\u2019appel\" \/>\n<meta property=\"og:description\" content=\"Sonia Dahmani devait compara\u00eetre le 20 ao\u00fbt 2024 devant la Cour d&#039;appel de Tunis, mais son audience avait \u00e9t\u00e9 finalement report\u00e9e au 10 septembre.\" \/>\n<meta property=\"og:url\" content=\"https:\/\/www.webdo.tn\/fr\/actualite\/national\/tunisie-sonia-dahmani-devant-la-cour-d-appel\/216286\/\" \/>\n<meta property=\"og:site_name\" content=\"webdo\" \/>\n<meta property=\"article:publisher\" content=\"https:\/\/www.facebook.com\/webdotn\" \/>\n<meta property=\"article:published_time\" content=\"2024-09-10T10:28:00+00:00\" \/>\n<meta property=\"article:modified_time\" content=\"2025-05-20T21:49:11+00:00\" \/>\n<meta property=\"og:image\" content=\"https:\/\/www.webdo.tn\/fr\/wp-content\/uploads\/2024\/09\/3ac8160bcd98e67fcfec9abbefc0972d.webp\" \/>\n\t<meta property=\"og:image:width\" content=\"726\" \/>\n\t<meta property=\"og:image:height\" content=\"387\" \/>\n\t<meta property=\"og:image:type\" content=\"image\/webp\" \/>\n<meta name=\"author\" content=\"MC\" \/>\n<meta name=\"twitter:card\" content=\"summary_large_image\" \/>\n<meta name=\"twitter:creator\" content=\"@webdo_tn\" \/>\n<meta name=\"twitter:site\" content=\"@webdo_tn\" \/>\n<meta name=\"twitter:label1\" content=\"\u00c9crit par\" \/>\n\t<meta name=\"twitter:data1\" content=\"MC\" \/>\n\t<meta name=\"twitter:label2\" content=\"Dur\u00e9e de lecture estim\u00e9e\" \/>\n\t<meta name=\"twitter:data2\" content=\"1 minute\" \/>\n<script type=\"application\/ld+json\" class=\"yoast-schema-graph\">{\"@context\":\"https:\\\/\\\/schema.org\",\"@graph\":[{\"@type\":\"NewsArticle\",\"@id\":\"https:\\\/\\\/www.webdo.tn\\\/fr\\\/actualite\\\/national\\\/tunisie-sonia-dahmani-devant-la-cour-d-appel\\\/216286\\\/#article\",\"isPartOf\":{\"@id\":\"https:\\\/\\\/www.webdo.tn\\\/fr\\\/actualite\\\/national\\\/tunisie-sonia-dahmani-devant-la-cour-d-appel\\\/216286\\\/\"},\"author\":{\"name\":\"MC\",\"@id\":\"https:\\\/\\\/www.webdo.tn\\\/fr\\\/#\\\/schema\\\/person\\\/2c4929cbf5a809e3bd38617c6ce150f6\"},\"headline\":\"Tunisie : Sonia Dahmani devant la cour d\u2019appel\",\"datePublished\":\"2024-09-10T10:28:00+00:00\",\"dateModified\":\"2025-05-20T21:49:11+00:00\",\"mainEntityOfPage\":{\"@id\":\"https:\\\/\\\/www.webdo.tn\\\/fr\\\/actualite\\\/national\\\/tunisie-sonia-dahmani-devant-la-cour-d-appel\\\/216286\\\/\"},\"wordCount\":276,\"commentCount\":0,\"publisher\":{\"@id\":\"https:\\\/\\\/www.webdo.tn\\\/fr\\\/#organization\"},\"image\":{\"@id\":\"https:\\\/\\\/www.webdo.tn\\\/fr\\\/actualite\\\/national\\\/tunisie-sonia-dahmani-devant-la-cour-d-appel\\\/216286\\\/#primaryimage\"},\"thumbnailUrl\":\"https:\\\/\\\/www.webdo.tn\\\/fr\\\/wp-content\\\/uploads\\\/2024\\\/09\\\/3ac8160bcd98e67fcfec9abbefc0972d.webp\",\"keywords\":[\"cour d'appel\",\"justice\",\"sonia dahmani\",\"Tunisie\"],\"articleSection\":[\"National\"],\"inLanguage\":\"fr-FR\"},{\"@type\":\"WebPage\",\"@id\":\"https:\\\/\\\/www.webdo.tn\\\/fr\\\/actualite\\\/national\\\/tunisie-sonia-dahmani-devant-la-cour-d-appel\\\/216286\\\/\",\"url\":\"https:\\\/\\\/www.webdo.tn\\\/fr\\\/actualite\\\/national\\\/tunisie-sonia-dahmani-devant-la-cour-d-appel\\\/216286\\\/\",\"name\":\"Tunisie : Sonia Dahmani devant la cour d\u2019appel\",\"isPartOf\":{\"@id\":\"https:\\\/\\\/www.webdo.tn\\\/fr\\\/#website\"},\"primaryImageOfPage\":{\"@id\":\"https:\\\/\\\/www.webdo.tn\\\/fr\\\/actualite\\\/national\\\/tunisie-sonia-dahmani-devant-la-cour-d-appel\\\/216286\\\/#primaryimage\"},\"image\":{\"@id\":\"https:\\\/\\\/www.webdo.tn\\\/fr\\\/actualite\\\/national\\\/tunisie-sonia-dahmani-devant-la-cour-d-appel\\\/216286\\\/#primaryimage\"},\"thumbnailUrl\":\"https:\\\/\\\/www.webdo.tn\\\/fr\\\/wp-content\\\/uploads\\\/2024\\\/09\\\/3ac8160bcd98e67fcfec9abbefc0972d.webp\",\"datePublished\":\"2024-09-10T10:28:00+00:00\",\"dateModified\":\"2025-05-20T21:49:11+00:00\",\"description\":\"Sonia Dahmani devait compara\u00eetre le 20 ao\u00fbt 2024 devant la Cour d'appel de Tunis, mais son audience avait \u00e9t\u00e9 finalement report\u00e9e au 10 septembre.\",\"breadcrumb\":{\"@id\":\"https:\\\/\\\/www.webdo.tn\\\/fr\\\/actualite\\\/national\\\/tunisie-sonia-dahmani-devant-la-cour-d-appel\\\/216286\\\/#breadcrumb\"},\"inLanguage\":\"fr-FR\",\"potentialAction\":[{\"@type\":\"ReadAction\",\"target\":[\"https:\\\/\\\/www.webdo.tn\\\/fr\\\/actualite\\\/national\\\/tunisie-sonia-dahmani-devant-la-cour-d-appel\\\/216286\\\/\"]}]},{\"@type\":\"ImageObject\",\"inLanguage\":\"fr-FR\",\"@id\":\"https:\\\/\\\/www.webdo.tn\\\/fr\\\/actualite\\\/national\\\/tunisie-sonia-dahmani-devant-la-cour-d-appel\\\/216286\\\/#primaryimage\",\"url\":\"https:\\\/\\\/www.webdo.tn\\\/fr\\\/wp-content\\\/uploads\\\/2024\\\/09\\\/3ac8160bcd98e67fcfec9abbefc0972d.webp\",\"contentUrl\":\"https:\\\/\\\/www.webdo.tn\\\/fr\\\/wp-content\\\/uploads\\\/2024\\\/09\\\/3ac8160bcd98e67fcfec9abbefc0972d.webp\",\"width\":726,\"height\":387,\"caption\":\"Tunisie : Sonia Dahmani devant la cour d\u2019appel\"},{\"@type\":\"BreadcrumbList\",\"@id\":\"https:\\\/\\\/www.webdo.tn\\\/fr\\\/actualite\\\/national\\\/tunisie-sonia-dahmani-devant-la-cour-d-appel\\\/216286\\\/#breadcrumb\",\"itemListElement\":[{\"@type\":\"ListItem\",\"position\":1,\"name\":\"Accueil\",\"item\":\"https:\\\/\\\/www.webdo.tn\\\/fr\\\/\"},{\"@type\":\"ListItem\",\"position\":2,\"name\":\"Tunisie : Sonia Dahmani devant la cour d\u2019appel\"}]},{\"@type\":\"WebSite\",\"@id\":\"https:\\\/\\\/www.webdo.tn\\\/fr\\\/#website\",\"url\":\"https:\\\/\\\/www.webdo.tn\\\/fr\\\/\",\"name\":\"webdo\",\"description\":\"Tunisie - News en Tunisie et \u00e0 l&#039;international sur Webdo.tn\",\"publisher\":{\"@id\":\"https:\\\/\\\/www.webdo.tn\\\/fr\\\/#organization\"},\"potentialAction\":[{\"@type\":\"SearchAction\",\"target\":{\"@type\":\"EntryPoint\",\"urlTemplate\":\"https:\\\/\\\/www.webdo.tn\\\/fr\\\/?s={search_term_string}\"},\"query-input\":{\"@type\":\"PropertyValueSpecification\",\"valueRequired\":true,\"valueName\":\"search_term_string\"}}],\"inLanguage\":\"fr-FR\"},{\"@type\":\"Organization\",\"@id\":\"https:\\\/\\\/www.webdo.tn\\\/fr\\\/#organization\",\"name\":\"Webdo\",\"alternateName\":\"Webdo.tn\",\"url\":\"https:\\\/\\\/www.webdo.tn\\\/fr\\\/\",\"logo\":{\"@type\":\"ImageObject\",\"inLanguage\":\"fr-FR\",\"@id\":\"https:\\\/\\\/www.webdo.tn\\\/fr\\\/#\\\/schema\\\/logo\\\/image\\\/\",\"url\":\"https:\\\/\\\/www.webdo.tn\\\/fr\\\/wp-content\\\/uploads\\\/2025\\\/06\\\/Webdo-Tunisie_168377.jpg\",\"contentUrl\":\"https:\\\/\\\/www.webdo.tn\\\/fr\\\/wp-content\\\/uploads\\\/2025\\\/06\\\/Webdo-Tunisie_168377.jpg\",\"width\":301,\"height\":301,\"caption\":\"Webdo\"},\"image\":{\"@id\":\"https:\\\/\\\/www.webdo.tn\\\/fr\\\/#\\\/schema\\\/logo\\\/image\\\/\"},\"sameAs\":[\"https:\\\/\\\/www.facebook.com\\\/webdotn\",\"https:\\\/\\\/x.com\\\/webdo_tn\"],\"description\":\"Webdo est un m\u00e9dia num\u00e9rique tunisien fond\u00e9 en 2010, sp\u00e9cialis\u00e9 dans l\u2019actualit\u00e9 nationale et internationale, l\u2019\u00e9conomie, la soci\u00e9t\u00e9 et les analyses politiques. Le site s\u2019adresse \u00e0 un large public francophone et couvre l\u2019information tunisienne en temps r\u00e9el.\",\"email\":\"redac@webdo.tn\",\"legalName\":\"YNJ SARL\",\"foundingDate\":\"2010-09-06\",\"numberOfEmployees\":{\"@type\":\"QuantitativeValue\",\"minValue\":\"11\",\"maxValue\":\"50\"}},{\"@type\":\"Person\",\"@id\":\"https:\\\/\\\/www.webdo.tn\\\/fr\\\/#\\\/schema\\\/person\\\/2c4929cbf5a809e3bd38617c6ce150f6\",\"name\":\"MC\",\"image\":{\"@type\":\"ImageObject\",\"inLanguage\":\"fr-FR\",\"@id\":\"https:\\\/\\\/secure.gravatar.com\\\/avatar\\\/a545bbb6f84efdd5553dbbc2895e3ca8f1d12c5215e00a041c9670b54aa9b18a?s=96&d=mm&r=g\",\"url\":\"https:\\\/\\\/secure.gravatar.com\\\/avatar\\\/a545bbb6f84efdd5553dbbc2895e3ca8f1d12c5215e00a041c9670b54aa9b18a?s=96&d=mm&r=g\",\"contentUrl\":\"https:\\\/\\\/secure.gravatar.com\\\/avatar\\\/a545bbb6f84efdd5553dbbc2895e3ca8f1d12c5215e00a041c9670b54aa9b18a?s=96&d=mm&r=g\",\"caption\":\"MC\"},\"url\":\"https:\\\/\\\/www.webdo.tn\\\/fr\\\/actualite\\\/author\\\/mc\\\/\"}]}<\/script>\n<!-- \/ Yoast SEO Premium plugin. -->","yoast_head_json":{"title":"Tunisie : Sonia Dahmani devant la cour d\u2019appel","description":"Sonia Dahmani devait compara\u00eetre le 20 ao\u00fbt 2024 devant la Cour d'appel de Tunis, mais son audience avait \u00e9t\u00e9 finalement report\u00e9e au 10 septembre.","canonical":"https:\/\/www.webdo.tn\/fr\/actualite\/national\/tunisie-sonia-dahmani-devant-la-cour-d-appel\/216286\/","og_locale":"fr_FR","og_type":"article","og_title":"Tunisie : Sonia Dahmani devant la cour d\u2019appel","og_description":"Sonia Dahmani devait compara\u00eetre le 20 ao\u00fbt 2024 devant la Cour d'appel de Tunis, mais son audience avait \u00e9t\u00e9 finalement report\u00e9e au 10 septembre.","og_url":"https:\/\/www.webdo.tn\/fr\/actualite\/national\/tunisie-sonia-dahmani-devant-la-cour-d-appel\/216286\/","og_site_name":"webdo","article_publisher":"https:\/\/www.facebook.com\/webdotn","article_published_time":"2024-09-10T10:28:00+00:00","article_modified_time":"2025-05-20T21:49:11+00:00","og_image":[{"width":726,"height":387,"url":"https:\/\/www.webdo.tn\/fr\/wp-content\/uploads\/2024\/09\/3ac8160bcd98e67fcfec9abbefc0972d.webp","type":"image\/webp"}],"author":"MC","twitter_card":"summary_large_image","twitter_creator":"@webdo_tn","twitter_site":"@webdo_tn","twitter_misc":{"\u00c9crit par":"MC","Dur\u00e9e de lecture estim\u00e9e":"1 minute"},"schema":{"@context":"https:\/\/schema.org","@graph":[{"@type":"NewsArticle","@id":"https:\/\/www.webdo.tn\/fr\/actualite\/national\/tunisie-sonia-dahmani-devant-la-cour-d-appel\/216286\/#article","isPartOf":{"@id":"https:\/\/www.webdo.tn\/fr\/actualite\/national\/tunisie-sonia-dahmani-devant-la-cour-d-appel\/216286\/"},"author":{"name":"MC","@id":"https:\/\/www.webdo.tn\/fr\/#\/schema\/person\/2c4929cbf5a809e3bd38617c6ce150f6"},"headline":"Tunisie : Sonia Dahmani devant la cour d\u2019appel","datePublished":"2024-09-10T10:28:00+00:00","dateModified":"2025-05-20T21:49:11+00:00","mainEntityOfPage":{"@id":"https:\/\/www.webdo.tn\/fr\/actualite\/national\/tunisie-sonia-dahmani-devant-la-cour-d-appel\/216286\/"},"wordCount":276,"commentCount":0,"publisher":{"@id":"https:\/\/www.webdo.tn\/fr\/#organization"},"image":{"@id":"https:\/\/www.webdo.tn\/fr\/actualite\/national\/tunisie-sonia-dahmani-devant-la-cour-d-appel\/216286\/#primaryimage"},"thumbnailUrl":"https:\/\/www.webdo.tn\/fr\/wp-content\/uploads\/2024\/09\/3ac8160bcd98e67fcfec9abbefc0972d.webp","keywords":["cour d'appel","justice","sonia dahmani","Tunisie"],"articleSection":["National"],"inLanguage":"fr-FR"},{"@type":"WebPage","@id":"https:\/\/www.webdo.tn\/fr\/actualite\/national\/tunisie-sonia-dahmani-devant-la-cour-d-appel\/216286\/","url":"https:\/\/www.webdo.tn\/fr\/actualite\/national\/tunisie-sonia-dahmani-devant-la-cour-d-appel\/216286\/","name":"Tunisie : Sonia Dahmani devant la cour d\u2019appel","isPartOf":{"@id":"https:\/\/www.webdo.tn\/fr\/#website"},"primaryImageOfPage":{"@id":"https:\/\/www.webdo.tn\/fr\/actualite\/national\/tunisie-sonia-dahmani-devant-la-cour-d-appel\/216286\/#primaryimage"},"image":{"@id":"https:\/\/www.webdo.tn\/fr\/actualite\/national\/tunisie-sonia-dahmani-devant-la-cour-d-appel\/216286\/#primaryimage"},"thumbnailUrl":"https:\/\/www.webdo.tn\/fr\/wp-content\/uploads\/2024\/09\/3ac8160bcd98e67fcfec9abbefc0972d.webp","datePublished":"2024-09-10T10:28:00+00:00","dateModified":"2025-05-20T21:49:11+00:00","description":"Sonia Dahmani devait compara\u00eetre le 20 ao\u00fbt 2024 devant la Cour d'appel de Tunis, mais son audience avait \u00e9t\u00e9 finalement report\u00e9e au 10 septembre.","breadcrumb":{"@id":"https:\/\/www.webdo.tn\/fr\/actualite\/national\/tunisie-sonia-dahmani-devant-la-cour-d-appel\/216286\/#breadcrumb"},"inLanguage":"fr-FR","potentialAction":[{"@type":"ReadAction","target":["https:\/\/www.webdo.tn\/fr\/actualite\/national\/tunisie-sonia-dahmani-devant-la-cour-d-appel\/216286\/"]}]},{"@type":"ImageObject","inLanguage":"fr-FR","@id":"https:\/\/www.webdo.tn\/fr\/actualite\/national\/tunisie-sonia-dahmani-devant-la-cour-d-appel\/216286\/#primaryimage","url":"https:\/\/www.webdo.tn\/fr\/wp-content\/uploads\/2024\/09\/3ac8160bcd98e67fcfec9abbefc0972d.webp","contentUrl":"https:\/\/www.webdo.tn\/fr\/wp-content\/uploads\/2024\/09\/3ac8160bcd98e67fcfec9abbefc0972d.webp","width":726,"height":387,"caption":"Tunisie : Sonia Dahmani devant la cour d\u2019appel"},{"@type":"BreadcrumbList","@id":"https:\/\/www.webdo.tn\/fr\/actualite\/national\/tunisie-sonia-dahmani-devant-la-cour-d-appel\/216286\/#breadcrumb","itemListElement":[{"@type":"ListItem","position":1,"name":"Accueil","item":"https:\/\/www.webdo.tn\/fr\/"},{"@type":"ListItem","position":2,"name":"Tunisie : Sonia Dahmani devant la cour d\u2019appel"}]},{"@type":"WebSite","@id":"https:\/\/www.webdo.tn\/fr\/#website","url":"https:\/\/www.webdo.tn\/fr\/","name":"webdo","description":"Tunisie - News en Tunisie et \u00e0 l&#039;international sur Webdo.tn","publisher":{"@id":"https:\/\/www.webdo.tn\/fr\/#organization"},"potentialAction":[{"@type":"SearchAction","target":{"@type":"EntryPoint","urlTemplate":"https:\/\/www.webdo.tn\/fr\/?s={search_term_string}"},"query-input":{"@type":"PropertyValueSpecification","valueRequired":true,"valueName":"search_term_string"}}],"inLanguage":"fr-FR"},{"@type":"Organization","@id":"https:\/\/www.webdo.tn\/fr\/#organization","name":"Webdo","alternateName":"Webdo.tn","url":"https:\/\/www.webdo.tn\/fr\/","logo":{"@type":"ImageObject","inLanguage":"fr-FR","@id":"https:\/\/www.webdo.tn\/fr\/#\/schema\/logo\/image\/","url":"https:\/\/www.webdo.tn\/fr\/wp-content\/uploads\/2025\/06\/Webdo-Tunisie_168377.jpg","contentUrl":"https:\/\/www.webdo.tn\/fr\/wp-content\/uploads\/2025\/06\/Webdo-Tunisie_168377.jpg","width":301,"height":301,"caption":"Webdo"},"image":{"@id":"https:\/\/www.webdo.tn\/fr\/#\/schema\/logo\/image\/"},"sameAs":["https:\/\/www.facebook.com\/webdotn","https:\/\/x.com\/webdo_tn"],"description":"Webdo est un m\u00e9dia num\u00e9rique tunisien fond\u00e9 en 2010, sp\u00e9cialis\u00e9 dans l\u2019actualit\u00e9 nationale et internationale, l\u2019\u00e9conomie, la soci\u00e9t\u00e9 et les analyses politiques. Le site s\u2019adresse \u00e0 un large public francophone et couvre l\u2019information tunisienne en temps r\u00e9el.","email":"redac@webdo.tn","legalName":"YNJ SARL","foundingDate":"2010-09-06","numberOfEmployees":{"@type":"QuantitativeValue","minValue":"11","maxValue":"50"}},{"@type":"Person","@id":"https:\/\/www.webdo.tn\/fr\/#\/schema\/person\/2c4929cbf5a809e3bd38617c6ce150f6","name":"MC","image":{"@type":"ImageObject","inLanguage":"fr-FR","@id":"https:\/\/secure.gravatar.com\/avatar\/a545bbb6f84efdd5553dbbc2895e3ca8f1d12c5215e00a041c9670b54aa9b18a?s=96&d=mm&r=g","url":"https:\/\/secure.gravatar.com\/avatar\/a545bbb6f84efdd5553dbbc2895e3ca8f1d12c5215e00a041c9670b54aa9b18a?s=96&d=mm&r=g","contentUrl":"https:\/\/secure.gravatar.com\/avatar\/a545bbb6f84efdd5553dbbc2895e3ca8f1d12c5215e00a041c9670b54aa9b18a?s=96&d=mm&r=g","caption":"MC"},"url":"https:\/\/www.webdo.tn\/fr\/actualite\/author\/mc\/"}]}},"_links":{"self":[{"href":"https:\/\/www.webdo.tn\/fr\/wp-json\/wp\/v2\/posts\/216286","targetHints":{"allow":["GET"]}}],"collection":[{"href":"https:\/\/www.webdo.tn\/fr\/wp-json\/wp\/v2\/posts"}],"about":[{"href":"https:\/\/www.webdo.tn\/fr\/wp-json\/wp\/v2\/types\/post"}],"author":[{"embeddable":true,"href":"https:\/\/www.webdo.tn\/fr\/wp-json\/wp\/v2\/users\/3162"}],"replies":[{"embeddable":true,"href":"https:\/\/www.webdo.tn\/fr\/wp-json\/wp\/v2\/comments?post=216286"}],"version-history":[{"count":0,"href":"https:\/\/www.webdo.tn\/fr\/wp-json\/wp\/v2\/posts\/216286\/revisions"}],"wp:featuredmedia":[{"embeddable":true,"href":"https:\/\/www.webdo.tn\/fr\/wp-json\/wp\/v2\/media\/246609"}],"wp:attachment":[{"href":"https:\/\/www.webdo.tn\/fr\/wp-json\/wp\/v2\/media?parent=216286"}],"wp:term":[{"taxonomy":"category","embeddable":true,"href":"https:\/\/www.webdo.tn\/fr\/wp-json\/wp\/v2\/categories?post=216286"},{"taxonomy":"post_tag","embeddable":true,"href":"https:\/\/www.webdo.tn\/fr\/wp-json\/wp\/v2\/tags?post=216286"}],"curies":[{"name":"wp","href":"https:\/\/api.w.org\/{rel}","templated":true}]}}