{"id":216282,"date":"2024-09-10T09:05:00","date_gmt":"2024-09-10T09:05:00","guid":{"rendered":"https:\/\/www.webdo.tn\/fr\/blog\/la-troisieme-edition-de-matabbia-aura-lieu-a-mazara-del-vallo\/216282\/"},"modified":"2025-05-14T09:40:58","modified_gmt":"2025-05-14T09:40:58","slug":"la-troisieme-edition-de-matabbia-aura-lieu-a-mazara-del-vallo","status":"publish","type":"post","link":"https:\/\/www.webdo.tn\/fr\/actualite\/culture\/la-troisieme-edition-de-matabbia-aura-lieu-a-mazara-del-vallo\/216282\/","title":{"rendered":"La troisi\u00e8me \u00e9dition de Matabbia aura lieu \u00e0 Mazara del Vallo"},"content":{"rendered":"<p>Du 11 au 13 octobre, la nouvelle \u00e9dition de Matabbia aura pour th\u00e8me les exp\u00e9riences de vie des Siciliens en Tunisie et des Tunisiens en Sicile.<\/p>\n<p>\t\t\t\t\t\t\t\t\tLa manifestation culturelle Matabbia aura lieu du 11 au 13 octobre \u00e0 Mazara del Vallo et sera ax\u00e9 sur les exp\u00e9riences du vivre-ensemble des Siciliens en Tunisie et des Tunisiens en Sicile.<\/p>\n<p>Organis\u00e9 en alternance en Tunisie et en Sicile, la manifestation Matabbia tire son nom d&rsquo;une expression d&rsquo;origine tunisienne qui signifie \u00ab\u00a0Je voudrais bien\u00a0\u00bb exprimant d\u00e9sir et nostalgie. Cette expression a \u00e9t\u00e9 depuis longtemps adopt\u00e9e par les Siciliens ayant v\u00e9cu en Tunisie.<\/p>\n<p>La troisi\u00e8me \u00e9dition de Matabbia est organis\u00e9e par la Banca marsalese\u00a0 della memoria, l&rsquo;Instituto eurarabo de Mazara del Vallo, Dialoghi mediterranei, la Ville de Mazara del Vallo, le Dioc\u00e8se de Mazara del Vallo, la Fondation San Vito, la Casa della Communita Speranza et Yasmine del M\u00e9diterraneo.<\/p>\n<p>Cette initiative est aussi relay\u00e9e par l&rsquo;institut italien de culture de Tunisie, la revue Il Corriere di Tunisi et Archivio Memorie italiane di Tunisia.<\/p>\n","protected":false},"excerpt":{"rendered":"<p>La manifestation culturelle Matabbia aura lieu du 11 au 13 octobre \u00e0 Mazara del Vallo et sera ax\u00e9 sur les exp\u00e9riences du vivre-ensemble des Siciliens en Tunisie&#8230;<\/p>\n","protected":false},"author":3229,"featured_media":246607,"comment_status":"open","ping_status":"closed","sticky":false,"template":"","format":"standard","meta":{"footnotes":""},"categories":[2594],"tags":[5606,2608],"class_list":["post-216282","post","type-post","status-publish","format-standard","has-post-thumbnail","hentry","category-culture","tag-sicile","tag-tunisie"],"yoast_head":"<!-- This site is optimized with the Yoast SEO Premium plugin v27.4 (Yoast SEO v27.5) - https:\/\/yoast.com\/product\/yoast-seo-premium-wordpress\/ -->\n<title>La troisi\u00e8me \u00e9dition de Matabbia aura lieu \u00e0 Mazara del Vallo<\/title>\n<meta name=\"description\" content=\"La manifestation culturelle Matabbia aura lieu du 11 au 13 octobre \u00e0 Mazara del Vallo et sera ax\u00e9 sur les exp\u00e9riences du vivre-ensemble des Siciliens en Tunisie...\" \/>\n<link rel=\"canonical\" href=\"https:\/\/www.webdo.tn\/fr\/actualite\/culture\/la-troisieme-edition-de-matabbia-aura-lieu-a-mazara-del-vallo\/216282\/\" \/>\n<meta property=\"og:locale\" content=\"fr_FR\" \/>\n<meta property=\"og:type\" content=\"article\" \/>\n<meta property=\"og:title\" content=\"La troisi\u00e8me \u00e9dition de Matabbia aura lieu \u00e0 Mazara del Vallo\" \/>\n<meta property=\"og:description\" content=\"La manifestation culturelle Matabbia aura lieu du 11 au 13 octobre \u00e0 Mazara del Vallo et sera ax\u00e9 sur les exp\u00e9riences du vivre-ensemble des Siciliens en Tunisie...\" \/>\n<meta property=\"og:url\" content=\"https:\/\/www.webdo.tn\/fr\/actualite\/culture\/la-troisieme-edition-de-matabbia-aura-lieu-a-mazara-del-vallo\/216282\/\" \/>\n<meta property=\"og:site_name\" content=\"webdo\" \/>\n<meta property=\"article:publisher\" content=\"https:\/\/www.facebook.com\/webdotn\" \/>\n<meta property=\"article:author\" content=\"https:\/\/www.facebook.com\/hatem.bourial.2025\" \/>\n<meta property=\"article:published_time\" content=\"2024-09-10T09:05:00+00:00\" \/>\n<meta property=\"article:modified_time\" content=\"2025-05-14T09:40:58+00:00\" \/>\n<meta property=\"og:image\" content=\"https:\/\/www.webdo.tn\/fr\/wp-content\/uploads\/2024\/09\/2ddb28a928afc6c134d3204677339b8e.webp\" \/>\n\t<meta property=\"og:image:width\" content=\"750\" \/>\n\t<meta property=\"og:image:height\" content=\"400\" \/>\n\t<meta property=\"og:image:type\" content=\"image\/webp\" \/>\n<meta name=\"author\" content=\"Hatem Bourial\" \/>\n<meta name=\"twitter:card\" content=\"summary_large_image\" \/>\n<meta name=\"twitter:creator\" content=\"@webdo_tn\" \/>\n<meta name=\"twitter:site\" content=\"@webdo_tn\" \/>\n<meta name=\"twitter:label1\" content=\"\u00c9crit par\" \/>\n\t<meta name=\"twitter:data1\" content=\"Hatem Bourial\" \/>\n\t<meta name=\"twitter:label2\" content=\"Dur\u00e9e de lecture estim\u00e9e\" \/>\n\t<meta name=\"twitter:data2\" content=\"1 minute\" \/>\n<script type=\"application\/ld+json\" class=\"yoast-schema-graph\">{\"@context\":\"https:\\\/\\\/schema.org\",\"@graph\":[{\"@type\":\"NewsArticle\",\"@id\":\"https:\\\/\\\/www.webdo.tn\\\/fr\\\/actualite\\\/culture\\\/la-troisieme-edition-de-matabbia-aura-lieu-a-mazara-del-vallo\\\/216282\\\/#article\",\"isPartOf\":{\"@id\":\"https:\\\/\\\/www.webdo.tn\\\/fr\\\/actualite\\\/culture\\\/la-troisieme-edition-de-matabbia-aura-lieu-a-mazara-del-vallo\\\/216282\\\/\"},\"author\":{\"name\":\"Hatem Bourial\",\"@id\":\"https:\\\/\\\/www.webdo.tn\\\/fr\\\/#\\\/schema\\\/person\\\/6bc0beba2cd23aec27cb5df85ca2554f\"},\"headline\":\"La troisi\u00e8me \u00e9dition de Matabbia aura lieu \u00e0 Mazara del Vallo\",\"datePublished\":\"2024-09-10T09:05:00+00:00\",\"dateModified\":\"2025-05-14T09:40:58+00:00\",\"mainEntityOfPage\":{\"@id\":\"https:\\\/\\\/www.webdo.tn\\\/fr\\\/actualite\\\/culture\\\/la-troisieme-edition-de-matabbia-aura-lieu-a-mazara-del-vallo\\\/216282\\\/\"},\"wordCount\":190,\"commentCount\":0,\"publisher\":{\"@id\":\"https:\\\/\\\/www.webdo.tn\\\/fr\\\/#organization\"},\"image\":{\"@id\":\"https:\\\/\\\/www.webdo.tn\\\/fr\\\/actualite\\\/culture\\\/la-troisieme-edition-de-matabbia-aura-lieu-a-mazara-del-vallo\\\/216282\\\/#primaryimage\"},\"thumbnailUrl\":\"https:\\\/\\\/www.webdo.tn\\\/fr\\\/wp-content\\\/uploads\\\/2024\\\/09\\\/2ddb28a928afc6c134d3204677339b8e.webp\",\"keywords\":[\"sicile\",\"Tunisie\"],\"articleSection\":[\"Culture\"],\"inLanguage\":\"fr-FR\"},{\"@type\":\"WebPage\",\"@id\":\"https:\\\/\\\/www.webdo.tn\\\/fr\\\/actualite\\\/culture\\\/la-troisieme-edition-de-matabbia-aura-lieu-a-mazara-del-vallo\\\/216282\\\/\",\"url\":\"https:\\\/\\\/www.webdo.tn\\\/fr\\\/actualite\\\/culture\\\/la-troisieme-edition-de-matabbia-aura-lieu-a-mazara-del-vallo\\\/216282\\\/\",\"name\":\"La troisi\u00e8me \u00e9dition de Matabbia aura lieu \u00e0 Mazara del Vallo\",\"isPartOf\":{\"@id\":\"https:\\\/\\\/www.webdo.tn\\\/fr\\\/#website\"},\"primaryImageOfPage\":{\"@id\":\"https:\\\/\\\/www.webdo.tn\\\/fr\\\/actualite\\\/culture\\\/la-troisieme-edition-de-matabbia-aura-lieu-a-mazara-del-vallo\\\/216282\\\/#primaryimage\"},\"image\":{\"@id\":\"https:\\\/\\\/www.webdo.tn\\\/fr\\\/actualite\\\/culture\\\/la-troisieme-edition-de-matabbia-aura-lieu-a-mazara-del-vallo\\\/216282\\\/#primaryimage\"},\"thumbnailUrl\":\"https:\\\/\\\/www.webdo.tn\\\/fr\\\/wp-content\\\/uploads\\\/2024\\\/09\\\/2ddb28a928afc6c134d3204677339b8e.webp\",\"datePublished\":\"2024-09-10T09:05:00+00:00\",\"dateModified\":\"2025-05-14T09:40:58+00:00\",\"description\":\"La manifestation culturelle Matabbia aura lieu du 11 au 13 octobre \u00e0 Mazara del Vallo et sera ax\u00e9 sur les exp\u00e9riences du vivre-ensemble des Siciliens en Tunisie...\",\"breadcrumb\":{\"@id\":\"https:\\\/\\\/www.webdo.tn\\\/fr\\\/actualite\\\/culture\\\/la-troisieme-edition-de-matabbia-aura-lieu-a-mazara-del-vallo\\\/216282\\\/#breadcrumb\"},\"inLanguage\":\"fr-FR\",\"potentialAction\":[{\"@type\":\"ReadAction\",\"target\":[\"https:\\\/\\\/www.webdo.tn\\\/fr\\\/actualite\\\/culture\\\/la-troisieme-edition-de-matabbia-aura-lieu-a-mazara-del-vallo\\\/216282\\\/\"]}]},{\"@type\":\"ImageObject\",\"inLanguage\":\"fr-FR\",\"@id\":\"https:\\\/\\\/www.webdo.tn\\\/fr\\\/actualite\\\/culture\\\/la-troisieme-edition-de-matabbia-aura-lieu-a-mazara-del-vallo\\\/216282\\\/#primaryimage\",\"url\":\"https:\\\/\\\/www.webdo.tn\\\/fr\\\/wp-content\\\/uploads\\\/2024\\\/09\\\/2ddb28a928afc6c134d3204677339b8e.webp\",\"contentUrl\":\"https:\\\/\\\/www.webdo.tn\\\/fr\\\/wp-content\\\/uploads\\\/2024\\\/09\\\/2ddb28a928afc6c134d3204677339b8e.webp\",\"width\":750,\"height\":400,\"caption\":\"La troisi\u00e8me \u00e9dition de Matabbia aura lieu \u00e0 Mazara del Vallo\"},{\"@type\":\"BreadcrumbList\",\"@id\":\"https:\\\/\\\/www.webdo.tn\\\/fr\\\/actualite\\\/culture\\\/la-troisieme-edition-de-matabbia-aura-lieu-a-mazara-del-vallo\\\/216282\\\/#breadcrumb\",\"itemListElement\":[{\"@type\":\"ListItem\",\"position\":1,\"name\":\"Accueil\",\"item\":\"https:\\\/\\\/www.webdo.tn\\\/fr\\\/\"},{\"@type\":\"ListItem\",\"position\":2,\"name\":\"La troisi\u00e8me \u00e9dition de Matabbia aura lieu \u00e0 Mazara del Vallo\"}]},{\"@type\":\"WebSite\",\"@id\":\"https:\\\/\\\/www.webdo.tn\\\/fr\\\/#website\",\"url\":\"https:\\\/\\\/www.webdo.tn\\\/fr\\\/\",\"name\":\"webdo\",\"description\":\"Tunisie - News en Tunisie et \u00e0 l&#039;international sur Webdo.tn\",\"publisher\":{\"@id\":\"https:\\\/\\\/www.webdo.tn\\\/fr\\\/#organization\"},\"potentialAction\":[{\"@type\":\"SearchAction\",\"target\":{\"@type\":\"EntryPoint\",\"urlTemplate\":\"https:\\\/\\\/www.webdo.tn\\\/fr\\\/?s={search_term_string}\"},\"query-input\":{\"@type\":\"PropertyValueSpecification\",\"valueRequired\":true,\"valueName\":\"search_term_string\"}}],\"inLanguage\":\"fr-FR\"},{\"@type\":\"Organization\",\"@id\":\"https:\\\/\\\/www.webdo.tn\\\/fr\\\/#organization\",\"name\":\"Webdo\",\"alternateName\":\"Webdo.tn\",\"url\":\"https:\\\/\\\/www.webdo.tn\\\/fr\\\/\",\"logo\":{\"@type\":\"ImageObject\",\"inLanguage\":\"fr-FR\",\"@id\":\"https:\\\/\\\/www.webdo.tn\\\/fr\\\/#\\\/schema\\\/logo\\\/image\\\/\",\"url\":\"https:\\\/\\\/www.webdo.tn\\\/fr\\\/wp-content\\\/uploads\\\/2025\\\/06\\\/Webdo-Tunisie_168377.jpg\",\"contentUrl\":\"https:\\\/\\\/www.webdo.tn\\\/fr\\\/wp-content\\\/uploads\\\/2025\\\/06\\\/Webdo-Tunisie_168377.jpg\",\"width\":301,\"height\":301,\"caption\":\"Webdo\"},\"image\":{\"@id\":\"https:\\\/\\\/www.webdo.tn\\\/fr\\\/#\\\/schema\\\/logo\\\/image\\\/\"},\"sameAs\":[\"https:\\\/\\\/www.facebook.com\\\/webdotn\",\"https:\\\/\\\/x.com\\\/webdo_tn\"],\"description\":\"Webdo est un m\u00e9dia num\u00e9rique tunisien fond\u00e9 en 2010, sp\u00e9cialis\u00e9 dans l\u2019actualit\u00e9 nationale et internationale, l\u2019\u00e9conomie, la soci\u00e9t\u00e9 et les analyses politiques. Le site s\u2019adresse \u00e0 un large public francophone et couvre l\u2019information tunisienne en temps r\u00e9el.\",\"email\":\"redac@webdo.tn\",\"legalName\":\"YNJ SARL\",\"foundingDate\":\"2010-09-06\",\"numberOfEmployees\":{\"@type\":\"QuantitativeValue\",\"minValue\":\"11\",\"maxValue\":\"50\"}},{\"@type\":\"Person\",\"@id\":\"https:\\\/\\\/www.webdo.tn\\\/fr\\\/#\\\/schema\\\/person\\\/6bc0beba2cd23aec27cb5df85ca2554f\",\"name\":\"Hatem Bourial\",\"image\":{\"@type\":\"ImageObject\",\"inLanguage\":\"fr-FR\",\"@id\":\"https:\\\/\\\/www.webdo.tn\\\/fr\\\/wp-content\\\/uploads\\\/2026\\\/04\\\/hatem-bourial_avatar-96x96.jpg\",\"url\":\"https:\\\/\\\/www.webdo.tn\\\/fr\\\/wp-content\\\/uploads\\\/2026\\\/04\\\/hatem-bourial_avatar-96x96.jpg\",\"contentUrl\":\"https:\\\/\\\/www.webdo.tn\\\/fr\\\/wp-content\\\/uploads\\\/2026\\\/04\\\/hatem-bourial_avatar-96x96.jpg\",\"caption\":\"Hatem Bourial\"},\"description\":\"Hatem Bourial est journaliste, \u00e9crivain et chroniqueur tunisien. Actif depuis plusieurs d\u00e9cennies, il s\u2019est impos\u00e9 comme un observateur attentif de la soci\u00e9t\u00e9 tunisienne, m\u00ealant dans ses \u00e9crits m\u00e9moire, culture et analyse du quotidien. Auteur de nombreux ouvrages, il d\u00e9veloppe une \u0153uvre \u00e0 la crois\u00e9e du r\u00e9cit, de la po\u00e9sie et de l\u2019observation sociologique. Parall\u00e8lement \u00e0 ses contributions dans la presse, il intervient r\u00e9guli\u00e8rement \u00e0 la radio et dans des espaces culturels, o\u00f9 il explore les enjeux li\u00e9s au patrimoine, \u00e0 l\u2019identit\u00e9 et aux transformations du monde contemporain. \u00c0 travers ses chroniques, Hatem Bourial propose une lecture sensible et approfondie de l\u2019actualit\u00e9, nourrie par une exp\u00e9rience journalistique et litt\u00e9raire reconnue. \ud83d\udd17 Facebook : https:\\\/\\\/www.facebook.com\\\/hatem.bourial.2025\",\"sameAs\":[\"https:\\\/\\\/www.facebook.com\\\/hatem.bourial.2025\",\"https:\\\/\\\/fr.wikipedia.org\\\/wiki\\\/Fichier:Hatem_Bourial.jpg\"],\"knowsAbout\":[\"Culture & patrimoine tunisien\",\"Chronique soci\u00e9tale\",\"Litt\u00e9rature & m\u00e9moire\",\"Cin\u00e9ma & critique culturelle\",\"Identit\u00e9 & mutations sociales\"],\"knowsLanguage\":[\"Arabe\",\"Fran\u00e7ais\",\"Anglais\",\"Italien\",\"Polonais\"],\"jobTitle\":\"Journaliste, \u00e9crivain et chroniqueur culturel\",\"worksFor\":\"Webdo\",\"url\":\"https:\\\/\\\/www.webdo.tn\\\/fr\\\/actualite\\\/author\\\/hatem-bourial-2\\\/\"}]}<\/script>\n<!-- \/ Yoast SEO Premium plugin. -->","yoast_head_json":{"title":"La troisi\u00e8me \u00e9dition de Matabbia aura lieu \u00e0 Mazara del Vallo","description":"La manifestation culturelle Matabbia aura lieu du 11 au 13 octobre \u00e0 Mazara del Vallo et sera ax\u00e9 sur les exp\u00e9riences du vivre-ensemble des Siciliens en Tunisie...","canonical":"https:\/\/www.webdo.tn\/fr\/actualite\/culture\/la-troisieme-edition-de-matabbia-aura-lieu-a-mazara-del-vallo\/216282\/","og_locale":"fr_FR","og_type":"article","og_title":"La troisi\u00e8me \u00e9dition de Matabbia aura lieu \u00e0 Mazara del Vallo","og_description":"La manifestation culturelle Matabbia aura lieu du 11 au 13 octobre \u00e0 Mazara del Vallo et sera ax\u00e9 sur les exp\u00e9riences du vivre-ensemble des Siciliens en Tunisie...","og_url":"https:\/\/www.webdo.tn\/fr\/actualite\/culture\/la-troisieme-edition-de-matabbia-aura-lieu-a-mazara-del-vallo\/216282\/","og_site_name":"webdo","article_publisher":"https:\/\/www.facebook.com\/webdotn","article_author":"https:\/\/www.facebook.com\/hatem.bourial.2025","article_published_time":"2024-09-10T09:05:00+00:00","article_modified_time":"2025-05-14T09:40:58+00:00","og_image":[{"width":750,"height":400,"url":"https:\/\/www.webdo.tn\/fr\/wp-content\/uploads\/2024\/09\/2ddb28a928afc6c134d3204677339b8e.webp","type":"image\/webp"}],"author":"Hatem Bourial","twitter_card":"summary_large_image","twitter_creator":"@webdo_tn","twitter_site":"@webdo_tn","twitter_misc":{"\u00c9crit par":"Hatem Bourial","Dur\u00e9e de lecture estim\u00e9e":"1 minute"},"schema":{"@context":"https:\/\/schema.org","@graph":[{"@type":"NewsArticle","@id":"https:\/\/www.webdo.tn\/fr\/actualite\/culture\/la-troisieme-edition-de-matabbia-aura-lieu-a-mazara-del-vallo\/216282\/#article","isPartOf":{"@id":"https:\/\/www.webdo.tn\/fr\/actualite\/culture\/la-troisieme-edition-de-matabbia-aura-lieu-a-mazara-del-vallo\/216282\/"},"author":{"name":"Hatem Bourial","@id":"https:\/\/www.webdo.tn\/fr\/#\/schema\/person\/6bc0beba2cd23aec27cb5df85ca2554f"},"headline":"La troisi\u00e8me \u00e9dition de Matabbia aura lieu \u00e0 Mazara del Vallo","datePublished":"2024-09-10T09:05:00+00:00","dateModified":"2025-05-14T09:40:58+00:00","mainEntityOfPage":{"@id":"https:\/\/www.webdo.tn\/fr\/actualite\/culture\/la-troisieme-edition-de-matabbia-aura-lieu-a-mazara-del-vallo\/216282\/"},"wordCount":190,"commentCount":0,"publisher":{"@id":"https:\/\/www.webdo.tn\/fr\/#organization"},"image":{"@id":"https:\/\/www.webdo.tn\/fr\/actualite\/culture\/la-troisieme-edition-de-matabbia-aura-lieu-a-mazara-del-vallo\/216282\/#primaryimage"},"thumbnailUrl":"https:\/\/www.webdo.tn\/fr\/wp-content\/uploads\/2024\/09\/2ddb28a928afc6c134d3204677339b8e.webp","keywords":["sicile","Tunisie"],"articleSection":["Culture"],"inLanguage":"fr-FR"},{"@type":"WebPage","@id":"https:\/\/www.webdo.tn\/fr\/actualite\/culture\/la-troisieme-edition-de-matabbia-aura-lieu-a-mazara-del-vallo\/216282\/","url":"https:\/\/www.webdo.tn\/fr\/actualite\/culture\/la-troisieme-edition-de-matabbia-aura-lieu-a-mazara-del-vallo\/216282\/","name":"La troisi\u00e8me \u00e9dition de Matabbia aura lieu \u00e0 Mazara del Vallo","isPartOf":{"@id":"https:\/\/www.webdo.tn\/fr\/#website"},"primaryImageOfPage":{"@id":"https:\/\/www.webdo.tn\/fr\/actualite\/culture\/la-troisieme-edition-de-matabbia-aura-lieu-a-mazara-del-vallo\/216282\/#primaryimage"},"image":{"@id":"https:\/\/www.webdo.tn\/fr\/actualite\/culture\/la-troisieme-edition-de-matabbia-aura-lieu-a-mazara-del-vallo\/216282\/#primaryimage"},"thumbnailUrl":"https:\/\/www.webdo.tn\/fr\/wp-content\/uploads\/2024\/09\/2ddb28a928afc6c134d3204677339b8e.webp","datePublished":"2024-09-10T09:05:00+00:00","dateModified":"2025-05-14T09:40:58+00:00","description":"La manifestation culturelle Matabbia aura lieu du 11 au 13 octobre \u00e0 Mazara del Vallo et sera ax\u00e9 sur les exp\u00e9riences du vivre-ensemble des Siciliens en Tunisie...","breadcrumb":{"@id":"https:\/\/www.webdo.tn\/fr\/actualite\/culture\/la-troisieme-edition-de-matabbia-aura-lieu-a-mazara-del-vallo\/216282\/#breadcrumb"},"inLanguage":"fr-FR","potentialAction":[{"@type":"ReadAction","target":["https:\/\/www.webdo.tn\/fr\/actualite\/culture\/la-troisieme-edition-de-matabbia-aura-lieu-a-mazara-del-vallo\/216282\/"]}]},{"@type":"ImageObject","inLanguage":"fr-FR","@id":"https:\/\/www.webdo.tn\/fr\/actualite\/culture\/la-troisieme-edition-de-matabbia-aura-lieu-a-mazara-del-vallo\/216282\/#primaryimage","url":"https:\/\/www.webdo.tn\/fr\/wp-content\/uploads\/2024\/09\/2ddb28a928afc6c134d3204677339b8e.webp","contentUrl":"https:\/\/www.webdo.tn\/fr\/wp-content\/uploads\/2024\/09\/2ddb28a928afc6c134d3204677339b8e.webp","width":750,"height":400,"caption":"La troisi\u00e8me \u00e9dition de Matabbia aura lieu \u00e0 Mazara del Vallo"},{"@type":"BreadcrumbList","@id":"https:\/\/www.webdo.tn\/fr\/actualite\/culture\/la-troisieme-edition-de-matabbia-aura-lieu-a-mazara-del-vallo\/216282\/#breadcrumb","itemListElement":[{"@type":"ListItem","position":1,"name":"Accueil","item":"https:\/\/www.webdo.tn\/fr\/"},{"@type":"ListItem","position":2,"name":"La troisi\u00e8me \u00e9dition de Matabbia aura lieu \u00e0 Mazara del Vallo"}]},{"@type":"WebSite","@id":"https:\/\/www.webdo.tn\/fr\/#website","url":"https:\/\/www.webdo.tn\/fr\/","name":"webdo","description":"Tunisie - News en Tunisie et \u00e0 l&#039;international sur Webdo.tn","publisher":{"@id":"https:\/\/www.webdo.tn\/fr\/#organization"},"potentialAction":[{"@type":"SearchAction","target":{"@type":"EntryPoint","urlTemplate":"https:\/\/www.webdo.tn\/fr\/?s={search_term_string}"},"query-input":{"@type":"PropertyValueSpecification","valueRequired":true,"valueName":"search_term_string"}}],"inLanguage":"fr-FR"},{"@type":"Organization","@id":"https:\/\/www.webdo.tn\/fr\/#organization","name":"Webdo","alternateName":"Webdo.tn","url":"https:\/\/www.webdo.tn\/fr\/","logo":{"@type":"ImageObject","inLanguage":"fr-FR","@id":"https:\/\/www.webdo.tn\/fr\/#\/schema\/logo\/image\/","url":"https:\/\/www.webdo.tn\/fr\/wp-content\/uploads\/2025\/06\/Webdo-Tunisie_168377.jpg","contentUrl":"https:\/\/www.webdo.tn\/fr\/wp-content\/uploads\/2025\/06\/Webdo-Tunisie_168377.jpg","width":301,"height":301,"caption":"Webdo"},"image":{"@id":"https:\/\/www.webdo.tn\/fr\/#\/schema\/logo\/image\/"},"sameAs":["https:\/\/www.facebook.com\/webdotn","https:\/\/x.com\/webdo_tn"],"description":"Webdo est un m\u00e9dia num\u00e9rique tunisien fond\u00e9 en 2010, sp\u00e9cialis\u00e9 dans l\u2019actualit\u00e9 nationale et internationale, l\u2019\u00e9conomie, la soci\u00e9t\u00e9 et les analyses politiques. Le site s\u2019adresse \u00e0 un large public francophone et couvre l\u2019information tunisienne en temps r\u00e9el.","email":"redac@webdo.tn","legalName":"YNJ SARL","foundingDate":"2010-09-06","numberOfEmployees":{"@type":"QuantitativeValue","minValue":"11","maxValue":"50"}},{"@type":"Person","@id":"https:\/\/www.webdo.tn\/fr\/#\/schema\/person\/6bc0beba2cd23aec27cb5df85ca2554f","name":"Hatem Bourial","image":{"@type":"ImageObject","inLanguage":"fr-FR","@id":"https:\/\/www.webdo.tn\/fr\/wp-content\/uploads\/2026\/04\/hatem-bourial_avatar-96x96.jpg","url":"https:\/\/www.webdo.tn\/fr\/wp-content\/uploads\/2026\/04\/hatem-bourial_avatar-96x96.jpg","contentUrl":"https:\/\/www.webdo.tn\/fr\/wp-content\/uploads\/2026\/04\/hatem-bourial_avatar-96x96.jpg","caption":"Hatem Bourial"},"description":"Hatem Bourial est journaliste, \u00e9crivain et chroniqueur tunisien. Actif depuis plusieurs d\u00e9cennies, il s\u2019est impos\u00e9 comme un observateur attentif de la soci\u00e9t\u00e9 tunisienne, m\u00ealant dans ses \u00e9crits m\u00e9moire, culture et analyse du quotidien. Auteur de nombreux ouvrages, il d\u00e9veloppe une \u0153uvre \u00e0 la crois\u00e9e du r\u00e9cit, de la po\u00e9sie et de l\u2019observation sociologique. Parall\u00e8lement \u00e0 ses contributions dans la presse, il intervient r\u00e9guli\u00e8rement \u00e0 la radio et dans des espaces culturels, o\u00f9 il explore les enjeux li\u00e9s au patrimoine, \u00e0 l\u2019identit\u00e9 et aux transformations du monde contemporain. \u00c0 travers ses chroniques, Hatem Bourial propose une lecture sensible et approfondie de l\u2019actualit\u00e9, nourrie par une exp\u00e9rience journalistique et litt\u00e9raire reconnue. \ud83d\udd17 Facebook : https:\/\/www.facebook.com\/hatem.bourial.2025","sameAs":["https:\/\/www.facebook.com\/hatem.bourial.2025","https:\/\/fr.wikipedia.org\/wiki\/Fichier:Hatem_Bourial.jpg"],"knowsAbout":["Culture & patrimoine tunisien","Chronique soci\u00e9tale","Litt\u00e9rature & m\u00e9moire","Cin\u00e9ma & critique culturelle","Identit\u00e9 & mutations sociales"],"knowsLanguage":["Arabe","Fran\u00e7ais","Anglais","Italien","Polonais"],"jobTitle":"Journaliste, \u00e9crivain et chroniqueur culturel","worksFor":"Webdo","url":"https:\/\/www.webdo.tn\/fr\/actualite\/author\/hatem-bourial-2\/"}]}},"_links":{"self":[{"href":"https:\/\/www.webdo.tn\/fr\/wp-json\/wp\/v2\/posts\/216282","targetHints":{"allow":["GET"]}}],"collection":[{"href":"https:\/\/www.webdo.tn\/fr\/wp-json\/wp\/v2\/posts"}],"about":[{"href":"https:\/\/www.webdo.tn\/fr\/wp-json\/wp\/v2\/types\/post"}],"author":[{"embeddable":true,"href":"https:\/\/www.webdo.tn\/fr\/wp-json\/wp\/v2\/users\/3229"}],"replies":[{"embeddable":true,"href":"https:\/\/www.webdo.tn\/fr\/wp-json\/wp\/v2\/comments?post=216282"}],"version-history":[{"count":0,"href":"https:\/\/www.webdo.tn\/fr\/wp-json\/wp\/v2\/posts\/216282\/revisions"}],"wp:featuredmedia":[{"embeddable":true,"href":"https:\/\/www.webdo.tn\/fr\/wp-json\/wp\/v2\/media\/246607"}],"wp:attachment":[{"href":"https:\/\/www.webdo.tn\/fr\/wp-json\/wp\/v2\/media?parent=216282"}],"wp:term":[{"taxonomy":"category","embeddable":true,"href":"https:\/\/www.webdo.tn\/fr\/wp-json\/wp\/v2\/categories?post=216282"},{"taxonomy":"post_tag","embeddable":true,"href":"https:\/\/www.webdo.tn\/fr\/wp-json\/wp\/v2\/tags?post=216282"}],"curies":[{"name":"wp","href":"https:\/\/api.w.org\/{rel}","templated":true}]}}