{"id":216280,"date":"2024-09-09T22:38:00","date_gmt":"2024-09-09T22:38:00","guid":{"rendered":"https:\/\/www.webdo.tn\/fr\/blog\/tunisie-la-ligne-d-du-rfr-dans-sa-derniere-ligne-droite\/216280\/"},"modified":"2025-05-20T21:49:10","modified_gmt":"2025-05-20T21:49:10","slug":"tunisie-la-ligne-d-du-rfr-dans-sa-derniere-ligne-droite","status":"publish","type":"post","link":"https:\/\/www.webdo.tn\/fr\/actualite\/national\/tunisie-la-ligne-d-du-rfr-dans-sa-derniere-ligne-droite\/216280\/","title":{"rendered":"Tunisie : La ligne D du RFR dans sa derni\u00e8re ligne droite"},"content":{"rendered":"<p>Le r\u00e9seau ferroviaire rapide (RFR) du Grand-Tunis a \u00e9t\u00e9 au centre d&rsquo;une r\u00e9union de travail pr\u00e9sid\u00e9e par le ministre des Transports Rachid Amri.<\/p>\n<p>\t\t\t\t\t\t\t\t\tLe ministre des Transports, Rachid Amari, a pr\u00e9sid\u00e9 aujourd&rsquo;hui, lundi 9 septembre 2024, une r\u00e9union de travail consacr\u00e9e \u00e0 l&rsquo;examen de l&rsquo;avancement du projet de r\u00e9seau ferroviaire rapide de le Grand-Tunis, en particulier en ce qui concerne l&rsquo;ach\u00e8vement de la ligne D devant relier la place de Barcelone (centre de Tunis) et la station de Gob\u00e2a (ville de la Manouba).<\/p>\n<p>Lors de la r\u00e9union, le ministre a pris connaissance d&rsquo;une pr\u00e9sentation faite par le pr\u00e9sident-directeur g\u00e9n\u00e9ral de la Soci\u00e9t\u00e9 Tunisienne du R\u00e9seau Ferroviaire Rapide (RFR), Lotfi Chouba, en pr\u00e9sence de plusieurs responsables de l&rsquo;entreprise et de cadres du minist\u00e8re.<\/p>\n<p>La pr\u00e9sentation a port\u00e9 sur les difficult\u00e9s rencontr\u00e9es dans l&rsquo;ach\u00e8vement de ce projet. Dans ce contexte, le ministre a recommand\u00e9 d&rsquo;acc\u00e9l\u00e9rer la mise en service de la ligne D dans les plus brefs d\u00e9lais, tout en respectant les exigences du protocole de s\u00e9curit\u00e9, de sant\u00e9 et d&rsquo;environnement.<\/p>\n<p>Par ailleurs, le ministre a ordonn\u00e9 d&rsquo;acc\u00e9l\u00e9rer la r\u00e9alisation de la deuxi\u00e8me phase du projet.<\/p>\n<p>La ligne D op\u00e9rationnelle fin 2024 ?<\/p>\n<p>Rappelons que Lotfi Chouba, avait fait savoir en avril dernier que les travaux de la ligne ferroviaire D avan\u00e7aient \u00e0 grands pas et qu&rsquo;elle entrerait en service fin 2024, soulignant la n\u00e9cessit\u00e9 d&rsquo;acc\u00e9l\u00e9rer la r\u00e9alisation des travaux.<\/p>\n<p>Chouba a indiqu\u00e9 que la ligne Barcelone \u2013 Gob\u00e2a contribuera de mani\u00e8re significative \u00e0 att\u00e9nuer la congestion routi\u00e8re, en particulier au niveau de la Route X.<\/p>\n<p>Rappelons que l\u2019ancien ministre des Transports avait annonc\u00e9 que la mise en service de cette ligne se fera progressivement, durant le mois de septembre 2024.<\/p>\n<p>Cette ligne a \u00e9t\u00e9 bloqu\u00e9e depuis des ann\u00e9es \u00e0 cause des diff\u00e9rends avec la municipalit\u00e9 du Bardo, concernant le passage de la ligne de RFR de la place du Bardo.<\/p>\n<p>Le Tribunal administratif a annul\u00e9, le 9 f\u00e9vrier 2024, la d\u00e9cision du conseil municipal du Bardo n\u00b0 5815, relative \u00e0 la suspension des travaux au niveau de la r\u00e9gion du Bardo.<\/p>\n","protected":false},"excerpt":{"rendered":"<p>Le ministre des Transports, Rachid Amari, a pr\u00e9sid\u00e9 aujourd&rsquo;hui, lundi 9 septembre 2024, une r\u00e9union de travail consacr\u00e9e \u00e0 l&rsquo;examen de l&rsquo;avancement du projet d&#8230;<\/p>\n","protected":false},"author":3162,"featured_media":246606,"comment_status":"open","ping_status":"closed","sticky":false,"template":"","format":"standard","meta":{"footnotes":""},"categories":[44],"tags":[3285,2818,2640,2608],"class_list":["post-216280","post","type-post","status-publish","format-standard","has-post-thumbnail","hentry","category-national","tag-rfr","tag-transport","tag-tunis","tag-tunisie"],"yoast_head":"<!-- This site is optimized with the Yoast SEO Premium plugin v27.4 (Yoast SEO v27.5) - https:\/\/yoast.com\/product\/yoast-seo-premium-wordpress\/ -->\n<title>Tunisie : La ligne D du RFR dans sa derni\u00e8re ligne droite<\/title>\n<meta name=\"description\" content=\"Le ministre des Transports, Rachid Amari, a pr\u00e9sid\u00e9 aujourd&#039;hui, lundi 9 septembre 2024, une r\u00e9union de travail consacr\u00e9e \u00e0 l&#039;examen de l&#039;avancement du projet d...\" \/>\n<link rel=\"canonical\" href=\"https:\/\/www.webdo.tn\/fr\/actualite\/national\/tunisie-la-ligne-d-du-rfr-dans-sa-derniere-ligne-droite\/216280\/\" \/>\n<meta property=\"og:locale\" content=\"fr_FR\" \/>\n<meta property=\"og:type\" content=\"article\" \/>\n<meta property=\"og:title\" content=\"Tunisie : La ligne D du RFR dans sa derni\u00e8re ligne droite\" \/>\n<meta property=\"og:description\" content=\"Le ministre des Transports, Rachid Amari, a pr\u00e9sid\u00e9 aujourd&#039;hui, lundi 9 septembre 2024, une r\u00e9union de travail consacr\u00e9e \u00e0 l&#039;examen de l&#039;avancement du projet d...\" \/>\n<meta property=\"og:url\" content=\"https:\/\/www.webdo.tn\/fr\/actualite\/national\/tunisie-la-ligne-d-du-rfr-dans-sa-derniere-ligne-droite\/216280\/\" \/>\n<meta property=\"og:site_name\" content=\"webdo\" \/>\n<meta property=\"article:publisher\" content=\"https:\/\/www.facebook.com\/webdotn\" \/>\n<meta property=\"article:published_time\" content=\"2024-09-09T22:38:00+00:00\" \/>\n<meta property=\"article:modified_time\" content=\"2025-05-20T21:49:10+00:00\" \/>\n<meta property=\"og:image\" content=\"https:\/\/www.webdo.tn\/fr\/wp-content\/uploads\/2024\/09\/3acbcf2e832d2eada6b91f7834c76afd.webp\" \/>\n\t<meta property=\"og:image:width\" content=\"750\" \/>\n\t<meta property=\"og:image:height\" content=\"400\" \/>\n\t<meta property=\"og:image:type\" content=\"image\/webp\" \/>\n<meta name=\"author\" content=\"MC\" \/>\n<meta name=\"twitter:card\" content=\"summary_large_image\" \/>\n<meta name=\"twitter:creator\" content=\"@webdo_tn\" \/>\n<meta name=\"twitter:site\" content=\"@webdo_tn\" \/>\n<meta name=\"twitter:label1\" content=\"\u00c9crit par\" \/>\n\t<meta name=\"twitter:data1\" content=\"MC\" \/>\n\t<meta name=\"twitter:label2\" content=\"Dur\u00e9e de lecture estim\u00e9e\" \/>\n\t<meta name=\"twitter:data2\" content=\"2 minutes\" \/>\n<script type=\"application\/ld+json\" class=\"yoast-schema-graph\">{\"@context\":\"https:\\\/\\\/schema.org\",\"@graph\":[{\"@type\":\"NewsArticle\",\"@id\":\"https:\\\/\\\/www.webdo.tn\\\/fr\\\/actualite\\\/national\\\/tunisie-la-ligne-d-du-rfr-dans-sa-derniere-ligne-droite\\\/216280\\\/#article\",\"isPartOf\":{\"@id\":\"https:\\\/\\\/www.webdo.tn\\\/fr\\\/actualite\\\/national\\\/tunisie-la-ligne-d-du-rfr-dans-sa-derniere-ligne-droite\\\/216280\\\/\"},\"author\":{\"name\":\"MC\",\"@id\":\"https:\\\/\\\/www.webdo.tn\\\/fr\\\/#\\\/schema\\\/person\\\/2c4929cbf5a809e3bd38617c6ce150f6\"},\"headline\":\"Tunisie : La ligne D du RFR dans sa derni\u00e8re ligne droite\",\"datePublished\":\"2024-09-09T22:38:00+00:00\",\"dateModified\":\"2025-05-20T21:49:10+00:00\",\"mainEntityOfPage\":{\"@id\":\"https:\\\/\\\/www.webdo.tn\\\/fr\\\/actualite\\\/national\\\/tunisie-la-ligne-d-du-rfr-dans-sa-derniere-ligne-droite\\\/216280\\\/\"},\"wordCount\":398,\"commentCount\":0,\"publisher\":{\"@id\":\"https:\\\/\\\/www.webdo.tn\\\/fr\\\/#organization\"},\"image\":{\"@id\":\"https:\\\/\\\/www.webdo.tn\\\/fr\\\/actualite\\\/national\\\/tunisie-la-ligne-d-du-rfr-dans-sa-derniere-ligne-droite\\\/216280\\\/#primaryimage\"},\"thumbnailUrl\":\"https:\\\/\\\/www.webdo.tn\\\/fr\\\/wp-content\\\/uploads\\\/2024\\\/09\\\/3acbcf2e832d2eada6b91f7834c76afd.webp\",\"keywords\":[\"RFR\",\"Transport\",\"Tunis\",\"Tunisie\"],\"articleSection\":[\"National\"],\"inLanguage\":\"fr-FR\"},{\"@type\":\"WebPage\",\"@id\":\"https:\\\/\\\/www.webdo.tn\\\/fr\\\/actualite\\\/national\\\/tunisie-la-ligne-d-du-rfr-dans-sa-derniere-ligne-droite\\\/216280\\\/\",\"url\":\"https:\\\/\\\/www.webdo.tn\\\/fr\\\/actualite\\\/national\\\/tunisie-la-ligne-d-du-rfr-dans-sa-derniere-ligne-droite\\\/216280\\\/\",\"name\":\"Tunisie : La ligne D du RFR dans sa derni\u00e8re ligne droite\",\"isPartOf\":{\"@id\":\"https:\\\/\\\/www.webdo.tn\\\/fr\\\/#website\"},\"primaryImageOfPage\":{\"@id\":\"https:\\\/\\\/www.webdo.tn\\\/fr\\\/actualite\\\/national\\\/tunisie-la-ligne-d-du-rfr-dans-sa-derniere-ligne-droite\\\/216280\\\/#primaryimage\"},\"image\":{\"@id\":\"https:\\\/\\\/www.webdo.tn\\\/fr\\\/actualite\\\/national\\\/tunisie-la-ligne-d-du-rfr-dans-sa-derniere-ligne-droite\\\/216280\\\/#primaryimage\"},\"thumbnailUrl\":\"https:\\\/\\\/www.webdo.tn\\\/fr\\\/wp-content\\\/uploads\\\/2024\\\/09\\\/3acbcf2e832d2eada6b91f7834c76afd.webp\",\"datePublished\":\"2024-09-09T22:38:00+00:00\",\"dateModified\":\"2025-05-20T21:49:10+00:00\",\"description\":\"Le ministre des Transports, Rachid Amari, a pr\u00e9sid\u00e9 aujourd'hui, lundi 9 septembre 2024, une r\u00e9union de travail consacr\u00e9e \u00e0 l'examen de l'avancement du projet d...\",\"breadcrumb\":{\"@id\":\"https:\\\/\\\/www.webdo.tn\\\/fr\\\/actualite\\\/national\\\/tunisie-la-ligne-d-du-rfr-dans-sa-derniere-ligne-droite\\\/216280\\\/#breadcrumb\"},\"inLanguage\":\"fr-FR\",\"potentialAction\":[{\"@type\":\"ReadAction\",\"target\":[\"https:\\\/\\\/www.webdo.tn\\\/fr\\\/actualite\\\/national\\\/tunisie-la-ligne-d-du-rfr-dans-sa-derniere-ligne-droite\\\/216280\\\/\"]}]},{\"@type\":\"ImageObject\",\"inLanguage\":\"fr-FR\",\"@id\":\"https:\\\/\\\/www.webdo.tn\\\/fr\\\/actualite\\\/national\\\/tunisie-la-ligne-d-du-rfr-dans-sa-derniere-ligne-droite\\\/216280\\\/#primaryimage\",\"url\":\"https:\\\/\\\/www.webdo.tn\\\/fr\\\/wp-content\\\/uploads\\\/2024\\\/09\\\/3acbcf2e832d2eada6b91f7834c76afd.webp\",\"contentUrl\":\"https:\\\/\\\/www.webdo.tn\\\/fr\\\/wp-content\\\/uploads\\\/2024\\\/09\\\/3acbcf2e832d2eada6b91f7834c76afd.webp\",\"width\":750,\"height\":400,\"caption\":\"Tunisie : La ligne D du RFR dans sa derni\u00e8re ligne droite\"},{\"@type\":\"BreadcrumbList\",\"@id\":\"https:\\\/\\\/www.webdo.tn\\\/fr\\\/actualite\\\/national\\\/tunisie-la-ligne-d-du-rfr-dans-sa-derniere-ligne-droite\\\/216280\\\/#breadcrumb\",\"itemListElement\":[{\"@type\":\"ListItem\",\"position\":1,\"name\":\"Accueil\",\"item\":\"https:\\\/\\\/www.webdo.tn\\\/fr\\\/\"},{\"@type\":\"ListItem\",\"position\":2,\"name\":\"Tunisie : La ligne D du RFR dans sa derni\u00e8re ligne droite\"}]},{\"@type\":\"WebSite\",\"@id\":\"https:\\\/\\\/www.webdo.tn\\\/fr\\\/#website\",\"url\":\"https:\\\/\\\/www.webdo.tn\\\/fr\\\/\",\"name\":\"webdo\",\"description\":\"Tunisie - News en Tunisie et \u00e0 l&#039;international sur Webdo.tn\",\"publisher\":{\"@id\":\"https:\\\/\\\/www.webdo.tn\\\/fr\\\/#organization\"},\"potentialAction\":[{\"@type\":\"SearchAction\",\"target\":{\"@type\":\"EntryPoint\",\"urlTemplate\":\"https:\\\/\\\/www.webdo.tn\\\/fr\\\/?s={search_term_string}\"},\"query-input\":{\"@type\":\"PropertyValueSpecification\",\"valueRequired\":true,\"valueName\":\"search_term_string\"}}],\"inLanguage\":\"fr-FR\"},{\"@type\":\"Organization\",\"@id\":\"https:\\\/\\\/www.webdo.tn\\\/fr\\\/#organization\",\"name\":\"Webdo\",\"alternateName\":\"Webdo.tn\",\"url\":\"https:\\\/\\\/www.webdo.tn\\\/fr\\\/\",\"logo\":{\"@type\":\"ImageObject\",\"inLanguage\":\"fr-FR\",\"@id\":\"https:\\\/\\\/www.webdo.tn\\\/fr\\\/#\\\/schema\\\/logo\\\/image\\\/\",\"url\":\"https:\\\/\\\/www.webdo.tn\\\/fr\\\/wp-content\\\/uploads\\\/2025\\\/06\\\/Webdo-Tunisie_168377.jpg\",\"contentUrl\":\"https:\\\/\\\/www.webdo.tn\\\/fr\\\/wp-content\\\/uploads\\\/2025\\\/06\\\/Webdo-Tunisie_168377.jpg\",\"width\":301,\"height\":301,\"caption\":\"Webdo\"},\"image\":{\"@id\":\"https:\\\/\\\/www.webdo.tn\\\/fr\\\/#\\\/schema\\\/logo\\\/image\\\/\"},\"sameAs\":[\"https:\\\/\\\/www.facebook.com\\\/webdotn\",\"https:\\\/\\\/x.com\\\/webdo_tn\"],\"description\":\"Webdo est un m\u00e9dia num\u00e9rique tunisien fond\u00e9 en 2010, sp\u00e9cialis\u00e9 dans l\u2019actualit\u00e9 nationale et internationale, l\u2019\u00e9conomie, la soci\u00e9t\u00e9 et les analyses politiques. Le site s\u2019adresse \u00e0 un large public francophone et couvre l\u2019information tunisienne en temps r\u00e9el.\",\"email\":\"redac@webdo.tn\",\"legalName\":\"YNJ SARL\",\"foundingDate\":\"2010-09-06\",\"numberOfEmployees\":{\"@type\":\"QuantitativeValue\",\"minValue\":\"11\",\"maxValue\":\"50\"}},{\"@type\":\"Person\",\"@id\":\"https:\\\/\\\/www.webdo.tn\\\/fr\\\/#\\\/schema\\\/person\\\/2c4929cbf5a809e3bd38617c6ce150f6\",\"name\":\"MC\",\"image\":{\"@type\":\"ImageObject\",\"inLanguage\":\"fr-FR\",\"@id\":\"https:\\\/\\\/secure.gravatar.com\\\/avatar\\\/a545bbb6f84efdd5553dbbc2895e3ca8f1d12c5215e00a041c9670b54aa9b18a?s=96&d=mm&r=g\",\"url\":\"https:\\\/\\\/secure.gravatar.com\\\/avatar\\\/a545bbb6f84efdd5553dbbc2895e3ca8f1d12c5215e00a041c9670b54aa9b18a?s=96&d=mm&r=g\",\"contentUrl\":\"https:\\\/\\\/secure.gravatar.com\\\/avatar\\\/a545bbb6f84efdd5553dbbc2895e3ca8f1d12c5215e00a041c9670b54aa9b18a?s=96&d=mm&r=g\",\"caption\":\"MC\"},\"url\":\"https:\\\/\\\/www.webdo.tn\\\/fr\\\/actualite\\\/author\\\/mc\\\/\"}]}<\/script>\n<!-- \/ Yoast SEO Premium plugin. -->","yoast_head_json":{"title":"Tunisie : La ligne D du RFR dans sa derni\u00e8re ligne droite","description":"Le ministre des Transports, Rachid Amari, a pr\u00e9sid\u00e9 aujourd'hui, lundi 9 septembre 2024, une r\u00e9union de travail consacr\u00e9e \u00e0 l'examen de l'avancement du projet d...","canonical":"https:\/\/www.webdo.tn\/fr\/actualite\/national\/tunisie-la-ligne-d-du-rfr-dans-sa-derniere-ligne-droite\/216280\/","og_locale":"fr_FR","og_type":"article","og_title":"Tunisie : La ligne D du RFR dans sa derni\u00e8re ligne droite","og_description":"Le ministre des Transports, Rachid Amari, a pr\u00e9sid\u00e9 aujourd'hui, lundi 9 septembre 2024, une r\u00e9union de travail consacr\u00e9e \u00e0 l'examen de l'avancement du projet d...","og_url":"https:\/\/www.webdo.tn\/fr\/actualite\/national\/tunisie-la-ligne-d-du-rfr-dans-sa-derniere-ligne-droite\/216280\/","og_site_name":"webdo","article_publisher":"https:\/\/www.facebook.com\/webdotn","article_published_time":"2024-09-09T22:38:00+00:00","article_modified_time":"2025-05-20T21:49:10+00:00","og_image":[{"width":750,"height":400,"url":"https:\/\/www.webdo.tn\/fr\/wp-content\/uploads\/2024\/09\/3acbcf2e832d2eada6b91f7834c76afd.webp","type":"image\/webp"}],"author":"MC","twitter_card":"summary_large_image","twitter_creator":"@webdo_tn","twitter_site":"@webdo_tn","twitter_misc":{"\u00c9crit par":"MC","Dur\u00e9e de lecture estim\u00e9e":"2 minutes"},"schema":{"@context":"https:\/\/schema.org","@graph":[{"@type":"NewsArticle","@id":"https:\/\/www.webdo.tn\/fr\/actualite\/national\/tunisie-la-ligne-d-du-rfr-dans-sa-derniere-ligne-droite\/216280\/#article","isPartOf":{"@id":"https:\/\/www.webdo.tn\/fr\/actualite\/national\/tunisie-la-ligne-d-du-rfr-dans-sa-derniere-ligne-droite\/216280\/"},"author":{"name":"MC","@id":"https:\/\/www.webdo.tn\/fr\/#\/schema\/person\/2c4929cbf5a809e3bd38617c6ce150f6"},"headline":"Tunisie : La ligne D du RFR dans sa derni\u00e8re ligne droite","datePublished":"2024-09-09T22:38:00+00:00","dateModified":"2025-05-20T21:49:10+00:00","mainEntityOfPage":{"@id":"https:\/\/www.webdo.tn\/fr\/actualite\/national\/tunisie-la-ligne-d-du-rfr-dans-sa-derniere-ligne-droite\/216280\/"},"wordCount":398,"commentCount":0,"publisher":{"@id":"https:\/\/www.webdo.tn\/fr\/#organization"},"image":{"@id":"https:\/\/www.webdo.tn\/fr\/actualite\/national\/tunisie-la-ligne-d-du-rfr-dans-sa-derniere-ligne-droite\/216280\/#primaryimage"},"thumbnailUrl":"https:\/\/www.webdo.tn\/fr\/wp-content\/uploads\/2024\/09\/3acbcf2e832d2eada6b91f7834c76afd.webp","keywords":["RFR","Transport","Tunis","Tunisie"],"articleSection":["National"],"inLanguage":"fr-FR"},{"@type":"WebPage","@id":"https:\/\/www.webdo.tn\/fr\/actualite\/national\/tunisie-la-ligne-d-du-rfr-dans-sa-derniere-ligne-droite\/216280\/","url":"https:\/\/www.webdo.tn\/fr\/actualite\/national\/tunisie-la-ligne-d-du-rfr-dans-sa-derniere-ligne-droite\/216280\/","name":"Tunisie : La ligne D du RFR dans sa derni\u00e8re ligne droite","isPartOf":{"@id":"https:\/\/www.webdo.tn\/fr\/#website"},"primaryImageOfPage":{"@id":"https:\/\/www.webdo.tn\/fr\/actualite\/national\/tunisie-la-ligne-d-du-rfr-dans-sa-derniere-ligne-droite\/216280\/#primaryimage"},"image":{"@id":"https:\/\/www.webdo.tn\/fr\/actualite\/national\/tunisie-la-ligne-d-du-rfr-dans-sa-derniere-ligne-droite\/216280\/#primaryimage"},"thumbnailUrl":"https:\/\/www.webdo.tn\/fr\/wp-content\/uploads\/2024\/09\/3acbcf2e832d2eada6b91f7834c76afd.webp","datePublished":"2024-09-09T22:38:00+00:00","dateModified":"2025-05-20T21:49:10+00:00","description":"Le ministre des Transports, Rachid Amari, a pr\u00e9sid\u00e9 aujourd'hui, lundi 9 septembre 2024, une r\u00e9union de travail consacr\u00e9e \u00e0 l'examen de l'avancement du projet d...","breadcrumb":{"@id":"https:\/\/www.webdo.tn\/fr\/actualite\/national\/tunisie-la-ligne-d-du-rfr-dans-sa-derniere-ligne-droite\/216280\/#breadcrumb"},"inLanguage":"fr-FR","potentialAction":[{"@type":"ReadAction","target":["https:\/\/www.webdo.tn\/fr\/actualite\/national\/tunisie-la-ligne-d-du-rfr-dans-sa-derniere-ligne-droite\/216280\/"]}]},{"@type":"ImageObject","inLanguage":"fr-FR","@id":"https:\/\/www.webdo.tn\/fr\/actualite\/national\/tunisie-la-ligne-d-du-rfr-dans-sa-derniere-ligne-droite\/216280\/#primaryimage","url":"https:\/\/www.webdo.tn\/fr\/wp-content\/uploads\/2024\/09\/3acbcf2e832d2eada6b91f7834c76afd.webp","contentUrl":"https:\/\/www.webdo.tn\/fr\/wp-content\/uploads\/2024\/09\/3acbcf2e832d2eada6b91f7834c76afd.webp","width":750,"height":400,"caption":"Tunisie : La ligne D du RFR dans sa derni\u00e8re ligne droite"},{"@type":"BreadcrumbList","@id":"https:\/\/www.webdo.tn\/fr\/actualite\/national\/tunisie-la-ligne-d-du-rfr-dans-sa-derniere-ligne-droite\/216280\/#breadcrumb","itemListElement":[{"@type":"ListItem","position":1,"name":"Accueil","item":"https:\/\/www.webdo.tn\/fr\/"},{"@type":"ListItem","position":2,"name":"Tunisie : La ligne D du RFR dans sa derni\u00e8re ligne droite"}]},{"@type":"WebSite","@id":"https:\/\/www.webdo.tn\/fr\/#website","url":"https:\/\/www.webdo.tn\/fr\/","name":"webdo","description":"Tunisie - News en Tunisie et \u00e0 l&#039;international sur Webdo.tn","publisher":{"@id":"https:\/\/www.webdo.tn\/fr\/#organization"},"potentialAction":[{"@type":"SearchAction","target":{"@type":"EntryPoint","urlTemplate":"https:\/\/www.webdo.tn\/fr\/?s={search_term_string}"},"query-input":{"@type":"PropertyValueSpecification","valueRequired":true,"valueName":"search_term_string"}}],"inLanguage":"fr-FR"},{"@type":"Organization","@id":"https:\/\/www.webdo.tn\/fr\/#organization","name":"Webdo","alternateName":"Webdo.tn","url":"https:\/\/www.webdo.tn\/fr\/","logo":{"@type":"ImageObject","inLanguage":"fr-FR","@id":"https:\/\/www.webdo.tn\/fr\/#\/schema\/logo\/image\/","url":"https:\/\/www.webdo.tn\/fr\/wp-content\/uploads\/2025\/06\/Webdo-Tunisie_168377.jpg","contentUrl":"https:\/\/www.webdo.tn\/fr\/wp-content\/uploads\/2025\/06\/Webdo-Tunisie_168377.jpg","width":301,"height":301,"caption":"Webdo"},"image":{"@id":"https:\/\/www.webdo.tn\/fr\/#\/schema\/logo\/image\/"},"sameAs":["https:\/\/www.facebook.com\/webdotn","https:\/\/x.com\/webdo_tn"],"description":"Webdo est un m\u00e9dia num\u00e9rique tunisien fond\u00e9 en 2010, sp\u00e9cialis\u00e9 dans l\u2019actualit\u00e9 nationale et internationale, l\u2019\u00e9conomie, la soci\u00e9t\u00e9 et les analyses politiques. Le site s\u2019adresse \u00e0 un large public francophone et couvre l\u2019information tunisienne en temps r\u00e9el.","email":"redac@webdo.tn","legalName":"YNJ SARL","foundingDate":"2010-09-06","numberOfEmployees":{"@type":"QuantitativeValue","minValue":"11","maxValue":"50"}},{"@type":"Person","@id":"https:\/\/www.webdo.tn\/fr\/#\/schema\/person\/2c4929cbf5a809e3bd38617c6ce150f6","name":"MC","image":{"@type":"ImageObject","inLanguage":"fr-FR","@id":"https:\/\/secure.gravatar.com\/avatar\/a545bbb6f84efdd5553dbbc2895e3ca8f1d12c5215e00a041c9670b54aa9b18a?s=96&d=mm&r=g","url":"https:\/\/secure.gravatar.com\/avatar\/a545bbb6f84efdd5553dbbc2895e3ca8f1d12c5215e00a041c9670b54aa9b18a?s=96&d=mm&r=g","contentUrl":"https:\/\/secure.gravatar.com\/avatar\/a545bbb6f84efdd5553dbbc2895e3ca8f1d12c5215e00a041c9670b54aa9b18a?s=96&d=mm&r=g","caption":"MC"},"url":"https:\/\/www.webdo.tn\/fr\/actualite\/author\/mc\/"}]}},"_links":{"self":[{"href":"https:\/\/www.webdo.tn\/fr\/wp-json\/wp\/v2\/posts\/216280","targetHints":{"allow":["GET"]}}],"collection":[{"href":"https:\/\/www.webdo.tn\/fr\/wp-json\/wp\/v2\/posts"}],"about":[{"href":"https:\/\/www.webdo.tn\/fr\/wp-json\/wp\/v2\/types\/post"}],"author":[{"embeddable":true,"href":"https:\/\/www.webdo.tn\/fr\/wp-json\/wp\/v2\/users\/3162"}],"replies":[{"embeddable":true,"href":"https:\/\/www.webdo.tn\/fr\/wp-json\/wp\/v2\/comments?post=216280"}],"version-history":[{"count":0,"href":"https:\/\/www.webdo.tn\/fr\/wp-json\/wp\/v2\/posts\/216280\/revisions"}],"wp:featuredmedia":[{"embeddable":true,"href":"https:\/\/www.webdo.tn\/fr\/wp-json\/wp\/v2\/media\/246606"}],"wp:attachment":[{"href":"https:\/\/www.webdo.tn\/fr\/wp-json\/wp\/v2\/media?parent=216280"}],"wp:term":[{"taxonomy":"category","embeddable":true,"href":"https:\/\/www.webdo.tn\/fr\/wp-json\/wp\/v2\/categories?post=216280"},{"taxonomy":"post_tag","embeddable":true,"href":"https:\/\/www.webdo.tn\/fr\/wp-json\/wp\/v2\/tags?post=216280"}],"curies":[{"name":"wp","href":"https:\/\/api.w.org\/{rel}","templated":true}]}}