{"id":216269,"date":"2024-09-09T10:58:00","date_gmt":"2024-09-09T10:58:00","guid":{"rendered":"https:\/\/www.webdo.tn\/fr\/blog\/parfum-de-rentree-les-journees-europeennes-des-langues-du-26-au-28-septembre-a-tunis\/216269\/"},"modified":"2024-09-09T10:58:00","modified_gmt":"2024-09-09T10:58:00","slug":"parfum-de-rentree-les-journees-europeennes-des-langues-du-26-au-28-septembre-a-tunis","status":"publish","type":"post","link":"https:\/\/www.webdo.tn\/fr\/actualite\/culture\/parfum-de-rentree-les-journees-europeennes-des-langues-du-26-au-28-septembre-a-tunis\/216269\/","title":{"rendered":"Parfum de rentr\u00e9e : Les Journ\u00e9es europ\u00e9ennes des langues, du 26 au 28 septembre \u00e0 Tunis"},"content":{"rendered":"<p>Les Journ\u00e9es europ\u00e9ennes des langues sont de retour et auront lieu du 26 au 28 septembre avec la participation de plusieurs centres culturels, d\u00e9l\u00e9gations et ambassades europ\u00e9ennes.<\/p>\n<p>\t\t\t\t\t\t\t\t\tLa nouvelle \u00e9dition des Journ\u00e9es europ\u00e9ennes des langues devrait avoir lieu du 26 au 28 septembre avec le soutien du Conseil de l&rsquo;Europe et de la D\u00e9l\u00e9gation de l&rsquo;Union europ\u00e9enne en Tunisie.<\/p>\n<p>Ce rendez-vous revient apr\u00e8s une p\u00e9riode d&rsquo;absence et devrait rassembler aussi bien les diff\u00e9rentes ambassades europ\u00e9ennes que les centres culturels europ\u00e9ens pr\u00e9sents en Tunisie.<\/p>\n<p>Ces Journ\u00e9es seront articul\u00e9es autour de trois temps forts. En premier lieu, un s\u00e9minaire va rassembler plusieurs experts tunisiens et europ\u00e9ens qui discuteront de l&rsquo;apprentissage des langues en regard de l&rsquo;intelligence artificielle.<\/p>\n<p>Ensuite, une journ\u00e9e sera consacr\u00e9e \u00e0 une s\u00e9ance de \u00ab\u00a0speak dating\u00a0\u00bb. Cette formule permettra d&rsquo;engager des conversations dans plusieurs langues de mani\u00e8re conviviale et ludique.<\/p>\n<p>Enfin, la derni\u00e8re journ\u00e9e sera l&rsquo;occasion d&rsquo;une journ\u00e9e Portes ouvertes qui r\u00e9unira l&rsquo;ensemble des centres culturels europ\u00e9ens qui sont actifs en Tunisie.<\/p>\n<p>Seront pr\u00e9sents des institutions comme l&rsquo;institut Cervantes, l&rsquo;institut italien, l&rsquo;institut fran\u00e7ais et le Goethe Institute ainsi que les ambassades suisse et tch\u00e8que et la D\u00e9l\u00e9gation Wallonie Bruxelles.<\/p>\n","protected":false},"excerpt":{"rendered":"<p>La nouvelle \u00e9dition des Journ\u00e9es europ\u00e9ennes des langues devrait avoir lieu du 26 au 28 septembre avec le soutien du Conseil de l&rsquo;Europe et de la D\u00e9l\u00e9gation de&#8230;<\/p>\n","protected":false},"author":3229,"featured_media":291046,"comment_status":"open","ping_status":"closed","sticky":false,"template":"","format":"standard","meta":{"footnotes":""},"categories":[2594],"tags":[10407,5755,2608],"class_list":["post-216269","post","type-post","status-publish","format-standard","has-post-thumbnail","hentry","category-culture","tag-journees-europeennes","tag-langues","tag-tunisie"],"yoast_head":"<!-- This site is optimized with the Yoast SEO Premium plugin v27.4 (Yoast SEO v27.5) - https:\/\/yoast.com\/product\/yoast-seo-premium-wordpress\/ -->\n<title>Parfum de rentr\u00e9e : Les Journ\u00e9es europ\u00e9ennes des langues, du 26 au 28 septembre \u00e0 Tunis<\/title>\n<meta name=\"description\" content=\"La nouvelle \u00e9dition des Journ\u00e9es europ\u00e9ennes des langues devrait avoir lieu du 26 au 28 septembre avec le soutien du Conseil de l&#039;Europe et de la D\u00e9l\u00e9gation de...\" \/>\n<link rel=\"canonical\" href=\"https:\/\/www.webdo.tn\/fr\/actualite\/culture\/parfum-de-rentree-les-journees-europeennes-des-langues-du-26-au-28-septembre-a-tunis\/216269\/\" \/>\n<meta property=\"og:locale\" content=\"fr_FR\" \/>\n<meta property=\"og:type\" content=\"article\" \/>\n<meta property=\"og:title\" content=\"Parfum de rentr\u00e9e : Les Journ\u00e9es europ\u00e9ennes des langues, du 26 au 28 septembre \u00e0 Tunis\" \/>\n<meta property=\"og:description\" content=\"La nouvelle \u00e9dition des Journ\u00e9es europ\u00e9ennes des langues devrait avoir lieu du 26 au 28 septembre avec le soutien du Conseil de l&#039;Europe et de la D\u00e9l\u00e9gation de...\" \/>\n<meta property=\"og:url\" content=\"https:\/\/www.webdo.tn\/fr\/actualite\/culture\/parfum-de-rentree-les-journees-europeennes-des-langues-du-26-au-28-septembre-a-tunis\/216269\/\" \/>\n<meta property=\"og:site_name\" content=\"webdo\" \/>\n<meta property=\"article:publisher\" content=\"https:\/\/www.facebook.com\/webdotn\" \/>\n<meta property=\"article:author\" content=\"https:\/\/www.facebook.com\/hatem.bourial.2025\" \/>\n<meta property=\"article:published_time\" content=\"2024-09-09T10:58:00+00:00\" \/>\n<meta property=\"og:image\" content=\"https:\/\/www.webdo.tn\/fr\/wp-content\/uploads\/2024\/09\/1549164541d5f3cc27c93cb4149d91d0.webp\" \/>\n\t<meta property=\"og:image:width\" content=\"750\" \/>\n\t<meta property=\"og:image:height\" content=\"400\" \/>\n\t<meta property=\"og:image:type\" content=\"image\/webp\" \/>\n<meta name=\"author\" content=\"Hatem Bourial\" \/>\n<meta name=\"twitter:card\" content=\"summary_large_image\" \/>\n<meta name=\"twitter:creator\" content=\"@webdo_tn\" \/>\n<meta name=\"twitter:site\" content=\"@webdo_tn\" \/>\n<meta name=\"twitter:label1\" content=\"\u00c9crit par\" \/>\n\t<meta name=\"twitter:data1\" content=\"Hatem Bourial\" \/>\n\t<meta name=\"twitter:label2\" content=\"Dur\u00e9e de lecture estim\u00e9e\" \/>\n\t<meta name=\"twitter:data2\" content=\"1 minute\" \/>\n<script type=\"application\/ld+json\" class=\"yoast-schema-graph\">{\"@context\":\"https:\\\/\\\/schema.org\",\"@graph\":[{\"@type\":\"NewsArticle\",\"@id\":\"https:\\\/\\\/www.webdo.tn\\\/fr\\\/actualite\\\/culture\\\/parfum-de-rentree-les-journees-europeennes-des-langues-du-26-au-28-septembre-a-tunis\\\/216269\\\/#article\",\"isPartOf\":{\"@id\":\"https:\\\/\\\/www.webdo.tn\\\/fr\\\/actualite\\\/culture\\\/parfum-de-rentree-les-journees-europeennes-des-langues-du-26-au-28-septembre-a-tunis\\\/216269\\\/\"},\"author\":{\"name\":\"Hatem Bourial\",\"@id\":\"https:\\\/\\\/www.webdo.tn\\\/fr\\\/#\\\/schema\\\/person\\\/6bc0beba2cd23aec27cb5df85ca2554f\"},\"headline\":\"Parfum de rentr\u00e9e : Les Journ\u00e9es europ\u00e9ennes des langues, du 26 au 28 septembre \u00e0 Tunis\",\"datePublished\":\"2024-09-09T10:58:00+00:00\",\"mainEntityOfPage\":{\"@id\":\"https:\\\/\\\/www.webdo.tn\\\/fr\\\/actualite\\\/culture\\\/parfum-de-rentree-les-journees-europeennes-des-langues-du-26-au-28-septembre-a-tunis\\\/216269\\\/\"},\"wordCount\":245,\"commentCount\":0,\"publisher\":{\"@id\":\"https:\\\/\\\/www.webdo.tn\\\/fr\\\/#organization\"},\"image\":{\"@id\":\"https:\\\/\\\/www.webdo.tn\\\/fr\\\/actualite\\\/culture\\\/parfum-de-rentree-les-journees-europeennes-des-langues-du-26-au-28-septembre-a-tunis\\\/216269\\\/#primaryimage\"},\"thumbnailUrl\":\"https:\\\/\\\/www.webdo.tn\\\/fr\\\/wp-content\\\/uploads\\\/2024\\\/09\\\/1549164541d5f3cc27c93cb4149d91d0.webp\",\"keywords\":[\"'journ\u00e9es europ\u00e9ennes']\",\"langues\",\"Tunisie\"],\"articleSection\":[\"Culture\"],\"inLanguage\":\"fr-FR\"},{\"@type\":\"WebPage\",\"@id\":\"https:\\\/\\\/www.webdo.tn\\\/fr\\\/actualite\\\/culture\\\/parfum-de-rentree-les-journees-europeennes-des-langues-du-26-au-28-septembre-a-tunis\\\/216269\\\/\",\"url\":\"https:\\\/\\\/www.webdo.tn\\\/fr\\\/actualite\\\/culture\\\/parfum-de-rentree-les-journees-europeennes-des-langues-du-26-au-28-septembre-a-tunis\\\/216269\\\/\",\"name\":\"Parfum de rentr\u00e9e : Les Journ\u00e9es europ\u00e9ennes des langues, du 26 au 28 septembre \u00e0 Tunis\",\"isPartOf\":{\"@id\":\"https:\\\/\\\/www.webdo.tn\\\/fr\\\/#website\"},\"primaryImageOfPage\":{\"@id\":\"https:\\\/\\\/www.webdo.tn\\\/fr\\\/actualite\\\/culture\\\/parfum-de-rentree-les-journees-europeennes-des-langues-du-26-au-28-septembre-a-tunis\\\/216269\\\/#primaryimage\"},\"image\":{\"@id\":\"https:\\\/\\\/www.webdo.tn\\\/fr\\\/actualite\\\/culture\\\/parfum-de-rentree-les-journees-europeennes-des-langues-du-26-au-28-septembre-a-tunis\\\/216269\\\/#primaryimage\"},\"thumbnailUrl\":\"https:\\\/\\\/www.webdo.tn\\\/fr\\\/wp-content\\\/uploads\\\/2024\\\/09\\\/1549164541d5f3cc27c93cb4149d91d0.webp\",\"datePublished\":\"2024-09-09T10:58:00+00:00\",\"description\":\"La nouvelle \u00e9dition des Journ\u00e9es europ\u00e9ennes des langues devrait avoir lieu du 26 au 28 septembre avec le soutien du Conseil de l'Europe et de la D\u00e9l\u00e9gation de...\",\"breadcrumb\":{\"@id\":\"https:\\\/\\\/www.webdo.tn\\\/fr\\\/actualite\\\/culture\\\/parfum-de-rentree-les-journees-europeennes-des-langues-du-26-au-28-septembre-a-tunis\\\/216269\\\/#breadcrumb\"},\"inLanguage\":\"fr-FR\",\"potentialAction\":[{\"@type\":\"ReadAction\",\"target\":[\"https:\\\/\\\/www.webdo.tn\\\/fr\\\/actualite\\\/culture\\\/parfum-de-rentree-les-journees-europeennes-des-langues-du-26-au-28-septembre-a-tunis\\\/216269\\\/\"]}]},{\"@type\":\"ImageObject\",\"inLanguage\":\"fr-FR\",\"@id\":\"https:\\\/\\\/www.webdo.tn\\\/fr\\\/actualite\\\/culture\\\/parfum-de-rentree-les-journees-europeennes-des-langues-du-26-au-28-septembre-a-tunis\\\/216269\\\/#primaryimage\",\"url\":\"https:\\\/\\\/www.webdo.tn\\\/fr\\\/wp-content\\\/uploads\\\/2024\\\/09\\\/1549164541d5f3cc27c93cb4149d91d0.webp\",\"contentUrl\":\"https:\\\/\\\/www.webdo.tn\\\/fr\\\/wp-content\\\/uploads\\\/2024\\\/09\\\/1549164541d5f3cc27c93cb4149d91d0.webp\",\"width\":750,\"height\":400,\"caption\":\"Parfum de rentr\u00e9e : Les Journ\u00e9es europ\u00e9ennes des langues, du 26 au 28 septembre \u00e0 Tunis\"},{\"@type\":\"BreadcrumbList\",\"@id\":\"https:\\\/\\\/www.webdo.tn\\\/fr\\\/actualite\\\/culture\\\/parfum-de-rentree-les-journees-europeennes-des-langues-du-26-au-28-septembre-a-tunis\\\/216269\\\/#breadcrumb\",\"itemListElement\":[{\"@type\":\"ListItem\",\"position\":1,\"name\":\"Accueil\",\"item\":\"https:\\\/\\\/www.webdo.tn\\\/fr\\\/\"},{\"@type\":\"ListItem\",\"position\":2,\"name\":\"Parfum de rentr\u00e9e : Les Journ\u00e9es europ\u00e9ennes des langues, du 26 au 28 septembre \u00e0 Tunis\"}]},{\"@type\":\"WebSite\",\"@id\":\"https:\\\/\\\/www.webdo.tn\\\/fr\\\/#website\",\"url\":\"https:\\\/\\\/www.webdo.tn\\\/fr\\\/\",\"name\":\"webdo\",\"description\":\"Tunisie - News en Tunisie et \u00e0 l&#039;international sur Webdo.tn\",\"publisher\":{\"@id\":\"https:\\\/\\\/www.webdo.tn\\\/fr\\\/#organization\"},\"potentialAction\":[{\"@type\":\"SearchAction\",\"target\":{\"@type\":\"EntryPoint\",\"urlTemplate\":\"https:\\\/\\\/www.webdo.tn\\\/fr\\\/?s={search_term_string}\"},\"query-input\":{\"@type\":\"PropertyValueSpecification\",\"valueRequired\":true,\"valueName\":\"search_term_string\"}}],\"inLanguage\":\"fr-FR\"},{\"@type\":\"Organization\",\"@id\":\"https:\\\/\\\/www.webdo.tn\\\/fr\\\/#organization\",\"name\":\"Webdo\",\"alternateName\":\"Webdo.tn\",\"url\":\"https:\\\/\\\/www.webdo.tn\\\/fr\\\/\",\"logo\":{\"@type\":\"ImageObject\",\"inLanguage\":\"fr-FR\",\"@id\":\"https:\\\/\\\/www.webdo.tn\\\/fr\\\/#\\\/schema\\\/logo\\\/image\\\/\",\"url\":\"https:\\\/\\\/www.webdo.tn\\\/fr\\\/wp-content\\\/uploads\\\/2025\\\/06\\\/Webdo-Tunisie_168377.jpg\",\"contentUrl\":\"https:\\\/\\\/www.webdo.tn\\\/fr\\\/wp-content\\\/uploads\\\/2025\\\/06\\\/Webdo-Tunisie_168377.jpg\",\"width\":301,\"height\":301,\"caption\":\"Webdo\"},\"image\":{\"@id\":\"https:\\\/\\\/www.webdo.tn\\\/fr\\\/#\\\/schema\\\/logo\\\/image\\\/\"},\"sameAs\":[\"https:\\\/\\\/www.facebook.com\\\/webdotn\",\"https:\\\/\\\/x.com\\\/webdo_tn\"],\"description\":\"Webdo est un m\u00e9dia num\u00e9rique tunisien fond\u00e9 en 2010, sp\u00e9cialis\u00e9 dans l\u2019actualit\u00e9 nationale et internationale, l\u2019\u00e9conomie, la soci\u00e9t\u00e9 et les analyses politiques. Le site s\u2019adresse \u00e0 un large public francophone et couvre l\u2019information tunisienne en temps r\u00e9el.\",\"email\":\"redac@webdo.tn\",\"legalName\":\"YNJ SARL\",\"foundingDate\":\"2010-09-06\",\"numberOfEmployees\":{\"@type\":\"QuantitativeValue\",\"minValue\":\"11\",\"maxValue\":\"50\"}},{\"@type\":\"Person\",\"@id\":\"https:\\\/\\\/www.webdo.tn\\\/fr\\\/#\\\/schema\\\/person\\\/6bc0beba2cd23aec27cb5df85ca2554f\",\"name\":\"Hatem Bourial\",\"image\":{\"@type\":\"ImageObject\",\"inLanguage\":\"fr-FR\",\"@id\":\"https:\\\/\\\/www.webdo.tn\\\/fr\\\/wp-content\\\/uploads\\\/2026\\\/04\\\/hatem-bourial_avatar-96x96.jpg\",\"url\":\"https:\\\/\\\/www.webdo.tn\\\/fr\\\/wp-content\\\/uploads\\\/2026\\\/04\\\/hatem-bourial_avatar-96x96.jpg\",\"contentUrl\":\"https:\\\/\\\/www.webdo.tn\\\/fr\\\/wp-content\\\/uploads\\\/2026\\\/04\\\/hatem-bourial_avatar-96x96.jpg\",\"caption\":\"Hatem Bourial\"},\"description\":\"Hatem Bourial est journaliste, \u00e9crivain et chroniqueur tunisien. Actif depuis plusieurs d\u00e9cennies, il s\u2019est impos\u00e9 comme un observateur attentif de la soci\u00e9t\u00e9 tunisienne, m\u00ealant dans ses \u00e9crits m\u00e9moire, culture et analyse du quotidien. Auteur de nombreux ouvrages, il d\u00e9veloppe une \u0153uvre \u00e0 la crois\u00e9e du r\u00e9cit, de la po\u00e9sie et de l\u2019observation sociologique. Parall\u00e8lement \u00e0 ses contributions dans la presse, il intervient r\u00e9guli\u00e8rement \u00e0 la radio et dans des espaces culturels, o\u00f9 il explore les enjeux li\u00e9s au patrimoine, \u00e0 l\u2019identit\u00e9 et aux transformations du monde contemporain. \u00c0 travers ses chroniques, Hatem Bourial propose une lecture sensible et approfondie de l\u2019actualit\u00e9, nourrie par une exp\u00e9rience journalistique et litt\u00e9raire reconnue. \ud83d\udd17 Facebook : https:\\\/\\\/www.facebook.com\\\/hatem.bourial.2025\",\"sameAs\":[\"https:\\\/\\\/www.facebook.com\\\/hatem.bourial.2025\",\"https:\\\/\\\/fr.wikipedia.org\\\/wiki\\\/Fichier:Hatem_Bourial.jpg\"],\"knowsAbout\":[\"Culture & patrimoine tunisien\",\"Chronique soci\u00e9tale\",\"Litt\u00e9rature & m\u00e9moire\",\"Cin\u00e9ma & critique culturelle\",\"Identit\u00e9 & mutations sociales\"],\"knowsLanguage\":[\"Arabe\",\"Fran\u00e7ais\",\"Anglais\",\"Italien\",\"Polonais\"],\"jobTitle\":\"Journaliste, \u00e9crivain et chroniqueur culturel\",\"worksFor\":\"Webdo\",\"url\":\"https:\\\/\\\/www.webdo.tn\\\/fr\\\/actualite\\\/author\\\/hatem-bourial-2\\\/\"}]}<\/script>\n<!-- \/ Yoast SEO Premium plugin. -->","yoast_head_json":{"title":"Parfum de rentr\u00e9e : Les Journ\u00e9es europ\u00e9ennes des langues, du 26 au 28 septembre \u00e0 Tunis","description":"La nouvelle \u00e9dition des Journ\u00e9es europ\u00e9ennes des langues devrait avoir lieu du 26 au 28 septembre avec le soutien du Conseil de l'Europe et de la D\u00e9l\u00e9gation de...","canonical":"https:\/\/www.webdo.tn\/fr\/actualite\/culture\/parfum-de-rentree-les-journees-europeennes-des-langues-du-26-au-28-septembre-a-tunis\/216269\/","og_locale":"fr_FR","og_type":"article","og_title":"Parfum de rentr\u00e9e : Les Journ\u00e9es europ\u00e9ennes des langues, du 26 au 28 septembre \u00e0 Tunis","og_description":"La nouvelle \u00e9dition des Journ\u00e9es europ\u00e9ennes des langues devrait avoir lieu du 26 au 28 septembre avec le soutien du Conseil de l'Europe et de la D\u00e9l\u00e9gation de...","og_url":"https:\/\/www.webdo.tn\/fr\/actualite\/culture\/parfum-de-rentree-les-journees-europeennes-des-langues-du-26-au-28-septembre-a-tunis\/216269\/","og_site_name":"webdo","article_publisher":"https:\/\/www.facebook.com\/webdotn","article_author":"https:\/\/www.facebook.com\/hatem.bourial.2025","article_published_time":"2024-09-09T10:58:00+00:00","og_image":[{"width":750,"height":400,"url":"https:\/\/www.webdo.tn\/fr\/wp-content\/uploads\/2024\/09\/1549164541d5f3cc27c93cb4149d91d0.webp","type":"image\/webp"}],"author":"Hatem Bourial","twitter_card":"summary_large_image","twitter_creator":"@webdo_tn","twitter_site":"@webdo_tn","twitter_misc":{"\u00c9crit par":"Hatem Bourial","Dur\u00e9e de lecture estim\u00e9e":"1 minute"},"schema":{"@context":"https:\/\/schema.org","@graph":[{"@type":"NewsArticle","@id":"https:\/\/www.webdo.tn\/fr\/actualite\/culture\/parfum-de-rentree-les-journees-europeennes-des-langues-du-26-au-28-septembre-a-tunis\/216269\/#article","isPartOf":{"@id":"https:\/\/www.webdo.tn\/fr\/actualite\/culture\/parfum-de-rentree-les-journees-europeennes-des-langues-du-26-au-28-septembre-a-tunis\/216269\/"},"author":{"name":"Hatem Bourial","@id":"https:\/\/www.webdo.tn\/fr\/#\/schema\/person\/6bc0beba2cd23aec27cb5df85ca2554f"},"headline":"Parfum de rentr\u00e9e : Les Journ\u00e9es europ\u00e9ennes des langues, du 26 au 28 septembre \u00e0 Tunis","datePublished":"2024-09-09T10:58:00+00:00","mainEntityOfPage":{"@id":"https:\/\/www.webdo.tn\/fr\/actualite\/culture\/parfum-de-rentree-les-journees-europeennes-des-langues-du-26-au-28-septembre-a-tunis\/216269\/"},"wordCount":245,"commentCount":0,"publisher":{"@id":"https:\/\/www.webdo.tn\/fr\/#organization"},"image":{"@id":"https:\/\/www.webdo.tn\/fr\/actualite\/culture\/parfum-de-rentree-les-journees-europeennes-des-langues-du-26-au-28-septembre-a-tunis\/216269\/#primaryimage"},"thumbnailUrl":"https:\/\/www.webdo.tn\/fr\/wp-content\/uploads\/2024\/09\/1549164541d5f3cc27c93cb4149d91d0.webp","keywords":["'journ\u00e9es europ\u00e9ennes']","langues","Tunisie"],"articleSection":["Culture"],"inLanguage":"fr-FR"},{"@type":"WebPage","@id":"https:\/\/www.webdo.tn\/fr\/actualite\/culture\/parfum-de-rentree-les-journees-europeennes-des-langues-du-26-au-28-septembre-a-tunis\/216269\/","url":"https:\/\/www.webdo.tn\/fr\/actualite\/culture\/parfum-de-rentree-les-journees-europeennes-des-langues-du-26-au-28-septembre-a-tunis\/216269\/","name":"Parfum de rentr\u00e9e : Les Journ\u00e9es europ\u00e9ennes des langues, du 26 au 28 septembre \u00e0 Tunis","isPartOf":{"@id":"https:\/\/www.webdo.tn\/fr\/#website"},"primaryImageOfPage":{"@id":"https:\/\/www.webdo.tn\/fr\/actualite\/culture\/parfum-de-rentree-les-journees-europeennes-des-langues-du-26-au-28-septembre-a-tunis\/216269\/#primaryimage"},"image":{"@id":"https:\/\/www.webdo.tn\/fr\/actualite\/culture\/parfum-de-rentree-les-journees-europeennes-des-langues-du-26-au-28-septembre-a-tunis\/216269\/#primaryimage"},"thumbnailUrl":"https:\/\/www.webdo.tn\/fr\/wp-content\/uploads\/2024\/09\/1549164541d5f3cc27c93cb4149d91d0.webp","datePublished":"2024-09-09T10:58:00+00:00","description":"La nouvelle \u00e9dition des Journ\u00e9es europ\u00e9ennes des langues devrait avoir lieu du 26 au 28 septembre avec le soutien du Conseil de l'Europe et de la D\u00e9l\u00e9gation de...","breadcrumb":{"@id":"https:\/\/www.webdo.tn\/fr\/actualite\/culture\/parfum-de-rentree-les-journees-europeennes-des-langues-du-26-au-28-septembre-a-tunis\/216269\/#breadcrumb"},"inLanguage":"fr-FR","potentialAction":[{"@type":"ReadAction","target":["https:\/\/www.webdo.tn\/fr\/actualite\/culture\/parfum-de-rentree-les-journees-europeennes-des-langues-du-26-au-28-septembre-a-tunis\/216269\/"]}]},{"@type":"ImageObject","inLanguage":"fr-FR","@id":"https:\/\/www.webdo.tn\/fr\/actualite\/culture\/parfum-de-rentree-les-journees-europeennes-des-langues-du-26-au-28-septembre-a-tunis\/216269\/#primaryimage","url":"https:\/\/www.webdo.tn\/fr\/wp-content\/uploads\/2024\/09\/1549164541d5f3cc27c93cb4149d91d0.webp","contentUrl":"https:\/\/www.webdo.tn\/fr\/wp-content\/uploads\/2024\/09\/1549164541d5f3cc27c93cb4149d91d0.webp","width":750,"height":400,"caption":"Parfum de rentr\u00e9e : Les Journ\u00e9es europ\u00e9ennes des langues, du 26 au 28 septembre \u00e0 Tunis"},{"@type":"BreadcrumbList","@id":"https:\/\/www.webdo.tn\/fr\/actualite\/culture\/parfum-de-rentree-les-journees-europeennes-des-langues-du-26-au-28-septembre-a-tunis\/216269\/#breadcrumb","itemListElement":[{"@type":"ListItem","position":1,"name":"Accueil","item":"https:\/\/www.webdo.tn\/fr\/"},{"@type":"ListItem","position":2,"name":"Parfum de rentr\u00e9e : Les Journ\u00e9es europ\u00e9ennes des langues, du 26 au 28 septembre \u00e0 Tunis"}]},{"@type":"WebSite","@id":"https:\/\/www.webdo.tn\/fr\/#website","url":"https:\/\/www.webdo.tn\/fr\/","name":"webdo","description":"Tunisie - News en Tunisie et \u00e0 l&#039;international sur Webdo.tn","publisher":{"@id":"https:\/\/www.webdo.tn\/fr\/#organization"},"potentialAction":[{"@type":"SearchAction","target":{"@type":"EntryPoint","urlTemplate":"https:\/\/www.webdo.tn\/fr\/?s={search_term_string}"},"query-input":{"@type":"PropertyValueSpecification","valueRequired":true,"valueName":"search_term_string"}}],"inLanguage":"fr-FR"},{"@type":"Organization","@id":"https:\/\/www.webdo.tn\/fr\/#organization","name":"Webdo","alternateName":"Webdo.tn","url":"https:\/\/www.webdo.tn\/fr\/","logo":{"@type":"ImageObject","inLanguage":"fr-FR","@id":"https:\/\/www.webdo.tn\/fr\/#\/schema\/logo\/image\/","url":"https:\/\/www.webdo.tn\/fr\/wp-content\/uploads\/2025\/06\/Webdo-Tunisie_168377.jpg","contentUrl":"https:\/\/www.webdo.tn\/fr\/wp-content\/uploads\/2025\/06\/Webdo-Tunisie_168377.jpg","width":301,"height":301,"caption":"Webdo"},"image":{"@id":"https:\/\/www.webdo.tn\/fr\/#\/schema\/logo\/image\/"},"sameAs":["https:\/\/www.facebook.com\/webdotn","https:\/\/x.com\/webdo_tn"],"description":"Webdo est un m\u00e9dia num\u00e9rique tunisien fond\u00e9 en 2010, sp\u00e9cialis\u00e9 dans l\u2019actualit\u00e9 nationale et internationale, l\u2019\u00e9conomie, la soci\u00e9t\u00e9 et les analyses politiques. Le site s\u2019adresse \u00e0 un large public francophone et couvre l\u2019information tunisienne en temps r\u00e9el.","email":"redac@webdo.tn","legalName":"YNJ SARL","foundingDate":"2010-09-06","numberOfEmployees":{"@type":"QuantitativeValue","minValue":"11","maxValue":"50"}},{"@type":"Person","@id":"https:\/\/www.webdo.tn\/fr\/#\/schema\/person\/6bc0beba2cd23aec27cb5df85ca2554f","name":"Hatem Bourial","image":{"@type":"ImageObject","inLanguage":"fr-FR","@id":"https:\/\/www.webdo.tn\/fr\/wp-content\/uploads\/2026\/04\/hatem-bourial_avatar-96x96.jpg","url":"https:\/\/www.webdo.tn\/fr\/wp-content\/uploads\/2026\/04\/hatem-bourial_avatar-96x96.jpg","contentUrl":"https:\/\/www.webdo.tn\/fr\/wp-content\/uploads\/2026\/04\/hatem-bourial_avatar-96x96.jpg","caption":"Hatem Bourial"},"description":"Hatem Bourial est journaliste, \u00e9crivain et chroniqueur tunisien. Actif depuis plusieurs d\u00e9cennies, il s\u2019est impos\u00e9 comme un observateur attentif de la soci\u00e9t\u00e9 tunisienne, m\u00ealant dans ses \u00e9crits m\u00e9moire, culture et analyse du quotidien. Auteur de nombreux ouvrages, il d\u00e9veloppe une \u0153uvre \u00e0 la crois\u00e9e du r\u00e9cit, de la po\u00e9sie et de l\u2019observation sociologique. Parall\u00e8lement \u00e0 ses contributions dans la presse, il intervient r\u00e9guli\u00e8rement \u00e0 la radio et dans des espaces culturels, o\u00f9 il explore les enjeux li\u00e9s au patrimoine, \u00e0 l\u2019identit\u00e9 et aux transformations du monde contemporain. \u00c0 travers ses chroniques, Hatem Bourial propose une lecture sensible et approfondie de l\u2019actualit\u00e9, nourrie par une exp\u00e9rience journalistique et litt\u00e9raire reconnue. \ud83d\udd17 Facebook : https:\/\/www.facebook.com\/hatem.bourial.2025","sameAs":["https:\/\/www.facebook.com\/hatem.bourial.2025","https:\/\/fr.wikipedia.org\/wiki\/Fichier:Hatem_Bourial.jpg"],"knowsAbout":["Culture & patrimoine tunisien","Chronique soci\u00e9tale","Litt\u00e9rature & m\u00e9moire","Cin\u00e9ma & critique culturelle","Identit\u00e9 & mutations sociales"],"knowsLanguage":["Arabe","Fran\u00e7ais","Anglais","Italien","Polonais"],"jobTitle":"Journaliste, \u00e9crivain et chroniqueur culturel","worksFor":"Webdo","url":"https:\/\/www.webdo.tn\/fr\/actualite\/author\/hatem-bourial-2\/"}]}},"_links":{"self":[{"href":"https:\/\/www.webdo.tn\/fr\/wp-json\/wp\/v2\/posts\/216269","targetHints":{"allow":["GET"]}}],"collection":[{"href":"https:\/\/www.webdo.tn\/fr\/wp-json\/wp\/v2\/posts"}],"about":[{"href":"https:\/\/www.webdo.tn\/fr\/wp-json\/wp\/v2\/types\/post"}],"author":[{"embeddable":true,"href":"https:\/\/www.webdo.tn\/fr\/wp-json\/wp\/v2\/users\/3229"}],"replies":[{"embeddable":true,"href":"https:\/\/www.webdo.tn\/fr\/wp-json\/wp\/v2\/comments?post=216269"}],"version-history":[{"count":0,"href":"https:\/\/www.webdo.tn\/fr\/wp-json\/wp\/v2\/posts\/216269\/revisions"}],"wp:featuredmedia":[{"embeddable":true,"href":"https:\/\/www.webdo.tn\/fr\/wp-json\/wp\/v2\/media\/291046"}],"wp:attachment":[{"href":"https:\/\/www.webdo.tn\/fr\/wp-json\/wp\/v2\/media?parent=216269"}],"wp:term":[{"taxonomy":"category","embeddable":true,"href":"https:\/\/www.webdo.tn\/fr\/wp-json\/wp\/v2\/categories?post=216269"},{"taxonomy":"post_tag","embeddable":true,"href":"https:\/\/www.webdo.tn\/fr\/wp-json\/wp\/v2\/tags?post=216269"}],"curies":[{"name":"wp","href":"https:\/\/api.w.org\/{rel}","templated":true}]}}