{"id":216252,"date":"2024-09-08T10:56:00","date_gmt":"2024-09-08T10:56:00","guid":{"rendered":"https:\/\/www.webdo.tn\/fr\/blog\/jeux-paralympiques-amenallah-tissaoui-en-or-dixieme-medaille-pour-la-tunisie\/216252\/"},"modified":"2025-05-21T09:03:28","modified_gmt":"2025-05-21T09:03:28","slug":"jeux-paralympiques-amenallah-tissaoui-en-or-dixieme-medaille-pour-la-tunisie","status":"publish","type":"post","link":"https:\/\/www.webdo.tn\/fr\/actualite\/sport\/jeux-paralympiques-amenallah-tissaoui-en-or-dixieme-medaille-pour-la-tunisie\/216252\/","title":{"rendered":"Jeux Paralympiques : Amenallah Tissaoui en or, dixi\u00e8me m\u00e9daille pour la Tunisie"},"content":{"rendered":"<p>L&rsquo;athl\u00e8te paralympique tunisien Amenallah Tissaoui a d\u00e9croch\u00e9, samedi 7 septembre 2024, la m\u00e9daille d&rsquo;or du 1500 m\u00e8tres cat\u00e9gorie T38, lors des comp\u00e9titions d&rsquo;athl\u00e9tisme des Jeux paralympiques de Paris 2024.<\/p>\n<p>\t\t\t\t\t\t\t\t\tAvec un chrono impressionnant de 4:12.91, Tissaoui a surclass\u00e9 ses adversaires, notamment le Canadien Nate Riech, m\u00e9daill\u00e9 d\u2019argent avec un temps de 4:13.12, et l\u2019Australien Reece Langdon, qui a compl\u00e9t\u00e9 le podium avec 4:13.13. Ce succ\u00e8s vient s&rsquo;ajouter \u00e0 sa m\u00e9daille de bronze obtenue sur le 400 m\u00e8tres dans la cat\u00e9gorie T37.<\/p>\n<p>La Tunisie affiche ainsi un total de 10 m\u00e9dailles dans ces Jeux ( 4 m\u00e9dailles d&rsquo;or, 3 m\u00e9dailles d&rsquo;argent, 3 m\u00e9dailles de bronze)<\/p>\n<p>Raoua Tlili a d\u00e9croch\u00e9 deux m\u00e9dailles d\u2019or dans la cat\u00e9gorie F41 du lancer de poids et dans la cat\u00e9gorie F41 du lancer de disque. Maroua Brahmi a \u00e9galement d\u00e9croch\u00e9 la m\u00e9daille d\u2019or au lancer de massue (F32), et Amenallah Tissaoui au 1500 m\u00e8tres cat\u00e9gorie T38.<\/p>\n<p>Ahmed Ben Moslah a d\u00e9croch\u00e9 la m\u00e9daille d\u2019argent en lancer de poids (F37). Le champion du monde Walid Katila a remport\u00e9 la m\u00e9daille d&rsquo;argent lors de la finale du 100 m\u00e8tres T34 alors que Rouay Jebabli a d\u00e9croch\u00e9 la m\u00e9daille d&rsquo;argent du 1500 m (cat\u00e9gorie T12).<\/p>\n<p>Rouay Jebabli a \u00e9galement d\u00e9croch\u00e9 la m\u00e9daille de bronze au 400 m (T12) tout comme Amanallah Tissaoui\u00a0 au 400m T37 et Raja Jebali au lancer de poids (F40)<\/p>\n","protected":false},"excerpt":{"rendered":"<p>Amenallah Tissaoui, athl\u00e8te paralympique tunisien, remporte l&rsquo;or au 1500 m\u00e8tres (T38) aux Jeux paralympiques de Paris 2024, portant \u00e0 10 le total des m\u00e9dailles&#8230;<\/p>\n","protected":false},"author":3166,"featured_media":246618,"comment_status":"open","ping_status":"closed","sticky":false,"template":"","format":"standard","meta":{"footnotes":""},"categories":[2593],"tags":[5779,5781,5540,2608],"class_list":["post-216252","post","type-post","status-publish","format-standard","has-post-thumbnail","hentry","category-sport","tag-jeux-paralympiques","tag-jo2024","tag-medaille-dor","tag-tunisie"],"yoast_head":"<!-- This site is optimized with the Yoast SEO Premium plugin v27.4 (Yoast SEO v27.5) - https:\/\/yoast.com\/product\/yoast-seo-premium-wordpress\/ -->\n<title>Jeux Paralympiques : Amenallah Tissaoui en or, dixi\u00e8me m\u00e9daille pour la Tunisie<\/title>\n<meta name=\"description\" content=\"Amenallah Tissaoui, athl\u00e8te paralympique tunisien, remporte l&#039;or au 1500 m\u00e8tres (T38) aux Jeux paralympiques de Paris 2024, portant \u00e0 10 le total des m\u00e9dailles...\" \/>\n<link rel=\"canonical\" href=\"https:\/\/www.webdo.tn\/fr\/actualite\/sport\/jeux-paralympiques-amenallah-tissaoui-en-or-dixieme-medaille-pour-la-tunisie\/216252\/\" \/>\n<meta property=\"og:locale\" content=\"fr_FR\" \/>\n<meta property=\"og:type\" content=\"article\" \/>\n<meta property=\"og:title\" content=\"Jeux Paralympiques : Amenallah Tissaoui en or, dixi\u00e8me m\u00e9daille pour la Tunisie\" \/>\n<meta property=\"og:description\" content=\"Amenallah Tissaoui, athl\u00e8te paralympique tunisien, remporte l&#039;or au 1500 m\u00e8tres (T38) aux Jeux paralympiques de Paris 2024, portant \u00e0 10 le total des m\u00e9dailles...\" \/>\n<meta property=\"og:url\" content=\"https:\/\/www.webdo.tn\/fr\/actualite\/sport\/jeux-paralympiques-amenallah-tissaoui-en-or-dixieme-medaille-pour-la-tunisie\/216252\/\" \/>\n<meta property=\"og:site_name\" content=\"webdo\" \/>\n<meta property=\"article:publisher\" content=\"https:\/\/www.facebook.com\/webdotn\" \/>\n<meta property=\"article:published_time\" content=\"2024-09-08T10:56:00+00:00\" \/>\n<meta property=\"article:modified_time\" content=\"2025-05-21T09:03:28+00:00\" \/>\n<meta property=\"og:image\" content=\"https:\/\/www.webdo.tn\/fr\/wp-content\/uploads\/2024\/09\/670052849472e9a5aae05f944ef8b624.webp\" \/>\n\t<meta property=\"og:image:width\" content=\"750\" \/>\n\t<meta property=\"og:image:height\" content=\"400\" \/>\n\t<meta property=\"og:image:type\" content=\"image\/webp\" \/>\n<meta name=\"author\" content=\"AZ\" \/>\n<meta name=\"twitter:card\" content=\"summary_large_image\" \/>\n<meta name=\"twitter:creator\" content=\"@webdo_tn\" \/>\n<meta name=\"twitter:site\" content=\"@webdo_tn\" \/>\n<meta name=\"twitter:label1\" content=\"\u00c9crit par\" \/>\n\t<meta name=\"twitter:data1\" content=\"AZ\" \/>\n\t<meta name=\"twitter:label2\" content=\"Dur\u00e9e de lecture estim\u00e9e\" \/>\n\t<meta name=\"twitter:data2\" content=\"1 minute\" \/>\n<script type=\"application\/ld+json\" class=\"yoast-schema-graph\">{\"@context\":\"https:\\\/\\\/schema.org\",\"@graph\":[{\"@type\":\"NewsArticle\",\"@id\":\"https:\\\/\\\/www.webdo.tn\\\/fr\\\/actualite\\\/sport\\\/jeux-paralympiques-amenallah-tissaoui-en-or-dixieme-medaille-pour-la-tunisie\\\/216252\\\/#article\",\"isPartOf\":{\"@id\":\"https:\\\/\\\/www.webdo.tn\\\/fr\\\/actualite\\\/sport\\\/jeux-paralympiques-amenallah-tissaoui-en-or-dixieme-medaille-pour-la-tunisie\\\/216252\\\/\"},\"author\":{\"name\":\"AZ\",\"@id\":\"https:\\\/\\\/www.webdo.tn\\\/fr\\\/#\\\/schema\\\/person\\\/b8a41c04d93287d375510db360906b34\"},\"headline\":\"Jeux Paralympiques : Amenallah Tissaoui en or, dixi\u00e8me m\u00e9daille pour la Tunisie\",\"datePublished\":\"2024-09-08T10:56:00+00:00\",\"dateModified\":\"2025-05-21T09:03:28+00:00\",\"mainEntityOfPage\":{\"@id\":\"https:\\\/\\\/www.webdo.tn\\\/fr\\\/actualite\\\/sport\\\/jeux-paralympiques-amenallah-tissaoui-en-or-dixieme-medaille-pour-la-tunisie\\\/216252\\\/\"},\"wordCount\":265,\"commentCount\":0,\"publisher\":{\"@id\":\"https:\\\/\\\/www.webdo.tn\\\/fr\\\/#organization\"},\"image\":{\"@id\":\"https:\\\/\\\/www.webdo.tn\\\/fr\\\/actualite\\\/sport\\\/jeux-paralympiques-amenallah-tissaoui-en-or-dixieme-medaille-pour-la-tunisie\\\/216252\\\/#primaryimage\"},\"thumbnailUrl\":\"https:\\\/\\\/www.webdo.tn\\\/fr\\\/wp-content\\\/uploads\\\/2024\\\/09\\\/670052849472e9a5aae05f944ef8b624.webp\",\"keywords\":[\"jeux paralympiques\",\"JO2024\",\"m\u00e9daille d'or\",\"Tunisie\"],\"articleSection\":[\"Sport\"],\"inLanguage\":\"fr-FR\"},{\"@type\":\"WebPage\",\"@id\":\"https:\\\/\\\/www.webdo.tn\\\/fr\\\/actualite\\\/sport\\\/jeux-paralympiques-amenallah-tissaoui-en-or-dixieme-medaille-pour-la-tunisie\\\/216252\\\/\",\"url\":\"https:\\\/\\\/www.webdo.tn\\\/fr\\\/actualite\\\/sport\\\/jeux-paralympiques-amenallah-tissaoui-en-or-dixieme-medaille-pour-la-tunisie\\\/216252\\\/\",\"name\":\"Jeux Paralympiques : Amenallah Tissaoui en or, dixi\u00e8me m\u00e9daille pour la Tunisie\",\"isPartOf\":{\"@id\":\"https:\\\/\\\/www.webdo.tn\\\/fr\\\/#website\"},\"primaryImageOfPage\":{\"@id\":\"https:\\\/\\\/www.webdo.tn\\\/fr\\\/actualite\\\/sport\\\/jeux-paralympiques-amenallah-tissaoui-en-or-dixieme-medaille-pour-la-tunisie\\\/216252\\\/#primaryimage\"},\"image\":{\"@id\":\"https:\\\/\\\/www.webdo.tn\\\/fr\\\/actualite\\\/sport\\\/jeux-paralympiques-amenallah-tissaoui-en-or-dixieme-medaille-pour-la-tunisie\\\/216252\\\/#primaryimage\"},\"thumbnailUrl\":\"https:\\\/\\\/www.webdo.tn\\\/fr\\\/wp-content\\\/uploads\\\/2024\\\/09\\\/670052849472e9a5aae05f944ef8b624.webp\",\"datePublished\":\"2024-09-08T10:56:00+00:00\",\"dateModified\":\"2025-05-21T09:03:28+00:00\",\"description\":\"Amenallah Tissaoui, athl\u00e8te paralympique tunisien, remporte l'or au 1500 m\u00e8tres (T38) aux Jeux paralympiques de Paris 2024, portant \u00e0 10 le total des m\u00e9dailles...\",\"breadcrumb\":{\"@id\":\"https:\\\/\\\/www.webdo.tn\\\/fr\\\/actualite\\\/sport\\\/jeux-paralympiques-amenallah-tissaoui-en-or-dixieme-medaille-pour-la-tunisie\\\/216252\\\/#breadcrumb\"},\"inLanguage\":\"fr-FR\",\"potentialAction\":[{\"@type\":\"ReadAction\",\"target\":[\"https:\\\/\\\/www.webdo.tn\\\/fr\\\/actualite\\\/sport\\\/jeux-paralympiques-amenallah-tissaoui-en-or-dixieme-medaille-pour-la-tunisie\\\/216252\\\/\"]}]},{\"@type\":\"ImageObject\",\"inLanguage\":\"fr-FR\",\"@id\":\"https:\\\/\\\/www.webdo.tn\\\/fr\\\/actualite\\\/sport\\\/jeux-paralympiques-amenallah-tissaoui-en-or-dixieme-medaille-pour-la-tunisie\\\/216252\\\/#primaryimage\",\"url\":\"https:\\\/\\\/www.webdo.tn\\\/fr\\\/wp-content\\\/uploads\\\/2024\\\/09\\\/670052849472e9a5aae05f944ef8b624.webp\",\"contentUrl\":\"https:\\\/\\\/www.webdo.tn\\\/fr\\\/wp-content\\\/uploads\\\/2024\\\/09\\\/670052849472e9a5aae05f944ef8b624.webp\",\"width\":750,\"height\":400,\"caption\":\"Jeux Paralympiques : Amenallah Tissaoui en or, dixi\u00e8me m\u00e9daille pour la Tunisie\"},{\"@type\":\"BreadcrumbList\",\"@id\":\"https:\\\/\\\/www.webdo.tn\\\/fr\\\/actualite\\\/sport\\\/jeux-paralympiques-amenallah-tissaoui-en-or-dixieme-medaille-pour-la-tunisie\\\/216252\\\/#breadcrumb\",\"itemListElement\":[{\"@type\":\"ListItem\",\"position\":1,\"name\":\"Accueil\",\"item\":\"https:\\\/\\\/www.webdo.tn\\\/fr\\\/\"},{\"@type\":\"ListItem\",\"position\":2,\"name\":\"Jeux Paralympiques : Amenallah Tissaoui en or, dixi\u00e8me m\u00e9daille pour la Tunisie\"}]},{\"@type\":\"WebSite\",\"@id\":\"https:\\\/\\\/www.webdo.tn\\\/fr\\\/#website\",\"url\":\"https:\\\/\\\/www.webdo.tn\\\/fr\\\/\",\"name\":\"webdo\",\"description\":\"Tunisie - News en Tunisie et \u00e0 l&#039;international sur Webdo.tn\",\"publisher\":{\"@id\":\"https:\\\/\\\/www.webdo.tn\\\/fr\\\/#organization\"},\"potentialAction\":[{\"@type\":\"SearchAction\",\"target\":{\"@type\":\"EntryPoint\",\"urlTemplate\":\"https:\\\/\\\/www.webdo.tn\\\/fr\\\/?s={search_term_string}\"},\"query-input\":{\"@type\":\"PropertyValueSpecification\",\"valueRequired\":true,\"valueName\":\"search_term_string\"}}],\"inLanguage\":\"fr-FR\"},{\"@type\":\"Organization\",\"@id\":\"https:\\\/\\\/www.webdo.tn\\\/fr\\\/#organization\",\"name\":\"Webdo\",\"alternateName\":\"Webdo.tn\",\"url\":\"https:\\\/\\\/www.webdo.tn\\\/fr\\\/\",\"logo\":{\"@type\":\"ImageObject\",\"inLanguage\":\"fr-FR\",\"@id\":\"https:\\\/\\\/www.webdo.tn\\\/fr\\\/#\\\/schema\\\/logo\\\/image\\\/\",\"url\":\"https:\\\/\\\/www.webdo.tn\\\/fr\\\/wp-content\\\/uploads\\\/2025\\\/06\\\/Webdo-Tunisie_168377.jpg\",\"contentUrl\":\"https:\\\/\\\/www.webdo.tn\\\/fr\\\/wp-content\\\/uploads\\\/2025\\\/06\\\/Webdo-Tunisie_168377.jpg\",\"width\":301,\"height\":301,\"caption\":\"Webdo\"},\"image\":{\"@id\":\"https:\\\/\\\/www.webdo.tn\\\/fr\\\/#\\\/schema\\\/logo\\\/image\\\/\"},\"sameAs\":[\"https:\\\/\\\/www.facebook.com\\\/webdotn\",\"https:\\\/\\\/x.com\\\/webdo_tn\"],\"description\":\"Webdo est un m\u00e9dia num\u00e9rique tunisien fond\u00e9 en 2010, sp\u00e9cialis\u00e9 dans l\u2019actualit\u00e9 nationale et internationale, l\u2019\u00e9conomie, la soci\u00e9t\u00e9 et les analyses politiques. Le site s\u2019adresse \u00e0 un large public francophone et couvre l\u2019information tunisienne en temps r\u00e9el.\",\"email\":\"redac@webdo.tn\",\"legalName\":\"YNJ SARL\",\"foundingDate\":\"2010-09-06\",\"numberOfEmployees\":{\"@type\":\"QuantitativeValue\",\"minValue\":\"11\",\"maxValue\":\"50\"}},{\"@type\":\"Person\",\"@id\":\"https:\\\/\\\/www.webdo.tn\\\/fr\\\/#\\\/schema\\\/person\\\/b8a41c04d93287d375510db360906b34\",\"name\":\"AZ\",\"image\":{\"@type\":\"ImageObject\",\"inLanguage\":\"fr-FR\",\"@id\":\"https:\\\/\\\/secure.gravatar.com\\\/avatar\\\/492b80bada79439de4201dce15cd41eece6c277cfdf1b53382073c79105c1f89?s=96&d=mm&r=g\",\"url\":\"https:\\\/\\\/secure.gravatar.com\\\/avatar\\\/492b80bada79439de4201dce15cd41eece6c277cfdf1b53382073c79105c1f89?s=96&d=mm&r=g\",\"contentUrl\":\"https:\\\/\\\/secure.gravatar.com\\\/avatar\\\/492b80bada79439de4201dce15cd41eece6c277cfdf1b53382073c79105c1f89?s=96&d=mm&r=g\",\"caption\":\"AZ\"},\"url\":\"https:\\\/\\\/www.webdo.tn\\\/fr\\\/actualite\\\/author\\\/az\\\/\"}]}<\/script>\n<!-- \/ Yoast SEO Premium plugin. -->","yoast_head_json":{"title":"Jeux Paralympiques : Amenallah Tissaoui en or, dixi\u00e8me m\u00e9daille pour la Tunisie","description":"Amenallah Tissaoui, athl\u00e8te paralympique tunisien, remporte l'or au 1500 m\u00e8tres (T38) aux Jeux paralympiques de Paris 2024, portant \u00e0 10 le total des m\u00e9dailles...","canonical":"https:\/\/www.webdo.tn\/fr\/actualite\/sport\/jeux-paralympiques-amenallah-tissaoui-en-or-dixieme-medaille-pour-la-tunisie\/216252\/","og_locale":"fr_FR","og_type":"article","og_title":"Jeux Paralympiques : Amenallah Tissaoui en or, dixi\u00e8me m\u00e9daille pour la Tunisie","og_description":"Amenallah Tissaoui, athl\u00e8te paralympique tunisien, remporte l'or au 1500 m\u00e8tres (T38) aux Jeux paralympiques de Paris 2024, portant \u00e0 10 le total des m\u00e9dailles...","og_url":"https:\/\/www.webdo.tn\/fr\/actualite\/sport\/jeux-paralympiques-amenallah-tissaoui-en-or-dixieme-medaille-pour-la-tunisie\/216252\/","og_site_name":"webdo","article_publisher":"https:\/\/www.facebook.com\/webdotn","article_published_time":"2024-09-08T10:56:00+00:00","article_modified_time":"2025-05-21T09:03:28+00:00","og_image":[{"width":750,"height":400,"url":"https:\/\/www.webdo.tn\/fr\/wp-content\/uploads\/2024\/09\/670052849472e9a5aae05f944ef8b624.webp","type":"image\/webp"}],"author":"AZ","twitter_card":"summary_large_image","twitter_creator":"@webdo_tn","twitter_site":"@webdo_tn","twitter_misc":{"\u00c9crit par":"AZ","Dur\u00e9e de lecture estim\u00e9e":"1 minute"},"schema":{"@context":"https:\/\/schema.org","@graph":[{"@type":"NewsArticle","@id":"https:\/\/www.webdo.tn\/fr\/actualite\/sport\/jeux-paralympiques-amenallah-tissaoui-en-or-dixieme-medaille-pour-la-tunisie\/216252\/#article","isPartOf":{"@id":"https:\/\/www.webdo.tn\/fr\/actualite\/sport\/jeux-paralympiques-amenallah-tissaoui-en-or-dixieme-medaille-pour-la-tunisie\/216252\/"},"author":{"name":"AZ","@id":"https:\/\/www.webdo.tn\/fr\/#\/schema\/person\/b8a41c04d93287d375510db360906b34"},"headline":"Jeux Paralympiques : Amenallah Tissaoui en or, dixi\u00e8me m\u00e9daille pour la Tunisie","datePublished":"2024-09-08T10:56:00+00:00","dateModified":"2025-05-21T09:03:28+00:00","mainEntityOfPage":{"@id":"https:\/\/www.webdo.tn\/fr\/actualite\/sport\/jeux-paralympiques-amenallah-tissaoui-en-or-dixieme-medaille-pour-la-tunisie\/216252\/"},"wordCount":265,"commentCount":0,"publisher":{"@id":"https:\/\/www.webdo.tn\/fr\/#organization"},"image":{"@id":"https:\/\/www.webdo.tn\/fr\/actualite\/sport\/jeux-paralympiques-amenallah-tissaoui-en-or-dixieme-medaille-pour-la-tunisie\/216252\/#primaryimage"},"thumbnailUrl":"https:\/\/www.webdo.tn\/fr\/wp-content\/uploads\/2024\/09\/670052849472e9a5aae05f944ef8b624.webp","keywords":["jeux paralympiques","JO2024","m\u00e9daille d'or","Tunisie"],"articleSection":["Sport"],"inLanguage":"fr-FR"},{"@type":"WebPage","@id":"https:\/\/www.webdo.tn\/fr\/actualite\/sport\/jeux-paralympiques-amenallah-tissaoui-en-or-dixieme-medaille-pour-la-tunisie\/216252\/","url":"https:\/\/www.webdo.tn\/fr\/actualite\/sport\/jeux-paralympiques-amenallah-tissaoui-en-or-dixieme-medaille-pour-la-tunisie\/216252\/","name":"Jeux Paralympiques : Amenallah Tissaoui en or, dixi\u00e8me m\u00e9daille pour la Tunisie","isPartOf":{"@id":"https:\/\/www.webdo.tn\/fr\/#website"},"primaryImageOfPage":{"@id":"https:\/\/www.webdo.tn\/fr\/actualite\/sport\/jeux-paralympiques-amenallah-tissaoui-en-or-dixieme-medaille-pour-la-tunisie\/216252\/#primaryimage"},"image":{"@id":"https:\/\/www.webdo.tn\/fr\/actualite\/sport\/jeux-paralympiques-amenallah-tissaoui-en-or-dixieme-medaille-pour-la-tunisie\/216252\/#primaryimage"},"thumbnailUrl":"https:\/\/www.webdo.tn\/fr\/wp-content\/uploads\/2024\/09\/670052849472e9a5aae05f944ef8b624.webp","datePublished":"2024-09-08T10:56:00+00:00","dateModified":"2025-05-21T09:03:28+00:00","description":"Amenallah Tissaoui, athl\u00e8te paralympique tunisien, remporte l'or au 1500 m\u00e8tres (T38) aux Jeux paralympiques de Paris 2024, portant \u00e0 10 le total des m\u00e9dailles...","breadcrumb":{"@id":"https:\/\/www.webdo.tn\/fr\/actualite\/sport\/jeux-paralympiques-amenallah-tissaoui-en-or-dixieme-medaille-pour-la-tunisie\/216252\/#breadcrumb"},"inLanguage":"fr-FR","potentialAction":[{"@type":"ReadAction","target":["https:\/\/www.webdo.tn\/fr\/actualite\/sport\/jeux-paralympiques-amenallah-tissaoui-en-or-dixieme-medaille-pour-la-tunisie\/216252\/"]}]},{"@type":"ImageObject","inLanguage":"fr-FR","@id":"https:\/\/www.webdo.tn\/fr\/actualite\/sport\/jeux-paralympiques-amenallah-tissaoui-en-or-dixieme-medaille-pour-la-tunisie\/216252\/#primaryimage","url":"https:\/\/www.webdo.tn\/fr\/wp-content\/uploads\/2024\/09\/670052849472e9a5aae05f944ef8b624.webp","contentUrl":"https:\/\/www.webdo.tn\/fr\/wp-content\/uploads\/2024\/09\/670052849472e9a5aae05f944ef8b624.webp","width":750,"height":400,"caption":"Jeux Paralympiques : Amenallah Tissaoui en or, dixi\u00e8me m\u00e9daille pour la Tunisie"},{"@type":"BreadcrumbList","@id":"https:\/\/www.webdo.tn\/fr\/actualite\/sport\/jeux-paralympiques-amenallah-tissaoui-en-or-dixieme-medaille-pour-la-tunisie\/216252\/#breadcrumb","itemListElement":[{"@type":"ListItem","position":1,"name":"Accueil","item":"https:\/\/www.webdo.tn\/fr\/"},{"@type":"ListItem","position":2,"name":"Jeux Paralympiques : Amenallah Tissaoui en or, dixi\u00e8me m\u00e9daille pour la Tunisie"}]},{"@type":"WebSite","@id":"https:\/\/www.webdo.tn\/fr\/#website","url":"https:\/\/www.webdo.tn\/fr\/","name":"webdo","description":"Tunisie - News en Tunisie et \u00e0 l&#039;international sur Webdo.tn","publisher":{"@id":"https:\/\/www.webdo.tn\/fr\/#organization"},"potentialAction":[{"@type":"SearchAction","target":{"@type":"EntryPoint","urlTemplate":"https:\/\/www.webdo.tn\/fr\/?s={search_term_string}"},"query-input":{"@type":"PropertyValueSpecification","valueRequired":true,"valueName":"search_term_string"}}],"inLanguage":"fr-FR"},{"@type":"Organization","@id":"https:\/\/www.webdo.tn\/fr\/#organization","name":"Webdo","alternateName":"Webdo.tn","url":"https:\/\/www.webdo.tn\/fr\/","logo":{"@type":"ImageObject","inLanguage":"fr-FR","@id":"https:\/\/www.webdo.tn\/fr\/#\/schema\/logo\/image\/","url":"https:\/\/www.webdo.tn\/fr\/wp-content\/uploads\/2025\/06\/Webdo-Tunisie_168377.jpg","contentUrl":"https:\/\/www.webdo.tn\/fr\/wp-content\/uploads\/2025\/06\/Webdo-Tunisie_168377.jpg","width":301,"height":301,"caption":"Webdo"},"image":{"@id":"https:\/\/www.webdo.tn\/fr\/#\/schema\/logo\/image\/"},"sameAs":["https:\/\/www.facebook.com\/webdotn","https:\/\/x.com\/webdo_tn"],"description":"Webdo est un m\u00e9dia num\u00e9rique tunisien fond\u00e9 en 2010, sp\u00e9cialis\u00e9 dans l\u2019actualit\u00e9 nationale et internationale, l\u2019\u00e9conomie, la soci\u00e9t\u00e9 et les analyses politiques. Le site s\u2019adresse \u00e0 un large public francophone et couvre l\u2019information tunisienne en temps r\u00e9el.","email":"redac@webdo.tn","legalName":"YNJ SARL","foundingDate":"2010-09-06","numberOfEmployees":{"@type":"QuantitativeValue","minValue":"11","maxValue":"50"}},{"@type":"Person","@id":"https:\/\/www.webdo.tn\/fr\/#\/schema\/person\/b8a41c04d93287d375510db360906b34","name":"AZ","image":{"@type":"ImageObject","inLanguage":"fr-FR","@id":"https:\/\/secure.gravatar.com\/avatar\/492b80bada79439de4201dce15cd41eece6c277cfdf1b53382073c79105c1f89?s=96&d=mm&r=g","url":"https:\/\/secure.gravatar.com\/avatar\/492b80bada79439de4201dce15cd41eece6c277cfdf1b53382073c79105c1f89?s=96&d=mm&r=g","contentUrl":"https:\/\/secure.gravatar.com\/avatar\/492b80bada79439de4201dce15cd41eece6c277cfdf1b53382073c79105c1f89?s=96&d=mm&r=g","caption":"AZ"},"url":"https:\/\/www.webdo.tn\/fr\/actualite\/author\/az\/"}]}},"_links":{"self":[{"href":"https:\/\/www.webdo.tn\/fr\/wp-json\/wp\/v2\/posts\/216252","targetHints":{"allow":["GET"]}}],"collection":[{"href":"https:\/\/www.webdo.tn\/fr\/wp-json\/wp\/v2\/posts"}],"about":[{"href":"https:\/\/www.webdo.tn\/fr\/wp-json\/wp\/v2\/types\/post"}],"author":[{"embeddable":true,"href":"https:\/\/www.webdo.tn\/fr\/wp-json\/wp\/v2\/users\/3166"}],"replies":[{"embeddable":true,"href":"https:\/\/www.webdo.tn\/fr\/wp-json\/wp\/v2\/comments?post=216252"}],"version-history":[{"count":0,"href":"https:\/\/www.webdo.tn\/fr\/wp-json\/wp\/v2\/posts\/216252\/revisions"}],"wp:featuredmedia":[{"embeddable":true,"href":"https:\/\/www.webdo.tn\/fr\/wp-json\/wp\/v2\/media\/246618"}],"wp:attachment":[{"href":"https:\/\/www.webdo.tn\/fr\/wp-json\/wp\/v2\/media?parent=216252"}],"wp:term":[{"taxonomy":"category","embeddable":true,"href":"https:\/\/www.webdo.tn\/fr\/wp-json\/wp\/v2\/categories?post=216252"},{"taxonomy":"post_tag","embeddable":true,"href":"https:\/\/www.webdo.tn\/fr\/wp-json\/wp\/v2\/tags?post=216252"}],"curies":[{"name":"wp","href":"https:\/\/api.w.org\/{rel}","templated":true}]}}