{"id":216239,"date":"2024-09-07T10:45:00","date_gmt":"2024-09-07T10:45:00","guid":{"rendered":"https:\/\/www.webdo.tn\/fr\/blog\/tunisie-giuseppe-perrone-recu-par-le-mae\/216239\/"},"modified":"2025-05-20T21:49:13","modified_gmt":"2025-05-20T21:49:13","slug":"tunisie-giuseppe-perrone-recu-par-le-mae","status":"publish","type":"post","link":"https:\/\/www.webdo.tn\/fr\/actualite\/national\/tunisie-giuseppe-perrone-recu-par-le-mae\/216239\/","title":{"rendered":"Tunisie : Giuseppe Perrone re\u00e7u par le MAE"},"content":{"rendered":"<p>Le nouvel ambassadeur de l\u2019UE, l\u2019Italien Giuseppe Perrone a \u00e9t\u00e9 re\u00e7u, hier par le ministre des Affaires Etrang\u00e8res, de la Migration et des Tunisiens \u00e0 l\u2019Etranger, Mohamed Ali Nafti.<\/p>\n<p>\t\t\t\t\t\t\t\t\tMohamed Ali Nafti, ministre des Affaires Etrang\u00e8res, a re\u00e7u, ce vendredi 6 septembre 2024, une copie des Lettres de Cr\u00e9ance du nouvel ambassadeur, Chef de la D\u00e9l\u00e9gation de l\u2019Union Europ\u00e9enne en Tunisie, l\u2019Italien\u00a0 Giuseppe Perrone.<\/p>\n<p>Mohamed Ali Nafti a f\u00e9licit\u00e9 le diplomate europ\u00e9en pour sa nomination et lui a souhait\u00e9 plein de succ\u00e8s dans l&rsquo;exercice de ses fonctions, soulignant la disponibilit\u00e9 du minist\u00e8re \u00e0 lui apporter le soutien n\u00e9cessaire et que ses services coordonneront \u00e9troitement avec les diff\u00e9rentes structures tunisiennes concern\u00e9es par la coop\u00e9ration avec l&rsquo;Union europ\u00e9enne.<\/p>\n<p>La r\u00e9union a permis aux deux parties de se f\u00e9liciter du partenariat solide qui lie la Tunisie et l&rsquo;Union europ\u00e9enne depuis des d\u00e9cennies et de souligner la n\u00e9cessit\u00e9 d&rsquo;\u0153uvrer, dans le cadre de l\u2019int\u00e9r\u00eat mutuel et le co-d\u00e9veloppement solidaire, et dans un esprit de respect mutuel et de partenariat d\u2019\u00e9gal \u00e0 \u00e9gal, pour le consolider et le d\u00e9velopper davantage afin de relever ensemble les d\u00e9fis et enjeux actuels.<\/p>\n<p>Rappelons que Giuseppe Perrone succ\u00e8de \u00e0 Marcus Cornaro en tant qu\u2019ambassadeur de la D\u00e9l\u00e9gation de l\u2019UE.<\/p>\n","protected":false},"excerpt":{"rendered":"<p>Mohamed Ali Nafti, ministre des Affaires Etrang\u00e8res, a re\u00e7u, ce vendredi 6 septembre 2024, une copie des Lettres de Cr\u00e9ance du nouvel ambassadeur, Chef de la D\u00e9&#8230;<\/p>\n","protected":false},"author":3162,"featured_media":246613,"comment_status":"open","ping_status":"closed","sticky":false,"template":"","format":"standard","meta":{"footnotes":""},"categories":[44],"tags":[3999,5775,4657,2896],"class_list":["post-216239","post","type-post","status-publish","format-standard","has-post-thumbnail","hentry","category-national","tag-ambassadeur","tag-delegation-ue","tag-giuseppe-perrone","tag-union-europeenne"],"yoast_head":"<!-- This site is optimized with the Yoast SEO Premium plugin v27.5 (Yoast SEO v27.5) - https:\/\/yoast.com\/product\/yoast-seo-premium-wordpress\/ -->\n<title>Tunisie : Giuseppe Perrone re\u00e7u par le MAE<\/title>\n<meta name=\"description\" content=\"Mohamed Ali Nafti, ministre des Affaires Etrang\u00e8res, a re\u00e7u, ce vendredi 6 septembre 2024, une copie des Lettres de Cr\u00e9ance du nouvel ambassadeur, Chef de la D\u00e9...\" \/>\n<link rel=\"canonical\" href=\"https:\/\/www.webdo.tn\/fr\/actualite\/national\/tunisie-giuseppe-perrone-recu-par-le-mae\/216239\/\" \/>\n<meta property=\"og:locale\" content=\"fr_FR\" \/>\n<meta property=\"og:type\" content=\"article\" \/>\n<meta property=\"og:title\" content=\"Tunisie : Giuseppe Perrone re\u00e7u par le MAE\" \/>\n<meta property=\"og:description\" content=\"Mohamed Ali Nafti, ministre des Affaires Etrang\u00e8res, a re\u00e7u, ce vendredi 6 septembre 2024, une copie des Lettres de Cr\u00e9ance du nouvel ambassadeur, Chef de la D\u00e9...\" \/>\n<meta property=\"og:url\" content=\"https:\/\/www.webdo.tn\/fr\/actualite\/national\/tunisie-giuseppe-perrone-recu-par-le-mae\/216239\/\" \/>\n<meta property=\"og:site_name\" content=\"webdo\" \/>\n<meta property=\"article:publisher\" content=\"https:\/\/www.facebook.com\/webdotn\" \/>\n<meta property=\"article:published_time\" content=\"2024-09-07T10:45:00+00:00\" \/>\n<meta property=\"article:modified_time\" content=\"2025-05-20T21:49:13+00:00\" \/>\n<meta property=\"og:image\" content=\"https:\/\/www.webdo.tn\/fr\/wp-content\/uploads\/2024\/09\/e0c0d43c4940c2ec28f9b67403b886c0.webp\" \/>\n\t<meta property=\"og:image:width\" content=\"697\" \/>\n\t<meta property=\"og:image:height\" content=\"372\" \/>\n\t<meta property=\"og:image:type\" content=\"image\/webp\" \/>\n<meta name=\"author\" content=\"MC\" \/>\n<meta name=\"twitter:card\" content=\"summary_large_image\" \/>\n<meta name=\"twitter:creator\" content=\"@webdo_tn\" \/>\n<meta name=\"twitter:site\" content=\"@webdo_tn\" \/>\n<meta name=\"twitter:label1\" content=\"\u00c9crit par\" \/>\n\t<meta name=\"twitter:data1\" content=\"MC\" \/>\n\t<meta name=\"twitter:label2\" content=\"Dur\u00e9e de lecture estim\u00e9e\" \/>\n\t<meta name=\"twitter:data2\" content=\"1 minute\" \/>\n<script type=\"application\/ld+json\" class=\"yoast-schema-graph\">{\"@context\":\"https:\\\/\\\/schema.org\",\"@graph\":[{\"@type\":\"NewsArticle\",\"@id\":\"https:\\\/\\\/www.webdo.tn\\\/fr\\\/actualite\\\/national\\\/tunisie-giuseppe-perrone-recu-par-le-mae\\\/216239\\\/#article\",\"isPartOf\":{\"@id\":\"https:\\\/\\\/www.webdo.tn\\\/fr\\\/actualite\\\/national\\\/tunisie-giuseppe-perrone-recu-par-le-mae\\\/216239\\\/\"},\"author\":{\"name\":\"MC\",\"@id\":\"https:\\\/\\\/www.webdo.tn\\\/fr\\\/#\\\/schema\\\/person\\\/2c4929cbf5a809e3bd38617c6ce150f6\"},\"headline\":\"Tunisie : Giuseppe Perrone re\u00e7u par le MAE\",\"datePublished\":\"2024-09-07T10:45:00+00:00\",\"dateModified\":\"2025-05-20T21:49:13+00:00\",\"mainEntityOfPage\":{\"@id\":\"https:\\\/\\\/www.webdo.tn\\\/fr\\\/actualite\\\/national\\\/tunisie-giuseppe-perrone-recu-par-le-mae\\\/216239\\\/\"},\"wordCount\":245,\"commentCount\":0,\"publisher\":{\"@id\":\"https:\\\/\\\/www.webdo.tn\\\/fr\\\/#organization\"},\"image\":{\"@id\":\"https:\\\/\\\/www.webdo.tn\\\/fr\\\/actualite\\\/national\\\/tunisie-giuseppe-perrone-recu-par-le-mae\\\/216239\\\/#primaryimage\"},\"thumbnailUrl\":\"https:\\\/\\\/www.webdo.tn\\\/fr\\\/wp-content\\\/uploads\\\/2024\\\/09\\\/e0c0d43c4940c2ec28f9b67403b886c0.webp\",\"keywords\":[\"Ambassadeur\",\"d\u00e9l\u00e9gation UE\",\"Giuseppe Perrone\",\"Union europ\u00e9enne\"],\"articleSection\":[\"National\"],\"inLanguage\":\"fr-FR\"},{\"@type\":\"WebPage\",\"@id\":\"https:\\\/\\\/www.webdo.tn\\\/fr\\\/actualite\\\/national\\\/tunisie-giuseppe-perrone-recu-par-le-mae\\\/216239\\\/\",\"url\":\"https:\\\/\\\/www.webdo.tn\\\/fr\\\/actualite\\\/national\\\/tunisie-giuseppe-perrone-recu-par-le-mae\\\/216239\\\/\",\"name\":\"Tunisie : Giuseppe Perrone re\u00e7u par le MAE\",\"isPartOf\":{\"@id\":\"https:\\\/\\\/www.webdo.tn\\\/fr\\\/#website\"},\"primaryImageOfPage\":{\"@id\":\"https:\\\/\\\/www.webdo.tn\\\/fr\\\/actualite\\\/national\\\/tunisie-giuseppe-perrone-recu-par-le-mae\\\/216239\\\/#primaryimage\"},\"image\":{\"@id\":\"https:\\\/\\\/www.webdo.tn\\\/fr\\\/actualite\\\/national\\\/tunisie-giuseppe-perrone-recu-par-le-mae\\\/216239\\\/#primaryimage\"},\"thumbnailUrl\":\"https:\\\/\\\/www.webdo.tn\\\/fr\\\/wp-content\\\/uploads\\\/2024\\\/09\\\/e0c0d43c4940c2ec28f9b67403b886c0.webp\",\"datePublished\":\"2024-09-07T10:45:00+00:00\",\"dateModified\":\"2025-05-20T21:49:13+00:00\",\"description\":\"Mohamed Ali Nafti, ministre des Affaires Etrang\u00e8res, a re\u00e7u, ce vendredi 6 septembre 2024, une copie des Lettres de Cr\u00e9ance du nouvel ambassadeur, Chef de la D\u00e9...\",\"breadcrumb\":{\"@id\":\"https:\\\/\\\/www.webdo.tn\\\/fr\\\/actualite\\\/national\\\/tunisie-giuseppe-perrone-recu-par-le-mae\\\/216239\\\/#breadcrumb\"},\"inLanguage\":\"fr-FR\",\"potentialAction\":[{\"@type\":\"ReadAction\",\"target\":[\"https:\\\/\\\/www.webdo.tn\\\/fr\\\/actualite\\\/national\\\/tunisie-giuseppe-perrone-recu-par-le-mae\\\/216239\\\/\"]}]},{\"@type\":\"ImageObject\",\"inLanguage\":\"fr-FR\",\"@id\":\"https:\\\/\\\/www.webdo.tn\\\/fr\\\/actualite\\\/national\\\/tunisie-giuseppe-perrone-recu-par-le-mae\\\/216239\\\/#primaryimage\",\"url\":\"https:\\\/\\\/www.webdo.tn\\\/fr\\\/wp-content\\\/uploads\\\/2024\\\/09\\\/e0c0d43c4940c2ec28f9b67403b886c0.webp\",\"contentUrl\":\"https:\\\/\\\/www.webdo.tn\\\/fr\\\/wp-content\\\/uploads\\\/2024\\\/09\\\/e0c0d43c4940c2ec28f9b67403b886c0.webp\",\"width\":697,\"height\":372,\"caption\":\"Tunisie : Giuseppe Perrone re\u00e7u par le MAE\"},{\"@type\":\"BreadcrumbList\",\"@id\":\"https:\\\/\\\/www.webdo.tn\\\/fr\\\/actualite\\\/national\\\/tunisie-giuseppe-perrone-recu-par-le-mae\\\/216239\\\/#breadcrumb\",\"itemListElement\":[{\"@type\":\"ListItem\",\"position\":1,\"name\":\"Accueil\",\"item\":\"https:\\\/\\\/www.webdo.tn\\\/fr\\\/\"},{\"@type\":\"ListItem\",\"position\":2,\"name\":\"Tunisie : Giuseppe Perrone re\u00e7u par le MAE\"}]},{\"@type\":\"WebSite\",\"@id\":\"https:\\\/\\\/www.webdo.tn\\\/fr\\\/#website\",\"url\":\"https:\\\/\\\/www.webdo.tn\\\/fr\\\/\",\"name\":\"webdo\",\"description\":\"Tunisie - News en Tunisie et \u00e0 l&#039;international sur Webdo.tn\",\"publisher\":{\"@id\":\"https:\\\/\\\/www.webdo.tn\\\/fr\\\/#organization\"},\"potentialAction\":[{\"@type\":\"SearchAction\",\"target\":{\"@type\":\"EntryPoint\",\"urlTemplate\":\"https:\\\/\\\/www.webdo.tn\\\/fr\\\/?s={search_term_string}\"},\"query-input\":{\"@type\":\"PropertyValueSpecification\",\"valueRequired\":true,\"valueName\":\"search_term_string\"}}],\"inLanguage\":\"fr-FR\"},{\"@type\":\"Organization\",\"@id\":\"https:\\\/\\\/www.webdo.tn\\\/fr\\\/#organization\",\"name\":\"Webdo\",\"alternateName\":\"Webdo.tn\",\"url\":\"https:\\\/\\\/www.webdo.tn\\\/fr\\\/\",\"logo\":{\"@type\":\"ImageObject\",\"inLanguage\":\"fr-FR\",\"@id\":\"https:\\\/\\\/www.webdo.tn\\\/fr\\\/#\\\/schema\\\/logo\\\/image\\\/\",\"url\":\"https:\\\/\\\/www.webdo.tn\\\/fr\\\/wp-content\\\/uploads\\\/2025\\\/06\\\/Webdo-Tunisie_168377.jpg\",\"contentUrl\":\"https:\\\/\\\/www.webdo.tn\\\/fr\\\/wp-content\\\/uploads\\\/2025\\\/06\\\/Webdo-Tunisie_168377.jpg\",\"width\":301,\"height\":301,\"caption\":\"Webdo\"},\"image\":{\"@id\":\"https:\\\/\\\/www.webdo.tn\\\/fr\\\/#\\\/schema\\\/logo\\\/image\\\/\"},\"sameAs\":[\"https:\\\/\\\/www.facebook.com\\\/webdotn\",\"https:\\\/\\\/x.com\\\/webdo_tn\"],\"description\":\"Webdo est un m\u00e9dia num\u00e9rique tunisien fond\u00e9 en 2010, sp\u00e9cialis\u00e9 dans l\u2019actualit\u00e9 nationale et internationale, l\u2019\u00e9conomie, la soci\u00e9t\u00e9 et les analyses politiques. Le site s\u2019adresse \u00e0 un large public francophone et couvre l\u2019information tunisienne en temps r\u00e9el.\",\"email\":\"redac@webdo.tn\",\"legalName\":\"YNJ SARL\",\"foundingDate\":\"2010-09-06\",\"numberOfEmployees\":{\"@type\":\"QuantitativeValue\",\"minValue\":\"11\",\"maxValue\":\"50\"}},{\"@type\":\"Person\",\"@id\":\"https:\\\/\\\/www.webdo.tn\\\/fr\\\/#\\\/schema\\\/person\\\/2c4929cbf5a809e3bd38617c6ce150f6\",\"name\":\"MC\",\"image\":{\"@type\":\"ImageObject\",\"inLanguage\":\"fr-FR\",\"@id\":\"https:\\\/\\\/secure.gravatar.com\\\/avatar\\\/a545bbb6f84efdd5553dbbc2895e3ca8f1d12c5215e00a041c9670b54aa9b18a?s=96&d=mm&r=g\",\"url\":\"https:\\\/\\\/secure.gravatar.com\\\/avatar\\\/a545bbb6f84efdd5553dbbc2895e3ca8f1d12c5215e00a041c9670b54aa9b18a?s=96&d=mm&r=g\",\"contentUrl\":\"https:\\\/\\\/secure.gravatar.com\\\/avatar\\\/a545bbb6f84efdd5553dbbc2895e3ca8f1d12c5215e00a041c9670b54aa9b18a?s=96&d=mm&r=g\",\"caption\":\"MC\"},\"url\":\"https:\\\/\\\/www.webdo.tn\\\/fr\\\/actualite\\\/author\\\/mc\\\/\"}]}<\/script>\n<!-- \/ Yoast SEO Premium plugin. -->","yoast_head_json":{"title":"Tunisie : Giuseppe Perrone re\u00e7u par le MAE","description":"Mohamed Ali Nafti, ministre des Affaires Etrang\u00e8res, a re\u00e7u, ce vendredi 6 septembre 2024, une copie des Lettres de Cr\u00e9ance du nouvel ambassadeur, Chef de la D\u00e9...","canonical":"https:\/\/www.webdo.tn\/fr\/actualite\/national\/tunisie-giuseppe-perrone-recu-par-le-mae\/216239\/","og_locale":"fr_FR","og_type":"article","og_title":"Tunisie : Giuseppe Perrone re\u00e7u par le MAE","og_description":"Mohamed Ali Nafti, ministre des Affaires Etrang\u00e8res, a re\u00e7u, ce vendredi 6 septembre 2024, une copie des Lettres de Cr\u00e9ance du nouvel ambassadeur, Chef de la D\u00e9...","og_url":"https:\/\/www.webdo.tn\/fr\/actualite\/national\/tunisie-giuseppe-perrone-recu-par-le-mae\/216239\/","og_site_name":"webdo","article_publisher":"https:\/\/www.facebook.com\/webdotn","article_published_time":"2024-09-07T10:45:00+00:00","article_modified_time":"2025-05-20T21:49:13+00:00","og_image":[{"width":697,"height":372,"url":"https:\/\/www.webdo.tn\/fr\/wp-content\/uploads\/2024\/09\/e0c0d43c4940c2ec28f9b67403b886c0.webp","type":"image\/webp"}],"author":"MC","twitter_card":"summary_large_image","twitter_creator":"@webdo_tn","twitter_site":"@webdo_tn","twitter_misc":{"\u00c9crit par":"MC","Dur\u00e9e de lecture estim\u00e9e":"1 minute"},"schema":{"@context":"https:\/\/schema.org","@graph":[{"@type":"NewsArticle","@id":"https:\/\/www.webdo.tn\/fr\/actualite\/national\/tunisie-giuseppe-perrone-recu-par-le-mae\/216239\/#article","isPartOf":{"@id":"https:\/\/www.webdo.tn\/fr\/actualite\/national\/tunisie-giuseppe-perrone-recu-par-le-mae\/216239\/"},"author":{"name":"MC","@id":"https:\/\/www.webdo.tn\/fr\/#\/schema\/person\/2c4929cbf5a809e3bd38617c6ce150f6"},"headline":"Tunisie : Giuseppe Perrone re\u00e7u par le MAE","datePublished":"2024-09-07T10:45:00+00:00","dateModified":"2025-05-20T21:49:13+00:00","mainEntityOfPage":{"@id":"https:\/\/www.webdo.tn\/fr\/actualite\/national\/tunisie-giuseppe-perrone-recu-par-le-mae\/216239\/"},"wordCount":245,"commentCount":0,"publisher":{"@id":"https:\/\/www.webdo.tn\/fr\/#organization"},"image":{"@id":"https:\/\/www.webdo.tn\/fr\/actualite\/national\/tunisie-giuseppe-perrone-recu-par-le-mae\/216239\/#primaryimage"},"thumbnailUrl":"https:\/\/www.webdo.tn\/fr\/wp-content\/uploads\/2024\/09\/e0c0d43c4940c2ec28f9b67403b886c0.webp","keywords":["Ambassadeur","d\u00e9l\u00e9gation UE","Giuseppe Perrone","Union europ\u00e9enne"],"articleSection":["National"],"inLanguage":"fr-FR"},{"@type":"WebPage","@id":"https:\/\/www.webdo.tn\/fr\/actualite\/national\/tunisie-giuseppe-perrone-recu-par-le-mae\/216239\/","url":"https:\/\/www.webdo.tn\/fr\/actualite\/national\/tunisie-giuseppe-perrone-recu-par-le-mae\/216239\/","name":"Tunisie : Giuseppe Perrone re\u00e7u par le MAE","isPartOf":{"@id":"https:\/\/www.webdo.tn\/fr\/#website"},"primaryImageOfPage":{"@id":"https:\/\/www.webdo.tn\/fr\/actualite\/national\/tunisie-giuseppe-perrone-recu-par-le-mae\/216239\/#primaryimage"},"image":{"@id":"https:\/\/www.webdo.tn\/fr\/actualite\/national\/tunisie-giuseppe-perrone-recu-par-le-mae\/216239\/#primaryimage"},"thumbnailUrl":"https:\/\/www.webdo.tn\/fr\/wp-content\/uploads\/2024\/09\/e0c0d43c4940c2ec28f9b67403b886c0.webp","datePublished":"2024-09-07T10:45:00+00:00","dateModified":"2025-05-20T21:49:13+00:00","description":"Mohamed Ali Nafti, ministre des Affaires Etrang\u00e8res, a re\u00e7u, ce vendredi 6 septembre 2024, une copie des Lettres de Cr\u00e9ance du nouvel ambassadeur, Chef de la D\u00e9...","breadcrumb":{"@id":"https:\/\/www.webdo.tn\/fr\/actualite\/national\/tunisie-giuseppe-perrone-recu-par-le-mae\/216239\/#breadcrumb"},"inLanguage":"fr-FR","potentialAction":[{"@type":"ReadAction","target":["https:\/\/www.webdo.tn\/fr\/actualite\/national\/tunisie-giuseppe-perrone-recu-par-le-mae\/216239\/"]}]},{"@type":"ImageObject","inLanguage":"fr-FR","@id":"https:\/\/www.webdo.tn\/fr\/actualite\/national\/tunisie-giuseppe-perrone-recu-par-le-mae\/216239\/#primaryimage","url":"https:\/\/www.webdo.tn\/fr\/wp-content\/uploads\/2024\/09\/e0c0d43c4940c2ec28f9b67403b886c0.webp","contentUrl":"https:\/\/www.webdo.tn\/fr\/wp-content\/uploads\/2024\/09\/e0c0d43c4940c2ec28f9b67403b886c0.webp","width":697,"height":372,"caption":"Tunisie : Giuseppe Perrone re\u00e7u par le MAE"},{"@type":"BreadcrumbList","@id":"https:\/\/www.webdo.tn\/fr\/actualite\/national\/tunisie-giuseppe-perrone-recu-par-le-mae\/216239\/#breadcrumb","itemListElement":[{"@type":"ListItem","position":1,"name":"Accueil","item":"https:\/\/www.webdo.tn\/fr\/"},{"@type":"ListItem","position":2,"name":"Tunisie : Giuseppe Perrone re\u00e7u par le MAE"}]},{"@type":"WebSite","@id":"https:\/\/www.webdo.tn\/fr\/#website","url":"https:\/\/www.webdo.tn\/fr\/","name":"webdo","description":"Tunisie - News en Tunisie et \u00e0 l&#039;international sur Webdo.tn","publisher":{"@id":"https:\/\/www.webdo.tn\/fr\/#organization"},"potentialAction":[{"@type":"SearchAction","target":{"@type":"EntryPoint","urlTemplate":"https:\/\/www.webdo.tn\/fr\/?s={search_term_string}"},"query-input":{"@type":"PropertyValueSpecification","valueRequired":true,"valueName":"search_term_string"}}],"inLanguage":"fr-FR"},{"@type":"Organization","@id":"https:\/\/www.webdo.tn\/fr\/#organization","name":"Webdo","alternateName":"Webdo.tn","url":"https:\/\/www.webdo.tn\/fr\/","logo":{"@type":"ImageObject","inLanguage":"fr-FR","@id":"https:\/\/www.webdo.tn\/fr\/#\/schema\/logo\/image\/","url":"https:\/\/www.webdo.tn\/fr\/wp-content\/uploads\/2025\/06\/Webdo-Tunisie_168377.jpg","contentUrl":"https:\/\/www.webdo.tn\/fr\/wp-content\/uploads\/2025\/06\/Webdo-Tunisie_168377.jpg","width":301,"height":301,"caption":"Webdo"},"image":{"@id":"https:\/\/www.webdo.tn\/fr\/#\/schema\/logo\/image\/"},"sameAs":["https:\/\/www.facebook.com\/webdotn","https:\/\/x.com\/webdo_tn"],"description":"Webdo est un m\u00e9dia num\u00e9rique tunisien fond\u00e9 en 2010, sp\u00e9cialis\u00e9 dans l\u2019actualit\u00e9 nationale et internationale, l\u2019\u00e9conomie, la soci\u00e9t\u00e9 et les analyses politiques. Le site s\u2019adresse \u00e0 un large public francophone et couvre l\u2019information tunisienne en temps r\u00e9el.","email":"redac@webdo.tn","legalName":"YNJ SARL","foundingDate":"2010-09-06","numberOfEmployees":{"@type":"QuantitativeValue","minValue":"11","maxValue":"50"}},{"@type":"Person","@id":"https:\/\/www.webdo.tn\/fr\/#\/schema\/person\/2c4929cbf5a809e3bd38617c6ce150f6","name":"MC","image":{"@type":"ImageObject","inLanguage":"fr-FR","@id":"https:\/\/secure.gravatar.com\/avatar\/a545bbb6f84efdd5553dbbc2895e3ca8f1d12c5215e00a041c9670b54aa9b18a?s=96&d=mm&r=g","url":"https:\/\/secure.gravatar.com\/avatar\/a545bbb6f84efdd5553dbbc2895e3ca8f1d12c5215e00a041c9670b54aa9b18a?s=96&d=mm&r=g","contentUrl":"https:\/\/secure.gravatar.com\/avatar\/a545bbb6f84efdd5553dbbc2895e3ca8f1d12c5215e00a041c9670b54aa9b18a?s=96&d=mm&r=g","caption":"MC"},"url":"https:\/\/www.webdo.tn\/fr\/actualite\/author\/mc\/"}]}},"_links":{"self":[{"href":"https:\/\/www.webdo.tn\/fr\/wp-json\/wp\/v2\/posts\/216239","targetHints":{"allow":["GET"]}}],"collection":[{"href":"https:\/\/www.webdo.tn\/fr\/wp-json\/wp\/v2\/posts"}],"about":[{"href":"https:\/\/www.webdo.tn\/fr\/wp-json\/wp\/v2\/types\/post"}],"author":[{"embeddable":true,"href":"https:\/\/www.webdo.tn\/fr\/wp-json\/wp\/v2\/users\/3162"}],"replies":[{"embeddable":true,"href":"https:\/\/www.webdo.tn\/fr\/wp-json\/wp\/v2\/comments?post=216239"}],"version-history":[{"count":0,"href":"https:\/\/www.webdo.tn\/fr\/wp-json\/wp\/v2\/posts\/216239\/revisions"}],"wp:featuredmedia":[{"embeddable":true,"href":"https:\/\/www.webdo.tn\/fr\/wp-json\/wp\/v2\/media\/246613"}],"wp:attachment":[{"href":"https:\/\/www.webdo.tn\/fr\/wp-json\/wp\/v2\/media?parent=216239"}],"wp:term":[{"taxonomy":"category","embeddable":true,"href":"https:\/\/www.webdo.tn\/fr\/wp-json\/wp\/v2\/categories?post=216239"},{"taxonomy":"post_tag","embeddable":true,"href":"https:\/\/www.webdo.tn\/fr\/wp-json\/wp\/v2\/tags?post=216239"}],"curies":[{"name":"wp","href":"https:\/\/api.w.org\/{rel}","templated":true}]}}