{"id":216223,"date":"2024-09-06T10:05:00","date_gmt":"2024-09-06T10:05:00","guid":{"rendered":"https:\/\/www.webdo.tn\/fr\/blog\/deces-de-moncef-khemakhem-ancien-president-du-css\/216223\/"},"modified":"2025-05-20T22:14:04","modified_gmt":"2025-05-20T22:14:04","slug":"deces-de-moncef-khemakhem-ancien-president-du-css","status":"publish","type":"post","link":"https:\/\/www.webdo.tn\/fr\/actualite\/sport\/deces-de-moncef-khemakhem-ancien-president-du-css\/216223\/","title":{"rendered":"D\u00e9c\u00e8s de Moncef Khemakhem, ancien pr\u00e9sident du CSS"},"content":{"rendered":"<p>L\u2019homme d\u2019affaires et ancien pr\u00e9sident du Club Sportif Sfaxien, est d\u00e9c\u00e9d\u00e9 ce vendredi 6 septembre 2024 apr\u00e8s un long combat contre la maladie.<\/p>\n<p>Moncef Khemakhem a \u00e9t\u00e9 pr\u00e9sident du CS Sfaxien entre 2016 et 2022. Paix \u00e0 son \u00e2me !<\/p>\n","protected":false},"excerpt":{"rendered":"<p>L\u2019homme d\u2019affaires et ancien pr\u00e9sident du Club Sportif Sfaxien, est d\u00e9c\u00e9d\u00e9 ce vendredi 6 septembre 2024 apr\u00e8s un long combat contre la maladie.<\/p>\n","protected":false},"author":3162,"featured_media":291033,"comment_status":"open","ping_status":"closed","sticky":false,"template":"","format":"standard","meta":{"footnotes":""},"categories":[2593],"tags":[10398,4913,4914,2830],"class_list":["post-216223","post","type-post","status-publish","format-standard","has-post-thumbnail","hentry","category-sport","tag-moncef-khemakhem","tag-club-sportif-sfaxien","tag-css","tag-deces"],"yoast_head":"<!-- This site is optimized with the Yoast SEO Premium plugin v27.4 (Yoast SEO v27.5) - https:\/\/yoast.com\/product\/yoast-seo-premium-wordpress\/ -->\n<title>D\u00e9c\u00e8s de Moncef Khemakhem, ancien pr\u00e9sident du CSS<\/title>\n<meta name=\"description\" content=\"L\u2019homme d\u2019affaires et ancien pr\u00e9sident du Club Sportif Sfaxien, est d\u00e9c\u00e9d\u00e9 ce vendredi 6 septembre 2024 apr\u00e8s un long combat contre la maladie.\" \/>\n<link rel=\"canonical\" href=\"https:\/\/www.webdo.tn\/fr\/actualite\/sport\/deces-de-moncef-khemakhem-ancien-president-du-css\/216223\/\" \/>\n<meta property=\"og:locale\" content=\"fr_FR\" \/>\n<meta property=\"og:type\" content=\"article\" \/>\n<meta property=\"og:title\" content=\"D\u00e9c\u00e8s de Moncef Khemakhem, ancien pr\u00e9sident du CSS\" \/>\n<meta property=\"og:description\" content=\"L\u2019homme d\u2019affaires et ancien pr\u00e9sident du Club Sportif Sfaxien, est d\u00e9c\u00e9d\u00e9 ce vendredi 6 septembre 2024 apr\u00e8s un long combat contre la maladie.\" \/>\n<meta property=\"og:url\" content=\"https:\/\/www.webdo.tn\/fr\/actualite\/sport\/deces-de-moncef-khemakhem-ancien-president-du-css\/216223\/\" \/>\n<meta property=\"og:site_name\" content=\"webdo\" \/>\n<meta property=\"article:publisher\" content=\"https:\/\/www.facebook.com\/webdotn\" \/>\n<meta property=\"article:published_time\" content=\"2024-09-06T10:05:00+00:00\" \/>\n<meta property=\"article:modified_time\" content=\"2025-05-20T22:14:04+00:00\" \/>\n<meta property=\"og:image\" content=\"https:\/\/www.webdo.tn\/fr\/wp-content\/uploads\/2024\/09\/a076cc251bff2c45df1df1b7ded16ded.webp\" \/>\n\t<meta property=\"og:image:width\" content=\"750\" \/>\n\t<meta property=\"og:image:height\" content=\"400\" \/>\n\t<meta property=\"og:image:type\" content=\"image\/webp\" \/>\n<meta name=\"author\" content=\"MC\" \/>\n<meta name=\"twitter:card\" content=\"summary_large_image\" \/>\n<meta name=\"twitter:creator\" content=\"@webdo_tn\" \/>\n<meta name=\"twitter:site\" content=\"@webdo_tn\" \/>\n<meta name=\"twitter:label1\" content=\"\u00c9crit par\" \/>\n\t<meta name=\"twitter:data1\" content=\"MC\" \/>\n<script type=\"application\/ld+json\" class=\"yoast-schema-graph\">{\"@context\":\"https:\\\/\\\/schema.org\",\"@graph\":[{\"@type\":\"NewsArticle\",\"@id\":\"https:\\\/\\\/www.webdo.tn\\\/fr\\\/actualite\\\/sport\\\/deces-de-moncef-khemakhem-ancien-president-du-css\\\/216223\\\/#article\",\"isPartOf\":{\"@id\":\"https:\\\/\\\/www.webdo.tn\\\/fr\\\/actualite\\\/sport\\\/deces-de-moncef-khemakhem-ancien-president-du-css\\\/216223\\\/\"},\"author\":{\"name\":\"MC\",\"@id\":\"https:\\\/\\\/www.webdo.tn\\\/fr\\\/#\\\/schema\\\/person\\\/2c4929cbf5a809e3bd38617c6ce150f6\"},\"headline\":\"D\u00e9c\u00e8s de Moncef Khemakhem, ancien pr\u00e9sident du CSS\",\"datePublished\":\"2024-09-06T10:05:00+00:00\",\"dateModified\":\"2025-05-20T22:14:04+00:00\",\"mainEntityOfPage\":{\"@id\":\"https:\\\/\\\/www.webdo.tn\\\/fr\\\/actualite\\\/sport\\\/deces-de-moncef-khemakhem-ancien-president-du-css\\\/216223\\\/\"},\"wordCount\":52,\"commentCount\":0,\"publisher\":{\"@id\":\"https:\\\/\\\/www.webdo.tn\\\/fr\\\/#organization\"},\"image\":{\"@id\":\"https:\\\/\\\/www.webdo.tn\\\/fr\\\/actualite\\\/sport\\\/deces-de-moncef-khemakhem-ancien-president-du-css\\\/216223\\\/#primaryimage\"},\"thumbnailUrl\":\"https:\\\/\\\/www.webdo.tn\\\/fr\\\/wp-content\\\/uploads\\\/2024\\\/09\\\/a076cc251bff2c45df1df1b7ded16ded.webp\",\"keywords\":[\"'moncef khemakhem']\",\"Club sportif Sfaxien\",\"CSS\",\"D\u00e9c\u00e8s\"],\"articleSection\":[\"Sport\"],\"inLanguage\":\"fr-FR\"},{\"@type\":\"WebPage\",\"@id\":\"https:\\\/\\\/www.webdo.tn\\\/fr\\\/actualite\\\/sport\\\/deces-de-moncef-khemakhem-ancien-president-du-css\\\/216223\\\/\",\"url\":\"https:\\\/\\\/www.webdo.tn\\\/fr\\\/actualite\\\/sport\\\/deces-de-moncef-khemakhem-ancien-president-du-css\\\/216223\\\/\",\"name\":\"D\u00e9c\u00e8s de Moncef Khemakhem, ancien pr\u00e9sident du CSS\",\"isPartOf\":{\"@id\":\"https:\\\/\\\/www.webdo.tn\\\/fr\\\/#website\"},\"primaryImageOfPage\":{\"@id\":\"https:\\\/\\\/www.webdo.tn\\\/fr\\\/actualite\\\/sport\\\/deces-de-moncef-khemakhem-ancien-president-du-css\\\/216223\\\/#primaryimage\"},\"image\":{\"@id\":\"https:\\\/\\\/www.webdo.tn\\\/fr\\\/actualite\\\/sport\\\/deces-de-moncef-khemakhem-ancien-president-du-css\\\/216223\\\/#primaryimage\"},\"thumbnailUrl\":\"https:\\\/\\\/www.webdo.tn\\\/fr\\\/wp-content\\\/uploads\\\/2024\\\/09\\\/a076cc251bff2c45df1df1b7ded16ded.webp\",\"datePublished\":\"2024-09-06T10:05:00+00:00\",\"dateModified\":\"2025-05-20T22:14:04+00:00\",\"description\":\"L\u2019homme d\u2019affaires et ancien pr\u00e9sident du Club Sportif Sfaxien, est d\u00e9c\u00e9d\u00e9 ce vendredi 6 septembre 2024 apr\u00e8s un long combat contre la maladie.\",\"breadcrumb\":{\"@id\":\"https:\\\/\\\/www.webdo.tn\\\/fr\\\/actualite\\\/sport\\\/deces-de-moncef-khemakhem-ancien-president-du-css\\\/216223\\\/#breadcrumb\"},\"inLanguage\":\"fr-FR\",\"potentialAction\":[{\"@type\":\"ReadAction\",\"target\":[\"https:\\\/\\\/www.webdo.tn\\\/fr\\\/actualite\\\/sport\\\/deces-de-moncef-khemakhem-ancien-president-du-css\\\/216223\\\/\"]}]},{\"@type\":\"ImageObject\",\"inLanguage\":\"fr-FR\",\"@id\":\"https:\\\/\\\/www.webdo.tn\\\/fr\\\/actualite\\\/sport\\\/deces-de-moncef-khemakhem-ancien-president-du-css\\\/216223\\\/#primaryimage\",\"url\":\"https:\\\/\\\/www.webdo.tn\\\/fr\\\/wp-content\\\/uploads\\\/2024\\\/09\\\/a076cc251bff2c45df1df1b7ded16ded.webp\",\"contentUrl\":\"https:\\\/\\\/www.webdo.tn\\\/fr\\\/wp-content\\\/uploads\\\/2024\\\/09\\\/a076cc251bff2c45df1df1b7ded16ded.webp\",\"width\":750,\"height\":400,\"caption\":\"D\u00e9c\u00e8s de Moncef Khemakhem, ancien pr\u00e9sident du CSS\"},{\"@type\":\"BreadcrumbList\",\"@id\":\"https:\\\/\\\/www.webdo.tn\\\/fr\\\/actualite\\\/sport\\\/deces-de-moncef-khemakhem-ancien-president-du-css\\\/216223\\\/#breadcrumb\",\"itemListElement\":[{\"@type\":\"ListItem\",\"position\":1,\"name\":\"Accueil\",\"item\":\"https:\\\/\\\/www.webdo.tn\\\/fr\\\/\"},{\"@type\":\"ListItem\",\"position\":2,\"name\":\"D\u00e9c\u00e8s de Moncef Khemakhem, ancien pr\u00e9sident du CSS\"}]},{\"@type\":\"WebSite\",\"@id\":\"https:\\\/\\\/www.webdo.tn\\\/fr\\\/#website\",\"url\":\"https:\\\/\\\/www.webdo.tn\\\/fr\\\/\",\"name\":\"webdo\",\"description\":\"Tunisie - News en Tunisie et \u00e0 l&#039;international sur Webdo.tn\",\"publisher\":{\"@id\":\"https:\\\/\\\/www.webdo.tn\\\/fr\\\/#organization\"},\"potentialAction\":[{\"@type\":\"SearchAction\",\"target\":{\"@type\":\"EntryPoint\",\"urlTemplate\":\"https:\\\/\\\/www.webdo.tn\\\/fr\\\/?s={search_term_string}\"},\"query-input\":{\"@type\":\"PropertyValueSpecification\",\"valueRequired\":true,\"valueName\":\"search_term_string\"}}],\"inLanguage\":\"fr-FR\"},{\"@type\":\"Organization\",\"@id\":\"https:\\\/\\\/www.webdo.tn\\\/fr\\\/#organization\",\"name\":\"Webdo\",\"alternateName\":\"Webdo.tn\",\"url\":\"https:\\\/\\\/www.webdo.tn\\\/fr\\\/\",\"logo\":{\"@type\":\"ImageObject\",\"inLanguage\":\"fr-FR\",\"@id\":\"https:\\\/\\\/www.webdo.tn\\\/fr\\\/#\\\/schema\\\/logo\\\/image\\\/\",\"url\":\"https:\\\/\\\/www.webdo.tn\\\/fr\\\/wp-content\\\/uploads\\\/2025\\\/06\\\/Webdo-Tunisie_168377.jpg\",\"contentUrl\":\"https:\\\/\\\/www.webdo.tn\\\/fr\\\/wp-content\\\/uploads\\\/2025\\\/06\\\/Webdo-Tunisie_168377.jpg\",\"width\":301,\"height\":301,\"caption\":\"Webdo\"},\"image\":{\"@id\":\"https:\\\/\\\/www.webdo.tn\\\/fr\\\/#\\\/schema\\\/logo\\\/image\\\/\"},\"sameAs\":[\"https:\\\/\\\/www.facebook.com\\\/webdotn\",\"https:\\\/\\\/x.com\\\/webdo_tn\"],\"description\":\"Webdo est un m\u00e9dia num\u00e9rique tunisien fond\u00e9 en 2010, sp\u00e9cialis\u00e9 dans l\u2019actualit\u00e9 nationale et internationale, l\u2019\u00e9conomie, la soci\u00e9t\u00e9 et les analyses politiques. Le site s\u2019adresse \u00e0 un large public francophone et couvre l\u2019information tunisienne en temps r\u00e9el.\",\"email\":\"redac@webdo.tn\",\"legalName\":\"YNJ SARL\",\"foundingDate\":\"2010-09-06\",\"numberOfEmployees\":{\"@type\":\"QuantitativeValue\",\"minValue\":\"11\",\"maxValue\":\"50\"}},{\"@type\":\"Person\",\"@id\":\"https:\\\/\\\/www.webdo.tn\\\/fr\\\/#\\\/schema\\\/person\\\/2c4929cbf5a809e3bd38617c6ce150f6\",\"name\":\"MC\",\"image\":{\"@type\":\"ImageObject\",\"inLanguage\":\"fr-FR\",\"@id\":\"https:\\\/\\\/secure.gravatar.com\\\/avatar\\\/a545bbb6f84efdd5553dbbc2895e3ca8f1d12c5215e00a041c9670b54aa9b18a?s=96&d=mm&r=g\",\"url\":\"https:\\\/\\\/secure.gravatar.com\\\/avatar\\\/a545bbb6f84efdd5553dbbc2895e3ca8f1d12c5215e00a041c9670b54aa9b18a?s=96&d=mm&r=g\",\"contentUrl\":\"https:\\\/\\\/secure.gravatar.com\\\/avatar\\\/a545bbb6f84efdd5553dbbc2895e3ca8f1d12c5215e00a041c9670b54aa9b18a?s=96&d=mm&r=g\",\"caption\":\"MC\"},\"url\":\"https:\\\/\\\/www.webdo.tn\\\/fr\\\/actualite\\\/author\\\/mc\\\/\"}]}<\/script>\n<!-- \/ Yoast SEO Premium plugin. -->","yoast_head_json":{"title":"D\u00e9c\u00e8s de Moncef Khemakhem, ancien pr\u00e9sident du CSS","description":"L\u2019homme d\u2019affaires et ancien pr\u00e9sident du Club Sportif Sfaxien, est d\u00e9c\u00e9d\u00e9 ce vendredi 6 septembre 2024 apr\u00e8s un long combat contre la maladie.","canonical":"https:\/\/www.webdo.tn\/fr\/actualite\/sport\/deces-de-moncef-khemakhem-ancien-president-du-css\/216223\/","og_locale":"fr_FR","og_type":"article","og_title":"D\u00e9c\u00e8s de Moncef Khemakhem, ancien pr\u00e9sident du CSS","og_description":"L\u2019homme d\u2019affaires et ancien pr\u00e9sident du Club Sportif Sfaxien, est d\u00e9c\u00e9d\u00e9 ce vendredi 6 septembre 2024 apr\u00e8s un long combat contre la maladie.","og_url":"https:\/\/www.webdo.tn\/fr\/actualite\/sport\/deces-de-moncef-khemakhem-ancien-president-du-css\/216223\/","og_site_name":"webdo","article_publisher":"https:\/\/www.facebook.com\/webdotn","article_published_time":"2024-09-06T10:05:00+00:00","article_modified_time":"2025-05-20T22:14:04+00:00","og_image":[{"width":750,"height":400,"url":"https:\/\/www.webdo.tn\/fr\/wp-content\/uploads\/2024\/09\/a076cc251bff2c45df1df1b7ded16ded.webp","type":"image\/webp"}],"author":"MC","twitter_card":"summary_large_image","twitter_creator":"@webdo_tn","twitter_site":"@webdo_tn","twitter_misc":{"\u00c9crit par":"MC"},"schema":{"@context":"https:\/\/schema.org","@graph":[{"@type":"NewsArticle","@id":"https:\/\/www.webdo.tn\/fr\/actualite\/sport\/deces-de-moncef-khemakhem-ancien-president-du-css\/216223\/#article","isPartOf":{"@id":"https:\/\/www.webdo.tn\/fr\/actualite\/sport\/deces-de-moncef-khemakhem-ancien-president-du-css\/216223\/"},"author":{"name":"MC","@id":"https:\/\/www.webdo.tn\/fr\/#\/schema\/person\/2c4929cbf5a809e3bd38617c6ce150f6"},"headline":"D\u00e9c\u00e8s de Moncef Khemakhem, ancien pr\u00e9sident du CSS","datePublished":"2024-09-06T10:05:00+00:00","dateModified":"2025-05-20T22:14:04+00:00","mainEntityOfPage":{"@id":"https:\/\/www.webdo.tn\/fr\/actualite\/sport\/deces-de-moncef-khemakhem-ancien-president-du-css\/216223\/"},"wordCount":52,"commentCount":0,"publisher":{"@id":"https:\/\/www.webdo.tn\/fr\/#organization"},"image":{"@id":"https:\/\/www.webdo.tn\/fr\/actualite\/sport\/deces-de-moncef-khemakhem-ancien-president-du-css\/216223\/#primaryimage"},"thumbnailUrl":"https:\/\/www.webdo.tn\/fr\/wp-content\/uploads\/2024\/09\/a076cc251bff2c45df1df1b7ded16ded.webp","keywords":["'moncef khemakhem']","Club sportif Sfaxien","CSS","D\u00e9c\u00e8s"],"articleSection":["Sport"],"inLanguage":"fr-FR"},{"@type":"WebPage","@id":"https:\/\/www.webdo.tn\/fr\/actualite\/sport\/deces-de-moncef-khemakhem-ancien-president-du-css\/216223\/","url":"https:\/\/www.webdo.tn\/fr\/actualite\/sport\/deces-de-moncef-khemakhem-ancien-president-du-css\/216223\/","name":"D\u00e9c\u00e8s de Moncef Khemakhem, ancien pr\u00e9sident du CSS","isPartOf":{"@id":"https:\/\/www.webdo.tn\/fr\/#website"},"primaryImageOfPage":{"@id":"https:\/\/www.webdo.tn\/fr\/actualite\/sport\/deces-de-moncef-khemakhem-ancien-president-du-css\/216223\/#primaryimage"},"image":{"@id":"https:\/\/www.webdo.tn\/fr\/actualite\/sport\/deces-de-moncef-khemakhem-ancien-president-du-css\/216223\/#primaryimage"},"thumbnailUrl":"https:\/\/www.webdo.tn\/fr\/wp-content\/uploads\/2024\/09\/a076cc251bff2c45df1df1b7ded16ded.webp","datePublished":"2024-09-06T10:05:00+00:00","dateModified":"2025-05-20T22:14:04+00:00","description":"L\u2019homme d\u2019affaires et ancien pr\u00e9sident du Club Sportif Sfaxien, est d\u00e9c\u00e9d\u00e9 ce vendredi 6 septembre 2024 apr\u00e8s un long combat contre la maladie.","breadcrumb":{"@id":"https:\/\/www.webdo.tn\/fr\/actualite\/sport\/deces-de-moncef-khemakhem-ancien-president-du-css\/216223\/#breadcrumb"},"inLanguage":"fr-FR","potentialAction":[{"@type":"ReadAction","target":["https:\/\/www.webdo.tn\/fr\/actualite\/sport\/deces-de-moncef-khemakhem-ancien-president-du-css\/216223\/"]}]},{"@type":"ImageObject","inLanguage":"fr-FR","@id":"https:\/\/www.webdo.tn\/fr\/actualite\/sport\/deces-de-moncef-khemakhem-ancien-president-du-css\/216223\/#primaryimage","url":"https:\/\/www.webdo.tn\/fr\/wp-content\/uploads\/2024\/09\/a076cc251bff2c45df1df1b7ded16ded.webp","contentUrl":"https:\/\/www.webdo.tn\/fr\/wp-content\/uploads\/2024\/09\/a076cc251bff2c45df1df1b7ded16ded.webp","width":750,"height":400,"caption":"D\u00e9c\u00e8s de Moncef Khemakhem, ancien pr\u00e9sident du CSS"},{"@type":"BreadcrumbList","@id":"https:\/\/www.webdo.tn\/fr\/actualite\/sport\/deces-de-moncef-khemakhem-ancien-president-du-css\/216223\/#breadcrumb","itemListElement":[{"@type":"ListItem","position":1,"name":"Accueil","item":"https:\/\/www.webdo.tn\/fr\/"},{"@type":"ListItem","position":2,"name":"D\u00e9c\u00e8s de Moncef Khemakhem, ancien pr\u00e9sident du CSS"}]},{"@type":"WebSite","@id":"https:\/\/www.webdo.tn\/fr\/#website","url":"https:\/\/www.webdo.tn\/fr\/","name":"webdo","description":"Tunisie - News en Tunisie et \u00e0 l&#039;international sur Webdo.tn","publisher":{"@id":"https:\/\/www.webdo.tn\/fr\/#organization"},"potentialAction":[{"@type":"SearchAction","target":{"@type":"EntryPoint","urlTemplate":"https:\/\/www.webdo.tn\/fr\/?s={search_term_string}"},"query-input":{"@type":"PropertyValueSpecification","valueRequired":true,"valueName":"search_term_string"}}],"inLanguage":"fr-FR"},{"@type":"Organization","@id":"https:\/\/www.webdo.tn\/fr\/#organization","name":"Webdo","alternateName":"Webdo.tn","url":"https:\/\/www.webdo.tn\/fr\/","logo":{"@type":"ImageObject","inLanguage":"fr-FR","@id":"https:\/\/www.webdo.tn\/fr\/#\/schema\/logo\/image\/","url":"https:\/\/www.webdo.tn\/fr\/wp-content\/uploads\/2025\/06\/Webdo-Tunisie_168377.jpg","contentUrl":"https:\/\/www.webdo.tn\/fr\/wp-content\/uploads\/2025\/06\/Webdo-Tunisie_168377.jpg","width":301,"height":301,"caption":"Webdo"},"image":{"@id":"https:\/\/www.webdo.tn\/fr\/#\/schema\/logo\/image\/"},"sameAs":["https:\/\/www.facebook.com\/webdotn","https:\/\/x.com\/webdo_tn"],"description":"Webdo est un m\u00e9dia num\u00e9rique tunisien fond\u00e9 en 2010, sp\u00e9cialis\u00e9 dans l\u2019actualit\u00e9 nationale et internationale, l\u2019\u00e9conomie, la soci\u00e9t\u00e9 et les analyses politiques. Le site s\u2019adresse \u00e0 un large public francophone et couvre l\u2019information tunisienne en temps r\u00e9el.","email":"redac@webdo.tn","legalName":"YNJ SARL","foundingDate":"2010-09-06","numberOfEmployees":{"@type":"QuantitativeValue","minValue":"11","maxValue":"50"}},{"@type":"Person","@id":"https:\/\/www.webdo.tn\/fr\/#\/schema\/person\/2c4929cbf5a809e3bd38617c6ce150f6","name":"MC","image":{"@type":"ImageObject","inLanguage":"fr-FR","@id":"https:\/\/secure.gravatar.com\/avatar\/a545bbb6f84efdd5553dbbc2895e3ca8f1d12c5215e00a041c9670b54aa9b18a?s=96&d=mm&r=g","url":"https:\/\/secure.gravatar.com\/avatar\/a545bbb6f84efdd5553dbbc2895e3ca8f1d12c5215e00a041c9670b54aa9b18a?s=96&d=mm&r=g","contentUrl":"https:\/\/secure.gravatar.com\/avatar\/a545bbb6f84efdd5553dbbc2895e3ca8f1d12c5215e00a041c9670b54aa9b18a?s=96&d=mm&r=g","caption":"MC"},"url":"https:\/\/www.webdo.tn\/fr\/actualite\/author\/mc\/"}]}},"_links":{"self":[{"href":"https:\/\/www.webdo.tn\/fr\/wp-json\/wp\/v2\/posts\/216223","targetHints":{"allow":["GET"]}}],"collection":[{"href":"https:\/\/www.webdo.tn\/fr\/wp-json\/wp\/v2\/posts"}],"about":[{"href":"https:\/\/www.webdo.tn\/fr\/wp-json\/wp\/v2\/types\/post"}],"author":[{"embeddable":true,"href":"https:\/\/www.webdo.tn\/fr\/wp-json\/wp\/v2\/users\/3162"}],"replies":[{"embeddable":true,"href":"https:\/\/www.webdo.tn\/fr\/wp-json\/wp\/v2\/comments?post=216223"}],"version-history":[{"count":0,"href":"https:\/\/www.webdo.tn\/fr\/wp-json\/wp\/v2\/posts\/216223\/revisions"}],"wp:featuredmedia":[{"embeddable":true,"href":"https:\/\/www.webdo.tn\/fr\/wp-json\/wp\/v2\/media\/291033"}],"wp:attachment":[{"href":"https:\/\/www.webdo.tn\/fr\/wp-json\/wp\/v2\/media?parent=216223"}],"wp:term":[{"taxonomy":"category","embeddable":true,"href":"https:\/\/www.webdo.tn\/fr\/wp-json\/wp\/v2\/categories?post=216223"},{"taxonomy":"post_tag","embeddable":true,"href":"https:\/\/www.webdo.tn\/fr\/wp-json\/wp\/v2\/tags?post=216223"}],"curies":[{"name":"wp","href":"https:\/\/api.w.org\/{rel}","templated":true}]}}