{"id":216210,"date":"2024-09-05T19:55:00","date_gmt":"2024-09-05T19:55:00","guid":{"rendered":"https:\/\/www.webdo.tn\/fr\/blog\/tunisie-en-deux-semaines-3000-personnes-vaccinees-contre-la-rage-par-l-ipt\/216210\/"},"modified":"2025-05-20T22:34:48","modified_gmt":"2025-05-20T22:34:48","slug":"tunisie-en-deux-semaines-3000-personnes-vaccinees-contre-la-rage-par-l-ipt","status":"publish","type":"post","link":"https:\/\/www.webdo.tn\/fr\/actualite\/national\/tunisie-en-deux-semaines-3000-personnes-vaccinees-contre-la-rage-par-l-ipt\/216210\/","title":{"rendered":"Tunisie : En deux semaines, 3000 personnes vaccin\u00e9es contre la rage par l\u2019IPT"},"content":{"rendered":"<p>En l\u2019espace de deux semaines, l\u2019Institut Pasteur a re\u00e7u plus de 3000 personnes pour la vaccination contre la rage.<\/p>\n<p>Au cours des deux derni\u00e8res semaines, l\u2019Institut Pasteur de Tunis a accueilli plus de 3000 personnes pour se faire vacciner contre la rage, un chiffre qui d\u00e9passe les moyennes enregistr\u00e9es en un mois, a indiqu\u00e9 ce jeudi 5 septembre 2024 la cheffe du service des vaccinations internationales de l&rsquo;institut, Sonia Kchou Cherif.<\/p>\n<p>Cherif a d\u00e9clar\u00e9, \u00e0 la radio nationale, que l\u2019Institut Pasteur conna\u00eet une affluence importante.<\/p>\n<p>La campagne nationale de vaccination contre la rage a d\u00e9but\u00e9 le dimanche 1er septembre 2024 et se poursuivra jusqu\u2019\u00e0 la fin octobre dans toutes les r\u00e9gions du pays. La campagne inclut les chiens et les chats domestiques, ainsi que les animaux sensibles dans les zones touristiques, c\u2019est-\u00e0-dire tous les mammif\u00e8res comme les bovins et les \u00e9quid\u00e9s.<\/p>\n<p>Le nombre de centres de vaccination fixes d\u00e9passe 190, r\u00e9partis sur l&rsquo;ensemble du territoire, avec des \u00e9quipes mobiles sur le terrain.<\/p>\n<p>Le nombre de d\u00e9c\u00e8s dus \u00e0 la rage en Tunisie est mont\u00e9 \u00e0 9 cas depuis le d\u00e9but de l&rsquo;ann\u00e9e, ce qui a pouss\u00e9 le minist\u00e8re de la Sant\u00e9 \u00e0 intensifier ses efforts pour \u00e9radiquer le virus et \u00e0 appeler les citoyens \u00e0 vacciner leurs animaux. Il est \u00e9galement recommand\u00e9 de se rendre aux urgences les plus proches en cas d&rsquo;attaque par un animal errant.<\/p>\n","protected":false},"excerpt":{"rendered":"<p>Au cours des deux derni\u00e8res semaines, l\u2019Institut Pasteur de Tunis a accueilli plus de 3000 personnes pour se faire vacciner contre la rage, un chiffre qui d\u00e9pas&#8230;<\/p>\n","protected":false},"author":3175,"featured_media":246632,"comment_status":"open","ping_status":"closed","sticky":false,"template":"","format":"standard","meta":{"footnotes":""},"categories":[44],"tags":[3531,2608,3348],"class_list":["post-216210","post","type-post","status-publish","format-standard","has-post-thumbnail","hentry","category-national","tag-rage","tag-tunisie","tag-vaccin"],"yoast_head":"<!-- This site is optimized with the Yoast SEO Premium plugin v27.4 (Yoast SEO v27.5) - https:\/\/yoast.com\/product\/yoast-seo-premium-wordpress\/ -->\n<title>Tunisie : En deux semaines, 3000 personnes vaccin\u00e9es contre la rage par l\u2019IPT<\/title>\n<meta name=\"description\" content=\"Au cours des deux derni\u00e8res semaines, l\u2019Institut Pasteur de Tunis a accueilli plus de 3000 personnes pour se faire vacciner contre la rage, un chiffre qui d\u00e9pas...\" \/>\n<link rel=\"canonical\" href=\"https:\/\/www.webdo.tn\/fr\/actualite\/national\/tunisie-en-deux-semaines-3000-personnes-vaccinees-contre-la-rage-par-l-ipt\/216210\/\" \/>\n<meta property=\"og:locale\" content=\"fr_FR\" \/>\n<meta property=\"og:type\" content=\"article\" \/>\n<meta property=\"og:title\" content=\"Tunisie : En deux semaines, 3000 personnes vaccin\u00e9es contre la rage par l\u2019IPT\" \/>\n<meta property=\"og:description\" content=\"Au cours des deux derni\u00e8res semaines, l\u2019Institut Pasteur de Tunis a accueilli plus de 3000 personnes pour se faire vacciner contre la rage, un chiffre qui d\u00e9pas...\" \/>\n<meta property=\"og:url\" content=\"https:\/\/www.webdo.tn\/fr\/actualite\/national\/tunisie-en-deux-semaines-3000-personnes-vaccinees-contre-la-rage-par-l-ipt\/216210\/\" \/>\n<meta property=\"og:site_name\" content=\"webdo\" \/>\n<meta property=\"article:publisher\" content=\"https:\/\/www.facebook.com\/webdotn\" \/>\n<meta property=\"article:published_time\" content=\"2024-09-05T19:55:00+00:00\" \/>\n<meta property=\"article:modified_time\" content=\"2025-05-20T22:34:48+00:00\" \/>\n<meta property=\"og:image\" content=\"https:\/\/www.webdo.tn\/fr\/wp-content\/uploads\/2024\/09\/a7aa519df409037717190ef6c40d5ac4.webp\" \/>\n\t<meta property=\"og:image:width\" content=\"750\" \/>\n\t<meta property=\"og:image:height\" content=\"400\" \/>\n\t<meta property=\"og:image:type\" content=\"image\/webp\" \/>\n<meta name=\"author\" content=\"CL\" \/>\n<meta name=\"twitter:card\" content=\"summary_large_image\" \/>\n<meta name=\"twitter:creator\" content=\"@webdo_tn\" \/>\n<meta name=\"twitter:site\" content=\"@webdo_tn\" \/>\n<meta name=\"twitter:label1\" content=\"\u00c9crit par\" \/>\n\t<meta name=\"twitter:data1\" content=\"CL\" \/>\n\t<meta name=\"twitter:label2\" content=\"Dur\u00e9e de lecture estim\u00e9e\" \/>\n\t<meta name=\"twitter:data2\" content=\"1 minute\" \/>\n<script type=\"application\/ld+json\" class=\"yoast-schema-graph\">{\"@context\":\"https:\\\/\\\/schema.org\",\"@graph\":[{\"@type\":\"NewsArticle\",\"@id\":\"https:\\\/\\\/www.webdo.tn\\\/fr\\\/actualite\\\/national\\\/tunisie-en-deux-semaines-3000-personnes-vaccinees-contre-la-rage-par-l-ipt\\\/216210\\\/#article\",\"isPartOf\":{\"@id\":\"https:\\\/\\\/www.webdo.tn\\\/fr\\\/actualite\\\/national\\\/tunisie-en-deux-semaines-3000-personnes-vaccinees-contre-la-rage-par-l-ipt\\\/216210\\\/\"},\"author\":{\"name\":\"CL\",\"@id\":\"https:\\\/\\\/www.webdo.tn\\\/fr\\\/#\\\/schema\\\/person\\\/f35b42a42c5e2511bbd282959d6385cc\"},\"headline\":\"Tunisie : En deux semaines, 3000 personnes vaccin\u00e9es contre la rage par l\u2019IPT\",\"datePublished\":\"2024-09-05T19:55:00+00:00\",\"dateModified\":\"2025-05-20T22:34:48+00:00\",\"mainEntityOfPage\":{\"@id\":\"https:\\\/\\\/www.webdo.tn\\\/fr\\\/actualite\\\/national\\\/tunisie-en-deux-semaines-3000-personnes-vaccinees-contre-la-rage-par-l-ipt\\\/216210\\\/\"},\"wordCount\":254,\"commentCount\":0,\"publisher\":{\"@id\":\"https:\\\/\\\/www.webdo.tn\\\/fr\\\/#organization\"},\"image\":{\"@id\":\"https:\\\/\\\/www.webdo.tn\\\/fr\\\/actualite\\\/national\\\/tunisie-en-deux-semaines-3000-personnes-vaccinees-contre-la-rage-par-l-ipt\\\/216210\\\/#primaryimage\"},\"thumbnailUrl\":\"https:\\\/\\\/www.webdo.tn\\\/fr\\\/wp-content\\\/uploads\\\/2024\\\/09\\\/a7aa519df409037717190ef6c40d5ac4.webp\",\"keywords\":[\"Rage\",\"Tunisie\",\"vaccin\"],\"articleSection\":[\"National\"],\"inLanguage\":\"fr-FR\"},{\"@type\":\"WebPage\",\"@id\":\"https:\\\/\\\/www.webdo.tn\\\/fr\\\/actualite\\\/national\\\/tunisie-en-deux-semaines-3000-personnes-vaccinees-contre-la-rage-par-l-ipt\\\/216210\\\/\",\"url\":\"https:\\\/\\\/www.webdo.tn\\\/fr\\\/actualite\\\/national\\\/tunisie-en-deux-semaines-3000-personnes-vaccinees-contre-la-rage-par-l-ipt\\\/216210\\\/\",\"name\":\"Tunisie : En deux semaines, 3000 personnes vaccin\u00e9es contre la rage par l\u2019IPT\",\"isPartOf\":{\"@id\":\"https:\\\/\\\/www.webdo.tn\\\/fr\\\/#website\"},\"primaryImageOfPage\":{\"@id\":\"https:\\\/\\\/www.webdo.tn\\\/fr\\\/actualite\\\/national\\\/tunisie-en-deux-semaines-3000-personnes-vaccinees-contre-la-rage-par-l-ipt\\\/216210\\\/#primaryimage\"},\"image\":{\"@id\":\"https:\\\/\\\/www.webdo.tn\\\/fr\\\/actualite\\\/national\\\/tunisie-en-deux-semaines-3000-personnes-vaccinees-contre-la-rage-par-l-ipt\\\/216210\\\/#primaryimage\"},\"thumbnailUrl\":\"https:\\\/\\\/www.webdo.tn\\\/fr\\\/wp-content\\\/uploads\\\/2024\\\/09\\\/a7aa519df409037717190ef6c40d5ac4.webp\",\"datePublished\":\"2024-09-05T19:55:00+00:00\",\"dateModified\":\"2025-05-20T22:34:48+00:00\",\"description\":\"Au cours des deux derni\u00e8res semaines, l\u2019Institut Pasteur de Tunis a accueilli plus de 3000 personnes pour se faire vacciner contre la rage, un chiffre qui d\u00e9pas...\",\"breadcrumb\":{\"@id\":\"https:\\\/\\\/www.webdo.tn\\\/fr\\\/actualite\\\/national\\\/tunisie-en-deux-semaines-3000-personnes-vaccinees-contre-la-rage-par-l-ipt\\\/216210\\\/#breadcrumb\"},\"inLanguage\":\"fr-FR\",\"potentialAction\":[{\"@type\":\"ReadAction\",\"target\":[\"https:\\\/\\\/www.webdo.tn\\\/fr\\\/actualite\\\/national\\\/tunisie-en-deux-semaines-3000-personnes-vaccinees-contre-la-rage-par-l-ipt\\\/216210\\\/\"]}]},{\"@type\":\"ImageObject\",\"inLanguage\":\"fr-FR\",\"@id\":\"https:\\\/\\\/www.webdo.tn\\\/fr\\\/actualite\\\/national\\\/tunisie-en-deux-semaines-3000-personnes-vaccinees-contre-la-rage-par-l-ipt\\\/216210\\\/#primaryimage\",\"url\":\"https:\\\/\\\/www.webdo.tn\\\/fr\\\/wp-content\\\/uploads\\\/2024\\\/09\\\/a7aa519df409037717190ef6c40d5ac4.webp\",\"contentUrl\":\"https:\\\/\\\/www.webdo.tn\\\/fr\\\/wp-content\\\/uploads\\\/2024\\\/09\\\/a7aa519df409037717190ef6c40d5ac4.webp\",\"width\":750,\"height\":400,\"caption\":\"Tunisie : En deux semaines, 3000 personnes vaccin\u00e9es contre la rage par l\u2019IPT\"},{\"@type\":\"BreadcrumbList\",\"@id\":\"https:\\\/\\\/www.webdo.tn\\\/fr\\\/actualite\\\/national\\\/tunisie-en-deux-semaines-3000-personnes-vaccinees-contre-la-rage-par-l-ipt\\\/216210\\\/#breadcrumb\",\"itemListElement\":[{\"@type\":\"ListItem\",\"position\":1,\"name\":\"Accueil\",\"item\":\"https:\\\/\\\/www.webdo.tn\\\/fr\\\/\"},{\"@type\":\"ListItem\",\"position\":2,\"name\":\"Tunisie : En deux semaines, 3000 personnes vaccin\u00e9es contre la rage par l\u2019IPT\"}]},{\"@type\":\"WebSite\",\"@id\":\"https:\\\/\\\/www.webdo.tn\\\/fr\\\/#website\",\"url\":\"https:\\\/\\\/www.webdo.tn\\\/fr\\\/\",\"name\":\"webdo\",\"description\":\"Tunisie - News en Tunisie et \u00e0 l&#039;international sur Webdo.tn\",\"publisher\":{\"@id\":\"https:\\\/\\\/www.webdo.tn\\\/fr\\\/#organization\"},\"potentialAction\":[{\"@type\":\"SearchAction\",\"target\":{\"@type\":\"EntryPoint\",\"urlTemplate\":\"https:\\\/\\\/www.webdo.tn\\\/fr\\\/?s={search_term_string}\"},\"query-input\":{\"@type\":\"PropertyValueSpecification\",\"valueRequired\":true,\"valueName\":\"search_term_string\"}}],\"inLanguage\":\"fr-FR\"},{\"@type\":\"Organization\",\"@id\":\"https:\\\/\\\/www.webdo.tn\\\/fr\\\/#organization\",\"name\":\"Webdo\",\"alternateName\":\"Webdo.tn\",\"url\":\"https:\\\/\\\/www.webdo.tn\\\/fr\\\/\",\"logo\":{\"@type\":\"ImageObject\",\"inLanguage\":\"fr-FR\",\"@id\":\"https:\\\/\\\/www.webdo.tn\\\/fr\\\/#\\\/schema\\\/logo\\\/image\\\/\",\"url\":\"https:\\\/\\\/www.webdo.tn\\\/fr\\\/wp-content\\\/uploads\\\/2025\\\/06\\\/Webdo-Tunisie_168377.jpg\",\"contentUrl\":\"https:\\\/\\\/www.webdo.tn\\\/fr\\\/wp-content\\\/uploads\\\/2025\\\/06\\\/Webdo-Tunisie_168377.jpg\",\"width\":301,\"height\":301,\"caption\":\"Webdo\"},\"image\":{\"@id\":\"https:\\\/\\\/www.webdo.tn\\\/fr\\\/#\\\/schema\\\/logo\\\/image\\\/\"},\"sameAs\":[\"https:\\\/\\\/www.facebook.com\\\/webdotn\",\"https:\\\/\\\/x.com\\\/webdo_tn\"],\"description\":\"Webdo est un m\u00e9dia num\u00e9rique tunisien fond\u00e9 en 2010, sp\u00e9cialis\u00e9 dans l\u2019actualit\u00e9 nationale et internationale, l\u2019\u00e9conomie, la soci\u00e9t\u00e9 et les analyses politiques. Le site s\u2019adresse \u00e0 un large public francophone et couvre l\u2019information tunisienne en temps r\u00e9el.\",\"email\":\"redac@webdo.tn\",\"legalName\":\"YNJ SARL\",\"foundingDate\":\"2010-09-06\",\"numberOfEmployees\":{\"@type\":\"QuantitativeValue\",\"minValue\":\"11\",\"maxValue\":\"50\"}},{\"@type\":\"Person\",\"@id\":\"https:\\\/\\\/www.webdo.tn\\\/fr\\\/#\\\/schema\\\/person\\\/f35b42a42c5e2511bbd282959d6385cc\",\"name\":\"CL\",\"image\":{\"@type\":\"ImageObject\",\"inLanguage\":\"fr-FR\",\"@id\":\"https:\\\/\\\/secure.gravatar.com\\\/avatar\\\/1447a49909b67aa657c488aec6512e1dd6143a480c1ecfee9b5b5cd74eb3b59e?s=96&d=mm&r=g\",\"url\":\"https:\\\/\\\/secure.gravatar.com\\\/avatar\\\/1447a49909b67aa657c488aec6512e1dd6143a480c1ecfee9b5b5cd74eb3b59e?s=96&d=mm&r=g\",\"contentUrl\":\"https:\\\/\\\/secure.gravatar.com\\\/avatar\\\/1447a49909b67aa657c488aec6512e1dd6143a480c1ecfee9b5b5cd74eb3b59e?s=96&d=mm&r=g\",\"caption\":\"CL\"},\"url\":\"https:\\\/\\\/www.webdo.tn\\\/fr\\\/actualite\\\/author\\\/cl\\\/\"}]}<\/script>\n<!-- \/ Yoast SEO Premium plugin. -->","yoast_head_json":{"title":"Tunisie : En deux semaines, 3000 personnes vaccin\u00e9es contre la rage par l\u2019IPT","description":"Au cours des deux derni\u00e8res semaines, l\u2019Institut Pasteur de Tunis a accueilli plus de 3000 personnes pour se faire vacciner contre la rage, un chiffre qui d\u00e9pas...","canonical":"https:\/\/www.webdo.tn\/fr\/actualite\/national\/tunisie-en-deux-semaines-3000-personnes-vaccinees-contre-la-rage-par-l-ipt\/216210\/","og_locale":"fr_FR","og_type":"article","og_title":"Tunisie : En deux semaines, 3000 personnes vaccin\u00e9es contre la rage par l\u2019IPT","og_description":"Au cours des deux derni\u00e8res semaines, l\u2019Institut Pasteur de Tunis a accueilli plus de 3000 personnes pour se faire vacciner contre la rage, un chiffre qui d\u00e9pas...","og_url":"https:\/\/www.webdo.tn\/fr\/actualite\/national\/tunisie-en-deux-semaines-3000-personnes-vaccinees-contre-la-rage-par-l-ipt\/216210\/","og_site_name":"webdo","article_publisher":"https:\/\/www.facebook.com\/webdotn","article_published_time":"2024-09-05T19:55:00+00:00","article_modified_time":"2025-05-20T22:34:48+00:00","og_image":[{"width":750,"height":400,"url":"https:\/\/www.webdo.tn\/fr\/wp-content\/uploads\/2024\/09\/a7aa519df409037717190ef6c40d5ac4.webp","type":"image\/webp"}],"author":"CL","twitter_card":"summary_large_image","twitter_creator":"@webdo_tn","twitter_site":"@webdo_tn","twitter_misc":{"\u00c9crit par":"CL","Dur\u00e9e de lecture estim\u00e9e":"1 minute"},"schema":{"@context":"https:\/\/schema.org","@graph":[{"@type":"NewsArticle","@id":"https:\/\/www.webdo.tn\/fr\/actualite\/national\/tunisie-en-deux-semaines-3000-personnes-vaccinees-contre-la-rage-par-l-ipt\/216210\/#article","isPartOf":{"@id":"https:\/\/www.webdo.tn\/fr\/actualite\/national\/tunisie-en-deux-semaines-3000-personnes-vaccinees-contre-la-rage-par-l-ipt\/216210\/"},"author":{"name":"CL","@id":"https:\/\/www.webdo.tn\/fr\/#\/schema\/person\/f35b42a42c5e2511bbd282959d6385cc"},"headline":"Tunisie : En deux semaines, 3000 personnes vaccin\u00e9es contre la rage par l\u2019IPT","datePublished":"2024-09-05T19:55:00+00:00","dateModified":"2025-05-20T22:34:48+00:00","mainEntityOfPage":{"@id":"https:\/\/www.webdo.tn\/fr\/actualite\/national\/tunisie-en-deux-semaines-3000-personnes-vaccinees-contre-la-rage-par-l-ipt\/216210\/"},"wordCount":254,"commentCount":0,"publisher":{"@id":"https:\/\/www.webdo.tn\/fr\/#organization"},"image":{"@id":"https:\/\/www.webdo.tn\/fr\/actualite\/national\/tunisie-en-deux-semaines-3000-personnes-vaccinees-contre-la-rage-par-l-ipt\/216210\/#primaryimage"},"thumbnailUrl":"https:\/\/www.webdo.tn\/fr\/wp-content\/uploads\/2024\/09\/a7aa519df409037717190ef6c40d5ac4.webp","keywords":["Rage","Tunisie","vaccin"],"articleSection":["National"],"inLanguage":"fr-FR"},{"@type":"WebPage","@id":"https:\/\/www.webdo.tn\/fr\/actualite\/national\/tunisie-en-deux-semaines-3000-personnes-vaccinees-contre-la-rage-par-l-ipt\/216210\/","url":"https:\/\/www.webdo.tn\/fr\/actualite\/national\/tunisie-en-deux-semaines-3000-personnes-vaccinees-contre-la-rage-par-l-ipt\/216210\/","name":"Tunisie : En deux semaines, 3000 personnes vaccin\u00e9es contre la rage par l\u2019IPT","isPartOf":{"@id":"https:\/\/www.webdo.tn\/fr\/#website"},"primaryImageOfPage":{"@id":"https:\/\/www.webdo.tn\/fr\/actualite\/national\/tunisie-en-deux-semaines-3000-personnes-vaccinees-contre-la-rage-par-l-ipt\/216210\/#primaryimage"},"image":{"@id":"https:\/\/www.webdo.tn\/fr\/actualite\/national\/tunisie-en-deux-semaines-3000-personnes-vaccinees-contre-la-rage-par-l-ipt\/216210\/#primaryimage"},"thumbnailUrl":"https:\/\/www.webdo.tn\/fr\/wp-content\/uploads\/2024\/09\/a7aa519df409037717190ef6c40d5ac4.webp","datePublished":"2024-09-05T19:55:00+00:00","dateModified":"2025-05-20T22:34:48+00:00","description":"Au cours des deux derni\u00e8res semaines, l\u2019Institut Pasteur de Tunis a accueilli plus de 3000 personnes pour se faire vacciner contre la rage, un chiffre qui d\u00e9pas...","breadcrumb":{"@id":"https:\/\/www.webdo.tn\/fr\/actualite\/national\/tunisie-en-deux-semaines-3000-personnes-vaccinees-contre-la-rage-par-l-ipt\/216210\/#breadcrumb"},"inLanguage":"fr-FR","potentialAction":[{"@type":"ReadAction","target":["https:\/\/www.webdo.tn\/fr\/actualite\/national\/tunisie-en-deux-semaines-3000-personnes-vaccinees-contre-la-rage-par-l-ipt\/216210\/"]}]},{"@type":"ImageObject","inLanguage":"fr-FR","@id":"https:\/\/www.webdo.tn\/fr\/actualite\/national\/tunisie-en-deux-semaines-3000-personnes-vaccinees-contre-la-rage-par-l-ipt\/216210\/#primaryimage","url":"https:\/\/www.webdo.tn\/fr\/wp-content\/uploads\/2024\/09\/a7aa519df409037717190ef6c40d5ac4.webp","contentUrl":"https:\/\/www.webdo.tn\/fr\/wp-content\/uploads\/2024\/09\/a7aa519df409037717190ef6c40d5ac4.webp","width":750,"height":400,"caption":"Tunisie : En deux semaines, 3000 personnes vaccin\u00e9es contre la rage par l\u2019IPT"},{"@type":"BreadcrumbList","@id":"https:\/\/www.webdo.tn\/fr\/actualite\/national\/tunisie-en-deux-semaines-3000-personnes-vaccinees-contre-la-rage-par-l-ipt\/216210\/#breadcrumb","itemListElement":[{"@type":"ListItem","position":1,"name":"Accueil","item":"https:\/\/www.webdo.tn\/fr\/"},{"@type":"ListItem","position":2,"name":"Tunisie : En deux semaines, 3000 personnes vaccin\u00e9es contre la rage par l\u2019IPT"}]},{"@type":"WebSite","@id":"https:\/\/www.webdo.tn\/fr\/#website","url":"https:\/\/www.webdo.tn\/fr\/","name":"webdo","description":"Tunisie - News en Tunisie et \u00e0 l&#039;international sur Webdo.tn","publisher":{"@id":"https:\/\/www.webdo.tn\/fr\/#organization"},"potentialAction":[{"@type":"SearchAction","target":{"@type":"EntryPoint","urlTemplate":"https:\/\/www.webdo.tn\/fr\/?s={search_term_string}"},"query-input":{"@type":"PropertyValueSpecification","valueRequired":true,"valueName":"search_term_string"}}],"inLanguage":"fr-FR"},{"@type":"Organization","@id":"https:\/\/www.webdo.tn\/fr\/#organization","name":"Webdo","alternateName":"Webdo.tn","url":"https:\/\/www.webdo.tn\/fr\/","logo":{"@type":"ImageObject","inLanguage":"fr-FR","@id":"https:\/\/www.webdo.tn\/fr\/#\/schema\/logo\/image\/","url":"https:\/\/www.webdo.tn\/fr\/wp-content\/uploads\/2025\/06\/Webdo-Tunisie_168377.jpg","contentUrl":"https:\/\/www.webdo.tn\/fr\/wp-content\/uploads\/2025\/06\/Webdo-Tunisie_168377.jpg","width":301,"height":301,"caption":"Webdo"},"image":{"@id":"https:\/\/www.webdo.tn\/fr\/#\/schema\/logo\/image\/"},"sameAs":["https:\/\/www.facebook.com\/webdotn","https:\/\/x.com\/webdo_tn"],"description":"Webdo est un m\u00e9dia num\u00e9rique tunisien fond\u00e9 en 2010, sp\u00e9cialis\u00e9 dans l\u2019actualit\u00e9 nationale et internationale, l\u2019\u00e9conomie, la soci\u00e9t\u00e9 et les analyses politiques. Le site s\u2019adresse \u00e0 un large public francophone et couvre l\u2019information tunisienne en temps r\u00e9el.","email":"redac@webdo.tn","legalName":"YNJ SARL","foundingDate":"2010-09-06","numberOfEmployees":{"@type":"QuantitativeValue","minValue":"11","maxValue":"50"}},{"@type":"Person","@id":"https:\/\/www.webdo.tn\/fr\/#\/schema\/person\/f35b42a42c5e2511bbd282959d6385cc","name":"CL","image":{"@type":"ImageObject","inLanguage":"fr-FR","@id":"https:\/\/secure.gravatar.com\/avatar\/1447a49909b67aa657c488aec6512e1dd6143a480c1ecfee9b5b5cd74eb3b59e?s=96&d=mm&r=g","url":"https:\/\/secure.gravatar.com\/avatar\/1447a49909b67aa657c488aec6512e1dd6143a480c1ecfee9b5b5cd74eb3b59e?s=96&d=mm&r=g","contentUrl":"https:\/\/secure.gravatar.com\/avatar\/1447a49909b67aa657c488aec6512e1dd6143a480c1ecfee9b5b5cd74eb3b59e?s=96&d=mm&r=g","caption":"CL"},"url":"https:\/\/www.webdo.tn\/fr\/actualite\/author\/cl\/"}]}},"_links":{"self":[{"href":"https:\/\/www.webdo.tn\/fr\/wp-json\/wp\/v2\/posts\/216210","targetHints":{"allow":["GET"]}}],"collection":[{"href":"https:\/\/www.webdo.tn\/fr\/wp-json\/wp\/v2\/posts"}],"about":[{"href":"https:\/\/www.webdo.tn\/fr\/wp-json\/wp\/v2\/types\/post"}],"author":[{"embeddable":true,"href":"https:\/\/www.webdo.tn\/fr\/wp-json\/wp\/v2\/users\/3175"}],"replies":[{"embeddable":true,"href":"https:\/\/www.webdo.tn\/fr\/wp-json\/wp\/v2\/comments?post=216210"}],"version-history":[{"count":0,"href":"https:\/\/www.webdo.tn\/fr\/wp-json\/wp\/v2\/posts\/216210\/revisions"}],"wp:featuredmedia":[{"embeddable":true,"href":"https:\/\/www.webdo.tn\/fr\/wp-json\/wp\/v2\/media\/246632"}],"wp:attachment":[{"href":"https:\/\/www.webdo.tn\/fr\/wp-json\/wp\/v2\/media?parent=216210"}],"wp:term":[{"taxonomy":"category","embeddable":true,"href":"https:\/\/www.webdo.tn\/fr\/wp-json\/wp\/v2\/categories?post=216210"},{"taxonomy":"post_tag","embeddable":true,"href":"https:\/\/www.webdo.tn\/fr\/wp-json\/wp\/v2\/tags?post=216210"}],"curies":[{"name":"wp","href":"https:\/\/api.w.org\/{rel}","templated":true}]}}