{"id":216204,"date":"2024-09-05T14:57:00","date_gmt":"2024-09-05T14:57:00","guid":{"rendered":"https:\/\/www.webdo.tn\/fr\/blog\/tunisie-noureddine-taboubi-appelle-a-une-revision-de-la-constitution\/216204\/"},"modified":"2025-05-14T09:41:13","modified_gmt":"2025-05-14T09:41:13","slug":"tunisie-noureddine-taboubi-appelle-a-une-revision-de-la-constitution","status":"publish","type":"post","link":"https:\/\/www.webdo.tn\/fr\/actualite\/national\/tunisie-noureddine-taboubi-appelle-a-une-revision-de-la-constitution\/216204\/","title":{"rendered":"Tunisie : Noureddine Taboubi appelle \u00e0 une r\u00e9vision de la Constitution"},"content":{"rendered":"<p>Noureddine Taboubi, secr\u00e9taire g\u00e9n\u00e9ral de l&rsquo;Union g\u00e9n\u00e9rale tunisienne du travail (UGTT), a d\u00e9clar\u00e9 aujourd&rsquo;hui, jeudi 5 septembre 2024, en marge de l&rsquo;ouverture des travaux du Conseil national de l&rsquo;Union \u00e0 Monastir, que la sc\u00e8ne politique est en crise.<\/p>\n<p>\t\t\t\t\t\t\t\t\tLe secr\u00e9taire g\u00e9n\u00e9ral de l&rsquo;UGTT a estim\u00e9 que \u00ab\u00a0plusieurs institutions constitutionnelles ne sont pas encore op\u00e9rationnelles, notamment la Cour constitutionnelle, qu&rsquo;il consid\u00e8re comme un v\u00e9ritable garde-fou pour \u00e9viter que la Constitution ne soit subordonn\u00e9e \u00e0 des d\u00e9cisions et interpr\u00e9tations personnelles dict\u00e9es par des int\u00e9r\u00eats \u00e9troits\u00a0\u00bb, selon ses propos.<\/p>\n<p>Taboubi a appel\u00e9 \u00e0 une r\u00e9vision de la Constitution, en particulier en ce qui concerne le r\u00e9gime politique et le syst\u00e8me de gouvernance, ainsi qu&rsquo;\u00e0 une modification de la loi \u00e9lectorale, des lois sur les partis et les associations, dans le cadre d&rsquo;un dialogue soci\u00e9tal s\u00e9rieux et responsable.<\/p>\n<p>Dans une d\u00e9claration relay\u00e9e par Radio Diwan FM, le secr\u00e9taire g\u00e9n\u00e9ral a \u00e9galement abord\u00e9 ce qu&rsquo;il consid\u00e8re comme une diabolisation de l&rsquo;administration, son entrave, et la perte de sa neutralit\u00e9 en tant que service public.<\/p>\n","protected":false},"excerpt":{"rendered":"<p>Le secr\u00e9taire g\u00e9n\u00e9ral de l&rsquo;UGTT a estim\u00e9 que  plusieurs institutions constitutionnelles ne sont pas encore op\u00e9rationnelles, notamment la Cour constitutionnelle,&#8230;<\/p>\n","protected":false},"author":4779,"featured_media":246628,"comment_status":"open","ping_status":"closed","sticky":false,"template":"","format":"standard","meta":{"footnotes":""},"categories":[44],"tags":[5700,4260,2608,2649],"class_list":["post-216204","post","type-post","status-publish","format-standard","has-post-thumbnail","hentry","category-national","tag-constitution","tag-noureddine-taboubi","tag-tunisie","tag-ugtt"],"yoast_head":"<!-- This site is optimized with the Yoast SEO Premium plugin v27.4 (Yoast SEO v27.5) - https:\/\/yoast.com\/product\/yoast-seo-premium-wordpress\/ -->\n<title>Tunisie : Noureddine Taboubi appelle \u00e0 une r\u00e9vision de la Constitution<\/title>\n<meta name=\"description\" content=\"Le secr\u00e9taire g\u00e9n\u00e9ral de l&#039;UGTT a estim\u00e9 que plusieurs institutions constitutionnelles ne sont pas encore op\u00e9rationnelles, notamment la Cour constitutionnelle,...\" \/>\n<link rel=\"canonical\" href=\"https:\/\/www.webdo.tn\/fr\/actualite\/national\/tunisie-noureddine-taboubi-appelle-a-une-revision-de-la-constitution\/216204\/\" \/>\n<meta property=\"og:locale\" content=\"fr_FR\" \/>\n<meta property=\"og:type\" content=\"article\" \/>\n<meta property=\"og:title\" content=\"Tunisie : Noureddine Taboubi appelle \u00e0 une r\u00e9vision de la Constitution\" \/>\n<meta property=\"og:description\" content=\"Le secr\u00e9taire g\u00e9n\u00e9ral de l&#039;UGTT a estim\u00e9 que plusieurs institutions constitutionnelles ne sont pas encore op\u00e9rationnelles, notamment la Cour constitutionnelle,...\" \/>\n<meta property=\"og:url\" content=\"https:\/\/www.webdo.tn\/fr\/actualite\/national\/tunisie-noureddine-taboubi-appelle-a-une-revision-de-la-constitution\/216204\/\" \/>\n<meta property=\"og:site_name\" content=\"webdo\" \/>\n<meta property=\"article:publisher\" content=\"https:\/\/www.facebook.com\/webdotn\" \/>\n<meta property=\"article:published_time\" content=\"2024-09-05T14:57:00+00:00\" \/>\n<meta property=\"article:modified_time\" content=\"2025-05-14T09:41:13+00:00\" \/>\n<meta property=\"og:image\" content=\"https:\/\/www.webdo.tn\/fr\/wp-content\/uploads\/2024\/09\/e478804b4c43cb28f66a58de15c65dd4.webp\" \/>\n\t<meta property=\"og:image:width\" content=\"750\" \/>\n\t<meta property=\"og:image:height\" content=\"400\" \/>\n\t<meta property=\"og:image:type\" content=\"image\/webp\" \/>\n<meta name=\"author\" content=\"Firas Ben Abdeltif\" \/>\n<meta name=\"twitter:card\" content=\"summary_large_image\" \/>\n<meta name=\"twitter:creator\" content=\"@webdo_tn\" \/>\n<meta name=\"twitter:site\" content=\"@webdo_tn\" \/>\n<meta name=\"twitter:label1\" content=\"\u00c9crit par\" \/>\n\t<meta name=\"twitter:data1\" content=\"Firas Ben Abdeltif\" \/>\n\t<meta name=\"twitter:label2\" content=\"Dur\u00e9e de lecture estim\u00e9e\" \/>\n\t<meta name=\"twitter:data2\" content=\"1 minute\" \/>\n<script type=\"application\/ld+json\" class=\"yoast-schema-graph\">{\"@context\":\"https:\\\/\\\/schema.org\",\"@graph\":[{\"@type\":\"NewsArticle\",\"@id\":\"https:\\\/\\\/www.webdo.tn\\\/fr\\\/actualite\\\/national\\\/tunisie-noureddine-taboubi-appelle-a-une-revision-de-la-constitution\\\/216204\\\/#article\",\"isPartOf\":{\"@id\":\"https:\\\/\\\/www.webdo.tn\\\/fr\\\/actualite\\\/national\\\/tunisie-noureddine-taboubi-appelle-a-une-revision-de-la-constitution\\\/216204\\\/\"},\"author\":{\"name\":\"Firas Ben Abdeltif\",\"@id\":\"https:\\\/\\\/www.webdo.tn\\\/fr\\\/#\\\/schema\\\/person\\\/19664196c9bfdcda126f3c27709f7d11\"},\"headline\":\"Tunisie : Noureddine Taboubi appelle \u00e0 une r\u00e9vision de la Constitution\",\"datePublished\":\"2024-09-05T14:57:00+00:00\",\"dateModified\":\"2025-05-14T09:41:13+00:00\",\"mainEntityOfPage\":{\"@id\":\"https:\\\/\\\/www.webdo.tn\\\/fr\\\/actualite\\\/national\\\/tunisie-noureddine-taboubi-appelle-a-une-revision-de-la-constitution\\\/216204\\\/\"},\"wordCount\":213,\"commentCount\":0,\"publisher\":{\"@id\":\"https:\\\/\\\/www.webdo.tn\\\/fr\\\/#organization\"},\"image\":{\"@id\":\"https:\\\/\\\/www.webdo.tn\\\/fr\\\/actualite\\\/national\\\/tunisie-noureddine-taboubi-appelle-a-une-revision-de-la-constitution\\\/216204\\\/#primaryimage\"},\"thumbnailUrl\":\"https:\\\/\\\/www.webdo.tn\\\/fr\\\/wp-content\\\/uploads\\\/2024\\\/09\\\/e478804b4c43cb28f66a58de15c65dd4.webp\",\"keywords\":[\"Constitution\",\"Noureddine Taboubi\",\"Tunisie\",\"UGTT\"],\"articleSection\":[\"National\"],\"inLanguage\":\"fr-FR\"},{\"@type\":\"WebPage\",\"@id\":\"https:\\\/\\\/www.webdo.tn\\\/fr\\\/actualite\\\/national\\\/tunisie-noureddine-taboubi-appelle-a-une-revision-de-la-constitution\\\/216204\\\/\",\"url\":\"https:\\\/\\\/www.webdo.tn\\\/fr\\\/actualite\\\/national\\\/tunisie-noureddine-taboubi-appelle-a-une-revision-de-la-constitution\\\/216204\\\/\",\"name\":\"Tunisie : Noureddine Taboubi appelle \u00e0 une r\u00e9vision de la Constitution\",\"isPartOf\":{\"@id\":\"https:\\\/\\\/www.webdo.tn\\\/fr\\\/#website\"},\"primaryImageOfPage\":{\"@id\":\"https:\\\/\\\/www.webdo.tn\\\/fr\\\/actualite\\\/national\\\/tunisie-noureddine-taboubi-appelle-a-une-revision-de-la-constitution\\\/216204\\\/#primaryimage\"},\"image\":{\"@id\":\"https:\\\/\\\/www.webdo.tn\\\/fr\\\/actualite\\\/national\\\/tunisie-noureddine-taboubi-appelle-a-une-revision-de-la-constitution\\\/216204\\\/#primaryimage\"},\"thumbnailUrl\":\"https:\\\/\\\/www.webdo.tn\\\/fr\\\/wp-content\\\/uploads\\\/2024\\\/09\\\/e478804b4c43cb28f66a58de15c65dd4.webp\",\"datePublished\":\"2024-09-05T14:57:00+00:00\",\"dateModified\":\"2025-05-14T09:41:13+00:00\",\"description\":\"Le secr\u00e9taire g\u00e9n\u00e9ral de l'UGTT a estim\u00e9 que plusieurs institutions constitutionnelles ne sont pas encore op\u00e9rationnelles, notamment la Cour constitutionnelle,...\",\"breadcrumb\":{\"@id\":\"https:\\\/\\\/www.webdo.tn\\\/fr\\\/actualite\\\/national\\\/tunisie-noureddine-taboubi-appelle-a-une-revision-de-la-constitution\\\/216204\\\/#breadcrumb\"},\"inLanguage\":\"fr-FR\",\"potentialAction\":[{\"@type\":\"ReadAction\",\"target\":[\"https:\\\/\\\/www.webdo.tn\\\/fr\\\/actualite\\\/national\\\/tunisie-noureddine-taboubi-appelle-a-une-revision-de-la-constitution\\\/216204\\\/\"]}]},{\"@type\":\"ImageObject\",\"inLanguage\":\"fr-FR\",\"@id\":\"https:\\\/\\\/www.webdo.tn\\\/fr\\\/actualite\\\/national\\\/tunisie-noureddine-taboubi-appelle-a-une-revision-de-la-constitution\\\/216204\\\/#primaryimage\",\"url\":\"https:\\\/\\\/www.webdo.tn\\\/fr\\\/wp-content\\\/uploads\\\/2024\\\/09\\\/e478804b4c43cb28f66a58de15c65dd4.webp\",\"contentUrl\":\"https:\\\/\\\/www.webdo.tn\\\/fr\\\/wp-content\\\/uploads\\\/2024\\\/09\\\/e478804b4c43cb28f66a58de15c65dd4.webp\",\"width\":750,\"height\":400,\"caption\":\"Tunisie : Noureddine Taboubi appelle \u00e0 une r\u00e9vision de la Constitution\"},{\"@type\":\"BreadcrumbList\",\"@id\":\"https:\\\/\\\/www.webdo.tn\\\/fr\\\/actualite\\\/national\\\/tunisie-noureddine-taboubi-appelle-a-une-revision-de-la-constitution\\\/216204\\\/#breadcrumb\",\"itemListElement\":[{\"@type\":\"ListItem\",\"position\":1,\"name\":\"Accueil\",\"item\":\"https:\\\/\\\/www.webdo.tn\\\/fr\\\/\"},{\"@type\":\"ListItem\",\"position\":2,\"name\":\"Tunisie : Noureddine Taboubi appelle \u00e0 une r\u00e9vision de la Constitution\"}]},{\"@type\":\"WebSite\",\"@id\":\"https:\\\/\\\/www.webdo.tn\\\/fr\\\/#website\",\"url\":\"https:\\\/\\\/www.webdo.tn\\\/fr\\\/\",\"name\":\"webdo\",\"description\":\"Tunisie - News en Tunisie et \u00e0 l&#039;international sur Webdo.tn\",\"publisher\":{\"@id\":\"https:\\\/\\\/www.webdo.tn\\\/fr\\\/#organization\"},\"potentialAction\":[{\"@type\":\"SearchAction\",\"target\":{\"@type\":\"EntryPoint\",\"urlTemplate\":\"https:\\\/\\\/www.webdo.tn\\\/fr\\\/?s={search_term_string}\"},\"query-input\":{\"@type\":\"PropertyValueSpecification\",\"valueRequired\":true,\"valueName\":\"search_term_string\"}}],\"inLanguage\":\"fr-FR\"},{\"@type\":\"Organization\",\"@id\":\"https:\\\/\\\/www.webdo.tn\\\/fr\\\/#organization\",\"name\":\"Webdo\",\"alternateName\":\"Webdo.tn\",\"url\":\"https:\\\/\\\/www.webdo.tn\\\/fr\\\/\",\"logo\":{\"@type\":\"ImageObject\",\"inLanguage\":\"fr-FR\",\"@id\":\"https:\\\/\\\/www.webdo.tn\\\/fr\\\/#\\\/schema\\\/logo\\\/image\\\/\",\"url\":\"https:\\\/\\\/www.webdo.tn\\\/fr\\\/wp-content\\\/uploads\\\/2025\\\/06\\\/Webdo-Tunisie_168377.jpg\",\"contentUrl\":\"https:\\\/\\\/www.webdo.tn\\\/fr\\\/wp-content\\\/uploads\\\/2025\\\/06\\\/Webdo-Tunisie_168377.jpg\",\"width\":301,\"height\":301,\"caption\":\"Webdo\"},\"image\":{\"@id\":\"https:\\\/\\\/www.webdo.tn\\\/fr\\\/#\\\/schema\\\/logo\\\/image\\\/\"},\"sameAs\":[\"https:\\\/\\\/www.facebook.com\\\/webdotn\",\"https:\\\/\\\/x.com\\\/webdo_tn\"],\"description\":\"Webdo est un m\u00e9dia num\u00e9rique tunisien fond\u00e9 en 2010, sp\u00e9cialis\u00e9 dans l\u2019actualit\u00e9 nationale et internationale, l\u2019\u00e9conomie, la soci\u00e9t\u00e9 et les analyses politiques. Le site s\u2019adresse \u00e0 un large public francophone et couvre l\u2019information tunisienne en temps r\u00e9el.\",\"email\":\"redac@webdo.tn\",\"legalName\":\"YNJ SARL\",\"foundingDate\":\"2010-09-06\",\"numberOfEmployees\":{\"@type\":\"QuantitativeValue\",\"minValue\":\"11\",\"maxValue\":\"50\"}},{\"@type\":\"Person\",\"@id\":\"https:\\\/\\\/www.webdo.tn\\\/fr\\\/#\\\/schema\\\/person\\\/19664196c9bfdcda126f3c27709f7d11\",\"name\":\"Firas Ben Abdeltif\",\"image\":{\"@type\":\"ImageObject\",\"inLanguage\":\"fr-FR\",\"@id\":\"https:\\\/\\\/secure.gravatar.com\\\/avatar\\\/161a347d40df098a084778c52ed133dbd85f14df003867067c5948081241ec55?s=96&d=mm&r=g\",\"url\":\"https:\\\/\\\/secure.gravatar.com\\\/avatar\\\/161a347d40df098a084778c52ed133dbd85f14df003867067c5948081241ec55?s=96&d=mm&r=g\",\"contentUrl\":\"https:\\\/\\\/secure.gravatar.com\\\/avatar\\\/161a347d40df098a084778c52ed133dbd85f14df003867067c5948081241ec55?s=96&d=mm&r=g\",\"caption\":\"Firas Ben Abdeltif\"},\"url\":\"https:\\\/\\\/www.webdo.tn\\\/fr\\\/actualite\\\/author\\\/firas-ben-abdeltif\\\/\"}]}<\/script>\n<!-- \/ Yoast SEO Premium plugin. -->","yoast_head_json":{"title":"Tunisie : Noureddine Taboubi appelle \u00e0 une r\u00e9vision de la Constitution","description":"Le secr\u00e9taire g\u00e9n\u00e9ral de l'UGTT a estim\u00e9 que plusieurs institutions constitutionnelles ne sont pas encore op\u00e9rationnelles, notamment la Cour constitutionnelle,...","canonical":"https:\/\/www.webdo.tn\/fr\/actualite\/national\/tunisie-noureddine-taboubi-appelle-a-une-revision-de-la-constitution\/216204\/","og_locale":"fr_FR","og_type":"article","og_title":"Tunisie : Noureddine Taboubi appelle \u00e0 une r\u00e9vision de la Constitution","og_description":"Le secr\u00e9taire g\u00e9n\u00e9ral de l'UGTT a estim\u00e9 que plusieurs institutions constitutionnelles ne sont pas encore op\u00e9rationnelles, notamment la Cour constitutionnelle,...","og_url":"https:\/\/www.webdo.tn\/fr\/actualite\/national\/tunisie-noureddine-taboubi-appelle-a-une-revision-de-la-constitution\/216204\/","og_site_name":"webdo","article_publisher":"https:\/\/www.facebook.com\/webdotn","article_published_time":"2024-09-05T14:57:00+00:00","article_modified_time":"2025-05-14T09:41:13+00:00","og_image":[{"width":750,"height":400,"url":"https:\/\/www.webdo.tn\/fr\/wp-content\/uploads\/2024\/09\/e478804b4c43cb28f66a58de15c65dd4.webp","type":"image\/webp"}],"author":"Firas Ben Abdeltif","twitter_card":"summary_large_image","twitter_creator":"@webdo_tn","twitter_site":"@webdo_tn","twitter_misc":{"\u00c9crit par":"Firas Ben Abdeltif","Dur\u00e9e de lecture estim\u00e9e":"1 minute"},"schema":{"@context":"https:\/\/schema.org","@graph":[{"@type":"NewsArticle","@id":"https:\/\/www.webdo.tn\/fr\/actualite\/national\/tunisie-noureddine-taboubi-appelle-a-une-revision-de-la-constitution\/216204\/#article","isPartOf":{"@id":"https:\/\/www.webdo.tn\/fr\/actualite\/national\/tunisie-noureddine-taboubi-appelle-a-une-revision-de-la-constitution\/216204\/"},"author":{"name":"Firas Ben Abdeltif","@id":"https:\/\/www.webdo.tn\/fr\/#\/schema\/person\/19664196c9bfdcda126f3c27709f7d11"},"headline":"Tunisie : Noureddine Taboubi appelle \u00e0 une r\u00e9vision de la Constitution","datePublished":"2024-09-05T14:57:00+00:00","dateModified":"2025-05-14T09:41:13+00:00","mainEntityOfPage":{"@id":"https:\/\/www.webdo.tn\/fr\/actualite\/national\/tunisie-noureddine-taboubi-appelle-a-une-revision-de-la-constitution\/216204\/"},"wordCount":213,"commentCount":0,"publisher":{"@id":"https:\/\/www.webdo.tn\/fr\/#organization"},"image":{"@id":"https:\/\/www.webdo.tn\/fr\/actualite\/national\/tunisie-noureddine-taboubi-appelle-a-une-revision-de-la-constitution\/216204\/#primaryimage"},"thumbnailUrl":"https:\/\/www.webdo.tn\/fr\/wp-content\/uploads\/2024\/09\/e478804b4c43cb28f66a58de15c65dd4.webp","keywords":["Constitution","Noureddine Taboubi","Tunisie","UGTT"],"articleSection":["National"],"inLanguage":"fr-FR"},{"@type":"WebPage","@id":"https:\/\/www.webdo.tn\/fr\/actualite\/national\/tunisie-noureddine-taboubi-appelle-a-une-revision-de-la-constitution\/216204\/","url":"https:\/\/www.webdo.tn\/fr\/actualite\/national\/tunisie-noureddine-taboubi-appelle-a-une-revision-de-la-constitution\/216204\/","name":"Tunisie : Noureddine Taboubi appelle \u00e0 une r\u00e9vision de la Constitution","isPartOf":{"@id":"https:\/\/www.webdo.tn\/fr\/#website"},"primaryImageOfPage":{"@id":"https:\/\/www.webdo.tn\/fr\/actualite\/national\/tunisie-noureddine-taboubi-appelle-a-une-revision-de-la-constitution\/216204\/#primaryimage"},"image":{"@id":"https:\/\/www.webdo.tn\/fr\/actualite\/national\/tunisie-noureddine-taboubi-appelle-a-une-revision-de-la-constitution\/216204\/#primaryimage"},"thumbnailUrl":"https:\/\/www.webdo.tn\/fr\/wp-content\/uploads\/2024\/09\/e478804b4c43cb28f66a58de15c65dd4.webp","datePublished":"2024-09-05T14:57:00+00:00","dateModified":"2025-05-14T09:41:13+00:00","description":"Le secr\u00e9taire g\u00e9n\u00e9ral de l'UGTT a estim\u00e9 que plusieurs institutions constitutionnelles ne sont pas encore op\u00e9rationnelles, notamment la Cour constitutionnelle,...","breadcrumb":{"@id":"https:\/\/www.webdo.tn\/fr\/actualite\/national\/tunisie-noureddine-taboubi-appelle-a-une-revision-de-la-constitution\/216204\/#breadcrumb"},"inLanguage":"fr-FR","potentialAction":[{"@type":"ReadAction","target":["https:\/\/www.webdo.tn\/fr\/actualite\/national\/tunisie-noureddine-taboubi-appelle-a-une-revision-de-la-constitution\/216204\/"]}]},{"@type":"ImageObject","inLanguage":"fr-FR","@id":"https:\/\/www.webdo.tn\/fr\/actualite\/national\/tunisie-noureddine-taboubi-appelle-a-une-revision-de-la-constitution\/216204\/#primaryimage","url":"https:\/\/www.webdo.tn\/fr\/wp-content\/uploads\/2024\/09\/e478804b4c43cb28f66a58de15c65dd4.webp","contentUrl":"https:\/\/www.webdo.tn\/fr\/wp-content\/uploads\/2024\/09\/e478804b4c43cb28f66a58de15c65dd4.webp","width":750,"height":400,"caption":"Tunisie : Noureddine Taboubi appelle \u00e0 une r\u00e9vision de la Constitution"},{"@type":"BreadcrumbList","@id":"https:\/\/www.webdo.tn\/fr\/actualite\/national\/tunisie-noureddine-taboubi-appelle-a-une-revision-de-la-constitution\/216204\/#breadcrumb","itemListElement":[{"@type":"ListItem","position":1,"name":"Accueil","item":"https:\/\/www.webdo.tn\/fr\/"},{"@type":"ListItem","position":2,"name":"Tunisie : Noureddine Taboubi appelle \u00e0 une r\u00e9vision de la Constitution"}]},{"@type":"WebSite","@id":"https:\/\/www.webdo.tn\/fr\/#website","url":"https:\/\/www.webdo.tn\/fr\/","name":"webdo","description":"Tunisie - News en Tunisie et \u00e0 l&#039;international sur Webdo.tn","publisher":{"@id":"https:\/\/www.webdo.tn\/fr\/#organization"},"potentialAction":[{"@type":"SearchAction","target":{"@type":"EntryPoint","urlTemplate":"https:\/\/www.webdo.tn\/fr\/?s={search_term_string}"},"query-input":{"@type":"PropertyValueSpecification","valueRequired":true,"valueName":"search_term_string"}}],"inLanguage":"fr-FR"},{"@type":"Organization","@id":"https:\/\/www.webdo.tn\/fr\/#organization","name":"Webdo","alternateName":"Webdo.tn","url":"https:\/\/www.webdo.tn\/fr\/","logo":{"@type":"ImageObject","inLanguage":"fr-FR","@id":"https:\/\/www.webdo.tn\/fr\/#\/schema\/logo\/image\/","url":"https:\/\/www.webdo.tn\/fr\/wp-content\/uploads\/2025\/06\/Webdo-Tunisie_168377.jpg","contentUrl":"https:\/\/www.webdo.tn\/fr\/wp-content\/uploads\/2025\/06\/Webdo-Tunisie_168377.jpg","width":301,"height":301,"caption":"Webdo"},"image":{"@id":"https:\/\/www.webdo.tn\/fr\/#\/schema\/logo\/image\/"},"sameAs":["https:\/\/www.facebook.com\/webdotn","https:\/\/x.com\/webdo_tn"],"description":"Webdo est un m\u00e9dia num\u00e9rique tunisien fond\u00e9 en 2010, sp\u00e9cialis\u00e9 dans l\u2019actualit\u00e9 nationale et internationale, l\u2019\u00e9conomie, la soci\u00e9t\u00e9 et les analyses politiques. Le site s\u2019adresse \u00e0 un large public francophone et couvre l\u2019information tunisienne en temps r\u00e9el.","email":"redac@webdo.tn","legalName":"YNJ SARL","foundingDate":"2010-09-06","numberOfEmployees":{"@type":"QuantitativeValue","minValue":"11","maxValue":"50"}},{"@type":"Person","@id":"https:\/\/www.webdo.tn\/fr\/#\/schema\/person\/19664196c9bfdcda126f3c27709f7d11","name":"Firas Ben Abdeltif","image":{"@type":"ImageObject","inLanguage":"fr-FR","@id":"https:\/\/secure.gravatar.com\/avatar\/161a347d40df098a084778c52ed133dbd85f14df003867067c5948081241ec55?s=96&d=mm&r=g","url":"https:\/\/secure.gravatar.com\/avatar\/161a347d40df098a084778c52ed133dbd85f14df003867067c5948081241ec55?s=96&d=mm&r=g","contentUrl":"https:\/\/secure.gravatar.com\/avatar\/161a347d40df098a084778c52ed133dbd85f14df003867067c5948081241ec55?s=96&d=mm&r=g","caption":"Firas Ben Abdeltif"},"url":"https:\/\/www.webdo.tn\/fr\/actualite\/author\/firas-ben-abdeltif\/"}]}},"_links":{"self":[{"href":"https:\/\/www.webdo.tn\/fr\/wp-json\/wp\/v2\/posts\/216204","targetHints":{"allow":["GET"]}}],"collection":[{"href":"https:\/\/www.webdo.tn\/fr\/wp-json\/wp\/v2\/posts"}],"about":[{"href":"https:\/\/www.webdo.tn\/fr\/wp-json\/wp\/v2\/types\/post"}],"author":[{"embeddable":true,"href":"https:\/\/www.webdo.tn\/fr\/wp-json\/wp\/v2\/users\/4779"}],"replies":[{"embeddable":true,"href":"https:\/\/www.webdo.tn\/fr\/wp-json\/wp\/v2\/comments?post=216204"}],"version-history":[{"count":0,"href":"https:\/\/www.webdo.tn\/fr\/wp-json\/wp\/v2\/posts\/216204\/revisions"}],"wp:featuredmedia":[{"embeddable":true,"href":"https:\/\/www.webdo.tn\/fr\/wp-json\/wp\/v2\/media\/246628"}],"wp:attachment":[{"href":"https:\/\/www.webdo.tn\/fr\/wp-json\/wp\/v2\/media?parent=216204"}],"wp:term":[{"taxonomy":"category","embeddable":true,"href":"https:\/\/www.webdo.tn\/fr\/wp-json\/wp\/v2\/categories?post=216204"},{"taxonomy":"post_tag","embeddable":true,"href":"https:\/\/www.webdo.tn\/fr\/wp-json\/wp\/v2\/tags?post=216204"}],"curies":[{"name":"wp","href":"https:\/\/api.w.org\/{rel}","templated":true}]}}