{"id":216198,"date":"2024-09-05T11:23:00","date_gmt":"2024-09-05T11:23:00","guid":{"rendered":"https:\/\/www.webdo.tn\/fr\/blog\/jeux-paralympiques-deuxieme-medaille-pour-rouay-jebabli-la-8e-pour-la-tunisie\/216198\/"},"modified":"2025-05-20T22:14:03","modified_gmt":"2025-05-20T22:14:03","slug":"jeux-paralympiques-deuxieme-medaille-pour-rouay-jebabli-la-8e-pour-la-tunisie","status":"publish","type":"post","link":"https:\/\/www.webdo.tn\/fr\/actualite\/sport\/jeux-paralympiques-deuxieme-medaille-pour-rouay-jebabli-la-8e-pour-la-tunisie\/216198\/","title":{"rendered":"Jeux Paralympiques : Deuxi\u00e8me m\u00e9daille pour Rouay Jebabli, la 8e pour la Tunisie"},"content":{"rendered":"<p>Apr\u00e8s sa m\u00e9daille d&rsquo;argent au 1500 m (cat\u00e9gorie T12), Rouay Jebabli a d\u00e9croch\u00e9, aujourd\u2019hui, la m\u00e9daille de bronze au 400m, la huiti\u00e8me breloque pour la Tunisie.<\/p>\n<p>\t\t\t\t\t\t\t\t\tL\u2019athl\u00e8te tunisien Rouay Jebabli a d\u00e9croch\u00e9, aujourd\u2019hui la m\u00e9daille de bronze du 400m T12 avec un chrono de 49\u203356 et sa deuxi\u00e8me m\u00e9daille lors de ces Jeux paralympiques de Paris. Mardi, Rouay Jebabli a d\u00e9croch\u00e9, la m\u00e9daille d&rsquo;argent du 1500 m (cat\u00e9gorie T12) avec un temps de 3\u201944\u203367.<\/p>\n<p>Le total des m\u00e9dailles de la Tunisie s&rsquo;\u00e9l\u00e8ve d\u00e9sormais \u00e0 huit, trois en or, trois en d&rsquo;argent et deux en bronze. Raoua Tlili a d\u00e9croch\u00e9 deux m\u00e9dailles d\u2019or dans la cat\u00e9gorie F41 du lancer de poids et dans la cat\u00e9gorie F41 du lancer de disque. Maroua Brahmi a \u00e9galement d\u00e9croch\u00e9 la m\u00e9daille d\u2019or au lancer de massue (F32).<\/p>\n<p>Ahmed Ben Moslah a d\u00e9croch\u00e9 la m\u00e9daille d\u2019argent en lancer de poids (F37). Le champion du monde Walid Katila a remport\u00e9 la m\u00e9daille d&rsquo;argent lors de la finale du 100 m\u00e8tres T34 alors que Rouay Jebabli a d\u00e9croch\u00e9 la m\u00e9daille d&rsquo;argent du 1500 m (cat\u00e9gorie T12) \u00e0 laquelle s\u2019ajoute la m\u00e9daille de bronze au 400 m. Amanallah Tissaoui a d\u00e9croch\u00e9, hier, la m\u00e9daille de bronze du 400m T37.<\/p>\n","protected":false},"excerpt":{"rendered":"<p>L\u2019athl\u00e8te tunisien Rouay Jebabli a d\u00e9croch\u00e9, aujourd\u2019hui la m\u00e9daille de bronze du 400m T12 avec un chrono de 49\u203356 et sa deuxi\u00e8me m\u00e9daille lors de ces Jeux para&#8230;<\/p>\n","protected":false},"author":3162,"featured_media":291031,"comment_status":"open","ping_status":"closed","sticky":false,"template":"","format":"standard","meta":{"footnotes":""},"categories":[2593],"tags":[5779,3518,5778,8203,2608],"class_list":["post-216198","post","type-post","status-publish","format-standard","has-post-thumbnail","hentry","category-sport","tag-jeux-paralympiques","tag-medaille-de-bronze","tag-paris-2024","tag-rouay-jebabli","tag-tunisie"],"yoast_head":"<!-- This site is optimized with the Yoast SEO Premium plugin v27.4 (Yoast SEO v27.5) - https:\/\/yoast.com\/product\/yoast-seo-premium-wordpress\/ -->\n<title>Jeux Paralympiques : Deuxi\u00e8me m\u00e9daille pour Rouay Jebabli, la 8e pour la Tunisie<\/title>\n<meta name=\"description\" content=\"L\u2019athl\u00e8te tunisien Rouay Jebabli a d\u00e9croch\u00e9, aujourd\u2019hui la m\u00e9daille de bronze du 400m T12 avec un chrono de 49\u203356 et sa deuxi\u00e8me m\u00e9daille lors de ces Jeux para...\" \/>\n<link rel=\"canonical\" href=\"https:\/\/www.webdo.tn\/fr\/actualite\/sport\/jeux-paralympiques-deuxieme-medaille-pour-rouay-jebabli-la-8e-pour-la-tunisie\/216198\/\" \/>\n<meta property=\"og:locale\" content=\"fr_FR\" \/>\n<meta property=\"og:type\" content=\"article\" \/>\n<meta property=\"og:title\" content=\"Jeux Paralympiques : Deuxi\u00e8me m\u00e9daille pour Rouay Jebabli, la 8e pour la Tunisie\" \/>\n<meta property=\"og:description\" content=\"L\u2019athl\u00e8te tunisien Rouay Jebabli a d\u00e9croch\u00e9, aujourd\u2019hui la m\u00e9daille de bronze du 400m T12 avec un chrono de 49\u203356 et sa deuxi\u00e8me m\u00e9daille lors de ces Jeux para...\" \/>\n<meta property=\"og:url\" content=\"https:\/\/www.webdo.tn\/fr\/actualite\/sport\/jeux-paralympiques-deuxieme-medaille-pour-rouay-jebabli-la-8e-pour-la-tunisie\/216198\/\" \/>\n<meta property=\"og:site_name\" content=\"webdo\" \/>\n<meta property=\"article:publisher\" content=\"https:\/\/www.facebook.com\/webdotn\" \/>\n<meta property=\"article:published_time\" content=\"2024-09-05T11:23:00+00:00\" \/>\n<meta property=\"article:modified_time\" content=\"2025-05-20T22:14:03+00:00\" \/>\n<meta property=\"og:image\" content=\"https:\/\/www.webdo.tn\/fr\/wp-content\/uploads\/2024\/09\/69f5216382e9596b149be1acaffe769b.webp\" \/>\n\t<meta property=\"og:image:width\" content=\"750\" \/>\n\t<meta property=\"og:image:height\" content=\"400\" \/>\n\t<meta property=\"og:image:type\" content=\"image\/webp\" \/>\n<meta name=\"author\" content=\"MC\" \/>\n<meta name=\"twitter:card\" content=\"summary_large_image\" \/>\n<meta name=\"twitter:creator\" content=\"@webdo_tn\" \/>\n<meta name=\"twitter:site\" content=\"@webdo_tn\" \/>\n<meta name=\"twitter:label1\" content=\"\u00c9crit par\" \/>\n\t<meta name=\"twitter:data1\" content=\"MC\" \/>\n\t<meta name=\"twitter:label2\" content=\"Dur\u00e9e de lecture estim\u00e9e\" \/>\n\t<meta name=\"twitter:data2\" content=\"1 minute\" \/>\n<script type=\"application\/ld+json\" class=\"yoast-schema-graph\">{\"@context\":\"https:\\\/\\\/schema.org\",\"@graph\":[{\"@type\":\"NewsArticle\",\"@id\":\"https:\\\/\\\/www.webdo.tn\\\/fr\\\/actualite\\\/sport\\\/jeux-paralympiques-deuxieme-medaille-pour-rouay-jebabli-la-8e-pour-la-tunisie\\\/216198\\\/#article\",\"isPartOf\":{\"@id\":\"https:\\\/\\\/www.webdo.tn\\\/fr\\\/actualite\\\/sport\\\/jeux-paralympiques-deuxieme-medaille-pour-rouay-jebabli-la-8e-pour-la-tunisie\\\/216198\\\/\"},\"author\":{\"name\":\"MC\",\"@id\":\"https:\\\/\\\/www.webdo.tn\\\/fr\\\/#\\\/schema\\\/person\\\/2c4929cbf5a809e3bd38617c6ce150f6\"},\"headline\":\"Jeux Paralympiques : Deuxi\u00e8me m\u00e9daille pour Rouay Jebabli, la 8e pour la Tunisie\",\"datePublished\":\"2024-09-05T11:23:00+00:00\",\"dateModified\":\"2025-05-20T22:14:03+00:00\",\"mainEntityOfPage\":{\"@id\":\"https:\\\/\\\/www.webdo.tn\\\/fr\\\/actualite\\\/sport\\\/jeux-paralympiques-deuxieme-medaille-pour-rouay-jebabli-la-8e-pour-la-tunisie\\\/216198\\\/\"},\"wordCount\":251,\"commentCount\":0,\"publisher\":{\"@id\":\"https:\\\/\\\/www.webdo.tn\\\/fr\\\/#organization\"},\"image\":{\"@id\":\"https:\\\/\\\/www.webdo.tn\\\/fr\\\/actualite\\\/sport\\\/jeux-paralympiques-deuxieme-medaille-pour-rouay-jebabli-la-8e-pour-la-tunisie\\\/216198\\\/#primaryimage\"},\"thumbnailUrl\":\"https:\\\/\\\/www.webdo.tn\\\/fr\\\/wp-content\\\/uploads\\\/2024\\\/09\\\/69f5216382e9596b149be1acaffe769b.webp\",\"keywords\":[\"jeux paralympiques\",\"m\u00e9daille de bronze\",\"Paris 2024\",\"Rouay Jebabli\",\"Tunisie\"],\"articleSection\":[\"Sport\"],\"inLanguage\":\"fr-FR\"},{\"@type\":\"WebPage\",\"@id\":\"https:\\\/\\\/www.webdo.tn\\\/fr\\\/actualite\\\/sport\\\/jeux-paralympiques-deuxieme-medaille-pour-rouay-jebabli-la-8e-pour-la-tunisie\\\/216198\\\/\",\"url\":\"https:\\\/\\\/www.webdo.tn\\\/fr\\\/actualite\\\/sport\\\/jeux-paralympiques-deuxieme-medaille-pour-rouay-jebabli-la-8e-pour-la-tunisie\\\/216198\\\/\",\"name\":\"Jeux Paralympiques : Deuxi\u00e8me m\u00e9daille pour Rouay Jebabli, la 8e pour la Tunisie\",\"isPartOf\":{\"@id\":\"https:\\\/\\\/www.webdo.tn\\\/fr\\\/#website\"},\"primaryImageOfPage\":{\"@id\":\"https:\\\/\\\/www.webdo.tn\\\/fr\\\/actualite\\\/sport\\\/jeux-paralympiques-deuxieme-medaille-pour-rouay-jebabli-la-8e-pour-la-tunisie\\\/216198\\\/#primaryimage\"},\"image\":{\"@id\":\"https:\\\/\\\/www.webdo.tn\\\/fr\\\/actualite\\\/sport\\\/jeux-paralympiques-deuxieme-medaille-pour-rouay-jebabli-la-8e-pour-la-tunisie\\\/216198\\\/#primaryimage\"},\"thumbnailUrl\":\"https:\\\/\\\/www.webdo.tn\\\/fr\\\/wp-content\\\/uploads\\\/2024\\\/09\\\/69f5216382e9596b149be1acaffe769b.webp\",\"datePublished\":\"2024-09-05T11:23:00+00:00\",\"dateModified\":\"2025-05-20T22:14:03+00:00\",\"description\":\"L\u2019athl\u00e8te tunisien Rouay Jebabli a d\u00e9croch\u00e9, aujourd\u2019hui la m\u00e9daille de bronze du 400m T12 avec un chrono de 49\u203356 et sa deuxi\u00e8me m\u00e9daille lors de ces Jeux para...\",\"breadcrumb\":{\"@id\":\"https:\\\/\\\/www.webdo.tn\\\/fr\\\/actualite\\\/sport\\\/jeux-paralympiques-deuxieme-medaille-pour-rouay-jebabli-la-8e-pour-la-tunisie\\\/216198\\\/#breadcrumb\"},\"inLanguage\":\"fr-FR\",\"potentialAction\":[{\"@type\":\"ReadAction\",\"target\":[\"https:\\\/\\\/www.webdo.tn\\\/fr\\\/actualite\\\/sport\\\/jeux-paralympiques-deuxieme-medaille-pour-rouay-jebabli-la-8e-pour-la-tunisie\\\/216198\\\/\"]}]},{\"@type\":\"ImageObject\",\"inLanguage\":\"fr-FR\",\"@id\":\"https:\\\/\\\/www.webdo.tn\\\/fr\\\/actualite\\\/sport\\\/jeux-paralympiques-deuxieme-medaille-pour-rouay-jebabli-la-8e-pour-la-tunisie\\\/216198\\\/#primaryimage\",\"url\":\"https:\\\/\\\/www.webdo.tn\\\/fr\\\/wp-content\\\/uploads\\\/2024\\\/09\\\/69f5216382e9596b149be1acaffe769b.webp\",\"contentUrl\":\"https:\\\/\\\/www.webdo.tn\\\/fr\\\/wp-content\\\/uploads\\\/2024\\\/09\\\/69f5216382e9596b149be1acaffe769b.webp\",\"width\":750,\"height\":400,\"caption\":\"Jeux Paralympiques : Deuxi\u00e8me m\u00e9daille pour Rouay Jebabli, la 8e pour la Tunisie\"},{\"@type\":\"BreadcrumbList\",\"@id\":\"https:\\\/\\\/www.webdo.tn\\\/fr\\\/actualite\\\/sport\\\/jeux-paralympiques-deuxieme-medaille-pour-rouay-jebabli-la-8e-pour-la-tunisie\\\/216198\\\/#breadcrumb\",\"itemListElement\":[{\"@type\":\"ListItem\",\"position\":1,\"name\":\"Accueil\",\"item\":\"https:\\\/\\\/www.webdo.tn\\\/fr\\\/\"},{\"@type\":\"ListItem\",\"position\":2,\"name\":\"Jeux Paralympiques : Deuxi\u00e8me m\u00e9daille pour Rouay Jebabli, la 8e pour la Tunisie\"}]},{\"@type\":\"WebSite\",\"@id\":\"https:\\\/\\\/www.webdo.tn\\\/fr\\\/#website\",\"url\":\"https:\\\/\\\/www.webdo.tn\\\/fr\\\/\",\"name\":\"webdo\",\"description\":\"Tunisie - News en Tunisie et \u00e0 l&#039;international sur Webdo.tn\",\"publisher\":{\"@id\":\"https:\\\/\\\/www.webdo.tn\\\/fr\\\/#organization\"},\"potentialAction\":[{\"@type\":\"SearchAction\",\"target\":{\"@type\":\"EntryPoint\",\"urlTemplate\":\"https:\\\/\\\/www.webdo.tn\\\/fr\\\/?s={search_term_string}\"},\"query-input\":{\"@type\":\"PropertyValueSpecification\",\"valueRequired\":true,\"valueName\":\"search_term_string\"}}],\"inLanguage\":\"fr-FR\"},{\"@type\":\"Organization\",\"@id\":\"https:\\\/\\\/www.webdo.tn\\\/fr\\\/#organization\",\"name\":\"Webdo\",\"alternateName\":\"Webdo.tn\",\"url\":\"https:\\\/\\\/www.webdo.tn\\\/fr\\\/\",\"logo\":{\"@type\":\"ImageObject\",\"inLanguage\":\"fr-FR\",\"@id\":\"https:\\\/\\\/www.webdo.tn\\\/fr\\\/#\\\/schema\\\/logo\\\/image\\\/\",\"url\":\"https:\\\/\\\/www.webdo.tn\\\/fr\\\/wp-content\\\/uploads\\\/2025\\\/06\\\/Webdo-Tunisie_168377.jpg\",\"contentUrl\":\"https:\\\/\\\/www.webdo.tn\\\/fr\\\/wp-content\\\/uploads\\\/2025\\\/06\\\/Webdo-Tunisie_168377.jpg\",\"width\":301,\"height\":301,\"caption\":\"Webdo\"},\"image\":{\"@id\":\"https:\\\/\\\/www.webdo.tn\\\/fr\\\/#\\\/schema\\\/logo\\\/image\\\/\"},\"sameAs\":[\"https:\\\/\\\/www.facebook.com\\\/webdotn\",\"https:\\\/\\\/x.com\\\/webdo_tn\"],\"description\":\"Webdo est un m\u00e9dia num\u00e9rique tunisien fond\u00e9 en 2010, sp\u00e9cialis\u00e9 dans l\u2019actualit\u00e9 nationale et internationale, l\u2019\u00e9conomie, la soci\u00e9t\u00e9 et les analyses politiques. Le site s\u2019adresse \u00e0 un large public francophone et couvre l\u2019information tunisienne en temps r\u00e9el.\",\"email\":\"redac@webdo.tn\",\"legalName\":\"YNJ SARL\",\"foundingDate\":\"2010-09-06\",\"numberOfEmployees\":{\"@type\":\"QuantitativeValue\",\"minValue\":\"11\",\"maxValue\":\"50\"}},{\"@type\":\"Person\",\"@id\":\"https:\\\/\\\/www.webdo.tn\\\/fr\\\/#\\\/schema\\\/person\\\/2c4929cbf5a809e3bd38617c6ce150f6\",\"name\":\"MC\",\"image\":{\"@type\":\"ImageObject\",\"inLanguage\":\"fr-FR\",\"@id\":\"https:\\\/\\\/secure.gravatar.com\\\/avatar\\\/a545bbb6f84efdd5553dbbc2895e3ca8f1d12c5215e00a041c9670b54aa9b18a?s=96&d=mm&r=g\",\"url\":\"https:\\\/\\\/secure.gravatar.com\\\/avatar\\\/a545bbb6f84efdd5553dbbc2895e3ca8f1d12c5215e00a041c9670b54aa9b18a?s=96&d=mm&r=g\",\"contentUrl\":\"https:\\\/\\\/secure.gravatar.com\\\/avatar\\\/a545bbb6f84efdd5553dbbc2895e3ca8f1d12c5215e00a041c9670b54aa9b18a?s=96&d=mm&r=g\",\"caption\":\"MC\"},\"url\":\"https:\\\/\\\/www.webdo.tn\\\/fr\\\/actualite\\\/author\\\/mc\\\/\"}]}<\/script>\n<!-- \/ Yoast SEO Premium plugin. -->","yoast_head_json":{"title":"Jeux Paralympiques : Deuxi\u00e8me m\u00e9daille pour Rouay Jebabli, la 8e pour la Tunisie","description":"L\u2019athl\u00e8te tunisien Rouay Jebabli a d\u00e9croch\u00e9, aujourd\u2019hui la m\u00e9daille de bronze du 400m T12 avec un chrono de 49\u203356 et sa deuxi\u00e8me m\u00e9daille lors de ces Jeux para...","canonical":"https:\/\/www.webdo.tn\/fr\/actualite\/sport\/jeux-paralympiques-deuxieme-medaille-pour-rouay-jebabli-la-8e-pour-la-tunisie\/216198\/","og_locale":"fr_FR","og_type":"article","og_title":"Jeux Paralympiques : Deuxi\u00e8me m\u00e9daille pour Rouay Jebabli, la 8e pour la Tunisie","og_description":"L\u2019athl\u00e8te tunisien Rouay Jebabli a d\u00e9croch\u00e9, aujourd\u2019hui la m\u00e9daille de bronze du 400m T12 avec un chrono de 49\u203356 et sa deuxi\u00e8me m\u00e9daille lors de ces Jeux para...","og_url":"https:\/\/www.webdo.tn\/fr\/actualite\/sport\/jeux-paralympiques-deuxieme-medaille-pour-rouay-jebabli-la-8e-pour-la-tunisie\/216198\/","og_site_name":"webdo","article_publisher":"https:\/\/www.facebook.com\/webdotn","article_published_time":"2024-09-05T11:23:00+00:00","article_modified_time":"2025-05-20T22:14:03+00:00","og_image":[{"width":750,"height":400,"url":"https:\/\/www.webdo.tn\/fr\/wp-content\/uploads\/2024\/09\/69f5216382e9596b149be1acaffe769b.webp","type":"image\/webp"}],"author":"MC","twitter_card":"summary_large_image","twitter_creator":"@webdo_tn","twitter_site":"@webdo_tn","twitter_misc":{"\u00c9crit par":"MC","Dur\u00e9e de lecture estim\u00e9e":"1 minute"},"schema":{"@context":"https:\/\/schema.org","@graph":[{"@type":"NewsArticle","@id":"https:\/\/www.webdo.tn\/fr\/actualite\/sport\/jeux-paralympiques-deuxieme-medaille-pour-rouay-jebabli-la-8e-pour-la-tunisie\/216198\/#article","isPartOf":{"@id":"https:\/\/www.webdo.tn\/fr\/actualite\/sport\/jeux-paralympiques-deuxieme-medaille-pour-rouay-jebabli-la-8e-pour-la-tunisie\/216198\/"},"author":{"name":"MC","@id":"https:\/\/www.webdo.tn\/fr\/#\/schema\/person\/2c4929cbf5a809e3bd38617c6ce150f6"},"headline":"Jeux Paralympiques : Deuxi\u00e8me m\u00e9daille pour Rouay Jebabli, la 8e pour la Tunisie","datePublished":"2024-09-05T11:23:00+00:00","dateModified":"2025-05-20T22:14:03+00:00","mainEntityOfPage":{"@id":"https:\/\/www.webdo.tn\/fr\/actualite\/sport\/jeux-paralympiques-deuxieme-medaille-pour-rouay-jebabli-la-8e-pour-la-tunisie\/216198\/"},"wordCount":251,"commentCount":0,"publisher":{"@id":"https:\/\/www.webdo.tn\/fr\/#organization"},"image":{"@id":"https:\/\/www.webdo.tn\/fr\/actualite\/sport\/jeux-paralympiques-deuxieme-medaille-pour-rouay-jebabli-la-8e-pour-la-tunisie\/216198\/#primaryimage"},"thumbnailUrl":"https:\/\/www.webdo.tn\/fr\/wp-content\/uploads\/2024\/09\/69f5216382e9596b149be1acaffe769b.webp","keywords":["jeux paralympiques","m\u00e9daille de bronze","Paris 2024","Rouay Jebabli","Tunisie"],"articleSection":["Sport"],"inLanguage":"fr-FR"},{"@type":"WebPage","@id":"https:\/\/www.webdo.tn\/fr\/actualite\/sport\/jeux-paralympiques-deuxieme-medaille-pour-rouay-jebabli-la-8e-pour-la-tunisie\/216198\/","url":"https:\/\/www.webdo.tn\/fr\/actualite\/sport\/jeux-paralympiques-deuxieme-medaille-pour-rouay-jebabli-la-8e-pour-la-tunisie\/216198\/","name":"Jeux Paralympiques : Deuxi\u00e8me m\u00e9daille pour Rouay Jebabli, la 8e pour la Tunisie","isPartOf":{"@id":"https:\/\/www.webdo.tn\/fr\/#website"},"primaryImageOfPage":{"@id":"https:\/\/www.webdo.tn\/fr\/actualite\/sport\/jeux-paralympiques-deuxieme-medaille-pour-rouay-jebabli-la-8e-pour-la-tunisie\/216198\/#primaryimage"},"image":{"@id":"https:\/\/www.webdo.tn\/fr\/actualite\/sport\/jeux-paralympiques-deuxieme-medaille-pour-rouay-jebabli-la-8e-pour-la-tunisie\/216198\/#primaryimage"},"thumbnailUrl":"https:\/\/www.webdo.tn\/fr\/wp-content\/uploads\/2024\/09\/69f5216382e9596b149be1acaffe769b.webp","datePublished":"2024-09-05T11:23:00+00:00","dateModified":"2025-05-20T22:14:03+00:00","description":"L\u2019athl\u00e8te tunisien Rouay Jebabli a d\u00e9croch\u00e9, aujourd\u2019hui la m\u00e9daille de bronze du 400m T12 avec un chrono de 49\u203356 et sa deuxi\u00e8me m\u00e9daille lors de ces Jeux para...","breadcrumb":{"@id":"https:\/\/www.webdo.tn\/fr\/actualite\/sport\/jeux-paralympiques-deuxieme-medaille-pour-rouay-jebabli-la-8e-pour-la-tunisie\/216198\/#breadcrumb"},"inLanguage":"fr-FR","potentialAction":[{"@type":"ReadAction","target":["https:\/\/www.webdo.tn\/fr\/actualite\/sport\/jeux-paralympiques-deuxieme-medaille-pour-rouay-jebabli-la-8e-pour-la-tunisie\/216198\/"]}]},{"@type":"ImageObject","inLanguage":"fr-FR","@id":"https:\/\/www.webdo.tn\/fr\/actualite\/sport\/jeux-paralympiques-deuxieme-medaille-pour-rouay-jebabli-la-8e-pour-la-tunisie\/216198\/#primaryimage","url":"https:\/\/www.webdo.tn\/fr\/wp-content\/uploads\/2024\/09\/69f5216382e9596b149be1acaffe769b.webp","contentUrl":"https:\/\/www.webdo.tn\/fr\/wp-content\/uploads\/2024\/09\/69f5216382e9596b149be1acaffe769b.webp","width":750,"height":400,"caption":"Jeux Paralympiques : Deuxi\u00e8me m\u00e9daille pour Rouay Jebabli, la 8e pour la Tunisie"},{"@type":"BreadcrumbList","@id":"https:\/\/www.webdo.tn\/fr\/actualite\/sport\/jeux-paralympiques-deuxieme-medaille-pour-rouay-jebabli-la-8e-pour-la-tunisie\/216198\/#breadcrumb","itemListElement":[{"@type":"ListItem","position":1,"name":"Accueil","item":"https:\/\/www.webdo.tn\/fr\/"},{"@type":"ListItem","position":2,"name":"Jeux Paralympiques : Deuxi\u00e8me m\u00e9daille pour Rouay Jebabli, la 8e pour la Tunisie"}]},{"@type":"WebSite","@id":"https:\/\/www.webdo.tn\/fr\/#website","url":"https:\/\/www.webdo.tn\/fr\/","name":"webdo","description":"Tunisie - News en Tunisie et \u00e0 l&#039;international sur Webdo.tn","publisher":{"@id":"https:\/\/www.webdo.tn\/fr\/#organization"},"potentialAction":[{"@type":"SearchAction","target":{"@type":"EntryPoint","urlTemplate":"https:\/\/www.webdo.tn\/fr\/?s={search_term_string}"},"query-input":{"@type":"PropertyValueSpecification","valueRequired":true,"valueName":"search_term_string"}}],"inLanguage":"fr-FR"},{"@type":"Organization","@id":"https:\/\/www.webdo.tn\/fr\/#organization","name":"Webdo","alternateName":"Webdo.tn","url":"https:\/\/www.webdo.tn\/fr\/","logo":{"@type":"ImageObject","inLanguage":"fr-FR","@id":"https:\/\/www.webdo.tn\/fr\/#\/schema\/logo\/image\/","url":"https:\/\/www.webdo.tn\/fr\/wp-content\/uploads\/2025\/06\/Webdo-Tunisie_168377.jpg","contentUrl":"https:\/\/www.webdo.tn\/fr\/wp-content\/uploads\/2025\/06\/Webdo-Tunisie_168377.jpg","width":301,"height":301,"caption":"Webdo"},"image":{"@id":"https:\/\/www.webdo.tn\/fr\/#\/schema\/logo\/image\/"},"sameAs":["https:\/\/www.facebook.com\/webdotn","https:\/\/x.com\/webdo_tn"],"description":"Webdo est un m\u00e9dia num\u00e9rique tunisien fond\u00e9 en 2010, sp\u00e9cialis\u00e9 dans l\u2019actualit\u00e9 nationale et internationale, l\u2019\u00e9conomie, la soci\u00e9t\u00e9 et les analyses politiques. Le site s\u2019adresse \u00e0 un large public francophone et couvre l\u2019information tunisienne en temps r\u00e9el.","email":"redac@webdo.tn","legalName":"YNJ SARL","foundingDate":"2010-09-06","numberOfEmployees":{"@type":"QuantitativeValue","minValue":"11","maxValue":"50"}},{"@type":"Person","@id":"https:\/\/www.webdo.tn\/fr\/#\/schema\/person\/2c4929cbf5a809e3bd38617c6ce150f6","name":"MC","image":{"@type":"ImageObject","inLanguage":"fr-FR","@id":"https:\/\/secure.gravatar.com\/avatar\/a545bbb6f84efdd5553dbbc2895e3ca8f1d12c5215e00a041c9670b54aa9b18a?s=96&d=mm&r=g","url":"https:\/\/secure.gravatar.com\/avatar\/a545bbb6f84efdd5553dbbc2895e3ca8f1d12c5215e00a041c9670b54aa9b18a?s=96&d=mm&r=g","contentUrl":"https:\/\/secure.gravatar.com\/avatar\/a545bbb6f84efdd5553dbbc2895e3ca8f1d12c5215e00a041c9670b54aa9b18a?s=96&d=mm&r=g","caption":"MC"},"url":"https:\/\/www.webdo.tn\/fr\/actualite\/author\/mc\/"}]}},"_links":{"self":[{"href":"https:\/\/www.webdo.tn\/fr\/wp-json\/wp\/v2\/posts\/216198","targetHints":{"allow":["GET"]}}],"collection":[{"href":"https:\/\/www.webdo.tn\/fr\/wp-json\/wp\/v2\/posts"}],"about":[{"href":"https:\/\/www.webdo.tn\/fr\/wp-json\/wp\/v2\/types\/post"}],"author":[{"embeddable":true,"href":"https:\/\/www.webdo.tn\/fr\/wp-json\/wp\/v2\/users\/3162"}],"replies":[{"embeddable":true,"href":"https:\/\/www.webdo.tn\/fr\/wp-json\/wp\/v2\/comments?post=216198"}],"version-history":[{"count":0,"href":"https:\/\/www.webdo.tn\/fr\/wp-json\/wp\/v2\/posts\/216198\/revisions"}],"wp:featuredmedia":[{"embeddable":true,"href":"https:\/\/www.webdo.tn\/fr\/wp-json\/wp\/v2\/media\/291031"}],"wp:attachment":[{"href":"https:\/\/www.webdo.tn\/fr\/wp-json\/wp\/v2\/media?parent=216198"}],"wp:term":[{"taxonomy":"category","embeddable":true,"href":"https:\/\/www.webdo.tn\/fr\/wp-json\/wp\/v2\/categories?post=216198"},{"taxonomy":"post_tag","embeddable":true,"href":"https:\/\/www.webdo.tn\/fr\/wp-json\/wp\/v2\/tags?post=216198"}],"curies":[{"name":"wp","href":"https:\/\/api.w.org\/{rel}","templated":true}]}}