{"id":216188,"date":"2024-09-04T23:05:00","date_gmt":"2024-09-04T23:05:00","guid":{"rendered":"https:\/\/www.webdo.tn\/fr\/blog\/tunisie-trafic-des-passagers-en-hausse-dans-le-transport-aerien\/216188\/"},"modified":"2025-05-20T21:49:19","modified_gmt":"2025-05-20T21:49:19","slug":"tunisie-trafic-des-passagers-en-hausse-dans-le-transport-aerien","status":"publish","type":"post","link":"https:\/\/www.webdo.tn\/fr\/actualite\/national\/tunisie-trafic-des-passagers-en-hausse-dans-le-transport-aerien\/216188\/","title":{"rendered":"Tunisie : Trafic des passagers en hausse dans le transport a\u00e9rien"},"content":{"rendered":"<p>Au cours des huit premiers mois de 2024, le trafic de passagers dans les a\u00e9roports tunisiens g\u00e9r\u00e9s par l\u2019Office de l\u2019aviation civile et des a\u00e9roports (OACA) et la soci\u00e9t\u00e9 TAV Tunisie a augment\u00e9 de 12,8% par rapport \u00e0 la m\u00eame p\u00e9riode en 2023, atteignant 8.436.553 passagers, selon les statistiques de trafic a\u00e9rien publi\u00e9es mercredi par l\u2019OACA.<\/p>\n<p>\t\t\t\t\t\t\t\t\tPour les a\u00e9roports sous la gestion de l\u2019OACA, le nombre de passagers a cr\u00fb de 9,4% durant cette p\u00e9riode, totalisant 6.478.566 mouvements. Cette tendance \u00e0 la hausse a \u00e9t\u00e9 observ\u00e9e dans la plupart des a\u00e9roports tunisiens.<\/p>\n<p>L&rsquo;a\u00e9roport international de Tunis Carthage a enregistr\u00e9 une augmentation de 8,7% (4.844.705 mouvements), l&rsquo;a\u00e9roport international de Djerba Zarzis a vu une hausse de 12,4% (1.502.315 mouvements), l&rsquo;a\u00e9roport international de Tozeur Nefta a connu une hausse notable de 116,3% (19.461 mouvements), et l&rsquo;a\u00e9roport international de Tabarka-Ain Draham a vu une augmentation de 1,6% (2009 mouvements). Cependant, le trafic a diminu\u00e9 de 3,3% \u00e0 l&rsquo;a\u00e9roport international de Sfax Thyna (108.983 mouvements).<\/p>\n<p>En ce qui concerne le trafic commercial des avions (mouvements avions), les statistiques de l\u2019OACA montrent une hausse de 5,8% durant les huit premiers mois de 2024, avec 53.033 mouvements d&rsquo;avions enregistr\u00e9s.<\/p>\n<p>Le trafic de survol (avions traversant l\u2019espace a\u00e9rien tunisien) a \u00e9galement augment\u00e9 de 16,3% au cours des huit premiers mois de 2024, atteignant 40.567 mouvements.<\/p>\n","protected":false},"excerpt":{"rendered":"<p>Au cours des huit premiers mois de 2024, le trafic de passagers dans les a\u00e9roports tunisiens g\u00e9r\u00e9s par l\u2019Office de l\u2019aviation civile et des a\u00e9roports (OACA) et&#8230;<\/p>\n","protected":false},"author":3162,"featured_media":246635,"comment_status":"open","ping_status":"closed","sticky":false,"template":"","format":"standard","meta":{"footnotes":""},"categories":[44],"tags":[4827,4308,3688,5794,2608],"class_list":["post-216188","post","type-post","status-publish","format-standard","has-post-thumbnail","hentry","category-national","tag-aeroports","tag-oaca","tag-trafic","tag-transport-aerien","tag-tunisie"],"yoast_head":"<!-- This site is optimized with the Yoast SEO Premium plugin v27.5 (Yoast SEO v27.5) - https:\/\/yoast.com\/product\/yoast-seo-premium-wordpress\/ -->\n<title>Tunisie : Trafic des passagers en hausse dans le transport a\u00e9rien<\/title>\n<meta name=\"description\" content=\"Au cours des huit premiers mois de 2024, le trafic de passagers dans les a\u00e9roports tunisiens g\u00e9r\u00e9s par l\u2019Office de l\u2019aviation civile et des a\u00e9roports (OACA) et...\" \/>\n<link rel=\"canonical\" href=\"https:\/\/www.webdo.tn\/fr\/actualite\/national\/tunisie-trafic-des-passagers-en-hausse-dans-le-transport-aerien\/216188\/\" \/>\n<meta property=\"og:locale\" content=\"fr_FR\" \/>\n<meta property=\"og:type\" content=\"article\" \/>\n<meta property=\"og:title\" content=\"Tunisie : Trafic des passagers en hausse dans le transport a\u00e9rien\" \/>\n<meta property=\"og:description\" content=\"Au cours des huit premiers mois de 2024, le trafic de passagers dans les a\u00e9roports tunisiens g\u00e9r\u00e9s par l\u2019Office de l\u2019aviation civile et des a\u00e9roports (OACA) et...\" \/>\n<meta property=\"og:url\" content=\"https:\/\/www.webdo.tn\/fr\/actualite\/national\/tunisie-trafic-des-passagers-en-hausse-dans-le-transport-aerien\/216188\/\" \/>\n<meta property=\"og:site_name\" content=\"webdo\" \/>\n<meta property=\"article:publisher\" content=\"https:\/\/www.facebook.com\/webdotn\" \/>\n<meta property=\"article:published_time\" content=\"2024-09-04T23:05:00+00:00\" \/>\n<meta property=\"article:modified_time\" content=\"2025-05-20T21:49:19+00:00\" \/>\n<meta property=\"og:image\" content=\"https:\/\/www.webdo.tn\/fr\/wp-content\/uploads\/2024\/09\/460c68a5fb63eb6c88764345015226db.webp\" \/>\n\t<meta property=\"og:image:width\" content=\"750\" \/>\n\t<meta property=\"og:image:height\" content=\"400\" \/>\n\t<meta property=\"og:image:type\" content=\"image\/webp\" \/>\n<meta name=\"author\" content=\"MC\" \/>\n<meta name=\"twitter:card\" content=\"summary_large_image\" \/>\n<meta name=\"twitter:creator\" content=\"@webdo_tn\" \/>\n<meta name=\"twitter:site\" content=\"@webdo_tn\" \/>\n<meta name=\"twitter:label1\" content=\"\u00c9crit par\" \/>\n\t<meta name=\"twitter:data1\" content=\"MC\" \/>\n\t<meta name=\"twitter:label2\" content=\"Dur\u00e9e de lecture estim\u00e9e\" \/>\n\t<meta name=\"twitter:data2\" content=\"1 minute\" \/>\n<script type=\"application\/ld+json\" class=\"yoast-schema-graph\">{\"@context\":\"https:\\\/\\\/schema.org\",\"@graph\":[{\"@type\":\"NewsArticle\",\"@id\":\"https:\\\/\\\/www.webdo.tn\\\/fr\\\/actualite\\\/national\\\/tunisie-trafic-des-passagers-en-hausse-dans-le-transport-aerien\\\/216188\\\/#article\",\"isPartOf\":{\"@id\":\"https:\\\/\\\/www.webdo.tn\\\/fr\\\/actualite\\\/national\\\/tunisie-trafic-des-passagers-en-hausse-dans-le-transport-aerien\\\/216188\\\/\"},\"author\":{\"name\":\"MC\",\"@id\":\"https:\\\/\\\/www.webdo.tn\\\/fr\\\/#\\\/schema\\\/person\\\/2c4929cbf5a809e3bd38617c6ce150f6\"},\"headline\":\"Tunisie : Trafic des passagers en hausse dans le transport a\u00e9rien\",\"datePublished\":\"2024-09-04T23:05:00+00:00\",\"dateModified\":\"2025-05-20T21:49:19+00:00\",\"mainEntityOfPage\":{\"@id\":\"https:\\\/\\\/www.webdo.tn\\\/fr\\\/actualite\\\/national\\\/tunisie-trafic-des-passagers-en-hausse-dans-le-transport-aerien\\\/216188\\\/\"},\"wordCount\":236,\"commentCount\":0,\"publisher\":{\"@id\":\"https:\\\/\\\/www.webdo.tn\\\/fr\\\/#organization\"},\"image\":{\"@id\":\"https:\\\/\\\/www.webdo.tn\\\/fr\\\/actualite\\\/national\\\/tunisie-trafic-des-passagers-en-hausse-dans-le-transport-aerien\\\/216188\\\/#primaryimage\"},\"thumbnailUrl\":\"https:\\\/\\\/www.webdo.tn\\\/fr\\\/wp-content\\\/uploads\\\/2024\\\/09\\\/460c68a5fb63eb6c88764345015226db.webp\",\"keywords\":[\"a\u00e9roports\",\"OACA\",\"trafic\",\"Transport a\u00e9rien\",\"Tunisie\"],\"articleSection\":[\"National\"],\"inLanguage\":\"fr-FR\"},{\"@type\":\"WebPage\",\"@id\":\"https:\\\/\\\/www.webdo.tn\\\/fr\\\/actualite\\\/national\\\/tunisie-trafic-des-passagers-en-hausse-dans-le-transport-aerien\\\/216188\\\/\",\"url\":\"https:\\\/\\\/www.webdo.tn\\\/fr\\\/actualite\\\/national\\\/tunisie-trafic-des-passagers-en-hausse-dans-le-transport-aerien\\\/216188\\\/\",\"name\":\"Tunisie : Trafic des passagers en hausse dans le transport a\u00e9rien\",\"isPartOf\":{\"@id\":\"https:\\\/\\\/www.webdo.tn\\\/fr\\\/#website\"},\"primaryImageOfPage\":{\"@id\":\"https:\\\/\\\/www.webdo.tn\\\/fr\\\/actualite\\\/national\\\/tunisie-trafic-des-passagers-en-hausse-dans-le-transport-aerien\\\/216188\\\/#primaryimage\"},\"image\":{\"@id\":\"https:\\\/\\\/www.webdo.tn\\\/fr\\\/actualite\\\/national\\\/tunisie-trafic-des-passagers-en-hausse-dans-le-transport-aerien\\\/216188\\\/#primaryimage\"},\"thumbnailUrl\":\"https:\\\/\\\/www.webdo.tn\\\/fr\\\/wp-content\\\/uploads\\\/2024\\\/09\\\/460c68a5fb63eb6c88764345015226db.webp\",\"datePublished\":\"2024-09-04T23:05:00+00:00\",\"dateModified\":\"2025-05-20T21:49:19+00:00\",\"description\":\"Au cours des huit premiers mois de 2024, le trafic de passagers dans les a\u00e9roports tunisiens g\u00e9r\u00e9s par l\u2019Office de l\u2019aviation civile et des a\u00e9roports (OACA) et...\",\"breadcrumb\":{\"@id\":\"https:\\\/\\\/www.webdo.tn\\\/fr\\\/actualite\\\/national\\\/tunisie-trafic-des-passagers-en-hausse-dans-le-transport-aerien\\\/216188\\\/#breadcrumb\"},\"inLanguage\":\"fr-FR\",\"potentialAction\":[{\"@type\":\"ReadAction\",\"target\":[\"https:\\\/\\\/www.webdo.tn\\\/fr\\\/actualite\\\/national\\\/tunisie-trafic-des-passagers-en-hausse-dans-le-transport-aerien\\\/216188\\\/\"]}]},{\"@type\":\"ImageObject\",\"inLanguage\":\"fr-FR\",\"@id\":\"https:\\\/\\\/www.webdo.tn\\\/fr\\\/actualite\\\/national\\\/tunisie-trafic-des-passagers-en-hausse-dans-le-transport-aerien\\\/216188\\\/#primaryimage\",\"url\":\"https:\\\/\\\/www.webdo.tn\\\/fr\\\/wp-content\\\/uploads\\\/2024\\\/09\\\/460c68a5fb63eb6c88764345015226db.webp\",\"contentUrl\":\"https:\\\/\\\/www.webdo.tn\\\/fr\\\/wp-content\\\/uploads\\\/2024\\\/09\\\/460c68a5fb63eb6c88764345015226db.webp\",\"width\":750,\"height\":400,\"caption\":\"Tunisie : Trafic des passagers en hausse dans le transport a\u00e9rien\"},{\"@type\":\"BreadcrumbList\",\"@id\":\"https:\\\/\\\/www.webdo.tn\\\/fr\\\/actualite\\\/national\\\/tunisie-trafic-des-passagers-en-hausse-dans-le-transport-aerien\\\/216188\\\/#breadcrumb\",\"itemListElement\":[{\"@type\":\"ListItem\",\"position\":1,\"name\":\"Accueil\",\"item\":\"https:\\\/\\\/www.webdo.tn\\\/fr\\\/\"},{\"@type\":\"ListItem\",\"position\":2,\"name\":\"Tunisie : Trafic des passagers en hausse dans le transport a\u00e9rien\"}]},{\"@type\":\"WebSite\",\"@id\":\"https:\\\/\\\/www.webdo.tn\\\/fr\\\/#website\",\"url\":\"https:\\\/\\\/www.webdo.tn\\\/fr\\\/\",\"name\":\"webdo\",\"description\":\"Tunisie - News en Tunisie et \u00e0 l&#039;international sur Webdo.tn\",\"publisher\":{\"@id\":\"https:\\\/\\\/www.webdo.tn\\\/fr\\\/#organization\"},\"potentialAction\":[{\"@type\":\"SearchAction\",\"target\":{\"@type\":\"EntryPoint\",\"urlTemplate\":\"https:\\\/\\\/www.webdo.tn\\\/fr\\\/?s={search_term_string}\"},\"query-input\":{\"@type\":\"PropertyValueSpecification\",\"valueRequired\":true,\"valueName\":\"search_term_string\"}}],\"inLanguage\":\"fr-FR\"},{\"@type\":\"Organization\",\"@id\":\"https:\\\/\\\/www.webdo.tn\\\/fr\\\/#organization\",\"name\":\"Webdo\",\"alternateName\":\"Webdo.tn\",\"url\":\"https:\\\/\\\/www.webdo.tn\\\/fr\\\/\",\"logo\":{\"@type\":\"ImageObject\",\"inLanguage\":\"fr-FR\",\"@id\":\"https:\\\/\\\/www.webdo.tn\\\/fr\\\/#\\\/schema\\\/logo\\\/image\\\/\",\"url\":\"https:\\\/\\\/www.webdo.tn\\\/fr\\\/wp-content\\\/uploads\\\/2025\\\/06\\\/Webdo-Tunisie_168377.jpg\",\"contentUrl\":\"https:\\\/\\\/www.webdo.tn\\\/fr\\\/wp-content\\\/uploads\\\/2025\\\/06\\\/Webdo-Tunisie_168377.jpg\",\"width\":301,\"height\":301,\"caption\":\"Webdo\"},\"image\":{\"@id\":\"https:\\\/\\\/www.webdo.tn\\\/fr\\\/#\\\/schema\\\/logo\\\/image\\\/\"},\"sameAs\":[\"https:\\\/\\\/www.facebook.com\\\/webdotn\",\"https:\\\/\\\/x.com\\\/webdo_tn\"],\"description\":\"Webdo est un m\u00e9dia num\u00e9rique tunisien fond\u00e9 en 2010, sp\u00e9cialis\u00e9 dans l\u2019actualit\u00e9 nationale et internationale, l\u2019\u00e9conomie, la soci\u00e9t\u00e9 et les analyses politiques. Le site s\u2019adresse \u00e0 un large public francophone et couvre l\u2019information tunisienne en temps r\u00e9el.\",\"email\":\"redac@webdo.tn\",\"legalName\":\"YNJ SARL\",\"foundingDate\":\"2010-09-06\",\"numberOfEmployees\":{\"@type\":\"QuantitativeValue\",\"minValue\":\"11\",\"maxValue\":\"50\"}},{\"@type\":\"Person\",\"@id\":\"https:\\\/\\\/www.webdo.tn\\\/fr\\\/#\\\/schema\\\/person\\\/2c4929cbf5a809e3bd38617c6ce150f6\",\"name\":\"MC\",\"image\":{\"@type\":\"ImageObject\",\"inLanguage\":\"fr-FR\",\"@id\":\"https:\\\/\\\/secure.gravatar.com\\\/avatar\\\/a545bbb6f84efdd5553dbbc2895e3ca8f1d12c5215e00a041c9670b54aa9b18a?s=96&d=mm&r=g\",\"url\":\"https:\\\/\\\/secure.gravatar.com\\\/avatar\\\/a545bbb6f84efdd5553dbbc2895e3ca8f1d12c5215e00a041c9670b54aa9b18a?s=96&d=mm&r=g\",\"contentUrl\":\"https:\\\/\\\/secure.gravatar.com\\\/avatar\\\/a545bbb6f84efdd5553dbbc2895e3ca8f1d12c5215e00a041c9670b54aa9b18a?s=96&d=mm&r=g\",\"caption\":\"MC\"},\"url\":\"https:\\\/\\\/www.webdo.tn\\\/fr\\\/actualite\\\/author\\\/mc\\\/\"}]}<\/script>\n<!-- \/ Yoast SEO Premium plugin. -->","yoast_head_json":{"title":"Tunisie : Trafic des passagers en hausse dans le transport a\u00e9rien","description":"Au cours des huit premiers mois de 2024, le trafic de passagers dans les a\u00e9roports tunisiens g\u00e9r\u00e9s par l\u2019Office de l\u2019aviation civile et des a\u00e9roports (OACA) et...","canonical":"https:\/\/www.webdo.tn\/fr\/actualite\/national\/tunisie-trafic-des-passagers-en-hausse-dans-le-transport-aerien\/216188\/","og_locale":"fr_FR","og_type":"article","og_title":"Tunisie : Trafic des passagers en hausse dans le transport a\u00e9rien","og_description":"Au cours des huit premiers mois de 2024, le trafic de passagers dans les a\u00e9roports tunisiens g\u00e9r\u00e9s par l\u2019Office de l\u2019aviation civile et des a\u00e9roports (OACA) et...","og_url":"https:\/\/www.webdo.tn\/fr\/actualite\/national\/tunisie-trafic-des-passagers-en-hausse-dans-le-transport-aerien\/216188\/","og_site_name":"webdo","article_publisher":"https:\/\/www.facebook.com\/webdotn","article_published_time":"2024-09-04T23:05:00+00:00","article_modified_time":"2025-05-20T21:49:19+00:00","og_image":[{"width":750,"height":400,"url":"https:\/\/www.webdo.tn\/fr\/wp-content\/uploads\/2024\/09\/460c68a5fb63eb6c88764345015226db.webp","type":"image\/webp"}],"author":"MC","twitter_card":"summary_large_image","twitter_creator":"@webdo_tn","twitter_site":"@webdo_tn","twitter_misc":{"\u00c9crit par":"MC","Dur\u00e9e de lecture estim\u00e9e":"1 minute"},"schema":{"@context":"https:\/\/schema.org","@graph":[{"@type":"NewsArticle","@id":"https:\/\/www.webdo.tn\/fr\/actualite\/national\/tunisie-trafic-des-passagers-en-hausse-dans-le-transport-aerien\/216188\/#article","isPartOf":{"@id":"https:\/\/www.webdo.tn\/fr\/actualite\/national\/tunisie-trafic-des-passagers-en-hausse-dans-le-transport-aerien\/216188\/"},"author":{"name":"MC","@id":"https:\/\/www.webdo.tn\/fr\/#\/schema\/person\/2c4929cbf5a809e3bd38617c6ce150f6"},"headline":"Tunisie : Trafic des passagers en hausse dans le transport a\u00e9rien","datePublished":"2024-09-04T23:05:00+00:00","dateModified":"2025-05-20T21:49:19+00:00","mainEntityOfPage":{"@id":"https:\/\/www.webdo.tn\/fr\/actualite\/national\/tunisie-trafic-des-passagers-en-hausse-dans-le-transport-aerien\/216188\/"},"wordCount":236,"commentCount":0,"publisher":{"@id":"https:\/\/www.webdo.tn\/fr\/#organization"},"image":{"@id":"https:\/\/www.webdo.tn\/fr\/actualite\/national\/tunisie-trafic-des-passagers-en-hausse-dans-le-transport-aerien\/216188\/#primaryimage"},"thumbnailUrl":"https:\/\/www.webdo.tn\/fr\/wp-content\/uploads\/2024\/09\/460c68a5fb63eb6c88764345015226db.webp","keywords":["a\u00e9roports","OACA","trafic","Transport a\u00e9rien","Tunisie"],"articleSection":["National"],"inLanguage":"fr-FR"},{"@type":"WebPage","@id":"https:\/\/www.webdo.tn\/fr\/actualite\/national\/tunisie-trafic-des-passagers-en-hausse-dans-le-transport-aerien\/216188\/","url":"https:\/\/www.webdo.tn\/fr\/actualite\/national\/tunisie-trafic-des-passagers-en-hausse-dans-le-transport-aerien\/216188\/","name":"Tunisie : Trafic des passagers en hausse dans le transport a\u00e9rien","isPartOf":{"@id":"https:\/\/www.webdo.tn\/fr\/#website"},"primaryImageOfPage":{"@id":"https:\/\/www.webdo.tn\/fr\/actualite\/national\/tunisie-trafic-des-passagers-en-hausse-dans-le-transport-aerien\/216188\/#primaryimage"},"image":{"@id":"https:\/\/www.webdo.tn\/fr\/actualite\/national\/tunisie-trafic-des-passagers-en-hausse-dans-le-transport-aerien\/216188\/#primaryimage"},"thumbnailUrl":"https:\/\/www.webdo.tn\/fr\/wp-content\/uploads\/2024\/09\/460c68a5fb63eb6c88764345015226db.webp","datePublished":"2024-09-04T23:05:00+00:00","dateModified":"2025-05-20T21:49:19+00:00","description":"Au cours des huit premiers mois de 2024, le trafic de passagers dans les a\u00e9roports tunisiens g\u00e9r\u00e9s par l\u2019Office de l\u2019aviation civile et des a\u00e9roports (OACA) et...","breadcrumb":{"@id":"https:\/\/www.webdo.tn\/fr\/actualite\/national\/tunisie-trafic-des-passagers-en-hausse-dans-le-transport-aerien\/216188\/#breadcrumb"},"inLanguage":"fr-FR","potentialAction":[{"@type":"ReadAction","target":["https:\/\/www.webdo.tn\/fr\/actualite\/national\/tunisie-trafic-des-passagers-en-hausse-dans-le-transport-aerien\/216188\/"]}]},{"@type":"ImageObject","inLanguage":"fr-FR","@id":"https:\/\/www.webdo.tn\/fr\/actualite\/national\/tunisie-trafic-des-passagers-en-hausse-dans-le-transport-aerien\/216188\/#primaryimage","url":"https:\/\/www.webdo.tn\/fr\/wp-content\/uploads\/2024\/09\/460c68a5fb63eb6c88764345015226db.webp","contentUrl":"https:\/\/www.webdo.tn\/fr\/wp-content\/uploads\/2024\/09\/460c68a5fb63eb6c88764345015226db.webp","width":750,"height":400,"caption":"Tunisie : Trafic des passagers en hausse dans le transport a\u00e9rien"},{"@type":"BreadcrumbList","@id":"https:\/\/www.webdo.tn\/fr\/actualite\/national\/tunisie-trafic-des-passagers-en-hausse-dans-le-transport-aerien\/216188\/#breadcrumb","itemListElement":[{"@type":"ListItem","position":1,"name":"Accueil","item":"https:\/\/www.webdo.tn\/fr\/"},{"@type":"ListItem","position":2,"name":"Tunisie : Trafic des passagers en hausse dans le transport a\u00e9rien"}]},{"@type":"WebSite","@id":"https:\/\/www.webdo.tn\/fr\/#website","url":"https:\/\/www.webdo.tn\/fr\/","name":"webdo","description":"Tunisie - News en Tunisie et \u00e0 l&#039;international sur Webdo.tn","publisher":{"@id":"https:\/\/www.webdo.tn\/fr\/#organization"},"potentialAction":[{"@type":"SearchAction","target":{"@type":"EntryPoint","urlTemplate":"https:\/\/www.webdo.tn\/fr\/?s={search_term_string}"},"query-input":{"@type":"PropertyValueSpecification","valueRequired":true,"valueName":"search_term_string"}}],"inLanguage":"fr-FR"},{"@type":"Organization","@id":"https:\/\/www.webdo.tn\/fr\/#organization","name":"Webdo","alternateName":"Webdo.tn","url":"https:\/\/www.webdo.tn\/fr\/","logo":{"@type":"ImageObject","inLanguage":"fr-FR","@id":"https:\/\/www.webdo.tn\/fr\/#\/schema\/logo\/image\/","url":"https:\/\/www.webdo.tn\/fr\/wp-content\/uploads\/2025\/06\/Webdo-Tunisie_168377.jpg","contentUrl":"https:\/\/www.webdo.tn\/fr\/wp-content\/uploads\/2025\/06\/Webdo-Tunisie_168377.jpg","width":301,"height":301,"caption":"Webdo"},"image":{"@id":"https:\/\/www.webdo.tn\/fr\/#\/schema\/logo\/image\/"},"sameAs":["https:\/\/www.facebook.com\/webdotn","https:\/\/x.com\/webdo_tn"],"description":"Webdo est un m\u00e9dia num\u00e9rique tunisien fond\u00e9 en 2010, sp\u00e9cialis\u00e9 dans l\u2019actualit\u00e9 nationale et internationale, l\u2019\u00e9conomie, la soci\u00e9t\u00e9 et les analyses politiques. Le site s\u2019adresse \u00e0 un large public francophone et couvre l\u2019information tunisienne en temps r\u00e9el.","email":"redac@webdo.tn","legalName":"YNJ SARL","foundingDate":"2010-09-06","numberOfEmployees":{"@type":"QuantitativeValue","minValue":"11","maxValue":"50"}},{"@type":"Person","@id":"https:\/\/www.webdo.tn\/fr\/#\/schema\/person\/2c4929cbf5a809e3bd38617c6ce150f6","name":"MC","image":{"@type":"ImageObject","inLanguage":"fr-FR","@id":"https:\/\/secure.gravatar.com\/avatar\/a545bbb6f84efdd5553dbbc2895e3ca8f1d12c5215e00a041c9670b54aa9b18a?s=96&d=mm&r=g","url":"https:\/\/secure.gravatar.com\/avatar\/a545bbb6f84efdd5553dbbc2895e3ca8f1d12c5215e00a041c9670b54aa9b18a?s=96&d=mm&r=g","contentUrl":"https:\/\/secure.gravatar.com\/avatar\/a545bbb6f84efdd5553dbbc2895e3ca8f1d12c5215e00a041c9670b54aa9b18a?s=96&d=mm&r=g","caption":"MC"},"url":"https:\/\/www.webdo.tn\/fr\/actualite\/author\/mc\/"}]}},"_links":{"self":[{"href":"https:\/\/www.webdo.tn\/fr\/wp-json\/wp\/v2\/posts\/216188","targetHints":{"allow":["GET"]}}],"collection":[{"href":"https:\/\/www.webdo.tn\/fr\/wp-json\/wp\/v2\/posts"}],"about":[{"href":"https:\/\/www.webdo.tn\/fr\/wp-json\/wp\/v2\/types\/post"}],"author":[{"embeddable":true,"href":"https:\/\/www.webdo.tn\/fr\/wp-json\/wp\/v2\/users\/3162"}],"replies":[{"embeddable":true,"href":"https:\/\/www.webdo.tn\/fr\/wp-json\/wp\/v2\/comments?post=216188"}],"version-history":[{"count":0,"href":"https:\/\/www.webdo.tn\/fr\/wp-json\/wp\/v2\/posts\/216188\/revisions"}],"wp:featuredmedia":[{"embeddable":true,"href":"https:\/\/www.webdo.tn\/fr\/wp-json\/wp\/v2\/media\/246635"}],"wp:attachment":[{"href":"https:\/\/www.webdo.tn\/fr\/wp-json\/wp\/v2\/media?parent=216188"}],"wp:term":[{"taxonomy":"category","embeddable":true,"href":"https:\/\/www.webdo.tn\/fr\/wp-json\/wp\/v2\/categories?post=216188"},{"taxonomy":"post_tag","embeddable":true,"href":"https:\/\/www.webdo.tn\/fr\/wp-json\/wp\/v2\/tags?post=216188"}],"curies":[{"name":"wp","href":"https:\/\/api.w.org\/{rel}","templated":true}]}}