{"id":216168,"date":"2024-09-04T09:18:00","date_gmt":"2024-09-04T09:18:00","guid":{"rendered":"https:\/\/www.webdo.tn\/fr\/blog\/tunisie-hausse-des-temperatures-et-pluie-en-prevision\/216168\/"},"modified":"2025-05-20T21:49:20","modified_gmt":"2025-05-20T21:49:20","slug":"tunisie-hausse-des-temperatures-et-pluie-en-prevision","status":"publish","type":"post","link":"https:\/\/www.webdo.tn\/fr\/actualite\/national\/tunisie-hausse-des-temperatures-et-pluie-en-prevision\/216168\/","title":{"rendered":"Tunisie : Hausse des temp\u00e9ratures et pluie en pr\u00e9vision"},"content":{"rendered":"<p>L\u2019Institut national de la m\u00e9t\u00e9orologie annonce une hausse des temp\u00e9ratures et des orages qui seront accompagn\u00e9s de fortes pluies pour ce mercredi 4 septembre 2024.<\/p>\n<p>\t\t\t\t\t\t\t\t\tLe temps sera partiellement nuageux. Les nuages seront plus \u00e9pais l&rsquo;apr\u00e8s-midi sur les r\u00e9gions de l&rsquo;ouest, avec apparition d&rsquo;orages accompagn\u00e9s de fortes pluies et de gr\u00eale dans certaines r\u00e9gions, notamment le nord-est, le centre, et localement la r\u00e9gion de Sfax.<\/p>\n<p>Les temp\u00e9ratures seront sup\u00e9rieures \u00e0 la normale saisonni\u00e8re. Elles seront comprises entre 31\u00b0C et 36\u00b0C dans les zones c\u00f4ti\u00e8res du nord et sur les hauts plateaux de l&rsquo;ouest, et entre 37\u00b0C et 42\u00b0C dans le reste des r\u00e9gions, atteignant 44\u00b0C dans le sud-ouest avec apparition sirocco.<\/p>\n","protected":false},"excerpt":{"rendered":"<p>Les temp\u00e9ratures seront sup\u00e9rieures \u00e0 la normale saisonni\u00e8re. Elles seront comprises entre 31\u00b0C et 36\u00b0C dans les zones c\u00f4ti\u00e8res du nord et sur les hauts plateau&#8230;<\/p>\n","protected":false},"author":3162,"featured_media":246641,"comment_status":"open","ping_status":"closed","sticky":false,"template":"","format":"standard","meta":{"footnotes":""},"categories":[44],"tags":[2670,3074,2671,2672,2608],"class_list":["post-216168","post","type-post","status-publish","format-standard","has-post-thumbnail","hentry","category-national","tag-meteo","tag-orage","tag-pluie","tag-temperatures","tag-tunisie"],"yoast_head":"<!-- This site is optimized with the Yoast SEO Premium plugin v27.5 (Yoast SEO v27.5) - https:\/\/yoast.com\/product\/yoast-seo-premium-wordpress\/ -->\n<title>Tunisie : Hausse des temp\u00e9ratures et pluie en pr\u00e9vision<\/title>\n<meta name=\"description\" content=\"Les temp\u00e9ratures seront sup\u00e9rieures \u00e0 la normale saisonni\u00e8re. Elles seront comprises entre 31\u00b0C et 36\u00b0C dans les zones c\u00f4ti\u00e8res du nord et sur les hauts plateau...\" \/>\n<link rel=\"canonical\" href=\"https:\/\/www.webdo.tn\/fr\/actualite\/national\/tunisie-hausse-des-temperatures-et-pluie-en-prevision\/216168\/\" \/>\n<meta property=\"og:locale\" content=\"fr_FR\" \/>\n<meta property=\"og:type\" content=\"article\" \/>\n<meta property=\"og:title\" content=\"Tunisie : Hausse des temp\u00e9ratures et pluie en pr\u00e9vision\" \/>\n<meta property=\"og:description\" content=\"Les temp\u00e9ratures seront sup\u00e9rieures \u00e0 la normale saisonni\u00e8re. Elles seront comprises entre 31\u00b0C et 36\u00b0C dans les zones c\u00f4ti\u00e8res du nord et sur les hauts plateau...\" \/>\n<meta property=\"og:url\" content=\"https:\/\/www.webdo.tn\/fr\/actualite\/national\/tunisie-hausse-des-temperatures-et-pluie-en-prevision\/216168\/\" \/>\n<meta property=\"og:site_name\" content=\"webdo\" \/>\n<meta property=\"article:publisher\" content=\"https:\/\/www.facebook.com\/webdotn\" \/>\n<meta property=\"article:published_time\" content=\"2024-09-04T09:18:00+00:00\" \/>\n<meta property=\"article:modified_time\" content=\"2025-05-20T21:49:20+00:00\" \/>\n<meta property=\"og:image\" content=\"https:\/\/www.webdo.tn\/fr\/wp-content\/uploads\/2024\/09\/e8dc323d4d862567fc96d552989d51e4.webp\" \/>\n\t<meta property=\"og:image:width\" content=\"750\" \/>\n\t<meta property=\"og:image:height\" content=\"400\" \/>\n\t<meta property=\"og:image:type\" content=\"image\/webp\" \/>\n<meta name=\"author\" content=\"MC\" \/>\n<meta name=\"twitter:card\" content=\"summary_large_image\" \/>\n<meta name=\"twitter:creator\" content=\"@webdo_tn\" \/>\n<meta name=\"twitter:site\" content=\"@webdo_tn\" \/>\n<meta name=\"twitter:label1\" content=\"\u00c9crit par\" \/>\n\t<meta name=\"twitter:data1\" content=\"MC\" \/>\n\t<meta name=\"twitter:label2\" content=\"Dur\u00e9e de lecture estim\u00e9e\" \/>\n\t<meta name=\"twitter:data2\" content=\"1 minute\" \/>\n<script type=\"application\/ld+json\" class=\"yoast-schema-graph\">{\"@context\":\"https:\\\/\\\/schema.org\",\"@graph\":[{\"@type\":\"NewsArticle\",\"@id\":\"https:\\\/\\\/www.webdo.tn\\\/fr\\\/actualite\\\/national\\\/tunisie-hausse-des-temperatures-et-pluie-en-prevision\\\/216168\\\/#article\",\"isPartOf\":{\"@id\":\"https:\\\/\\\/www.webdo.tn\\\/fr\\\/actualite\\\/national\\\/tunisie-hausse-des-temperatures-et-pluie-en-prevision\\\/216168\\\/\"},\"author\":{\"name\":\"MC\",\"@id\":\"https:\\\/\\\/www.webdo.tn\\\/fr\\\/#\\\/schema\\\/person\\\/2c4929cbf5a809e3bd38617c6ce150f6\"},\"headline\":\"Tunisie : Hausse des temp\u00e9ratures et pluie en pr\u00e9vision\",\"datePublished\":\"2024-09-04T09:18:00+00:00\",\"dateModified\":\"2025-05-20T21:49:20+00:00\",\"mainEntityOfPage\":{\"@id\":\"https:\\\/\\\/www.webdo.tn\\\/fr\\\/actualite\\\/national\\\/tunisie-hausse-des-temperatures-et-pluie-en-prevision\\\/216168\\\/\"},\"wordCount\":139,\"commentCount\":0,\"publisher\":{\"@id\":\"https:\\\/\\\/www.webdo.tn\\\/fr\\\/#organization\"},\"image\":{\"@id\":\"https:\\\/\\\/www.webdo.tn\\\/fr\\\/actualite\\\/national\\\/tunisie-hausse-des-temperatures-et-pluie-en-prevision\\\/216168\\\/#primaryimage\"},\"thumbnailUrl\":\"https:\\\/\\\/www.webdo.tn\\\/fr\\\/wp-content\\\/uploads\\\/2024\\\/09\\\/e8dc323d4d862567fc96d552989d51e4.webp\",\"keywords\":[\"m\u00e9t\u00e9o\",\"orage\",\"Pluie\",\"temp\u00e9ratures\",\"Tunisie\"],\"articleSection\":[\"National\"],\"inLanguage\":\"fr-FR\"},{\"@type\":\"WebPage\",\"@id\":\"https:\\\/\\\/www.webdo.tn\\\/fr\\\/actualite\\\/national\\\/tunisie-hausse-des-temperatures-et-pluie-en-prevision\\\/216168\\\/\",\"url\":\"https:\\\/\\\/www.webdo.tn\\\/fr\\\/actualite\\\/national\\\/tunisie-hausse-des-temperatures-et-pluie-en-prevision\\\/216168\\\/\",\"name\":\"Tunisie : Hausse des temp\u00e9ratures et pluie en pr\u00e9vision\",\"isPartOf\":{\"@id\":\"https:\\\/\\\/www.webdo.tn\\\/fr\\\/#website\"},\"primaryImageOfPage\":{\"@id\":\"https:\\\/\\\/www.webdo.tn\\\/fr\\\/actualite\\\/national\\\/tunisie-hausse-des-temperatures-et-pluie-en-prevision\\\/216168\\\/#primaryimage\"},\"image\":{\"@id\":\"https:\\\/\\\/www.webdo.tn\\\/fr\\\/actualite\\\/national\\\/tunisie-hausse-des-temperatures-et-pluie-en-prevision\\\/216168\\\/#primaryimage\"},\"thumbnailUrl\":\"https:\\\/\\\/www.webdo.tn\\\/fr\\\/wp-content\\\/uploads\\\/2024\\\/09\\\/e8dc323d4d862567fc96d552989d51e4.webp\",\"datePublished\":\"2024-09-04T09:18:00+00:00\",\"dateModified\":\"2025-05-20T21:49:20+00:00\",\"description\":\"Les temp\u00e9ratures seront sup\u00e9rieures \u00e0 la normale saisonni\u00e8re. Elles seront comprises entre 31\u00b0C et 36\u00b0C dans les zones c\u00f4ti\u00e8res du nord et sur les hauts plateau...\",\"breadcrumb\":{\"@id\":\"https:\\\/\\\/www.webdo.tn\\\/fr\\\/actualite\\\/national\\\/tunisie-hausse-des-temperatures-et-pluie-en-prevision\\\/216168\\\/#breadcrumb\"},\"inLanguage\":\"fr-FR\",\"potentialAction\":[{\"@type\":\"ReadAction\",\"target\":[\"https:\\\/\\\/www.webdo.tn\\\/fr\\\/actualite\\\/national\\\/tunisie-hausse-des-temperatures-et-pluie-en-prevision\\\/216168\\\/\"]}]},{\"@type\":\"ImageObject\",\"inLanguage\":\"fr-FR\",\"@id\":\"https:\\\/\\\/www.webdo.tn\\\/fr\\\/actualite\\\/national\\\/tunisie-hausse-des-temperatures-et-pluie-en-prevision\\\/216168\\\/#primaryimage\",\"url\":\"https:\\\/\\\/www.webdo.tn\\\/fr\\\/wp-content\\\/uploads\\\/2024\\\/09\\\/e8dc323d4d862567fc96d552989d51e4.webp\",\"contentUrl\":\"https:\\\/\\\/www.webdo.tn\\\/fr\\\/wp-content\\\/uploads\\\/2024\\\/09\\\/e8dc323d4d862567fc96d552989d51e4.webp\",\"width\":750,\"height\":400,\"caption\":\"Tunisie : Hausse des temp\u00e9ratures et pluie en pr\u00e9vision\"},{\"@type\":\"BreadcrumbList\",\"@id\":\"https:\\\/\\\/www.webdo.tn\\\/fr\\\/actualite\\\/national\\\/tunisie-hausse-des-temperatures-et-pluie-en-prevision\\\/216168\\\/#breadcrumb\",\"itemListElement\":[{\"@type\":\"ListItem\",\"position\":1,\"name\":\"Accueil\",\"item\":\"https:\\\/\\\/www.webdo.tn\\\/fr\\\/\"},{\"@type\":\"ListItem\",\"position\":2,\"name\":\"Tunisie : Hausse des temp\u00e9ratures et pluie en pr\u00e9vision\"}]},{\"@type\":\"WebSite\",\"@id\":\"https:\\\/\\\/www.webdo.tn\\\/fr\\\/#website\",\"url\":\"https:\\\/\\\/www.webdo.tn\\\/fr\\\/\",\"name\":\"webdo\",\"description\":\"Tunisie - News en Tunisie et \u00e0 l&#039;international sur Webdo.tn\",\"publisher\":{\"@id\":\"https:\\\/\\\/www.webdo.tn\\\/fr\\\/#organization\"},\"potentialAction\":[{\"@type\":\"SearchAction\",\"target\":{\"@type\":\"EntryPoint\",\"urlTemplate\":\"https:\\\/\\\/www.webdo.tn\\\/fr\\\/?s={search_term_string}\"},\"query-input\":{\"@type\":\"PropertyValueSpecification\",\"valueRequired\":true,\"valueName\":\"search_term_string\"}}],\"inLanguage\":\"fr-FR\"},{\"@type\":\"Organization\",\"@id\":\"https:\\\/\\\/www.webdo.tn\\\/fr\\\/#organization\",\"name\":\"Webdo\",\"alternateName\":\"Webdo.tn\",\"url\":\"https:\\\/\\\/www.webdo.tn\\\/fr\\\/\",\"logo\":{\"@type\":\"ImageObject\",\"inLanguage\":\"fr-FR\",\"@id\":\"https:\\\/\\\/www.webdo.tn\\\/fr\\\/#\\\/schema\\\/logo\\\/image\\\/\",\"url\":\"https:\\\/\\\/www.webdo.tn\\\/fr\\\/wp-content\\\/uploads\\\/2025\\\/06\\\/Webdo-Tunisie_168377.jpg\",\"contentUrl\":\"https:\\\/\\\/www.webdo.tn\\\/fr\\\/wp-content\\\/uploads\\\/2025\\\/06\\\/Webdo-Tunisie_168377.jpg\",\"width\":301,\"height\":301,\"caption\":\"Webdo\"},\"image\":{\"@id\":\"https:\\\/\\\/www.webdo.tn\\\/fr\\\/#\\\/schema\\\/logo\\\/image\\\/\"},\"sameAs\":[\"https:\\\/\\\/www.facebook.com\\\/webdotn\",\"https:\\\/\\\/x.com\\\/webdo_tn\"],\"description\":\"Webdo est un m\u00e9dia num\u00e9rique tunisien fond\u00e9 en 2010, sp\u00e9cialis\u00e9 dans l\u2019actualit\u00e9 nationale et internationale, l\u2019\u00e9conomie, la soci\u00e9t\u00e9 et les analyses politiques. Le site s\u2019adresse \u00e0 un large public francophone et couvre l\u2019information tunisienne en temps r\u00e9el.\",\"email\":\"redac@webdo.tn\",\"legalName\":\"YNJ SARL\",\"foundingDate\":\"2010-09-06\",\"numberOfEmployees\":{\"@type\":\"QuantitativeValue\",\"minValue\":\"11\",\"maxValue\":\"50\"}},{\"@type\":\"Person\",\"@id\":\"https:\\\/\\\/www.webdo.tn\\\/fr\\\/#\\\/schema\\\/person\\\/2c4929cbf5a809e3bd38617c6ce150f6\",\"name\":\"MC\",\"image\":{\"@type\":\"ImageObject\",\"inLanguage\":\"fr-FR\",\"@id\":\"https:\\\/\\\/secure.gravatar.com\\\/avatar\\\/a545bbb6f84efdd5553dbbc2895e3ca8f1d12c5215e00a041c9670b54aa9b18a?s=96&d=mm&r=g\",\"url\":\"https:\\\/\\\/secure.gravatar.com\\\/avatar\\\/a545bbb6f84efdd5553dbbc2895e3ca8f1d12c5215e00a041c9670b54aa9b18a?s=96&d=mm&r=g\",\"contentUrl\":\"https:\\\/\\\/secure.gravatar.com\\\/avatar\\\/a545bbb6f84efdd5553dbbc2895e3ca8f1d12c5215e00a041c9670b54aa9b18a?s=96&d=mm&r=g\",\"caption\":\"MC\"},\"url\":\"https:\\\/\\\/www.webdo.tn\\\/fr\\\/actualite\\\/author\\\/mc\\\/\"}]}<\/script>\n<!-- \/ Yoast SEO Premium plugin. -->","yoast_head_json":{"title":"Tunisie : Hausse des temp\u00e9ratures et pluie en pr\u00e9vision","description":"Les temp\u00e9ratures seront sup\u00e9rieures \u00e0 la normale saisonni\u00e8re. Elles seront comprises entre 31\u00b0C et 36\u00b0C dans les zones c\u00f4ti\u00e8res du nord et sur les hauts plateau...","canonical":"https:\/\/www.webdo.tn\/fr\/actualite\/national\/tunisie-hausse-des-temperatures-et-pluie-en-prevision\/216168\/","og_locale":"fr_FR","og_type":"article","og_title":"Tunisie : Hausse des temp\u00e9ratures et pluie en pr\u00e9vision","og_description":"Les temp\u00e9ratures seront sup\u00e9rieures \u00e0 la normale saisonni\u00e8re. Elles seront comprises entre 31\u00b0C et 36\u00b0C dans les zones c\u00f4ti\u00e8res du nord et sur les hauts plateau...","og_url":"https:\/\/www.webdo.tn\/fr\/actualite\/national\/tunisie-hausse-des-temperatures-et-pluie-en-prevision\/216168\/","og_site_name":"webdo","article_publisher":"https:\/\/www.facebook.com\/webdotn","article_published_time":"2024-09-04T09:18:00+00:00","article_modified_time":"2025-05-20T21:49:20+00:00","og_image":[{"width":750,"height":400,"url":"https:\/\/www.webdo.tn\/fr\/wp-content\/uploads\/2024\/09\/e8dc323d4d862567fc96d552989d51e4.webp","type":"image\/webp"}],"author":"MC","twitter_card":"summary_large_image","twitter_creator":"@webdo_tn","twitter_site":"@webdo_tn","twitter_misc":{"\u00c9crit par":"MC","Dur\u00e9e de lecture estim\u00e9e":"1 minute"},"schema":{"@context":"https:\/\/schema.org","@graph":[{"@type":"NewsArticle","@id":"https:\/\/www.webdo.tn\/fr\/actualite\/national\/tunisie-hausse-des-temperatures-et-pluie-en-prevision\/216168\/#article","isPartOf":{"@id":"https:\/\/www.webdo.tn\/fr\/actualite\/national\/tunisie-hausse-des-temperatures-et-pluie-en-prevision\/216168\/"},"author":{"name":"MC","@id":"https:\/\/www.webdo.tn\/fr\/#\/schema\/person\/2c4929cbf5a809e3bd38617c6ce150f6"},"headline":"Tunisie : Hausse des temp\u00e9ratures et pluie en pr\u00e9vision","datePublished":"2024-09-04T09:18:00+00:00","dateModified":"2025-05-20T21:49:20+00:00","mainEntityOfPage":{"@id":"https:\/\/www.webdo.tn\/fr\/actualite\/national\/tunisie-hausse-des-temperatures-et-pluie-en-prevision\/216168\/"},"wordCount":139,"commentCount":0,"publisher":{"@id":"https:\/\/www.webdo.tn\/fr\/#organization"},"image":{"@id":"https:\/\/www.webdo.tn\/fr\/actualite\/national\/tunisie-hausse-des-temperatures-et-pluie-en-prevision\/216168\/#primaryimage"},"thumbnailUrl":"https:\/\/www.webdo.tn\/fr\/wp-content\/uploads\/2024\/09\/e8dc323d4d862567fc96d552989d51e4.webp","keywords":["m\u00e9t\u00e9o","orage","Pluie","temp\u00e9ratures","Tunisie"],"articleSection":["National"],"inLanguage":"fr-FR"},{"@type":"WebPage","@id":"https:\/\/www.webdo.tn\/fr\/actualite\/national\/tunisie-hausse-des-temperatures-et-pluie-en-prevision\/216168\/","url":"https:\/\/www.webdo.tn\/fr\/actualite\/national\/tunisie-hausse-des-temperatures-et-pluie-en-prevision\/216168\/","name":"Tunisie : Hausse des temp\u00e9ratures et pluie en pr\u00e9vision","isPartOf":{"@id":"https:\/\/www.webdo.tn\/fr\/#website"},"primaryImageOfPage":{"@id":"https:\/\/www.webdo.tn\/fr\/actualite\/national\/tunisie-hausse-des-temperatures-et-pluie-en-prevision\/216168\/#primaryimage"},"image":{"@id":"https:\/\/www.webdo.tn\/fr\/actualite\/national\/tunisie-hausse-des-temperatures-et-pluie-en-prevision\/216168\/#primaryimage"},"thumbnailUrl":"https:\/\/www.webdo.tn\/fr\/wp-content\/uploads\/2024\/09\/e8dc323d4d862567fc96d552989d51e4.webp","datePublished":"2024-09-04T09:18:00+00:00","dateModified":"2025-05-20T21:49:20+00:00","description":"Les temp\u00e9ratures seront sup\u00e9rieures \u00e0 la normale saisonni\u00e8re. Elles seront comprises entre 31\u00b0C et 36\u00b0C dans les zones c\u00f4ti\u00e8res du nord et sur les hauts plateau...","breadcrumb":{"@id":"https:\/\/www.webdo.tn\/fr\/actualite\/national\/tunisie-hausse-des-temperatures-et-pluie-en-prevision\/216168\/#breadcrumb"},"inLanguage":"fr-FR","potentialAction":[{"@type":"ReadAction","target":["https:\/\/www.webdo.tn\/fr\/actualite\/national\/tunisie-hausse-des-temperatures-et-pluie-en-prevision\/216168\/"]}]},{"@type":"ImageObject","inLanguage":"fr-FR","@id":"https:\/\/www.webdo.tn\/fr\/actualite\/national\/tunisie-hausse-des-temperatures-et-pluie-en-prevision\/216168\/#primaryimage","url":"https:\/\/www.webdo.tn\/fr\/wp-content\/uploads\/2024\/09\/e8dc323d4d862567fc96d552989d51e4.webp","contentUrl":"https:\/\/www.webdo.tn\/fr\/wp-content\/uploads\/2024\/09\/e8dc323d4d862567fc96d552989d51e4.webp","width":750,"height":400,"caption":"Tunisie : Hausse des temp\u00e9ratures et pluie en pr\u00e9vision"},{"@type":"BreadcrumbList","@id":"https:\/\/www.webdo.tn\/fr\/actualite\/national\/tunisie-hausse-des-temperatures-et-pluie-en-prevision\/216168\/#breadcrumb","itemListElement":[{"@type":"ListItem","position":1,"name":"Accueil","item":"https:\/\/www.webdo.tn\/fr\/"},{"@type":"ListItem","position":2,"name":"Tunisie : Hausse des temp\u00e9ratures et pluie en pr\u00e9vision"}]},{"@type":"WebSite","@id":"https:\/\/www.webdo.tn\/fr\/#website","url":"https:\/\/www.webdo.tn\/fr\/","name":"webdo","description":"Tunisie - News en Tunisie et \u00e0 l&#039;international sur Webdo.tn","publisher":{"@id":"https:\/\/www.webdo.tn\/fr\/#organization"},"potentialAction":[{"@type":"SearchAction","target":{"@type":"EntryPoint","urlTemplate":"https:\/\/www.webdo.tn\/fr\/?s={search_term_string}"},"query-input":{"@type":"PropertyValueSpecification","valueRequired":true,"valueName":"search_term_string"}}],"inLanguage":"fr-FR"},{"@type":"Organization","@id":"https:\/\/www.webdo.tn\/fr\/#organization","name":"Webdo","alternateName":"Webdo.tn","url":"https:\/\/www.webdo.tn\/fr\/","logo":{"@type":"ImageObject","inLanguage":"fr-FR","@id":"https:\/\/www.webdo.tn\/fr\/#\/schema\/logo\/image\/","url":"https:\/\/www.webdo.tn\/fr\/wp-content\/uploads\/2025\/06\/Webdo-Tunisie_168377.jpg","contentUrl":"https:\/\/www.webdo.tn\/fr\/wp-content\/uploads\/2025\/06\/Webdo-Tunisie_168377.jpg","width":301,"height":301,"caption":"Webdo"},"image":{"@id":"https:\/\/www.webdo.tn\/fr\/#\/schema\/logo\/image\/"},"sameAs":["https:\/\/www.facebook.com\/webdotn","https:\/\/x.com\/webdo_tn"],"description":"Webdo est un m\u00e9dia num\u00e9rique tunisien fond\u00e9 en 2010, sp\u00e9cialis\u00e9 dans l\u2019actualit\u00e9 nationale et internationale, l\u2019\u00e9conomie, la soci\u00e9t\u00e9 et les analyses politiques. Le site s\u2019adresse \u00e0 un large public francophone et couvre l\u2019information tunisienne en temps r\u00e9el.","email":"redac@webdo.tn","legalName":"YNJ SARL","foundingDate":"2010-09-06","numberOfEmployees":{"@type":"QuantitativeValue","minValue":"11","maxValue":"50"}},{"@type":"Person","@id":"https:\/\/www.webdo.tn\/fr\/#\/schema\/person\/2c4929cbf5a809e3bd38617c6ce150f6","name":"MC","image":{"@type":"ImageObject","inLanguage":"fr-FR","@id":"https:\/\/secure.gravatar.com\/avatar\/a545bbb6f84efdd5553dbbc2895e3ca8f1d12c5215e00a041c9670b54aa9b18a?s=96&d=mm&r=g","url":"https:\/\/secure.gravatar.com\/avatar\/a545bbb6f84efdd5553dbbc2895e3ca8f1d12c5215e00a041c9670b54aa9b18a?s=96&d=mm&r=g","contentUrl":"https:\/\/secure.gravatar.com\/avatar\/a545bbb6f84efdd5553dbbc2895e3ca8f1d12c5215e00a041c9670b54aa9b18a?s=96&d=mm&r=g","caption":"MC"},"url":"https:\/\/www.webdo.tn\/fr\/actualite\/author\/mc\/"}]}},"_links":{"self":[{"href":"https:\/\/www.webdo.tn\/fr\/wp-json\/wp\/v2\/posts\/216168","targetHints":{"allow":["GET"]}}],"collection":[{"href":"https:\/\/www.webdo.tn\/fr\/wp-json\/wp\/v2\/posts"}],"about":[{"href":"https:\/\/www.webdo.tn\/fr\/wp-json\/wp\/v2\/types\/post"}],"author":[{"embeddable":true,"href":"https:\/\/www.webdo.tn\/fr\/wp-json\/wp\/v2\/users\/3162"}],"replies":[{"embeddable":true,"href":"https:\/\/www.webdo.tn\/fr\/wp-json\/wp\/v2\/comments?post=216168"}],"version-history":[{"count":0,"href":"https:\/\/www.webdo.tn\/fr\/wp-json\/wp\/v2\/posts\/216168\/revisions"}],"wp:featuredmedia":[{"embeddable":true,"href":"https:\/\/www.webdo.tn\/fr\/wp-json\/wp\/v2\/media\/246641"}],"wp:attachment":[{"href":"https:\/\/www.webdo.tn\/fr\/wp-json\/wp\/v2\/media?parent=216168"}],"wp:term":[{"taxonomy":"category","embeddable":true,"href":"https:\/\/www.webdo.tn\/fr\/wp-json\/wp\/v2\/categories?post=216168"},{"taxonomy":"post_tag","embeddable":true,"href":"https:\/\/www.webdo.tn\/fr\/wp-json\/wp\/v2\/tags?post=216168"}],"curies":[{"name":"wp","href":"https:\/\/api.w.org\/{rel}","templated":true}]}}