{"id":216163,"date":"2024-09-03T18:56:00","date_gmt":"2024-09-03T18:56:00","guid":{"rendered":"https:\/\/www.webdo.tn\/fr\/blog\/presidentielle-2024-la-liste-finale-des-candidats-publiee-dans-le-jort\/216163\/"},"modified":"2025-05-21T09:03:32","modified_gmt":"2025-05-21T09:03:32","slug":"presidentielle-2024-la-liste-finale-des-candidats-publiee-dans-le-jort","status":"publish","type":"post","link":"https:\/\/www.webdo.tn\/fr\/actualite\/national\/presidentielle-2024-la-liste-finale-des-candidats-publiee-dans-le-jort\/216163\/","title":{"rendered":"Pr\u00e9sidentielle 2024 : La liste finale des candidats publi\u00e9e dans le JORT"},"content":{"rendered":"<p>La liste d\u00e9finitive des candidats pour l&rsquo;\u00e9lection pr\u00e9sidentielle tunisienne du 6 octobre 2024 a \u00e9t\u00e9 rendue publique ce mardi 3 septembre dans le Journal Officiel de la R\u00e9publique Tunisienne (JORT).<\/p>\n<p>\t\t\t\t\t\t\t\t\tTrois candidats ont \u00e9t\u00e9 retenus par l&rsquo;Instance Sup\u00e9rieure Ind\u00e9pendante pour les \u00c9lections (ISIE):<\/p>\n<p>\t\u00a0\u00a0\u00a0 Ayachi Zammel<br \/>\n\t\u00a0\u00a0\u00a0 Zouhair Maghzaoui<br \/>\n\t\u00a0\u00a0\u00a0 Ka\u00efs Sa\u00efed (pr\u00e9sident sortant)<\/p>\n<p>Il est \u00e0 noter que la candidature d&rsquo;Ayachi Zammel a \u00e9t\u00e9 r\u00e9cemment marqu\u00e9e par des controverses, notamment son arrestation pour des soup\u00e7ons de falsification de parrainages. Malgr\u00e9 cela, il a r\u00e9ussi \u00e0 obtenir 10 457 parrainages, ce qui a permis sa participation \u00e0 la course pr\u00e9sidentielle.<\/p>\n<p>Hier, Farouk Bouasker, pr\u00e9sident de l&rsquo;Instance Sup\u00e9rieure Ind\u00e9pendante pour les \u00c9lections (ISIE), a confirm\u00e9 la liste finale des candidats pour la pr\u00e9sidentielle du 6 octobre. L&rsquo;ISIE a maintenu les candidatures de Ka\u00efs Sa\u00efed, Ayachi Zammel et Zouhaier Maghzaoui, rejetant ainsi les d\u00e9cisions r\u00e9centes du Tribunal administratif.<\/p>\n<p>Ce dernier avait pourtant statu\u00e9 en faveur de la r\u00e9int\u00e9gration de trois candidats, Abdeltif Mekki, Mondher Zenaidi, et Imed Daimi, dans la course \u00e0 la pr\u00e9sidence.<\/p>\n","protected":false},"excerpt":{"rendered":"<p>Liste d\u00e9finitive des candidats pour la pr\u00e9sidentielle tunisienne 2024 publi\u00e9e dans le JORT : Ayachi Zammel, Zouhair Maghzaoui, et le pr\u00e9sident sortant Ka\u00efs Sa\u00efe&#8230;<\/p>\n","protected":false},"author":3166,"featured_media":246637,"comment_status":"open","ping_status":"closed","sticky":false,"template":"","format":"standard","meta":{"footnotes":""},"categories":[44],"tags":[3897,5698,2608],"class_list":["post-216163","post","type-post","status-publish","format-standard","has-post-thumbnail","hentry","category-national","tag-jort","tag-presidentielle-2024","tag-tunisie"],"yoast_head":"<!-- This site is optimized with the Yoast SEO Premium plugin v27.4 (Yoast SEO v27.5) - https:\/\/yoast.com\/product\/yoast-seo-premium-wordpress\/ -->\n<title>Pr\u00e9sidentielle 2024 : La liste finale des candidats publi\u00e9e dans le JORT<\/title>\n<meta name=\"description\" content=\"Liste d\u00e9finitive des candidats pour la pr\u00e9sidentielle tunisienne 2024 publi\u00e9e dans le JORT : Ayachi Zammel, Zouhair Maghzaoui, et le pr\u00e9sident sortant Ka\u00efs Sa\u00efe...\" \/>\n<link rel=\"canonical\" href=\"https:\/\/www.webdo.tn\/fr\/actualite\/national\/presidentielle-2024-la-liste-finale-des-candidats-publiee-dans-le-jort\/216163\/\" \/>\n<meta property=\"og:locale\" content=\"fr_FR\" \/>\n<meta property=\"og:type\" content=\"article\" \/>\n<meta property=\"og:title\" content=\"Pr\u00e9sidentielle 2024 : La liste finale des candidats publi\u00e9e dans le JORT\" \/>\n<meta property=\"og:description\" content=\"Liste d\u00e9finitive des candidats pour la pr\u00e9sidentielle tunisienne 2024 publi\u00e9e dans le JORT : Ayachi Zammel, Zouhair Maghzaoui, et le pr\u00e9sident sortant Ka\u00efs Sa\u00efe...\" \/>\n<meta property=\"og:url\" content=\"https:\/\/www.webdo.tn\/fr\/actualite\/national\/presidentielle-2024-la-liste-finale-des-candidats-publiee-dans-le-jort\/216163\/\" \/>\n<meta property=\"og:site_name\" content=\"webdo\" \/>\n<meta property=\"article:publisher\" content=\"https:\/\/www.facebook.com\/webdotn\" \/>\n<meta property=\"article:published_time\" content=\"2024-09-03T18:56:00+00:00\" \/>\n<meta property=\"article:modified_time\" content=\"2025-05-21T09:03:32+00:00\" \/>\n<meta property=\"og:image\" content=\"https:\/\/www.webdo.tn\/fr\/wp-content\/uploads\/2024\/09\/2c9fc13a9d3ea02adcdf0c5c784c3d9a.webp\" \/>\n\t<meta property=\"og:image:width\" content=\"750\" \/>\n\t<meta property=\"og:image:height\" content=\"400\" \/>\n\t<meta property=\"og:image:type\" content=\"image\/webp\" \/>\n<meta name=\"author\" content=\"AZ\" \/>\n<meta name=\"twitter:card\" content=\"summary_large_image\" \/>\n<meta name=\"twitter:creator\" content=\"@webdo_tn\" \/>\n<meta name=\"twitter:site\" content=\"@webdo_tn\" \/>\n<meta name=\"twitter:label1\" content=\"\u00c9crit par\" \/>\n\t<meta name=\"twitter:data1\" content=\"AZ\" \/>\n\t<meta name=\"twitter:label2\" content=\"Dur\u00e9e de lecture estim\u00e9e\" \/>\n\t<meta name=\"twitter:data2\" content=\"1 minute\" \/>\n<script type=\"application\/ld+json\" class=\"yoast-schema-graph\">{\"@context\":\"https:\\\/\\\/schema.org\",\"@graph\":[{\"@type\":\"NewsArticle\",\"@id\":\"https:\\\/\\\/www.webdo.tn\\\/fr\\\/actualite\\\/national\\\/presidentielle-2024-la-liste-finale-des-candidats-publiee-dans-le-jort\\\/216163\\\/#article\",\"isPartOf\":{\"@id\":\"https:\\\/\\\/www.webdo.tn\\\/fr\\\/actualite\\\/national\\\/presidentielle-2024-la-liste-finale-des-candidats-publiee-dans-le-jort\\\/216163\\\/\"},\"author\":{\"name\":\"AZ\",\"@id\":\"https:\\\/\\\/www.webdo.tn\\\/fr\\\/#\\\/schema\\\/person\\\/b8a41c04d93287d375510db360906b34\"},\"headline\":\"Pr\u00e9sidentielle 2024 : La liste finale des candidats publi\u00e9e dans le JORT\",\"datePublished\":\"2024-09-03T18:56:00+00:00\",\"dateModified\":\"2025-05-21T09:03:32+00:00\",\"mainEntityOfPage\":{\"@id\":\"https:\\\/\\\/www.webdo.tn\\\/fr\\\/actualite\\\/national\\\/presidentielle-2024-la-liste-finale-des-candidats-publiee-dans-le-jort\\\/216163\\\/\"},\"wordCount\":200,\"commentCount\":0,\"publisher\":{\"@id\":\"https:\\\/\\\/www.webdo.tn\\\/fr\\\/#organization\"},\"image\":{\"@id\":\"https:\\\/\\\/www.webdo.tn\\\/fr\\\/actualite\\\/national\\\/presidentielle-2024-la-liste-finale-des-candidats-publiee-dans-le-jort\\\/216163\\\/#primaryimage\"},\"thumbnailUrl\":\"https:\\\/\\\/www.webdo.tn\\\/fr\\\/wp-content\\\/uploads\\\/2024\\\/09\\\/2c9fc13a9d3ea02adcdf0c5c784c3d9a.webp\",\"keywords\":[\"JORT\",\"Pr\u00e9sidentielle 2024\",\"Tunisie\"],\"articleSection\":[\"National\"],\"inLanguage\":\"fr-FR\"},{\"@type\":\"WebPage\",\"@id\":\"https:\\\/\\\/www.webdo.tn\\\/fr\\\/actualite\\\/national\\\/presidentielle-2024-la-liste-finale-des-candidats-publiee-dans-le-jort\\\/216163\\\/\",\"url\":\"https:\\\/\\\/www.webdo.tn\\\/fr\\\/actualite\\\/national\\\/presidentielle-2024-la-liste-finale-des-candidats-publiee-dans-le-jort\\\/216163\\\/\",\"name\":\"Pr\u00e9sidentielle 2024 : La liste finale des candidats publi\u00e9e dans le JORT\",\"isPartOf\":{\"@id\":\"https:\\\/\\\/www.webdo.tn\\\/fr\\\/#website\"},\"primaryImageOfPage\":{\"@id\":\"https:\\\/\\\/www.webdo.tn\\\/fr\\\/actualite\\\/national\\\/presidentielle-2024-la-liste-finale-des-candidats-publiee-dans-le-jort\\\/216163\\\/#primaryimage\"},\"image\":{\"@id\":\"https:\\\/\\\/www.webdo.tn\\\/fr\\\/actualite\\\/national\\\/presidentielle-2024-la-liste-finale-des-candidats-publiee-dans-le-jort\\\/216163\\\/#primaryimage\"},\"thumbnailUrl\":\"https:\\\/\\\/www.webdo.tn\\\/fr\\\/wp-content\\\/uploads\\\/2024\\\/09\\\/2c9fc13a9d3ea02adcdf0c5c784c3d9a.webp\",\"datePublished\":\"2024-09-03T18:56:00+00:00\",\"dateModified\":\"2025-05-21T09:03:32+00:00\",\"description\":\"Liste d\u00e9finitive des candidats pour la pr\u00e9sidentielle tunisienne 2024 publi\u00e9e dans le JORT : Ayachi Zammel, Zouhair Maghzaoui, et le pr\u00e9sident sortant Ka\u00efs Sa\u00efe...\",\"breadcrumb\":{\"@id\":\"https:\\\/\\\/www.webdo.tn\\\/fr\\\/actualite\\\/national\\\/presidentielle-2024-la-liste-finale-des-candidats-publiee-dans-le-jort\\\/216163\\\/#breadcrumb\"},\"inLanguage\":\"fr-FR\",\"potentialAction\":[{\"@type\":\"ReadAction\",\"target\":[\"https:\\\/\\\/www.webdo.tn\\\/fr\\\/actualite\\\/national\\\/presidentielle-2024-la-liste-finale-des-candidats-publiee-dans-le-jort\\\/216163\\\/\"]}]},{\"@type\":\"ImageObject\",\"inLanguage\":\"fr-FR\",\"@id\":\"https:\\\/\\\/www.webdo.tn\\\/fr\\\/actualite\\\/national\\\/presidentielle-2024-la-liste-finale-des-candidats-publiee-dans-le-jort\\\/216163\\\/#primaryimage\",\"url\":\"https:\\\/\\\/www.webdo.tn\\\/fr\\\/wp-content\\\/uploads\\\/2024\\\/09\\\/2c9fc13a9d3ea02adcdf0c5c784c3d9a.webp\",\"contentUrl\":\"https:\\\/\\\/www.webdo.tn\\\/fr\\\/wp-content\\\/uploads\\\/2024\\\/09\\\/2c9fc13a9d3ea02adcdf0c5c784c3d9a.webp\",\"width\":750,\"height\":400,\"caption\":\"Pr\u00e9sidentielle 2024 : La liste finale des candidats publi\u00e9e dans le JORT\"},{\"@type\":\"BreadcrumbList\",\"@id\":\"https:\\\/\\\/www.webdo.tn\\\/fr\\\/actualite\\\/national\\\/presidentielle-2024-la-liste-finale-des-candidats-publiee-dans-le-jort\\\/216163\\\/#breadcrumb\",\"itemListElement\":[{\"@type\":\"ListItem\",\"position\":1,\"name\":\"Accueil\",\"item\":\"https:\\\/\\\/www.webdo.tn\\\/fr\\\/\"},{\"@type\":\"ListItem\",\"position\":2,\"name\":\"Pr\u00e9sidentielle 2024 : La liste finale des candidats publi\u00e9e dans le JORT\"}]},{\"@type\":\"WebSite\",\"@id\":\"https:\\\/\\\/www.webdo.tn\\\/fr\\\/#website\",\"url\":\"https:\\\/\\\/www.webdo.tn\\\/fr\\\/\",\"name\":\"webdo\",\"description\":\"Tunisie - News en Tunisie et \u00e0 l&#039;international sur Webdo.tn\",\"publisher\":{\"@id\":\"https:\\\/\\\/www.webdo.tn\\\/fr\\\/#organization\"},\"potentialAction\":[{\"@type\":\"SearchAction\",\"target\":{\"@type\":\"EntryPoint\",\"urlTemplate\":\"https:\\\/\\\/www.webdo.tn\\\/fr\\\/?s={search_term_string}\"},\"query-input\":{\"@type\":\"PropertyValueSpecification\",\"valueRequired\":true,\"valueName\":\"search_term_string\"}}],\"inLanguage\":\"fr-FR\"},{\"@type\":\"Organization\",\"@id\":\"https:\\\/\\\/www.webdo.tn\\\/fr\\\/#organization\",\"name\":\"Webdo\",\"alternateName\":\"Webdo.tn\",\"url\":\"https:\\\/\\\/www.webdo.tn\\\/fr\\\/\",\"logo\":{\"@type\":\"ImageObject\",\"inLanguage\":\"fr-FR\",\"@id\":\"https:\\\/\\\/www.webdo.tn\\\/fr\\\/#\\\/schema\\\/logo\\\/image\\\/\",\"url\":\"https:\\\/\\\/www.webdo.tn\\\/fr\\\/wp-content\\\/uploads\\\/2025\\\/06\\\/Webdo-Tunisie_168377.jpg\",\"contentUrl\":\"https:\\\/\\\/www.webdo.tn\\\/fr\\\/wp-content\\\/uploads\\\/2025\\\/06\\\/Webdo-Tunisie_168377.jpg\",\"width\":301,\"height\":301,\"caption\":\"Webdo\"},\"image\":{\"@id\":\"https:\\\/\\\/www.webdo.tn\\\/fr\\\/#\\\/schema\\\/logo\\\/image\\\/\"},\"sameAs\":[\"https:\\\/\\\/www.facebook.com\\\/webdotn\",\"https:\\\/\\\/x.com\\\/webdo_tn\"],\"description\":\"Webdo est un m\u00e9dia num\u00e9rique tunisien fond\u00e9 en 2010, sp\u00e9cialis\u00e9 dans l\u2019actualit\u00e9 nationale et internationale, l\u2019\u00e9conomie, la soci\u00e9t\u00e9 et les analyses politiques. Le site s\u2019adresse \u00e0 un large public francophone et couvre l\u2019information tunisienne en temps r\u00e9el.\",\"email\":\"redac@webdo.tn\",\"legalName\":\"YNJ SARL\",\"foundingDate\":\"2010-09-06\",\"numberOfEmployees\":{\"@type\":\"QuantitativeValue\",\"minValue\":\"11\",\"maxValue\":\"50\"}},{\"@type\":\"Person\",\"@id\":\"https:\\\/\\\/www.webdo.tn\\\/fr\\\/#\\\/schema\\\/person\\\/b8a41c04d93287d375510db360906b34\",\"name\":\"AZ\",\"image\":{\"@type\":\"ImageObject\",\"inLanguage\":\"fr-FR\",\"@id\":\"https:\\\/\\\/secure.gravatar.com\\\/avatar\\\/492b80bada79439de4201dce15cd41eece6c277cfdf1b53382073c79105c1f89?s=96&d=mm&r=g\",\"url\":\"https:\\\/\\\/secure.gravatar.com\\\/avatar\\\/492b80bada79439de4201dce15cd41eece6c277cfdf1b53382073c79105c1f89?s=96&d=mm&r=g\",\"contentUrl\":\"https:\\\/\\\/secure.gravatar.com\\\/avatar\\\/492b80bada79439de4201dce15cd41eece6c277cfdf1b53382073c79105c1f89?s=96&d=mm&r=g\",\"caption\":\"AZ\"},\"url\":\"https:\\\/\\\/www.webdo.tn\\\/fr\\\/actualite\\\/author\\\/az\\\/\"}]}<\/script>\n<!-- \/ Yoast SEO Premium plugin. -->","yoast_head_json":{"title":"Pr\u00e9sidentielle 2024 : La liste finale des candidats publi\u00e9e dans le JORT","description":"Liste d\u00e9finitive des candidats pour la pr\u00e9sidentielle tunisienne 2024 publi\u00e9e dans le JORT : Ayachi Zammel, Zouhair Maghzaoui, et le pr\u00e9sident sortant Ka\u00efs Sa\u00efe...","canonical":"https:\/\/www.webdo.tn\/fr\/actualite\/national\/presidentielle-2024-la-liste-finale-des-candidats-publiee-dans-le-jort\/216163\/","og_locale":"fr_FR","og_type":"article","og_title":"Pr\u00e9sidentielle 2024 : La liste finale des candidats publi\u00e9e dans le JORT","og_description":"Liste d\u00e9finitive des candidats pour la pr\u00e9sidentielle tunisienne 2024 publi\u00e9e dans le JORT : Ayachi Zammel, Zouhair Maghzaoui, et le pr\u00e9sident sortant Ka\u00efs Sa\u00efe...","og_url":"https:\/\/www.webdo.tn\/fr\/actualite\/national\/presidentielle-2024-la-liste-finale-des-candidats-publiee-dans-le-jort\/216163\/","og_site_name":"webdo","article_publisher":"https:\/\/www.facebook.com\/webdotn","article_published_time":"2024-09-03T18:56:00+00:00","article_modified_time":"2025-05-21T09:03:32+00:00","og_image":[{"width":750,"height":400,"url":"https:\/\/www.webdo.tn\/fr\/wp-content\/uploads\/2024\/09\/2c9fc13a9d3ea02adcdf0c5c784c3d9a.webp","type":"image\/webp"}],"author":"AZ","twitter_card":"summary_large_image","twitter_creator":"@webdo_tn","twitter_site":"@webdo_tn","twitter_misc":{"\u00c9crit par":"AZ","Dur\u00e9e de lecture estim\u00e9e":"1 minute"},"schema":{"@context":"https:\/\/schema.org","@graph":[{"@type":"NewsArticle","@id":"https:\/\/www.webdo.tn\/fr\/actualite\/national\/presidentielle-2024-la-liste-finale-des-candidats-publiee-dans-le-jort\/216163\/#article","isPartOf":{"@id":"https:\/\/www.webdo.tn\/fr\/actualite\/national\/presidentielle-2024-la-liste-finale-des-candidats-publiee-dans-le-jort\/216163\/"},"author":{"name":"AZ","@id":"https:\/\/www.webdo.tn\/fr\/#\/schema\/person\/b8a41c04d93287d375510db360906b34"},"headline":"Pr\u00e9sidentielle 2024 : La liste finale des candidats publi\u00e9e dans le JORT","datePublished":"2024-09-03T18:56:00+00:00","dateModified":"2025-05-21T09:03:32+00:00","mainEntityOfPage":{"@id":"https:\/\/www.webdo.tn\/fr\/actualite\/national\/presidentielle-2024-la-liste-finale-des-candidats-publiee-dans-le-jort\/216163\/"},"wordCount":200,"commentCount":0,"publisher":{"@id":"https:\/\/www.webdo.tn\/fr\/#organization"},"image":{"@id":"https:\/\/www.webdo.tn\/fr\/actualite\/national\/presidentielle-2024-la-liste-finale-des-candidats-publiee-dans-le-jort\/216163\/#primaryimage"},"thumbnailUrl":"https:\/\/www.webdo.tn\/fr\/wp-content\/uploads\/2024\/09\/2c9fc13a9d3ea02adcdf0c5c784c3d9a.webp","keywords":["JORT","Pr\u00e9sidentielle 2024","Tunisie"],"articleSection":["National"],"inLanguage":"fr-FR"},{"@type":"WebPage","@id":"https:\/\/www.webdo.tn\/fr\/actualite\/national\/presidentielle-2024-la-liste-finale-des-candidats-publiee-dans-le-jort\/216163\/","url":"https:\/\/www.webdo.tn\/fr\/actualite\/national\/presidentielle-2024-la-liste-finale-des-candidats-publiee-dans-le-jort\/216163\/","name":"Pr\u00e9sidentielle 2024 : La liste finale des candidats publi\u00e9e dans le JORT","isPartOf":{"@id":"https:\/\/www.webdo.tn\/fr\/#website"},"primaryImageOfPage":{"@id":"https:\/\/www.webdo.tn\/fr\/actualite\/national\/presidentielle-2024-la-liste-finale-des-candidats-publiee-dans-le-jort\/216163\/#primaryimage"},"image":{"@id":"https:\/\/www.webdo.tn\/fr\/actualite\/national\/presidentielle-2024-la-liste-finale-des-candidats-publiee-dans-le-jort\/216163\/#primaryimage"},"thumbnailUrl":"https:\/\/www.webdo.tn\/fr\/wp-content\/uploads\/2024\/09\/2c9fc13a9d3ea02adcdf0c5c784c3d9a.webp","datePublished":"2024-09-03T18:56:00+00:00","dateModified":"2025-05-21T09:03:32+00:00","description":"Liste d\u00e9finitive des candidats pour la pr\u00e9sidentielle tunisienne 2024 publi\u00e9e dans le JORT : Ayachi Zammel, Zouhair Maghzaoui, et le pr\u00e9sident sortant Ka\u00efs Sa\u00efe...","breadcrumb":{"@id":"https:\/\/www.webdo.tn\/fr\/actualite\/national\/presidentielle-2024-la-liste-finale-des-candidats-publiee-dans-le-jort\/216163\/#breadcrumb"},"inLanguage":"fr-FR","potentialAction":[{"@type":"ReadAction","target":["https:\/\/www.webdo.tn\/fr\/actualite\/national\/presidentielle-2024-la-liste-finale-des-candidats-publiee-dans-le-jort\/216163\/"]}]},{"@type":"ImageObject","inLanguage":"fr-FR","@id":"https:\/\/www.webdo.tn\/fr\/actualite\/national\/presidentielle-2024-la-liste-finale-des-candidats-publiee-dans-le-jort\/216163\/#primaryimage","url":"https:\/\/www.webdo.tn\/fr\/wp-content\/uploads\/2024\/09\/2c9fc13a9d3ea02adcdf0c5c784c3d9a.webp","contentUrl":"https:\/\/www.webdo.tn\/fr\/wp-content\/uploads\/2024\/09\/2c9fc13a9d3ea02adcdf0c5c784c3d9a.webp","width":750,"height":400,"caption":"Pr\u00e9sidentielle 2024 : La liste finale des candidats publi\u00e9e dans le JORT"},{"@type":"BreadcrumbList","@id":"https:\/\/www.webdo.tn\/fr\/actualite\/national\/presidentielle-2024-la-liste-finale-des-candidats-publiee-dans-le-jort\/216163\/#breadcrumb","itemListElement":[{"@type":"ListItem","position":1,"name":"Accueil","item":"https:\/\/www.webdo.tn\/fr\/"},{"@type":"ListItem","position":2,"name":"Pr\u00e9sidentielle 2024 : La liste finale des candidats publi\u00e9e dans le JORT"}]},{"@type":"WebSite","@id":"https:\/\/www.webdo.tn\/fr\/#website","url":"https:\/\/www.webdo.tn\/fr\/","name":"webdo","description":"Tunisie - News en Tunisie et \u00e0 l&#039;international sur Webdo.tn","publisher":{"@id":"https:\/\/www.webdo.tn\/fr\/#organization"},"potentialAction":[{"@type":"SearchAction","target":{"@type":"EntryPoint","urlTemplate":"https:\/\/www.webdo.tn\/fr\/?s={search_term_string}"},"query-input":{"@type":"PropertyValueSpecification","valueRequired":true,"valueName":"search_term_string"}}],"inLanguage":"fr-FR"},{"@type":"Organization","@id":"https:\/\/www.webdo.tn\/fr\/#organization","name":"Webdo","alternateName":"Webdo.tn","url":"https:\/\/www.webdo.tn\/fr\/","logo":{"@type":"ImageObject","inLanguage":"fr-FR","@id":"https:\/\/www.webdo.tn\/fr\/#\/schema\/logo\/image\/","url":"https:\/\/www.webdo.tn\/fr\/wp-content\/uploads\/2025\/06\/Webdo-Tunisie_168377.jpg","contentUrl":"https:\/\/www.webdo.tn\/fr\/wp-content\/uploads\/2025\/06\/Webdo-Tunisie_168377.jpg","width":301,"height":301,"caption":"Webdo"},"image":{"@id":"https:\/\/www.webdo.tn\/fr\/#\/schema\/logo\/image\/"},"sameAs":["https:\/\/www.facebook.com\/webdotn","https:\/\/x.com\/webdo_tn"],"description":"Webdo est un m\u00e9dia num\u00e9rique tunisien fond\u00e9 en 2010, sp\u00e9cialis\u00e9 dans l\u2019actualit\u00e9 nationale et internationale, l\u2019\u00e9conomie, la soci\u00e9t\u00e9 et les analyses politiques. Le site s\u2019adresse \u00e0 un large public francophone et couvre l\u2019information tunisienne en temps r\u00e9el.","email":"redac@webdo.tn","legalName":"YNJ SARL","foundingDate":"2010-09-06","numberOfEmployees":{"@type":"QuantitativeValue","minValue":"11","maxValue":"50"}},{"@type":"Person","@id":"https:\/\/www.webdo.tn\/fr\/#\/schema\/person\/b8a41c04d93287d375510db360906b34","name":"AZ","image":{"@type":"ImageObject","inLanguage":"fr-FR","@id":"https:\/\/secure.gravatar.com\/avatar\/492b80bada79439de4201dce15cd41eece6c277cfdf1b53382073c79105c1f89?s=96&d=mm&r=g","url":"https:\/\/secure.gravatar.com\/avatar\/492b80bada79439de4201dce15cd41eece6c277cfdf1b53382073c79105c1f89?s=96&d=mm&r=g","contentUrl":"https:\/\/secure.gravatar.com\/avatar\/492b80bada79439de4201dce15cd41eece6c277cfdf1b53382073c79105c1f89?s=96&d=mm&r=g","caption":"AZ"},"url":"https:\/\/www.webdo.tn\/fr\/actualite\/author\/az\/"}]}},"_links":{"self":[{"href":"https:\/\/www.webdo.tn\/fr\/wp-json\/wp\/v2\/posts\/216163","targetHints":{"allow":["GET"]}}],"collection":[{"href":"https:\/\/www.webdo.tn\/fr\/wp-json\/wp\/v2\/posts"}],"about":[{"href":"https:\/\/www.webdo.tn\/fr\/wp-json\/wp\/v2\/types\/post"}],"author":[{"embeddable":true,"href":"https:\/\/www.webdo.tn\/fr\/wp-json\/wp\/v2\/users\/3166"}],"replies":[{"embeddable":true,"href":"https:\/\/www.webdo.tn\/fr\/wp-json\/wp\/v2\/comments?post=216163"}],"version-history":[{"count":0,"href":"https:\/\/www.webdo.tn\/fr\/wp-json\/wp\/v2\/posts\/216163\/revisions"}],"wp:featuredmedia":[{"embeddable":true,"href":"https:\/\/www.webdo.tn\/fr\/wp-json\/wp\/v2\/media\/246637"}],"wp:attachment":[{"href":"https:\/\/www.webdo.tn\/fr\/wp-json\/wp\/v2\/media?parent=216163"}],"wp:term":[{"taxonomy":"category","embeddable":true,"href":"https:\/\/www.webdo.tn\/fr\/wp-json\/wp\/v2\/categories?post=216163"},{"taxonomy":"post_tag","embeddable":true,"href":"https:\/\/www.webdo.tn\/fr\/wp-json\/wp\/v2\/tags?post=216163"}],"curies":[{"name":"wp","href":"https:\/\/api.w.org\/{rel}","templated":true}]}}