{"id":216157,"date":"2024-09-03T13:27:00","date_gmt":"2024-09-03T13:27:00","guid":{"rendered":"https:\/\/www.webdo.tn\/fr\/blog\/tunisie-l-ugtt-accuse-l-isie-de-violation-de-la-loi\/216157\/"},"modified":"2025-05-20T22:54:52","modified_gmt":"2025-05-20T22:54:52","slug":"tunisie-l-ugtt-accuse-l-isie-de-violation-de-la-loi","status":"publish","type":"post","link":"https:\/\/www.webdo.tn\/fr\/actualite\/national\/tunisie-l-ugtt-accuse-l-isie-de-violation-de-la-loi\/216157\/","title":{"rendered":"Tunisie : L\u2019UGTT accuse l\u2019ISIE de violation de la loi"},"content":{"rendered":"<p>Dans un communiqu\u00e9 rendu public ce mardi 3 septembre 2024, la commission administrative de l&rsquo;Union G\u00e9n\u00e9rale Tunisienne du Travail (UGTT), a exprim\u00e9 son refus de l&rsquo;annulation par l&rsquo;Instance Sup\u00e9rieure Ind\u00e9pendante pour les \u00c9lections (ISIE) des d\u00e9cisions du tribunal administratif concernant l&rsquo;acceptation de plusieurs candidatures \u00e0 l&rsquo;\u00e9lection pr\u00e9sidentielle, qualifiant cette action de \u00ab\u00a0direction d\u00e9lib\u00e9r\u00e9e, partisane avec une influence anticip\u00e9e sur les r\u00e9sultats, en plus de constituer une violation flagrante de l&rsquo;autorit\u00e9 judiciaire et de ses d\u00e9cisions.\u00a0\u00bb<\/p>\n<p>Dans un communiqu\u00e9, la commission a consid\u00e9r\u00e9 que \u00ab\u00a0l&rsquo;annulation par l&rsquo;ISIE des d\u00e9cisions du tribunal administratif et la publication d&rsquo;une liste finale unilat\u00e9rale, bien qu&rsquo;elle ait initialement accept\u00e9 de collaborer avec la justice administrative sur ce dossier, constitue un pr\u00e9c\u00e9dent juridique et historique ainsi qu&rsquo;un grave d\u00e9passement de la loi et l&rsquo;imposition d&rsquo;une d\u00e9cision politique.\u00a0\u00bb<\/p>\n<p>La commission administrative a d\u00e9clar\u00e9 que \u00ab\u00a0cette d\u00e9cision, ind\u00e9pendamment des noms des candidats concern\u00e9s et sans prendre parti, souligne l&rsquo;absence d&rsquo;un climat ad\u00e9quat et des conditions n\u00e9cessaires pour des \u00e9lections d\u00e9mocratiques, pluralistes, transparentes et \u00e9quitables.\u00a0\u00bb\u00a0<\/p>\n<p>Elle a averti que \u00ab\u00a0de telles d\u00e9cisions renforcent une approche autoritaire et oppressive, ne faisant qu&rsquo;aggraver la situation et augmenter les tensions.\u00a0\u00bb Elle a \u00e9galement d\u00e9nonc\u00e9 \u00ab\u00a0les mesures appliqu\u00e9es par l&rsquo;ISIE apr\u00e8s l&rsquo;exclusion de la Haute Autorit\u00e9 Ind\u00e9pendante de la Communication Audiovisuelle (HAICA), visant \u00e0 contr\u00f4ler et orienter les m\u00e9dias, emp\u00eachant de nombreuses voix politiques de remplir leur devoir d&rsquo;informer le public et de garantir des chances \u00e9gales pour les candidats en comp\u00e9tition.\u00a0\u00bb<\/p>\n","protected":false},"excerpt":{"rendered":"<p>Dans un communiqu\u00e9, la commission a consid\u00e9r\u00e9 que  l&rsquo;annulation par l&rsquo;ISIE des d\u00e9cisions du tribunal administratif et la publication d&rsquo;une liste finale unilat\u00e9r&#8230;<\/p>\n","protected":false},"author":3175,"featured_media":291022,"comment_status":"open","ping_status":"closed","sticky":false,"template":"","format":"standard","meta":{"footnotes":""},"categories":[44],"tags":[2967,3033,2608,2649],"class_list":["post-216157","post","type-post","status-publish","format-standard","has-post-thumbnail","hentry","category-national","tag-isie","tag-loi","tag-tunisie","tag-ugtt"],"yoast_head":"<!-- This site is optimized with the Yoast SEO Premium plugin v27.5 (Yoast SEO v27.5) - https:\/\/yoast.com\/product\/yoast-seo-premium-wordpress\/ -->\n<title>Tunisie : L\u2019UGTT accuse l\u2019ISIE de violation de la loi<\/title>\n<meta name=\"description\" content=\"Dans un communiqu\u00e9, la commission a consid\u00e9r\u00e9 que l&#039;annulation par l&#039;ISIE des d\u00e9cisions du tribunal administratif et la publication d&#039;une liste finale unilat\u00e9r...\" \/>\n<link rel=\"canonical\" href=\"https:\/\/www.webdo.tn\/fr\/actualite\/national\/tunisie-l-ugtt-accuse-l-isie-de-violation-de-la-loi\/216157\/\" \/>\n<meta property=\"og:locale\" content=\"fr_FR\" \/>\n<meta property=\"og:type\" content=\"article\" \/>\n<meta property=\"og:title\" content=\"Tunisie : L\u2019UGTT accuse l\u2019ISIE de violation de la loi\" \/>\n<meta property=\"og:description\" content=\"Dans un communiqu\u00e9, la commission a consid\u00e9r\u00e9 que l&#039;annulation par l&#039;ISIE des d\u00e9cisions du tribunal administratif et la publication d&#039;une liste finale unilat\u00e9r...\" \/>\n<meta property=\"og:url\" content=\"https:\/\/www.webdo.tn\/fr\/actualite\/national\/tunisie-l-ugtt-accuse-l-isie-de-violation-de-la-loi\/216157\/\" \/>\n<meta property=\"og:site_name\" content=\"webdo\" \/>\n<meta property=\"article:publisher\" content=\"https:\/\/www.facebook.com\/webdotn\" \/>\n<meta property=\"article:published_time\" content=\"2024-09-03T13:27:00+00:00\" \/>\n<meta property=\"article:modified_time\" content=\"2025-05-20T22:54:52+00:00\" \/>\n<meta property=\"og:image\" content=\"https:\/\/www.webdo.tn\/fr\/wp-content\/uploads\/2024\/09\/77f7f3290965acaf4dc17389a8bbfec5.webp\" \/>\n\t<meta property=\"og:image:width\" content=\"750\" \/>\n\t<meta property=\"og:image:height\" content=\"400\" \/>\n\t<meta property=\"og:image:type\" content=\"image\/webp\" \/>\n<meta name=\"author\" content=\"CL\" \/>\n<meta name=\"twitter:card\" content=\"summary_large_image\" \/>\n<meta name=\"twitter:creator\" content=\"@webdo_tn\" \/>\n<meta name=\"twitter:site\" content=\"@webdo_tn\" \/>\n<meta name=\"twitter:label1\" content=\"\u00c9crit par\" \/>\n\t<meta name=\"twitter:data1\" content=\"CL\" \/>\n\t<meta name=\"twitter:label2\" content=\"Dur\u00e9e de lecture estim\u00e9e\" \/>\n\t<meta name=\"twitter:data2\" content=\"1 minute\" \/>\n<script type=\"application\/ld+json\" class=\"yoast-schema-graph\">{\"@context\":\"https:\\\/\\\/schema.org\",\"@graph\":[{\"@type\":\"NewsArticle\",\"@id\":\"https:\\\/\\\/www.webdo.tn\\\/fr\\\/actualite\\\/national\\\/tunisie-l-ugtt-accuse-l-isie-de-violation-de-la-loi\\\/216157\\\/#article\",\"isPartOf\":{\"@id\":\"https:\\\/\\\/www.webdo.tn\\\/fr\\\/actualite\\\/national\\\/tunisie-l-ugtt-accuse-l-isie-de-violation-de-la-loi\\\/216157\\\/\"},\"author\":{\"name\":\"CL\",\"@id\":\"https:\\\/\\\/www.webdo.tn\\\/fr\\\/#\\\/schema\\\/person\\\/f35b42a42c5e2511bbd282959d6385cc\"},\"headline\":\"Tunisie : L\u2019UGTT accuse l\u2019ISIE de violation de la loi\",\"datePublished\":\"2024-09-03T13:27:00+00:00\",\"dateModified\":\"2025-05-20T22:54:52+00:00\",\"mainEntityOfPage\":{\"@id\":\"https:\\\/\\\/www.webdo.tn\\\/fr\\\/actualite\\\/national\\\/tunisie-l-ugtt-accuse-l-isie-de-violation-de-la-loi\\\/216157\\\/\"},\"wordCount\":299,\"commentCount\":0,\"publisher\":{\"@id\":\"https:\\\/\\\/www.webdo.tn\\\/fr\\\/#organization\"},\"image\":{\"@id\":\"https:\\\/\\\/www.webdo.tn\\\/fr\\\/actualite\\\/national\\\/tunisie-l-ugtt-accuse-l-isie-de-violation-de-la-loi\\\/216157\\\/#primaryimage\"},\"thumbnailUrl\":\"https:\\\/\\\/www.webdo.tn\\\/fr\\\/wp-content\\\/uploads\\\/2024\\\/09\\\/77f7f3290965acaf4dc17389a8bbfec5.webp\",\"keywords\":[\"ISIE\",\"loi\",\"Tunisie\",\"UGTT\"],\"articleSection\":[\"National\"],\"inLanguage\":\"fr-FR\"},{\"@type\":\"WebPage\",\"@id\":\"https:\\\/\\\/www.webdo.tn\\\/fr\\\/actualite\\\/national\\\/tunisie-l-ugtt-accuse-l-isie-de-violation-de-la-loi\\\/216157\\\/\",\"url\":\"https:\\\/\\\/www.webdo.tn\\\/fr\\\/actualite\\\/national\\\/tunisie-l-ugtt-accuse-l-isie-de-violation-de-la-loi\\\/216157\\\/\",\"name\":\"Tunisie : L\u2019UGTT accuse l\u2019ISIE de violation de la loi\",\"isPartOf\":{\"@id\":\"https:\\\/\\\/www.webdo.tn\\\/fr\\\/#website\"},\"primaryImageOfPage\":{\"@id\":\"https:\\\/\\\/www.webdo.tn\\\/fr\\\/actualite\\\/national\\\/tunisie-l-ugtt-accuse-l-isie-de-violation-de-la-loi\\\/216157\\\/#primaryimage\"},\"image\":{\"@id\":\"https:\\\/\\\/www.webdo.tn\\\/fr\\\/actualite\\\/national\\\/tunisie-l-ugtt-accuse-l-isie-de-violation-de-la-loi\\\/216157\\\/#primaryimage\"},\"thumbnailUrl\":\"https:\\\/\\\/www.webdo.tn\\\/fr\\\/wp-content\\\/uploads\\\/2024\\\/09\\\/77f7f3290965acaf4dc17389a8bbfec5.webp\",\"datePublished\":\"2024-09-03T13:27:00+00:00\",\"dateModified\":\"2025-05-20T22:54:52+00:00\",\"description\":\"Dans un communiqu\u00e9, la commission a consid\u00e9r\u00e9 que l'annulation par l'ISIE des d\u00e9cisions du tribunal administratif et la publication d'une liste finale unilat\u00e9r...\",\"breadcrumb\":{\"@id\":\"https:\\\/\\\/www.webdo.tn\\\/fr\\\/actualite\\\/national\\\/tunisie-l-ugtt-accuse-l-isie-de-violation-de-la-loi\\\/216157\\\/#breadcrumb\"},\"inLanguage\":\"fr-FR\",\"potentialAction\":[{\"@type\":\"ReadAction\",\"target\":[\"https:\\\/\\\/www.webdo.tn\\\/fr\\\/actualite\\\/national\\\/tunisie-l-ugtt-accuse-l-isie-de-violation-de-la-loi\\\/216157\\\/\"]}]},{\"@type\":\"ImageObject\",\"inLanguage\":\"fr-FR\",\"@id\":\"https:\\\/\\\/www.webdo.tn\\\/fr\\\/actualite\\\/national\\\/tunisie-l-ugtt-accuse-l-isie-de-violation-de-la-loi\\\/216157\\\/#primaryimage\",\"url\":\"https:\\\/\\\/www.webdo.tn\\\/fr\\\/wp-content\\\/uploads\\\/2024\\\/09\\\/77f7f3290965acaf4dc17389a8bbfec5.webp\",\"contentUrl\":\"https:\\\/\\\/www.webdo.tn\\\/fr\\\/wp-content\\\/uploads\\\/2024\\\/09\\\/77f7f3290965acaf4dc17389a8bbfec5.webp\",\"width\":750,\"height\":400,\"caption\":\"Tunisie : L\u2019UGTT accuse l\u2019ISIE de violation de la loi\"},{\"@type\":\"BreadcrumbList\",\"@id\":\"https:\\\/\\\/www.webdo.tn\\\/fr\\\/actualite\\\/national\\\/tunisie-l-ugtt-accuse-l-isie-de-violation-de-la-loi\\\/216157\\\/#breadcrumb\",\"itemListElement\":[{\"@type\":\"ListItem\",\"position\":1,\"name\":\"Accueil\",\"item\":\"https:\\\/\\\/www.webdo.tn\\\/fr\\\/\"},{\"@type\":\"ListItem\",\"position\":2,\"name\":\"Tunisie : L\u2019UGTT accuse l\u2019ISIE de violation de la loi\"}]},{\"@type\":\"WebSite\",\"@id\":\"https:\\\/\\\/www.webdo.tn\\\/fr\\\/#website\",\"url\":\"https:\\\/\\\/www.webdo.tn\\\/fr\\\/\",\"name\":\"webdo\",\"description\":\"Tunisie - News en Tunisie et \u00e0 l&#039;international sur Webdo.tn\",\"publisher\":{\"@id\":\"https:\\\/\\\/www.webdo.tn\\\/fr\\\/#organization\"},\"potentialAction\":[{\"@type\":\"SearchAction\",\"target\":{\"@type\":\"EntryPoint\",\"urlTemplate\":\"https:\\\/\\\/www.webdo.tn\\\/fr\\\/?s={search_term_string}\"},\"query-input\":{\"@type\":\"PropertyValueSpecification\",\"valueRequired\":true,\"valueName\":\"search_term_string\"}}],\"inLanguage\":\"fr-FR\"},{\"@type\":\"Organization\",\"@id\":\"https:\\\/\\\/www.webdo.tn\\\/fr\\\/#organization\",\"name\":\"Webdo\",\"alternateName\":\"Webdo.tn\",\"url\":\"https:\\\/\\\/www.webdo.tn\\\/fr\\\/\",\"logo\":{\"@type\":\"ImageObject\",\"inLanguage\":\"fr-FR\",\"@id\":\"https:\\\/\\\/www.webdo.tn\\\/fr\\\/#\\\/schema\\\/logo\\\/image\\\/\",\"url\":\"https:\\\/\\\/www.webdo.tn\\\/fr\\\/wp-content\\\/uploads\\\/2025\\\/06\\\/Webdo-Tunisie_168377.jpg\",\"contentUrl\":\"https:\\\/\\\/www.webdo.tn\\\/fr\\\/wp-content\\\/uploads\\\/2025\\\/06\\\/Webdo-Tunisie_168377.jpg\",\"width\":301,\"height\":301,\"caption\":\"Webdo\"},\"image\":{\"@id\":\"https:\\\/\\\/www.webdo.tn\\\/fr\\\/#\\\/schema\\\/logo\\\/image\\\/\"},\"sameAs\":[\"https:\\\/\\\/www.facebook.com\\\/webdotn\",\"https:\\\/\\\/x.com\\\/webdo_tn\"],\"description\":\"Webdo est un m\u00e9dia num\u00e9rique tunisien fond\u00e9 en 2010, sp\u00e9cialis\u00e9 dans l\u2019actualit\u00e9 nationale et internationale, l\u2019\u00e9conomie, la soci\u00e9t\u00e9 et les analyses politiques. Le site s\u2019adresse \u00e0 un large public francophone et couvre l\u2019information tunisienne en temps r\u00e9el.\",\"email\":\"redac@webdo.tn\",\"legalName\":\"YNJ SARL\",\"foundingDate\":\"2010-09-06\",\"numberOfEmployees\":{\"@type\":\"QuantitativeValue\",\"minValue\":\"11\",\"maxValue\":\"50\"}},{\"@type\":\"Person\",\"@id\":\"https:\\\/\\\/www.webdo.tn\\\/fr\\\/#\\\/schema\\\/person\\\/f35b42a42c5e2511bbd282959d6385cc\",\"name\":\"CL\",\"image\":{\"@type\":\"ImageObject\",\"inLanguage\":\"fr-FR\",\"@id\":\"https:\\\/\\\/secure.gravatar.com\\\/avatar\\\/1447a49909b67aa657c488aec6512e1dd6143a480c1ecfee9b5b5cd74eb3b59e?s=96&d=mm&r=g\",\"url\":\"https:\\\/\\\/secure.gravatar.com\\\/avatar\\\/1447a49909b67aa657c488aec6512e1dd6143a480c1ecfee9b5b5cd74eb3b59e?s=96&d=mm&r=g\",\"contentUrl\":\"https:\\\/\\\/secure.gravatar.com\\\/avatar\\\/1447a49909b67aa657c488aec6512e1dd6143a480c1ecfee9b5b5cd74eb3b59e?s=96&d=mm&r=g\",\"caption\":\"CL\"},\"url\":\"https:\\\/\\\/www.webdo.tn\\\/fr\\\/actualite\\\/author\\\/cl\\\/\"}]}<\/script>\n<!-- \/ Yoast SEO Premium plugin. -->","yoast_head_json":{"title":"Tunisie : L\u2019UGTT accuse l\u2019ISIE de violation de la loi","description":"Dans un communiqu\u00e9, la commission a consid\u00e9r\u00e9 que l'annulation par l'ISIE des d\u00e9cisions du tribunal administratif et la publication d'une liste finale unilat\u00e9r...","canonical":"https:\/\/www.webdo.tn\/fr\/actualite\/national\/tunisie-l-ugtt-accuse-l-isie-de-violation-de-la-loi\/216157\/","og_locale":"fr_FR","og_type":"article","og_title":"Tunisie : L\u2019UGTT accuse l\u2019ISIE de violation de la loi","og_description":"Dans un communiqu\u00e9, la commission a consid\u00e9r\u00e9 que l'annulation par l'ISIE des d\u00e9cisions du tribunal administratif et la publication d'une liste finale unilat\u00e9r...","og_url":"https:\/\/www.webdo.tn\/fr\/actualite\/national\/tunisie-l-ugtt-accuse-l-isie-de-violation-de-la-loi\/216157\/","og_site_name":"webdo","article_publisher":"https:\/\/www.facebook.com\/webdotn","article_published_time":"2024-09-03T13:27:00+00:00","article_modified_time":"2025-05-20T22:54:52+00:00","og_image":[{"width":750,"height":400,"url":"https:\/\/www.webdo.tn\/fr\/wp-content\/uploads\/2024\/09\/77f7f3290965acaf4dc17389a8bbfec5.webp","type":"image\/webp"}],"author":"CL","twitter_card":"summary_large_image","twitter_creator":"@webdo_tn","twitter_site":"@webdo_tn","twitter_misc":{"\u00c9crit par":"CL","Dur\u00e9e de lecture estim\u00e9e":"1 minute"},"schema":{"@context":"https:\/\/schema.org","@graph":[{"@type":"NewsArticle","@id":"https:\/\/www.webdo.tn\/fr\/actualite\/national\/tunisie-l-ugtt-accuse-l-isie-de-violation-de-la-loi\/216157\/#article","isPartOf":{"@id":"https:\/\/www.webdo.tn\/fr\/actualite\/national\/tunisie-l-ugtt-accuse-l-isie-de-violation-de-la-loi\/216157\/"},"author":{"name":"CL","@id":"https:\/\/www.webdo.tn\/fr\/#\/schema\/person\/f35b42a42c5e2511bbd282959d6385cc"},"headline":"Tunisie : L\u2019UGTT accuse l\u2019ISIE de violation de la loi","datePublished":"2024-09-03T13:27:00+00:00","dateModified":"2025-05-20T22:54:52+00:00","mainEntityOfPage":{"@id":"https:\/\/www.webdo.tn\/fr\/actualite\/national\/tunisie-l-ugtt-accuse-l-isie-de-violation-de-la-loi\/216157\/"},"wordCount":299,"commentCount":0,"publisher":{"@id":"https:\/\/www.webdo.tn\/fr\/#organization"},"image":{"@id":"https:\/\/www.webdo.tn\/fr\/actualite\/national\/tunisie-l-ugtt-accuse-l-isie-de-violation-de-la-loi\/216157\/#primaryimage"},"thumbnailUrl":"https:\/\/www.webdo.tn\/fr\/wp-content\/uploads\/2024\/09\/77f7f3290965acaf4dc17389a8bbfec5.webp","keywords":["ISIE","loi","Tunisie","UGTT"],"articleSection":["National"],"inLanguage":"fr-FR"},{"@type":"WebPage","@id":"https:\/\/www.webdo.tn\/fr\/actualite\/national\/tunisie-l-ugtt-accuse-l-isie-de-violation-de-la-loi\/216157\/","url":"https:\/\/www.webdo.tn\/fr\/actualite\/national\/tunisie-l-ugtt-accuse-l-isie-de-violation-de-la-loi\/216157\/","name":"Tunisie : L\u2019UGTT accuse l\u2019ISIE de violation de la loi","isPartOf":{"@id":"https:\/\/www.webdo.tn\/fr\/#website"},"primaryImageOfPage":{"@id":"https:\/\/www.webdo.tn\/fr\/actualite\/national\/tunisie-l-ugtt-accuse-l-isie-de-violation-de-la-loi\/216157\/#primaryimage"},"image":{"@id":"https:\/\/www.webdo.tn\/fr\/actualite\/national\/tunisie-l-ugtt-accuse-l-isie-de-violation-de-la-loi\/216157\/#primaryimage"},"thumbnailUrl":"https:\/\/www.webdo.tn\/fr\/wp-content\/uploads\/2024\/09\/77f7f3290965acaf4dc17389a8bbfec5.webp","datePublished":"2024-09-03T13:27:00+00:00","dateModified":"2025-05-20T22:54:52+00:00","description":"Dans un communiqu\u00e9, la commission a consid\u00e9r\u00e9 que l'annulation par l'ISIE des d\u00e9cisions du tribunal administratif et la publication d'une liste finale unilat\u00e9r...","breadcrumb":{"@id":"https:\/\/www.webdo.tn\/fr\/actualite\/national\/tunisie-l-ugtt-accuse-l-isie-de-violation-de-la-loi\/216157\/#breadcrumb"},"inLanguage":"fr-FR","potentialAction":[{"@type":"ReadAction","target":["https:\/\/www.webdo.tn\/fr\/actualite\/national\/tunisie-l-ugtt-accuse-l-isie-de-violation-de-la-loi\/216157\/"]}]},{"@type":"ImageObject","inLanguage":"fr-FR","@id":"https:\/\/www.webdo.tn\/fr\/actualite\/national\/tunisie-l-ugtt-accuse-l-isie-de-violation-de-la-loi\/216157\/#primaryimage","url":"https:\/\/www.webdo.tn\/fr\/wp-content\/uploads\/2024\/09\/77f7f3290965acaf4dc17389a8bbfec5.webp","contentUrl":"https:\/\/www.webdo.tn\/fr\/wp-content\/uploads\/2024\/09\/77f7f3290965acaf4dc17389a8bbfec5.webp","width":750,"height":400,"caption":"Tunisie : L\u2019UGTT accuse l\u2019ISIE de violation de la loi"},{"@type":"BreadcrumbList","@id":"https:\/\/www.webdo.tn\/fr\/actualite\/national\/tunisie-l-ugtt-accuse-l-isie-de-violation-de-la-loi\/216157\/#breadcrumb","itemListElement":[{"@type":"ListItem","position":1,"name":"Accueil","item":"https:\/\/www.webdo.tn\/fr\/"},{"@type":"ListItem","position":2,"name":"Tunisie : L\u2019UGTT accuse l\u2019ISIE de violation de la loi"}]},{"@type":"WebSite","@id":"https:\/\/www.webdo.tn\/fr\/#website","url":"https:\/\/www.webdo.tn\/fr\/","name":"webdo","description":"Tunisie - News en Tunisie et \u00e0 l&#039;international sur Webdo.tn","publisher":{"@id":"https:\/\/www.webdo.tn\/fr\/#organization"},"potentialAction":[{"@type":"SearchAction","target":{"@type":"EntryPoint","urlTemplate":"https:\/\/www.webdo.tn\/fr\/?s={search_term_string}"},"query-input":{"@type":"PropertyValueSpecification","valueRequired":true,"valueName":"search_term_string"}}],"inLanguage":"fr-FR"},{"@type":"Organization","@id":"https:\/\/www.webdo.tn\/fr\/#organization","name":"Webdo","alternateName":"Webdo.tn","url":"https:\/\/www.webdo.tn\/fr\/","logo":{"@type":"ImageObject","inLanguage":"fr-FR","@id":"https:\/\/www.webdo.tn\/fr\/#\/schema\/logo\/image\/","url":"https:\/\/www.webdo.tn\/fr\/wp-content\/uploads\/2025\/06\/Webdo-Tunisie_168377.jpg","contentUrl":"https:\/\/www.webdo.tn\/fr\/wp-content\/uploads\/2025\/06\/Webdo-Tunisie_168377.jpg","width":301,"height":301,"caption":"Webdo"},"image":{"@id":"https:\/\/www.webdo.tn\/fr\/#\/schema\/logo\/image\/"},"sameAs":["https:\/\/www.facebook.com\/webdotn","https:\/\/x.com\/webdo_tn"],"description":"Webdo est un m\u00e9dia num\u00e9rique tunisien fond\u00e9 en 2010, sp\u00e9cialis\u00e9 dans l\u2019actualit\u00e9 nationale et internationale, l\u2019\u00e9conomie, la soci\u00e9t\u00e9 et les analyses politiques. Le site s\u2019adresse \u00e0 un large public francophone et couvre l\u2019information tunisienne en temps r\u00e9el.","email":"redac@webdo.tn","legalName":"YNJ SARL","foundingDate":"2010-09-06","numberOfEmployees":{"@type":"QuantitativeValue","minValue":"11","maxValue":"50"}},{"@type":"Person","@id":"https:\/\/www.webdo.tn\/fr\/#\/schema\/person\/f35b42a42c5e2511bbd282959d6385cc","name":"CL","image":{"@type":"ImageObject","inLanguage":"fr-FR","@id":"https:\/\/secure.gravatar.com\/avatar\/1447a49909b67aa657c488aec6512e1dd6143a480c1ecfee9b5b5cd74eb3b59e?s=96&d=mm&r=g","url":"https:\/\/secure.gravatar.com\/avatar\/1447a49909b67aa657c488aec6512e1dd6143a480c1ecfee9b5b5cd74eb3b59e?s=96&d=mm&r=g","contentUrl":"https:\/\/secure.gravatar.com\/avatar\/1447a49909b67aa657c488aec6512e1dd6143a480c1ecfee9b5b5cd74eb3b59e?s=96&d=mm&r=g","caption":"CL"},"url":"https:\/\/www.webdo.tn\/fr\/actualite\/author\/cl\/"}]}},"_links":{"self":[{"href":"https:\/\/www.webdo.tn\/fr\/wp-json\/wp\/v2\/posts\/216157","targetHints":{"allow":["GET"]}}],"collection":[{"href":"https:\/\/www.webdo.tn\/fr\/wp-json\/wp\/v2\/posts"}],"about":[{"href":"https:\/\/www.webdo.tn\/fr\/wp-json\/wp\/v2\/types\/post"}],"author":[{"embeddable":true,"href":"https:\/\/www.webdo.tn\/fr\/wp-json\/wp\/v2\/users\/3175"}],"replies":[{"embeddable":true,"href":"https:\/\/www.webdo.tn\/fr\/wp-json\/wp\/v2\/comments?post=216157"}],"version-history":[{"count":0,"href":"https:\/\/www.webdo.tn\/fr\/wp-json\/wp\/v2\/posts\/216157\/revisions"}],"wp:featuredmedia":[{"embeddable":true,"href":"https:\/\/www.webdo.tn\/fr\/wp-json\/wp\/v2\/media\/291022"}],"wp:attachment":[{"href":"https:\/\/www.webdo.tn\/fr\/wp-json\/wp\/v2\/media?parent=216157"}],"wp:term":[{"taxonomy":"category","embeddable":true,"href":"https:\/\/www.webdo.tn\/fr\/wp-json\/wp\/v2\/categories?post=216157"},{"taxonomy":"post_tag","embeddable":true,"href":"https:\/\/www.webdo.tn\/fr\/wp-json\/wp\/v2\/tags?post=216157"}],"curies":[{"name":"wp","href":"https:\/\/api.w.org\/{rel}","templated":true}]}}