{"id":216152,"date":"2024-09-03T10:22:00","date_gmt":"2024-09-03T10:22:00","guid":{"rendered":"https:\/\/www.webdo.tn\/fr\/blog\/jeux-paralympiques-rouay-jebabli-decroche-la-medaille-d-argent-au-1500m\/216152\/"},"modified":"2025-05-20T22:14:00","modified_gmt":"2025-05-20T22:14:00","slug":"jeux-paralympiques-rouay-jebabli-decroche-la-medaille-d-argent-au-1500m","status":"publish","type":"post","link":"https:\/\/www.webdo.tn\/fr\/actualite\/sport\/jeux-paralympiques-rouay-jebabli-decroche-la-medaille-d-argent-au-1500m\/216152\/","title":{"rendered":"Jeux Paralympiques : Rouay Jebabli d\u00e9croche la m\u00e9daille d\u2019argent au 1500m"},"content":{"rendered":"<p>L\u2019athl\u00e8te tunisien Rouay Jebabli a d\u00e9croch\u00e9, aujourd\u2019hui, la m\u00e9daille d&rsquo;argent du 1500 m (cat\u00e9gorie T12), lors des \u00e9preuves d&rsquo;athl\u00e9tisme des Jeux Paralympiques de Paris 2024<\/p>\n<p>\t\t\t\t\t\t\t\t\tRouay Jebabli a d\u00e9croch\u00e9, la m\u00e9daille d&rsquo;argent du 1500 m (cat\u00e9gorie T12) avec un temps de 3\u201944\u203367, ce mardi 3 septembre 2024 lors des Jeux Paralympiques de Paris 2024.<\/p>\n<p>La m\u00e9daille d&rsquo;or est revenue au Russe Kostin Alexander avec un temps de 3\u201944\u203343 (nouveau record paralympique), tandis que la m\u00e9daille de bronze est revenue au Russe Kolyatin Anton, avec un temps de 3\u201944\u203394.<\/p>\n<p>Il s\u2019agit de la cinqui\u00e8me m\u00e9daille pour la Tunisie dans cette comp\u00e9tition (2 or, 3 argent). Raoua Tlili a d\u00e9croch\u00e9 la m\u00e9daille d\u2019or dans la cat\u00e9gorie F41 du lancer de poids. Maroua Brahmi a \u00e9galement d\u00e9croch\u00e9 la m\u00e9daille d\u2019or au lancer de massue (F32) en r\u00e9ussissant un lancer de 29.00 m.<\/p>\n<p>Ahmed Ben Moslah a d\u00e9croch\u00e9 la m\u00e9daille d\u2019argent en lancer de poids (F37) avec un lancer de 15m40. Le champion du monde et paralympique Walid Katila a remport\u00e9, hier, la m\u00e9daille d&rsquo;argent lors de la finale du 100 m\u00e8tres T34.<\/p>\n","protected":false},"excerpt":{"rendered":"<p>Rouay Jebabli a d\u00e9croch\u00e9, la m\u00e9daille d&rsquo;argent du 1500 m (cat\u00e9gorie T12) avec un temps de 3\u201944\u203367, ce mardi 3 septembre 2024 lors des Jeux Paralympiques de Pari&#8230;<\/p>\n","protected":false},"author":3162,"featured_media":291019,"comment_status":"open","ping_status":"closed","sticky":false,"template":"","format":"standard","meta":{"footnotes":""},"categories":[2593],"tags":[5779,5807,5778,8203],"class_list":["post-216152","post","type-post","status-publish","format-standard","has-post-thumbnail","hentry","category-sport","tag-jeux-paralympiques","tag-medaille-dargent","tag-paris-2024","tag-rouay-jebabli"],"yoast_head":"<!-- This site is optimized with the Yoast SEO Premium plugin v27.5 (Yoast SEO v27.5) - https:\/\/yoast.com\/product\/yoast-seo-premium-wordpress\/ -->\n<title>Jeux Paralympiques : Rouay Jebabli d\u00e9croche la m\u00e9daille d\u2019argent au 1500m<\/title>\n<meta name=\"description\" content=\"Rouay Jebabli a d\u00e9croch\u00e9, la m\u00e9daille d&#039;argent du 1500 m (cat\u00e9gorie T12) avec un temps de 3\u201944\u203367, ce mardi 3 septembre 2024 lors des Jeux Paralympiques de Pari...\" \/>\n<link rel=\"canonical\" href=\"https:\/\/www.webdo.tn\/fr\/actualite\/sport\/jeux-paralympiques-rouay-jebabli-decroche-la-medaille-d-argent-au-1500m\/216152\/\" \/>\n<meta property=\"og:locale\" content=\"fr_FR\" \/>\n<meta property=\"og:type\" content=\"article\" \/>\n<meta property=\"og:title\" content=\"Jeux Paralympiques : Rouay Jebabli d\u00e9croche la m\u00e9daille d\u2019argent au 1500m\" \/>\n<meta property=\"og:description\" content=\"Rouay Jebabli a d\u00e9croch\u00e9, la m\u00e9daille d&#039;argent du 1500 m (cat\u00e9gorie T12) avec un temps de 3\u201944\u203367, ce mardi 3 septembre 2024 lors des Jeux Paralympiques de Pari...\" \/>\n<meta property=\"og:url\" content=\"https:\/\/www.webdo.tn\/fr\/actualite\/sport\/jeux-paralympiques-rouay-jebabli-decroche-la-medaille-d-argent-au-1500m\/216152\/\" \/>\n<meta property=\"og:site_name\" content=\"webdo\" \/>\n<meta property=\"article:publisher\" content=\"https:\/\/www.facebook.com\/webdotn\" \/>\n<meta property=\"article:published_time\" content=\"2024-09-03T10:22:00+00:00\" \/>\n<meta property=\"article:modified_time\" content=\"2025-05-20T22:14:00+00:00\" \/>\n<meta property=\"og:image\" content=\"https:\/\/www.webdo.tn\/fr\/wp-content\/uploads\/2024\/09\/58a11ff233530cdf413f12c25341fd85.webp\" \/>\n\t<meta property=\"og:image:width\" content=\"750\" \/>\n\t<meta property=\"og:image:height\" content=\"400\" \/>\n\t<meta property=\"og:image:type\" content=\"image\/webp\" \/>\n<meta name=\"author\" content=\"MC\" \/>\n<meta name=\"twitter:card\" content=\"summary_large_image\" \/>\n<meta name=\"twitter:creator\" content=\"@webdo_tn\" \/>\n<meta name=\"twitter:site\" content=\"@webdo_tn\" \/>\n<meta name=\"twitter:label1\" content=\"\u00c9crit par\" \/>\n\t<meta name=\"twitter:data1\" content=\"MC\" \/>\n\t<meta name=\"twitter:label2\" content=\"Dur\u00e9e de lecture estim\u00e9e\" \/>\n\t<meta name=\"twitter:data2\" content=\"1 minute\" \/>\n<script type=\"application\/ld+json\" class=\"yoast-schema-graph\">{\"@context\":\"https:\\\/\\\/schema.org\",\"@graph\":[{\"@type\":\"NewsArticle\",\"@id\":\"https:\\\/\\\/www.webdo.tn\\\/fr\\\/actualite\\\/sport\\\/jeux-paralympiques-rouay-jebabli-decroche-la-medaille-d-argent-au-1500m\\\/216152\\\/#article\",\"isPartOf\":{\"@id\":\"https:\\\/\\\/www.webdo.tn\\\/fr\\\/actualite\\\/sport\\\/jeux-paralympiques-rouay-jebabli-decroche-la-medaille-d-argent-au-1500m\\\/216152\\\/\"},\"author\":{\"name\":\"MC\",\"@id\":\"https:\\\/\\\/www.webdo.tn\\\/fr\\\/#\\\/schema\\\/person\\\/2c4929cbf5a809e3bd38617c6ce150f6\"},\"headline\":\"Jeux Paralympiques : Rouay Jebabli d\u00e9croche la m\u00e9daille d\u2019argent au 1500m\",\"datePublished\":\"2024-09-03T10:22:00+00:00\",\"dateModified\":\"2025-05-20T22:14:00+00:00\",\"mainEntityOfPage\":{\"@id\":\"https:\\\/\\\/www.webdo.tn\\\/fr\\\/actualite\\\/sport\\\/jeux-paralympiques-rouay-jebabli-decroche-la-medaille-d-argent-au-1500m\\\/216152\\\/\"},\"wordCount\":213,\"commentCount\":0,\"publisher\":{\"@id\":\"https:\\\/\\\/www.webdo.tn\\\/fr\\\/#organization\"},\"image\":{\"@id\":\"https:\\\/\\\/www.webdo.tn\\\/fr\\\/actualite\\\/sport\\\/jeux-paralympiques-rouay-jebabli-decroche-la-medaille-d-argent-au-1500m\\\/216152\\\/#primaryimage\"},\"thumbnailUrl\":\"https:\\\/\\\/www.webdo.tn\\\/fr\\\/wp-content\\\/uploads\\\/2024\\\/09\\\/58a11ff233530cdf413f12c25341fd85.webp\",\"keywords\":[\"jeux paralympiques\",\"m\u00e9daille d'argent\",\"Paris 2024\",\"Rouay Jebabli\"],\"articleSection\":[\"Sport\"],\"inLanguage\":\"fr-FR\"},{\"@type\":\"WebPage\",\"@id\":\"https:\\\/\\\/www.webdo.tn\\\/fr\\\/actualite\\\/sport\\\/jeux-paralympiques-rouay-jebabli-decroche-la-medaille-d-argent-au-1500m\\\/216152\\\/\",\"url\":\"https:\\\/\\\/www.webdo.tn\\\/fr\\\/actualite\\\/sport\\\/jeux-paralympiques-rouay-jebabli-decroche-la-medaille-d-argent-au-1500m\\\/216152\\\/\",\"name\":\"Jeux Paralympiques : Rouay Jebabli d\u00e9croche la m\u00e9daille d\u2019argent au 1500m\",\"isPartOf\":{\"@id\":\"https:\\\/\\\/www.webdo.tn\\\/fr\\\/#website\"},\"primaryImageOfPage\":{\"@id\":\"https:\\\/\\\/www.webdo.tn\\\/fr\\\/actualite\\\/sport\\\/jeux-paralympiques-rouay-jebabli-decroche-la-medaille-d-argent-au-1500m\\\/216152\\\/#primaryimage\"},\"image\":{\"@id\":\"https:\\\/\\\/www.webdo.tn\\\/fr\\\/actualite\\\/sport\\\/jeux-paralympiques-rouay-jebabli-decroche-la-medaille-d-argent-au-1500m\\\/216152\\\/#primaryimage\"},\"thumbnailUrl\":\"https:\\\/\\\/www.webdo.tn\\\/fr\\\/wp-content\\\/uploads\\\/2024\\\/09\\\/58a11ff233530cdf413f12c25341fd85.webp\",\"datePublished\":\"2024-09-03T10:22:00+00:00\",\"dateModified\":\"2025-05-20T22:14:00+00:00\",\"description\":\"Rouay Jebabli a d\u00e9croch\u00e9, la m\u00e9daille d'argent du 1500 m (cat\u00e9gorie T12) avec un temps de 3\u201944\u203367, ce mardi 3 septembre 2024 lors des Jeux Paralympiques de Pari...\",\"breadcrumb\":{\"@id\":\"https:\\\/\\\/www.webdo.tn\\\/fr\\\/actualite\\\/sport\\\/jeux-paralympiques-rouay-jebabli-decroche-la-medaille-d-argent-au-1500m\\\/216152\\\/#breadcrumb\"},\"inLanguage\":\"fr-FR\",\"potentialAction\":[{\"@type\":\"ReadAction\",\"target\":[\"https:\\\/\\\/www.webdo.tn\\\/fr\\\/actualite\\\/sport\\\/jeux-paralympiques-rouay-jebabli-decroche-la-medaille-d-argent-au-1500m\\\/216152\\\/\"]}]},{\"@type\":\"ImageObject\",\"inLanguage\":\"fr-FR\",\"@id\":\"https:\\\/\\\/www.webdo.tn\\\/fr\\\/actualite\\\/sport\\\/jeux-paralympiques-rouay-jebabli-decroche-la-medaille-d-argent-au-1500m\\\/216152\\\/#primaryimage\",\"url\":\"https:\\\/\\\/www.webdo.tn\\\/fr\\\/wp-content\\\/uploads\\\/2024\\\/09\\\/58a11ff233530cdf413f12c25341fd85.webp\",\"contentUrl\":\"https:\\\/\\\/www.webdo.tn\\\/fr\\\/wp-content\\\/uploads\\\/2024\\\/09\\\/58a11ff233530cdf413f12c25341fd85.webp\",\"width\":750,\"height\":400,\"caption\":\"Jeux Paralympiques : Rouay Jebabli d\u00e9croche la m\u00e9daille d\u2019argent au 1500m\"},{\"@type\":\"BreadcrumbList\",\"@id\":\"https:\\\/\\\/www.webdo.tn\\\/fr\\\/actualite\\\/sport\\\/jeux-paralympiques-rouay-jebabli-decroche-la-medaille-d-argent-au-1500m\\\/216152\\\/#breadcrumb\",\"itemListElement\":[{\"@type\":\"ListItem\",\"position\":1,\"name\":\"Accueil\",\"item\":\"https:\\\/\\\/www.webdo.tn\\\/fr\\\/\"},{\"@type\":\"ListItem\",\"position\":2,\"name\":\"Jeux Paralympiques : Rouay Jebabli d\u00e9croche la m\u00e9daille d\u2019argent au 1500m\"}]},{\"@type\":\"WebSite\",\"@id\":\"https:\\\/\\\/www.webdo.tn\\\/fr\\\/#website\",\"url\":\"https:\\\/\\\/www.webdo.tn\\\/fr\\\/\",\"name\":\"webdo\",\"description\":\"Tunisie - News en Tunisie et \u00e0 l&#039;international sur Webdo.tn\",\"publisher\":{\"@id\":\"https:\\\/\\\/www.webdo.tn\\\/fr\\\/#organization\"},\"potentialAction\":[{\"@type\":\"SearchAction\",\"target\":{\"@type\":\"EntryPoint\",\"urlTemplate\":\"https:\\\/\\\/www.webdo.tn\\\/fr\\\/?s={search_term_string}\"},\"query-input\":{\"@type\":\"PropertyValueSpecification\",\"valueRequired\":true,\"valueName\":\"search_term_string\"}}],\"inLanguage\":\"fr-FR\"},{\"@type\":\"Organization\",\"@id\":\"https:\\\/\\\/www.webdo.tn\\\/fr\\\/#organization\",\"name\":\"Webdo\",\"alternateName\":\"Webdo.tn\",\"url\":\"https:\\\/\\\/www.webdo.tn\\\/fr\\\/\",\"logo\":{\"@type\":\"ImageObject\",\"inLanguage\":\"fr-FR\",\"@id\":\"https:\\\/\\\/www.webdo.tn\\\/fr\\\/#\\\/schema\\\/logo\\\/image\\\/\",\"url\":\"https:\\\/\\\/www.webdo.tn\\\/fr\\\/wp-content\\\/uploads\\\/2025\\\/06\\\/Webdo-Tunisie_168377.jpg\",\"contentUrl\":\"https:\\\/\\\/www.webdo.tn\\\/fr\\\/wp-content\\\/uploads\\\/2025\\\/06\\\/Webdo-Tunisie_168377.jpg\",\"width\":301,\"height\":301,\"caption\":\"Webdo\"},\"image\":{\"@id\":\"https:\\\/\\\/www.webdo.tn\\\/fr\\\/#\\\/schema\\\/logo\\\/image\\\/\"},\"sameAs\":[\"https:\\\/\\\/www.facebook.com\\\/webdotn\",\"https:\\\/\\\/x.com\\\/webdo_tn\"],\"description\":\"Webdo est un m\u00e9dia num\u00e9rique tunisien fond\u00e9 en 2010, sp\u00e9cialis\u00e9 dans l\u2019actualit\u00e9 nationale et internationale, l\u2019\u00e9conomie, la soci\u00e9t\u00e9 et les analyses politiques. Le site s\u2019adresse \u00e0 un large public francophone et couvre l\u2019information tunisienne en temps r\u00e9el.\",\"email\":\"redac@webdo.tn\",\"legalName\":\"YNJ SARL\",\"foundingDate\":\"2010-09-06\",\"numberOfEmployees\":{\"@type\":\"QuantitativeValue\",\"minValue\":\"11\",\"maxValue\":\"50\"}},{\"@type\":\"Person\",\"@id\":\"https:\\\/\\\/www.webdo.tn\\\/fr\\\/#\\\/schema\\\/person\\\/2c4929cbf5a809e3bd38617c6ce150f6\",\"name\":\"MC\",\"image\":{\"@type\":\"ImageObject\",\"inLanguage\":\"fr-FR\",\"@id\":\"https:\\\/\\\/secure.gravatar.com\\\/avatar\\\/a545bbb6f84efdd5553dbbc2895e3ca8f1d12c5215e00a041c9670b54aa9b18a?s=96&d=mm&r=g\",\"url\":\"https:\\\/\\\/secure.gravatar.com\\\/avatar\\\/a545bbb6f84efdd5553dbbc2895e3ca8f1d12c5215e00a041c9670b54aa9b18a?s=96&d=mm&r=g\",\"contentUrl\":\"https:\\\/\\\/secure.gravatar.com\\\/avatar\\\/a545bbb6f84efdd5553dbbc2895e3ca8f1d12c5215e00a041c9670b54aa9b18a?s=96&d=mm&r=g\",\"caption\":\"MC\"},\"url\":\"https:\\\/\\\/www.webdo.tn\\\/fr\\\/actualite\\\/author\\\/mc\\\/\"}]}<\/script>\n<!-- \/ Yoast SEO Premium plugin. -->","yoast_head_json":{"title":"Jeux Paralympiques : Rouay Jebabli d\u00e9croche la m\u00e9daille d\u2019argent au 1500m","description":"Rouay Jebabli a d\u00e9croch\u00e9, la m\u00e9daille d'argent du 1500 m (cat\u00e9gorie T12) avec un temps de 3\u201944\u203367, ce mardi 3 septembre 2024 lors des Jeux Paralympiques de Pari...","canonical":"https:\/\/www.webdo.tn\/fr\/actualite\/sport\/jeux-paralympiques-rouay-jebabli-decroche-la-medaille-d-argent-au-1500m\/216152\/","og_locale":"fr_FR","og_type":"article","og_title":"Jeux Paralympiques : Rouay Jebabli d\u00e9croche la m\u00e9daille d\u2019argent au 1500m","og_description":"Rouay Jebabli a d\u00e9croch\u00e9, la m\u00e9daille d'argent du 1500 m (cat\u00e9gorie T12) avec un temps de 3\u201944\u203367, ce mardi 3 septembre 2024 lors des Jeux Paralympiques de Pari...","og_url":"https:\/\/www.webdo.tn\/fr\/actualite\/sport\/jeux-paralympiques-rouay-jebabli-decroche-la-medaille-d-argent-au-1500m\/216152\/","og_site_name":"webdo","article_publisher":"https:\/\/www.facebook.com\/webdotn","article_published_time":"2024-09-03T10:22:00+00:00","article_modified_time":"2025-05-20T22:14:00+00:00","og_image":[{"width":750,"height":400,"url":"https:\/\/www.webdo.tn\/fr\/wp-content\/uploads\/2024\/09\/58a11ff233530cdf413f12c25341fd85.webp","type":"image\/webp"}],"author":"MC","twitter_card":"summary_large_image","twitter_creator":"@webdo_tn","twitter_site":"@webdo_tn","twitter_misc":{"\u00c9crit par":"MC","Dur\u00e9e de lecture estim\u00e9e":"1 minute"},"schema":{"@context":"https:\/\/schema.org","@graph":[{"@type":"NewsArticle","@id":"https:\/\/www.webdo.tn\/fr\/actualite\/sport\/jeux-paralympiques-rouay-jebabli-decroche-la-medaille-d-argent-au-1500m\/216152\/#article","isPartOf":{"@id":"https:\/\/www.webdo.tn\/fr\/actualite\/sport\/jeux-paralympiques-rouay-jebabli-decroche-la-medaille-d-argent-au-1500m\/216152\/"},"author":{"name":"MC","@id":"https:\/\/www.webdo.tn\/fr\/#\/schema\/person\/2c4929cbf5a809e3bd38617c6ce150f6"},"headline":"Jeux Paralympiques : Rouay Jebabli d\u00e9croche la m\u00e9daille d\u2019argent au 1500m","datePublished":"2024-09-03T10:22:00+00:00","dateModified":"2025-05-20T22:14:00+00:00","mainEntityOfPage":{"@id":"https:\/\/www.webdo.tn\/fr\/actualite\/sport\/jeux-paralympiques-rouay-jebabli-decroche-la-medaille-d-argent-au-1500m\/216152\/"},"wordCount":213,"commentCount":0,"publisher":{"@id":"https:\/\/www.webdo.tn\/fr\/#organization"},"image":{"@id":"https:\/\/www.webdo.tn\/fr\/actualite\/sport\/jeux-paralympiques-rouay-jebabli-decroche-la-medaille-d-argent-au-1500m\/216152\/#primaryimage"},"thumbnailUrl":"https:\/\/www.webdo.tn\/fr\/wp-content\/uploads\/2024\/09\/58a11ff233530cdf413f12c25341fd85.webp","keywords":["jeux paralympiques","m\u00e9daille d'argent","Paris 2024","Rouay Jebabli"],"articleSection":["Sport"],"inLanguage":"fr-FR"},{"@type":"WebPage","@id":"https:\/\/www.webdo.tn\/fr\/actualite\/sport\/jeux-paralympiques-rouay-jebabli-decroche-la-medaille-d-argent-au-1500m\/216152\/","url":"https:\/\/www.webdo.tn\/fr\/actualite\/sport\/jeux-paralympiques-rouay-jebabli-decroche-la-medaille-d-argent-au-1500m\/216152\/","name":"Jeux Paralympiques : Rouay Jebabli d\u00e9croche la m\u00e9daille d\u2019argent au 1500m","isPartOf":{"@id":"https:\/\/www.webdo.tn\/fr\/#website"},"primaryImageOfPage":{"@id":"https:\/\/www.webdo.tn\/fr\/actualite\/sport\/jeux-paralympiques-rouay-jebabli-decroche-la-medaille-d-argent-au-1500m\/216152\/#primaryimage"},"image":{"@id":"https:\/\/www.webdo.tn\/fr\/actualite\/sport\/jeux-paralympiques-rouay-jebabli-decroche-la-medaille-d-argent-au-1500m\/216152\/#primaryimage"},"thumbnailUrl":"https:\/\/www.webdo.tn\/fr\/wp-content\/uploads\/2024\/09\/58a11ff233530cdf413f12c25341fd85.webp","datePublished":"2024-09-03T10:22:00+00:00","dateModified":"2025-05-20T22:14:00+00:00","description":"Rouay Jebabli a d\u00e9croch\u00e9, la m\u00e9daille d'argent du 1500 m (cat\u00e9gorie T12) avec un temps de 3\u201944\u203367, ce mardi 3 septembre 2024 lors des Jeux Paralympiques de Pari...","breadcrumb":{"@id":"https:\/\/www.webdo.tn\/fr\/actualite\/sport\/jeux-paralympiques-rouay-jebabli-decroche-la-medaille-d-argent-au-1500m\/216152\/#breadcrumb"},"inLanguage":"fr-FR","potentialAction":[{"@type":"ReadAction","target":["https:\/\/www.webdo.tn\/fr\/actualite\/sport\/jeux-paralympiques-rouay-jebabli-decroche-la-medaille-d-argent-au-1500m\/216152\/"]}]},{"@type":"ImageObject","inLanguage":"fr-FR","@id":"https:\/\/www.webdo.tn\/fr\/actualite\/sport\/jeux-paralympiques-rouay-jebabli-decroche-la-medaille-d-argent-au-1500m\/216152\/#primaryimage","url":"https:\/\/www.webdo.tn\/fr\/wp-content\/uploads\/2024\/09\/58a11ff233530cdf413f12c25341fd85.webp","contentUrl":"https:\/\/www.webdo.tn\/fr\/wp-content\/uploads\/2024\/09\/58a11ff233530cdf413f12c25341fd85.webp","width":750,"height":400,"caption":"Jeux Paralympiques : Rouay Jebabli d\u00e9croche la m\u00e9daille d\u2019argent au 1500m"},{"@type":"BreadcrumbList","@id":"https:\/\/www.webdo.tn\/fr\/actualite\/sport\/jeux-paralympiques-rouay-jebabli-decroche-la-medaille-d-argent-au-1500m\/216152\/#breadcrumb","itemListElement":[{"@type":"ListItem","position":1,"name":"Accueil","item":"https:\/\/www.webdo.tn\/fr\/"},{"@type":"ListItem","position":2,"name":"Jeux Paralympiques : Rouay Jebabli d\u00e9croche la m\u00e9daille d\u2019argent au 1500m"}]},{"@type":"WebSite","@id":"https:\/\/www.webdo.tn\/fr\/#website","url":"https:\/\/www.webdo.tn\/fr\/","name":"webdo","description":"Tunisie - News en Tunisie et \u00e0 l&#039;international sur Webdo.tn","publisher":{"@id":"https:\/\/www.webdo.tn\/fr\/#organization"},"potentialAction":[{"@type":"SearchAction","target":{"@type":"EntryPoint","urlTemplate":"https:\/\/www.webdo.tn\/fr\/?s={search_term_string}"},"query-input":{"@type":"PropertyValueSpecification","valueRequired":true,"valueName":"search_term_string"}}],"inLanguage":"fr-FR"},{"@type":"Organization","@id":"https:\/\/www.webdo.tn\/fr\/#organization","name":"Webdo","alternateName":"Webdo.tn","url":"https:\/\/www.webdo.tn\/fr\/","logo":{"@type":"ImageObject","inLanguage":"fr-FR","@id":"https:\/\/www.webdo.tn\/fr\/#\/schema\/logo\/image\/","url":"https:\/\/www.webdo.tn\/fr\/wp-content\/uploads\/2025\/06\/Webdo-Tunisie_168377.jpg","contentUrl":"https:\/\/www.webdo.tn\/fr\/wp-content\/uploads\/2025\/06\/Webdo-Tunisie_168377.jpg","width":301,"height":301,"caption":"Webdo"},"image":{"@id":"https:\/\/www.webdo.tn\/fr\/#\/schema\/logo\/image\/"},"sameAs":["https:\/\/www.facebook.com\/webdotn","https:\/\/x.com\/webdo_tn"],"description":"Webdo est un m\u00e9dia num\u00e9rique tunisien fond\u00e9 en 2010, sp\u00e9cialis\u00e9 dans l\u2019actualit\u00e9 nationale et internationale, l\u2019\u00e9conomie, la soci\u00e9t\u00e9 et les analyses politiques. Le site s\u2019adresse \u00e0 un large public francophone et couvre l\u2019information tunisienne en temps r\u00e9el.","email":"redac@webdo.tn","legalName":"YNJ SARL","foundingDate":"2010-09-06","numberOfEmployees":{"@type":"QuantitativeValue","minValue":"11","maxValue":"50"}},{"@type":"Person","@id":"https:\/\/www.webdo.tn\/fr\/#\/schema\/person\/2c4929cbf5a809e3bd38617c6ce150f6","name":"MC","image":{"@type":"ImageObject","inLanguage":"fr-FR","@id":"https:\/\/secure.gravatar.com\/avatar\/a545bbb6f84efdd5553dbbc2895e3ca8f1d12c5215e00a041c9670b54aa9b18a?s=96&d=mm&r=g","url":"https:\/\/secure.gravatar.com\/avatar\/a545bbb6f84efdd5553dbbc2895e3ca8f1d12c5215e00a041c9670b54aa9b18a?s=96&d=mm&r=g","contentUrl":"https:\/\/secure.gravatar.com\/avatar\/a545bbb6f84efdd5553dbbc2895e3ca8f1d12c5215e00a041c9670b54aa9b18a?s=96&d=mm&r=g","caption":"MC"},"url":"https:\/\/www.webdo.tn\/fr\/actualite\/author\/mc\/"}]}},"_links":{"self":[{"href":"https:\/\/www.webdo.tn\/fr\/wp-json\/wp\/v2\/posts\/216152","targetHints":{"allow":["GET"]}}],"collection":[{"href":"https:\/\/www.webdo.tn\/fr\/wp-json\/wp\/v2\/posts"}],"about":[{"href":"https:\/\/www.webdo.tn\/fr\/wp-json\/wp\/v2\/types\/post"}],"author":[{"embeddable":true,"href":"https:\/\/www.webdo.tn\/fr\/wp-json\/wp\/v2\/users\/3162"}],"replies":[{"embeddable":true,"href":"https:\/\/www.webdo.tn\/fr\/wp-json\/wp\/v2\/comments?post=216152"}],"version-history":[{"count":0,"href":"https:\/\/www.webdo.tn\/fr\/wp-json\/wp\/v2\/posts\/216152\/revisions"}],"wp:featuredmedia":[{"embeddable":true,"href":"https:\/\/www.webdo.tn\/fr\/wp-json\/wp\/v2\/media\/291019"}],"wp:attachment":[{"href":"https:\/\/www.webdo.tn\/fr\/wp-json\/wp\/v2\/media?parent=216152"}],"wp:term":[{"taxonomy":"category","embeddable":true,"href":"https:\/\/www.webdo.tn\/fr\/wp-json\/wp\/v2\/categories?post=216152"},{"taxonomy":"post_tag","embeddable":true,"href":"https:\/\/www.webdo.tn\/fr\/wp-json\/wp\/v2\/tags?post=216152"}],"curies":[{"name":"wp","href":"https:\/\/api.w.org\/{rel}","templated":true}]}}