{"id":216135,"date":"2024-09-02T18:59:00","date_gmt":"2024-09-02T18:59:00","guid":{"rendered":"https:\/\/www.webdo.tn\/fr\/blog\/tunisie-kamel-maddouri-s-envole-pour-la-chine\/216135\/"},"modified":"2025-05-21T09:03:37","modified_gmt":"2025-05-21T09:03:37","slug":"tunisie-kamel-maddouri-s-envole-pour-la-chine","status":"publish","type":"post","link":"https:\/\/www.webdo.tn\/fr\/actualite\/national\/tunisie-kamel-maddouri-s-envole-pour-la-chine\/216135\/","title":{"rendered":"Tunisie : Kamel Maddouri s&rsquo;envole pour la Chine"},"content":{"rendered":"<p>Le chef du gouvernement, Kamel Madouri, effectuera une visite en R\u00e9publique populaire de Chine du 2 au 6 septembre 2024. Cette visite est r\u00e9alis\u00e9e sous la direction du pr\u00e9sident de la R\u00e9publique, Ka\u00efs Sa\u00efed, et a pour objectif de participer aux travaux du Forum de coop\u00e9ration sino-africaine.<\/p>\n<p>\t\t\t\t\t\t\t\t\tCette ann\u00e9e, le sommet se tiendra sous le th\u00e8me : \u00ab\u00a0Unir nos efforts pour promouvoir la modernisation et construire une communaut\u00e9 sino-africaine de haut niveau avec un avenir commun.\u00a0\u00bb<\/p>\n<p>Plusieurs chefs d&rsquo;\u00c9tat et de gouvernement africains seront pr\u00e9sents, et les discussions porteront sur des sujets tels que la gouvernance, la gestion, l&rsquo;industrialisation, la modernisation agricole, ainsi que la paix et la s\u00e9curit\u00e9, et la construction de qualit\u00e9 de l&rsquo;Initiative la \u00ab\u00a0Ceinture et la Route\u00a0\u00bb.<\/p>\n<p>Le chef du gouvernement sera accompagn\u00e9 de Mohamed Ali Nafti, ministre des Affaires \u00e9trang\u00e8res, de l&rsquo;Immigration et des Tunisiens \u00e0 l&rsquo;\u00e9tranger, et de Fatma Thabet Chiboub, ministre de l&rsquo;Industrie, des Mines et de l&rsquo;\u00c9nergie. Cette visite s&rsquo;inscrit dans le cadre des efforts de la Tunisie pour renforcer ses relations avec la Chine et promouvoir la coop\u00e9ration entre les pays africains et asiatiques.<\/p>\n","protected":false},"excerpt":{"rendered":"<p>Participation de la Tunisie au sommet sino-africain en Chine, avec Kamel Maddouri et des ministres pour discuter de gouvernance, industrialisation, paix et l&rsquo;in&#8230;<\/p>\n","protected":false},"author":3166,"featured_media":246655,"comment_status":"open","ping_status":"closed","sticky":false,"template":"","format":"standard","meta":{"footnotes":""},"categories":[44],"tags":[2694,4073,2608],"class_list":["post-216135","post","type-post","status-publish","format-standard","has-post-thumbnail","hentry","category-national","tag-chine","tag-kamel-maddouri","tag-tunisie"],"yoast_head":"<!-- This site is optimized with the Yoast SEO Premium plugin v27.5 (Yoast SEO v27.5) - https:\/\/yoast.com\/product\/yoast-seo-premium-wordpress\/ -->\n<title>Tunisie : Kamel Maddouri s&#039;envole pour la Chine<\/title>\n<meta name=\"description\" content=\"Participation de la Tunisie au sommet sino-africain en Chine, avec Kamel Maddouri et des ministres pour discuter de gouvernance, industrialisation, paix et l&#039;in...\" \/>\n<link rel=\"canonical\" href=\"https:\/\/www.webdo.tn\/fr\/actualite\/national\/tunisie-kamel-maddouri-s-envole-pour-la-chine\/216135\/\" \/>\n<meta property=\"og:locale\" content=\"fr_FR\" \/>\n<meta property=\"og:type\" content=\"article\" \/>\n<meta property=\"og:title\" content=\"Tunisie : Kamel Maddouri s&#039;envole pour la Chine\" \/>\n<meta property=\"og:description\" content=\"Participation de la Tunisie au sommet sino-africain en Chine, avec Kamel Maddouri et des ministres pour discuter de gouvernance, industrialisation, paix et l&#039;in...\" \/>\n<meta property=\"og:url\" content=\"https:\/\/www.webdo.tn\/fr\/actualite\/national\/tunisie-kamel-maddouri-s-envole-pour-la-chine\/216135\/\" \/>\n<meta property=\"og:site_name\" content=\"webdo\" \/>\n<meta property=\"article:publisher\" content=\"https:\/\/www.facebook.com\/webdotn\" \/>\n<meta property=\"article:published_time\" content=\"2024-09-02T18:59:00+00:00\" \/>\n<meta property=\"article:modified_time\" content=\"2025-05-21T09:03:37+00:00\" \/>\n<meta property=\"og:image\" content=\"https:\/\/www.webdo.tn\/fr\/wp-content\/uploads\/2024\/09\/efe8cbb3f45ff82453de28c0d0f8e591.webp\" \/>\n\t<meta property=\"og:image:width\" content=\"750\" \/>\n\t<meta property=\"og:image:height\" content=\"400\" \/>\n\t<meta property=\"og:image:type\" content=\"image\/webp\" \/>\n<meta name=\"author\" content=\"AZ\" \/>\n<meta name=\"twitter:card\" content=\"summary_large_image\" \/>\n<meta name=\"twitter:creator\" content=\"@webdo_tn\" \/>\n<meta name=\"twitter:site\" content=\"@webdo_tn\" \/>\n<meta name=\"twitter:label1\" content=\"\u00c9crit par\" \/>\n\t<meta name=\"twitter:data1\" content=\"AZ\" \/>\n\t<meta name=\"twitter:label2\" content=\"Dur\u00e9e de lecture estim\u00e9e\" \/>\n\t<meta name=\"twitter:data2\" content=\"1 minute\" \/>\n<script type=\"application\/ld+json\" class=\"yoast-schema-graph\">{\"@context\":\"https:\\\/\\\/schema.org\",\"@graph\":[{\"@type\":\"NewsArticle\",\"@id\":\"https:\\\/\\\/www.webdo.tn\\\/fr\\\/actualite\\\/national\\\/tunisie-kamel-maddouri-s-envole-pour-la-chine\\\/216135\\\/#article\",\"isPartOf\":{\"@id\":\"https:\\\/\\\/www.webdo.tn\\\/fr\\\/actualite\\\/national\\\/tunisie-kamel-maddouri-s-envole-pour-la-chine\\\/216135\\\/\"},\"author\":{\"name\":\"AZ\",\"@id\":\"https:\\\/\\\/www.webdo.tn\\\/fr\\\/#\\\/schema\\\/person\\\/b8a41c04d93287d375510db360906b34\"},\"headline\":\"Tunisie : Kamel Maddouri s&rsquo;envole pour la Chine\",\"datePublished\":\"2024-09-02T18:59:00+00:00\",\"dateModified\":\"2025-05-21T09:03:37+00:00\",\"mainEntityOfPage\":{\"@id\":\"https:\\\/\\\/www.webdo.tn\\\/fr\\\/actualite\\\/national\\\/tunisie-kamel-maddouri-s-envole-pour-la-chine\\\/216135\\\/\"},\"wordCount\":208,\"commentCount\":0,\"publisher\":{\"@id\":\"https:\\\/\\\/www.webdo.tn\\\/fr\\\/#organization\"},\"image\":{\"@id\":\"https:\\\/\\\/www.webdo.tn\\\/fr\\\/actualite\\\/national\\\/tunisie-kamel-maddouri-s-envole-pour-la-chine\\\/216135\\\/#primaryimage\"},\"thumbnailUrl\":\"https:\\\/\\\/www.webdo.tn\\\/fr\\\/wp-content\\\/uploads\\\/2024\\\/09\\\/efe8cbb3f45ff82453de28c0d0f8e591.webp\",\"keywords\":[\"chine\",\"Kamel Maddouri\",\"Tunisie\"],\"articleSection\":[\"National\"],\"inLanguage\":\"fr-FR\"},{\"@type\":\"WebPage\",\"@id\":\"https:\\\/\\\/www.webdo.tn\\\/fr\\\/actualite\\\/national\\\/tunisie-kamel-maddouri-s-envole-pour-la-chine\\\/216135\\\/\",\"url\":\"https:\\\/\\\/www.webdo.tn\\\/fr\\\/actualite\\\/national\\\/tunisie-kamel-maddouri-s-envole-pour-la-chine\\\/216135\\\/\",\"name\":\"Tunisie : Kamel Maddouri s'envole pour la Chine\",\"isPartOf\":{\"@id\":\"https:\\\/\\\/www.webdo.tn\\\/fr\\\/#website\"},\"primaryImageOfPage\":{\"@id\":\"https:\\\/\\\/www.webdo.tn\\\/fr\\\/actualite\\\/national\\\/tunisie-kamel-maddouri-s-envole-pour-la-chine\\\/216135\\\/#primaryimage\"},\"image\":{\"@id\":\"https:\\\/\\\/www.webdo.tn\\\/fr\\\/actualite\\\/national\\\/tunisie-kamel-maddouri-s-envole-pour-la-chine\\\/216135\\\/#primaryimage\"},\"thumbnailUrl\":\"https:\\\/\\\/www.webdo.tn\\\/fr\\\/wp-content\\\/uploads\\\/2024\\\/09\\\/efe8cbb3f45ff82453de28c0d0f8e591.webp\",\"datePublished\":\"2024-09-02T18:59:00+00:00\",\"dateModified\":\"2025-05-21T09:03:37+00:00\",\"description\":\"Participation de la Tunisie au sommet sino-africain en Chine, avec Kamel Maddouri et des ministres pour discuter de gouvernance, industrialisation, paix et l'in...\",\"breadcrumb\":{\"@id\":\"https:\\\/\\\/www.webdo.tn\\\/fr\\\/actualite\\\/national\\\/tunisie-kamel-maddouri-s-envole-pour-la-chine\\\/216135\\\/#breadcrumb\"},\"inLanguage\":\"fr-FR\",\"potentialAction\":[{\"@type\":\"ReadAction\",\"target\":[\"https:\\\/\\\/www.webdo.tn\\\/fr\\\/actualite\\\/national\\\/tunisie-kamel-maddouri-s-envole-pour-la-chine\\\/216135\\\/\"]}]},{\"@type\":\"ImageObject\",\"inLanguage\":\"fr-FR\",\"@id\":\"https:\\\/\\\/www.webdo.tn\\\/fr\\\/actualite\\\/national\\\/tunisie-kamel-maddouri-s-envole-pour-la-chine\\\/216135\\\/#primaryimage\",\"url\":\"https:\\\/\\\/www.webdo.tn\\\/fr\\\/wp-content\\\/uploads\\\/2024\\\/09\\\/efe8cbb3f45ff82453de28c0d0f8e591.webp\",\"contentUrl\":\"https:\\\/\\\/www.webdo.tn\\\/fr\\\/wp-content\\\/uploads\\\/2024\\\/09\\\/efe8cbb3f45ff82453de28c0d0f8e591.webp\",\"width\":750,\"height\":400,\"caption\":\"Tunisie : Kamel Maddouri s'envole pour la Chine\"},{\"@type\":\"BreadcrumbList\",\"@id\":\"https:\\\/\\\/www.webdo.tn\\\/fr\\\/actualite\\\/national\\\/tunisie-kamel-maddouri-s-envole-pour-la-chine\\\/216135\\\/#breadcrumb\",\"itemListElement\":[{\"@type\":\"ListItem\",\"position\":1,\"name\":\"Accueil\",\"item\":\"https:\\\/\\\/www.webdo.tn\\\/fr\\\/\"},{\"@type\":\"ListItem\",\"position\":2,\"name\":\"Tunisie : Kamel Maddouri s&#8217;envole pour la Chine\"}]},{\"@type\":\"WebSite\",\"@id\":\"https:\\\/\\\/www.webdo.tn\\\/fr\\\/#website\",\"url\":\"https:\\\/\\\/www.webdo.tn\\\/fr\\\/\",\"name\":\"webdo\",\"description\":\"Tunisie - News en Tunisie et \u00e0 l&#039;international sur Webdo.tn\",\"publisher\":{\"@id\":\"https:\\\/\\\/www.webdo.tn\\\/fr\\\/#organization\"},\"potentialAction\":[{\"@type\":\"SearchAction\",\"target\":{\"@type\":\"EntryPoint\",\"urlTemplate\":\"https:\\\/\\\/www.webdo.tn\\\/fr\\\/?s={search_term_string}\"},\"query-input\":{\"@type\":\"PropertyValueSpecification\",\"valueRequired\":true,\"valueName\":\"search_term_string\"}}],\"inLanguage\":\"fr-FR\"},{\"@type\":\"Organization\",\"@id\":\"https:\\\/\\\/www.webdo.tn\\\/fr\\\/#organization\",\"name\":\"Webdo\",\"alternateName\":\"Webdo.tn\",\"url\":\"https:\\\/\\\/www.webdo.tn\\\/fr\\\/\",\"logo\":{\"@type\":\"ImageObject\",\"inLanguage\":\"fr-FR\",\"@id\":\"https:\\\/\\\/www.webdo.tn\\\/fr\\\/#\\\/schema\\\/logo\\\/image\\\/\",\"url\":\"https:\\\/\\\/www.webdo.tn\\\/fr\\\/wp-content\\\/uploads\\\/2025\\\/06\\\/Webdo-Tunisie_168377.jpg\",\"contentUrl\":\"https:\\\/\\\/www.webdo.tn\\\/fr\\\/wp-content\\\/uploads\\\/2025\\\/06\\\/Webdo-Tunisie_168377.jpg\",\"width\":301,\"height\":301,\"caption\":\"Webdo\"},\"image\":{\"@id\":\"https:\\\/\\\/www.webdo.tn\\\/fr\\\/#\\\/schema\\\/logo\\\/image\\\/\"},\"sameAs\":[\"https:\\\/\\\/www.facebook.com\\\/webdotn\",\"https:\\\/\\\/x.com\\\/webdo_tn\"],\"description\":\"Webdo est un m\u00e9dia num\u00e9rique tunisien fond\u00e9 en 2010, sp\u00e9cialis\u00e9 dans l\u2019actualit\u00e9 nationale et internationale, l\u2019\u00e9conomie, la soci\u00e9t\u00e9 et les analyses politiques. Le site s\u2019adresse \u00e0 un large public francophone et couvre l\u2019information tunisienne en temps r\u00e9el.\",\"email\":\"redac@webdo.tn\",\"legalName\":\"YNJ SARL\",\"foundingDate\":\"2010-09-06\",\"numberOfEmployees\":{\"@type\":\"QuantitativeValue\",\"minValue\":\"11\",\"maxValue\":\"50\"}},{\"@type\":\"Person\",\"@id\":\"https:\\\/\\\/www.webdo.tn\\\/fr\\\/#\\\/schema\\\/person\\\/b8a41c04d93287d375510db360906b34\",\"name\":\"AZ\",\"image\":{\"@type\":\"ImageObject\",\"inLanguage\":\"fr-FR\",\"@id\":\"https:\\\/\\\/secure.gravatar.com\\\/avatar\\\/492b80bada79439de4201dce15cd41eece6c277cfdf1b53382073c79105c1f89?s=96&d=mm&r=g\",\"url\":\"https:\\\/\\\/secure.gravatar.com\\\/avatar\\\/492b80bada79439de4201dce15cd41eece6c277cfdf1b53382073c79105c1f89?s=96&d=mm&r=g\",\"contentUrl\":\"https:\\\/\\\/secure.gravatar.com\\\/avatar\\\/492b80bada79439de4201dce15cd41eece6c277cfdf1b53382073c79105c1f89?s=96&d=mm&r=g\",\"caption\":\"AZ\"},\"url\":\"https:\\\/\\\/www.webdo.tn\\\/fr\\\/actualite\\\/author\\\/az\\\/\"}]}<\/script>\n<!-- \/ Yoast SEO Premium plugin. -->","yoast_head_json":{"title":"Tunisie : Kamel Maddouri s'envole pour la Chine","description":"Participation de la Tunisie au sommet sino-africain en Chine, avec Kamel Maddouri et des ministres pour discuter de gouvernance, industrialisation, paix et l'in...","canonical":"https:\/\/www.webdo.tn\/fr\/actualite\/national\/tunisie-kamel-maddouri-s-envole-pour-la-chine\/216135\/","og_locale":"fr_FR","og_type":"article","og_title":"Tunisie : Kamel Maddouri s'envole pour la Chine","og_description":"Participation de la Tunisie au sommet sino-africain en Chine, avec Kamel Maddouri et des ministres pour discuter de gouvernance, industrialisation, paix et l'in...","og_url":"https:\/\/www.webdo.tn\/fr\/actualite\/national\/tunisie-kamel-maddouri-s-envole-pour-la-chine\/216135\/","og_site_name":"webdo","article_publisher":"https:\/\/www.facebook.com\/webdotn","article_published_time":"2024-09-02T18:59:00+00:00","article_modified_time":"2025-05-21T09:03:37+00:00","og_image":[{"width":750,"height":400,"url":"https:\/\/www.webdo.tn\/fr\/wp-content\/uploads\/2024\/09\/efe8cbb3f45ff82453de28c0d0f8e591.webp","type":"image\/webp"}],"author":"AZ","twitter_card":"summary_large_image","twitter_creator":"@webdo_tn","twitter_site":"@webdo_tn","twitter_misc":{"\u00c9crit par":"AZ","Dur\u00e9e de lecture estim\u00e9e":"1 minute"},"schema":{"@context":"https:\/\/schema.org","@graph":[{"@type":"NewsArticle","@id":"https:\/\/www.webdo.tn\/fr\/actualite\/national\/tunisie-kamel-maddouri-s-envole-pour-la-chine\/216135\/#article","isPartOf":{"@id":"https:\/\/www.webdo.tn\/fr\/actualite\/national\/tunisie-kamel-maddouri-s-envole-pour-la-chine\/216135\/"},"author":{"name":"AZ","@id":"https:\/\/www.webdo.tn\/fr\/#\/schema\/person\/b8a41c04d93287d375510db360906b34"},"headline":"Tunisie : Kamel Maddouri s&rsquo;envole pour la Chine","datePublished":"2024-09-02T18:59:00+00:00","dateModified":"2025-05-21T09:03:37+00:00","mainEntityOfPage":{"@id":"https:\/\/www.webdo.tn\/fr\/actualite\/national\/tunisie-kamel-maddouri-s-envole-pour-la-chine\/216135\/"},"wordCount":208,"commentCount":0,"publisher":{"@id":"https:\/\/www.webdo.tn\/fr\/#organization"},"image":{"@id":"https:\/\/www.webdo.tn\/fr\/actualite\/national\/tunisie-kamel-maddouri-s-envole-pour-la-chine\/216135\/#primaryimage"},"thumbnailUrl":"https:\/\/www.webdo.tn\/fr\/wp-content\/uploads\/2024\/09\/efe8cbb3f45ff82453de28c0d0f8e591.webp","keywords":["chine","Kamel Maddouri","Tunisie"],"articleSection":["National"],"inLanguage":"fr-FR"},{"@type":"WebPage","@id":"https:\/\/www.webdo.tn\/fr\/actualite\/national\/tunisie-kamel-maddouri-s-envole-pour-la-chine\/216135\/","url":"https:\/\/www.webdo.tn\/fr\/actualite\/national\/tunisie-kamel-maddouri-s-envole-pour-la-chine\/216135\/","name":"Tunisie : Kamel Maddouri s'envole pour la Chine","isPartOf":{"@id":"https:\/\/www.webdo.tn\/fr\/#website"},"primaryImageOfPage":{"@id":"https:\/\/www.webdo.tn\/fr\/actualite\/national\/tunisie-kamel-maddouri-s-envole-pour-la-chine\/216135\/#primaryimage"},"image":{"@id":"https:\/\/www.webdo.tn\/fr\/actualite\/national\/tunisie-kamel-maddouri-s-envole-pour-la-chine\/216135\/#primaryimage"},"thumbnailUrl":"https:\/\/www.webdo.tn\/fr\/wp-content\/uploads\/2024\/09\/efe8cbb3f45ff82453de28c0d0f8e591.webp","datePublished":"2024-09-02T18:59:00+00:00","dateModified":"2025-05-21T09:03:37+00:00","description":"Participation de la Tunisie au sommet sino-africain en Chine, avec Kamel Maddouri et des ministres pour discuter de gouvernance, industrialisation, paix et l'in...","breadcrumb":{"@id":"https:\/\/www.webdo.tn\/fr\/actualite\/national\/tunisie-kamel-maddouri-s-envole-pour-la-chine\/216135\/#breadcrumb"},"inLanguage":"fr-FR","potentialAction":[{"@type":"ReadAction","target":["https:\/\/www.webdo.tn\/fr\/actualite\/national\/tunisie-kamel-maddouri-s-envole-pour-la-chine\/216135\/"]}]},{"@type":"ImageObject","inLanguage":"fr-FR","@id":"https:\/\/www.webdo.tn\/fr\/actualite\/national\/tunisie-kamel-maddouri-s-envole-pour-la-chine\/216135\/#primaryimage","url":"https:\/\/www.webdo.tn\/fr\/wp-content\/uploads\/2024\/09\/efe8cbb3f45ff82453de28c0d0f8e591.webp","contentUrl":"https:\/\/www.webdo.tn\/fr\/wp-content\/uploads\/2024\/09\/efe8cbb3f45ff82453de28c0d0f8e591.webp","width":750,"height":400,"caption":"Tunisie : Kamel Maddouri s'envole pour la Chine"},{"@type":"BreadcrumbList","@id":"https:\/\/www.webdo.tn\/fr\/actualite\/national\/tunisie-kamel-maddouri-s-envole-pour-la-chine\/216135\/#breadcrumb","itemListElement":[{"@type":"ListItem","position":1,"name":"Accueil","item":"https:\/\/www.webdo.tn\/fr\/"},{"@type":"ListItem","position":2,"name":"Tunisie : Kamel Maddouri s&#8217;envole pour la Chine"}]},{"@type":"WebSite","@id":"https:\/\/www.webdo.tn\/fr\/#website","url":"https:\/\/www.webdo.tn\/fr\/","name":"webdo","description":"Tunisie - News en Tunisie et \u00e0 l&#039;international sur Webdo.tn","publisher":{"@id":"https:\/\/www.webdo.tn\/fr\/#organization"},"potentialAction":[{"@type":"SearchAction","target":{"@type":"EntryPoint","urlTemplate":"https:\/\/www.webdo.tn\/fr\/?s={search_term_string}"},"query-input":{"@type":"PropertyValueSpecification","valueRequired":true,"valueName":"search_term_string"}}],"inLanguage":"fr-FR"},{"@type":"Organization","@id":"https:\/\/www.webdo.tn\/fr\/#organization","name":"Webdo","alternateName":"Webdo.tn","url":"https:\/\/www.webdo.tn\/fr\/","logo":{"@type":"ImageObject","inLanguage":"fr-FR","@id":"https:\/\/www.webdo.tn\/fr\/#\/schema\/logo\/image\/","url":"https:\/\/www.webdo.tn\/fr\/wp-content\/uploads\/2025\/06\/Webdo-Tunisie_168377.jpg","contentUrl":"https:\/\/www.webdo.tn\/fr\/wp-content\/uploads\/2025\/06\/Webdo-Tunisie_168377.jpg","width":301,"height":301,"caption":"Webdo"},"image":{"@id":"https:\/\/www.webdo.tn\/fr\/#\/schema\/logo\/image\/"},"sameAs":["https:\/\/www.facebook.com\/webdotn","https:\/\/x.com\/webdo_tn"],"description":"Webdo est un m\u00e9dia num\u00e9rique tunisien fond\u00e9 en 2010, sp\u00e9cialis\u00e9 dans l\u2019actualit\u00e9 nationale et internationale, l\u2019\u00e9conomie, la soci\u00e9t\u00e9 et les analyses politiques. Le site s\u2019adresse \u00e0 un large public francophone et couvre l\u2019information tunisienne en temps r\u00e9el.","email":"redac@webdo.tn","legalName":"YNJ SARL","foundingDate":"2010-09-06","numberOfEmployees":{"@type":"QuantitativeValue","minValue":"11","maxValue":"50"}},{"@type":"Person","@id":"https:\/\/www.webdo.tn\/fr\/#\/schema\/person\/b8a41c04d93287d375510db360906b34","name":"AZ","image":{"@type":"ImageObject","inLanguage":"fr-FR","@id":"https:\/\/secure.gravatar.com\/avatar\/492b80bada79439de4201dce15cd41eece6c277cfdf1b53382073c79105c1f89?s=96&d=mm&r=g","url":"https:\/\/secure.gravatar.com\/avatar\/492b80bada79439de4201dce15cd41eece6c277cfdf1b53382073c79105c1f89?s=96&d=mm&r=g","contentUrl":"https:\/\/secure.gravatar.com\/avatar\/492b80bada79439de4201dce15cd41eece6c277cfdf1b53382073c79105c1f89?s=96&d=mm&r=g","caption":"AZ"},"url":"https:\/\/www.webdo.tn\/fr\/actualite\/author\/az\/"}]}},"_links":{"self":[{"href":"https:\/\/www.webdo.tn\/fr\/wp-json\/wp\/v2\/posts\/216135","targetHints":{"allow":["GET"]}}],"collection":[{"href":"https:\/\/www.webdo.tn\/fr\/wp-json\/wp\/v2\/posts"}],"about":[{"href":"https:\/\/www.webdo.tn\/fr\/wp-json\/wp\/v2\/types\/post"}],"author":[{"embeddable":true,"href":"https:\/\/www.webdo.tn\/fr\/wp-json\/wp\/v2\/users\/3166"}],"replies":[{"embeddable":true,"href":"https:\/\/www.webdo.tn\/fr\/wp-json\/wp\/v2\/comments?post=216135"}],"version-history":[{"count":0,"href":"https:\/\/www.webdo.tn\/fr\/wp-json\/wp\/v2\/posts\/216135\/revisions"}],"wp:featuredmedia":[{"embeddable":true,"href":"https:\/\/www.webdo.tn\/fr\/wp-json\/wp\/v2\/media\/246655"}],"wp:attachment":[{"href":"https:\/\/www.webdo.tn\/fr\/wp-json\/wp\/v2\/media?parent=216135"}],"wp:term":[{"taxonomy":"category","embeddable":true,"href":"https:\/\/www.webdo.tn\/fr\/wp-json\/wp\/v2\/categories?post=216135"},{"taxonomy":"post_tag","embeddable":true,"href":"https:\/\/www.webdo.tn\/fr\/wp-json\/wp\/v2\/tags?post=216135"}],"curies":[{"name":"wp","href":"https:\/\/api.w.org\/{rel}","templated":true}]}}