{"id":216131,"date":"2024-09-02T12:17:00","date_gmt":"2024-09-02T12:17:00","guid":{"rendered":"https:\/\/www.webdo.tn\/fr\/blog\/tunisie-presidentielle-zneidi-daimi-et-mekki-exclus-par-l-isie\/216131\/"},"modified":"2025-05-20T22:34:49","modified_gmt":"2025-05-20T22:34:49","slug":"tunisie-presidentielle-zneidi-daimi-et-mekki-exclus-par-l-isie","status":"publish","type":"post","link":"https:\/\/www.webdo.tn\/fr\/actualite\/national\/tunisie-presidentielle-zneidi-daimi-et-mekki-exclus-par-l-isie\/216131\/","title":{"rendered":"Tunisie &#8211; Pr\u00e9sidentielle : Zenaidi, Daimi et Mekki exclus par l&rsquo;ISIE"},"content":{"rendered":"<p>Le pr\u00e9sident de l\u2019Instance \u00e9lectorale Farouk Bouasker a annonc\u00e9 ce lundi 2 septembre 2024 la liste d\u00e9finitive des candidats \u00e0 la pr\u00e9sidentielle du 6 octobre.\u00a0<\/p>\n<p>\t\t\t\t\t\t\t\t\tAinsi, l\u2019ISIE a retenu les candidatures d\u00e9j\u00e0 acc\u00e9pt\u00e9es\u00a0de Kais Saied, Ayachi Zammel et Zouhayer Maghzaoui balayant les d\u00e9cisions du Tribunal administratif.\u00a0<\/p>\n<p>Il est \u00e0 noter que le tribunal administratif a r\u00e9cemment rendu ses d\u00e9cisions concernant les litiges li\u00e9s aux candidatures pour les \u00e9lections pr\u00e9sidentielles et a d\u00e9cid\u00e9 de r\u00e9int\u00e9grer trois candidats \u00e0 la course \u00e0 la Pr\u00e9sidence, \u00e0 savoir Abdelatif Mekki, Mondher Zneidi et Imed Daimi.<\/p>\n<p>En effet, alors que le Tribunal administratif a accept\u00e9 le recours en appel d\u00e9pos\u00e9 par certains candidats, l\u2019Instance sup\u00e9rieure ind\u00e9pendante pour les \u00e9lections (ISIE) a finalement dit son mot et a fini par retenir les candidatures des trois candidats initialement acc\u00e9pt\u00e9s.<\/p>\n","protected":false},"excerpt":{"rendered":"<p>Ainsi, l\u2019ISIE a retenu les candidatures de Kais Saied, Ayachi Zammel et Zouhayer Maghzaoui balayant les d\u00e9cisions du Tribunal administratif.\u00a0<\/p>\n","protected":false},"author":3175,"featured_media":246652,"comment_status":"open","ping_status":"closed","sticky":false,"template":"","format":"standard","meta":{"footnotes":""},"categories":[44],"tags":[3923,2967,5503,2608],"class_list":["post-216131","post","type-post","status-publish","format-standard","has-post-thumbnail","hentry","category-national","tag-elections","tag-isie","tag-presidentielle","tag-tunisie"],"yoast_head":"<!-- This site is optimized with the Yoast SEO Premium plugin v27.5 (Yoast SEO v27.5) - https:\/\/yoast.com\/product\/yoast-seo-premium-wordpress\/ -->\n<title>Tunisie - Pr\u00e9sidentielle : Zenaidi, Daimi et Mekki exclus par l&#039;ISIE<\/title>\n<meta name=\"description\" content=\"Ainsi, l\u2019ISIE a retenu les candidatures de Kais Saied, Ayachi Zammel et Zouhayer Maghzaoui balayant les d\u00e9cisions du Tribunal administratif.\u00a0\" \/>\n<link rel=\"canonical\" href=\"https:\/\/www.webdo.tn\/fr\/actualite\/national\/tunisie-presidentielle-zneidi-daimi-et-mekki-exclus-par-l-isie\/216131\/\" \/>\n<meta property=\"og:locale\" content=\"fr_FR\" \/>\n<meta property=\"og:type\" content=\"article\" \/>\n<meta property=\"og:title\" content=\"Tunisie - Pr\u00e9sidentielle : Zenaidi, Daimi et Mekki exclus par l&#039;ISIE\" \/>\n<meta property=\"og:description\" content=\"Ainsi, l\u2019ISIE a retenu les candidatures de Kais Saied, Ayachi Zammel et Zouhayer Maghzaoui balayant les d\u00e9cisions du Tribunal administratif.\u00a0\" \/>\n<meta property=\"og:url\" content=\"https:\/\/www.webdo.tn\/fr\/actualite\/national\/tunisie-presidentielle-zneidi-daimi-et-mekki-exclus-par-l-isie\/216131\/\" \/>\n<meta property=\"og:site_name\" content=\"webdo\" \/>\n<meta property=\"article:publisher\" content=\"https:\/\/www.facebook.com\/webdotn\" \/>\n<meta property=\"article:published_time\" content=\"2024-09-02T12:17:00+00:00\" \/>\n<meta property=\"article:modified_time\" content=\"2025-05-20T22:34:49+00:00\" \/>\n<meta property=\"og:image\" content=\"https:\/\/www.webdo.tn\/fr\/wp-content\/uploads\/2024\/09\/d407beec10a0f276baa9ffd4cdbb9aea.webp\" \/>\n\t<meta property=\"og:image:width\" content=\"750\" \/>\n\t<meta property=\"og:image:height\" content=\"400\" \/>\n\t<meta property=\"og:image:type\" content=\"image\/webp\" \/>\n<meta name=\"author\" content=\"CL\" \/>\n<meta name=\"twitter:card\" content=\"summary_large_image\" \/>\n<meta name=\"twitter:creator\" content=\"@webdo_tn\" \/>\n<meta name=\"twitter:site\" content=\"@webdo_tn\" \/>\n<meta name=\"twitter:label1\" content=\"\u00c9crit par\" \/>\n\t<meta name=\"twitter:data1\" content=\"CL\" \/>\n\t<meta name=\"twitter:label2\" content=\"Dur\u00e9e de lecture estim\u00e9e\" \/>\n\t<meta name=\"twitter:data2\" content=\"1 minute\" \/>\n<script type=\"application\/ld+json\" class=\"yoast-schema-graph\">{\"@context\":\"https:\\\/\\\/schema.org\",\"@graph\":[{\"@type\":\"NewsArticle\",\"@id\":\"https:\\\/\\\/www.webdo.tn\\\/fr\\\/actualite\\\/national\\\/tunisie-presidentielle-zneidi-daimi-et-mekki-exclus-par-l-isie\\\/216131\\\/#article\",\"isPartOf\":{\"@id\":\"https:\\\/\\\/www.webdo.tn\\\/fr\\\/actualite\\\/national\\\/tunisie-presidentielle-zneidi-daimi-et-mekki-exclus-par-l-isie\\\/216131\\\/\"},\"author\":{\"name\":\"CL\",\"@id\":\"https:\\\/\\\/www.webdo.tn\\\/fr\\\/#\\\/schema\\\/person\\\/f35b42a42c5e2511bbd282959d6385cc\"},\"headline\":\"Tunisie &#8211; Pr\u00e9sidentielle : Zenaidi, Daimi et Mekki exclus par l&rsquo;ISIE\",\"datePublished\":\"2024-09-02T12:17:00+00:00\",\"dateModified\":\"2025-05-20T22:34:49+00:00\",\"mainEntityOfPage\":{\"@id\":\"https:\\\/\\\/www.webdo.tn\\\/fr\\\/actualite\\\/national\\\/tunisie-presidentielle-zneidi-daimi-et-mekki-exclus-par-l-isie\\\/216131\\\/\"},\"wordCount\":160,\"commentCount\":0,\"publisher\":{\"@id\":\"https:\\\/\\\/www.webdo.tn\\\/fr\\\/#organization\"},\"image\":{\"@id\":\"https:\\\/\\\/www.webdo.tn\\\/fr\\\/actualite\\\/national\\\/tunisie-presidentielle-zneidi-daimi-et-mekki-exclus-par-l-isie\\\/216131\\\/#primaryimage\"},\"thumbnailUrl\":\"https:\\\/\\\/www.webdo.tn\\\/fr\\\/wp-content\\\/uploads\\\/2024\\\/09\\\/d407beec10a0f276baa9ffd4cdbb9aea.webp\",\"keywords\":[\"\u00e9lections\",\"ISIE\",\"pr\u00e9sidentielle\",\"Tunisie\"],\"articleSection\":[\"National\"],\"inLanguage\":\"fr-FR\"},{\"@type\":\"WebPage\",\"@id\":\"https:\\\/\\\/www.webdo.tn\\\/fr\\\/actualite\\\/national\\\/tunisie-presidentielle-zneidi-daimi-et-mekki-exclus-par-l-isie\\\/216131\\\/\",\"url\":\"https:\\\/\\\/www.webdo.tn\\\/fr\\\/actualite\\\/national\\\/tunisie-presidentielle-zneidi-daimi-et-mekki-exclus-par-l-isie\\\/216131\\\/\",\"name\":\"Tunisie - Pr\u00e9sidentielle : Zenaidi, Daimi et Mekki exclus par l'ISIE\",\"isPartOf\":{\"@id\":\"https:\\\/\\\/www.webdo.tn\\\/fr\\\/#website\"},\"primaryImageOfPage\":{\"@id\":\"https:\\\/\\\/www.webdo.tn\\\/fr\\\/actualite\\\/national\\\/tunisie-presidentielle-zneidi-daimi-et-mekki-exclus-par-l-isie\\\/216131\\\/#primaryimage\"},\"image\":{\"@id\":\"https:\\\/\\\/www.webdo.tn\\\/fr\\\/actualite\\\/national\\\/tunisie-presidentielle-zneidi-daimi-et-mekki-exclus-par-l-isie\\\/216131\\\/#primaryimage\"},\"thumbnailUrl\":\"https:\\\/\\\/www.webdo.tn\\\/fr\\\/wp-content\\\/uploads\\\/2024\\\/09\\\/d407beec10a0f276baa9ffd4cdbb9aea.webp\",\"datePublished\":\"2024-09-02T12:17:00+00:00\",\"dateModified\":\"2025-05-20T22:34:49+00:00\",\"description\":\"Ainsi, l\u2019ISIE a retenu les candidatures de Kais Saied, Ayachi Zammel et Zouhayer Maghzaoui balayant les d\u00e9cisions du Tribunal administratif.\u00a0\",\"breadcrumb\":{\"@id\":\"https:\\\/\\\/www.webdo.tn\\\/fr\\\/actualite\\\/national\\\/tunisie-presidentielle-zneidi-daimi-et-mekki-exclus-par-l-isie\\\/216131\\\/#breadcrumb\"},\"inLanguage\":\"fr-FR\",\"potentialAction\":[{\"@type\":\"ReadAction\",\"target\":[\"https:\\\/\\\/www.webdo.tn\\\/fr\\\/actualite\\\/national\\\/tunisie-presidentielle-zneidi-daimi-et-mekki-exclus-par-l-isie\\\/216131\\\/\"]}]},{\"@type\":\"ImageObject\",\"inLanguage\":\"fr-FR\",\"@id\":\"https:\\\/\\\/www.webdo.tn\\\/fr\\\/actualite\\\/national\\\/tunisie-presidentielle-zneidi-daimi-et-mekki-exclus-par-l-isie\\\/216131\\\/#primaryimage\",\"url\":\"https:\\\/\\\/www.webdo.tn\\\/fr\\\/wp-content\\\/uploads\\\/2024\\\/09\\\/d407beec10a0f276baa9ffd4cdbb9aea.webp\",\"contentUrl\":\"https:\\\/\\\/www.webdo.tn\\\/fr\\\/wp-content\\\/uploads\\\/2024\\\/09\\\/d407beec10a0f276baa9ffd4cdbb9aea.webp\",\"width\":750,\"height\":400,\"caption\":\"Tunisie - Pr\u00e9sidentielle : Zenaidi, Daimi et Mekki exclus par l'ISIE\"},{\"@type\":\"BreadcrumbList\",\"@id\":\"https:\\\/\\\/www.webdo.tn\\\/fr\\\/actualite\\\/national\\\/tunisie-presidentielle-zneidi-daimi-et-mekki-exclus-par-l-isie\\\/216131\\\/#breadcrumb\",\"itemListElement\":[{\"@type\":\"ListItem\",\"position\":1,\"name\":\"Accueil\",\"item\":\"https:\\\/\\\/www.webdo.tn\\\/fr\\\/\"},{\"@type\":\"ListItem\",\"position\":2,\"name\":\"Tunisie &#8211; Pr\u00e9sidentielle : Zenaidi, Daimi et Mekki exclus par l&#8217;ISIE\"}]},{\"@type\":\"WebSite\",\"@id\":\"https:\\\/\\\/www.webdo.tn\\\/fr\\\/#website\",\"url\":\"https:\\\/\\\/www.webdo.tn\\\/fr\\\/\",\"name\":\"webdo\",\"description\":\"Tunisie - News en Tunisie et \u00e0 l&#039;international sur Webdo.tn\",\"publisher\":{\"@id\":\"https:\\\/\\\/www.webdo.tn\\\/fr\\\/#organization\"},\"potentialAction\":[{\"@type\":\"SearchAction\",\"target\":{\"@type\":\"EntryPoint\",\"urlTemplate\":\"https:\\\/\\\/www.webdo.tn\\\/fr\\\/?s={search_term_string}\"},\"query-input\":{\"@type\":\"PropertyValueSpecification\",\"valueRequired\":true,\"valueName\":\"search_term_string\"}}],\"inLanguage\":\"fr-FR\"},{\"@type\":\"Organization\",\"@id\":\"https:\\\/\\\/www.webdo.tn\\\/fr\\\/#organization\",\"name\":\"Webdo\",\"alternateName\":\"Webdo.tn\",\"url\":\"https:\\\/\\\/www.webdo.tn\\\/fr\\\/\",\"logo\":{\"@type\":\"ImageObject\",\"inLanguage\":\"fr-FR\",\"@id\":\"https:\\\/\\\/www.webdo.tn\\\/fr\\\/#\\\/schema\\\/logo\\\/image\\\/\",\"url\":\"https:\\\/\\\/www.webdo.tn\\\/fr\\\/wp-content\\\/uploads\\\/2025\\\/06\\\/Webdo-Tunisie_168377.jpg\",\"contentUrl\":\"https:\\\/\\\/www.webdo.tn\\\/fr\\\/wp-content\\\/uploads\\\/2025\\\/06\\\/Webdo-Tunisie_168377.jpg\",\"width\":301,\"height\":301,\"caption\":\"Webdo\"},\"image\":{\"@id\":\"https:\\\/\\\/www.webdo.tn\\\/fr\\\/#\\\/schema\\\/logo\\\/image\\\/\"},\"sameAs\":[\"https:\\\/\\\/www.facebook.com\\\/webdotn\",\"https:\\\/\\\/x.com\\\/webdo_tn\"],\"description\":\"Webdo est un m\u00e9dia num\u00e9rique tunisien fond\u00e9 en 2010, sp\u00e9cialis\u00e9 dans l\u2019actualit\u00e9 nationale et internationale, l\u2019\u00e9conomie, la soci\u00e9t\u00e9 et les analyses politiques. Le site s\u2019adresse \u00e0 un large public francophone et couvre l\u2019information tunisienne en temps r\u00e9el.\",\"email\":\"redac@webdo.tn\",\"legalName\":\"YNJ SARL\",\"foundingDate\":\"2010-09-06\",\"numberOfEmployees\":{\"@type\":\"QuantitativeValue\",\"minValue\":\"11\",\"maxValue\":\"50\"}},{\"@type\":\"Person\",\"@id\":\"https:\\\/\\\/www.webdo.tn\\\/fr\\\/#\\\/schema\\\/person\\\/f35b42a42c5e2511bbd282959d6385cc\",\"name\":\"CL\",\"image\":{\"@type\":\"ImageObject\",\"inLanguage\":\"fr-FR\",\"@id\":\"https:\\\/\\\/secure.gravatar.com\\\/avatar\\\/1447a49909b67aa657c488aec6512e1dd6143a480c1ecfee9b5b5cd74eb3b59e?s=96&d=mm&r=g\",\"url\":\"https:\\\/\\\/secure.gravatar.com\\\/avatar\\\/1447a49909b67aa657c488aec6512e1dd6143a480c1ecfee9b5b5cd74eb3b59e?s=96&d=mm&r=g\",\"contentUrl\":\"https:\\\/\\\/secure.gravatar.com\\\/avatar\\\/1447a49909b67aa657c488aec6512e1dd6143a480c1ecfee9b5b5cd74eb3b59e?s=96&d=mm&r=g\",\"caption\":\"CL\"},\"url\":\"https:\\\/\\\/www.webdo.tn\\\/fr\\\/actualite\\\/author\\\/cl\\\/\"}]}<\/script>\n<!-- \/ Yoast SEO Premium plugin. -->","yoast_head_json":{"title":"Tunisie - Pr\u00e9sidentielle : Zenaidi, Daimi et Mekki exclus par l'ISIE","description":"Ainsi, l\u2019ISIE a retenu les candidatures de Kais Saied, Ayachi Zammel et Zouhayer Maghzaoui balayant les d\u00e9cisions du Tribunal administratif.\u00a0","canonical":"https:\/\/www.webdo.tn\/fr\/actualite\/national\/tunisie-presidentielle-zneidi-daimi-et-mekki-exclus-par-l-isie\/216131\/","og_locale":"fr_FR","og_type":"article","og_title":"Tunisie - Pr\u00e9sidentielle : Zenaidi, Daimi et Mekki exclus par l'ISIE","og_description":"Ainsi, l\u2019ISIE a retenu les candidatures de Kais Saied, Ayachi Zammel et Zouhayer Maghzaoui balayant les d\u00e9cisions du Tribunal administratif.\u00a0","og_url":"https:\/\/www.webdo.tn\/fr\/actualite\/national\/tunisie-presidentielle-zneidi-daimi-et-mekki-exclus-par-l-isie\/216131\/","og_site_name":"webdo","article_publisher":"https:\/\/www.facebook.com\/webdotn","article_published_time":"2024-09-02T12:17:00+00:00","article_modified_time":"2025-05-20T22:34:49+00:00","og_image":[{"width":750,"height":400,"url":"https:\/\/www.webdo.tn\/fr\/wp-content\/uploads\/2024\/09\/d407beec10a0f276baa9ffd4cdbb9aea.webp","type":"image\/webp"}],"author":"CL","twitter_card":"summary_large_image","twitter_creator":"@webdo_tn","twitter_site":"@webdo_tn","twitter_misc":{"\u00c9crit par":"CL","Dur\u00e9e de lecture estim\u00e9e":"1 minute"},"schema":{"@context":"https:\/\/schema.org","@graph":[{"@type":"NewsArticle","@id":"https:\/\/www.webdo.tn\/fr\/actualite\/national\/tunisie-presidentielle-zneidi-daimi-et-mekki-exclus-par-l-isie\/216131\/#article","isPartOf":{"@id":"https:\/\/www.webdo.tn\/fr\/actualite\/national\/tunisie-presidentielle-zneidi-daimi-et-mekki-exclus-par-l-isie\/216131\/"},"author":{"name":"CL","@id":"https:\/\/www.webdo.tn\/fr\/#\/schema\/person\/f35b42a42c5e2511bbd282959d6385cc"},"headline":"Tunisie &#8211; Pr\u00e9sidentielle : Zenaidi, Daimi et Mekki exclus par l&rsquo;ISIE","datePublished":"2024-09-02T12:17:00+00:00","dateModified":"2025-05-20T22:34:49+00:00","mainEntityOfPage":{"@id":"https:\/\/www.webdo.tn\/fr\/actualite\/national\/tunisie-presidentielle-zneidi-daimi-et-mekki-exclus-par-l-isie\/216131\/"},"wordCount":160,"commentCount":0,"publisher":{"@id":"https:\/\/www.webdo.tn\/fr\/#organization"},"image":{"@id":"https:\/\/www.webdo.tn\/fr\/actualite\/national\/tunisie-presidentielle-zneidi-daimi-et-mekki-exclus-par-l-isie\/216131\/#primaryimage"},"thumbnailUrl":"https:\/\/www.webdo.tn\/fr\/wp-content\/uploads\/2024\/09\/d407beec10a0f276baa9ffd4cdbb9aea.webp","keywords":["\u00e9lections","ISIE","pr\u00e9sidentielle","Tunisie"],"articleSection":["National"],"inLanguage":"fr-FR"},{"@type":"WebPage","@id":"https:\/\/www.webdo.tn\/fr\/actualite\/national\/tunisie-presidentielle-zneidi-daimi-et-mekki-exclus-par-l-isie\/216131\/","url":"https:\/\/www.webdo.tn\/fr\/actualite\/national\/tunisie-presidentielle-zneidi-daimi-et-mekki-exclus-par-l-isie\/216131\/","name":"Tunisie - Pr\u00e9sidentielle : Zenaidi, Daimi et Mekki exclus par l'ISIE","isPartOf":{"@id":"https:\/\/www.webdo.tn\/fr\/#website"},"primaryImageOfPage":{"@id":"https:\/\/www.webdo.tn\/fr\/actualite\/national\/tunisie-presidentielle-zneidi-daimi-et-mekki-exclus-par-l-isie\/216131\/#primaryimage"},"image":{"@id":"https:\/\/www.webdo.tn\/fr\/actualite\/national\/tunisie-presidentielle-zneidi-daimi-et-mekki-exclus-par-l-isie\/216131\/#primaryimage"},"thumbnailUrl":"https:\/\/www.webdo.tn\/fr\/wp-content\/uploads\/2024\/09\/d407beec10a0f276baa9ffd4cdbb9aea.webp","datePublished":"2024-09-02T12:17:00+00:00","dateModified":"2025-05-20T22:34:49+00:00","description":"Ainsi, l\u2019ISIE a retenu les candidatures de Kais Saied, Ayachi Zammel et Zouhayer Maghzaoui balayant les d\u00e9cisions du Tribunal administratif.\u00a0","breadcrumb":{"@id":"https:\/\/www.webdo.tn\/fr\/actualite\/national\/tunisie-presidentielle-zneidi-daimi-et-mekki-exclus-par-l-isie\/216131\/#breadcrumb"},"inLanguage":"fr-FR","potentialAction":[{"@type":"ReadAction","target":["https:\/\/www.webdo.tn\/fr\/actualite\/national\/tunisie-presidentielle-zneidi-daimi-et-mekki-exclus-par-l-isie\/216131\/"]}]},{"@type":"ImageObject","inLanguage":"fr-FR","@id":"https:\/\/www.webdo.tn\/fr\/actualite\/national\/tunisie-presidentielle-zneidi-daimi-et-mekki-exclus-par-l-isie\/216131\/#primaryimage","url":"https:\/\/www.webdo.tn\/fr\/wp-content\/uploads\/2024\/09\/d407beec10a0f276baa9ffd4cdbb9aea.webp","contentUrl":"https:\/\/www.webdo.tn\/fr\/wp-content\/uploads\/2024\/09\/d407beec10a0f276baa9ffd4cdbb9aea.webp","width":750,"height":400,"caption":"Tunisie - Pr\u00e9sidentielle : Zenaidi, Daimi et Mekki exclus par l'ISIE"},{"@type":"BreadcrumbList","@id":"https:\/\/www.webdo.tn\/fr\/actualite\/national\/tunisie-presidentielle-zneidi-daimi-et-mekki-exclus-par-l-isie\/216131\/#breadcrumb","itemListElement":[{"@type":"ListItem","position":1,"name":"Accueil","item":"https:\/\/www.webdo.tn\/fr\/"},{"@type":"ListItem","position":2,"name":"Tunisie &#8211; Pr\u00e9sidentielle : Zenaidi, Daimi et Mekki exclus par l&#8217;ISIE"}]},{"@type":"WebSite","@id":"https:\/\/www.webdo.tn\/fr\/#website","url":"https:\/\/www.webdo.tn\/fr\/","name":"webdo","description":"Tunisie - News en Tunisie et \u00e0 l&#039;international sur Webdo.tn","publisher":{"@id":"https:\/\/www.webdo.tn\/fr\/#organization"},"potentialAction":[{"@type":"SearchAction","target":{"@type":"EntryPoint","urlTemplate":"https:\/\/www.webdo.tn\/fr\/?s={search_term_string}"},"query-input":{"@type":"PropertyValueSpecification","valueRequired":true,"valueName":"search_term_string"}}],"inLanguage":"fr-FR"},{"@type":"Organization","@id":"https:\/\/www.webdo.tn\/fr\/#organization","name":"Webdo","alternateName":"Webdo.tn","url":"https:\/\/www.webdo.tn\/fr\/","logo":{"@type":"ImageObject","inLanguage":"fr-FR","@id":"https:\/\/www.webdo.tn\/fr\/#\/schema\/logo\/image\/","url":"https:\/\/www.webdo.tn\/fr\/wp-content\/uploads\/2025\/06\/Webdo-Tunisie_168377.jpg","contentUrl":"https:\/\/www.webdo.tn\/fr\/wp-content\/uploads\/2025\/06\/Webdo-Tunisie_168377.jpg","width":301,"height":301,"caption":"Webdo"},"image":{"@id":"https:\/\/www.webdo.tn\/fr\/#\/schema\/logo\/image\/"},"sameAs":["https:\/\/www.facebook.com\/webdotn","https:\/\/x.com\/webdo_tn"],"description":"Webdo est un m\u00e9dia num\u00e9rique tunisien fond\u00e9 en 2010, sp\u00e9cialis\u00e9 dans l\u2019actualit\u00e9 nationale et internationale, l\u2019\u00e9conomie, la soci\u00e9t\u00e9 et les analyses politiques. Le site s\u2019adresse \u00e0 un large public francophone et couvre l\u2019information tunisienne en temps r\u00e9el.","email":"redac@webdo.tn","legalName":"YNJ SARL","foundingDate":"2010-09-06","numberOfEmployees":{"@type":"QuantitativeValue","minValue":"11","maxValue":"50"}},{"@type":"Person","@id":"https:\/\/www.webdo.tn\/fr\/#\/schema\/person\/f35b42a42c5e2511bbd282959d6385cc","name":"CL","image":{"@type":"ImageObject","inLanguage":"fr-FR","@id":"https:\/\/secure.gravatar.com\/avatar\/1447a49909b67aa657c488aec6512e1dd6143a480c1ecfee9b5b5cd74eb3b59e?s=96&d=mm&r=g","url":"https:\/\/secure.gravatar.com\/avatar\/1447a49909b67aa657c488aec6512e1dd6143a480c1ecfee9b5b5cd74eb3b59e?s=96&d=mm&r=g","contentUrl":"https:\/\/secure.gravatar.com\/avatar\/1447a49909b67aa657c488aec6512e1dd6143a480c1ecfee9b5b5cd74eb3b59e?s=96&d=mm&r=g","caption":"CL"},"url":"https:\/\/www.webdo.tn\/fr\/actualite\/author\/cl\/"}]}},"_links":{"self":[{"href":"https:\/\/www.webdo.tn\/fr\/wp-json\/wp\/v2\/posts\/216131","targetHints":{"allow":["GET"]}}],"collection":[{"href":"https:\/\/www.webdo.tn\/fr\/wp-json\/wp\/v2\/posts"}],"about":[{"href":"https:\/\/www.webdo.tn\/fr\/wp-json\/wp\/v2\/types\/post"}],"author":[{"embeddable":true,"href":"https:\/\/www.webdo.tn\/fr\/wp-json\/wp\/v2\/users\/3175"}],"replies":[{"embeddable":true,"href":"https:\/\/www.webdo.tn\/fr\/wp-json\/wp\/v2\/comments?post=216131"}],"version-history":[{"count":0,"href":"https:\/\/www.webdo.tn\/fr\/wp-json\/wp\/v2\/posts\/216131\/revisions"}],"wp:featuredmedia":[{"embeddable":true,"href":"https:\/\/www.webdo.tn\/fr\/wp-json\/wp\/v2\/media\/246652"}],"wp:attachment":[{"href":"https:\/\/www.webdo.tn\/fr\/wp-json\/wp\/v2\/media?parent=216131"}],"wp:term":[{"taxonomy":"category","embeddable":true,"href":"https:\/\/www.webdo.tn\/fr\/wp-json\/wp\/v2\/categories?post=216131"},{"taxonomy":"post_tag","embeddable":true,"href":"https:\/\/www.webdo.tn\/fr\/wp-json\/wp\/v2\/tags?post=216131"}],"curies":[{"name":"wp","href":"https:\/\/api.w.org\/{rel}","templated":true}]}}