{"id":216129,"date":"2024-09-02T11:34:00","date_gmt":"2024-09-02T11:34:00","guid":{"rendered":"https:\/\/www.webdo.tn\/fr\/blog\/jeux-paralympiques-walid-ktila-medaille-d-argent\/216129\/"},"modified":"2025-05-20T21:49:24","modified_gmt":"2025-05-20T21:49:24","slug":"jeux-paralympiques-walid-ktila-medaille-d-argent","status":"publish","type":"post","link":"https:\/\/www.webdo.tn\/fr\/actualite\/sport\/jeux-paralympiques-walid-ktila-medaille-d-argent\/216129\/","title":{"rendered":"Jeux Paralympiques : Walid Ktila m\u00e9daill\u00e9 d\u2019argent"},"content":{"rendered":"<p>Le champion tunisien, Walid Ktila, champion paralympique \u00e0 plusieurs reprises, visait l\u2019or lors de la finale du 100m T34 aux Jeux Paralympiques de Paris 2024. Il se contentera de la m\u00e9daille d\u2019argent.<\/p>\n<p>\t\t\t\t\t\t\t\t\tLe champion du monde et paralympique Walid Katila a remport\u00e9, aujourd&rsquo;hui, lundi 2 septembre 2024, la m\u00e9daille d&rsquo;argent lors de la finale du 100 m\u00e8tres T34 aux Jeux Paralympiques qui se d\u00e9roulent actuellement \u00e0 Paris.<\/p>\n<p>Walid Katila a parcouru la distance en 15.09 secondes, apr\u00e8s une forte concurrence avec le Tha\u00eflandais Chaiwat Rattana, qui a remport\u00e9 l&rsquo;or en \u00e9tablissant un nouveau record paralympique.<\/p>\n<p>C\u2019est ce m\u00eame adversaire qui a devanc\u00e9 Walid Ktila, hier au Stade de France, lors des demi-finales du 100m T34. Le Tunisien avait termin\u00e9 \u00e0 la deuxi\u00e8me place avec un temps de 15.09 secondes, derri\u00e8re le Tha\u00eflandais.<\/p>\n<p>Walid Ktila \u00e9tait le grand favori de l\u2019\u00e9preuve. En 2021, il avait d\u00e9croch\u00e9 deux m\u00e9dailles d&rsquo;or aux Jeux Paralympiques de Tokyo-2020, une au 800 m (T34) et une au 100m (T34).<\/p>\n<p>Rappelons que c\u2019est la quatri\u00e8me m\u00e9daille pour la Tunisie. Raoua Tlili avait ouvert le compteur de la Tunisie aux Jeux paralympiques en d\u00e9crochant la m\u00e9daille d\u2019or dans la cat\u00e9gorie F41 du lancer de poids.<\/p>\n<p>Maroua Brahmi a \u00e9galement d\u00e9croch\u00e9 la m\u00e9daille d\u2019or au lancer de massue (F32) en r\u00e9ussissant un lancer de 29.00 m. Quant \u00e0 Ahmed Ben Moslah, il a d\u00e9croch\u00e9 la m\u00e9daille d\u2019argent en lancer de poids (F37) avec un lancer de 15m40.<\/p>\n","protected":false},"excerpt":{"rendered":"<p>Le champion du monde et paralympique Walid Katila a remport\u00e9, aujourd&rsquo;hui, lundi 2 septembre 2024, la m\u00e9daille d&rsquo;argent lors de la finale du 100 m\u00e8tres T34 aux&#8230;<\/p>\n","protected":false},"author":3162,"featured_media":246650,"comment_status":"open","ping_status":"closed","sticky":false,"template":"","format":"standard","meta":{"footnotes":""},"categories":[2593],"tags":[5779,5807,5778,5806],"class_list":["post-216129","post","type-post","status-publish","format-standard","has-post-thumbnail","hentry","category-sport","tag-jeux-paralympiques","tag-medaille-dargent","tag-paris-2024","tag-walid-ktila"],"yoast_head":"<!-- This site is optimized with the Yoast SEO Premium plugin v27.4 (Yoast SEO v27.5) - https:\/\/yoast.com\/product\/yoast-seo-premium-wordpress\/ -->\n<title>Jeux Paralympiques : Walid Ktila m\u00e9daill\u00e9 d\u2019argent<\/title>\n<meta name=\"description\" content=\"Le champion du monde et paralympique Walid Katila a remport\u00e9, aujourd&#039;hui, lundi 2 septembre 2024, la m\u00e9daille d&#039;argent lors de la finale du 100 m\u00e8tres T34 aux...\" \/>\n<link rel=\"canonical\" href=\"https:\/\/www.webdo.tn\/fr\/actualite\/sport\/jeux-paralympiques-walid-ktila-medaille-d-argent\/216129\/\" \/>\n<meta property=\"og:locale\" content=\"fr_FR\" \/>\n<meta property=\"og:type\" content=\"article\" \/>\n<meta property=\"og:title\" content=\"Jeux Paralympiques : Walid Ktila m\u00e9daill\u00e9 d\u2019argent\" \/>\n<meta property=\"og:description\" content=\"Le champion du monde et paralympique Walid Katila a remport\u00e9, aujourd&#039;hui, lundi 2 septembre 2024, la m\u00e9daille d&#039;argent lors de la finale du 100 m\u00e8tres T34 aux...\" \/>\n<meta property=\"og:url\" content=\"https:\/\/www.webdo.tn\/fr\/actualite\/sport\/jeux-paralympiques-walid-ktila-medaille-d-argent\/216129\/\" \/>\n<meta property=\"og:site_name\" content=\"webdo\" \/>\n<meta property=\"article:publisher\" content=\"https:\/\/www.facebook.com\/webdotn\" \/>\n<meta property=\"article:published_time\" content=\"2024-09-02T11:34:00+00:00\" \/>\n<meta property=\"article:modified_time\" content=\"2025-05-20T21:49:24+00:00\" \/>\n<meta property=\"og:image\" content=\"https:\/\/www.webdo.tn\/fr\/wp-content\/uploads\/2024\/09\/efcc533ae7c75dfdbd25390d1bef7070.webp\" \/>\n\t<meta property=\"og:image:width\" content=\"750\" \/>\n\t<meta property=\"og:image:height\" content=\"400\" \/>\n\t<meta property=\"og:image:type\" content=\"image\/webp\" \/>\n<meta name=\"author\" content=\"MC\" \/>\n<meta name=\"twitter:card\" content=\"summary_large_image\" \/>\n<meta name=\"twitter:creator\" content=\"@webdo_tn\" \/>\n<meta name=\"twitter:site\" content=\"@webdo_tn\" \/>\n<meta name=\"twitter:label1\" content=\"\u00c9crit par\" \/>\n\t<meta name=\"twitter:data1\" content=\"MC\" \/>\n\t<meta name=\"twitter:label2\" content=\"Dur\u00e9e de lecture estim\u00e9e\" \/>\n\t<meta name=\"twitter:data2\" content=\"1 minute\" \/>\n<script type=\"application\/ld+json\" class=\"yoast-schema-graph\">{\"@context\":\"https:\\\/\\\/schema.org\",\"@graph\":[{\"@type\":\"NewsArticle\",\"@id\":\"https:\\\/\\\/www.webdo.tn\\\/fr\\\/actualite\\\/sport\\\/jeux-paralympiques-walid-ktila-medaille-d-argent\\\/216129\\\/#article\",\"isPartOf\":{\"@id\":\"https:\\\/\\\/www.webdo.tn\\\/fr\\\/actualite\\\/sport\\\/jeux-paralympiques-walid-ktila-medaille-d-argent\\\/216129\\\/\"},\"author\":{\"name\":\"MC\",\"@id\":\"https:\\\/\\\/www.webdo.tn\\\/fr\\\/#\\\/schema\\\/person\\\/2c4929cbf5a809e3bd38617c6ce150f6\"},\"headline\":\"Jeux Paralympiques : Walid Ktila m\u00e9daill\u00e9 d\u2019argent\",\"datePublished\":\"2024-09-02T11:34:00+00:00\",\"dateModified\":\"2025-05-20T21:49:24+00:00\",\"mainEntityOfPage\":{\"@id\":\"https:\\\/\\\/www.webdo.tn\\\/fr\\\/actualite\\\/sport\\\/jeux-paralympiques-walid-ktila-medaille-d-argent\\\/216129\\\/\"},\"wordCount\":267,\"commentCount\":0,\"publisher\":{\"@id\":\"https:\\\/\\\/www.webdo.tn\\\/fr\\\/#organization\"},\"image\":{\"@id\":\"https:\\\/\\\/www.webdo.tn\\\/fr\\\/actualite\\\/sport\\\/jeux-paralympiques-walid-ktila-medaille-d-argent\\\/216129\\\/#primaryimage\"},\"thumbnailUrl\":\"https:\\\/\\\/www.webdo.tn\\\/fr\\\/wp-content\\\/uploads\\\/2024\\\/09\\\/efcc533ae7c75dfdbd25390d1bef7070.webp\",\"keywords\":[\"jeux paralympiques\",\"m\u00e9daille d'argent\",\"Paris 2024\",\"Walid Ktila\"],\"articleSection\":[\"Sport\"],\"inLanguage\":\"fr-FR\"},{\"@type\":\"WebPage\",\"@id\":\"https:\\\/\\\/www.webdo.tn\\\/fr\\\/actualite\\\/sport\\\/jeux-paralympiques-walid-ktila-medaille-d-argent\\\/216129\\\/\",\"url\":\"https:\\\/\\\/www.webdo.tn\\\/fr\\\/actualite\\\/sport\\\/jeux-paralympiques-walid-ktila-medaille-d-argent\\\/216129\\\/\",\"name\":\"Jeux Paralympiques : Walid Ktila m\u00e9daill\u00e9 d\u2019argent\",\"isPartOf\":{\"@id\":\"https:\\\/\\\/www.webdo.tn\\\/fr\\\/#website\"},\"primaryImageOfPage\":{\"@id\":\"https:\\\/\\\/www.webdo.tn\\\/fr\\\/actualite\\\/sport\\\/jeux-paralympiques-walid-ktila-medaille-d-argent\\\/216129\\\/#primaryimage\"},\"image\":{\"@id\":\"https:\\\/\\\/www.webdo.tn\\\/fr\\\/actualite\\\/sport\\\/jeux-paralympiques-walid-ktila-medaille-d-argent\\\/216129\\\/#primaryimage\"},\"thumbnailUrl\":\"https:\\\/\\\/www.webdo.tn\\\/fr\\\/wp-content\\\/uploads\\\/2024\\\/09\\\/efcc533ae7c75dfdbd25390d1bef7070.webp\",\"datePublished\":\"2024-09-02T11:34:00+00:00\",\"dateModified\":\"2025-05-20T21:49:24+00:00\",\"description\":\"Le champion du monde et paralympique Walid Katila a remport\u00e9, aujourd'hui, lundi 2 septembre 2024, la m\u00e9daille d'argent lors de la finale du 100 m\u00e8tres T34 aux...\",\"breadcrumb\":{\"@id\":\"https:\\\/\\\/www.webdo.tn\\\/fr\\\/actualite\\\/sport\\\/jeux-paralympiques-walid-ktila-medaille-d-argent\\\/216129\\\/#breadcrumb\"},\"inLanguage\":\"fr-FR\",\"potentialAction\":[{\"@type\":\"ReadAction\",\"target\":[\"https:\\\/\\\/www.webdo.tn\\\/fr\\\/actualite\\\/sport\\\/jeux-paralympiques-walid-ktila-medaille-d-argent\\\/216129\\\/\"]}]},{\"@type\":\"ImageObject\",\"inLanguage\":\"fr-FR\",\"@id\":\"https:\\\/\\\/www.webdo.tn\\\/fr\\\/actualite\\\/sport\\\/jeux-paralympiques-walid-ktila-medaille-d-argent\\\/216129\\\/#primaryimage\",\"url\":\"https:\\\/\\\/www.webdo.tn\\\/fr\\\/wp-content\\\/uploads\\\/2024\\\/09\\\/efcc533ae7c75dfdbd25390d1bef7070.webp\",\"contentUrl\":\"https:\\\/\\\/www.webdo.tn\\\/fr\\\/wp-content\\\/uploads\\\/2024\\\/09\\\/efcc533ae7c75dfdbd25390d1bef7070.webp\",\"width\":750,\"height\":400,\"caption\":\"Jeux Paralympiques : Walid Ktila m\u00e9daill\u00e9 d\u2019argent\"},{\"@type\":\"BreadcrumbList\",\"@id\":\"https:\\\/\\\/www.webdo.tn\\\/fr\\\/actualite\\\/sport\\\/jeux-paralympiques-walid-ktila-medaille-d-argent\\\/216129\\\/#breadcrumb\",\"itemListElement\":[{\"@type\":\"ListItem\",\"position\":1,\"name\":\"Accueil\",\"item\":\"https:\\\/\\\/www.webdo.tn\\\/fr\\\/\"},{\"@type\":\"ListItem\",\"position\":2,\"name\":\"Jeux Paralympiques : Walid Ktila m\u00e9daill\u00e9 d\u2019argent\"}]},{\"@type\":\"WebSite\",\"@id\":\"https:\\\/\\\/www.webdo.tn\\\/fr\\\/#website\",\"url\":\"https:\\\/\\\/www.webdo.tn\\\/fr\\\/\",\"name\":\"webdo\",\"description\":\"Tunisie - News en Tunisie et \u00e0 l&#039;international sur Webdo.tn\",\"publisher\":{\"@id\":\"https:\\\/\\\/www.webdo.tn\\\/fr\\\/#organization\"},\"potentialAction\":[{\"@type\":\"SearchAction\",\"target\":{\"@type\":\"EntryPoint\",\"urlTemplate\":\"https:\\\/\\\/www.webdo.tn\\\/fr\\\/?s={search_term_string}\"},\"query-input\":{\"@type\":\"PropertyValueSpecification\",\"valueRequired\":true,\"valueName\":\"search_term_string\"}}],\"inLanguage\":\"fr-FR\"},{\"@type\":\"Organization\",\"@id\":\"https:\\\/\\\/www.webdo.tn\\\/fr\\\/#organization\",\"name\":\"Webdo\",\"alternateName\":\"Webdo.tn\",\"url\":\"https:\\\/\\\/www.webdo.tn\\\/fr\\\/\",\"logo\":{\"@type\":\"ImageObject\",\"inLanguage\":\"fr-FR\",\"@id\":\"https:\\\/\\\/www.webdo.tn\\\/fr\\\/#\\\/schema\\\/logo\\\/image\\\/\",\"url\":\"https:\\\/\\\/www.webdo.tn\\\/fr\\\/wp-content\\\/uploads\\\/2025\\\/06\\\/Webdo-Tunisie_168377.jpg\",\"contentUrl\":\"https:\\\/\\\/www.webdo.tn\\\/fr\\\/wp-content\\\/uploads\\\/2025\\\/06\\\/Webdo-Tunisie_168377.jpg\",\"width\":301,\"height\":301,\"caption\":\"Webdo\"},\"image\":{\"@id\":\"https:\\\/\\\/www.webdo.tn\\\/fr\\\/#\\\/schema\\\/logo\\\/image\\\/\"},\"sameAs\":[\"https:\\\/\\\/www.facebook.com\\\/webdotn\",\"https:\\\/\\\/x.com\\\/webdo_tn\"],\"description\":\"Webdo est un m\u00e9dia num\u00e9rique tunisien fond\u00e9 en 2010, sp\u00e9cialis\u00e9 dans l\u2019actualit\u00e9 nationale et internationale, l\u2019\u00e9conomie, la soci\u00e9t\u00e9 et les analyses politiques. Le site s\u2019adresse \u00e0 un large public francophone et couvre l\u2019information tunisienne en temps r\u00e9el.\",\"email\":\"redac@webdo.tn\",\"legalName\":\"YNJ SARL\",\"foundingDate\":\"2010-09-06\",\"numberOfEmployees\":{\"@type\":\"QuantitativeValue\",\"minValue\":\"11\",\"maxValue\":\"50\"}},{\"@type\":\"Person\",\"@id\":\"https:\\\/\\\/www.webdo.tn\\\/fr\\\/#\\\/schema\\\/person\\\/2c4929cbf5a809e3bd38617c6ce150f6\",\"name\":\"MC\",\"image\":{\"@type\":\"ImageObject\",\"inLanguage\":\"fr-FR\",\"@id\":\"https:\\\/\\\/secure.gravatar.com\\\/avatar\\\/a545bbb6f84efdd5553dbbc2895e3ca8f1d12c5215e00a041c9670b54aa9b18a?s=96&d=mm&r=g\",\"url\":\"https:\\\/\\\/secure.gravatar.com\\\/avatar\\\/a545bbb6f84efdd5553dbbc2895e3ca8f1d12c5215e00a041c9670b54aa9b18a?s=96&d=mm&r=g\",\"contentUrl\":\"https:\\\/\\\/secure.gravatar.com\\\/avatar\\\/a545bbb6f84efdd5553dbbc2895e3ca8f1d12c5215e00a041c9670b54aa9b18a?s=96&d=mm&r=g\",\"caption\":\"MC\"},\"url\":\"https:\\\/\\\/www.webdo.tn\\\/fr\\\/actualite\\\/author\\\/mc\\\/\"}]}<\/script>\n<!-- \/ Yoast SEO Premium plugin. -->","yoast_head_json":{"title":"Jeux Paralympiques : Walid Ktila m\u00e9daill\u00e9 d\u2019argent","description":"Le champion du monde et paralympique Walid Katila a remport\u00e9, aujourd'hui, lundi 2 septembre 2024, la m\u00e9daille d'argent lors de la finale du 100 m\u00e8tres T34 aux...","canonical":"https:\/\/www.webdo.tn\/fr\/actualite\/sport\/jeux-paralympiques-walid-ktila-medaille-d-argent\/216129\/","og_locale":"fr_FR","og_type":"article","og_title":"Jeux Paralympiques : Walid Ktila m\u00e9daill\u00e9 d\u2019argent","og_description":"Le champion du monde et paralympique Walid Katila a remport\u00e9, aujourd'hui, lundi 2 septembre 2024, la m\u00e9daille d'argent lors de la finale du 100 m\u00e8tres T34 aux...","og_url":"https:\/\/www.webdo.tn\/fr\/actualite\/sport\/jeux-paralympiques-walid-ktila-medaille-d-argent\/216129\/","og_site_name":"webdo","article_publisher":"https:\/\/www.facebook.com\/webdotn","article_published_time":"2024-09-02T11:34:00+00:00","article_modified_time":"2025-05-20T21:49:24+00:00","og_image":[{"width":750,"height":400,"url":"https:\/\/www.webdo.tn\/fr\/wp-content\/uploads\/2024\/09\/efcc533ae7c75dfdbd25390d1bef7070.webp","type":"image\/webp"}],"author":"MC","twitter_card":"summary_large_image","twitter_creator":"@webdo_tn","twitter_site":"@webdo_tn","twitter_misc":{"\u00c9crit par":"MC","Dur\u00e9e de lecture estim\u00e9e":"1 minute"},"schema":{"@context":"https:\/\/schema.org","@graph":[{"@type":"NewsArticle","@id":"https:\/\/www.webdo.tn\/fr\/actualite\/sport\/jeux-paralympiques-walid-ktila-medaille-d-argent\/216129\/#article","isPartOf":{"@id":"https:\/\/www.webdo.tn\/fr\/actualite\/sport\/jeux-paralympiques-walid-ktila-medaille-d-argent\/216129\/"},"author":{"name":"MC","@id":"https:\/\/www.webdo.tn\/fr\/#\/schema\/person\/2c4929cbf5a809e3bd38617c6ce150f6"},"headline":"Jeux Paralympiques : Walid Ktila m\u00e9daill\u00e9 d\u2019argent","datePublished":"2024-09-02T11:34:00+00:00","dateModified":"2025-05-20T21:49:24+00:00","mainEntityOfPage":{"@id":"https:\/\/www.webdo.tn\/fr\/actualite\/sport\/jeux-paralympiques-walid-ktila-medaille-d-argent\/216129\/"},"wordCount":267,"commentCount":0,"publisher":{"@id":"https:\/\/www.webdo.tn\/fr\/#organization"},"image":{"@id":"https:\/\/www.webdo.tn\/fr\/actualite\/sport\/jeux-paralympiques-walid-ktila-medaille-d-argent\/216129\/#primaryimage"},"thumbnailUrl":"https:\/\/www.webdo.tn\/fr\/wp-content\/uploads\/2024\/09\/efcc533ae7c75dfdbd25390d1bef7070.webp","keywords":["jeux paralympiques","m\u00e9daille d'argent","Paris 2024","Walid Ktila"],"articleSection":["Sport"],"inLanguage":"fr-FR"},{"@type":"WebPage","@id":"https:\/\/www.webdo.tn\/fr\/actualite\/sport\/jeux-paralympiques-walid-ktila-medaille-d-argent\/216129\/","url":"https:\/\/www.webdo.tn\/fr\/actualite\/sport\/jeux-paralympiques-walid-ktila-medaille-d-argent\/216129\/","name":"Jeux Paralympiques : Walid Ktila m\u00e9daill\u00e9 d\u2019argent","isPartOf":{"@id":"https:\/\/www.webdo.tn\/fr\/#website"},"primaryImageOfPage":{"@id":"https:\/\/www.webdo.tn\/fr\/actualite\/sport\/jeux-paralympiques-walid-ktila-medaille-d-argent\/216129\/#primaryimage"},"image":{"@id":"https:\/\/www.webdo.tn\/fr\/actualite\/sport\/jeux-paralympiques-walid-ktila-medaille-d-argent\/216129\/#primaryimage"},"thumbnailUrl":"https:\/\/www.webdo.tn\/fr\/wp-content\/uploads\/2024\/09\/efcc533ae7c75dfdbd25390d1bef7070.webp","datePublished":"2024-09-02T11:34:00+00:00","dateModified":"2025-05-20T21:49:24+00:00","description":"Le champion du monde et paralympique Walid Katila a remport\u00e9, aujourd'hui, lundi 2 septembre 2024, la m\u00e9daille d'argent lors de la finale du 100 m\u00e8tres T34 aux...","breadcrumb":{"@id":"https:\/\/www.webdo.tn\/fr\/actualite\/sport\/jeux-paralympiques-walid-ktila-medaille-d-argent\/216129\/#breadcrumb"},"inLanguage":"fr-FR","potentialAction":[{"@type":"ReadAction","target":["https:\/\/www.webdo.tn\/fr\/actualite\/sport\/jeux-paralympiques-walid-ktila-medaille-d-argent\/216129\/"]}]},{"@type":"ImageObject","inLanguage":"fr-FR","@id":"https:\/\/www.webdo.tn\/fr\/actualite\/sport\/jeux-paralympiques-walid-ktila-medaille-d-argent\/216129\/#primaryimage","url":"https:\/\/www.webdo.tn\/fr\/wp-content\/uploads\/2024\/09\/efcc533ae7c75dfdbd25390d1bef7070.webp","contentUrl":"https:\/\/www.webdo.tn\/fr\/wp-content\/uploads\/2024\/09\/efcc533ae7c75dfdbd25390d1bef7070.webp","width":750,"height":400,"caption":"Jeux Paralympiques : Walid Ktila m\u00e9daill\u00e9 d\u2019argent"},{"@type":"BreadcrumbList","@id":"https:\/\/www.webdo.tn\/fr\/actualite\/sport\/jeux-paralympiques-walid-ktila-medaille-d-argent\/216129\/#breadcrumb","itemListElement":[{"@type":"ListItem","position":1,"name":"Accueil","item":"https:\/\/www.webdo.tn\/fr\/"},{"@type":"ListItem","position":2,"name":"Jeux Paralympiques : Walid Ktila m\u00e9daill\u00e9 d\u2019argent"}]},{"@type":"WebSite","@id":"https:\/\/www.webdo.tn\/fr\/#website","url":"https:\/\/www.webdo.tn\/fr\/","name":"webdo","description":"Tunisie - News en Tunisie et \u00e0 l&#039;international sur Webdo.tn","publisher":{"@id":"https:\/\/www.webdo.tn\/fr\/#organization"},"potentialAction":[{"@type":"SearchAction","target":{"@type":"EntryPoint","urlTemplate":"https:\/\/www.webdo.tn\/fr\/?s={search_term_string}"},"query-input":{"@type":"PropertyValueSpecification","valueRequired":true,"valueName":"search_term_string"}}],"inLanguage":"fr-FR"},{"@type":"Organization","@id":"https:\/\/www.webdo.tn\/fr\/#organization","name":"Webdo","alternateName":"Webdo.tn","url":"https:\/\/www.webdo.tn\/fr\/","logo":{"@type":"ImageObject","inLanguage":"fr-FR","@id":"https:\/\/www.webdo.tn\/fr\/#\/schema\/logo\/image\/","url":"https:\/\/www.webdo.tn\/fr\/wp-content\/uploads\/2025\/06\/Webdo-Tunisie_168377.jpg","contentUrl":"https:\/\/www.webdo.tn\/fr\/wp-content\/uploads\/2025\/06\/Webdo-Tunisie_168377.jpg","width":301,"height":301,"caption":"Webdo"},"image":{"@id":"https:\/\/www.webdo.tn\/fr\/#\/schema\/logo\/image\/"},"sameAs":["https:\/\/www.facebook.com\/webdotn","https:\/\/x.com\/webdo_tn"],"description":"Webdo est un m\u00e9dia num\u00e9rique tunisien fond\u00e9 en 2010, sp\u00e9cialis\u00e9 dans l\u2019actualit\u00e9 nationale et internationale, l\u2019\u00e9conomie, la soci\u00e9t\u00e9 et les analyses politiques. Le site s\u2019adresse \u00e0 un large public francophone et couvre l\u2019information tunisienne en temps r\u00e9el.","email":"redac@webdo.tn","legalName":"YNJ SARL","foundingDate":"2010-09-06","numberOfEmployees":{"@type":"QuantitativeValue","minValue":"11","maxValue":"50"}},{"@type":"Person","@id":"https:\/\/www.webdo.tn\/fr\/#\/schema\/person\/2c4929cbf5a809e3bd38617c6ce150f6","name":"MC","image":{"@type":"ImageObject","inLanguage":"fr-FR","@id":"https:\/\/secure.gravatar.com\/avatar\/a545bbb6f84efdd5553dbbc2895e3ca8f1d12c5215e00a041c9670b54aa9b18a?s=96&d=mm&r=g","url":"https:\/\/secure.gravatar.com\/avatar\/a545bbb6f84efdd5553dbbc2895e3ca8f1d12c5215e00a041c9670b54aa9b18a?s=96&d=mm&r=g","contentUrl":"https:\/\/secure.gravatar.com\/avatar\/a545bbb6f84efdd5553dbbc2895e3ca8f1d12c5215e00a041c9670b54aa9b18a?s=96&d=mm&r=g","caption":"MC"},"url":"https:\/\/www.webdo.tn\/fr\/actualite\/author\/mc\/"}]}},"_links":{"self":[{"href":"https:\/\/www.webdo.tn\/fr\/wp-json\/wp\/v2\/posts\/216129","targetHints":{"allow":["GET"]}}],"collection":[{"href":"https:\/\/www.webdo.tn\/fr\/wp-json\/wp\/v2\/posts"}],"about":[{"href":"https:\/\/www.webdo.tn\/fr\/wp-json\/wp\/v2\/types\/post"}],"author":[{"embeddable":true,"href":"https:\/\/www.webdo.tn\/fr\/wp-json\/wp\/v2\/users\/3162"}],"replies":[{"embeddable":true,"href":"https:\/\/www.webdo.tn\/fr\/wp-json\/wp\/v2\/comments?post=216129"}],"version-history":[{"count":0,"href":"https:\/\/www.webdo.tn\/fr\/wp-json\/wp\/v2\/posts\/216129\/revisions"}],"wp:featuredmedia":[{"embeddable":true,"href":"https:\/\/www.webdo.tn\/fr\/wp-json\/wp\/v2\/media\/246650"}],"wp:attachment":[{"href":"https:\/\/www.webdo.tn\/fr\/wp-json\/wp\/v2\/media?parent=216129"}],"wp:term":[{"taxonomy":"category","embeddable":true,"href":"https:\/\/www.webdo.tn\/fr\/wp-json\/wp\/v2\/categories?post=216129"},{"taxonomy":"post_tag","embeddable":true,"href":"https:\/\/www.webdo.tn\/fr\/wp-json\/wp\/v2\/tags?post=216129"}],"curies":[{"name":"wp","href":"https:\/\/api.w.org\/{rel}","templated":true}]}}