{"id":216127,"date":"2024-09-02T10:48:00","date_gmt":"2024-09-02T10:48:00","guid":{"rendered":"https:\/\/www.webdo.tn\/fr\/blog\/tunisie-arrestation-de-ayachi-zammel-et-midi-show-existe-t-il-un-rapport\/216127\/"},"modified":"2025-05-20T22:34:49","modified_gmt":"2025-05-20T22:34:49","slug":"tunisie-arrestation-de-ayachi-zammel-et-midi-show-existe-t-il-un-rapport","status":"publish","type":"post","link":"https:\/\/www.webdo.tn\/fr\/actualite\/national\/tunisie-arrestation-de-ayachi-zammel-et-midi-show-existe-t-il-un-rapport\/216127\/","title":{"rendered":"Tunisie &#8211; Arrestation d&rsquo;Ayachi  Zammel : Premi\u00e8re r\u00e9action de la Justice"},"content":{"rendered":"<p>La Justice vient de commenter l&rsquo;arrestation du candidat \u00e0 la Pr\u00e9sidentielle Ayachi Zammel en affirmant qu&rsquo;il \u00e9tait toujours dans la phase d&rsquo;investigation.<\/p>\n<p>\t\t\t\t\t\t\t\t\tLa porte-parole du tribunal de premi\u00e8re instance de Manouba, Sondes Nouioua, a d\u00e9clar\u00e9 ce lundi qu&rsquo;aucune d\u00e9cision n&rsquo;a \u00e9t\u00e9 prise jusqu&rsquo;\u00e0 pr\u00e9sent par le minist\u00e8re public du tribunal concernant la d\u00e9tention du candidat \u00e0 l&rsquo;\u00e9lection pr\u00e9sidentielle, Ayachi Zammel, qui a \u00e9t\u00e9 arr\u00eat\u00e9 ce matin dans une affaire li\u00e9e \u00e0 des soup\u00e7ons de \u00ab\u00a0falsification de parrainages et de remise de cadeaux dans le but d&rsquo;influencer les \u00e9lecteurs\u00a0\u00bb.<\/p>\n<p>Nouioua a pr\u00e9cis\u00e9, dans une d\u00e9claration \u00e0 l&rsquo;Agence Tunis Afrique Presse, qu&rsquo;Ayachi Zammel est toujours en cours d&rsquo;enqu\u00eate judiciaire ouverte \u00e0 son encontre par la brigade de recherche et d&rsquo;investigation de la Garde nationale \u00e0 T\u00e9bourba dans le gouvernorat de la Manouba dans cette affaire.<\/p>\n<p>Elle a ajout\u00e9 que l&rsquo;enqu\u00eate judiciaire, ordonn\u00e9e par le minist\u00e8re public le 16 ao\u00fbt dernier, fait suite \u00e0 la plainte directe de 11 citoyens de la d\u00e9l\u00e9gation de T\u00e9bourba aupr\u00e8s de ladite brigade, dans laquelle ils ont mentionn\u00e9 que leurs donn\u00e9es personnelles avaient \u00e9t\u00e9 utilis\u00e9es pour remplir des parrainages en faveur d&rsquo;un des candidats \u00e0 l&rsquo;\u00e9lection pr\u00e9sidentielle sans leur consentement ou leur d\u00e9sir.<\/p>\n<p>Les plaignants ont d\u00e9couvert ce fait en utilisant le service de v\u00e9rification mis \u00e0 disposition du public par l&rsquo;Instance Sup\u00e9rieure Ind\u00e9pendante pour les \u00c9lections, afin de contrer toute tentative de fraude et de v\u00e9rifier l&rsquo;authenticit\u00e9 des parrainages.<\/p>\n<p>Les parrainages suspects ont \u00e9t\u00e9 soumis \u00e0 des expertises techniques, et ce lundi, le candidat \u00e0 la pr\u00e9sidentielle Ayachi Zammel a \u00e9t\u00e9 arr\u00eat\u00e9 et conduit de son domicile \u00e0 la zone de la Garde nationale \u00e0 T\u00e9bourba (Manouba) en raison de soup\u00e7ons de \u00ab\u00a0falsification de parrainages\u00a0\u00bb, selon l&rsquo;avocat Fawzi Jaballah.<\/p>\n<p>Retour sur son passage porgramm\u00e9 \u00e0 Midi-Show<\/p>\n<p>L\u2019arrestation du candidat \u00e0 la Pr\u00e9sidentielle Ayachi Zammel \u00e0 l\u2019aube de ce lundi 2 septembre 2024 a fait\u00a0r\u00e9agir plus d\u2019un.Le candidat devait participer \u00e0 l&rsquo;\u00e9mission politique phare de la radio Mosa\u00efque FM, \u00ab\u00a0Midi-Show\u00a0\u00bb, mais il a \u00e9t\u00e9 arr\u00eat\u00e9 quelques heures avant son passage.<\/p>\n<p>C\u2019est ce que sous-entendent certaines figures m\u00e9diatiques. Amira Mohamed journaliste \u00e0 Mosa\u00efque et ancienne vice-pr\u00e9sidente du SNJT a rapidement r\u00e9agi sur son compte Facebook affirmant que \u00ab l\u2019homme a \u00e9t\u00e9 arr\u00eat\u00e9 alors qu\u2019il s\u2019appr\u00eatait \u00e0 passer sur les antennes de Mosa\u00efque FM \u00bb.\u00a0<\/p>\n<p>Pour sa part, le journaliste Zied El-Heni s\u2019est \u00e9galement demand\u00e9 sur le timing de cette arrestation et si elle \u00e9tait en rapport avec ce passage m\u00e9diatique.\u00a0<\/p>\n<p>Ayachi Zammel lui-m\u00eame a annonc\u00e9 hier dimanche qu\u2019il allait passer sur les ondes de ladite radio sans donner plus de d\u00e9tails sur les dossiers qu\u2019il devait aborder.<\/p>\n<p>Il convient de rappeler que le conseil de la chambre correctionnelle d&rsquo;\u00e9t\u00e9 du tribunal de premi\u00e8re instance de Tunis 2 avait auparavant d\u00e9cid\u00e9 de maintenir en libert\u00e9 la tr\u00e9sori\u00e8re du mouvement Azimoun, charg\u00e9e de collecter les parrainages pour le candidat Ayachi Zammel, en la pla\u00e7ant sous surveillance administrative et en reportant l&rsquo;examen des affaires port\u00e9es contre elle et le candidat pr\u00e9sidentiel en question \u00e0 la s\u00e9ance du 19 septembre prochain.<\/p>\n<p>Il est \u00e9galement \u00e0 noter qu&rsquo;Ayachi Zammel a comparu devant le conseil de la chambre correctionnelle d&rsquo;\u00e9t\u00e9 du tribunal de premi\u00e8re instance de Tunis 2 le jeudi 29 ao\u00fbt 2024, tandis que la personne charg\u00e9e de collecter les parrainages a comparu en \u00e9tat d&rsquo;arrestation pour \u00eatre jug\u00e9e dans quatre affaires port\u00e9es contre eux, concernant des accusations li\u00e9es \u00e0 la falsification de parrainages.<\/p>\n","protected":false},"excerpt":{"rendered":"<p>Ayachi Zammel a \u00e9t\u00e9 arr\u00eat\u00e9 alors qu&rsquo;il devait passer \u00e0 l&rsquo;\u00e9mission Midi-Show de Mosa\u00efque FM.<\/p>\n","protected":false},"author":3175,"featured_media":246651,"comment_status":"open","ping_status":"closed","sticky":false,"template":"","format":"standard","meta":{"footnotes":""},"categories":[44],"tags":[5809,5808,2608],"class_list":["post-216127","post","type-post","status-publish","format-standard","has-post-thumbnail","hentry","category-national","tag-midi-show","tag-mosaique-fm","tag-tunisie"],"yoast_head":"<!-- This site is optimized with the Yoast SEO Premium plugin v27.5 (Yoast SEO v27.5) - https:\/\/yoast.com\/product\/yoast-seo-premium-wordpress\/ -->\n<title>Tunisie - Arrestation d&#039;Ayachi Zammel : Premi\u00e8re r\u00e9action de la Justice<\/title>\n<meta name=\"description\" content=\"Ayachi Zammel a \u00e9t\u00e9 arr\u00eat\u00e9 alors qu&#039;il devait passer \u00e0 l&#039;\u00e9mission Midi-Show de Mosa\u00efque FM.\" \/>\n<link rel=\"canonical\" href=\"https:\/\/www.webdo.tn\/fr\/actualite\/national\/tunisie-arrestation-de-ayachi-zammel-et-midi-show-existe-t-il-un-rapport\/216127\/\" \/>\n<meta property=\"og:locale\" content=\"fr_FR\" \/>\n<meta property=\"og:type\" content=\"article\" \/>\n<meta property=\"og:title\" content=\"Tunisie - Arrestation d&#039;Ayachi Zammel : Premi\u00e8re r\u00e9action de la Justice\" \/>\n<meta property=\"og:description\" content=\"Ayachi Zammel a \u00e9t\u00e9 arr\u00eat\u00e9 alors qu&#039;il devait passer \u00e0 l&#039;\u00e9mission Midi-Show de Mosa\u00efque FM.\" \/>\n<meta property=\"og:url\" content=\"https:\/\/www.webdo.tn\/fr\/actualite\/national\/tunisie-arrestation-de-ayachi-zammel-et-midi-show-existe-t-il-un-rapport\/216127\/\" \/>\n<meta property=\"og:site_name\" content=\"webdo\" \/>\n<meta property=\"article:publisher\" content=\"https:\/\/www.facebook.com\/webdotn\" \/>\n<meta property=\"article:published_time\" content=\"2024-09-02T10:48:00+00:00\" \/>\n<meta property=\"article:modified_time\" content=\"2025-05-20T22:34:49+00:00\" \/>\n<meta property=\"og:image\" content=\"https:\/\/www.webdo.tn\/fr\/wp-content\/uploads\/2024\/09\/1f9012bf6c92701240d90ff991047bbd.webp\" \/>\n\t<meta property=\"og:image:width\" content=\"670\" \/>\n\t<meta property=\"og:image:height\" content=\"357\" \/>\n\t<meta property=\"og:image:type\" content=\"image\/webp\" \/>\n<meta name=\"author\" content=\"CL\" \/>\n<meta name=\"twitter:card\" content=\"summary_large_image\" \/>\n<meta name=\"twitter:creator\" content=\"@webdo_tn\" \/>\n<meta name=\"twitter:site\" content=\"@webdo_tn\" \/>\n<meta name=\"twitter:label1\" content=\"\u00c9crit par\" \/>\n\t<meta name=\"twitter:data1\" content=\"CL\" \/>\n\t<meta name=\"twitter:label2\" content=\"Dur\u00e9e de lecture estim\u00e9e\" \/>\n\t<meta name=\"twitter:data2\" content=\"3 minutes\" \/>\n<script type=\"application\/ld+json\" class=\"yoast-schema-graph\">{\"@context\":\"https:\\\/\\\/schema.org\",\"@graph\":[{\"@type\":\"NewsArticle\",\"@id\":\"https:\\\/\\\/www.webdo.tn\\\/fr\\\/actualite\\\/national\\\/tunisie-arrestation-de-ayachi-zammel-et-midi-show-existe-t-il-un-rapport\\\/216127\\\/#article\",\"isPartOf\":{\"@id\":\"https:\\\/\\\/www.webdo.tn\\\/fr\\\/actualite\\\/national\\\/tunisie-arrestation-de-ayachi-zammel-et-midi-show-existe-t-il-un-rapport\\\/216127\\\/\"},\"author\":{\"name\":\"CL\",\"@id\":\"https:\\\/\\\/www.webdo.tn\\\/fr\\\/#\\\/schema\\\/person\\\/f35b42a42c5e2511bbd282959d6385cc\"},\"headline\":\"Tunisie &#8211; Arrestation d&rsquo;Ayachi Zammel : Premi\u00e8re r\u00e9action de la Justice\",\"datePublished\":\"2024-09-02T10:48:00+00:00\",\"dateModified\":\"2025-05-20T22:34:49+00:00\",\"mainEntityOfPage\":{\"@id\":\"https:\\\/\\\/www.webdo.tn\\\/fr\\\/actualite\\\/national\\\/tunisie-arrestation-de-ayachi-zammel-et-midi-show-existe-t-il-un-rapport\\\/216127\\\/\"},\"wordCount\":641,\"commentCount\":0,\"publisher\":{\"@id\":\"https:\\\/\\\/www.webdo.tn\\\/fr\\\/#organization\"},\"image\":{\"@id\":\"https:\\\/\\\/www.webdo.tn\\\/fr\\\/actualite\\\/national\\\/tunisie-arrestation-de-ayachi-zammel-et-midi-show-existe-t-il-un-rapport\\\/216127\\\/#primaryimage\"},\"thumbnailUrl\":\"https:\\\/\\\/www.webdo.tn\\\/fr\\\/wp-content\\\/uploads\\\/2024\\\/09\\\/1f9012bf6c92701240d90ff991047bbd.webp\",\"keywords\":[\"midi show\",\"mosaique fm\",\"Tunisie\"],\"articleSection\":[\"National\"],\"inLanguage\":\"fr-FR\"},{\"@type\":\"WebPage\",\"@id\":\"https:\\\/\\\/www.webdo.tn\\\/fr\\\/actualite\\\/national\\\/tunisie-arrestation-de-ayachi-zammel-et-midi-show-existe-t-il-un-rapport\\\/216127\\\/\",\"url\":\"https:\\\/\\\/www.webdo.tn\\\/fr\\\/actualite\\\/national\\\/tunisie-arrestation-de-ayachi-zammel-et-midi-show-existe-t-il-un-rapport\\\/216127\\\/\",\"name\":\"Tunisie - Arrestation d'Ayachi Zammel : Premi\u00e8re r\u00e9action de la Justice\",\"isPartOf\":{\"@id\":\"https:\\\/\\\/www.webdo.tn\\\/fr\\\/#website\"},\"primaryImageOfPage\":{\"@id\":\"https:\\\/\\\/www.webdo.tn\\\/fr\\\/actualite\\\/national\\\/tunisie-arrestation-de-ayachi-zammel-et-midi-show-existe-t-il-un-rapport\\\/216127\\\/#primaryimage\"},\"image\":{\"@id\":\"https:\\\/\\\/www.webdo.tn\\\/fr\\\/actualite\\\/national\\\/tunisie-arrestation-de-ayachi-zammel-et-midi-show-existe-t-il-un-rapport\\\/216127\\\/#primaryimage\"},\"thumbnailUrl\":\"https:\\\/\\\/www.webdo.tn\\\/fr\\\/wp-content\\\/uploads\\\/2024\\\/09\\\/1f9012bf6c92701240d90ff991047bbd.webp\",\"datePublished\":\"2024-09-02T10:48:00+00:00\",\"dateModified\":\"2025-05-20T22:34:49+00:00\",\"description\":\"Ayachi Zammel a \u00e9t\u00e9 arr\u00eat\u00e9 alors qu'il devait passer \u00e0 l'\u00e9mission Midi-Show de Mosa\u00efque FM.\",\"breadcrumb\":{\"@id\":\"https:\\\/\\\/www.webdo.tn\\\/fr\\\/actualite\\\/national\\\/tunisie-arrestation-de-ayachi-zammel-et-midi-show-existe-t-il-un-rapport\\\/216127\\\/#breadcrumb\"},\"inLanguage\":\"fr-FR\",\"potentialAction\":[{\"@type\":\"ReadAction\",\"target\":[\"https:\\\/\\\/www.webdo.tn\\\/fr\\\/actualite\\\/national\\\/tunisie-arrestation-de-ayachi-zammel-et-midi-show-existe-t-il-un-rapport\\\/216127\\\/\"]}]},{\"@type\":\"ImageObject\",\"inLanguage\":\"fr-FR\",\"@id\":\"https:\\\/\\\/www.webdo.tn\\\/fr\\\/actualite\\\/national\\\/tunisie-arrestation-de-ayachi-zammel-et-midi-show-existe-t-il-un-rapport\\\/216127\\\/#primaryimage\",\"url\":\"https:\\\/\\\/www.webdo.tn\\\/fr\\\/wp-content\\\/uploads\\\/2024\\\/09\\\/1f9012bf6c92701240d90ff991047bbd.webp\",\"contentUrl\":\"https:\\\/\\\/www.webdo.tn\\\/fr\\\/wp-content\\\/uploads\\\/2024\\\/09\\\/1f9012bf6c92701240d90ff991047bbd.webp\",\"width\":670,\"height\":357,\"caption\":\"Tunisie - Arrestation d'Ayachi Zammel : Premi\u00e8re r\u00e9action de la Justice\"},{\"@type\":\"BreadcrumbList\",\"@id\":\"https:\\\/\\\/www.webdo.tn\\\/fr\\\/actualite\\\/national\\\/tunisie-arrestation-de-ayachi-zammel-et-midi-show-existe-t-il-un-rapport\\\/216127\\\/#breadcrumb\",\"itemListElement\":[{\"@type\":\"ListItem\",\"position\":1,\"name\":\"Accueil\",\"item\":\"https:\\\/\\\/www.webdo.tn\\\/fr\\\/\"},{\"@type\":\"ListItem\",\"position\":2,\"name\":\"Tunisie &#8211; Arrestation d&#8217;Ayachi Zammel : Premi\u00e8re r\u00e9action de la Justice\"}]},{\"@type\":\"WebSite\",\"@id\":\"https:\\\/\\\/www.webdo.tn\\\/fr\\\/#website\",\"url\":\"https:\\\/\\\/www.webdo.tn\\\/fr\\\/\",\"name\":\"webdo\",\"description\":\"Tunisie - News en Tunisie et \u00e0 l&#039;international sur Webdo.tn\",\"publisher\":{\"@id\":\"https:\\\/\\\/www.webdo.tn\\\/fr\\\/#organization\"},\"potentialAction\":[{\"@type\":\"SearchAction\",\"target\":{\"@type\":\"EntryPoint\",\"urlTemplate\":\"https:\\\/\\\/www.webdo.tn\\\/fr\\\/?s={search_term_string}\"},\"query-input\":{\"@type\":\"PropertyValueSpecification\",\"valueRequired\":true,\"valueName\":\"search_term_string\"}}],\"inLanguage\":\"fr-FR\"},{\"@type\":\"Organization\",\"@id\":\"https:\\\/\\\/www.webdo.tn\\\/fr\\\/#organization\",\"name\":\"Webdo\",\"alternateName\":\"Webdo.tn\",\"url\":\"https:\\\/\\\/www.webdo.tn\\\/fr\\\/\",\"logo\":{\"@type\":\"ImageObject\",\"inLanguage\":\"fr-FR\",\"@id\":\"https:\\\/\\\/www.webdo.tn\\\/fr\\\/#\\\/schema\\\/logo\\\/image\\\/\",\"url\":\"https:\\\/\\\/www.webdo.tn\\\/fr\\\/wp-content\\\/uploads\\\/2025\\\/06\\\/Webdo-Tunisie_168377.jpg\",\"contentUrl\":\"https:\\\/\\\/www.webdo.tn\\\/fr\\\/wp-content\\\/uploads\\\/2025\\\/06\\\/Webdo-Tunisie_168377.jpg\",\"width\":301,\"height\":301,\"caption\":\"Webdo\"},\"image\":{\"@id\":\"https:\\\/\\\/www.webdo.tn\\\/fr\\\/#\\\/schema\\\/logo\\\/image\\\/\"},\"sameAs\":[\"https:\\\/\\\/www.facebook.com\\\/webdotn\",\"https:\\\/\\\/x.com\\\/webdo_tn\"],\"description\":\"Webdo est un m\u00e9dia num\u00e9rique tunisien fond\u00e9 en 2010, sp\u00e9cialis\u00e9 dans l\u2019actualit\u00e9 nationale et internationale, l\u2019\u00e9conomie, la soci\u00e9t\u00e9 et les analyses politiques. Le site s\u2019adresse \u00e0 un large public francophone et couvre l\u2019information tunisienne en temps r\u00e9el.\",\"email\":\"redac@webdo.tn\",\"legalName\":\"YNJ SARL\",\"foundingDate\":\"2010-09-06\",\"numberOfEmployees\":{\"@type\":\"QuantitativeValue\",\"minValue\":\"11\",\"maxValue\":\"50\"}},{\"@type\":\"Person\",\"@id\":\"https:\\\/\\\/www.webdo.tn\\\/fr\\\/#\\\/schema\\\/person\\\/f35b42a42c5e2511bbd282959d6385cc\",\"name\":\"CL\",\"image\":{\"@type\":\"ImageObject\",\"inLanguage\":\"fr-FR\",\"@id\":\"https:\\\/\\\/secure.gravatar.com\\\/avatar\\\/1447a49909b67aa657c488aec6512e1dd6143a480c1ecfee9b5b5cd74eb3b59e?s=96&d=mm&r=g\",\"url\":\"https:\\\/\\\/secure.gravatar.com\\\/avatar\\\/1447a49909b67aa657c488aec6512e1dd6143a480c1ecfee9b5b5cd74eb3b59e?s=96&d=mm&r=g\",\"contentUrl\":\"https:\\\/\\\/secure.gravatar.com\\\/avatar\\\/1447a49909b67aa657c488aec6512e1dd6143a480c1ecfee9b5b5cd74eb3b59e?s=96&d=mm&r=g\",\"caption\":\"CL\"},\"url\":\"https:\\\/\\\/www.webdo.tn\\\/fr\\\/actualite\\\/author\\\/cl\\\/\"}]}<\/script>\n<!-- \/ Yoast SEO Premium plugin. -->","yoast_head_json":{"title":"Tunisie - Arrestation d'Ayachi Zammel : Premi\u00e8re r\u00e9action de la Justice","description":"Ayachi Zammel a \u00e9t\u00e9 arr\u00eat\u00e9 alors qu'il devait passer \u00e0 l'\u00e9mission Midi-Show de Mosa\u00efque FM.","canonical":"https:\/\/www.webdo.tn\/fr\/actualite\/national\/tunisie-arrestation-de-ayachi-zammel-et-midi-show-existe-t-il-un-rapport\/216127\/","og_locale":"fr_FR","og_type":"article","og_title":"Tunisie - Arrestation d'Ayachi Zammel : Premi\u00e8re r\u00e9action de la Justice","og_description":"Ayachi Zammel a \u00e9t\u00e9 arr\u00eat\u00e9 alors qu'il devait passer \u00e0 l'\u00e9mission Midi-Show de Mosa\u00efque FM.","og_url":"https:\/\/www.webdo.tn\/fr\/actualite\/national\/tunisie-arrestation-de-ayachi-zammel-et-midi-show-existe-t-il-un-rapport\/216127\/","og_site_name":"webdo","article_publisher":"https:\/\/www.facebook.com\/webdotn","article_published_time":"2024-09-02T10:48:00+00:00","article_modified_time":"2025-05-20T22:34:49+00:00","og_image":[{"width":670,"height":357,"url":"https:\/\/www.webdo.tn\/fr\/wp-content\/uploads\/2024\/09\/1f9012bf6c92701240d90ff991047bbd.webp","type":"image\/webp"}],"author":"CL","twitter_card":"summary_large_image","twitter_creator":"@webdo_tn","twitter_site":"@webdo_tn","twitter_misc":{"\u00c9crit par":"CL","Dur\u00e9e de lecture estim\u00e9e":"3 minutes"},"schema":{"@context":"https:\/\/schema.org","@graph":[{"@type":"NewsArticle","@id":"https:\/\/www.webdo.tn\/fr\/actualite\/national\/tunisie-arrestation-de-ayachi-zammel-et-midi-show-existe-t-il-un-rapport\/216127\/#article","isPartOf":{"@id":"https:\/\/www.webdo.tn\/fr\/actualite\/national\/tunisie-arrestation-de-ayachi-zammel-et-midi-show-existe-t-il-un-rapport\/216127\/"},"author":{"name":"CL","@id":"https:\/\/www.webdo.tn\/fr\/#\/schema\/person\/f35b42a42c5e2511bbd282959d6385cc"},"headline":"Tunisie &#8211; Arrestation d&rsquo;Ayachi Zammel : Premi\u00e8re r\u00e9action de la Justice","datePublished":"2024-09-02T10:48:00+00:00","dateModified":"2025-05-20T22:34:49+00:00","mainEntityOfPage":{"@id":"https:\/\/www.webdo.tn\/fr\/actualite\/national\/tunisie-arrestation-de-ayachi-zammel-et-midi-show-existe-t-il-un-rapport\/216127\/"},"wordCount":641,"commentCount":0,"publisher":{"@id":"https:\/\/www.webdo.tn\/fr\/#organization"},"image":{"@id":"https:\/\/www.webdo.tn\/fr\/actualite\/national\/tunisie-arrestation-de-ayachi-zammel-et-midi-show-existe-t-il-un-rapport\/216127\/#primaryimage"},"thumbnailUrl":"https:\/\/www.webdo.tn\/fr\/wp-content\/uploads\/2024\/09\/1f9012bf6c92701240d90ff991047bbd.webp","keywords":["midi show","mosaique fm","Tunisie"],"articleSection":["National"],"inLanguage":"fr-FR"},{"@type":"WebPage","@id":"https:\/\/www.webdo.tn\/fr\/actualite\/national\/tunisie-arrestation-de-ayachi-zammel-et-midi-show-existe-t-il-un-rapport\/216127\/","url":"https:\/\/www.webdo.tn\/fr\/actualite\/national\/tunisie-arrestation-de-ayachi-zammel-et-midi-show-existe-t-il-un-rapport\/216127\/","name":"Tunisie - Arrestation d'Ayachi Zammel : Premi\u00e8re r\u00e9action de la Justice","isPartOf":{"@id":"https:\/\/www.webdo.tn\/fr\/#website"},"primaryImageOfPage":{"@id":"https:\/\/www.webdo.tn\/fr\/actualite\/national\/tunisie-arrestation-de-ayachi-zammel-et-midi-show-existe-t-il-un-rapport\/216127\/#primaryimage"},"image":{"@id":"https:\/\/www.webdo.tn\/fr\/actualite\/national\/tunisie-arrestation-de-ayachi-zammel-et-midi-show-existe-t-il-un-rapport\/216127\/#primaryimage"},"thumbnailUrl":"https:\/\/www.webdo.tn\/fr\/wp-content\/uploads\/2024\/09\/1f9012bf6c92701240d90ff991047bbd.webp","datePublished":"2024-09-02T10:48:00+00:00","dateModified":"2025-05-20T22:34:49+00:00","description":"Ayachi Zammel a \u00e9t\u00e9 arr\u00eat\u00e9 alors qu'il devait passer \u00e0 l'\u00e9mission Midi-Show de Mosa\u00efque FM.","breadcrumb":{"@id":"https:\/\/www.webdo.tn\/fr\/actualite\/national\/tunisie-arrestation-de-ayachi-zammel-et-midi-show-existe-t-il-un-rapport\/216127\/#breadcrumb"},"inLanguage":"fr-FR","potentialAction":[{"@type":"ReadAction","target":["https:\/\/www.webdo.tn\/fr\/actualite\/national\/tunisie-arrestation-de-ayachi-zammel-et-midi-show-existe-t-il-un-rapport\/216127\/"]}]},{"@type":"ImageObject","inLanguage":"fr-FR","@id":"https:\/\/www.webdo.tn\/fr\/actualite\/national\/tunisie-arrestation-de-ayachi-zammel-et-midi-show-existe-t-il-un-rapport\/216127\/#primaryimage","url":"https:\/\/www.webdo.tn\/fr\/wp-content\/uploads\/2024\/09\/1f9012bf6c92701240d90ff991047bbd.webp","contentUrl":"https:\/\/www.webdo.tn\/fr\/wp-content\/uploads\/2024\/09\/1f9012bf6c92701240d90ff991047bbd.webp","width":670,"height":357,"caption":"Tunisie - Arrestation d'Ayachi Zammel : Premi\u00e8re r\u00e9action de la Justice"},{"@type":"BreadcrumbList","@id":"https:\/\/www.webdo.tn\/fr\/actualite\/national\/tunisie-arrestation-de-ayachi-zammel-et-midi-show-existe-t-il-un-rapport\/216127\/#breadcrumb","itemListElement":[{"@type":"ListItem","position":1,"name":"Accueil","item":"https:\/\/www.webdo.tn\/fr\/"},{"@type":"ListItem","position":2,"name":"Tunisie &#8211; Arrestation d&#8217;Ayachi Zammel : Premi\u00e8re r\u00e9action de la Justice"}]},{"@type":"WebSite","@id":"https:\/\/www.webdo.tn\/fr\/#website","url":"https:\/\/www.webdo.tn\/fr\/","name":"webdo","description":"Tunisie - News en Tunisie et \u00e0 l&#039;international sur Webdo.tn","publisher":{"@id":"https:\/\/www.webdo.tn\/fr\/#organization"},"potentialAction":[{"@type":"SearchAction","target":{"@type":"EntryPoint","urlTemplate":"https:\/\/www.webdo.tn\/fr\/?s={search_term_string}"},"query-input":{"@type":"PropertyValueSpecification","valueRequired":true,"valueName":"search_term_string"}}],"inLanguage":"fr-FR"},{"@type":"Organization","@id":"https:\/\/www.webdo.tn\/fr\/#organization","name":"Webdo","alternateName":"Webdo.tn","url":"https:\/\/www.webdo.tn\/fr\/","logo":{"@type":"ImageObject","inLanguage":"fr-FR","@id":"https:\/\/www.webdo.tn\/fr\/#\/schema\/logo\/image\/","url":"https:\/\/www.webdo.tn\/fr\/wp-content\/uploads\/2025\/06\/Webdo-Tunisie_168377.jpg","contentUrl":"https:\/\/www.webdo.tn\/fr\/wp-content\/uploads\/2025\/06\/Webdo-Tunisie_168377.jpg","width":301,"height":301,"caption":"Webdo"},"image":{"@id":"https:\/\/www.webdo.tn\/fr\/#\/schema\/logo\/image\/"},"sameAs":["https:\/\/www.facebook.com\/webdotn","https:\/\/x.com\/webdo_tn"],"description":"Webdo est un m\u00e9dia num\u00e9rique tunisien fond\u00e9 en 2010, sp\u00e9cialis\u00e9 dans l\u2019actualit\u00e9 nationale et internationale, l\u2019\u00e9conomie, la soci\u00e9t\u00e9 et les analyses politiques. Le site s\u2019adresse \u00e0 un large public francophone et couvre l\u2019information tunisienne en temps r\u00e9el.","email":"redac@webdo.tn","legalName":"YNJ SARL","foundingDate":"2010-09-06","numberOfEmployees":{"@type":"QuantitativeValue","minValue":"11","maxValue":"50"}},{"@type":"Person","@id":"https:\/\/www.webdo.tn\/fr\/#\/schema\/person\/f35b42a42c5e2511bbd282959d6385cc","name":"CL","image":{"@type":"ImageObject","inLanguage":"fr-FR","@id":"https:\/\/secure.gravatar.com\/avatar\/1447a49909b67aa657c488aec6512e1dd6143a480c1ecfee9b5b5cd74eb3b59e?s=96&d=mm&r=g","url":"https:\/\/secure.gravatar.com\/avatar\/1447a49909b67aa657c488aec6512e1dd6143a480c1ecfee9b5b5cd74eb3b59e?s=96&d=mm&r=g","contentUrl":"https:\/\/secure.gravatar.com\/avatar\/1447a49909b67aa657c488aec6512e1dd6143a480c1ecfee9b5b5cd74eb3b59e?s=96&d=mm&r=g","caption":"CL"},"url":"https:\/\/www.webdo.tn\/fr\/actualite\/author\/cl\/"}]}},"_links":{"self":[{"href":"https:\/\/www.webdo.tn\/fr\/wp-json\/wp\/v2\/posts\/216127","targetHints":{"allow":["GET"]}}],"collection":[{"href":"https:\/\/www.webdo.tn\/fr\/wp-json\/wp\/v2\/posts"}],"about":[{"href":"https:\/\/www.webdo.tn\/fr\/wp-json\/wp\/v2\/types\/post"}],"author":[{"embeddable":true,"href":"https:\/\/www.webdo.tn\/fr\/wp-json\/wp\/v2\/users\/3175"}],"replies":[{"embeddable":true,"href":"https:\/\/www.webdo.tn\/fr\/wp-json\/wp\/v2\/comments?post=216127"}],"version-history":[{"count":0,"href":"https:\/\/www.webdo.tn\/fr\/wp-json\/wp\/v2\/posts\/216127\/revisions"}],"wp:featuredmedia":[{"embeddable":true,"href":"https:\/\/www.webdo.tn\/fr\/wp-json\/wp\/v2\/media\/246651"}],"wp:attachment":[{"href":"https:\/\/www.webdo.tn\/fr\/wp-json\/wp\/v2\/media?parent=216127"}],"wp:term":[{"taxonomy":"category","embeddable":true,"href":"https:\/\/www.webdo.tn\/fr\/wp-json\/wp\/v2\/categories?post=216127"},{"taxonomy":"post_tag","embeddable":true,"href":"https:\/\/www.webdo.tn\/fr\/wp-json\/wp\/v2\/tags?post=216127"}],"curies":[{"name":"wp","href":"https:\/\/api.w.org\/{rel}","templated":true}]}}