{"id":216121,"date":"2024-09-02T08:18:00","date_gmt":"2024-09-02T08:18:00","guid":{"rendered":"https:\/\/www.webdo.tn\/fr\/blog\/tunisie-pluies-torrentielles-aujourd-hui-sur-ces-regions\/216121\/"},"modified":"2025-05-20T22:54:50","modified_gmt":"2025-05-20T22:54:50","slug":"tunisie-pluies-torrentielles-aujourd-hui-sur-ces-regions","status":"publish","type":"post","link":"https:\/\/www.webdo.tn\/fr\/actualite\/national\/tunisie-pluies-torrentielles-aujourd-hui-sur-ces-regions\/216121\/","title":{"rendered":"Tunisie : Pluies torrentielles aujourd\u2019hui sur ces r\u00e9gions"},"content":{"rendered":"<p>Selon les pr\u00e9visions de l\u2019Institut national de la m\u00e9t\u00e9orologie, le temps sera partiellement nuageux, devenant progressivement tr\u00e8s nuageux dans l&rsquo;apr\u00e8s-midi au nord et au centre avec l&rsquo;apparition de cellules orageuses locales accompagn\u00e9es de pluies parfois intenses en peu de temps.\u00a0<\/p>\n<p>Les gouvernroats les plus concern\u00e9s par cette alert\u00e9 m\u00e9t\u00e9o ne sont autres que Nabeul, Kairouan, Zaghouan, Sousse,\u00a0la partie sud du Grand-Tunis et quelques r\u00e9gions du nord.\u00a0<\/p>\n<p>Ces orages toucheront \u00e9galement localement le sud, avec des chutes de gr\u00eale et l&rsquo;apparition de foudres dans des zones limit\u00e9es.<\/p>\n<p>Toujours selon l\u2019INM, le vent sera de secteur est au nord et de secteur sud au centre et au sud, faible \u00e0 mod\u00e9r\u00e9, puis se renfor\u00e7ant relativement pr\u00e8s des c\u00f4tes est dans l&rsquo;apr\u00e8s-midi. Il pourrait d\u00e9passer temporairement 90 km\/h sous forme de rafales lors de l&rsquo;apparition des nuages orageux.<\/p>\n<p>La mer sera agit\u00e9e, puis deviendra tr\u00e8s agit\u00e9e sur les c\u00f4tes est, a-t-on \u00e9galement pr\u00e9cis\u00e9.\u00a0<\/p>\n<p>Les temp\u00e9ratures maximales varieront entre 33 et 38 degr\u00e9s dans les r\u00e9gions c\u00f4ti\u00e8res et les hauteurs de l&rsquo;ouest, et entre 38 et 42 degr\u00e9s dans les autres r\u00e9gions, avec l&rsquo;apparition locale du sirocco.<\/p>\n","protected":false},"excerpt":{"rendered":"<p>Les gouvernorats les plus concern\u00e9s par cette alert\u00e9 m\u00e9t\u00e9o ne sont autres que Nabeul, Kairouan, la partie sud du Grand-Tunis et quelques r\u00e9gions du nord.<\/p>\n","protected":false},"author":3175,"featured_media":291015,"comment_status":"open","ping_status":"closed","sticky":false,"template":"","format":"standard","meta":{"footnotes":""},"categories":[44],"tags":[2670,3163,2608],"class_list":["post-216121","post","type-post","status-publish","format-standard","has-post-thumbnail","hentry","category-national","tag-meteo","tag-pluies","tag-tunisie"],"yoast_head":"<!-- This site is optimized with the Yoast SEO Premium plugin v27.5 (Yoast SEO v27.5) - https:\/\/yoast.com\/product\/yoast-seo-premium-wordpress\/ -->\n<title>Tunisie : Pluies torrentielles aujourd\u2019hui sur ces r\u00e9gions<\/title>\n<meta name=\"description\" content=\"Les gouvernorats les plus concern\u00e9s par cette alert\u00e9 m\u00e9t\u00e9o ne sont autres que Nabeul, Kairouan, la partie sud du Grand-Tunis et quelques r\u00e9gions du nord.\" \/>\n<link rel=\"canonical\" href=\"https:\/\/www.webdo.tn\/fr\/actualite\/national\/tunisie-pluies-torrentielles-aujourd-hui-sur-ces-regions\/216121\/\" \/>\n<meta property=\"og:locale\" content=\"fr_FR\" \/>\n<meta property=\"og:type\" content=\"article\" \/>\n<meta property=\"og:title\" content=\"Tunisie : Pluies torrentielles aujourd\u2019hui sur ces r\u00e9gions\" \/>\n<meta property=\"og:description\" content=\"Les gouvernorats les plus concern\u00e9s par cette alert\u00e9 m\u00e9t\u00e9o ne sont autres que Nabeul, Kairouan, la partie sud du Grand-Tunis et quelques r\u00e9gions du nord.\" \/>\n<meta property=\"og:url\" content=\"https:\/\/www.webdo.tn\/fr\/actualite\/national\/tunisie-pluies-torrentielles-aujourd-hui-sur-ces-regions\/216121\/\" \/>\n<meta property=\"og:site_name\" content=\"webdo\" \/>\n<meta property=\"article:publisher\" content=\"https:\/\/www.facebook.com\/webdotn\" \/>\n<meta property=\"article:published_time\" content=\"2024-09-02T08:18:00+00:00\" \/>\n<meta property=\"article:modified_time\" content=\"2025-05-20T22:54:50+00:00\" \/>\n<meta property=\"og:image\" content=\"https:\/\/www.webdo.tn\/fr\/wp-content\/uploads\/2024\/09\/98063c7ede93aa138365b6f2ac9967a1.webp\" \/>\n\t<meta property=\"og:image:width\" content=\"750\" \/>\n\t<meta property=\"og:image:height\" content=\"400\" \/>\n\t<meta property=\"og:image:type\" content=\"image\/webp\" \/>\n<meta name=\"author\" content=\"CL\" \/>\n<meta name=\"twitter:card\" content=\"summary_large_image\" \/>\n<meta name=\"twitter:creator\" content=\"@webdo_tn\" \/>\n<meta name=\"twitter:site\" content=\"@webdo_tn\" \/>\n<meta name=\"twitter:label1\" content=\"\u00c9crit par\" \/>\n\t<meta name=\"twitter:data1\" content=\"CL\" \/>\n\t<meta name=\"twitter:label2\" content=\"Dur\u00e9e de lecture estim\u00e9e\" \/>\n\t<meta name=\"twitter:data2\" content=\"1 minute\" \/>\n<script type=\"application\/ld+json\" class=\"yoast-schema-graph\">{\"@context\":\"https:\\\/\\\/schema.org\",\"@graph\":[{\"@type\":\"NewsArticle\",\"@id\":\"https:\\\/\\\/www.webdo.tn\\\/fr\\\/actualite\\\/national\\\/tunisie-pluies-torrentielles-aujourd-hui-sur-ces-regions\\\/216121\\\/#article\",\"isPartOf\":{\"@id\":\"https:\\\/\\\/www.webdo.tn\\\/fr\\\/actualite\\\/national\\\/tunisie-pluies-torrentielles-aujourd-hui-sur-ces-regions\\\/216121\\\/\"},\"author\":{\"name\":\"CL\",\"@id\":\"https:\\\/\\\/www.webdo.tn\\\/fr\\\/#\\\/schema\\\/person\\\/f35b42a42c5e2511bbd282959d6385cc\"},\"headline\":\"Tunisie : Pluies torrentielles aujourd\u2019hui sur ces r\u00e9gions\",\"datePublished\":\"2024-09-02T08:18:00+00:00\",\"dateModified\":\"2025-05-20T22:54:50+00:00\",\"mainEntityOfPage\":{\"@id\":\"https:\\\/\\\/www.webdo.tn\\\/fr\\\/actualite\\\/national\\\/tunisie-pluies-torrentielles-aujourd-hui-sur-ces-regions\\\/216121\\\/\"},\"wordCount\":227,\"commentCount\":0,\"publisher\":{\"@id\":\"https:\\\/\\\/www.webdo.tn\\\/fr\\\/#organization\"},\"image\":{\"@id\":\"https:\\\/\\\/www.webdo.tn\\\/fr\\\/actualite\\\/national\\\/tunisie-pluies-torrentielles-aujourd-hui-sur-ces-regions\\\/216121\\\/#primaryimage\"},\"thumbnailUrl\":\"https:\\\/\\\/www.webdo.tn\\\/fr\\\/wp-content\\\/uploads\\\/2024\\\/09\\\/98063c7ede93aa138365b6f2ac9967a1.webp\",\"keywords\":[\"m\u00e9t\u00e9o\",\"pluies\",\"Tunisie\"],\"articleSection\":[\"National\"],\"inLanguage\":\"fr-FR\"},{\"@type\":\"WebPage\",\"@id\":\"https:\\\/\\\/www.webdo.tn\\\/fr\\\/actualite\\\/national\\\/tunisie-pluies-torrentielles-aujourd-hui-sur-ces-regions\\\/216121\\\/\",\"url\":\"https:\\\/\\\/www.webdo.tn\\\/fr\\\/actualite\\\/national\\\/tunisie-pluies-torrentielles-aujourd-hui-sur-ces-regions\\\/216121\\\/\",\"name\":\"Tunisie : Pluies torrentielles aujourd\u2019hui sur ces r\u00e9gions\",\"isPartOf\":{\"@id\":\"https:\\\/\\\/www.webdo.tn\\\/fr\\\/#website\"},\"primaryImageOfPage\":{\"@id\":\"https:\\\/\\\/www.webdo.tn\\\/fr\\\/actualite\\\/national\\\/tunisie-pluies-torrentielles-aujourd-hui-sur-ces-regions\\\/216121\\\/#primaryimage\"},\"image\":{\"@id\":\"https:\\\/\\\/www.webdo.tn\\\/fr\\\/actualite\\\/national\\\/tunisie-pluies-torrentielles-aujourd-hui-sur-ces-regions\\\/216121\\\/#primaryimage\"},\"thumbnailUrl\":\"https:\\\/\\\/www.webdo.tn\\\/fr\\\/wp-content\\\/uploads\\\/2024\\\/09\\\/98063c7ede93aa138365b6f2ac9967a1.webp\",\"datePublished\":\"2024-09-02T08:18:00+00:00\",\"dateModified\":\"2025-05-20T22:54:50+00:00\",\"description\":\"Les gouvernorats les plus concern\u00e9s par cette alert\u00e9 m\u00e9t\u00e9o ne sont autres que Nabeul, Kairouan, la partie sud du Grand-Tunis et quelques r\u00e9gions du nord.\",\"breadcrumb\":{\"@id\":\"https:\\\/\\\/www.webdo.tn\\\/fr\\\/actualite\\\/national\\\/tunisie-pluies-torrentielles-aujourd-hui-sur-ces-regions\\\/216121\\\/#breadcrumb\"},\"inLanguage\":\"fr-FR\",\"potentialAction\":[{\"@type\":\"ReadAction\",\"target\":[\"https:\\\/\\\/www.webdo.tn\\\/fr\\\/actualite\\\/national\\\/tunisie-pluies-torrentielles-aujourd-hui-sur-ces-regions\\\/216121\\\/\"]}]},{\"@type\":\"ImageObject\",\"inLanguage\":\"fr-FR\",\"@id\":\"https:\\\/\\\/www.webdo.tn\\\/fr\\\/actualite\\\/national\\\/tunisie-pluies-torrentielles-aujourd-hui-sur-ces-regions\\\/216121\\\/#primaryimage\",\"url\":\"https:\\\/\\\/www.webdo.tn\\\/fr\\\/wp-content\\\/uploads\\\/2024\\\/09\\\/98063c7ede93aa138365b6f2ac9967a1.webp\",\"contentUrl\":\"https:\\\/\\\/www.webdo.tn\\\/fr\\\/wp-content\\\/uploads\\\/2024\\\/09\\\/98063c7ede93aa138365b6f2ac9967a1.webp\",\"width\":750,\"height\":400,\"caption\":\"Tunisie : Pluies torrentielles aujourd\u2019hui sur ces r\u00e9gions\"},{\"@type\":\"BreadcrumbList\",\"@id\":\"https:\\\/\\\/www.webdo.tn\\\/fr\\\/actualite\\\/national\\\/tunisie-pluies-torrentielles-aujourd-hui-sur-ces-regions\\\/216121\\\/#breadcrumb\",\"itemListElement\":[{\"@type\":\"ListItem\",\"position\":1,\"name\":\"Accueil\",\"item\":\"https:\\\/\\\/www.webdo.tn\\\/fr\\\/\"},{\"@type\":\"ListItem\",\"position\":2,\"name\":\"Tunisie : Pluies torrentielles aujourd\u2019hui sur ces r\u00e9gions\"}]},{\"@type\":\"WebSite\",\"@id\":\"https:\\\/\\\/www.webdo.tn\\\/fr\\\/#website\",\"url\":\"https:\\\/\\\/www.webdo.tn\\\/fr\\\/\",\"name\":\"webdo\",\"description\":\"Tunisie - News en Tunisie et \u00e0 l&#039;international sur Webdo.tn\",\"publisher\":{\"@id\":\"https:\\\/\\\/www.webdo.tn\\\/fr\\\/#organization\"},\"potentialAction\":[{\"@type\":\"SearchAction\",\"target\":{\"@type\":\"EntryPoint\",\"urlTemplate\":\"https:\\\/\\\/www.webdo.tn\\\/fr\\\/?s={search_term_string}\"},\"query-input\":{\"@type\":\"PropertyValueSpecification\",\"valueRequired\":true,\"valueName\":\"search_term_string\"}}],\"inLanguage\":\"fr-FR\"},{\"@type\":\"Organization\",\"@id\":\"https:\\\/\\\/www.webdo.tn\\\/fr\\\/#organization\",\"name\":\"Webdo\",\"alternateName\":\"Webdo.tn\",\"url\":\"https:\\\/\\\/www.webdo.tn\\\/fr\\\/\",\"logo\":{\"@type\":\"ImageObject\",\"inLanguage\":\"fr-FR\",\"@id\":\"https:\\\/\\\/www.webdo.tn\\\/fr\\\/#\\\/schema\\\/logo\\\/image\\\/\",\"url\":\"https:\\\/\\\/www.webdo.tn\\\/fr\\\/wp-content\\\/uploads\\\/2025\\\/06\\\/Webdo-Tunisie_168377.jpg\",\"contentUrl\":\"https:\\\/\\\/www.webdo.tn\\\/fr\\\/wp-content\\\/uploads\\\/2025\\\/06\\\/Webdo-Tunisie_168377.jpg\",\"width\":301,\"height\":301,\"caption\":\"Webdo\"},\"image\":{\"@id\":\"https:\\\/\\\/www.webdo.tn\\\/fr\\\/#\\\/schema\\\/logo\\\/image\\\/\"},\"sameAs\":[\"https:\\\/\\\/www.facebook.com\\\/webdotn\",\"https:\\\/\\\/x.com\\\/webdo_tn\"],\"description\":\"Webdo est un m\u00e9dia num\u00e9rique tunisien fond\u00e9 en 2010, sp\u00e9cialis\u00e9 dans l\u2019actualit\u00e9 nationale et internationale, l\u2019\u00e9conomie, la soci\u00e9t\u00e9 et les analyses politiques. Le site s\u2019adresse \u00e0 un large public francophone et couvre l\u2019information tunisienne en temps r\u00e9el.\",\"email\":\"redac@webdo.tn\",\"legalName\":\"YNJ SARL\",\"foundingDate\":\"2010-09-06\",\"numberOfEmployees\":{\"@type\":\"QuantitativeValue\",\"minValue\":\"11\",\"maxValue\":\"50\"}},{\"@type\":\"Person\",\"@id\":\"https:\\\/\\\/www.webdo.tn\\\/fr\\\/#\\\/schema\\\/person\\\/f35b42a42c5e2511bbd282959d6385cc\",\"name\":\"CL\",\"image\":{\"@type\":\"ImageObject\",\"inLanguage\":\"fr-FR\",\"@id\":\"https:\\\/\\\/secure.gravatar.com\\\/avatar\\\/1447a49909b67aa657c488aec6512e1dd6143a480c1ecfee9b5b5cd74eb3b59e?s=96&d=mm&r=g\",\"url\":\"https:\\\/\\\/secure.gravatar.com\\\/avatar\\\/1447a49909b67aa657c488aec6512e1dd6143a480c1ecfee9b5b5cd74eb3b59e?s=96&d=mm&r=g\",\"contentUrl\":\"https:\\\/\\\/secure.gravatar.com\\\/avatar\\\/1447a49909b67aa657c488aec6512e1dd6143a480c1ecfee9b5b5cd74eb3b59e?s=96&d=mm&r=g\",\"caption\":\"CL\"},\"url\":\"https:\\\/\\\/www.webdo.tn\\\/fr\\\/actualite\\\/author\\\/cl\\\/\"}]}<\/script>\n<!-- \/ Yoast SEO Premium plugin. -->","yoast_head_json":{"title":"Tunisie : Pluies torrentielles aujourd\u2019hui sur ces r\u00e9gions","description":"Les gouvernorats les plus concern\u00e9s par cette alert\u00e9 m\u00e9t\u00e9o ne sont autres que Nabeul, Kairouan, la partie sud du Grand-Tunis et quelques r\u00e9gions du nord.","canonical":"https:\/\/www.webdo.tn\/fr\/actualite\/national\/tunisie-pluies-torrentielles-aujourd-hui-sur-ces-regions\/216121\/","og_locale":"fr_FR","og_type":"article","og_title":"Tunisie : Pluies torrentielles aujourd\u2019hui sur ces r\u00e9gions","og_description":"Les gouvernorats les plus concern\u00e9s par cette alert\u00e9 m\u00e9t\u00e9o ne sont autres que Nabeul, Kairouan, la partie sud du Grand-Tunis et quelques r\u00e9gions du nord.","og_url":"https:\/\/www.webdo.tn\/fr\/actualite\/national\/tunisie-pluies-torrentielles-aujourd-hui-sur-ces-regions\/216121\/","og_site_name":"webdo","article_publisher":"https:\/\/www.facebook.com\/webdotn","article_published_time":"2024-09-02T08:18:00+00:00","article_modified_time":"2025-05-20T22:54:50+00:00","og_image":[{"width":750,"height":400,"url":"https:\/\/www.webdo.tn\/fr\/wp-content\/uploads\/2024\/09\/98063c7ede93aa138365b6f2ac9967a1.webp","type":"image\/webp"}],"author":"CL","twitter_card":"summary_large_image","twitter_creator":"@webdo_tn","twitter_site":"@webdo_tn","twitter_misc":{"\u00c9crit par":"CL","Dur\u00e9e de lecture estim\u00e9e":"1 minute"},"schema":{"@context":"https:\/\/schema.org","@graph":[{"@type":"NewsArticle","@id":"https:\/\/www.webdo.tn\/fr\/actualite\/national\/tunisie-pluies-torrentielles-aujourd-hui-sur-ces-regions\/216121\/#article","isPartOf":{"@id":"https:\/\/www.webdo.tn\/fr\/actualite\/national\/tunisie-pluies-torrentielles-aujourd-hui-sur-ces-regions\/216121\/"},"author":{"name":"CL","@id":"https:\/\/www.webdo.tn\/fr\/#\/schema\/person\/f35b42a42c5e2511bbd282959d6385cc"},"headline":"Tunisie : Pluies torrentielles aujourd\u2019hui sur ces r\u00e9gions","datePublished":"2024-09-02T08:18:00+00:00","dateModified":"2025-05-20T22:54:50+00:00","mainEntityOfPage":{"@id":"https:\/\/www.webdo.tn\/fr\/actualite\/national\/tunisie-pluies-torrentielles-aujourd-hui-sur-ces-regions\/216121\/"},"wordCount":227,"commentCount":0,"publisher":{"@id":"https:\/\/www.webdo.tn\/fr\/#organization"},"image":{"@id":"https:\/\/www.webdo.tn\/fr\/actualite\/national\/tunisie-pluies-torrentielles-aujourd-hui-sur-ces-regions\/216121\/#primaryimage"},"thumbnailUrl":"https:\/\/www.webdo.tn\/fr\/wp-content\/uploads\/2024\/09\/98063c7ede93aa138365b6f2ac9967a1.webp","keywords":["m\u00e9t\u00e9o","pluies","Tunisie"],"articleSection":["National"],"inLanguage":"fr-FR"},{"@type":"WebPage","@id":"https:\/\/www.webdo.tn\/fr\/actualite\/national\/tunisie-pluies-torrentielles-aujourd-hui-sur-ces-regions\/216121\/","url":"https:\/\/www.webdo.tn\/fr\/actualite\/national\/tunisie-pluies-torrentielles-aujourd-hui-sur-ces-regions\/216121\/","name":"Tunisie : Pluies torrentielles aujourd\u2019hui sur ces r\u00e9gions","isPartOf":{"@id":"https:\/\/www.webdo.tn\/fr\/#website"},"primaryImageOfPage":{"@id":"https:\/\/www.webdo.tn\/fr\/actualite\/national\/tunisie-pluies-torrentielles-aujourd-hui-sur-ces-regions\/216121\/#primaryimage"},"image":{"@id":"https:\/\/www.webdo.tn\/fr\/actualite\/national\/tunisie-pluies-torrentielles-aujourd-hui-sur-ces-regions\/216121\/#primaryimage"},"thumbnailUrl":"https:\/\/www.webdo.tn\/fr\/wp-content\/uploads\/2024\/09\/98063c7ede93aa138365b6f2ac9967a1.webp","datePublished":"2024-09-02T08:18:00+00:00","dateModified":"2025-05-20T22:54:50+00:00","description":"Les gouvernorats les plus concern\u00e9s par cette alert\u00e9 m\u00e9t\u00e9o ne sont autres que Nabeul, Kairouan, la partie sud du Grand-Tunis et quelques r\u00e9gions du nord.","breadcrumb":{"@id":"https:\/\/www.webdo.tn\/fr\/actualite\/national\/tunisie-pluies-torrentielles-aujourd-hui-sur-ces-regions\/216121\/#breadcrumb"},"inLanguage":"fr-FR","potentialAction":[{"@type":"ReadAction","target":["https:\/\/www.webdo.tn\/fr\/actualite\/national\/tunisie-pluies-torrentielles-aujourd-hui-sur-ces-regions\/216121\/"]}]},{"@type":"ImageObject","inLanguage":"fr-FR","@id":"https:\/\/www.webdo.tn\/fr\/actualite\/national\/tunisie-pluies-torrentielles-aujourd-hui-sur-ces-regions\/216121\/#primaryimage","url":"https:\/\/www.webdo.tn\/fr\/wp-content\/uploads\/2024\/09\/98063c7ede93aa138365b6f2ac9967a1.webp","contentUrl":"https:\/\/www.webdo.tn\/fr\/wp-content\/uploads\/2024\/09\/98063c7ede93aa138365b6f2ac9967a1.webp","width":750,"height":400,"caption":"Tunisie : Pluies torrentielles aujourd\u2019hui sur ces r\u00e9gions"},{"@type":"BreadcrumbList","@id":"https:\/\/www.webdo.tn\/fr\/actualite\/national\/tunisie-pluies-torrentielles-aujourd-hui-sur-ces-regions\/216121\/#breadcrumb","itemListElement":[{"@type":"ListItem","position":1,"name":"Accueil","item":"https:\/\/www.webdo.tn\/fr\/"},{"@type":"ListItem","position":2,"name":"Tunisie : Pluies torrentielles aujourd\u2019hui sur ces r\u00e9gions"}]},{"@type":"WebSite","@id":"https:\/\/www.webdo.tn\/fr\/#website","url":"https:\/\/www.webdo.tn\/fr\/","name":"webdo","description":"Tunisie - News en Tunisie et \u00e0 l&#039;international sur Webdo.tn","publisher":{"@id":"https:\/\/www.webdo.tn\/fr\/#organization"},"potentialAction":[{"@type":"SearchAction","target":{"@type":"EntryPoint","urlTemplate":"https:\/\/www.webdo.tn\/fr\/?s={search_term_string}"},"query-input":{"@type":"PropertyValueSpecification","valueRequired":true,"valueName":"search_term_string"}}],"inLanguage":"fr-FR"},{"@type":"Organization","@id":"https:\/\/www.webdo.tn\/fr\/#organization","name":"Webdo","alternateName":"Webdo.tn","url":"https:\/\/www.webdo.tn\/fr\/","logo":{"@type":"ImageObject","inLanguage":"fr-FR","@id":"https:\/\/www.webdo.tn\/fr\/#\/schema\/logo\/image\/","url":"https:\/\/www.webdo.tn\/fr\/wp-content\/uploads\/2025\/06\/Webdo-Tunisie_168377.jpg","contentUrl":"https:\/\/www.webdo.tn\/fr\/wp-content\/uploads\/2025\/06\/Webdo-Tunisie_168377.jpg","width":301,"height":301,"caption":"Webdo"},"image":{"@id":"https:\/\/www.webdo.tn\/fr\/#\/schema\/logo\/image\/"},"sameAs":["https:\/\/www.facebook.com\/webdotn","https:\/\/x.com\/webdo_tn"],"description":"Webdo est un m\u00e9dia num\u00e9rique tunisien fond\u00e9 en 2010, sp\u00e9cialis\u00e9 dans l\u2019actualit\u00e9 nationale et internationale, l\u2019\u00e9conomie, la soci\u00e9t\u00e9 et les analyses politiques. Le site s\u2019adresse \u00e0 un large public francophone et couvre l\u2019information tunisienne en temps r\u00e9el.","email":"redac@webdo.tn","legalName":"YNJ SARL","foundingDate":"2010-09-06","numberOfEmployees":{"@type":"QuantitativeValue","minValue":"11","maxValue":"50"}},{"@type":"Person","@id":"https:\/\/www.webdo.tn\/fr\/#\/schema\/person\/f35b42a42c5e2511bbd282959d6385cc","name":"CL","image":{"@type":"ImageObject","inLanguage":"fr-FR","@id":"https:\/\/secure.gravatar.com\/avatar\/1447a49909b67aa657c488aec6512e1dd6143a480c1ecfee9b5b5cd74eb3b59e?s=96&d=mm&r=g","url":"https:\/\/secure.gravatar.com\/avatar\/1447a49909b67aa657c488aec6512e1dd6143a480c1ecfee9b5b5cd74eb3b59e?s=96&d=mm&r=g","contentUrl":"https:\/\/secure.gravatar.com\/avatar\/1447a49909b67aa657c488aec6512e1dd6143a480c1ecfee9b5b5cd74eb3b59e?s=96&d=mm&r=g","caption":"CL"},"url":"https:\/\/www.webdo.tn\/fr\/actualite\/author\/cl\/"}]}},"_links":{"self":[{"href":"https:\/\/www.webdo.tn\/fr\/wp-json\/wp\/v2\/posts\/216121","targetHints":{"allow":["GET"]}}],"collection":[{"href":"https:\/\/www.webdo.tn\/fr\/wp-json\/wp\/v2\/posts"}],"about":[{"href":"https:\/\/www.webdo.tn\/fr\/wp-json\/wp\/v2\/types\/post"}],"author":[{"embeddable":true,"href":"https:\/\/www.webdo.tn\/fr\/wp-json\/wp\/v2\/users\/3175"}],"replies":[{"embeddable":true,"href":"https:\/\/www.webdo.tn\/fr\/wp-json\/wp\/v2\/comments?post=216121"}],"version-history":[{"count":0,"href":"https:\/\/www.webdo.tn\/fr\/wp-json\/wp\/v2\/posts\/216121\/revisions"}],"wp:featuredmedia":[{"embeddable":true,"href":"https:\/\/www.webdo.tn\/fr\/wp-json\/wp\/v2\/media\/291015"}],"wp:attachment":[{"href":"https:\/\/www.webdo.tn\/fr\/wp-json\/wp\/v2\/media?parent=216121"}],"wp:term":[{"taxonomy":"category","embeddable":true,"href":"https:\/\/www.webdo.tn\/fr\/wp-json\/wp\/v2\/categories?post=216121"},{"taxonomy":"post_tag","embeddable":true,"href":"https:\/\/www.webdo.tn\/fr\/wp-json\/wp\/v2\/tags?post=216121"}],"curies":[{"name":"wp","href":"https:\/\/api.w.org\/{rel}","templated":true}]}}