{"id":216120,"date":"2024-09-02T08:08:00","date_gmt":"2024-09-02T08:08:00","guid":{"rendered":"https:\/\/www.webdo.tn\/fr\/blog\/tunisie-kais-saied-appelle-a-un-fonds-d-assurance-pour-la-perte-d-emploi\/216120\/"},"modified":"2025-05-20T22:54:50","modified_gmt":"2025-05-20T22:54:50","slug":"tunisie-kais-saied-appelle-a-un-fonds-d-assurance-pour-la-perte-d-emploi","status":"publish","type":"post","link":"https:\/\/www.webdo.tn\/fr\/actualite\/national\/tunisie-kais-saied-appelle-a-un-fonds-d-assurance-pour-la-perte-d-emploi\/216120\/","title":{"rendered":"Tunisie : Kais Saied appelle \u00e0 un fonds d&rsquo;assurance pour la perte d&#8217;emploi"},"content":{"rendered":"<p>Le Pr\u00e9sident de la R\u00e9publique, Ka\u00efs Sa\u00efed, a abord\u00e9, lors de sa rencontre hier dimanche 1er septembre 2024 au Palais de Carthage avec le chef du gouvernement Kamel Madouri, le programme de la visite qu&rsquo;il effectuera \u00e0 P\u00e9kin.<\/p>\n<p>\t\t\t\t\t\t\t\t\tLe Pr\u00e9sident de la R\u00e9publique a rappel\u00e9, au d\u00e9but de la rencontre, la visite d&rsquo;\u00c9tat qu&rsquo;il avait effectu\u00e9e en R\u00e9publique populaire de Chine du 28 mai 2024 au 1er juin 2024, qui a abouti \u00e0 l&rsquo;\u00e9tablissement de relations de partenariat strat\u00e9gique entre la Tunisie et la Chine, ainsi qu&rsquo;\u00e0 la signature de plusieurs autres accords entre les deux pays.\u00a0<\/p>\n<p>Le Pr\u00e9sident de la R\u00e9publique a \u00e9galement abord\u00e9 plusieurs autres questions li\u00e9es \u00e0 la situation sociale et \u00e9conomique en g\u00e9n\u00e9ral.\u00a0<\/p>\n<p>Il a insist\u00e9 sur le fait que la politique suivie par la Tunisie doit \u00eatre fond\u00e9e sur une nouvelle approche, diff\u00e9rente des approches et concepts ant\u00e9rieurs, en rompant d\u00e9finitivement avec le pass\u00e9 et ses souffrances, ainsi qu&rsquo;avec les maux caus\u00e9s par l&rsquo;abandon des services publics essentiels, tels que l&rsquo;\u00e9ducation, la sant\u00e9 et le transport, depuis des d\u00e9cennies.<\/p>\n<p>Le Pr\u00e9sident de la R\u00e9publique a \u00e9galement \u00e9voqu\u00e9 la n\u00e9cessit\u00e9 de cr\u00e9er un fonds d&rsquo;assurance pour la perte d&#8217;emploi pour des raisons \u00e9conomiques, ainsi que d&rsquo;exon\u00e9rer les pensions d&rsquo;invalidit\u00e9 et les pensions pour orphelins des imp\u00f4ts.<\/p>\n","protected":false},"excerpt":{"rendered":"<p>Le Pr\u00e9sident de la R\u00e9publique a rappel\u00e9, au d\u00e9but de la rencontre, la visite d&rsquo;\u00c9tat qu&rsquo;il avait effectu\u00e9e en R\u00e9publique populaire de Chine du 28 mai 2024 au 1er&#8230;<\/p>\n","protected":false},"author":3175,"featured_media":291014,"comment_status":"open","ping_status":"closed","sticky":false,"template":"","format":"standard","meta":{"footnotes":""},"categories":[44],"tags":[4647,3049,2773,2614,2608],"class_list":["post-216120","post","type-post","status-publish","format-standard","has-post-thumbnail","hentry","category-national","tag-assurance","tag-emploi","tag-fonds","tag-kais-saied","tag-tunisie"],"yoast_head":"<!-- This site is optimized with the Yoast SEO Premium plugin v27.5 (Yoast SEO v27.5) - https:\/\/yoast.com\/product\/yoast-seo-premium-wordpress\/ -->\n<title>Tunisie : Kais Saied appelle \u00e0 un fonds d&#039;assurance pour la perte d&#039;emploi<\/title>\n<meta name=\"description\" content=\"Le Pr\u00e9sident de la R\u00e9publique a rappel\u00e9, au d\u00e9but de la rencontre, la visite d&#039;\u00c9tat qu&#039;il avait effectu\u00e9e en R\u00e9publique populaire de Chine du 28 mai 2024 au 1er...\" \/>\n<link rel=\"canonical\" href=\"https:\/\/www.webdo.tn\/fr\/actualite\/national\/tunisie-kais-saied-appelle-a-un-fonds-d-assurance-pour-la-perte-d-emploi\/216120\/\" \/>\n<meta property=\"og:locale\" content=\"fr_FR\" \/>\n<meta property=\"og:type\" content=\"article\" \/>\n<meta property=\"og:title\" content=\"Tunisie : Kais Saied appelle \u00e0 un fonds d&#039;assurance pour la perte d&#039;emploi\" \/>\n<meta property=\"og:description\" content=\"Le Pr\u00e9sident de la R\u00e9publique a rappel\u00e9, au d\u00e9but de la rencontre, la visite d&#039;\u00c9tat qu&#039;il avait effectu\u00e9e en R\u00e9publique populaire de Chine du 28 mai 2024 au 1er...\" \/>\n<meta property=\"og:url\" content=\"https:\/\/www.webdo.tn\/fr\/actualite\/national\/tunisie-kais-saied-appelle-a-un-fonds-d-assurance-pour-la-perte-d-emploi\/216120\/\" \/>\n<meta property=\"og:site_name\" content=\"webdo\" \/>\n<meta property=\"article:publisher\" content=\"https:\/\/www.facebook.com\/webdotn\" \/>\n<meta property=\"article:published_time\" content=\"2024-09-02T08:08:00+00:00\" \/>\n<meta property=\"article:modified_time\" content=\"2025-05-20T22:54:50+00:00\" \/>\n<meta property=\"og:image\" content=\"https:\/\/www.webdo.tn\/fr\/wp-content\/uploads\/2024\/09\/b1ece3c6600eebcb747dea9bc2875eef.webp\" \/>\n\t<meta property=\"og:image:width\" content=\"750\" \/>\n\t<meta property=\"og:image:height\" content=\"400\" \/>\n\t<meta property=\"og:image:type\" content=\"image\/webp\" \/>\n<meta name=\"author\" content=\"CL\" \/>\n<meta name=\"twitter:card\" content=\"summary_large_image\" \/>\n<meta name=\"twitter:creator\" content=\"@webdo_tn\" \/>\n<meta name=\"twitter:site\" content=\"@webdo_tn\" \/>\n<meta name=\"twitter:label1\" content=\"\u00c9crit par\" \/>\n\t<meta name=\"twitter:data1\" content=\"CL\" \/>\n\t<meta name=\"twitter:label2\" content=\"Dur\u00e9e de lecture estim\u00e9e\" \/>\n\t<meta name=\"twitter:data2\" content=\"1 minute\" \/>\n<script type=\"application\/ld+json\" class=\"yoast-schema-graph\">{\"@context\":\"https:\\\/\\\/schema.org\",\"@graph\":[{\"@type\":\"NewsArticle\",\"@id\":\"https:\\\/\\\/www.webdo.tn\\\/fr\\\/actualite\\\/national\\\/tunisie-kais-saied-appelle-a-un-fonds-d-assurance-pour-la-perte-d-emploi\\\/216120\\\/#article\",\"isPartOf\":{\"@id\":\"https:\\\/\\\/www.webdo.tn\\\/fr\\\/actualite\\\/national\\\/tunisie-kais-saied-appelle-a-un-fonds-d-assurance-pour-la-perte-d-emploi\\\/216120\\\/\"},\"author\":{\"name\":\"CL\",\"@id\":\"https:\\\/\\\/www.webdo.tn\\\/fr\\\/#\\\/schema\\\/person\\\/f35b42a42c5e2511bbd282959d6385cc\"},\"headline\":\"Tunisie : Kais Saied appelle \u00e0 un fonds d&rsquo;assurance pour la perte d&#8217;emploi\",\"datePublished\":\"2024-09-02T08:08:00+00:00\",\"dateModified\":\"2025-05-20T22:54:50+00:00\",\"mainEntityOfPage\":{\"@id\":\"https:\\\/\\\/www.webdo.tn\\\/fr\\\/actualite\\\/national\\\/tunisie-kais-saied-appelle-a-un-fonds-d-assurance-pour-la-perte-d-emploi\\\/216120\\\/\"},\"wordCount\":255,\"commentCount\":0,\"publisher\":{\"@id\":\"https:\\\/\\\/www.webdo.tn\\\/fr\\\/#organization\"},\"image\":{\"@id\":\"https:\\\/\\\/www.webdo.tn\\\/fr\\\/actualite\\\/national\\\/tunisie-kais-saied-appelle-a-un-fonds-d-assurance-pour-la-perte-d-emploi\\\/216120\\\/#primaryimage\"},\"thumbnailUrl\":\"https:\\\/\\\/www.webdo.tn\\\/fr\\\/wp-content\\\/uploads\\\/2024\\\/09\\\/b1ece3c6600eebcb747dea9bc2875eef.webp\",\"keywords\":[\"assurance\",\"emploi\",\"fonds\",\"Kais Saied\",\"Tunisie\"],\"articleSection\":[\"National\"],\"inLanguage\":\"fr-FR\"},{\"@type\":\"WebPage\",\"@id\":\"https:\\\/\\\/www.webdo.tn\\\/fr\\\/actualite\\\/national\\\/tunisie-kais-saied-appelle-a-un-fonds-d-assurance-pour-la-perte-d-emploi\\\/216120\\\/\",\"url\":\"https:\\\/\\\/www.webdo.tn\\\/fr\\\/actualite\\\/national\\\/tunisie-kais-saied-appelle-a-un-fonds-d-assurance-pour-la-perte-d-emploi\\\/216120\\\/\",\"name\":\"Tunisie : Kais Saied appelle \u00e0 un fonds d'assurance pour la perte d'emploi\",\"isPartOf\":{\"@id\":\"https:\\\/\\\/www.webdo.tn\\\/fr\\\/#website\"},\"primaryImageOfPage\":{\"@id\":\"https:\\\/\\\/www.webdo.tn\\\/fr\\\/actualite\\\/national\\\/tunisie-kais-saied-appelle-a-un-fonds-d-assurance-pour-la-perte-d-emploi\\\/216120\\\/#primaryimage\"},\"image\":{\"@id\":\"https:\\\/\\\/www.webdo.tn\\\/fr\\\/actualite\\\/national\\\/tunisie-kais-saied-appelle-a-un-fonds-d-assurance-pour-la-perte-d-emploi\\\/216120\\\/#primaryimage\"},\"thumbnailUrl\":\"https:\\\/\\\/www.webdo.tn\\\/fr\\\/wp-content\\\/uploads\\\/2024\\\/09\\\/b1ece3c6600eebcb747dea9bc2875eef.webp\",\"datePublished\":\"2024-09-02T08:08:00+00:00\",\"dateModified\":\"2025-05-20T22:54:50+00:00\",\"description\":\"Le Pr\u00e9sident de la R\u00e9publique a rappel\u00e9, au d\u00e9but de la rencontre, la visite d'\u00c9tat qu'il avait effectu\u00e9e en R\u00e9publique populaire de Chine du 28 mai 2024 au 1er...\",\"breadcrumb\":{\"@id\":\"https:\\\/\\\/www.webdo.tn\\\/fr\\\/actualite\\\/national\\\/tunisie-kais-saied-appelle-a-un-fonds-d-assurance-pour-la-perte-d-emploi\\\/216120\\\/#breadcrumb\"},\"inLanguage\":\"fr-FR\",\"potentialAction\":[{\"@type\":\"ReadAction\",\"target\":[\"https:\\\/\\\/www.webdo.tn\\\/fr\\\/actualite\\\/national\\\/tunisie-kais-saied-appelle-a-un-fonds-d-assurance-pour-la-perte-d-emploi\\\/216120\\\/\"]}]},{\"@type\":\"ImageObject\",\"inLanguage\":\"fr-FR\",\"@id\":\"https:\\\/\\\/www.webdo.tn\\\/fr\\\/actualite\\\/national\\\/tunisie-kais-saied-appelle-a-un-fonds-d-assurance-pour-la-perte-d-emploi\\\/216120\\\/#primaryimage\",\"url\":\"https:\\\/\\\/www.webdo.tn\\\/fr\\\/wp-content\\\/uploads\\\/2024\\\/09\\\/b1ece3c6600eebcb747dea9bc2875eef.webp\",\"contentUrl\":\"https:\\\/\\\/www.webdo.tn\\\/fr\\\/wp-content\\\/uploads\\\/2024\\\/09\\\/b1ece3c6600eebcb747dea9bc2875eef.webp\",\"width\":750,\"height\":400,\"caption\":\"Tunisie : Kais Saied appelle \u00e0 un fonds d'assurance pour la perte d'emploi\"},{\"@type\":\"BreadcrumbList\",\"@id\":\"https:\\\/\\\/www.webdo.tn\\\/fr\\\/actualite\\\/national\\\/tunisie-kais-saied-appelle-a-un-fonds-d-assurance-pour-la-perte-d-emploi\\\/216120\\\/#breadcrumb\",\"itemListElement\":[{\"@type\":\"ListItem\",\"position\":1,\"name\":\"Accueil\",\"item\":\"https:\\\/\\\/www.webdo.tn\\\/fr\\\/\"},{\"@type\":\"ListItem\",\"position\":2,\"name\":\"Tunisie : Kais Saied appelle \u00e0 un fonds d&rsquo;assurance pour la perte d&#8217;emploi\"}]},{\"@type\":\"WebSite\",\"@id\":\"https:\\\/\\\/www.webdo.tn\\\/fr\\\/#website\",\"url\":\"https:\\\/\\\/www.webdo.tn\\\/fr\\\/\",\"name\":\"webdo\",\"description\":\"Tunisie - News en Tunisie et \u00e0 l&#039;international sur Webdo.tn\",\"publisher\":{\"@id\":\"https:\\\/\\\/www.webdo.tn\\\/fr\\\/#organization\"},\"potentialAction\":[{\"@type\":\"SearchAction\",\"target\":{\"@type\":\"EntryPoint\",\"urlTemplate\":\"https:\\\/\\\/www.webdo.tn\\\/fr\\\/?s={search_term_string}\"},\"query-input\":{\"@type\":\"PropertyValueSpecification\",\"valueRequired\":true,\"valueName\":\"search_term_string\"}}],\"inLanguage\":\"fr-FR\"},{\"@type\":\"Organization\",\"@id\":\"https:\\\/\\\/www.webdo.tn\\\/fr\\\/#organization\",\"name\":\"Webdo\",\"alternateName\":\"Webdo.tn\",\"url\":\"https:\\\/\\\/www.webdo.tn\\\/fr\\\/\",\"logo\":{\"@type\":\"ImageObject\",\"inLanguage\":\"fr-FR\",\"@id\":\"https:\\\/\\\/www.webdo.tn\\\/fr\\\/#\\\/schema\\\/logo\\\/image\\\/\",\"url\":\"https:\\\/\\\/www.webdo.tn\\\/fr\\\/wp-content\\\/uploads\\\/2025\\\/06\\\/Webdo-Tunisie_168377.jpg\",\"contentUrl\":\"https:\\\/\\\/www.webdo.tn\\\/fr\\\/wp-content\\\/uploads\\\/2025\\\/06\\\/Webdo-Tunisie_168377.jpg\",\"width\":301,\"height\":301,\"caption\":\"Webdo\"},\"image\":{\"@id\":\"https:\\\/\\\/www.webdo.tn\\\/fr\\\/#\\\/schema\\\/logo\\\/image\\\/\"},\"sameAs\":[\"https:\\\/\\\/www.facebook.com\\\/webdotn\",\"https:\\\/\\\/x.com\\\/webdo_tn\"],\"description\":\"Webdo est un m\u00e9dia num\u00e9rique tunisien fond\u00e9 en 2010, sp\u00e9cialis\u00e9 dans l\u2019actualit\u00e9 nationale et internationale, l\u2019\u00e9conomie, la soci\u00e9t\u00e9 et les analyses politiques. Le site s\u2019adresse \u00e0 un large public francophone et couvre l\u2019information tunisienne en temps r\u00e9el.\",\"email\":\"redac@webdo.tn\",\"legalName\":\"YNJ SARL\",\"foundingDate\":\"2010-09-06\",\"numberOfEmployees\":{\"@type\":\"QuantitativeValue\",\"minValue\":\"11\",\"maxValue\":\"50\"}},{\"@type\":\"Person\",\"@id\":\"https:\\\/\\\/www.webdo.tn\\\/fr\\\/#\\\/schema\\\/person\\\/f35b42a42c5e2511bbd282959d6385cc\",\"name\":\"CL\",\"image\":{\"@type\":\"ImageObject\",\"inLanguage\":\"fr-FR\",\"@id\":\"https:\\\/\\\/secure.gravatar.com\\\/avatar\\\/1447a49909b67aa657c488aec6512e1dd6143a480c1ecfee9b5b5cd74eb3b59e?s=96&d=mm&r=g\",\"url\":\"https:\\\/\\\/secure.gravatar.com\\\/avatar\\\/1447a49909b67aa657c488aec6512e1dd6143a480c1ecfee9b5b5cd74eb3b59e?s=96&d=mm&r=g\",\"contentUrl\":\"https:\\\/\\\/secure.gravatar.com\\\/avatar\\\/1447a49909b67aa657c488aec6512e1dd6143a480c1ecfee9b5b5cd74eb3b59e?s=96&d=mm&r=g\",\"caption\":\"CL\"},\"url\":\"https:\\\/\\\/www.webdo.tn\\\/fr\\\/actualite\\\/author\\\/cl\\\/\"}]}<\/script>\n<!-- \/ Yoast SEO Premium plugin. -->","yoast_head_json":{"title":"Tunisie : Kais Saied appelle \u00e0 un fonds d'assurance pour la perte d'emploi","description":"Le Pr\u00e9sident de la R\u00e9publique a rappel\u00e9, au d\u00e9but de la rencontre, la visite d'\u00c9tat qu'il avait effectu\u00e9e en R\u00e9publique populaire de Chine du 28 mai 2024 au 1er...","canonical":"https:\/\/www.webdo.tn\/fr\/actualite\/national\/tunisie-kais-saied-appelle-a-un-fonds-d-assurance-pour-la-perte-d-emploi\/216120\/","og_locale":"fr_FR","og_type":"article","og_title":"Tunisie : Kais Saied appelle \u00e0 un fonds d'assurance pour la perte d'emploi","og_description":"Le Pr\u00e9sident de la R\u00e9publique a rappel\u00e9, au d\u00e9but de la rencontre, la visite d'\u00c9tat qu'il avait effectu\u00e9e en R\u00e9publique populaire de Chine du 28 mai 2024 au 1er...","og_url":"https:\/\/www.webdo.tn\/fr\/actualite\/national\/tunisie-kais-saied-appelle-a-un-fonds-d-assurance-pour-la-perte-d-emploi\/216120\/","og_site_name":"webdo","article_publisher":"https:\/\/www.facebook.com\/webdotn","article_published_time":"2024-09-02T08:08:00+00:00","article_modified_time":"2025-05-20T22:54:50+00:00","og_image":[{"width":750,"height":400,"url":"https:\/\/www.webdo.tn\/fr\/wp-content\/uploads\/2024\/09\/b1ece3c6600eebcb747dea9bc2875eef.webp","type":"image\/webp"}],"author":"CL","twitter_card":"summary_large_image","twitter_creator":"@webdo_tn","twitter_site":"@webdo_tn","twitter_misc":{"\u00c9crit par":"CL","Dur\u00e9e de lecture estim\u00e9e":"1 minute"},"schema":{"@context":"https:\/\/schema.org","@graph":[{"@type":"NewsArticle","@id":"https:\/\/www.webdo.tn\/fr\/actualite\/national\/tunisie-kais-saied-appelle-a-un-fonds-d-assurance-pour-la-perte-d-emploi\/216120\/#article","isPartOf":{"@id":"https:\/\/www.webdo.tn\/fr\/actualite\/national\/tunisie-kais-saied-appelle-a-un-fonds-d-assurance-pour-la-perte-d-emploi\/216120\/"},"author":{"name":"CL","@id":"https:\/\/www.webdo.tn\/fr\/#\/schema\/person\/f35b42a42c5e2511bbd282959d6385cc"},"headline":"Tunisie : Kais Saied appelle \u00e0 un fonds d&rsquo;assurance pour la perte d&#8217;emploi","datePublished":"2024-09-02T08:08:00+00:00","dateModified":"2025-05-20T22:54:50+00:00","mainEntityOfPage":{"@id":"https:\/\/www.webdo.tn\/fr\/actualite\/national\/tunisie-kais-saied-appelle-a-un-fonds-d-assurance-pour-la-perte-d-emploi\/216120\/"},"wordCount":255,"commentCount":0,"publisher":{"@id":"https:\/\/www.webdo.tn\/fr\/#organization"},"image":{"@id":"https:\/\/www.webdo.tn\/fr\/actualite\/national\/tunisie-kais-saied-appelle-a-un-fonds-d-assurance-pour-la-perte-d-emploi\/216120\/#primaryimage"},"thumbnailUrl":"https:\/\/www.webdo.tn\/fr\/wp-content\/uploads\/2024\/09\/b1ece3c6600eebcb747dea9bc2875eef.webp","keywords":["assurance","emploi","fonds","Kais Saied","Tunisie"],"articleSection":["National"],"inLanguage":"fr-FR"},{"@type":"WebPage","@id":"https:\/\/www.webdo.tn\/fr\/actualite\/national\/tunisie-kais-saied-appelle-a-un-fonds-d-assurance-pour-la-perte-d-emploi\/216120\/","url":"https:\/\/www.webdo.tn\/fr\/actualite\/national\/tunisie-kais-saied-appelle-a-un-fonds-d-assurance-pour-la-perte-d-emploi\/216120\/","name":"Tunisie : Kais Saied appelle \u00e0 un fonds d'assurance pour la perte d'emploi","isPartOf":{"@id":"https:\/\/www.webdo.tn\/fr\/#website"},"primaryImageOfPage":{"@id":"https:\/\/www.webdo.tn\/fr\/actualite\/national\/tunisie-kais-saied-appelle-a-un-fonds-d-assurance-pour-la-perte-d-emploi\/216120\/#primaryimage"},"image":{"@id":"https:\/\/www.webdo.tn\/fr\/actualite\/national\/tunisie-kais-saied-appelle-a-un-fonds-d-assurance-pour-la-perte-d-emploi\/216120\/#primaryimage"},"thumbnailUrl":"https:\/\/www.webdo.tn\/fr\/wp-content\/uploads\/2024\/09\/b1ece3c6600eebcb747dea9bc2875eef.webp","datePublished":"2024-09-02T08:08:00+00:00","dateModified":"2025-05-20T22:54:50+00:00","description":"Le Pr\u00e9sident de la R\u00e9publique a rappel\u00e9, au d\u00e9but de la rencontre, la visite d'\u00c9tat qu'il avait effectu\u00e9e en R\u00e9publique populaire de Chine du 28 mai 2024 au 1er...","breadcrumb":{"@id":"https:\/\/www.webdo.tn\/fr\/actualite\/national\/tunisie-kais-saied-appelle-a-un-fonds-d-assurance-pour-la-perte-d-emploi\/216120\/#breadcrumb"},"inLanguage":"fr-FR","potentialAction":[{"@type":"ReadAction","target":["https:\/\/www.webdo.tn\/fr\/actualite\/national\/tunisie-kais-saied-appelle-a-un-fonds-d-assurance-pour-la-perte-d-emploi\/216120\/"]}]},{"@type":"ImageObject","inLanguage":"fr-FR","@id":"https:\/\/www.webdo.tn\/fr\/actualite\/national\/tunisie-kais-saied-appelle-a-un-fonds-d-assurance-pour-la-perte-d-emploi\/216120\/#primaryimage","url":"https:\/\/www.webdo.tn\/fr\/wp-content\/uploads\/2024\/09\/b1ece3c6600eebcb747dea9bc2875eef.webp","contentUrl":"https:\/\/www.webdo.tn\/fr\/wp-content\/uploads\/2024\/09\/b1ece3c6600eebcb747dea9bc2875eef.webp","width":750,"height":400,"caption":"Tunisie : Kais Saied appelle \u00e0 un fonds d'assurance pour la perte d'emploi"},{"@type":"BreadcrumbList","@id":"https:\/\/www.webdo.tn\/fr\/actualite\/national\/tunisie-kais-saied-appelle-a-un-fonds-d-assurance-pour-la-perte-d-emploi\/216120\/#breadcrumb","itemListElement":[{"@type":"ListItem","position":1,"name":"Accueil","item":"https:\/\/www.webdo.tn\/fr\/"},{"@type":"ListItem","position":2,"name":"Tunisie : Kais Saied appelle \u00e0 un fonds d&rsquo;assurance pour la perte d&#8217;emploi"}]},{"@type":"WebSite","@id":"https:\/\/www.webdo.tn\/fr\/#website","url":"https:\/\/www.webdo.tn\/fr\/","name":"webdo","description":"Tunisie - News en Tunisie et \u00e0 l&#039;international sur Webdo.tn","publisher":{"@id":"https:\/\/www.webdo.tn\/fr\/#organization"},"potentialAction":[{"@type":"SearchAction","target":{"@type":"EntryPoint","urlTemplate":"https:\/\/www.webdo.tn\/fr\/?s={search_term_string}"},"query-input":{"@type":"PropertyValueSpecification","valueRequired":true,"valueName":"search_term_string"}}],"inLanguage":"fr-FR"},{"@type":"Organization","@id":"https:\/\/www.webdo.tn\/fr\/#organization","name":"Webdo","alternateName":"Webdo.tn","url":"https:\/\/www.webdo.tn\/fr\/","logo":{"@type":"ImageObject","inLanguage":"fr-FR","@id":"https:\/\/www.webdo.tn\/fr\/#\/schema\/logo\/image\/","url":"https:\/\/www.webdo.tn\/fr\/wp-content\/uploads\/2025\/06\/Webdo-Tunisie_168377.jpg","contentUrl":"https:\/\/www.webdo.tn\/fr\/wp-content\/uploads\/2025\/06\/Webdo-Tunisie_168377.jpg","width":301,"height":301,"caption":"Webdo"},"image":{"@id":"https:\/\/www.webdo.tn\/fr\/#\/schema\/logo\/image\/"},"sameAs":["https:\/\/www.facebook.com\/webdotn","https:\/\/x.com\/webdo_tn"],"description":"Webdo est un m\u00e9dia num\u00e9rique tunisien fond\u00e9 en 2010, sp\u00e9cialis\u00e9 dans l\u2019actualit\u00e9 nationale et internationale, l\u2019\u00e9conomie, la soci\u00e9t\u00e9 et les analyses politiques. Le site s\u2019adresse \u00e0 un large public francophone et couvre l\u2019information tunisienne en temps r\u00e9el.","email":"redac@webdo.tn","legalName":"YNJ SARL","foundingDate":"2010-09-06","numberOfEmployees":{"@type":"QuantitativeValue","minValue":"11","maxValue":"50"}},{"@type":"Person","@id":"https:\/\/www.webdo.tn\/fr\/#\/schema\/person\/f35b42a42c5e2511bbd282959d6385cc","name":"CL","image":{"@type":"ImageObject","inLanguage":"fr-FR","@id":"https:\/\/secure.gravatar.com\/avatar\/1447a49909b67aa657c488aec6512e1dd6143a480c1ecfee9b5b5cd74eb3b59e?s=96&d=mm&r=g","url":"https:\/\/secure.gravatar.com\/avatar\/1447a49909b67aa657c488aec6512e1dd6143a480c1ecfee9b5b5cd74eb3b59e?s=96&d=mm&r=g","contentUrl":"https:\/\/secure.gravatar.com\/avatar\/1447a49909b67aa657c488aec6512e1dd6143a480c1ecfee9b5b5cd74eb3b59e?s=96&d=mm&r=g","caption":"CL"},"url":"https:\/\/www.webdo.tn\/fr\/actualite\/author\/cl\/"}]}},"_links":{"self":[{"href":"https:\/\/www.webdo.tn\/fr\/wp-json\/wp\/v2\/posts\/216120","targetHints":{"allow":["GET"]}}],"collection":[{"href":"https:\/\/www.webdo.tn\/fr\/wp-json\/wp\/v2\/posts"}],"about":[{"href":"https:\/\/www.webdo.tn\/fr\/wp-json\/wp\/v2\/types\/post"}],"author":[{"embeddable":true,"href":"https:\/\/www.webdo.tn\/fr\/wp-json\/wp\/v2\/users\/3175"}],"replies":[{"embeddable":true,"href":"https:\/\/www.webdo.tn\/fr\/wp-json\/wp\/v2\/comments?post=216120"}],"version-history":[{"count":0,"href":"https:\/\/www.webdo.tn\/fr\/wp-json\/wp\/v2\/posts\/216120\/revisions"}],"wp:featuredmedia":[{"embeddable":true,"href":"https:\/\/www.webdo.tn\/fr\/wp-json\/wp\/v2\/media\/291014"}],"wp:attachment":[{"href":"https:\/\/www.webdo.tn\/fr\/wp-json\/wp\/v2\/media?parent=216120"}],"wp:term":[{"taxonomy":"category","embeddable":true,"href":"https:\/\/www.webdo.tn\/fr\/wp-json\/wp\/v2\/categories?post=216120"},{"taxonomy":"post_tag","embeddable":true,"href":"https:\/\/www.webdo.tn\/fr\/wp-json\/wp\/v2\/tags?post=216120"}],"curies":[{"name":"wp","href":"https:\/\/api.w.org\/{rel}","templated":true}]}}