{"id":216119,"date":"2024-09-02T07:53:00","date_gmt":"2024-09-02T07:53:00","guid":{"rendered":"https:\/\/www.webdo.tn\/fr\/blog\/tunisie-arrestation-du-candidat-a-la-presidentielle-ayachi-zammel\/216119\/"},"modified":"2025-05-20T22:54:49","modified_gmt":"2025-05-20T22:54:49","slug":"tunisie-arrestation-du-candidat-a-la-presidentielle-ayachi-zammel","status":"publish","type":"post","link":"https:\/\/www.webdo.tn\/fr\/actualite\/national\/tunisie-arrestation-du-candidat-a-la-presidentielle-ayachi-zammel\/216119\/","title":{"rendered":"Tunisie : Arrestation du candidat \u00e0 la Pr\u00e9sidentielle Ayachi Zammel"},"content":{"rendered":"<p>A l\u2019aube de ce lundi 2 septembre 2024, le candidat \u00e0 l&rsquo;\u00e9lection pr\u00e9sidentielle Ayachi Zammel a \u00e9t\u00e9 arr\u00eat\u00e9 et transf\u00e9r\u00e9 \u00e0 la Garde nationale de Tebourba, dans le gouvernorat de Manouba, pour des accusations li\u00e9es \u00e0 la falsification de parrainages, selon ce qu&rsquo;a confirm\u00e9 Mehdi Abdeljaouad, membre de sa campagne \u00e9lectorale, \u00e0 Mosa\u00efque FM.\u00a0<\/p>\n<p>\t\t\t\t\t\t\t\t\tIl convient de rappeler que le conseil de la chambre correctionnelle d&rsquo;\u00e9t\u00e9 du tribunal de premi\u00e8re instance de Tunis 2 avait auparavant d\u00e9cid\u00e9 de maintenir en libert\u00e9 la tr\u00e9sori\u00e8re du mouvement Azimoun, charg\u00e9e de collecter les parrainages pour le candidat Ayachi Zammel, en la pla\u00e7ant sous surveillance administrative et en reportant l&rsquo;examen des affaires port\u00e9es contre elle et le candidat pr\u00e9sidentiel en question \u00e0 la s\u00e9ance du 19 septembre prochain.<\/p>\n<p>Il est \u00e9galement \u00e0 noter qu&rsquo;Ayachi Zammel a comparu devant le conseil de la chambre correctionnelle d&rsquo;\u00e9t\u00e9 du tribunal de premi\u00e8re instance de Tunis 2 le jeudi 29 ao\u00fbt 2024, tandis que la personne charg\u00e9e de collecter les parrainages a comparu en \u00e9tat d&rsquo;arrestation pour \u00eatre jug\u00e9e dans quatre affaires port\u00e9es contre eux, concernant des accusations li\u00e9es \u00e0 la falsification de parrainages.<\/p>\n","protected":false},"excerpt":{"rendered":"<p>Ayachi Zammel doit r\u00e9pondre \u00e0 des accusations concernant la falsification de parrainages.<\/p>\n","protected":false},"author":3175,"featured_media":291012,"comment_status":"open","ping_status":"closed","sticky":false,"template":"","format":"standard","meta":{"footnotes":""},"categories":[44],"tags":[4430,4429,5503,2608],"class_list":["post-216119","post","type-post","status-publish","format-standard","has-post-thumbnail","hentry","category-national","tag-ayachi-zammel","tag-candidat","tag-presidentielle","tag-tunisie"],"yoast_head":"<!-- This site is optimized with the Yoast SEO Premium plugin v27.5 (Yoast SEO v27.5) - https:\/\/yoast.com\/product\/yoast-seo-premium-wordpress\/ -->\n<title>Tunisie : Arrestation du candidat \u00e0 la Pr\u00e9sidentielle Ayachi Zammel<\/title>\n<meta name=\"description\" content=\"Ayachi Zammel doit r\u00e9pondre \u00e0 des accusations concernant la falsification de parrainages.\" \/>\n<link rel=\"canonical\" href=\"https:\/\/www.webdo.tn\/fr\/actualite\/national\/tunisie-arrestation-du-candidat-a-la-presidentielle-ayachi-zammel\/216119\/\" \/>\n<meta property=\"og:locale\" content=\"fr_FR\" \/>\n<meta property=\"og:type\" content=\"article\" \/>\n<meta property=\"og:title\" content=\"Tunisie : Arrestation du candidat \u00e0 la Pr\u00e9sidentielle Ayachi Zammel\" \/>\n<meta property=\"og:description\" content=\"Ayachi Zammel doit r\u00e9pondre \u00e0 des accusations concernant la falsification de parrainages.\" \/>\n<meta property=\"og:url\" content=\"https:\/\/www.webdo.tn\/fr\/actualite\/national\/tunisie-arrestation-du-candidat-a-la-presidentielle-ayachi-zammel\/216119\/\" \/>\n<meta property=\"og:site_name\" content=\"webdo\" \/>\n<meta property=\"article:publisher\" content=\"https:\/\/www.facebook.com\/webdotn\" \/>\n<meta property=\"article:published_time\" content=\"2024-09-02T07:53:00+00:00\" \/>\n<meta property=\"article:modified_time\" content=\"2025-05-20T22:54:49+00:00\" \/>\n<meta property=\"og:image\" content=\"https:\/\/www.webdo.tn\/fr\/wp-content\/uploads\/2024\/09\/5803a8bcfaaf92e16ebc218757ac3a04.webp\" \/>\n\t<meta property=\"og:image:width\" content=\"750\" \/>\n\t<meta property=\"og:image:height\" content=\"400\" \/>\n\t<meta property=\"og:image:type\" content=\"image\/webp\" \/>\n<meta name=\"author\" content=\"CL\" \/>\n<meta name=\"twitter:card\" content=\"summary_large_image\" \/>\n<meta name=\"twitter:creator\" content=\"@webdo_tn\" \/>\n<meta name=\"twitter:site\" content=\"@webdo_tn\" \/>\n<meta name=\"twitter:label1\" content=\"\u00c9crit par\" \/>\n\t<meta name=\"twitter:data1\" content=\"CL\" \/>\n\t<meta name=\"twitter:label2\" content=\"Dur\u00e9e de lecture estim\u00e9e\" \/>\n\t<meta name=\"twitter:data2\" content=\"1 minute\" \/>\n<script type=\"application\/ld+json\" class=\"yoast-schema-graph\">{\"@context\":\"https:\\\/\\\/schema.org\",\"@graph\":[{\"@type\":\"NewsArticle\",\"@id\":\"https:\\\/\\\/www.webdo.tn\\\/fr\\\/actualite\\\/national\\\/tunisie-arrestation-du-candidat-a-la-presidentielle-ayachi-zammel\\\/216119\\\/#article\",\"isPartOf\":{\"@id\":\"https:\\\/\\\/www.webdo.tn\\\/fr\\\/actualite\\\/national\\\/tunisie-arrestation-du-candidat-a-la-presidentielle-ayachi-zammel\\\/216119\\\/\"},\"author\":{\"name\":\"CL\",\"@id\":\"https:\\\/\\\/www.webdo.tn\\\/fr\\\/#\\\/schema\\\/person\\\/f35b42a42c5e2511bbd282959d6385cc\"},\"headline\":\"Tunisie : Arrestation du candidat \u00e0 la Pr\u00e9sidentielle Ayachi Zammel\",\"datePublished\":\"2024-09-02T07:53:00+00:00\",\"dateModified\":\"2025-05-20T22:54:49+00:00\",\"mainEntityOfPage\":{\"@id\":\"https:\\\/\\\/www.webdo.tn\\\/fr\\\/actualite\\\/national\\\/tunisie-arrestation-du-candidat-a-la-presidentielle-ayachi-zammel\\\/216119\\\/\"},\"wordCount\":209,\"commentCount\":0,\"publisher\":{\"@id\":\"https:\\\/\\\/www.webdo.tn\\\/fr\\\/#organization\"},\"image\":{\"@id\":\"https:\\\/\\\/www.webdo.tn\\\/fr\\\/actualite\\\/national\\\/tunisie-arrestation-du-candidat-a-la-presidentielle-ayachi-zammel\\\/216119\\\/#primaryimage\"},\"thumbnailUrl\":\"https:\\\/\\\/www.webdo.tn\\\/fr\\\/wp-content\\\/uploads\\\/2024\\\/09\\\/5803a8bcfaaf92e16ebc218757ac3a04.webp\",\"keywords\":[\"ayachi zammel\",\"candidat\",\"pr\u00e9sidentielle\",\"Tunisie\"],\"articleSection\":[\"National\"],\"inLanguage\":\"fr-FR\"},{\"@type\":\"WebPage\",\"@id\":\"https:\\\/\\\/www.webdo.tn\\\/fr\\\/actualite\\\/national\\\/tunisie-arrestation-du-candidat-a-la-presidentielle-ayachi-zammel\\\/216119\\\/\",\"url\":\"https:\\\/\\\/www.webdo.tn\\\/fr\\\/actualite\\\/national\\\/tunisie-arrestation-du-candidat-a-la-presidentielle-ayachi-zammel\\\/216119\\\/\",\"name\":\"Tunisie : Arrestation du candidat \u00e0 la Pr\u00e9sidentielle Ayachi Zammel\",\"isPartOf\":{\"@id\":\"https:\\\/\\\/www.webdo.tn\\\/fr\\\/#website\"},\"primaryImageOfPage\":{\"@id\":\"https:\\\/\\\/www.webdo.tn\\\/fr\\\/actualite\\\/national\\\/tunisie-arrestation-du-candidat-a-la-presidentielle-ayachi-zammel\\\/216119\\\/#primaryimage\"},\"image\":{\"@id\":\"https:\\\/\\\/www.webdo.tn\\\/fr\\\/actualite\\\/national\\\/tunisie-arrestation-du-candidat-a-la-presidentielle-ayachi-zammel\\\/216119\\\/#primaryimage\"},\"thumbnailUrl\":\"https:\\\/\\\/www.webdo.tn\\\/fr\\\/wp-content\\\/uploads\\\/2024\\\/09\\\/5803a8bcfaaf92e16ebc218757ac3a04.webp\",\"datePublished\":\"2024-09-02T07:53:00+00:00\",\"dateModified\":\"2025-05-20T22:54:49+00:00\",\"description\":\"Ayachi Zammel doit r\u00e9pondre \u00e0 des accusations concernant la falsification de parrainages.\",\"breadcrumb\":{\"@id\":\"https:\\\/\\\/www.webdo.tn\\\/fr\\\/actualite\\\/national\\\/tunisie-arrestation-du-candidat-a-la-presidentielle-ayachi-zammel\\\/216119\\\/#breadcrumb\"},\"inLanguage\":\"fr-FR\",\"potentialAction\":[{\"@type\":\"ReadAction\",\"target\":[\"https:\\\/\\\/www.webdo.tn\\\/fr\\\/actualite\\\/national\\\/tunisie-arrestation-du-candidat-a-la-presidentielle-ayachi-zammel\\\/216119\\\/\"]}]},{\"@type\":\"ImageObject\",\"inLanguage\":\"fr-FR\",\"@id\":\"https:\\\/\\\/www.webdo.tn\\\/fr\\\/actualite\\\/national\\\/tunisie-arrestation-du-candidat-a-la-presidentielle-ayachi-zammel\\\/216119\\\/#primaryimage\",\"url\":\"https:\\\/\\\/www.webdo.tn\\\/fr\\\/wp-content\\\/uploads\\\/2024\\\/09\\\/5803a8bcfaaf92e16ebc218757ac3a04.webp\",\"contentUrl\":\"https:\\\/\\\/www.webdo.tn\\\/fr\\\/wp-content\\\/uploads\\\/2024\\\/09\\\/5803a8bcfaaf92e16ebc218757ac3a04.webp\",\"width\":750,\"height\":400,\"caption\":\"Tunisie : Arrestation du candidat \u00e0 la Pr\u00e9sidentielle Ayachi Zammel\"},{\"@type\":\"BreadcrumbList\",\"@id\":\"https:\\\/\\\/www.webdo.tn\\\/fr\\\/actualite\\\/national\\\/tunisie-arrestation-du-candidat-a-la-presidentielle-ayachi-zammel\\\/216119\\\/#breadcrumb\",\"itemListElement\":[{\"@type\":\"ListItem\",\"position\":1,\"name\":\"Accueil\",\"item\":\"https:\\\/\\\/www.webdo.tn\\\/fr\\\/\"},{\"@type\":\"ListItem\",\"position\":2,\"name\":\"Tunisie : Arrestation du candidat \u00e0 la Pr\u00e9sidentielle Ayachi Zammel\"}]},{\"@type\":\"WebSite\",\"@id\":\"https:\\\/\\\/www.webdo.tn\\\/fr\\\/#website\",\"url\":\"https:\\\/\\\/www.webdo.tn\\\/fr\\\/\",\"name\":\"webdo\",\"description\":\"Tunisie - News en Tunisie et \u00e0 l&#039;international sur Webdo.tn\",\"publisher\":{\"@id\":\"https:\\\/\\\/www.webdo.tn\\\/fr\\\/#organization\"},\"potentialAction\":[{\"@type\":\"SearchAction\",\"target\":{\"@type\":\"EntryPoint\",\"urlTemplate\":\"https:\\\/\\\/www.webdo.tn\\\/fr\\\/?s={search_term_string}\"},\"query-input\":{\"@type\":\"PropertyValueSpecification\",\"valueRequired\":true,\"valueName\":\"search_term_string\"}}],\"inLanguage\":\"fr-FR\"},{\"@type\":\"Organization\",\"@id\":\"https:\\\/\\\/www.webdo.tn\\\/fr\\\/#organization\",\"name\":\"Webdo\",\"alternateName\":\"Webdo.tn\",\"url\":\"https:\\\/\\\/www.webdo.tn\\\/fr\\\/\",\"logo\":{\"@type\":\"ImageObject\",\"inLanguage\":\"fr-FR\",\"@id\":\"https:\\\/\\\/www.webdo.tn\\\/fr\\\/#\\\/schema\\\/logo\\\/image\\\/\",\"url\":\"https:\\\/\\\/www.webdo.tn\\\/fr\\\/wp-content\\\/uploads\\\/2025\\\/06\\\/Webdo-Tunisie_168377.jpg\",\"contentUrl\":\"https:\\\/\\\/www.webdo.tn\\\/fr\\\/wp-content\\\/uploads\\\/2025\\\/06\\\/Webdo-Tunisie_168377.jpg\",\"width\":301,\"height\":301,\"caption\":\"Webdo\"},\"image\":{\"@id\":\"https:\\\/\\\/www.webdo.tn\\\/fr\\\/#\\\/schema\\\/logo\\\/image\\\/\"},\"sameAs\":[\"https:\\\/\\\/www.facebook.com\\\/webdotn\",\"https:\\\/\\\/x.com\\\/webdo_tn\"],\"description\":\"Webdo est un m\u00e9dia num\u00e9rique tunisien fond\u00e9 en 2010, sp\u00e9cialis\u00e9 dans l\u2019actualit\u00e9 nationale et internationale, l\u2019\u00e9conomie, la soci\u00e9t\u00e9 et les analyses politiques. Le site s\u2019adresse \u00e0 un large public francophone et couvre l\u2019information tunisienne en temps r\u00e9el.\",\"email\":\"redac@webdo.tn\",\"legalName\":\"YNJ SARL\",\"foundingDate\":\"2010-09-06\",\"numberOfEmployees\":{\"@type\":\"QuantitativeValue\",\"minValue\":\"11\",\"maxValue\":\"50\"}},{\"@type\":\"Person\",\"@id\":\"https:\\\/\\\/www.webdo.tn\\\/fr\\\/#\\\/schema\\\/person\\\/f35b42a42c5e2511bbd282959d6385cc\",\"name\":\"CL\",\"image\":{\"@type\":\"ImageObject\",\"inLanguage\":\"fr-FR\",\"@id\":\"https:\\\/\\\/secure.gravatar.com\\\/avatar\\\/1447a49909b67aa657c488aec6512e1dd6143a480c1ecfee9b5b5cd74eb3b59e?s=96&d=mm&r=g\",\"url\":\"https:\\\/\\\/secure.gravatar.com\\\/avatar\\\/1447a49909b67aa657c488aec6512e1dd6143a480c1ecfee9b5b5cd74eb3b59e?s=96&d=mm&r=g\",\"contentUrl\":\"https:\\\/\\\/secure.gravatar.com\\\/avatar\\\/1447a49909b67aa657c488aec6512e1dd6143a480c1ecfee9b5b5cd74eb3b59e?s=96&d=mm&r=g\",\"caption\":\"CL\"},\"url\":\"https:\\\/\\\/www.webdo.tn\\\/fr\\\/actualite\\\/author\\\/cl\\\/\"}]}<\/script>\n<!-- \/ Yoast SEO Premium plugin. -->","yoast_head_json":{"title":"Tunisie : Arrestation du candidat \u00e0 la Pr\u00e9sidentielle Ayachi Zammel","description":"Ayachi Zammel doit r\u00e9pondre \u00e0 des accusations concernant la falsification de parrainages.","canonical":"https:\/\/www.webdo.tn\/fr\/actualite\/national\/tunisie-arrestation-du-candidat-a-la-presidentielle-ayachi-zammel\/216119\/","og_locale":"fr_FR","og_type":"article","og_title":"Tunisie : Arrestation du candidat \u00e0 la Pr\u00e9sidentielle Ayachi Zammel","og_description":"Ayachi Zammel doit r\u00e9pondre \u00e0 des accusations concernant la falsification de parrainages.","og_url":"https:\/\/www.webdo.tn\/fr\/actualite\/national\/tunisie-arrestation-du-candidat-a-la-presidentielle-ayachi-zammel\/216119\/","og_site_name":"webdo","article_publisher":"https:\/\/www.facebook.com\/webdotn","article_published_time":"2024-09-02T07:53:00+00:00","article_modified_time":"2025-05-20T22:54:49+00:00","og_image":[{"width":750,"height":400,"url":"https:\/\/www.webdo.tn\/fr\/wp-content\/uploads\/2024\/09\/5803a8bcfaaf92e16ebc218757ac3a04.webp","type":"image\/webp"}],"author":"CL","twitter_card":"summary_large_image","twitter_creator":"@webdo_tn","twitter_site":"@webdo_tn","twitter_misc":{"\u00c9crit par":"CL","Dur\u00e9e de lecture estim\u00e9e":"1 minute"},"schema":{"@context":"https:\/\/schema.org","@graph":[{"@type":"NewsArticle","@id":"https:\/\/www.webdo.tn\/fr\/actualite\/national\/tunisie-arrestation-du-candidat-a-la-presidentielle-ayachi-zammel\/216119\/#article","isPartOf":{"@id":"https:\/\/www.webdo.tn\/fr\/actualite\/national\/tunisie-arrestation-du-candidat-a-la-presidentielle-ayachi-zammel\/216119\/"},"author":{"name":"CL","@id":"https:\/\/www.webdo.tn\/fr\/#\/schema\/person\/f35b42a42c5e2511bbd282959d6385cc"},"headline":"Tunisie : Arrestation du candidat \u00e0 la Pr\u00e9sidentielle Ayachi Zammel","datePublished":"2024-09-02T07:53:00+00:00","dateModified":"2025-05-20T22:54:49+00:00","mainEntityOfPage":{"@id":"https:\/\/www.webdo.tn\/fr\/actualite\/national\/tunisie-arrestation-du-candidat-a-la-presidentielle-ayachi-zammel\/216119\/"},"wordCount":209,"commentCount":0,"publisher":{"@id":"https:\/\/www.webdo.tn\/fr\/#organization"},"image":{"@id":"https:\/\/www.webdo.tn\/fr\/actualite\/national\/tunisie-arrestation-du-candidat-a-la-presidentielle-ayachi-zammel\/216119\/#primaryimage"},"thumbnailUrl":"https:\/\/www.webdo.tn\/fr\/wp-content\/uploads\/2024\/09\/5803a8bcfaaf92e16ebc218757ac3a04.webp","keywords":["ayachi zammel","candidat","pr\u00e9sidentielle","Tunisie"],"articleSection":["National"],"inLanguage":"fr-FR"},{"@type":"WebPage","@id":"https:\/\/www.webdo.tn\/fr\/actualite\/national\/tunisie-arrestation-du-candidat-a-la-presidentielle-ayachi-zammel\/216119\/","url":"https:\/\/www.webdo.tn\/fr\/actualite\/national\/tunisie-arrestation-du-candidat-a-la-presidentielle-ayachi-zammel\/216119\/","name":"Tunisie : Arrestation du candidat \u00e0 la Pr\u00e9sidentielle Ayachi Zammel","isPartOf":{"@id":"https:\/\/www.webdo.tn\/fr\/#website"},"primaryImageOfPage":{"@id":"https:\/\/www.webdo.tn\/fr\/actualite\/national\/tunisie-arrestation-du-candidat-a-la-presidentielle-ayachi-zammel\/216119\/#primaryimage"},"image":{"@id":"https:\/\/www.webdo.tn\/fr\/actualite\/national\/tunisie-arrestation-du-candidat-a-la-presidentielle-ayachi-zammel\/216119\/#primaryimage"},"thumbnailUrl":"https:\/\/www.webdo.tn\/fr\/wp-content\/uploads\/2024\/09\/5803a8bcfaaf92e16ebc218757ac3a04.webp","datePublished":"2024-09-02T07:53:00+00:00","dateModified":"2025-05-20T22:54:49+00:00","description":"Ayachi Zammel doit r\u00e9pondre \u00e0 des accusations concernant la falsification de parrainages.","breadcrumb":{"@id":"https:\/\/www.webdo.tn\/fr\/actualite\/national\/tunisie-arrestation-du-candidat-a-la-presidentielle-ayachi-zammel\/216119\/#breadcrumb"},"inLanguage":"fr-FR","potentialAction":[{"@type":"ReadAction","target":["https:\/\/www.webdo.tn\/fr\/actualite\/national\/tunisie-arrestation-du-candidat-a-la-presidentielle-ayachi-zammel\/216119\/"]}]},{"@type":"ImageObject","inLanguage":"fr-FR","@id":"https:\/\/www.webdo.tn\/fr\/actualite\/national\/tunisie-arrestation-du-candidat-a-la-presidentielle-ayachi-zammel\/216119\/#primaryimage","url":"https:\/\/www.webdo.tn\/fr\/wp-content\/uploads\/2024\/09\/5803a8bcfaaf92e16ebc218757ac3a04.webp","contentUrl":"https:\/\/www.webdo.tn\/fr\/wp-content\/uploads\/2024\/09\/5803a8bcfaaf92e16ebc218757ac3a04.webp","width":750,"height":400,"caption":"Tunisie : Arrestation du candidat \u00e0 la Pr\u00e9sidentielle Ayachi Zammel"},{"@type":"BreadcrumbList","@id":"https:\/\/www.webdo.tn\/fr\/actualite\/national\/tunisie-arrestation-du-candidat-a-la-presidentielle-ayachi-zammel\/216119\/#breadcrumb","itemListElement":[{"@type":"ListItem","position":1,"name":"Accueil","item":"https:\/\/www.webdo.tn\/fr\/"},{"@type":"ListItem","position":2,"name":"Tunisie : Arrestation du candidat \u00e0 la Pr\u00e9sidentielle Ayachi Zammel"}]},{"@type":"WebSite","@id":"https:\/\/www.webdo.tn\/fr\/#website","url":"https:\/\/www.webdo.tn\/fr\/","name":"webdo","description":"Tunisie - News en Tunisie et \u00e0 l&#039;international sur Webdo.tn","publisher":{"@id":"https:\/\/www.webdo.tn\/fr\/#organization"},"potentialAction":[{"@type":"SearchAction","target":{"@type":"EntryPoint","urlTemplate":"https:\/\/www.webdo.tn\/fr\/?s={search_term_string}"},"query-input":{"@type":"PropertyValueSpecification","valueRequired":true,"valueName":"search_term_string"}}],"inLanguage":"fr-FR"},{"@type":"Organization","@id":"https:\/\/www.webdo.tn\/fr\/#organization","name":"Webdo","alternateName":"Webdo.tn","url":"https:\/\/www.webdo.tn\/fr\/","logo":{"@type":"ImageObject","inLanguage":"fr-FR","@id":"https:\/\/www.webdo.tn\/fr\/#\/schema\/logo\/image\/","url":"https:\/\/www.webdo.tn\/fr\/wp-content\/uploads\/2025\/06\/Webdo-Tunisie_168377.jpg","contentUrl":"https:\/\/www.webdo.tn\/fr\/wp-content\/uploads\/2025\/06\/Webdo-Tunisie_168377.jpg","width":301,"height":301,"caption":"Webdo"},"image":{"@id":"https:\/\/www.webdo.tn\/fr\/#\/schema\/logo\/image\/"},"sameAs":["https:\/\/www.facebook.com\/webdotn","https:\/\/x.com\/webdo_tn"],"description":"Webdo est un m\u00e9dia num\u00e9rique tunisien fond\u00e9 en 2010, sp\u00e9cialis\u00e9 dans l\u2019actualit\u00e9 nationale et internationale, l\u2019\u00e9conomie, la soci\u00e9t\u00e9 et les analyses politiques. Le site s\u2019adresse \u00e0 un large public francophone et couvre l\u2019information tunisienne en temps r\u00e9el.","email":"redac@webdo.tn","legalName":"YNJ SARL","foundingDate":"2010-09-06","numberOfEmployees":{"@type":"QuantitativeValue","minValue":"11","maxValue":"50"}},{"@type":"Person","@id":"https:\/\/www.webdo.tn\/fr\/#\/schema\/person\/f35b42a42c5e2511bbd282959d6385cc","name":"CL","image":{"@type":"ImageObject","inLanguage":"fr-FR","@id":"https:\/\/secure.gravatar.com\/avatar\/1447a49909b67aa657c488aec6512e1dd6143a480c1ecfee9b5b5cd74eb3b59e?s=96&d=mm&r=g","url":"https:\/\/secure.gravatar.com\/avatar\/1447a49909b67aa657c488aec6512e1dd6143a480c1ecfee9b5b5cd74eb3b59e?s=96&d=mm&r=g","contentUrl":"https:\/\/secure.gravatar.com\/avatar\/1447a49909b67aa657c488aec6512e1dd6143a480c1ecfee9b5b5cd74eb3b59e?s=96&d=mm&r=g","caption":"CL"},"url":"https:\/\/www.webdo.tn\/fr\/actualite\/author\/cl\/"}]}},"_links":{"self":[{"href":"https:\/\/www.webdo.tn\/fr\/wp-json\/wp\/v2\/posts\/216119","targetHints":{"allow":["GET"]}}],"collection":[{"href":"https:\/\/www.webdo.tn\/fr\/wp-json\/wp\/v2\/posts"}],"about":[{"href":"https:\/\/www.webdo.tn\/fr\/wp-json\/wp\/v2\/types\/post"}],"author":[{"embeddable":true,"href":"https:\/\/www.webdo.tn\/fr\/wp-json\/wp\/v2\/users\/3175"}],"replies":[{"embeddable":true,"href":"https:\/\/www.webdo.tn\/fr\/wp-json\/wp\/v2\/comments?post=216119"}],"version-history":[{"count":0,"href":"https:\/\/www.webdo.tn\/fr\/wp-json\/wp\/v2\/posts\/216119\/revisions"}],"wp:featuredmedia":[{"embeddable":true,"href":"https:\/\/www.webdo.tn\/fr\/wp-json\/wp\/v2\/media\/291012"}],"wp:attachment":[{"href":"https:\/\/www.webdo.tn\/fr\/wp-json\/wp\/v2\/media?parent=216119"}],"wp:term":[{"taxonomy":"category","embeddable":true,"href":"https:\/\/www.webdo.tn\/fr\/wp-json\/wp\/v2\/categories?post=216119"},{"taxonomy":"post_tag","embeddable":true,"href":"https:\/\/www.webdo.tn\/fr\/wp-json\/wp\/v2\/tags?post=216119"}],"curies":[{"name":"wp","href":"https:\/\/api.w.org\/{rel}","templated":true}]}}