{"id":216106,"date":"2024-08-31T09:49:00","date_gmt":"2024-08-31T09:49:00","guid":{"rendered":"https:\/\/www.webdo.tn\/fr\/blog\/levee-de-l-interdiction-de-recrutement-pour-le-club-africain\/216106\/"},"modified":"2025-05-20T21:49:27","modified_gmt":"2025-05-20T21:49:27","slug":"levee-de-l-interdiction-de-recrutement-pour-le-club-africain","status":"publish","type":"post","link":"https:\/\/www.webdo.tn\/fr\/actualite\/sport\/levee-de-l-interdiction-de-recrutement-pour-le-club-africain\/216106\/","title":{"rendered":"Lev\u00e9e de l&rsquo;interdiction de recrutement pour le Club Africain"},"content":{"rendered":"<p>Le Club Africain n\u2019est plus interdit de recrutement. La d\u00e9cision de la FIFA intervient quelques heures avant le d\u00e9marrage du Championnat de Ligue 1 pour la nouvelle saison.<\/p>\n<p>\t\t\t\t\t\t\t\t\tLe Club Africain a annonc\u00e9, ce vendredi 30 ao\u00fbt 2024 que la sanction d\u2019interdiction de recrutement a \u00e9t\u00e9 lev\u00e9e par la FIFA apr\u00e8s le r\u00e8glement de tous ses litiges financiers. Ainsi les onze actuelles nouvelles recrues seront qualifi\u00e9es pour la nouvelle saison.<\/p>\n<p>A noter que le Club Africain affronte aujourd&rsquo;hui, l&rsquo;US Ben Guerdane en d\u00e9placement dans le cadre de la 1\u00e8re journ\u00e9e de la Ligue 1.<\/p>\n","protected":false},"excerpt":{"rendered":"<p>Le Club Africain n\u2019est plus interdit de recrutement. La d\u00e9cision de la FIFA intervient quelques heures avant le d\u00e9marrage du Championnat de Ligue 1 pour la nouv&#8230;<\/p>\n","protected":false},"author":3162,"featured_media":246666,"comment_status":"open","ping_status":"closed","sticky":false,"template":"","format":"standard","meta":{"footnotes":""},"categories":[2593],"tags":[3101,3487,4338,2777,3872,2608],"class_list":["post-216106","post","type-post","status-publish","format-standard","has-post-thumbnail","hentry","category-sport","tag-club-africain","tag-fifa","tag-interdiction","tag-ligue-1","tag-recrutement","tag-tunisie"],"yoast_head":"<!-- This site is optimized with the Yoast SEO Premium plugin v27.4 (Yoast SEO v27.4) - https:\/\/yoast.com\/product\/yoast-seo-premium-wordpress\/ -->\n<title>Lev\u00e9e de l&#039;interdiction de recrutement pour le Club Africain<\/title>\n<meta name=\"description\" content=\"Le Club Africain n\u2019est plus interdit de recrutement. La d\u00e9cision de la FIFA intervient quelques heures avant le d\u00e9marrage du Championnat de Ligue 1 pour la nouv...\" \/>\n<link rel=\"canonical\" href=\"https:\/\/www.webdo.tn\/fr\/actualite\/sport\/levee-de-l-interdiction-de-recrutement-pour-le-club-africain\/216106\/\" \/>\n<meta property=\"og:locale\" content=\"fr_FR\" \/>\n<meta property=\"og:type\" content=\"article\" \/>\n<meta property=\"og:title\" content=\"Lev\u00e9e de l&#039;interdiction de recrutement pour le Club Africain\" \/>\n<meta property=\"og:description\" content=\"Le Club Africain n\u2019est plus interdit de recrutement. La d\u00e9cision de la FIFA intervient quelques heures avant le d\u00e9marrage du Championnat de Ligue 1 pour la nouv...\" \/>\n<meta property=\"og:url\" content=\"https:\/\/www.webdo.tn\/fr\/actualite\/sport\/levee-de-l-interdiction-de-recrutement-pour-le-club-africain\/216106\/\" \/>\n<meta property=\"og:site_name\" content=\"webdo\" \/>\n<meta property=\"article:publisher\" content=\"https:\/\/www.facebook.com\/webdotn\" \/>\n<meta property=\"article:published_time\" content=\"2024-08-31T09:49:00+00:00\" \/>\n<meta property=\"article:modified_time\" content=\"2025-05-20T21:49:27+00:00\" \/>\n<meta property=\"og:image\" content=\"https:\/\/www.webdo.tn\/fr\/wp-content\/uploads\/2024\/08\/bed811f13c3307aae92663fed7a96e3f.webp\" \/>\n\t<meta property=\"og:image:width\" content=\"750\" \/>\n\t<meta property=\"og:image:height\" content=\"400\" \/>\n\t<meta property=\"og:image:type\" content=\"image\/webp\" \/>\n<meta name=\"author\" content=\"MC\" \/>\n<meta name=\"twitter:card\" content=\"summary_large_image\" \/>\n<meta name=\"twitter:creator\" content=\"@webdo_tn\" \/>\n<meta name=\"twitter:site\" content=\"@webdo_tn\" \/>\n<meta name=\"twitter:label1\" content=\"\u00c9crit par\" \/>\n\t<meta name=\"twitter:data1\" content=\"MC\" \/>\n\t<meta name=\"twitter:label2\" content=\"Dur\u00e9e de lecture estim\u00e9e\" \/>\n\t<meta name=\"twitter:data2\" content=\"1 minute\" \/>\n<script type=\"application\/ld+json\" class=\"yoast-schema-graph\">{\"@context\":\"https:\\\/\\\/schema.org\",\"@graph\":[{\"@type\":\"NewsArticle\",\"@id\":\"https:\\\/\\\/www.webdo.tn\\\/fr\\\/actualite\\\/sport\\\/levee-de-l-interdiction-de-recrutement-pour-le-club-africain\\\/216106\\\/#article\",\"isPartOf\":{\"@id\":\"https:\\\/\\\/www.webdo.tn\\\/fr\\\/actualite\\\/sport\\\/levee-de-l-interdiction-de-recrutement-pour-le-club-africain\\\/216106\\\/\"},\"author\":{\"name\":\"MC\",\"@id\":\"https:\\\/\\\/www.webdo.tn\\\/fr\\\/#\\\/schema\\\/person\\\/2c4929cbf5a809e3bd38617c6ce150f6\"},\"headline\":\"Lev\u00e9e de l&rsquo;interdiction de recrutement pour le Club Africain\",\"datePublished\":\"2024-08-31T09:49:00+00:00\",\"dateModified\":\"2025-05-20T21:49:27+00:00\",\"mainEntityOfPage\":{\"@id\":\"https:\\\/\\\/www.webdo.tn\\\/fr\\\/actualite\\\/sport\\\/levee-de-l-interdiction-de-recrutement-pour-le-club-africain\\\/216106\\\/\"},\"wordCount\":114,\"commentCount\":0,\"publisher\":{\"@id\":\"https:\\\/\\\/www.webdo.tn\\\/fr\\\/#organization\"},\"image\":{\"@id\":\"https:\\\/\\\/www.webdo.tn\\\/fr\\\/actualite\\\/sport\\\/levee-de-l-interdiction-de-recrutement-pour-le-club-africain\\\/216106\\\/#primaryimage\"},\"thumbnailUrl\":\"https:\\\/\\\/www.webdo.tn\\\/fr\\\/wp-content\\\/uploads\\\/2024\\\/08\\\/bed811f13c3307aae92663fed7a96e3f.webp\",\"keywords\":[\"Club Africain\",\"FIFA\",\"interdiction\",\"Ligue 1\",\"recrutement\",\"Tunisie\"],\"articleSection\":[\"Sport\"],\"inLanguage\":\"fr-FR\"},{\"@type\":\"WebPage\",\"@id\":\"https:\\\/\\\/www.webdo.tn\\\/fr\\\/actualite\\\/sport\\\/levee-de-l-interdiction-de-recrutement-pour-le-club-africain\\\/216106\\\/\",\"url\":\"https:\\\/\\\/www.webdo.tn\\\/fr\\\/actualite\\\/sport\\\/levee-de-l-interdiction-de-recrutement-pour-le-club-africain\\\/216106\\\/\",\"name\":\"Lev\u00e9e de l'interdiction de recrutement pour le Club Africain\",\"isPartOf\":{\"@id\":\"https:\\\/\\\/www.webdo.tn\\\/fr\\\/#website\"},\"primaryImageOfPage\":{\"@id\":\"https:\\\/\\\/www.webdo.tn\\\/fr\\\/actualite\\\/sport\\\/levee-de-l-interdiction-de-recrutement-pour-le-club-africain\\\/216106\\\/#primaryimage\"},\"image\":{\"@id\":\"https:\\\/\\\/www.webdo.tn\\\/fr\\\/actualite\\\/sport\\\/levee-de-l-interdiction-de-recrutement-pour-le-club-africain\\\/216106\\\/#primaryimage\"},\"thumbnailUrl\":\"https:\\\/\\\/www.webdo.tn\\\/fr\\\/wp-content\\\/uploads\\\/2024\\\/08\\\/bed811f13c3307aae92663fed7a96e3f.webp\",\"datePublished\":\"2024-08-31T09:49:00+00:00\",\"dateModified\":\"2025-05-20T21:49:27+00:00\",\"description\":\"Le Club Africain n\u2019est plus interdit de recrutement. La d\u00e9cision de la FIFA intervient quelques heures avant le d\u00e9marrage du Championnat de Ligue 1 pour la nouv...\",\"breadcrumb\":{\"@id\":\"https:\\\/\\\/www.webdo.tn\\\/fr\\\/actualite\\\/sport\\\/levee-de-l-interdiction-de-recrutement-pour-le-club-africain\\\/216106\\\/#breadcrumb\"},\"inLanguage\":\"fr-FR\",\"potentialAction\":[{\"@type\":\"ReadAction\",\"target\":[\"https:\\\/\\\/www.webdo.tn\\\/fr\\\/actualite\\\/sport\\\/levee-de-l-interdiction-de-recrutement-pour-le-club-africain\\\/216106\\\/\"]}]},{\"@type\":\"ImageObject\",\"inLanguage\":\"fr-FR\",\"@id\":\"https:\\\/\\\/www.webdo.tn\\\/fr\\\/actualite\\\/sport\\\/levee-de-l-interdiction-de-recrutement-pour-le-club-africain\\\/216106\\\/#primaryimage\",\"url\":\"https:\\\/\\\/www.webdo.tn\\\/fr\\\/wp-content\\\/uploads\\\/2024\\\/08\\\/bed811f13c3307aae92663fed7a96e3f.webp\",\"contentUrl\":\"https:\\\/\\\/www.webdo.tn\\\/fr\\\/wp-content\\\/uploads\\\/2024\\\/08\\\/bed811f13c3307aae92663fed7a96e3f.webp\",\"width\":750,\"height\":400,\"caption\":\"Lev\u00e9e de l'interdiction de recrutement pour le Club Africain\"},{\"@type\":\"BreadcrumbList\",\"@id\":\"https:\\\/\\\/www.webdo.tn\\\/fr\\\/actualite\\\/sport\\\/levee-de-l-interdiction-de-recrutement-pour-le-club-africain\\\/216106\\\/#breadcrumb\",\"itemListElement\":[{\"@type\":\"ListItem\",\"position\":1,\"name\":\"Accueil\",\"item\":\"https:\\\/\\\/www.webdo.tn\\\/fr\\\/\"},{\"@type\":\"ListItem\",\"position\":2,\"name\":\"Lev\u00e9e de l&rsquo;interdiction de recrutement pour le Club Africain\"}]},{\"@type\":\"WebSite\",\"@id\":\"https:\\\/\\\/www.webdo.tn\\\/fr\\\/#website\",\"url\":\"https:\\\/\\\/www.webdo.tn\\\/fr\\\/\",\"name\":\"webdo\",\"description\":\"Tunisie - News en Tunisie et \u00e0 l&#039;international sur Webdo.tn\",\"publisher\":{\"@id\":\"https:\\\/\\\/www.webdo.tn\\\/fr\\\/#organization\"},\"potentialAction\":[{\"@type\":\"SearchAction\",\"target\":{\"@type\":\"EntryPoint\",\"urlTemplate\":\"https:\\\/\\\/www.webdo.tn\\\/fr\\\/?s={search_term_string}\"},\"query-input\":{\"@type\":\"PropertyValueSpecification\",\"valueRequired\":true,\"valueName\":\"search_term_string\"}}],\"inLanguage\":\"fr-FR\"},{\"@type\":\"Organization\",\"@id\":\"https:\\\/\\\/www.webdo.tn\\\/fr\\\/#organization\",\"name\":\"Webdo\",\"alternateName\":\"Webdo.tn\",\"url\":\"https:\\\/\\\/www.webdo.tn\\\/fr\\\/\",\"logo\":{\"@type\":\"ImageObject\",\"inLanguage\":\"fr-FR\",\"@id\":\"https:\\\/\\\/www.webdo.tn\\\/fr\\\/#\\\/schema\\\/logo\\\/image\\\/\",\"url\":\"https:\\\/\\\/www.webdo.tn\\\/fr\\\/wp-content\\\/uploads\\\/2025\\\/06\\\/Webdo-Tunisie_168377.jpg\",\"contentUrl\":\"https:\\\/\\\/www.webdo.tn\\\/fr\\\/wp-content\\\/uploads\\\/2025\\\/06\\\/Webdo-Tunisie_168377.jpg\",\"width\":301,\"height\":301,\"caption\":\"Webdo\"},\"image\":{\"@id\":\"https:\\\/\\\/www.webdo.tn\\\/fr\\\/#\\\/schema\\\/logo\\\/image\\\/\"},\"sameAs\":[\"https:\\\/\\\/www.facebook.com\\\/webdotn\",\"https:\\\/\\\/x.com\\\/webdo_tn\"],\"description\":\"Webdo est un m\u00e9dia num\u00e9rique tunisien fond\u00e9 en 2010, sp\u00e9cialis\u00e9 dans l\u2019actualit\u00e9 nationale et internationale, l\u2019\u00e9conomie, la soci\u00e9t\u00e9 et les analyses politiques. Le site s\u2019adresse \u00e0 un large public francophone et couvre l\u2019information tunisienne en temps r\u00e9el.\",\"email\":\"redac@webdo.tn\",\"legalName\":\"YNJ SARL\",\"foundingDate\":\"2010-09-06\",\"numberOfEmployees\":{\"@type\":\"QuantitativeValue\",\"minValue\":\"11\",\"maxValue\":\"50\"}},{\"@type\":\"Person\",\"@id\":\"https:\\\/\\\/www.webdo.tn\\\/fr\\\/#\\\/schema\\\/person\\\/2c4929cbf5a809e3bd38617c6ce150f6\",\"name\":\"MC\",\"image\":{\"@type\":\"ImageObject\",\"inLanguage\":\"fr-FR\",\"@id\":\"https:\\\/\\\/secure.gravatar.com\\\/avatar\\\/a545bbb6f84efdd5553dbbc2895e3ca8f1d12c5215e00a041c9670b54aa9b18a?s=96&d=mm&r=g\",\"url\":\"https:\\\/\\\/secure.gravatar.com\\\/avatar\\\/a545bbb6f84efdd5553dbbc2895e3ca8f1d12c5215e00a041c9670b54aa9b18a?s=96&d=mm&r=g\",\"contentUrl\":\"https:\\\/\\\/secure.gravatar.com\\\/avatar\\\/a545bbb6f84efdd5553dbbc2895e3ca8f1d12c5215e00a041c9670b54aa9b18a?s=96&d=mm&r=g\",\"caption\":\"MC\"},\"url\":\"https:\\\/\\\/www.webdo.tn\\\/fr\\\/actualite\\\/author\\\/mc\\\/\"}]}<\/script>\n<!-- \/ Yoast SEO Premium plugin. -->","yoast_head_json":{"title":"Lev\u00e9e de l'interdiction de recrutement pour le Club Africain","description":"Le Club Africain n\u2019est plus interdit de recrutement. La d\u00e9cision de la FIFA intervient quelques heures avant le d\u00e9marrage du Championnat de Ligue 1 pour la nouv...","canonical":"https:\/\/www.webdo.tn\/fr\/actualite\/sport\/levee-de-l-interdiction-de-recrutement-pour-le-club-africain\/216106\/","og_locale":"fr_FR","og_type":"article","og_title":"Lev\u00e9e de l'interdiction de recrutement pour le Club Africain","og_description":"Le Club Africain n\u2019est plus interdit de recrutement. La d\u00e9cision de la FIFA intervient quelques heures avant le d\u00e9marrage du Championnat de Ligue 1 pour la nouv...","og_url":"https:\/\/www.webdo.tn\/fr\/actualite\/sport\/levee-de-l-interdiction-de-recrutement-pour-le-club-africain\/216106\/","og_site_name":"webdo","article_publisher":"https:\/\/www.facebook.com\/webdotn","article_published_time":"2024-08-31T09:49:00+00:00","article_modified_time":"2025-05-20T21:49:27+00:00","og_image":[{"width":750,"height":400,"url":"https:\/\/www.webdo.tn\/fr\/wp-content\/uploads\/2024\/08\/bed811f13c3307aae92663fed7a96e3f.webp","type":"image\/webp"}],"author":"MC","twitter_card":"summary_large_image","twitter_creator":"@webdo_tn","twitter_site":"@webdo_tn","twitter_misc":{"\u00c9crit par":"MC","Dur\u00e9e de lecture estim\u00e9e":"1 minute"},"schema":{"@context":"https:\/\/schema.org","@graph":[{"@type":"NewsArticle","@id":"https:\/\/www.webdo.tn\/fr\/actualite\/sport\/levee-de-l-interdiction-de-recrutement-pour-le-club-africain\/216106\/#article","isPartOf":{"@id":"https:\/\/www.webdo.tn\/fr\/actualite\/sport\/levee-de-l-interdiction-de-recrutement-pour-le-club-africain\/216106\/"},"author":{"name":"MC","@id":"https:\/\/www.webdo.tn\/fr\/#\/schema\/person\/2c4929cbf5a809e3bd38617c6ce150f6"},"headline":"Lev\u00e9e de l&rsquo;interdiction de recrutement pour le Club Africain","datePublished":"2024-08-31T09:49:00+00:00","dateModified":"2025-05-20T21:49:27+00:00","mainEntityOfPage":{"@id":"https:\/\/www.webdo.tn\/fr\/actualite\/sport\/levee-de-l-interdiction-de-recrutement-pour-le-club-africain\/216106\/"},"wordCount":114,"commentCount":0,"publisher":{"@id":"https:\/\/www.webdo.tn\/fr\/#organization"},"image":{"@id":"https:\/\/www.webdo.tn\/fr\/actualite\/sport\/levee-de-l-interdiction-de-recrutement-pour-le-club-africain\/216106\/#primaryimage"},"thumbnailUrl":"https:\/\/www.webdo.tn\/fr\/wp-content\/uploads\/2024\/08\/bed811f13c3307aae92663fed7a96e3f.webp","keywords":["Club Africain","FIFA","interdiction","Ligue 1","recrutement","Tunisie"],"articleSection":["Sport"],"inLanguage":"fr-FR"},{"@type":"WebPage","@id":"https:\/\/www.webdo.tn\/fr\/actualite\/sport\/levee-de-l-interdiction-de-recrutement-pour-le-club-africain\/216106\/","url":"https:\/\/www.webdo.tn\/fr\/actualite\/sport\/levee-de-l-interdiction-de-recrutement-pour-le-club-africain\/216106\/","name":"Lev\u00e9e de l'interdiction de recrutement pour le Club Africain","isPartOf":{"@id":"https:\/\/www.webdo.tn\/fr\/#website"},"primaryImageOfPage":{"@id":"https:\/\/www.webdo.tn\/fr\/actualite\/sport\/levee-de-l-interdiction-de-recrutement-pour-le-club-africain\/216106\/#primaryimage"},"image":{"@id":"https:\/\/www.webdo.tn\/fr\/actualite\/sport\/levee-de-l-interdiction-de-recrutement-pour-le-club-africain\/216106\/#primaryimage"},"thumbnailUrl":"https:\/\/www.webdo.tn\/fr\/wp-content\/uploads\/2024\/08\/bed811f13c3307aae92663fed7a96e3f.webp","datePublished":"2024-08-31T09:49:00+00:00","dateModified":"2025-05-20T21:49:27+00:00","description":"Le Club Africain n\u2019est plus interdit de recrutement. La d\u00e9cision de la FIFA intervient quelques heures avant le d\u00e9marrage du Championnat de Ligue 1 pour la nouv...","breadcrumb":{"@id":"https:\/\/www.webdo.tn\/fr\/actualite\/sport\/levee-de-l-interdiction-de-recrutement-pour-le-club-africain\/216106\/#breadcrumb"},"inLanguage":"fr-FR","potentialAction":[{"@type":"ReadAction","target":["https:\/\/www.webdo.tn\/fr\/actualite\/sport\/levee-de-l-interdiction-de-recrutement-pour-le-club-africain\/216106\/"]}]},{"@type":"ImageObject","inLanguage":"fr-FR","@id":"https:\/\/www.webdo.tn\/fr\/actualite\/sport\/levee-de-l-interdiction-de-recrutement-pour-le-club-africain\/216106\/#primaryimage","url":"https:\/\/www.webdo.tn\/fr\/wp-content\/uploads\/2024\/08\/bed811f13c3307aae92663fed7a96e3f.webp","contentUrl":"https:\/\/www.webdo.tn\/fr\/wp-content\/uploads\/2024\/08\/bed811f13c3307aae92663fed7a96e3f.webp","width":750,"height":400,"caption":"Lev\u00e9e de l'interdiction de recrutement pour le Club Africain"},{"@type":"BreadcrumbList","@id":"https:\/\/www.webdo.tn\/fr\/actualite\/sport\/levee-de-l-interdiction-de-recrutement-pour-le-club-africain\/216106\/#breadcrumb","itemListElement":[{"@type":"ListItem","position":1,"name":"Accueil","item":"https:\/\/www.webdo.tn\/fr\/"},{"@type":"ListItem","position":2,"name":"Lev\u00e9e de l&rsquo;interdiction de recrutement pour le Club Africain"}]},{"@type":"WebSite","@id":"https:\/\/www.webdo.tn\/fr\/#website","url":"https:\/\/www.webdo.tn\/fr\/","name":"webdo","description":"Tunisie - News en Tunisie et \u00e0 l&#039;international sur Webdo.tn","publisher":{"@id":"https:\/\/www.webdo.tn\/fr\/#organization"},"potentialAction":[{"@type":"SearchAction","target":{"@type":"EntryPoint","urlTemplate":"https:\/\/www.webdo.tn\/fr\/?s={search_term_string}"},"query-input":{"@type":"PropertyValueSpecification","valueRequired":true,"valueName":"search_term_string"}}],"inLanguage":"fr-FR"},{"@type":"Organization","@id":"https:\/\/www.webdo.tn\/fr\/#organization","name":"Webdo","alternateName":"Webdo.tn","url":"https:\/\/www.webdo.tn\/fr\/","logo":{"@type":"ImageObject","inLanguage":"fr-FR","@id":"https:\/\/www.webdo.tn\/fr\/#\/schema\/logo\/image\/","url":"https:\/\/www.webdo.tn\/fr\/wp-content\/uploads\/2025\/06\/Webdo-Tunisie_168377.jpg","contentUrl":"https:\/\/www.webdo.tn\/fr\/wp-content\/uploads\/2025\/06\/Webdo-Tunisie_168377.jpg","width":301,"height":301,"caption":"Webdo"},"image":{"@id":"https:\/\/www.webdo.tn\/fr\/#\/schema\/logo\/image\/"},"sameAs":["https:\/\/www.facebook.com\/webdotn","https:\/\/x.com\/webdo_tn"],"description":"Webdo est un m\u00e9dia num\u00e9rique tunisien fond\u00e9 en 2010, sp\u00e9cialis\u00e9 dans l\u2019actualit\u00e9 nationale et internationale, l\u2019\u00e9conomie, la soci\u00e9t\u00e9 et les analyses politiques. Le site s\u2019adresse \u00e0 un large public francophone et couvre l\u2019information tunisienne en temps r\u00e9el.","email":"redac@webdo.tn","legalName":"YNJ SARL","foundingDate":"2010-09-06","numberOfEmployees":{"@type":"QuantitativeValue","minValue":"11","maxValue":"50"}},{"@type":"Person","@id":"https:\/\/www.webdo.tn\/fr\/#\/schema\/person\/2c4929cbf5a809e3bd38617c6ce150f6","name":"MC","image":{"@type":"ImageObject","inLanguage":"fr-FR","@id":"https:\/\/secure.gravatar.com\/avatar\/a545bbb6f84efdd5553dbbc2895e3ca8f1d12c5215e00a041c9670b54aa9b18a?s=96&d=mm&r=g","url":"https:\/\/secure.gravatar.com\/avatar\/a545bbb6f84efdd5553dbbc2895e3ca8f1d12c5215e00a041c9670b54aa9b18a?s=96&d=mm&r=g","contentUrl":"https:\/\/secure.gravatar.com\/avatar\/a545bbb6f84efdd5553dbbc2895e3ca8f1d12c5215e00a041c9670b54aa9b18a?s=96&d=mm&r=g","caption":"MC"},"url":"https:\/\/www.webdo.tn\/fr\/actualite\/author\/mc\/"}]}},"_links":{"self":[{"href":"https:\/\/www.webdo.tn\/fr\/wp-json\/wp\/v2\/posts\/216106","targetHints":{"allow":["GET"]}}],"collection":[{"href":"https:\/\/www.webdo.tn\/fr\/wp-json\/wp\/v2\/posts"}],"about":[{"href":"https:\/\/www.webdo.tn\/fr\/wp-json\/wp\/v2\/types\/post"}],"author":[{"embeddable":true,"href":"https:\/\/www.webdo.tn\/fr\/wp-json\/wp\/v2\/users\/3162"}],"replies":[{"embeddable":true,"href":"https:\/\/www.webdo.tn\/fr\/wp-json\/wp\/v2\/comments?post=216106"}],"version-history":[{"count":0,"href":"https:\/\/www.webdo.tn\/fr\/wp-json\/wp\/v2\/posts\/216106\/revisions"}],"wp:featuredmedia":[{"embeddable":true,"href":"https:\/\/www.webdo.tn\/fr\/wp-json\/wp\/v2\/media\/246666"}],"wp:attachment":[{"href":"https:\/\/www.webdo.tn\/fr\/wp-json\/wp\/v2\/media?parent=216106"}],"wp:term":[{"taxonomy":"category","embeddable":true,"href":"https:\/\/www.webdo.tn\/fr\/wp-json\/wp\/v2\/categories?post=216106"},{"taxonomy":"post_tag","embeddable":true,"href":"https:\/\/www.webdo.tn\/fr\/wp-json\/wp\/v2\/tags?post=216106"}],"curies":[{"name":"wp","href":"https:\/\/api.w.org\/{rel}","templated":true}]}}