{"id":216104,"date":"2024-08-31T09:17:00","date_gmt":"2024-08-31T09:17:00","guid":{"rendered":"https:\/\/www.webdo.tn\/fr\/blog\/tunisie-iyadh-elloumi-libere\/216104\/"},"modified":"2025-05-20T21:49:27","modified_gmt":"2025-05-20T21:49:27","slug":"tunisie-iyadh-elloumi-libere","status":"publish","type":"post","link":"https:\/\/www.webdo.tn\/fr\/actualite\/national\/tunisie-iyadh-elloumi-libere\/216104\/","title":{"rendered":"Tunisie : Iyadh Elloumi lib\u00e9r\u00e9"},"content":{"rendered":"<p>Condamn\u00e9 \u00e0 une peine de six mois de prison et \u00e0 une amende de 1000 dinars suite \u00e0 une plainte d\u00e9pos\u00e9e contre lui par l\u2019ISIE, l&rsquo;ancien d\u00e9put\u00e9 Iyadh Elloumi a \u00e9t\u00e9 lib\u00e9r\u00e9.<\/p>\n<p>\t\t\t\t\t\t\t\t\tL\u2019ancien d\u00e9put\u00e9, Yadh Elloumi, a \u00e9t\u00e9 lib\u00e9r\u00e9, dans la soir\u00e9e de vendredi 30 ao\u00fbt 2024 suite \u00e0 une d\u00e9cision de la Chambre criminelle de la Cour d&rsquo;appel de Tunis, qui a \u00e9galement d\u00e9cid\u00e9 de reporter son proc\u00e8s \u00e0 une date ult\u00e9rieure.<\/p>\n<p>Iyadh Elloumi avait \u00e9t\u00e9 arr\u00eat\u00e9 le 13 juillet dernier, suite \u00e0 une plainte d\u00e9pos\u00e9e contre lui par l&rsquo;Instance sup\u00e9rieure ind\u00e9pendante pour les \u00e9lections (ISIE), il avait fait l\u2019objet d\u2019un mandat de d\u00e9p\u00f4t le 16 juillet et avait \u00e9t\u00e9 renvoy\u00e9 (en \u00e9tat de d\u00e9tention) devant la chambre correctionnelle.<\/p>\n<p>Il avait \u00e9t\u00e9 accus\u00e9 d\u2019avoir effectu\u00e9 des dons en nature ou en esp\u00e8ces, dans le but d&rsquo;influencer les \u00e9lecteurs lors de l&rsquo;\u00e9lection pr\u00e9sidentielle de 2019, en sa qualit\u00e9 de membre de la campagne \u00e9lectorale de Nabil Karoui.<\/p>\n<p>Le minist\u00e8re public du Tribunal de premi\u00e8re instance de l&rsquo;Ariana avait ordonn\u00e9, le 13 juillet, son placement en garde \u00e0 vue de Iyadh Elloumi, conform\u00e9ment \u00e0 un mandat de recherche \u00e9mis \u00e0 son encontre.<\/p>\n","protected":false},"excerpt":{"rendered":"<p>L\u2019ancien d\u00e9put\u00e9, Yadh Elloumi, a \u00e9t\u00e9 lib\u00e9r\u00e9, dans la soir\u00e9e de vendredi 30 ao\u00fbt 2024 suite \u00e0 une d\u00e9cision de la Chambre criminelle de la Cour d&rsquo;appel de Tunis,&#8230;<\/p>\n","protected":false},"author":3162,"featured_media":246665,"comment_status":"open","ping_status":"closed","sticky":false,"template":"","format":"standard","meta":{"footnotes":""},"categories":[44],"tags":[5817,3938,3261,2608],"class_list":["post-216104","post","type-post","status-publish","format-standard","has-post-thumbnail","hentry","category-national","tag-iyadh-elloumi","tag-liberation","tag-proces","tag-tunisie"],"yoast_head":"<!-- This site is optimized with the Yoast SEO Premium plugin v27.4 (Yoast SEO v27.5) - https:\/\/yoast.com\/product\/yoast-seo-premium-wordpress\/ -->\n<title>Tunisie : Iyadh Elloumi lib\u00e9r\u00e9<\/title>\n<meta name=\"description\" content=\"L\u2019ancien d\u00e9put\u00e9, Yadh Elloumi, a \u00e9t\u00e9 lib\u00e9r\u00e9, dans la soir\u00e9e de vendredi 30 ao\u00fbt 2024 suite \u00e0 une d\u00e9cision de la Chambre criminelle de la Cour d&#039;appel de Tunis,...\" \/>\n<link rel=\"canonical\" href=\"https:\/\/www.webdo.tn\/fr\/actualite\/national\/tunisie-iyadh-elloumi-libere\/216104\/\" \/>\n<meta property=\"og:locale\" content=\"fr_FR\" \/>\n<meta property=\"og:type\" content=\"article\" \/>\n<meta property=\"og:title\" content=\"Tunisie : Iyadh Elloumi lib\u00e9r\u00e9\" \/>\n<meta property=\"og:description\" content=\"L\u2019ancien d\u00e9put\u00e9, Yadh Elloumi, a \u00e9t\u00e9 lib\u00e9r\u00e9, dans la soir\u00e9e de vendredi 30 ao\u00fbt 2024 suite \u00e0 une d\u00e9cision de la Chambre criminelle de la Cour d&#039;appel de Tunis,...\" \/>\n<meta property=\"og:url\" content=\"https:\/\/www.webdo.tn\/fr\/actualite\/national\/tunisie-iyadh-elloumi-libere\/216104\/\" \/>\n<meta property=\"og:site_name\" content=\"webdo\" \/>\n<meta property=\"article:publisher\" content=\"https:\/\/www.facebook.com\/webdotn\" \/>\n<meta property=\"article:published_time\" content=\"2024-08-31T09:17:00+00:00\" \/>\n<meta property=\"article:modified_time\" content=\"2025-05-20T21:49:27+00:00\" \/>\n<meta property=\"og:image\" content=\"https:\/\/www.webdo.tn\/fr\/wp-content\/uploads\/2024\/08\/0f89278692557404f86ef15bb49c429d.webp\" \/>\n\t<meta property=\"og:image:width\" content=\"750\" \/>\n\t<meta property=\"og:image:height\" content=\"400\" \/>\n\t<meta property=\"og:image:type\" content=\"image\/webp\" \/>\n<meta name=\"author\" content=\"MC\" \/>\n<meta name=\"twitter:card\" content=\"summary_large_image\" \/>\n<meta name=\"twitter:creator\" content=\"@webdo_tn\" \/>\n<meta name=\"twitter:site\" content=\"@webdo_tn\" \/>\n<meta name=\"twitter:label1\" content=\"\u00c9crit par\" \/>\n\t<meta name=\"twitter:data1\" content=\"MC\" \/>\n\t<meta name=\"twitter:label2\" content=\"Dur\u00e9e de lecture estim\u00e9e\" \/>\n\t<meta name=\"twitter:data2\" content=\"1 minute\" \/>\n<script type=\"application\/ld+json\" class=\"yoast-schema-graph\">{\"@context\":\"https:\\\/\\\/schema.org\",\"@graph\":[{\"@type\":\"NewsArticle\",\"@id\":\"https:\\\/\\\/www.webdo.tn\\\/fr\\\/actualite\\\/national\\\/tunisie-iyadh-elloumi-libere\\\/216104\\\/#article\",\"isPartOf\":{\"@id\":\"https:\\\/\\\/www.webdo.tn\\\/fr\\\/actualite\\\/national\\\/tunisie-iyadh-elloumi-libere\\\/216104\\\/\"},\"author\":{\"name\":\"MC\",\"@id\":\"https:\\\/\\\/www.webdo.tn\\\/fr\\\/#\\\/schema\\\/person\\\/2c4929cbf5a809e3bd38617c6ce150f6\"},\"headline\":\"Tunisie : Iyadh Elloumi lib\u00e9r\u00e9\",\"datePublished\":\"2024-08-31T09:17:00+00:00\",\"dateModified\":\"2025-05-20T21:49:27+00:00\",\"mainEntityOfPage\":{\"@id\":\"https:\\\/\\\/www.webdo.tn\\\/fr\\\/actualite\\\/national\\\/tunisie-iyadh-elloumi-libere\\\/216104\\\/\"},\"wordCount\":216,\"commentCount\":0,\"publisher\":{\"@id\":\"https:\\\/\\\/www.webdo.tn\\\/fr\\\/#organization\"},\"image\":{\"@id\":\"https:\\\/\\\/www.webdo.tn\\\/fr\\\/actualite\\\/national\\\/tunisie-iyadh-elloumi-libere\\\/216104\\\/#primaryimage\"},\"thumbnailUrl\":\"https:\\\/\\\/www.webdo.tn\\\/fr\\\/wp-content\\\/uploads\\\/2024\\\/08\\\/0f89278692557404f86ef15bb49c429d.webp\",\"keywords\":[\"Iyadh Elloumi\",\"lib\u00e9ration\",\"proc\u00e8s\",\"Tunisie\"],\"articleSection\":[\"National\"],\"inLanguage\":\"fr-FR\"},{\"@type\":\"WebPage\",\"@id\":\"https:\\\/\\\/www.webdo.tn\\\/fr\\\/actualite\\\/national\\\/tunisie-iyadh-elloumi-libere\\\/216104\\\/\",\"url\":\"https:\\\/\\\/www.webdo.tn\\\/fr\\\/actualite\\\/national\\\/tunisie-iyadh-elloumi-libere\\\/216104\\\/\",\"name\":\"Tunisie : Iyadh Elloumi lib\u00e9r\u00e9\",\"isPartOf\":{\"@id\":\"https:\\\/\\\/www.webdo.tn\\\/fr\\\/#website\"},\"primaryImageOfPage\":{\"@id\":\"https:\\\/\\\/www.webdo.tn\\\/fr\\\/actualite\\\/national\\\/tunisie-iyadh-elloumi-libere\\\/216104\\\/#primaryimage\"},\"image\":{\"@id\":\"https:\\\/\\\/www.webdo.tn\\\/fr\\\/actualite\\\/national\\\/tunisie-iyadh-elloumi-libere\\\/216104\\\/#primaryimage\"},\"thumbnailUrl\":\"https:\\\/\\\/www.webdo.tn\\\/fr\\\/wp-content\\\/uploads\\\/2024\\\/08\\\/0f89278692557404f86ef15bb49c429d.webp\",\"datePublished\":\"2024-08-31T09:17:00+00:00\",\"dateModified\":\"2025-05-20T21:49:27+00:00\",\"description\":\"L\u2019ancien d\u00e9put\u00e9, Yadh Elloumi, a \u00e9t\u00e9 lib\u00e9r\u00e9, dans la soir\u00e9e de vendredi 30 ao\u00fbt 2024 suite \u00e0 une d\u00e9cision de la Chambre criminelle de la Cour d'appel de Tunis,...\",\"breadcrumb\":{\"@id\":\"https:\\\/\\\/www.webdo.tn\\\/fr\\\/actualite\\\/national\\\/tunisie-iyadh-elloumi-libere\\\/216104\\\/#breadcrumb\"},\"inLanguage\":\"fr-FR\",\"potentialAction\":[{\"@type\":\"ReadAction\",\"target\":[\"https:\\\/\\\/www.webdo.tn\\\/fr\\\/actualite\\\/national\\\/tunisie-iyadh-elloumi-libere\\\/216104\\\/\"]}]},{\"@type\":\"ImageObject\",\"inLanguage\":\"fr-FR\",\"@id\":\"https:\\\/\\\/www.webdo.tn\\\/fr\\\/actualite\\\/national\\\/tunisie-iyadh-elloumi-libere\\\/216104\\\/#primaryimage\",\"url\":\"https:\\\/\\\/www.webdo.tn\\\/fr\\\/wp-content\\\/uploads\\\/2024\\\/08\\\/0f89278692557404f86ef15bb49c429d.webp\",\"contentUrl\":\"https:\\\/\\\/www.webdo.tn\\\/fr\\\/wp-content\\\/uploads\\\/2024\\\/08\\\/0f89278692557404f86ef15bb49c429d.webp\",\"width\":750,\"height\":400,\"caption\":\"Tunisie : Iyadh Elloumi lib\u00e9r\u00e9\"},{\"@type\":\"BreadcrumbList\",\"@id\":\"https:\\\/\\\/www.webdo.tn\\\/fr\\\/actualite\\\/national\\\/tunisie-iyadh-elloumi-libere\\\/216104\\\/#breadcrumb\",\"itemListElement\":[{\"@type\":\"ListItem\",\"position\":1,\"name\":\"Accueil\",\"item\":\"https:\\\/\\\/www.webdo.tn\\\/fr\\\/\"},{\"@type\":\"ListItem\",\"position\":2,\"name\":\"Tunisie : Iyadh Elloumi lib\u00e9r\u00e9\"}]},{\"@type\":\"WebSite\",\"@id\":\"https:\\\/\\\/www.webdo.tn\\\/fr\\\/#website\",\"url\":\"https:\\\/\\\/www.webdo.tn\\\/fr\\\/\",\"name\":\"webdo\",\"description\":\"Tunisie - News en Tunisie et \u00e0 l&#039;international sur Webdo.tn\",\"publisher\":{\"@id\":\"https:\\\/\\\/www.webdo.tn\\\/fr\\\/#organization\"},\"potentialAction\":[{\"@type\":\"SearchAction\",\"target\":{\"@type\":\"EntryPoint\",\"urlTemplate\":\"https:\\\/\\\/www.webdo.tn\\\/fr\\\/?s={search_term_string}\"},\"query-input\":{\"@type\":\"PropertyValueSpecification\",\"valueRequired\":true,\"valueName\":\"search_term_string\"}}],\"inLanguage\":\"fr-FR\"},{\"@type\":\"Organization\",\"@id\":\"https:\\\/\\\/www.webdo.tn\\\/fr\\\/#organization\",\"name\":\"Webdo\",\"alternateName\":\"Webdo.tn\",\"url\":\"https:\\\/\\\/www.webdo.tn\\\/fr\\\/\",\"logo\":{\"@type\":\"ImageObject\",\"inLanguage\":\"fr-FR\",\"@id\":\"https:\\\/\\\/www.webdo.tn\\\/fr\\\/#\\\/schema\\\/logo\\\/image\\\/\",\"url\":\"https:\\\/\\\/www.webdo.tn\\\/fr\\\/wp-content\\\/uploads\\\/2025\\\/06\\\/Webdo-Tunisie_168377.jpg\",\"contentUrl\":\"https:\\\/\\\/www.webdo.tn\\\/fr\\\/wp-content\\\/uploads\\\/2025\\\/06\\\/Webdo-Tunisie_168377.jpg\",\"width\":301,\"height\":301,\"caption\":\"Webdo\"},\"image\":{\"@id\":\"https:\\\/\\\/www.webdo.tn\\\/fr\\\/#\\\/schema\\\/logo\\\/image\\\/\"},\"sameAs\":[\"https:\\\/\\\/www.facebook.com\\\/webdotn\",\"https:\\\/\\\/x.com\\\/webdo_tn\"],\"description\":\"Webdo est un m\u00e9dia num\u00e9rique tunisien fond\u00e9 en 2010, sp\u00e9cialis\u00e9 dans l\u2019actualit\u00e9 nationale et internationale, l\u2019\u00e9conomie, la soci\u00e9t\u00e9 et les analyses politiques. Le site s\u2019adresse \u00e0 un large public francophone et couvre l\u2019information tunisienne en temps r\u00e9el.\",\"email\":\"redac@webdo.tn\",\"legalName\":\"YNJ SARL\",\"foundingDate\":\"2010-09-06\",\"numberOfEmployees\":{\"@type\":\"QuantitativeValue\",\"minValue\":\"11\",\"maxValue\":\"50\"}},{\"@type\":\"Person\",\"@id\":\"https:\\\/\\\/www.webdo.tn\\\/fr\\\/#\\\/schema\\\/person\\\/2c4929cbf5a809e3bd38617c6ce150f6\",\"name\":\"MC\",\"image\":{\"@type\":\"ImageObject\",\"inLanguage\":\"fr-FR\",\"@id\":\"https:\\\/\\\/secure.gravatar.com\\\/avatar\\\/a545bbb6f84efdd5553dbbc2895e3ca8f1d12c5215e00a041c9670b54aa9b18a?s=96&d=mm&r=g\",\"url\":\"https:\\\/\\\/secure.gravatar.com\\\/avatar\\\/a545bbb6f84efdd5553dbbc2895e3ca8f1d12c5215e00a041c9670b54aa9b18a?s=96&d=mm&r=g\",\"contentUrl\":\"https:\\\/\\\/secure.gravatar.com\\\/avatar\\\/a545bbb6f84efdd5553dbbc2895e3ca8f1d12c5215e00a041c9670b54aa9b18a?s=96&d=mm&r=g\",\"caption\":\"MC\"},\"url\":\"https:\\\/\\\/www.webdo.tn\\\/fr\\\/actualite\\\/author\\\/mc\\\/\"}]}<\/script>\n<!-- \/ Yoast SEO Premium plugin. -->","yoast_head_json":{"title":"Tunisie : Iyadh Elloumi lib\u00e9r\u00e9","description":"L\u2019ancien d\u00e9put\u00e9, Yadh Elloumi, a \u00e9t\u00e9 lib\u00e9r\u00e9, dans la soir\u00e9e de vendredi 30 ao\u00fbt 2024 suite \u00e0 une d\u00e9cision de la Chambre criminelle de la Cour d'appel de Tunis,...","canonical":"https:\/\/www.webdo.tn\/fr\/actualite\/national\/tunisie-iyadh-elloumi-libere\/216104\/","og_locale":"fr_FR","og_type":"article","og_title":"Tunisie : Iyadh Elloumi lib\u00e9r\u00e9","og_description":"L\u2019ancien d\u00e9put\u00e9, Yadh Elloumi, a \u00e9t\u00e9 lib\u00e9r\u00e9, dans la soir\u00e9e de vendredi 30 ao\u00fbt 2024 suite \u00e0 une d\u00e9cision de la Chambre criminelle de la Cour d'appel de Tunis,...","og_url":"https:\/\/www.webdo.tn\/fr\/actualite\/national\/tunisie-iyadh-elloumi-libere\/216104\/","og_site_name":"webdo","article_publisher":"https:\/\/www.facebook.com\/webdotn","article_published_time":"2024-08-31T09:17:00+00:00","article_modified_time":"2025-05-20T21:49:27+00:00","og_image":[{"width":750,"height":400,"url":"https:\/\/www.webdo.tn\/fr\/wp-content\/uploads\/2024\/08\/0f89278692557404f86ef15bb49c429d.webp","type":"image\/webp"}],"author":"MC","twitter_card":"summary_large_image","twitter_creator":"@webdo_tn","twitter_site":"@webdo_tn","twitter_misc":{"\u00c9crit par":"MC","Dur\u00e9e de lecture estim\u00e9e":"1 minute"},"schema":{"@context":"https:\/\/schema.org","@graph":[{"@type":"NewsArticle","@id":"https:\/\/www.webdo.tn\/fr\/actualite\/national\/tunisie-iyadh-elloumi-libere\/216104\/#article","isPartOf":{"@id":"https:\/\/www.webdo.tn\/fr\/actualite\/national\/tunisie-iyadh-elloumi-libere\/216104\/"},"author":{"name":"MC","@id":"https:\/\/www.webdo.tn\/fr\/#\/schema\/person\/2c4929cbf5a809e3bd38617c6ce150f6"},"headline":"Tunisie : Iyadh Elloumi lib\u00e9r\u00e9","datePublished":"2024-08-31T09:17:00+00:00","dateModified":"2025-05-20T21:49:27+00:00","mainEntityOfPage":{"@id":"https:\/\/www.webdo.tn\/fr\/actualite\/national\/tunisie-iyadh-elloumi-libere\/216104\/"},"wordCount":216,"commentCount":0,"publisher":{"@id":"https:\/\/www.webdo.tn\/fr\/#organization"},"image":{"@id":"https:\/\/www.webdo.tn\/fr\/actualite\/national\/tunisie-iyadh-elloumi-libere\/216104\/#primaryimage"},"thumbnailUrl":"https:\/\/www.webdo.tn\/fr\/wp-content\/uploads\/2024\/08\/0f89278692557404f86ef15bb49c429d.webp","keywords":["Iyadh Elloumi","lib\u00e9ration","proc\u00e8s","Tunisie"],"articleSection":["National"],"inLanguage":"fr-FR"},{"@type":"WebPage","@id":"https:\/\/www.webdo.tn\/fr\/actualite\/national\/tunisie-iyadh-elloumi-libere\/216104\/","url":"https:\/\/www.webdo.tn\/fr\/actualite\/national\/tunisie-iyadh-elloumi-libere\/216104\/","name":"Tunisie : Iyadh Elloumi lib\u00e9r\u00e9","isPartOf":{"@id":"https:\/\/www.webdo.tn\/fr\/#website"},"primaryImageOfPage":{"@id":"https:\/\/www.webdo.tn\/fr\/actualite\/national\/tunisie-iyadh-elloumi-libere\/216104\/#primaryimage"},"image":{"@id":"https:\/\/www.webdo.tn\/fr\/actualite\/national\/tunisie-iyadh-elloumi-libere\/216104\/#primaryimage"},"thumbnailUrl":"https:\/\/www.webdo.tn\/fr\/wp-content\/uploads\/2024\/08\/0f89278692557404f86ef15bb49c429d.webp","datePublished":"2024-08-31T09:17:00+00:00","dateModified":"2025-05-20T21:49:27+00:00","description":"L\u2019ancien d\u00e9put\u00e9, Yadh Elloumi, a \u00e9t\u00e9 lib\u00e9r\u00e9, dans la soir\u00e9e de vendredi 30 ao\u00fbt 2024 suite \u00e0 une d\u00e9cision de la Chambre criminelle de la Cour d'appel de Tunis,...","breadcrumb":{"@id":"https:\/\/www.webdo.tn\/fr\/actualite\/national\/tunisie-iyadh-elloumi-libere\/216104\/#breadcrumb"},"inLanguage":"fr-FR","potentialAction":[{"@type":"ReadAction","target":["https:\/\/www.webdo.tn\/fr\/actualite\/national\/tunisie-iyadh-elloumi-libere\/216104\/"]}]},{"@type":"ImageObject","inLanguage":"fr-FR","@id":"https:\/\/www.webdo.tn\/fr\/actualite\/national\/tunisie-iyadh-elloumi-libere\/216104\/#primaryimage","url":"https:\/\/www.webdo.tn\/fr\/wp-content\/uploads\/2024\/08\/0f89278692557404f86ef15bb49c429d.webp","contentUrl":"https:\/\/www.webdo.tn\/fr\/wp-content\/uploads\/2024\/08\/0f89278692557404f86ef15bb49c429d.webp","width":750,"height":400,"caption":"Tunisie : Iyadh Elloumi lib\u00e9r\u00e9"},{"@type":"BreadcrumbList","@id":"https:\/\/www.webdo.tn\/fr\/actualite\/national\/tunisie-iyadh-elloumi-libere\/216104\/#breadcrumb","itemListElement":[{"@type":"ListItem","position":1,"name":"Accueil","item":"https:\/\/www.webdo.tn\/fr\/"},{"@type":"ListItem","position":2,"name":"Tunisie : Iyadh Elloumi lib\u00e9r\u00e9"}]},{"@type":"WebSite","@id":"https:\/\/www.webdo.tn\/fr\/#website","url":"https:\/\/www.webdo.tn\/fr\/","name":"webdo","description":"Tunisie - News en Tunisie et \u00e0 l&#039;international sur Webdo.tn","publisher":{"@id":"https:\/\/www.webdo.tn\/fr\/#organization"},"potentialAction":[{"@type":"SearchAction","target":{"@type":"EntryPoint","urlTemplate":"https:\/\/www.webdo.tn\/fr\/?s={search_term_string}"},"query-input":{"@type":"PropertyValueSpecification","valueRequired":true,"valueName":"search_term_string"}}],"inLanguage":"fr-FR"},{"@type":"Organization","@id":"https:\/\/www.webdo.tn\/fr\/#organization","name":"Webdo","alternateName":"Webdo.tn","url":"https:\/\/www.webdo.tn\/fr\/","logo":{"@type":"ImageObject","inLanguage":"fr-FR","@id":"https:\/\/www.webdo.tn\/fr\/#\/schema\/logo\/image\/","url":"https:\/\/www.webdo.tn\/fr\/wp-content\/uploads\/2025\/06\/Webdo-Tunisie_168377.jpg","contentUrl":"https:\/\/www.webdo.tn\/fr\/wp-content\/uploads\/2025\/06\/Webdo-Tunisie_168377.jpg","width":301,"height":301,"caption":"Webdo"},"image":{"@id":"https:\/\/www.webdo.tn\/fr\/#\/schema\/logo\/image\/"},"sameAs":["https:\/\/www.facebook.com\/webdotn","https:\/\/x.com\/webdo_tn"],"description":"Webdo est un m\u00e9dia num\u00e9rique tunisien fond\u00e9 en 2010, sp\u00e9cialis\u00e9 dans l\u2019actualit\u00e9 nationale et internationale, l\u2019\u00e9conomie, la soci\u00e9t\u00e9 et les analyses politiques. Le site s\u2019adresse \u00e0 un large public francophone et couvre l\u2019information tunisienne en temps r\u00e9el.","email":"redac@webdo.tn","legalName":"YNJ SARL","foundingDate":"2010-09-06","numberOfEmployees":{"@type":"QuantitativeValue","minValue":"11","maxValue":"50"}},{"@type":"Person","@id":"https:\/\/www.webdo.tn\/fr\/#\/schema\/person\/2c4929cbf5a809e3bd38617c6ce150f6","name":"MC","image":{"@type":"ImageObject","inLanguage":"fr-FR","@id":"https:\/\/secure.gravatar.com\/avatar\/a545bbb6f84efdd5553dbbc2895e3ca8f1d12c5215e00a041c9670b54aa9b18a?s=96&d=mm&r=g","url":"https:\/\/secure.gravatar.com\/avatar\/a545bbb6f84efdd5553dbbc2895e3ca8f1d12c5215e00a041c9670b54aa9b18a?s=96&d=mm&r=g","contentUrl":"https:\/\/secure.gravatar.com\/avatar\/a545bbb6f84efdd5553dbbc2895e3ca8f1d12c5215e00a041c9670b54aa9b18a?s=96&d=mm&r=g","caption":"MC"},"url":"https:\/\/www.webdo.tn\/fr\/actualite\/author\/mc\/"}]}},"_links":{"self":[{"href":"https:\/\/www.webdo.tn\/fr\/wp-json\/wp\/v2\/posts\/216104","targetHints":{"allow":["GET"]}}],"collection":[{"href":"https:\/\/www.webdo.tn\/fr\/wp-json\/wp\/v2\/posts"}],"about":[{"href":"https:\/\/www.webdo.tn\/fr\/wp-json\/wp\/v2\/types\/post"}],"author":[{"embeddable":true,"href":"https:\/\/www.webdo.tn\/fr\/wp-json\/wp\/v2\/users\/3162"}],"replies":[{"embeddable":true,"href":"https:\/\/www.webdo.tn\/fr\/wp-json\/wp\/v2\/comments?post=216104"}],"version-history":[{"count":0,"href":"https:\/\/www.webdo.tn\/fr\/wp-json\/wp\/v2\/posts\/216104\/revisions"}],"wp:featuredmedia":[{"embeddable":true,"href":"https:\/\/www.webdo.tn\/fr\/wp-json\/wp\/v2\/media\/246665"}],"wp:attachment":[{"href":"https:\/\/www.webdo.tn\/fr\/wp-json\/wp\/v2\/media?parent=216104"}],"wp:term":[{"taxonomy":"category","embeddable":true,"href":"https:\/\/www.webdo.tn\/fr\/wp-json\/wp\/v2\/categories?post=216104"},{"taxonomy":"post_tag","embeddable":true,"href":"https:\/\/www.webdo.tn\/fr\/wp-json\/wp\/v2\/tags?post=216104"}],"curies":[{"name":"wp","href":"https:\/\/api.w.org\/{rel}","templated":true}]}}