{"id":216098,"date":"2024-08-30T19:36:00","date_gmt":"2024-08-30T19:36:00","guid":{"rendered":"https:\/\/www.webdo.tn\/fr\/blog\/rayen-cherni-champion-du-monde-junior-du-10-000m-marche\/216098\/"},"modified":"2025-05-21T09:03:45","modified_gmt":"2025-05-21T09:03:45","slug":"rayen-cherni-champion-du-monde-junior-du-10-000m-marche","status":"publish","type":"post","link":"https:\/\/www.webdo.tn\/fr\/actualite\/sport\/rayen-cherni-champion-du-monde-junior-du-10-000m-marche\/216098\/","title":{"rendered":"Rayen Cherni, Champion du Monde Junior du 10.000 m marche"},"content":{"rendered":"<p>L&rsquo;athl\u00e8te tunisien Rayen Cherni a r\u00e9alis\u00e9 une performance historique en remportant l&rsquo;or au 10 000 m\u00e8tres marche lors des Championnats du Monde d&rsquo;athl\u00e9tisme juniors, qui se  d\u00e9roulent \u00e0 Lima, au P\u00e9rou.<\/p>\n<p>\t\t\t\t\t\t\t\t\tCherni a parcouru la distance en 39 minutes, 24 secondes et 85 centi\u00e8mes, \u00e9tablissant ainsi un nouveau record du monde de la cat\u00e9gorie.<\/p>\n<p>Le jeune marcheur tunisien a devanc\u00e9 sur le podium le Mexicain Emiliano Barba, m\u00e9daill\u00e9 d&rsquo;argent en 39 minutes et 27 secondes, et l&rsquo;Italien Giuseppe Disabato, m\u00e9daill\u00e9 de bronze en 39 minutes et 31 secondes.<\/p>\n<p>Son compatriote Wassim El Ounli, \u00e9galement engag\u00e9 sur cette \u00e9preuve, a termin\u00e9 \u00e0 la 32\u00e8me place avec un temps de 44 minutes, 12 secondes et 72 centi\u00e8mes.<\/p>\n<p>Cette victoire de Rayen Cherni, assortie d&rsquo;un record du monde junior, est une immense fiert\u00e9 pour l&rsquo;athl\u00e9tisme tunisien et une promesse pour l&rsquo;avenir.<\/p>\n","protected":false},"excerpt":{"rendered":"<p>Rayen Cherni, athl\u00e8te tunisien, a brill\u00e9 lors des Championnats du Monde d&rsquo;athl\u00e9tisme juniors \u00e0 Lima, P\u00e9rou, en remportant l&rsquo;or au 10 000 m\u00e8tres marche avec un t&#8230;<\/p>\n","protected":false},"author":3166,"featured_media":246661,"comment_status":"open","ping_status":"closed","sticky":false,"template":"","format":"standard","meta":{"footnotes":""},"categories":[2593],"tags":[5728,5812,2608],"class_list":["post-216098","post","type-post","status-publish","format-standard","has-post-thumbnail","hentry","category-sport","tag-athletisme","tag-rayen-cherni","tag-tunisie"],"yoast_head":"<!-- This site is optimized with the Yoast SEO Premium plugin v27.4 (Yoast SEO v27.5) - https:\/\/yoast.com\/product\/yoast-seo-premium-wordpress\/ -->\n<title>Rayen Cherni, Champion du Monde Junior du 10.000 m marche<\/title>\n<meta name=\"description\" content=\"Rayen Cherni, athl\u00e8te tunisien, a brill\u00e9 lors des Championnats du Monde d&#039;athl\u00e9tisme juniors \u00e0 Lima, P\u00e9rou, en remportant l&#039;or au 10 000 m\u00e8tres marche avec un t...\" \/>\n<link rel=\"canonical\" href=\"https:\/\/www.webdo.tn\/fr\/actualite\/sport\/rayen-cherni-champion-du-monde-junior-du-10-000m-marche\/216098\/\" \/>\n<meta property=\"og:locale\" content=\"fr_FR\" \/>\n<meta property=\"og:type\" content=\"article\" \/>\n<meta property=\"og:title\" content=\"Rayen Cherni, Champion du Monde Junior du 10.000 m marche\" \/>\n<meta property=\"og:description\" content=\"Rayen Cherni, athl\u00e8te tunisien, a brill\u00e9 lors des Championnats du Monde d&#039;athl\u00e9tisme juniors \u00e0 Lima, P\u00e9rou, en remportant l&#039;or au 10 000 m\u00e8tres marche avec un t...\" \/>\n<meta property=\"og:url\" content=\"https:\/\/www.webdo.tn\/fr\/actualite\/sport\/rayen-cherni-champion-du-monde-junior-du-10-000m-marche\/216098\/\" \/>\n<meta property=\"og:site_name\" content=\"webdo\" \/>\n<meta property=\"article:publisher\" content=\"https:\/\/www.facebook.com\/webdotn\" \/>\n<meta property=\"article:published_time\" content=\"2024-08-30T19:36:00+00:00\" \/>\n<meta property=\"article:modified_time\" content=\"2025-05-21T09:03:45+00:00\" \/>\n<meta property=\"og:image\" content=\"https:\/\/www.webdo.tn\/fr\/wp-content\/uploads\/2024\/08\/3bc371c67253220e0fc7a73c261a5345.webp\" \/>\n\t<meta property=\"og:image:width\" content=\"750\" \/>\n\t<meta property=\"og:image:height\" content=\"400\" \/>\n\t<meta property=\"og:image:type\" content=\"image\/webp\" \/>\n<meta name=\"author\" content=\"AZ\" \/>\n<meta name=\"twitter:card\" content=\"summary_large_image\" \/>\n<meta name=\"twitter:creator\" content=\"@webdo_tn\" \/>\n<meta name=\"twitter:site\" content=\"@webdo_tn\" \/>\n<meta name=\"twitter:label1\" content=\"\u00c9crit par\" \/>\n\t<meta name=\"twitter:data1\" content=\"AZ\" \/>\n\t<meta name=\"twitter:label2\" content=\"Dur\u00e9e de lecture estim\u00e9e\" \/>\n\t<meta name=\"twitter:data2\" content=\"1 minute\" \/>\n<script type=\"application\/ld+json\" class=\"yoast-schema-graph\">{\"@context\":\"https:\\\/\\\/schema.org\",\"@graph\":[{\"@type\":\"NewsArticle\",\"@id\":\"https:\\\/\\\/www.webdo.tn\\\/fr\\\/actualite\\\/sport\\\/rayen-cherni-champion-du-monde-junior-du-10-000m-marche\\\/216098\\\/#article\",\"isPartOf\":{\"@id\":\"https:\\\/\\\/www.webdo.tn\\\/fr\\\/actualite\\\/sport\\\/rayen-cherni-champion-du-monde-junior-du-10-000m-marche\\\/216098\\\/\"},\"author\":{\"name\":\"AZ\",\"@id\":\"https:\\\/\\\/www.webdo.tn\\\/fr\\\/#\\\/schema\\\/person\\\/b8a41c04d93287d375510db360906b34\"},\"headline\":\"Rayen Cherni, Champion du Monde Junior du 10.000 m marche\",\"datePublished\":\"2024-08-30T19:36:00+00:00\",\"dateModified\":\"2025-05-21T09:03:45+00:00\",\"mainEntityOfPage\":{\"@id\":\"https:\\\/\\\/www.webdo.tn\\\/fr\\\/actualite\\\/sport\\\/rayen-cherni-champion-du-monde-junior-du-10-000m-marche\\\/216098\\\/\"},\"wordCount\":153,\"commentCount\":0,\"publisher\":{\"@id\":\"https:\\\/\\\/www.webdo.tn\\\/fr\\\/#organization\"},\"image\":{\"@id\":\"https:\\\/\\\/www.webdo.tn\\\/fr\\\/actualite\\\/sport\\\/rayen-cherni-champion-du-monde-junior-du-10-000m-marche\\\/216098\\\/#primaryimage\"},\"thumbnailUrl\":\"https:\\\/\\\/www.webdo.tn\\\/fr\\\/wp-content\\\/uploads\\\/2024\\\/08\\\/3bc371c67253220e0fc7a73c261a5345.webp\",\"keywords\":[\"athl\u00e9tisme\",\"Rayen Cherni\",\"Tunisie\"],\"articleSection\":[\"Sport\"],\"inLanguage\":\"fr-FR\"},{\"@type\":\"WebPage\",\"@id\":\"https:\\\/\\\/www.webdo.tn\\\/fr\\\/actualite\\\/sport\\\/rayen-cherni-champion-du-monde-junior-du-10-000m-marche\\\/216098\\\/\",\"url\":\"https:\\\/\\\/www.webdo.tn\\\/fr\\\/actualite\\\/sport\\\/rayen-cherni-champion-du-monde-junior-du-10-000m-marche\\\/216098\\\/\",\"name\":\"Rayen Cherni, Champion du Monde Junior du 10.000 m marche\",\"isPartOf\":{\"@id\":\"https:\\\/\\\/www.webdo.tn\\\/fr\\\/#website\"},\"primaryImageOfPage\":{\"@id\":\"https:\\\/\\\/www.webdo.tn\\\/fr\\\/actualite\\\/sport\\\/rayen-cherni-champion-du-monde-junior-du-10-000m-marche\\\/216098\\\/#primaryimage\"},\"image\":{\"@id\":\"https:\\\/\\\/www.webdo.tn\\\/fr\\\/actualite\\\/sport\\\/rayen-cherni-champion-du-monde-junior-du-10-000m-marche\\\/216098\\\/#primaryimage\"},\"thumbnailUrl\":\"https:\\\/\\\/www.webdo.tn\\\/fr\\\/wp-content\\\/uploads\\\/2024\\\/08\\\/3bc371c67253220e0fc7a73c261a5345.webp\",\"datePublished\":\"2024-08-30T19:36:00+00:00\",\"dateModified\":\"2025-05-21T09:03:45+00:00\",\"description\":\"Rayen Cherni, athl\u00e8te tunisien, a brill\u00e9 lors des Championnats du Monde d'athl\u00e9tisme juniors \u00e0 Lima, P\u00e9rou, en remportant l'or au 10 000 m\u00e8tres marche avec un t...\",\"breadcrumb\":{\"@id\":\"https:\\\/\\\/www.webdo.tn\\\/fr\\\/actualite\\\/sport\\\/rayen-cherni-champion-du-monde-junior-du-10-000m-marche\\\/216098\\\/#breadcrumb\"},\"inLanguage\":\"fr-FR\",\"potentialAction\":[{\"@type\":\"ReadAction\",\"target\":[\"https:\\\/\\\/www.webdo.tn\\\/fr\\\/actualite\\\/sport\\\/rayen-cherni-champion-du-monde-junior-du-10-000m-marche\\\/216098\\\/\"]}]},{\"@type\":\"ImageObject\",\"inLanguage\":\"fr-FR\",\"@id\":\"https:\\\/\\\/www.webdo.tn\\\/fr\\\/actualite\\\/sport\\\/rayen-cherni-champion-du-monde-junior-du-10-000m-marche\\\/216098\\\/#primaryimage\",\"url\":\"https:\\\/\\\/www.webdo.tn\\\/fr\\\/wp-content\\\/uploads\\\/2024\\\/08\\\/3bc371c67253220e0fc7a73c261a5345.webp\",\"contentUrl\":\"https:\\\/\\\/www.webdo.tn\\\/fr\\\/wp-content\\\/uploads\\\/2024\\\/08\\\/3bc371c67253220e0fc7a73c261a5345.webp\",\"width\":750,\"height\":400,\"caption\":\"Rayen Cherni, Champion du Monde Junior du 10.000 m marche\"},{\"@type\":\"BreadcrumbList\",\"@id\":\"https:\\\/\\\/www.webdo.tn\\\/fr\\\/actualite\\\/sport\\\/rayen-cherni-champion-du-monde-junior-du-10-000m-marche\\\/216098\\\/#breadcrumb\",\"itemListElement\":[{\"@type\":\"ListItem\",\"position\":1,\"name\":\"Accueil\",\"item\":\"https:\\\/\\\/www.webdo.tn\\\/fr\\\/\"},{\"@type\":\"ListItem\",\"position\":2,\"name\":\"Rayen Cherni, Champion du Monde Junior du 10.000 m marche\"}]},{\"@type\":\"WebSite\",\"@id\":\"https:\\\/\\\/www.webdo.tn\\\/fr\\\/#website\",\"url\":\"https:\\\/\\\/www.webdo.tn\\\/fr\\\/\",\"name\":\"webdo\",\"description\":\"Tunisie - News en Tunisie et \u00e0 l&#039;international sur Webdo.tn\",\"publisher\":{\"@id\":\"https:\\\/\\\/www.webdo.tn\\\/fr\\\/#organization\"},\"potentialAction\":[{\"@type\":\"SearchAction\",\"target\":{\"@type\":\"EntryPoint\",\"urlTemplate\":\"https:\\\/\\\/www.webdo.tn\\\/fr\\\/?s={search_term_string}\"},\"query-input\":{\"@type\":\"PropertyValueSpecification\",\"valueRequired\":true,\"valueName\":\"search_term_string\"}}],\"inLanguage\":\"fr-FR\"},{\"@type\":\"Organization\",\"@id\":\"https:\\\/\\\/www.webdo.tn\\\/fr\\\/#organization\",\"name\":\"Webdo\",\"alternateName\":\"Webdo.tn\",\"url\":\"https:\\\/\\\/www.webdo.tn\\\/fr\\\/\",\"logo\":{\"@type\":\"ImageObject\",\"inLanguage\":\"fr-FR\",\"@id\":\"https:\\\/\\\/www.webdo.tn\\\/fr\\\/#\\\/schema\\\/logo\\\/image\\\/\",\"url\":\"https:\\\/\\\/www.webdo.tn\\\/fr\\\/wp-content\\\/uploads\\\/2025\\\/06\\\/Webdo-Tunisie_168377.jpg\",\"contentUrl\":\"https:\\\/\\\/www.webdo.tn\\\/fr\\\/wp-content\\\/uploads\\\/2025\\\/06\\\/Webdo-Tunisie_168377.jpg\",\"width\":301,\"height\":301,\"caption\":\"Webdo\"},\"image\":{\"@id\":\"https:\\\/\\\/www.webdo.tn\\\/fr\\\/#\\\/schema\\\/logo\\\/image\\\/\"},\"sameAs\":[\"https:\\\/\\\/www.facebook.com\\\/webdotn\",\"https:\\\/\\\/x.com\\\/webdo_tn\"],\"description\":\"Webdo est un m\u00e9dia num\u00e9rique tunisien fond\u00e9 en 2010, sp\u00e9cialis\u00e9 dans l\u2019actualit\u00e9 nationale et internationale, l\u2019\u00e9conomie, la soci\u00e9t\u00e9 et les analyses politiques. Le site s\u2019adresse \u00e0 un large public francophone et couvre l\u2019information tunisienne en temps r\u00e9el.\",\"email\":\"redac@webdo.tn\",\"legalName\":\"YNJ SARL\",\"foundingDate\":\"2010-09-06\",\"numberOfEmployees\":{\"@type\":\"QuantitativeValue\",\"minValue\":\"11\",\"maxValue\":\"50\"}},{\"@type\":\"Person\",\"@id\":\"https:\\\/\\\/www.webdo.tn\\\/fr\\\/#\\\/schema\\\/person\\\/b8a41c04d93287d375510db360906b34\",\"name\":\"AZ\",\"image\":{\"@type\":\"ImageObject\",\"inLanguage\":\"fr-FR\",\"@id\":\"https:\\\/\\\/secure.gravatar.com\\\/avatar\\\/492b80bada79439de4201dce15cd41eece6c277cfdf1b53382073c79105c1f89?s=96&d=mm&r=g\",\"url\":\"https:\\\/\\\/secure.gravatar.com\\\/avatar\\\/492b80bada79439de4201dce15cd41eece6c277cfdf1b53382073c79105c1f89?s=96&d=mm&r=g\",\"contentUrl\":\"https:\\\/\\\/secure.gravatar.com\\\/avatar\\\/492b80bada79439de4201dce15cd41eece6c277cfdf1b53382073c79105c1f89?s=96&d=mm&r=g\",\"caption\":\"AZ\"},\"url\":\"https:\\\/\\\/www.webdo.tn\\\/fr\\\/actualite\\\/author\\\/az\\\/\"}]}<\/script>\n<!-- \/ Yoast SEO Premium plugin. -->","yoast_head_json":{"title":"Rayen Cherni, Champion du Monde Junior du 10.000 m marche","description":"Rayen Cherni, athl\u00e8te tunisien, a brill\u00e9 lors des Championnats du Monde d'athl\u00e9tisme juniors \u00e0 Lima, P\u00e9rou, en remportant l'or au 10 000 m\u00e8tres marche avec un t...","canonical":"https:\/\/www.webdo.tn\/fr\/actualite\/sport\/rayen-cherni-champion-du-monde-junior-du-10-000m-marche\/216098\/","og_locale":"fr_FR","og_type":"article","og_title":"Rayen Cherni, Champion du Monde Junior du 10.000 m marche","og_description":"Rayen Cherni, athl\u00e8te tunisien, a brill\u00e9 lors des Championnats du Monde d'athl\u00e9tisme juniors \u00e0 Lima, P\u00e9rou, en remportant l'or au 10 000 m\u00e8tres marche avec un t...","og_url":"https:\/\/www.webdo.tn\/fr\/actualite\/sport\/rayen-cherni-champion-du-monde-junior-du-10-000m-marche\/216098\/","og_site_name":"webdo","article_publisher":"https:\/\/www.facebook.com\/webdotn","article_published_time":"2024-08-30T19:36:00+00:00","article_modified_time":"2025-05-21T09:03:45+00:00","og_image":[{"width":750,"height":400,"url":"https:\/\/www.webdo.tn\/fr\/wp-content\/uploads\/2024\/08\/3bc371c67253220e0fc7a73c261a5345.webp","type":"image\/webp"}],"author":"AZ","twitter_card":"summary_large_image","twitter_creator":"@webdo_tn","twitter_site":"@webdo_tn","twitter_misc":{"\u00c9crit par":"AZ","Dur\u00e9e de lecture estim\u00e9e":"1 minute"},"schema":{"@context":"https:\/\/schema.org","@graph":[{"@type":"NewsArticle","@id":"https:\/\/www.webdo.tn\/fr\/actualite\/sport\/rayen-cherni-champion-du-monde-junior-du-10-000m-marche\/216098\/#article","isPartOf":{"@id":"https:\/\/www.webdo.tn\/fr\/actualite\/sport\/rayen-cherni-champion-du-monde-junior-du-10-000m-marche\/216098\/"},"author":{"name":"AZ","@id":"https:\/\/www.webdo.tn\/fr\/#\/schema\/person\/b8a41c04d93287d375510db360906b34"},"headline":"Rayen Cherni, Champion du Monde Junior du 10.000 m marche","datePublished":"2024-08-30T19:36:00+00:00","dateModified":"2025-05-21T09:03:45+00:00","mainEntityOfPage":{"@id":"https:\/\/www.webdo.tn\/fr\/actualite\/sport\/rayen-cherni-champion-du-monde-junior-du-10-000m-marche\/216098\/"},"wordCount":153,"commentCount":0,"publisher":{"@id":"https:\/\/www.webdo.tn\/fr\/#organization"},"image":{"@id":"https:\/\/www.webdo.tn\/fr\/actualite\/sport\/rayen-cherni-champion-du-monde-junior-du-10-000m-marche\/216098\/#primaryimage"},"thumbnailUrl":"https:\/\/www.webdo.tn\/fr\/wp-content\/uploads\/2024\/08\/3bc371c67253220e0fc7a73c261a5345.webp","keywords":["athl\u00e9tisme","Rayen Cherni","Tunisie"],"articleSection":["Sport"],"inLanguage":"fr-FR"},{"@type":"WebPage","@id":"https:\/\/www.webdo.tn\/fr\/actualite\/sport\/rayen-cherni-champion-du-monde-junior-du-10-000m-marche\/216098\/","url":"https:\/\/www.webdo.tn\/fr\/actualite\/sport\/rayen-cherni-champion-du-monde-junior-du-10-000m-marche\/216098\/","name":"Rayen Cherni, Champion du Monde Junior du 10.000 m marche","isPartOf":{"@id":"https:\/\/www.webdo.tn\/fr\/#website"},"primaryImageOfPage":{"@id":"https:\/\/www.webdo.tn\/fr\/actualite\/sport\/rayen-cherni-champion-du-monde-junior-du-10-000m-marche\/216098\/#primaryimage"},"image":{"@id":"https:\/\/www.webdo.tn\/fr\/actualite\/sport\/rayen-cherni-champion-du-monde-junior-du-10-000m-marche\/216098\/#primaryimage"},"thumbnailUrl":"https:\/\/www.webdo.tn\/fr\/wp-content\/uploads\/2024\/08\/3bc371c67253220e0fc7a73c261a5345.webp","datePublished":"2024-08-30T19:36:00+00:00","dateModified":"2025-05-21T09:03:45+00:00","description":"Rayen Cherni, athl\u00e8te tunisien, a brill\u00e9 lors des Championnats du Monde d'athl\u00e9tisme juniors \u00e0 Lima, P\u00e9rou, en remportant l'or au 10 000 m\u00e8tres marche avec un t...","breadcrumb":{"@id":"https:\/\/www.webdo.tn\/fr\/actualite\/sport\/rayen-cherni-champion-du-monde-junior-du-10-000m-marche\/216098\/#breadcrumb"},"inLanguage":"fr-FR","potentialAction":[{"@type":"ReadAction","target":["https:\/\/www.webdo.tn\/fr\/actualite\/sport\/rayen-cherni-champion-du-monde-junior-du-10-000m-marche\/216098\/"]}]},{"@type":"ImageObject","inLanguage":"fr-FR","@id":"https:\/\/www.webdo.tn\/fr\/actualite\/sport\/rayen-cherni-champion-du-monde-junior-du-10-000m-marche\/216098\/#primaryimage","url":"https:\/\/www.webdo.tn\/fr\/wp-content\/uploads\/2024\/08\/3bc371c67253220e0fc7a73c261a5345.webp","contentUrl":"https:\/\/www.webdo.tn\/fr\/wp-content\/uploads\/2024\/08\/3bc371c67253220e0fc7a73c261a5345.webp","width":750,"height":400,"caption":"Rayen Cherni, Champion du Monde Junior du 10.000 m marche"},{"@type":"BreadcrumbList","@id":"https:\/\/www.webdo.tn\/fr\/actualite\/sport\/rayen-cherni-champion-du-monde-junior-du-10-000m-marche\/216098\/#breadcrumb","itemListElement":[{"@type":"ListItem","position":1,"name":"Accueil","item":"https:\/\/www.webdo.tn\/fr\/"},{"@type":"ListItem","position":2,"name":"Rayen Cherni, Champion du Monde Junior du 10.000 m marche"}]},{"@type":"WebSite","@id":"https:\/\/www.webdo.tn\/fr\/#website","url":"https:\/\/www.webdo.tn\/fr\/","name":"webdo","description":"Tunisie - News en Tunisie et \u00e0 l&#039;international sur Webdo.tn","publisher":{"@id":"https:\/\/www.webdo.tn\/fr\/#organization"},"potentialAction":[{"@type":"SearchAction","target":{"@type":"EntryPoint","urlTemplate":"https:\/\/www.webdo.tn\/fr\/?s={search_term_string}"},"query-input":{"@type":"PropertyValueSpecification","valueRequired":true,"valueName":"search_term_string"}}],"inLanguage":"fr-FR"},{"@type":"Organization","@id":"https:\/\/www.webdo.tn\/fr\/#organization","name":"Webdo","alternateName":"Webdo.tn","url":"https:\/\/www.webdo.tn\/fr\/","logo":{"@type":"ImageObject","inLanguage":"fr-FR","@id":"https:\/\/www.webdo.tn\/fr\/#\/schema\/logo\/image\/","url":"https:\/\/www.webdo.tn\/fr\/wp-content\/uploads\/2025\/06\/Webdo-Tunisie_168377.jpg","contentUrl":"https:\/\/www.webdo.tn\/fr\/wp-content\/uploads\/2025\/06\/Webdo-Tunisie_168377.jpg","width":301,"height":301,"caption":"Webdo"},"image":{"@id":"https:\/\/www.webdo.tn\/fr\/#\/schema\/logo\/image\/"},"sameAs":["https:\/\/www.facebook.com\/webdotn","https:\/\/x.com\/webdo_tn"],"description":"Webdo est un m\u00e9dia num\u00e9rique tunisien fond\u00e9 en 2010, sp\u00e9cialis\u00e9 dans l\u2019actualit\u00e9 nationale et internationale, l\u2019\u00e9conomie, la soci\u00e9t\u00e9 et les analyses politiques. Le site s\u2019adresse \u00e0 un large public francophone et couvre l\u2019information tunisienne en temps r\u00e9el.","email":"redac@webdo.tn","legalName":"YNJ SARL","foundingDate":"2010-09-06","numberOfEmployees":{"@type":"QuantitativeValue","minValue":"11","maxValue":"50"}},{"@type":"Person","@id":"https:\/\/www.webdo.tn\/fr\/#\/schema\/person\/b8a41c04d93287d375510db360906b34","name":"AZ","image":{"@type":"ImageObject","inLanguage":"fr-FR","@id":"https:\/\/secure.gravatar.com\/avatar\/492b80bada79439de4201dce15cd41eece6c277cfdf1b53382073c79105c1f89?s=96&d=mm&r=g","url":"https:\/\/secure.gravatar.com\/avatar\/492b80bada79439de4201dce15cd41eece6c277cfdf1b53382073c79105c1f89?s=96&d=mm&r=g","contentUrl":"https:\/\/secure.gravatar.com\/avatar\/492b80bada79439de4201dce15cd41eece6c277cfdf1b53382073c79105c1f89?s=96&d=mm&r=g","caption":"AZ"},"url":"https:\/\/www.webdo.tn\/fr\/actualite\/author\/az\/"}]}},"_links":{"self":[{"href":"https:\/\/www.webdo.tn\/fr\/wp-json\/wp\/v2\/posts\/216098","targetHints":{"allow":["GET"]}}],"collection":[{"href":"https:\/\/www.webdo.tn\/fr\/wp-json\/wp\/v2\/posts"}],"about":[{"href":"https:\/\/www.webdo.tn\/fr\/wp-json\/wp\/v2\/types\/post"}],"author":[{"embeddable":true,"href":"https:\/\/www.webdo.tn\/fr\/wp-json\/wp\/v2\/users\/3166"}],"replies":[{"embeddable":true,"href":"https:\/\/www.webdo.tn\/fr\/wp-json\/wp\/v2\/comments?post=216098"}],"version-history":[{"count":0,"href":"https:\/\/www.webdo.tn\/fr\/wp-json\/wp\/v2\/posts\/216098\/revisions"}],"wp:featuredmedia":[{"embeddable":true,"href":"https:\/\/www.webdo.tn\/fr\/wp-json\/wp\/v2\/media\/246661"}],"wp:attachment":[{"href":"https:\/\/www.webdo.tn\/fr\/wp-json\/wp\/v2\/media?parent=216098"}],"wp:term":[{"taxonomy":"category","embeddable":true,"href":"https:\/\/www.webdo.tn\/fr\/wp-json\/wp\/v2\/categories?post=216098"},{"taxonomy":"post_tag","embeddable":true,"href":"https:\/\/www.webdo.tn\/fr\/wp-json\/wp\/v2\/tags?post=216098"}],"curies":[{"name":"wp","href":"https:\/\/api.w.org\/{rel}","templated":true}]}}