{"id":216092,"date":"2024-08-30T13:36:00","date_gmt":"2024-08-30T13:36:00","guid":{"rendered":"https:\/\/www.webdo.tn\/fr\/blog\/jeux-paralympiques-le-forfait-du-joueur-de-boccia-achref-tayahi-pour-boycotter-un-adversaire-israelien\/216092\/"},"modified":"2025-05-20T21:49:30","modified_gmt":"2025-05-20T21:49:30","slug":"jeux-paralympiques-le-forfait-du-joueur-de-boccia-achref-tayahi-pour-boycotter-un-adversaire-israelien","status":"publish","type":"post","link":"https:\/\/www.webdo.tn\/fr\/actualite\/sport\/jeux-paralympiques-le-forfait-du-joueur-de-boccia-achref-tayahi-pour-boycotter-un-adversaire-israelien\/216092\/","title":{"rendered":"Jeux Paralympiques : Le forfait du joueur de boccia Achref Tayahi pour boycotter un adversaire isra\u00e9lien"},"content":{"rendered":"<p>Le joueur de boccia tunisien Achref Tayahi a refus\u00e9 d\u2019affronter ses adversaires et s\u2019est retir\u00e9 des Jeux paralympiques pour \u00e9viter d\u2019avoir \u00e0 affronter un adversaire isra\u00e9lien.<\/p>\n<p>\t\t\t\t\t\t\t\t\tC\u2019est la premi\u00e8re qu\u2019Achref Tayahi, 31 ans, participait aux Jeux paralympiques. L\u2019aventure a tourn\u00e9 court suite \u00e0 sa d\u00e9cision de boycotter les jeux. Et pourtant Achref Tayahi, fier de repr\u00e9senter la Tunisie \u00e0 ce grand \u00e9v\u00e9nement, \u00e9tait d\u00e9cid\u00e9 \u00e0 tout donner.<\/p>\n<p>Plac\u00e9 dans le groupe C, en compagnie d\u2019un Br\u00e9silien, Maciel Santos, d\u2019un N\u00e9erlandais, Marco Dekker et d\u2019un Isra\u00e9lien, Nadav Shlomo Levi, Achref Tayahi a d\u00e9cid\u00e9 de boycotter les jeux.<\/p>\n<p>Il s\u2019est retir\u00e9 du match d&rsquo;hier contre son adversaire br\u00e9silien pour protester contre son placement dans le m\u00eame groupe qu\u2019un adversaire isra\u00e9lien et a donc perdu par forfait. Aujourd&rsquo;hui, il ne s\u2019est \u00e9galement pas pr\u00e9sent\u00e9 pour affronter l\u2019Isra\u00e9lien.<\/p>\n<p>Une source au sein de la d\u00e9l\u00e9gation tunisienne a d\u00e9clar\u00e9 au site d&rsquo;information britannique Al-Araby Al-Jadeed que Tayahi s&rsquo;est retir\u00e9 des Jeux paralympiques pour \u00e9viter de jouer contre l&rsquo;Isra\u00e9lien, et que sa d\u00e9cision \u00ab\u00a0repr\u00e9sente une victoire pour la cause palestinienne\u00a0\u00bb.<\/p>\n","protected":false},"excerpt":{"rendered":"<p>C\u2019est la premi\u00e8re qu\u2019Achref Tayahi, 31 ans, participait aux Jeux paralympiques. L\u2019aventure a tourn\u00e9 court suite \u00e0 sa d\u00e9cision de boycotter les jeux. Et pourtant&#8230;<\/p>\n","protected":false},"author":3162,"featured_media":246672,"comment_status":"open","ping_status":"closed","sticky":false,"template":"","format":"standard","meta":{"footnotes":""},"categories":[2593],"tags":[5820,3509,5819,2636,5779,2688],"class_list":["post-216092","post","type-post","status-publish","format-standard","has-post-thumbnail","hentry","category-sport","tag-achref-tayahi","tag-boycott","tag-forfait","tag-israel","tag-jeux-paralympiques","tag-palestine"],"yoast_head":"<!-- This site is optimized with the Yoast SEO Premium plugin v27.4 (Yoast SEO v27.5) - https:\/\/yoast.com\/product\/yoast-seo-premium-wordpress\/ -->\n<title>Jeux Paralympiques : Le forfait du joueur de boccia Achref Tayahi pour boycotter un adversaire isra\u00e9lien<\/title>\n<meta name=\"description\" content=\"C\u2019est la premi\u00e8re qu\u2019Achref Tayahi, 31 ans, participait aux Jeux paralympiques. L\u2019aventure a tourn\u00e9 court suite \u00e0 sa d\u00e9cision de boycotter les jeux. Et pourtant...\" \/>\n<link rel=\"canonical\" href=\"https:\/\/www.webdo.tn\/fr\/actualite\/sport\/jeux-paralympiques-le-forfait-du-joueur-de-boccia-achref-tayahi-pour-boycotter-un-adversaire-israelien\/216092\/\" \/>\n<meta property=\"og:locale\" content=\"fr_FR\" \/>\n<meta property=\"og:type\" content=\"article\" \/>\n<meta property=\"og:title\" content=\"Jeux Paralympiques : Le forfait du joueur de boccia Achref Tayahi pour boycotter un adversaire isra\u00e9lien\" \/>\n<meta property=\"og:description\" content=\"C\u2019est la premi\u00e8re qu\u2019Achref Tayahi, 31 ans, participait aux Jeux paralympiques. L\u2019aventure a tourn\u00e9 court suite \u00e0 sa d\u00e9cision de boycotter les jeux. Et pourtant...\" \/>\n<meta property=\"og:url\" content=\"https:\/\/www.webdo.tn\/fr\/actualite\/sport\/jeux-paralympiques-le-forfait-du-joueur-de-boccia-achref-tayahi-pour-boycotter-un-adversaire-israelien\/216092\/\" \/>\n<meta property=\"og:site_name\" content=\"webdo\" \/>\n<meta property=\"article:publisher\" content=\"https:\/\/www.facebook.com\/webdotn\" \/>\n<meta property=\"article:published_time\" content=\"2024-08-30T13:36:00+00:00\" \/>\n<meta property=\"article:modified_time\" content=\"2025-05-20T21:49:30+00:00\" \/>\n<meta property=\"og:image\" content=\"https:\/\/www.webdo.tn\/fr\/wp-content\/uploads\/2024\/08\/36ece14de1c668c8db9c65eccce0dff3.webp\" \/>\n\t<meta property=\"og:image:width\" content=\"750\" \/>\n\t<meta property=\"og:image:height\" content=\"400\" \/>\n\t<meta property=\"og:image:type\" content=\"image\/webp\" \/>\n<meta name=\"author\" content=\"MC\" \/>\n<meta name=\"twitter:card\" content=\"summary_large_image\" \/>\n<meta name=\"twitter:creator\" content=\"@webdo_tn\" \/>\n<meta name=\"twitter:site\" content=\"@webdo_tn\" \/>\n<meta name=\"twitter:label1\" content=\"\u00c9crit par\" \/>\n\t<meta name=\"twitter:data1\" content=\"MC\" \/>\n\t<meta name=\"twitter:label2\" content=\"Dur\u00e9e de lecture estim\u00e9e\" \/>\n\t<meta name=\"twitter:data2\" content=\"1 minute\" \/>\n<script type=\"application\/ld+json\" class=\"yoast-schema-graph\">{\"@context\":\"https:\\\/\\\/schema.org\",\"@graph\":[{\"@type\":\"NewsArticle\",\"@id\":\"https:\\\/\\\/www.webdo.tn\\\/fr\\\/actualite\\\/sport\\\/jeux-paralympiques-le-forfait-du-joueur-de-boccia-achref-tayahi-pour-boycotter-un-adversaire-israelien\\\/216092\\\/#article\",\"isPartOf\":{\"@id\":\"https:\\\/\\\/www.webdo.tn\\\/fr\\\/actualite\\\/sport\\\/jeux-paralympiques-le-forfait-du-joueur-de-boccia-achref-tayahi-pour-boycotter-un-adversaire-israelien\\\/216092\\\/\"},\"author\":{\"name\":\"MC\",\"@id\":\"https:\\\/\\\/www.webdo.tn\\\/fr\\\/#\\\/schema\\\/person\\\/2c4929cbf5a809e3bd38617c6ce150f6\"},\"headline\":\"Jeux Paralympiques : Le forfait du joueur de boccia Achref Tayahi pour boycotter un adversaire isra\u00e9lien\",\"datePublished\":\"2024-08-30T13:36:00+00:00\",\"dateModified\":\"2025-05-20T21:49:30+00:00\",\"mainEntityOfPage\":{\"@id\":\"https:\\\/\\\/www.webdo.tn\\\/fr\\\/actualite\\\/sport\\\/jeux-paralympiques-le-forfait-du-joueur-de-boccia-achref-tayahi-pour-boycotter-un-adversaire-israelien\\\/216092\\\/\"},\"wordCount\":224,\"commentCount\":0,\"publisher\":{\"@id\":\"https:\\\/\\\/www.webdo.tn\\\/fr\\\/#organization\"},\"image\":{\"@id\":\"https:\\\/\\\/www.webdo.tn\\\/fr\\\/actualite\\\/sport\\\/jeux-paralympiques-le-forfait-du-joueur-de-boccia-achref-tayahi-pour-boycotter-un-adversaire-israelien\\\/216092\\\/#primaryimage\"},\"thumbnailUrl\":\"https:\\\/\\\/www.webdo.tn\\\/fr\\\/wp-content\\\/uploads\\\/2024\\\/08\\\/36ece14de1c668c8db9c65eccce0dff3.webp\",\"keywords\":[\"Achref Tayahi\",\"Boycott\",\"forfait\",\"isra\u00ebl\",\"jeux paralympiques\",\"Palestine\"],\"articleSection\":[\"Sport\"],\"inLanguage\":\"fr-FR\"},{\"@type\":\"WebPage\",\"@id\":\"https:\\\/\\\/www.webdo.tn\\\/fr\\\/actualite\\\/sport\\\/jeux-paralympiques-le-forfait-du-joueur-de-boccia-achref-tayahi-pour-boycotter-un-adversaire-israelien\\\/216092\\\/\",\"url\":\"https:\\\/\\\/www.webdo.tn\\\/fr\\\/actualite\\\/sport\\\/jeux-paralympiques-le-forfait-du-joueur-de-boccia-achref-tayahi-pour-boycotter-un-adversaire-israelien\\\/216092\\\/\",\"name\":\"Jeux Paralympiques : Le forfait du joueur de boccia Achref Tayahi pour boycotter un adversaire isra\u00e9lien\",\"isPartOf\":{\"@id\":\"https:\\\/\\\/www.webdo.tn\\\/fr\\\/#website\"},\"primaryImageOfPage\":{\"@id\":\"https:\\\/\\\/www.webdo.tn\\\/fr\\\/actualite\\\/sport\\\/jeux-paralympiques-le-forfait-du-joueur-de-boccia-achref-tayahi-pour-boycotter-un-adversaire-israelien\\\/216092\\\/#primaryimage\"},\"image\":{\"@id\":\"https:\\\/\\\/www.webdo.tn\\\/fr\\\/actualite\\\/sport\\\/jeux-paralympiques-le-forfait-du-joueur-de-boccia-achref-tayahi-pour-boycotter-un-adversaire-israelien\\\/216092\\\/#primaryimage\"},\"thumbnailUrl\":\"https:\\\/\\\/www.webdo.tn\\\/fr\\\/wp-content\\\/uploads\\\/2024\\\/08\\\/36ece14de1c668c8db9c65eccce0dff3.webp\",\"datePublished\":\"2024-08-30T13:36:00+00:00\",\"dateModified\":\"2025-05-20T21:49:30+00:00\",\"description\":\"C\u2019est la premi\u00e8re qu\u2019Achref Tayahi, 31 ans, participait aux Jeux paralympiques. L\u2019aventure a tourn\u00e9 court suite \u00e0 sa d\u00e9cision de boycotter les jeux. Et pourtant...\",\"breadcrumb\":{\"@id\":\"https:\\\/\\\/www.webdo.tn\\\/fr\\\/actualite\\\/sport\\\/jeux-paralympiques-le-forfait-du-joueur-de-boccia-achref-tayahi-pour-boycotter-un-adversaire-israelien\\\/216092\\\/#breadcrumb\"},\"inLanguage\":\"fr-FR\",\"potentialAction\":[{\"@type\":\"ReadAction\",\"target\":[\"https:\\\/\\\/www.webdo.tn\\\/fr\\\/actualite\\\/sport\\\/jeux-paralympiques-le-forfait-du-joueur-de-boccia-achref-tayahi-pour-boycotter-un-adversaire-israelien\\\/216092\\\/\"]}]},{\"@type\":\"ImageObject\",\"inLanguage\":\"fr-FR\",\"@id\":\"https:\\\/\\\/www.webdo.tn\\\/fr\\\/actualite\\\/sport\\\/jeux-paralympiques-le-forfait-du-joueur-de-boccia-achref-tayahi-pour-boycotter-un-adversaire-israelien\\\/216092\\\/#primaryimage\",\"url\":\"https:\\\/\\\/www.webdo.tn\\\/fr\\\/wp-content\\\/uploads\\\/2024\\\/08\\\/36ece14de1c668c8db9c65eccce0dff3.webp\",\"contentUrl\":\"https:\\\/\\\/www.webdo.tn\\\/fr\\\/wp-content\\\/uploads\\\/2024\\\/08\\\/36ece14de1c668c8db9c65eccce0dff3.webp\",\"width\":750,\"height\":400,\"caption\":\"Jeux Paralympiques : Le forfait du joueur de boccia Achref Tayahi pour boycotter un adversaire isra\u00e9lien\"},{\"@type\":\"BreadcrumbList\",\"@id\":\"https:\\\/\\\/www.webdo.tn\\\/fr\\\/actualite\\\/sport\\\/jeux-paralympiques-le-forfait-du-joueur-de-boccia-achref-tayahi-pour-boycotter-un-adversaire-israelien\\\/216092\\\/#breadcrumb\",\"itemListElement\":[{\"@type\":\"ListItem\",\"position\":1,\"name\":\"Accueil\",\"item\":\"https:\\\/\\\/www.webdo.tn\\\/fr\\\/\"},{\"@type\":\"ListItem\",\"position\":2,\"name\":\"Jeux Paralympiques : Le forfait du joueur de boccia Achref Tayahi pour boycotter un adversaire isra\u00e9lien\"}]},{\"@type\":\"WebSite\",\"@id\":\"https:\\\/\\\/www.webdo.tn\\\/fr\\\/#website\",\"url\":\"https:\\\/\\\/www.webdo.tn\\\/fr\\\/\",\"name\":\"webdo\",\"description\":\"Tunisie - News en Tunisie et \u00e0 l&#039;international sur Webdo.tn\",\"publisher\":{\"@id\":\"https:\\\/\\\/www.webdo.tn\\\/fr\\\/#organization\"},\"potentialAction\":[{\"@type\":\"SearchAction\",\"target\":{\"@type\":\"EntryPoint\",\"urlTemplate\":\"https:\\\/\\\/www.webdo.tn\\\/fr\\\/?s={search_term_string}\"},\"query-input\":{\"@type\":\"PropertyValueSpecification\",\"valueRequired\":true,\"valueName\":\"search_term_string\"}}],\"inLanguage\":\"fr-FR\"},{\"@type\":\"Organization\",\"@id\":\"https:\\\/\\\/www.webdo.tn\\\/fr\\\/#organization\",\"name\":\"Webdo\",\"alternateName\":\"Webdo.tn\",\"url\":\"https:\\\/\\\/www.webdo.tn\\\/fr\\\/\",\"logo\":{\"@type\":\"ImageObject\",\"inLanguage\":\"fr-FR\",\"@id\":\"https:\\\/\\\/www.webdo.tn\\\/fr\\\/#\\\/schema\\\/logo\\\/image\\\/\",\"url\":\"https:\\\/\\\/www.webdo.tn\\\/fr\\\/wp-content\\\/uploads\\\/2025\\\/06\\\/Webdo-Tunisie_168377.jpg\",\"contentUrl\":\"https:\\\/\\\/www.webdo.tn\\\/fr\\\/wp-content\\\/uploads\\\/2025\\\/06\\\/Webdo-Tunisie_168377.jpg\",\"width\":301,\"height\":301,\"caption\":\"Webdo\"},\"image\":{\"@id\":\"https:\\\/\\\/www.webdo.tn\\\/fr\\\/#\\\/schema\\\/logo\\\/image\\\/\"},\"sameAs\":[\"https:\\\/\\\/www.facebook.com\\\/webdotn\",\"https:\\\/\\\/x.com\\\/webdo_tn\"],\"description\":\"Webdo est un m\u00e9dia num\u00e9rique tunisien fond\u00e9 en 2010, sp\u00e9cialis\u00e9 dans l\u2019actualit\u00e9 nationale et internationale, l\u2019\u00e9conomie, la soci\u00e9t\u00e9 et les analyses politiques. Le site s\u2019adresse \u00e0 un large public francophone et couvre l\u2019information tunisienne en temps r\u00e9el.\",\"email\":\"redac@webdo.tn\",\"legalName\":\"YNJ SARL\",\"foundingDate\":\"2010-09-06\",\"numberOfEmployees\":{\"@type\":\"QuantitativeValue\",\"minValue\":\"11\",\"maxValue\":\"50\"}},{\"@type\":\"Person\",\"@id\":\"https:\\\/\\\/www.webdo.tn\\\/fr\\\/#\\\/schema\\\/person\\\/2c4929cbf5a809e3bd38617c6ce150f6\",\"name\":\"MC\",\"image\":{\"@type\":\"ImageObject\",\"inLanguage\":\"fr-FR\",\"@id\":\"https:\\\/\\\/secure.gravatar.com\\\/avatar\\\/a545bbb6f84efdd5553dbbc2895e3ca8f1d12c5215e00a041c9670b54aa9b18a?s=96&d=mm&r=g\",\"url\":\"https:\\\/\\\/secure.gravatar.com\\\/avatar\\\/a545bbb6f84efdd5553dbbc2895e3ca8f1d12c5215e00a041c9670b54aa9b18a?s=96&d=mm&r=g\",\"contentUrl\":\"https:\\\/\\\/secure.gravatar.com\\\/avatar\\\/a545bbb6f84efdd5553dbbc2895e3ca8f1d12c5215e00a041c9670b54aa9b18a?s=96&d=mm&r=g\",\"caption\":\"MC\"},\"url\":\"https:\\\/\\\/www.webdo.tn\\\/fr\\\/actualite\\\/author\\\/mc\\\/\"}]}<\/script>\n<!-- \/ Yoast SEO Premium plugin. -->","yoast_head_json":{"title":"Jeux Paralympiques : Le forfait du joueur de boccia Achref Tayahi pour boycotter un adversaire isra\u00e9lien","description":"C\u2019est la premi\u00e8re qu\u2019Achref Tayahi, 31 ans, participait aux Jeux paralympiques. L\u2019aventure a tourn\u00e9 court suite \u00e0 sa d\u00e9cision de boycotter les jeux. Et pourtant...","canonical":"https:\/\/www.webdo.tn\/fr\/actualite\/sport\/jeux-paralympiques-le-forfait-du-joueur-de-boccia-achref-tayahi-pour-boycotter-un-adversaire-israelien\/216092\/","og_locale":"fr_FR","og_type":"article","og_title":"Jeux Paralympiques : Le forfait du joueur de boccia Achref Tayahi pour boycotter un adversaire isra\u00e9lien","og_description":"C\u2019est la premi\u00e8re qu\u2019Achref Tayahi, 31 ans, participait aux Jeux paralympiques. L\u2019aventure a tourn\u00e9 court suite \u00e0 sa d\u00e9cision de boycotter les jeux. Et pourtant...","og_url":"https:\/\/www.webdo.tn\/fr\/actualite\/sport\/jeux-paralympiques-le-forfait-du-joueur-de-boccia-achref-tayahi-pour-boycotter-un-adversaire-israelien\/216092\/","og_site_name":"webdo","article_publisher":"https:\/\/www.facebook.com\/webdotn","article_published_time":"2024-08-30T13:36:00+00:00","article_modified_time":"2025-05-20T21:49:30+00:00","og_image":[{"width":750,"height":400,"url":"https:\/\/www.webdo.tn\/fr\/wp-content\/uploads\/2024\/08\/36ece14de1c668c8db9c65eccce0dff3.webp","type":"image\/webp"}],"author":"MC","twitter_card":"summary_large_image","twitter_creator":"@webdo_tn","twitter_site":"@webdo_tn","twitter_misc":{"\u00c9crit par":"MC","Dur\u00e9e de lecture estim\u00e9e":"1 minute"},"schema":{"@context":"https:\/\/schema.org","@graph":[{"@type":"NewsArticle","@id":"https:\/\/www.webdo.tn\/fr\/actualite\/sport\/jeux-paralympiques-le-forfait-du-joueur-de-boccia-achref-tayahi-pour-boycotter-un-adversaire-israelien\/216092\/#article","isPartOf":{"@id":"https:\/\/www.webdo.tn\/fr\/actualite\/sport\/jeux-paralympiques-le-forfait-du-joueur-de-boccia-achref-tayahi-pour-boycotter-un-adversaire-israelien\/216092\/"},"author":{"name":"MC","@id":"https:\/\/www.webdo.tn\/fr\/#\/schema\/person\/2c4929cbf5a809e3bd38617c6ce150f6"},"headline":"Jeux Paralympiques : Le forfait du joueur de boccia Achref Tayahi pour boycotter un adversaire isra\u00e9lien","datePublished":"2024-08-30T13:36:00+00:00","dateModified":"2025-05-20T21:49:30+00:00","mainEntityOfPage":{"@id":"https:\/\/www.webdo.tn\/fr\/actualite\/sport\/jeux-paralympiques-le-forfait-du-joueur-de-boccia-achref-tayahi-pour-boycotter-un-adversaire-israelien\/216092\/"},"wordCount":224,"commentCount":0,"publisher":{"@id":"https:\/\/www.webdo.tn\/fr\/#organization"},"image":{"@id":"https:\/\/www.webdo.tn\/fr\/actualite\/sport\/jeux-paralympiques-le-forfait-du-joueur-de-boccia-achref-tayahi-pour-boycotter-un-adversaire-israelien\/216092\/#primaryimage"},"thumbnailUrl":"https:\/\/www.webdo.tn\/fr\/wp-content\/uploads\/2024\/08\/36ece14de1c668c8db9c65eccce0dff3.webp","keywords":["Achref Tayahi","Boycott","forfait","isra\u00ebl","jeux paralympiques","Palestine"],"articleSection":["Sport"],"inLanguage":"fr-FR"},{"@type":"WebPage","@id":"https:\/\/www.webdo.tn\/fr\/actualite\/sport\/jeux-paralympiques-le-forfait-du-joueur-de-boccia-achref-tayahi-pour-boycotter-un-adversaire-israelien\/216092\/","url":"https:\/\/www.webdo.tn\/fr\/actualite\/sport\/jeux-paralympiques-le-forfait-du-joueur-de-boccia-achref-tayahi-pour-boycotter-un-adversaire-israelien\/216092\/","name":"Jeux Paralympiques : Le forfait du joueur de boccia Achref Tayahi pour boycotter un adversaire isra\u00e9lien","isPartOf":{"@id":"https:\/\/www.webdo.tn\/fr\/#website"},"primaryImageOfPage":{"@id":"https:\/\/www.webdo.tn\/fr\/actualite\/sport\/jeux-paralympiques-le-forfait-du-joueur-de-boccia-achref-tayahi-pour-boycotter-un-adversaire-israelien\/216092\/#primaryimage"},"image":{"@id":"https:\/\/www.webdo.tn\/fr\/actualite\/sport\/jeux-paralympiques-le-forfait-du-joueur-de-boccia-achref-tayahi-pour-boycotter-un-adversaire-israelien\/216092\/#primaryimage"},"thumbnailUrl":"https:\/\/www.webdo.tn\/fr\/wp-content\/uploads\/2024\/08\/36ece14de1c668c8db9c65eccce0dff3.webp","datePublished":"2024-08-30T13:36:00+00:00","dateModified":"2025-05-20T21:49:30+00:00","description":"C\u2019est la premi\u00e8re qu\u2019Achref Tayahi, 31 ans, participait aux Jeux paralympiques. L\u2019aventure a tourn\u00e9 court suite \u00e0 sa d\u00e9cision de boycotter les jeux. Et pourtant...","breadcrumb":{"@id":"https:\/\/www.webdo.tn\/fr\/actualite\/sport\/jeux-paralympiques-le-forfait-du-joueur-de-boccia-achref-tayahi-pour-boycotter-un-adversaire-israelien\/216092\/#breadcrumb"},"inLanguage":"fr-FR","potentialAction":[{"@type":"ReadAction","target":["https:\/\/www.webdo.tn\/fr\/actualite\/sport\/jeux-paralympiques-le-forfait-du-joueur-de-boccia-achref-tayahi-pour-boycotter-un-adversaire-israelien\/216092\/"]}]},{"@type":"ImageObject","inLanguage":"fr-FR","@id":"https:\/\/www.webdo.tn\/fr\/actualite\/sport\/jeux-paralympiques-le-forfait-du-joueur-de-boccia-achref-tayahi-pour-boycotter-un-adversaire-israelien\/216092\/#primaryimage","url":"https:\/\/www.webdo.tn\/fr\/wp-content\/uploads\/2024\/08\/36ece14de1c668c8db9c65eccce0dff3.webp","contentUrl":"https:\/\/www.webdo.tn\/fr\/wp-content\/uploads\/2024\/08\/36ece14de1c668c8db9c65eccce0dff3.webp","width":750,"height":400,"caption":"Jeux Paralympiques : Le forfait du joueur de boccia Achref Tayahi pour boycotter un adversaire isra\u00e9lien"},{"@type":"BreadcrumbList","@id":"https:\/\/www.webdo.tn\/fr\/actualite\/sport\/jeux-paralympiques-le-forfait-du-joueur-de-boccia-achref-tayahi-pour-boycotter-un-adversaire-israelien\/216092\/#breadcrumb","itemListElement":[{"@type":"ListItem","position":1,"name":"Accueil","item":"https:\/\/www.webdo.tn\/fr\/"},{"@type":"ListItem","position":2,"name":"Jeux Paralympiques : Le forfait du joueur de boccia Achref Tayahi pour boycotter un adversaire isra\u00e9lien"}]},{"@type":"WebSite","@id":"https:\/\/www.webdo.tn\/fr\/#website","url":"https:\/\/www.webdo.tn\/fr\/","name":"webdo","description":"Tunisie - News en Tunisie et \u00e0 l&#039;international sur Webdo.tn","publisher":{"@id":"https:\/\/www.webdo.tn\/fr\/#organization"},"potentialAction":[{"@type":"SearchAction","target":{"@type":"EntryPoint","urlTemplate":"https:\/\/www.webdo.tn\/fr\/?s={search_term_string}"},"query-input":{"@type":"PropertyValueSpecification","valueRequired":true,"valueName":"search_term_string"}}],"inLanguage":"fr-FR"},{"@type":"Organization","@id":"https:\/\/www.webdo.tn\/fr\/#organization","name":"Webdo","alternateName":"Webdo.tn","url":"https:\/\/www.webdo.tn\/fr\/","logo":{"@type":"ImageObject","inLanguage":"fr-FR","@id":"https:\/\/www.webdo.tn\/fr\/#\/schema\/logo\/image\/","url":"https:\/\/www.webdo.tn\/fr\/wp-content\/uploads\/2025\/06\/Webdo-Tunisie_168377.jpg","contentUrl":"https:\/\/www.webdo.tn\/fr\/wp-content\/uploads\/2025\/06\/Webdo-Tunisie_168377.jpg","width":301,"height":301,"caption":"Webdo"},"image":{"@id":"https:\/\/www.webdo.tn\/fr\/#\/schema\/logo\/image\/"},"sameAs":["https:\/\/www.facebook.com\/webdotn","https:\/\/x.com\/webdo_tn"],"description":"Webdo est un m\u00e9dia num\u00e9rique tunisien fond\u00e9 en 2010, sp\u00e9cialis\u00e9 dans l\u2019actualit\u00e9 nationale et internationale, l\u2019\u00e9conomie, la soci\u00e9t\u00e9 et les analyses politiques. Le site s\u2019adresse \u00e0 un large public francophone et couvre l\u2019information tunisienne en temps r\u00e9el.","email":"redac@webdo.tn","legalName":"YNJ SARL","foundingDate":"2010-09-06","numberOfEmployees":{"@type":"QuantitativeValue","minValue":"11","maxValue":"50"}},{"@type":"Person","@id":"https:\/\/www.webdo.tn\/fr\/#\/schema\/person\/2c4929cbf5a809e3bd38617c6ce150f6","name":"MC","image":{"@type":"ImageObject","inLanguage":"fr-FR","@id":"https:\/\/secure.gravatar.com\/avatar\/a545bbb6f84efdd5553dbbc2895e3ca8f1d12c5215e00a041c9670b54aa9b18a?s=96&d=mm&r=g","url":"https:\/\/secure.gravatar.com\/avatar\/a545bbb6f84efdd5553dbbc2895e3ca8f1d12c5215e00a041c9670b54aa9b18a?s=96&d=mm&r=g","contentUrl":"https:\/\/secure.gravatar.com\/avatar\/a545bbb6f84efdd5553dbbc2895e3ca8f1d12c5215e00a041c9670b54aa9b18a?s=96&d=mm&r=g","caption":"MC"},"url":"https:\/\/www.webdo.tn\/fr\/actualite\/author\/mc\/"}]}},"_links":{"self":[{"href":"https:\/\/www.webdo.tn\/fr\/wp-json\/wp\/v2\/posts\/216092","targetHints":{"allow":["GET"]}}],"collection":[{"href":"https:\/\/www.webdo.tn\/fr\/wp-json\/wp\/v2\/posts"}],"about":[{"href":"https:\/\/www.webdo.tn\/fr\/wp-json\/wp\/v2\/types\/post"}],"author":[{"embeddable":true,"href":"https:\/\/www.webdo.tn\/fr\/wp-json\/wp\/v2\/users\/3162"}],"replies":[{"embeddable":true,"href":"https:\/\/www.webdo.tn\/fr\/wp-json\/wp\/v2\/comments?post=216092"}],"version-history":[{"count":0,"href":"https:\/\/www.webdo.tn\/fr\/wp-json\/wp\/v2\/posts\/216092\/revisions"}],"wp:featuredmedia":[{"embeddable":true,"href":"https:\/\/www.webdo.tn\/fr\/wp-json\/wp\/v2\/media\/246672"}],"wp:attachment":[{"href":"https:\/\/www.webdo.tn\/fr\/wp-json\/wp\/v2\/media?parent=216092"}],"wp:term":[{"taxonomy":"category","embeddable":true,"href":"https:\/\/www.webdo.tn\/fr\/wp-json\/wp\/v2\/categories?post=216092"},{"taxonomy":"post_tag","embeddable":true,"href":"https:\/\/www.webdo.tn\/fr\/wp-json\/wp\/v2\/tags?post=216092"}],"curies":[{"name":"wp","href":"https:\/\/api.w.org\/{rel}","templated":true}]}}