{"id":216091,"date":"2024-08-30T12:17:00","date_gmt":"2024-08-30T12:17:00","guid":{"rendered":"https:\/\/www.webdo.tn\/fr\/blog\/jeux-paralympiques-raoua-tlili-medaillee-d-or-au-lancer-de-poids\/216091\/"},"modified":"2025-05-20T22:13:59","modified_gmt":"2025-05-20T22:13:59","slug":"jeux-paralympiques-raoua-tlili-medaillee-d-or-au-lancer-de-poids","status":"publish","type":"post","link":"https:\/\/www.webdo.tn\/fr\/actualite\/sport\/jeux-paralympiques-raoua-tlili-medaillee-d-or-au-lancer-de-poids\/216091\/","title":{"rendered":"Jeux Paralympiques : Raoua Tlili m\u00e9daill\u00e9e d\u2019or au lancer de poids"},"content":{"rendered":"<p>La championne tunisienne Raoua Tlili a ouvert le compteur de la Tunisie aux Jeux paralympiques de Paris 2024 en d\u00e9crochant la m\u00e9daille d\u2019or et son cinqui\u00e8me titre paralympique.<\/p>\n<p>\t\t\t\t\t\t\t\t\tNotre championne Raoua Tlili, grande favorite aux Jeux paralympiques, a remport\u00e9 son cinqui\u00e8me titre paralympique, ce vendredi 30 ao\u00fbt, au Stade de France en d\u00e9cochant la m\u00e9daille d\u2019or dans la cat\u00e9gorie F41 du lancer de poids.<\/p>\n<p>Cette m\u00e9daille d\u2019or est la premi\u00e8re pour la Tunisie \u00e0 Paris o\u00f9 elle participe avec un contingent de trente athl\u00e8tes. Raoua Tlili a r\u00e9alis\u00e9 un lancer \u00e0 10m40 qui lui a permis de s\u2019installer en t\u00eate jusqu\u2019\u00e0 la fin de l\u2019\u00e9preuve.<\/p>\n<p>Tlili, 34 ans, championne paralympique et championne du monde d\u00e9tient \u00e9galement le record du monde de sa cat\u00e9gorie depuis les Jeux de Tokyo en 2021.<\/p>\n","protected":false},"excerpt":{"rendered":"<p>Notre championne Raoua Tlili, grande favorite aux Jeux paralympiques, a remport\u00e9 son cinqui\u00e8me titre paralympique, ce vendredi 30 ao\u00fbt, au Stade de France en d\u00e9&#8230;<\/p>\n","protected":false},"author":3162,"featured_media":291007,"comment_status":"open","ping_status":"closed","sticky":false,"template":"","format":"standard","meta":{"footnotes":""},"categories":[2593],"tags":[5779,5540,5778,5802],"class_list":["post-216091","post","type-post","status-publish","format-standard","has-post-thumbnail","hentry","category-sport","tag-jeux-paralympiques","tag-medaille-dor","tag-paris-2024","tag-raoua-tlili"],"yoast_head":"<!-- This site is optimized with the Yoast SEO Premium plugin v27.4 (Yoast SEO v27.5) - https:\/\/yoast.com\/product\/yoast-seo-premium-wordpress\/ -->\n<title>Jeux Paralympiques : Raoua Tlili m\u00e9daill\u00e9e d\u2019or au lancer de poids<\/title>\n<meta name=\"description\" content=\"Notre championne Raoua Tlili, grande favorite aux Jeux paralympiques, a remport\u00e9 son cinqui\u00e8me titre paralympique, ce vendredi 30 ao\u00fbt, au Stade de France en d\u00e9...\" \/>\n<link rel=\"canonical\" href=\"https:\/\/www.webdo.tn\/fr\/actualite\/sport\/jeux-paralympiques-raoua-tlili-medaillee-d-or-au-lancer-de-poids\/216091\/\" \/>\n<meta property=\"og:locale\" content=\"fr_FR\" \/>\n<meta property=\"og:type\" content=\"article\" \/>\n<meta property=\"og:title\" content=\"Jeux Paralympiques : Raoua Tlili m\u00e9daill\u00e9e d\u2019or au lancer de poids\" \/>\n<meta property=\"og:description\" content=\"Notre championne Raoua Tlili, grande favorite aux Jeux paralympiques, a remport\u00e9 son cinqui\u00e8me titre paralympique, ce vendredi 30 ao\u00fbt, au Stade de France en d\u00e9...\" \/>\n<meta property=\"og:url\" content=\"https:\/\/www.webdo.tn\/fr\/actualite\/sport\/jeux-paralympiques-raoua-tlili-medaillee-d-or-au-lancer-de-poids\/216091\/\" \/>\n<meta property=\"og:site_name\" content=\"webdo\" \/>\n<meta property=\"article:publisher\" content=\"https:\/\/www.facebook.com\/webdotn\" \/>\n<meta property=\"article:published_time\" content=\"2024-08-30T12:17:00+00:00\" \/>\n<meta property=\"article:modified_time\" content=\"2025-05-20T22:13:59+00:00\" \/>\n<meta property=\"og:image\" content=\"https:\/\/www.webdo.tn\/fr\/wp-content\/uploads\/2024\/08\/df2a3186e3313cef4ef3e62ec8f98fda.webp\" \/>\n\t<meta property=\"og:image:width\" content=\"750\" \/>\n\t<meta property=\"og:image:height\" content=\"400\" \/>\n\t<meta property=\"og:image:type\" content=\"image\/webp\" \/>\n<meta name=\"author\" content=\"MC\" \/>\n<meta name=\"twitter:card\" content=\"summary_large_image\" \/>\n<meta name=\"twitter:creator\" content=\"@webdo_tn\" \/>\n<meta name=\"twitter:site\" content=\"@webdo_tn\" \/>\n<meta name=\"twitter:label1\" content=\"\u00c9crit par\" \/>\n\t<meta name=\"twitter:data1\" content=\"MC\" \/>\n\t<meta name=\"twitter:label2\" content=\"Dur\u00e9e de lecture estim\u00e9e\" \/>\n\t<meta name=\"twitter:data2\" content=\"1 minute\" \/>\n<script type=\"application\/ld+json\" class=\"yoast-schema-graph\">{\"@context\":\"https:\\\/\\\/schema.org\",\"@graph\":[{\"@type\":\"NewsArticle\",\"@id\":\"https:\\\/\\\/www.webdo.tn\\\/fr\\\/actualite\\\/sport\\\/jeux-paralympiques-raoua-tlili-medaillee-d-or-au-lancer-de-poids\\\/216091\\\/#article\",\"isPartOf\":{\"@id\":\"https:\\\/\\\/www.webdo.tn\\\/fr\\\/actualite\\\/sport\\\/jeux-paralympiques-raoua-tlili-medaillee-d-or-au-lancer-de-poids\\\/216091\\\/\"},\"author\":{\"name\":\"MC\",\"@id\":\"https:\\\/\\\/www.webdo.tn\\\/fr\\\/#\\\/schema\\\/person\\\/2c4929cbf5a809e3bd38617c6ce150f6\"},\"headline\":\"Jeux Paralympiques : Raoua Tlili m\u00e9daill\u00e9e d\u2019or au lancer de poids\",\"datePublished\":\"2024-08-30T12:17:00+00:00\",\"dateModified\":\"2025-05-20T22:13:59+00:00\",\"mainEntityOfPage\":{\"@id\":\"https:\\\/\\\/www.webdo.tn\\\/fr\\\/actualite\\\/sport\\\/jeux-paralympiques-raoua-tlili-medaillee-d-or-au-lancer-de-poids\\\/216091\\\/\"},\"wordCount\":157,\"commentCount\":0,\"publisher\":{\"@id\":\"https:\\\/\\\/www.webdo.tn\\\/fr\\\/#organization\"},\"image\":{\"@id\":\"https:\\\/\\\/www.webdo.tn\\\/fr\\\/actualite\\\/sport\\\/jeux-paralympiques-raoua-tlili-medaillee-d-or-au-lancer-de-poids\\\/216091\\\/#primaryimage\"},\"thumbnailUrl\":\"https:\\\/\\\/www.webdo.tn\\\/fr\\\/wp-content\\\/uploads\\\/2024\\\/08\\\/df2a3186e3313cef4ef3e62ec8f98fda.webp\",\"keywords\":[\"jeux paralympiques\",\"m\u00e9daille d'or\",\"Paris 2024\",\"Raoua Tlili\"],\"articleSection\":[\"Sport\"],\"inLanguage\":\"fr-FR\"},{\"@type\":\"WebPage\",\"@id\":\"https:\\\/\\\/www.webdo.tn\\\/fr\\\/actualite\\\/sport\\\/jeux-paralympiques-raoua-tlili-medaillee-d-or-au-lancer-de-poids\\\/216091\\\/\",\"url\":\"https:\\\/\\\/www.webdo.tn\\\/fr\\\/actualite\\\/sport\\\/jeux-paralympiques-raoua-tlili-medaillee-d-or-au-lancer-de-poids\\\/216091\\\/\",\"name\":\"Jeux Paralympiques : Raoua Tlili m\u00e9daill\u00e9e d\u2019or au lancer de poids\",\"isPartOf\":{\"@id\":\"https:\\\/\\\/www.webdo.tn\\\/fr\\\/#website\"},\"primaryImageOfPage\":{\"@id\":\"https:\\\/\\\/www.webdo.tn\\\/fr\\\/actualite\\\/sport\\\/jeux-paralympiques-raoua-tlili-medaillee-d-or-au-lancer-de-poids\\\/216091\\\/#primaryimage\"},\"image\":{\"@id\":\"https:\\\/\\\/www.webdo.tn\\\/fr\\\/actualite\\\/sport\\\/jeux-paralympiques-raoua-tlili-medaillee-d-or-au-lancer-de-poids\\\/216091\\\/#primaryimage\"},\"thumbnailUrl\":\"https:\\\/\\\/www.webdo.tn\\\/fr\\\/wp-content\\\/uploads\\\/2024\\\/08\\\/df2a3186e3313cef4ef3e62ec8f98fda.webp\",\"datePublished\":\"2024-08-30T12:17:00+00:00\",\"dateModified\":\"2025-05-20T22:13:59+00:00\",\"description\":\"Notre championne Raoua Tlili, grande favorite aux Jeux paralympiques, a remport\u00e9 son cinqui\u00e8me titre paralympique, ce vendredi 30 ao\u00fbt, au Stade de France en d\u00e9...\",\"breadcrumb\":{\"@id\":\"https:\\\/\\\/www.webdo.tn\\\/fr\\\/actualite\\\/sport\\\/jeux-paralympiques-raoua-tlili-medaillee-d-or-au-lancer-de-poids\\\/216091\\\/#breadcrumb\"},\"inLanguage\":\"fr-FR\",\"potentialAction\":[{\"@type\":\"ReadAction\",\"target\":[\"https:\\\/\\\/www.webdo.tn\\\/fr\\\/actualite\\\/sport\\\/jeux-paralympiques-raoua-tlili-medaillee-d-or-au-lancer-de-poids\\\/216091\\\/\"]}]},{\"@type\":\"ImageObject\",\"inLanguage\":\"fr-FR\",\"@id\":\"https:\\\/\\\/www.webdo.tn\\\/fr\\\/actualite\\\/sport\\\/jeux-paralympiques-raoua-tlili-medaillee-d-or-au-lancer-de-poids\\\/216091\\\/#primaryimage\",\"url\":\"https:\\\/\\\/www.webdo.tn\\\/fr\\\/wp-content\\\/uploads\\\/2024\\\/08\\\/df2a3186e3313cef4ef3e62ec8f98fda.webp\",\"contentUrl\":\"https:\\\/\\\/www.webdo.tn\\\/fr\\\/wp-content\\\/uploads\\\/2024\\\/08\\\/df2a3186e3313cef4ef3e62ec8f98fda.webp\",\"width\":750,\"height\":400,\"caption\":\"Jeux Paralympiques : Raoua Tlili m\u00e9daill\u00e9e d\u2019or au lancer de poids\"},{\"@type\":\"BreadcrumbList\",\"@id\":\"https:\\\/\\\/www.webdo.tn\\\/fr\\\/actualite\\\/sport\\\/jeux-paralympiques-raoua-tlili-medaillee-d-or-au-lancer-de-poids\\\/216091\\\/#breadcrumb\",\"itemListElement\":[{\"@type\":\"ListItem\",\"position\":1,\"name\":\"Accueil\",\"item\":\"https:\\\/\\\/www.webdo.tn\\\/fr\\\/\"},{\"@type\":\"ListItem\",\"position\":2,\"name\":\"Jeux Paralympiques : Raoua Tlili m\u00e9daill\u00e9e d\u2019or au lancer de poids\"}]},{\"@type\":\"WebSite\",\"@id\":\"https:\\\/\\\/www.webdo.tn\\\/fr\\\/#website\",\"url\":\"https:\\\/\\\/www.webdo.tn\\\/fr\\\/\",\"name\":\"webdo\",\"description\":\"Tunisie - News en Tunisie et \u00e0 l&#039;international sur Webdo.tn\",\"publisher\":{\"@id\":\"https:\\\/\\\/www.webdo.tn\\\/fr\\\/#organization\"},\"potentialAction\":[{\"@type\":\"SearchAction\",\"target\":{\"@type\":\"EntryPoint\",\"urlTemplate\":\"https:\\\/\\\/www.webdo.tn\\\/fr\\\/?s={search_term_string}\"},\"query-input\":{\"@type\":\"PropertyValueSpecification\",\"valueRequired\":true,\"valueName\":\"search_term_string\"}}],\"inLanguage\":\"fr-FR\"},{\"@type\":\"Organization\",\"@id\":\"https:\\\/\\\/www.webdo.tn\\\/fr\\\/#organization\",\"name\":\"Webdo\",\"alternateName\":\"Webdo.tn\",\"url\":\"https:\\\/\\\/www.webdo.tn\\\/fr\\\/\",\"logo\":{\"@type\":\"ImageObject\",\"inLanguage\":\"fr-FR\",\"@id\":\"https:\\\/\\\/www.webdo.tn\\\/fr\\\/#\\\/schema\\\/logo\\\/image\\\/\",\"url\":\"https:\\\/\\\/www.webdo.tn\\\/fr\\\/wp-content\\\/uploads\\\/2025\\\/06\\\/Webdo-Tunisie_168377.jpg\",\"contentUrl\":\"https:\\\/\\\/www.webdo.tn\\\/fr\\\/wp-content\\\/uploads\\\/2025\\\/06\\\/Webdo-Tunisie_168377.jpg\",\"width\":301,\"height\":301,\"caption\":\"Webdo\"},\"image\":{\"@id\":\"https:\\\/\\\/www.webdo.tn\\\/fr\\\/#\\\/schema\\\/logo\\\/image\\\/\"},\"sameAs\":[\"https:\\\/\\\/www.facebook.com\\\/webdotn\",\"https:\\\/\\\/x.com\\\/webdo_tn\"],\"description\":\"Webdo est un m\u00e9dia num\u00e9rique tunisien fond\u00e9 en 2010, sp\u00e9cialis\u00e9 dans l\u2019actualit\u00e9 nationale et internationale, l\u2019\u00e9conomie, la soci\u00e9t\u00e9 et les analyses politiques. Le site s\u2019adresse \u00e0 un large public francophone et couvre l\u2019information tunisienne en temps r\u00e9el.\",\"email\":\"redac@webdo.tn\",\"legalName\":\"YNJ SARL\",\"foundingDate\":\"2010-09-06\",\"numberOfEmployees\":{\"@type\":\"QuantitativeValue\",\"minValue\":\"11\",\"maxValue\":\"50\"}},{\"@type\":\"Person\",\"@id\":\"https:\\\/\\\/www.webdo.tn\\\/fr\\\/#\\\/schema\\\/person\\\/2c4929cbf5a809e3bd38617c6ce150f6\",\"name\":\"MC\",\"image\":{\"@type\":\"ImageObject\",\"inLanguage\":\"fr-FR\",\"@id\":\"https:\\\/\\\/secure.gravatar.com\\\/avatar\\\/a545bbb6f84efdd5553dbbc2895e3ca8f1d12c5215e00a041c9670b54aa9b18a?s=96&d=mm&r=g\",\"url\":\"https:\\\/\\\/secure.gravatar.com\\\/avatar\\\/a545bbb6f84efdd5553dbbc2895e3ca8f1d12c5215e00a041c9670b54aa9b18a?s=96&d=mm&r=g\",\"contentUrl\":\"https:\\\/\\\/secure.gravatar.com\\\/avatar\\\/a545bbb6f84efdd5553dbbc2895e3ca8f1d12c5215e00a041c9670b54aa9b18a?s=96&d=mm&r=g\",\"caption\":\"MC\"},\"url\":\"https:\\\/\\\/www.webdo.tn\\\/fr\\\/actualite\\\/author\\\/mc\\\/\"}]}<\/script>\n<!-- \/ Yoast SEO Premium plugin. -->","yoast_head_json":{"title":"Jeux Paralympiques : Raoua Tlili m\u00e9daill\u00e9e d\u2019or au lancer de poids","description":"Notre championne Raoua Tlili, grande favorite aux Jeux paralympiques, a remport\u00e9 son cinqui\u00e8me titre paralympique, ce vendredi 30 ao\u00fbt, au Stade de France en d\u00e9...","canonical":"https:\/\/www.webdo.tn\/fr\/actualite\/sport\/jeux-paralympiques-raoua-tlili-medaillee-d-or-au-lancer-de-poids\/216091\/","og_locale":"fr_FR","og_type":"article","og_title":"Jeux Paralympiques : Raoua Tlili m\u00e9daill\u00e9e d\u2019or au lancer de poids","og_description":"Notre championne Raoua Tlili, grande favorite aux Jeux paralympiques, a remport\u00e9 son cinqui\u00e8me titre paralympique, ce vendredi 30 ao\u00fbt, au Stade de France en d\u00e9...","og_url":"https:\/\/www.webdo.tn\/fr\/actualite\/sport\/jeux-paralympiques-raoua-tlili-medaillee-d-or-au-lancer-de-poids\/216091\/","og_site_name":"webdo","article_publisher":"https:\/\/www.facebook.com\/webdotn","article_published_time":"2024-08-30T12:17:00+00:00","article_modified_time":"2025-05-20T22:13:59+00:00","og_image":[{"width":750,"height":400,"url":"https:\/\/www.webdo.tn\/fr\/wp-content\/uploads\/2024\/08\/df2a3186e3313cef4ef3e62ec8f98fda.webp","type":"image\/webp"}],"author":"MC","twitter_card":"summary_large_image","twitter_creator":"@webdo_tn","twitter_site":"@webdo_tn","twitter_misc":{"\u00c9crit par":"MC","Dur\u00e9e de lecture estim\u00e9e":"1 minute"},"schema":{"@context":"https:\/\/schema.org","@graph":[{"@type":"NewsArticle","@id":"https:\/\/www.webdo.tn\/fr\/actualite\/sport\/jeux-paralympiques-raoua-tlili-medaillee-d-or-au-lancer-de-poids\/216091\/#article","isPartOf":{"@id":"https:\/\/www.webdo.tn\/fr\/actualite\/sport\/jeux-paralympiques-raoua-tlili-medaillee-d-or-au-lancer-de-poids\/216091\/"},"author":{"name":"MC","@id":"https:\/\/www.webdo.tn\/fr\/#\/schema\/person\/2c4929cbf5a809e3bd38617c6ce150f6"},"headline":"Jeux Paralympiques : Raoua Tlili m\u00e9daill\u00e9e d\u2019or au lancer de poids","datePublished":"2024-08-30T12:17:00+00:00","dateModified":"2025-05-20T22:13:59+00:00","mainEntityOfPage":{"@id":"https:\/\/www.webdo.tn\/fr\/actualite\/sport\/jeux-paralympiques-raoua-tlili-medaillee-d-or-au-lancer-de-poids\/216091\/"},"wordCount":157,"commentCount":0,"publisher":{"@id":"https:\/\/www.webdo.tn\/fr\/#organization"},"image":{"@id":"https:\/\/www.webdo.tn\/fr\/actualite\/sport\/jeux-paralympiques-raoua-tlili-medaillee-d-or-au-lancer-de-poids\/216091\/#primaryimage"},"thumbnailUrl":"https:\/\/www.webdo.tn\/fr\/wp-content\/uploads\/2024\/08\/df2a3186e3313cef4ef3e62ec8f98fda.webp","keywords":["jeux paralympiques","m\u00e9daille d'or","Paris 2024","Raoua Tlili"],"articleSection":["Sport"],"inLanguage":"fr-FR"},{"@type":"WebPage","@id":"https:\/\/www.webdo.tn\/fr\/actualite\/sport\/jeux-paralympiques-raoua-tlili-medaillee-d-or-au-lancer-de-poids\/216091\/","url":"https:\/\/www.webdo.tn\/fr\/actualite\/sport\/jeux-paralympiques-raoua-tlili-medaillee-d-or-au-lancer-de-poids\/216091\/","name":"Jeux Paralympiques : Raoua Tlili m\u00e9daill\u00e9e d\u2019or au lancer de poids","isPartOf":{"@id":"https:\/\/www.webdo.tn\/fr\/#website"},"primaryImageOfPage":{"@id":"https:\/\/www.webdo.tn\/fr\/actualite\/sport\/jeux-paralympiques-raoua-tlili-medaillee-d-or-au-lancer-de-poids\/216091\/#primaryimage"},"image":{"@id":"https:\/\/www.webdo.tn\/fr\/actualite\/sport\/jeux-paralympiques-raoua-tlili-medaillee-d-or-au-lancer-de-poids\/216091\/#primaryimage"},"thumbnailUrl":"https:\/\/www.webdo.tn\/fr\/wp-content\/uploads\/2024\/08\/df2a3186e3313cef4ef3e62ec8f98fda.webp","datePublished":"2024-08-30T12:17:00+00:00","dateModified":"2025-05-20T22:13:59+00:00","description":"Notre championne Raoua Tlili, grande favorite aux Jeux paralympiques, a remport\u00e9 son cinqui\u00e8me titre paralympique, ce vendredi 30 ao\u00fbt, au Stade de France en d\u00e9...","breadcrumb":{"@id":"https:\/\/www.webdo.tn\/fr\/actualite\/sport\/jeux-paralympiques-raoua-tlili-medaillee-d-or-au-lancer-de-poids\/216091\/#breadcrumb"},"inLanguage":"fr-FR","potentialAction":[{"@type":"ReadAction","target":["https:\/\/www.webdo.tn\/fr\/actualite\/sport\/jeux-paralympiques-raoua-tlili-medaillee-d-or-au-lancer-de-poids\/216091\/"]}]},{"@type":"ImageObject","inLanguage":"fr-FR","@id":"https:\/\/www.webdo.tn\/fr\/actualite\/sport\/jeux-paralympiques-raoua-tlili-medaillee-d-or-au-lancer-de-poids\/216091\/#primaryimage","url":"https:\/\/www.webdo.tn\/fr\/wp-content\/uploads\/2024\/08\/df2a3186e3313cef4ef3e62ec8f98fda.webp","contentUrl":"https:\/\/www.webdo.tn\/fr\/wp-content\/uploads\/2024\/08\/df2a3186e3313cef4ef3e62ec8f98fda.webp","width":750,"height":400,"caption":"Jeux Paralympiques : Raoua Tlili m\u00e9daill\u00e9e d\u2019or au lancer de poids"},{"@type":"BreadcrumbList","@id":"https:\/\/www.webdo.tn\/fr\/actualite\/sport\/jeux-paralympiques-raoua-tlili-medaillee-d-or-au-lancer-de-poids\/216091\/#breadcrumb","itemListElement":[{"@type":"ListItem","position":1,"name":"Accueil","item":"https:\/\/www.webdo.tn\/fr\/"},{"@type":"ListItem","position":2,"name":"Jeux Paralympiques : Raoua Tlili m\u00e9daill\u00e9e d\u2019or au lancer de poids"}]},{"@type":"WebSite","@id":"https:\/\/www.webdo.tn\/fr\/#website","url":"https:\/\/www.webdo.tn\/fr\/","name":"webdo","description":"Tunisie - News en Tunisie et \u00e0 l&#039;international sur Webdo.tn","publisher":{"@id":"https:\/\/www.webdo.tn\/fr\/#organization"},"potentialAction":[{"@type":"SearchAction","target":{"@type":"EntryPoint","urlTemplate":"https:\/\/www.webdo.tn\/fr\/?s={search_term_string}"},"query-input":{"@type":"PropertyValueSpecification","valueRequired":true,"valueName":"search_term_string"}}],"inLanguage":"fr-FR"},{"@type":"Organization","@id":"https:\/\/www.webdo.tn\/fr\/#organization","name":"Webdo","alternateName":"Webdo.tn","url":"https:\/\/www.webdo.tn\/fr\/","logo":{"@type":"ImageObject","inLanguage":"fr-FR","@id":"https:\/\/www.webdo.tn\/fr\/#\/schema\/logo\/image\/","url":"https:\/\/www.webdo.tn\/fr\/wp-content\/uploads\/2025\/06\/Webdo-Tunisie_168377.jpg","contentUrl":"https:\/\/www.webdo.tn\/fr\/wp-content\/uploads\/2025\/06\/Webdo-Tunisie_168377.jpg","width":301,"height":301,"caption":"Webdo"},"image":{"@id":"https:\/\/www.webdo.tn\/fr\/#\/schema\/logo\/image\/"},"sameAs":["https:\/\/www.facebook.com\/webdotn","https:\/\/x.com\/webdo_tn"],"description":"Webdo est un m\u00e9dia num\u00e9rique tunisien fond\u00e9 en 2010, sp\u00e9cialis\u00e9 dans l\u2019actualit\u00e9 nationale et internationale, l\u2019\u00e9conomie, la soci\u00e9t\u00e9 et les analyses politiques. Le site s\u2019adresse \u00e0 un large public francophone et couvre l\u2019information tunisienne en temps r\u00e9el.","email":"redac@webdo.tn","legalName":"YNJ SARL","foundingDate":"2010-09-06","numberOfEmployees":{"@type":"QuantitativeValue","minValue":"11","maxValue":"50"}},{"@type":"Person","@id":"https:\/\/www.webdo.tn\/fr\/#\/schema\/person\/2c4929cbf5a809e3bd38617c6ce150f6","name":"MC","image":{"@type":"ImageObject","inLanguage":"fr-FR","@id":"https:\/\/secure.gravatar.com\/avatar\/a545bbb6f84efdd5553dbbc2895e3ca8f1d12c5215e00a041c9670b54aa9b18a?s=96&d=mm&r=g","url":"https:\/\/secure.gravatar.com\/avatar\/a545bbb6f84efdd5553dbbc2895e3ca8f1d12c5215e00a041c9670b54aa9b18a?s=96&d=mm&r=g","contentUrl":"https:\/\/secure.gravatar.com\/avatar\/a545bbb6f84efdd5553dbbc2895e3ca8f1d12c5215e00a041c9670b54aa9b18a?s=96&d=mm&r=g","caption":"MC"},"url":"https:\/\/www.webdo.tn\/fr\/actualite\/author\/mc\/"}]}},"_links":{"self":[{"href":"https:\/\/www.webdo.tn\/fr\/wp-json\/wp\/v2\/posts\/216091","targetHints":{"allow":["GET"]}}],"collection":[{"href":"https:\/\/www.webdo.tn\/fr\/wp-json\/wp\/v2\/posts"}],"about":[{"href":"https:\/\/www.webdo.tn\/fr\/wp-json\/wp\/v2\/types\/post"}],"author":[{"embeddable":true,"href":"https:\/\/www.webdo.tn\/fr\/wp-json\/wp\/v2\/users\/3162"}],"replies":[{"embeddable":true,"href":"https:\/\/www.webdo.tn\/fr\/wp-json\/wp\/v2\/comments?post=216091"}],"version-history":[{"count":0,"href":"https:\/\/www.webdo.tn\/fr\/wp-json\/wp\/v2\/posts\/216091\/revisions"}],"wp:featuredmedia":[{"embeddable":true,"href":"https:\/\/www.webdo.tn\/fr\/wp-json\/wp\/v2\/media\/291007"}],"wp:attachment":[{"href":"https:\/\/www.webdo.tn\/fr\/wp-json\/wp\/v2\/media?parent=216091"}],"wp:term":[{"taxonomy":"category","embeddable":true,"href":"https:\/\/www.webdo.tn\/fr\/wp-json\/wp\/v2\/categories?post=216091"},{"taxonomy":"post_tag","embeddable":true,"href":"https:\/\/www.webdo.tn\/fr\/wp-json\/wp\/v2\/tags?post=216091"}],"curies":[{"name":"wp","href":"https:\/\/api.w.org\/{rel}","templated":true}]}}