{"id":216084,"date":"2024-08-30T09:25:00","date_gmt":"2024-08-30T09:25:00","guid":{"rendered":"https:\/\/www.webdo.tn\/fr\/blog\/tunisie-lundi-retour-a-la-double-seance-les-horaires\/216084\/"},"modified":"2025-05-20T21:49:35","modified_gmt":"2025-05-20T21:49:35","slug":"tunisie-lundi-retour-a-la-double-seance-les-horaires","status":"publish","type":"post","link":"https:\/\/www.webdo.tn\/fr\/actualite\/national\/tunisie-lundi-retour-a-la-double-seance-les-horaires\/216084\/","title":{"rendered":"Tunisie : Lundi, retour \u00e0 la double s\u00e9ance\u2026 les horaires !"},"content":{"rendered":"<p>L\u2019\u00e9t\u00e9 touche \u00e0 sa fin du moins administrativement avec la fin de la s\u00e9ance unique. D\u00e8s lundi prochain, retour \u00e0 la double s\u00e9ance\u2026<\/p>\n<p>\t\t\t\t\t\t\t\t\tLa pr\u00e9sidence du gouvernement a publi\u00e9, ce vendredi 30 ao\u00fbt 2024, un communiqu\u00e9 annon\u00e7ant la reprise du travail en double s\u00e9ance pour les agents de l\u2019\u00c9tat, des collectivit\u00e9s locales, des \u00e9tablissements publics \u00e0 caract\u00e8re administratif.<\/p>\n<p>La double s\u00e9ance sera de nouveau en vigueur \u00e0 partir de lundi 2 septembre 2024 pour les agents de l\u2019\u00c9tat, des collectivit\u00e9s locales, et des \u00e9tablissements publics \u00e0 caract\u00e8re administratif.<\/p>\n<p>Le travail reprendra selon les horaires suivants :<\/p>\n<p>\tDu lundi au jeudi : de 8h30 \u00e0 12h30 et de 13h30 \u00e0 17h30<br \/>\n\tVendredi : de 8 heures \u00e0 13 heures et de 14h30 \u00e0 17h30<\/p>\n","protected":false},"excerpt":{"rendered":"<p>La pr\u00e9sidence du gouvernement a publi\u00e9, ce vendredi 30 ao\u00fbt 2024, un communiqu\u00e9 annon\u00e7ant la reprise du travail en double s\u00e9ance pour les agents de l\u2019\u00c9tat, des&#8230;<\/p>\n","protected":false},"author":3162,"featured_media":246688,"comment_status":"open","ping_status":"closed","sticky":false,"template":"","format":"standard","meta":{"footnotes":""},"categories":[44],"tags":[5839,5838,3844,5837,2608],"class_list":["post-216084","post","type-post","status-publish","format-standard","has-post-thumbnail","hentry","category-national","tag-administartion","tag-double-seance","tag-horaires","tag-seance-unique","tag-tunisie"],"yoast_head":"<!-- This site is optimized with the Yoast SEO Premium plugin v27.5 (Yoast SEO v27.5) - https:\/\/yoast.com\/product\/yoast-seo-premium-wordpress\/ -->\n<title>Tunisie : Lundi, retour \u00e0 la double s\u00e9ance\u2026 les horaires !<\/title>\n<meta name=\"description\" content=\"La pr\u00e9sidence du gouvernement a publi\u00e9, ce vendredi 30 ao\u00fbt 2024, un communiqu\u00e9 annon\u00e7ant la reprise du travail en double s\u00e9ance pour les agents de l\u2019\u00c9tat, des...\" \/>\n<link rel=\"canonical\" href=\"https:\/\/www.webdo.tn\/fr\/actualite\/national\/tunisie-lundi-retour-a-la-double-seance-les-horaires\/216084\/\" \/>\n<meta property=\"og:locale\" content=\"fr_FR\" \/>\n<meta property=\"og:type\" content=\"article\" \/>\n<meta property=\"og:title\" content=\"Tunisie : Lundi, retour \u00e0 la double s\u00e9ance\u2026 les horaires !\" \/>\n<meta property=\"og:description\" content=\"La pr\u00e9sidence du gouvernement a publi\u00e9, ce vendredi 30 ao\u00fbt 2024, un communiqu\u00e9 annon\u00e7ant la reprise du travail en double s\u00e9ance pour les agents de l\u2019\u00c9tat, des...\" \/>\n<meta property=\"og:url\" content=\"https:\/\/www.webdo.tn\/fr\/actualite\/national\/tunisie-lundi-retour-a-la-double-seance-les-horaires\/216084\/\" \/>\n<meta property=\"og:site_name\" content=\"webdo\" \/>\n<meta property=\"article:publisher\" content=\"https:\/\/www.facebook.com\/webdotn\" \/>\n<meta property=\"article:published_time\" content=\"2024-08-30T09:25:00+00:00\" \/>\n<meta property=\"article:modified_time\" content=\"2025-05-20T21:49:35+00:00\" \/>\n<meta property=\"og:image\" content=\"https:\/\/www.webdo.tn\/fr\/wp-content\/uploads\/2024\/08\/a0d7ae4c6bff02557469b76f74c81cac.webp\" \/>\n\t<meta property=\"og:image:width\" content=\"675\" \/>\n\t<meta property=\"og:image:height\" content=\"360\" \/>\n\t<meta property=\"og:image:type\" content=\"image\/webp\" \/>\n<meta name=\"author\" content=\"MC\" \/>\n<meta name=\"twitter:card\" content=\"summary_large_image\" \/>\n<meta name=\"twitter:creator\" content=\"@webdo_tn\" \/>\n<meta name=\"twitter:site\" content=\"@webdo_tn\" \/>\n<meta name=\"twitter:label1\" content=\"\u00c9crit par\" \/>\n\t<meta name=\"twitter:data1\" content=\"MC\" \/>\n\t<meta name=\"twitter:label2\" content=\"Dur\u00e9e de lecture estim\u00e9e\" \/>\n\t<meta name=\"twitter:data2\" content=\"1 minute\" \/>\n<script type=\"application\/ld+json\" class=\"yoast-schema-graph\">{\"@context\":\"https:\\\/\\\/schema.org\",\"@graph\":[{\"@type\":\"NewsArticle\",\"@id\":\"https:\\\/\\\/www.webdo.tn\\\/fr\\\/actualite\\\/national\\\/tunisie-lundi-retour-a-la-double-seance-les-horaires\\\/216084\\\/#article\",\"isPartOf\":{\"@id\":\"https:\\\/\\\/www.webdo.tn\\\/fr\\\/actualite\\\/national\\\/tunisie-lundi-retour-a-la-double-seance-les-horaires\\\/216084\\\/\"},\"author\":{\"name\":\"MC\",\"@id\":\"https:\\\/\\\/www.webdo.tn\\\/fr\\\/#\\\/schema\\\/person\\\/2c4929cbf5a809e3bd38617c6ce150f6\"},\"headline\":\"Tunisie : Lundi, retour \u00e0 la double s\u00e9ance\u2026 les horaires !\",\"datePublished\":\"2024-08-30T09:25:00+00:00\",\"dateModified\":\"2025-05-20T21:49:35+00:00\",\"mainEntityOfPage\":{\"@id\":\"https:\\\/\\\/www.webdo.tn\\\/fr\\\/actualite\\\/national\\\/tunisie-lundi-retour-a-la-double-seance-les-horaires\\\/216084\\\/\"},\"wordCount\":129,\"commentCount\":0,\"publisher\":{\"@id\":\"https:\\\/\\\/www.webdo.tn\\\/fr\\\/#organization\"},\"image\":{\"@id\":\"https:\\\/\\\/www.webdo.tn\\\/fr\\\/actualite\\\/national\\\/tunisie-lundi-retour-a-la-double-seance-les-horaires\\\/216084\\\/#primaryimage\"},\"thumbnailUrl\":\"https:\\\/\\\/www.webdo.tn\\\/fr\\\/wp-content\\\/uploads\\\/2024\\\/08\\\/a0d7ae4c6bff02557469b76f74c81cac.webp\",\"keywords\":[\"administartion\",\"double s\u00e9ance\",\"horaires\",\"s\u00e9ance unique\",\"Tunisie\"],\"articleSection\":[\"National\"],\"inLanguage\":\"fr-FR\"},{\"@type\":\"WebPage\",\"@id\":\"https:\\\/\\\/www.webdo.tn\\\/fr\\\/actualite\\\/national\\\/tunisie-lundi-retour-a-la-double-seance-les-horaires\\\/216084\\\/\",\"url\":\"https:\\\/\\\/www.webdo.tn\\\/fr\\\/actualite\\\/national\\\/tunisie-lundi-retour-a-la-double-seance-les-horaires\\\/216084\\\/\",\"name\":\"Tunisie : Lundi, retour \u00e0 la double s\u00e9ance\u2026 les horaires !\",\"isPartOf\":{\"@id\":\"https:\\\/\\\/www.webdo.tn\\\/fr\\\/#website\"},\"primaryImageOfPage\":{\"@id\":\"https:\\\/\\\/www.webdo.tn\\\/fr\\\/actualite\\\/national\\\/tunisie-lundi-retour-a-la-double-seance-les-horaires\\\/216084\\\/#primaryimage\"},\"image\":{\"@id\":\"https:\\\/\\\/www.webdo.tn\\\/fr\\\/actualite\\\/national\\\/tunisie-lundi-retour-a-la-double-seance-les-horaires\\\/216084\\\/#primaryimage\"},\"thumbnailUrl\":\"https:\\\/\\\/www.webdo.tn\\\/fr\\\/wp-content\\\/uploads\\\/2024\\\/08\\\/a0d7ae4c6bff02557469b76f74c81cac.webp\",\"datePublished\":\"2024-08-30T09:25:00+00:00\",\"dateModified\":\"2025-05-20T21:49:35+00:00\",\"description\":\"La pr\u00e9sidence du gouvernement a publi\u00e9, ce vendredi 30 ao\u00fbt 2024, un communiqu\u00e9 annon\u00e7ant la reprise du travail en double s\u00e9ance pour les agents de l\u2019\u00c9tat, des...\",\"breadcrumb\":{\"@id\":\"https:\\\/\\\/www.webdo.tn\\\/fr\\\/actualite\\\/national\\\/tunisie-lundi-retour-a-la-double-seance-les-horaires\\\/216084\\\/#breadcrumb\"},\"inLanguage\":\"fr-FR\",\"potentialAction\":[{\"@type\":\"ReadAction\",\"target\":[\"https:\\\/\\\/www.webdo.tn\\\/fr\\\/actualite\\\/national\\\/tunisie-lundi-retour-a-la-double-seance-les-horaires\\\/216084\\\/\"]}]},{\"@type\":\"ImageObject\",\"inLanguage\":\"fr-FR\",\"@id\":\"https:\\\/\\\/www.webdo.tn\\\/fr\\\/actualite\\\/national\\\/tunisie-lundi-retour-a-la-double-seance-les-horaires\\\/216084\\\/#primaryimage\",\"url\":\"https:\\\/\\\/www.webdo.tn\\\/fr\\\/wp-content\\\/uploads\\\/2024\\\/08\\\/a0d7ae4c6bff02557469b76f74c81cac.webp\",\"contentUrl\":\"https:\\\/\\\/www.webdo.tn\\\/fr\\\/wp-content\\\/uploads\\\/2024\\\/08\\\/a0d7ae4c6bff02557469b76f74c81cac.webp\",\"width\":675,\"height\":360,\"caption\":\"Tunisie : Lundi, retour \u00e0 la double s\u00e9ance\u2026 les horaires !\"},{\"@type\":\"BreadcrumbList\",\"@id\":\"https:\\\/\\\/www.webdo.tn\\\/fr\\\/actualite\\\/national\\\/tunisie-lundi-retour-a-la-double-seance-les-horaires\\\/216084\\\/#breadcrumb\",\"itemListElement\":[{\"@type\":\"ListItem\",\"position\":1,\"name\":\"Accueil\",\"item\":\"https:\\\/\\\/www.webdo.tn\\\/fr\\\/\"},{\"@type\":\"ListItem\",\"position\":2,\"name\":\"Tunisie : Lundi, retour \u00e0 la double s\u00e9ance\u2026 les horaires !\"}]},{\"@type\":\"WebSite\",\"@id\":\"https:\\\/\\\/www.webdo.tn\\\/fr\\\/#website\",\"url\":\"https:\\\/\\\/www.webdo.tn\\\/fr\\\/\",\"name\":\"webdo\",\"description\":\"Tunisie - News en Tunisie et \u00e0 l&#039;international sur Webdo.tn\",\"publisher\":{\"@id\":\"https:\\\/\\\/www.webdo.tn\\\/fr\\\/#organization\"},\"potentialAction\":[{\"@type\":\"SearchAction\",\"target\":{\"@type\":\"EntryPoint\",\"urlTemplate\":\"https:\\\/\\\/www.webdo.tn\\\/fr\\\/?s={search_term_string}\"},\"query-input\":{\"@type\":\"PropertyValueSpecification\",\"valueRequired\":true,\"valueName\":\"search_term_string\"}}],\"inLanguage\":\"fr-FR\"},{\"@type\":\"Organization\",\"@id\":\"https:\\\/\\\/www.webdo.tn\\\/fr\\\/#organization\",\"name\":\"Webdo\",\"alternateName\":\"Webdo.tn\",\"url\":\"https:\\\/\\\/www.webdo.tn\\\/fr\\\/\",\"logo\":{\"@type\":\"ImageObject\",\"inLanguage\":\"fr-FR\",\"@id\":\"https:\\\/\\\/www.webdo.tn\\\/fr\\\/#\\\/schema\\\/logo\\\/image\\\/\",\"url\":\"https:\\\/\\\/www.webdo.tn\\\/fr\\\/wp-content\\\/uploads\\\/2025\\\/06\\\/Webdo-Tunisie_168377.jpg\",\"contentUrl\":\"https:\\\/\\\/www.webdo.tn\\\/fr\\\/wp-content\\\/uploads\\\/2025\\\/06\\\/Webdo-Tunisie_168377.jpg\",\"width\":301,\"height\":301,\"caption\":\"Webdo\"},\"image\":{\"@id\":\"https:\\\/\\\/www.webdo.tn\\\/fr\\\/#\\\/schema\\\/logo\\\/image\\\/\"},\"sameAs\":[\"https:\\\/\\\/www.facebook.com\\\/webdotn\",\"https:\\\/\\\/x.com\\\/webdo_tn\"],\"description\":\"Webdo est un m\u00e9dia num\u00e9rique tunisien fond\u00e9 en 2010, sp\u00e9cialis\u00e9 dans l\u2019actualit\u00e9 nationale et internationale, l\u2019\u00e9conomie, la soci\u00e9t\u00e9 et les analyses politiques. Le site s\u2019adresse \u00e0 un large public francophone et couvre l\u2019information tunisienne en temps r\u00e9el.\",\"email\":\"redac@webdo.tn\",\"legalName\":\"YNJ SARL\",\"foundingDate\":\"2010-09-06\",\"numberOfEmployees\":{\"@type\":\"QuantitativeValue\",\"minValue\":\"11\",\"maxValue\":\"50\"}},{\"@type\":\"Person\",\"@id\":\"https:\\\/\\\/www.webdo.tn\\\/fr\\\/#\\\/schema\\\/person\\\/2c4929cbf5a809e3bd38617c6ce150f6\",\"name\":\"MC\",\"image\":{\"@type\":\"ImageObject\",\"inLanguage\":\"fr-FR\",\"@id\":\"https:\\\/\\\/secure.gravatar.com\\\/avatar\\\/a545bbb6f84efdd5553dbbc2895e3ca8f1d12c5215e00a041c9670b54aa9b18a?s=96&d=mm&r=g\",\"url\":\"https:\\\/\\\/secure.gravatar.com\\\/avatar\\\/a545bbb6f84efdd5553dbbc2895e3ca8f1d12c5215e00a041c9670b54aa9b18a?s=96&d=mm&r=g\",\"contentUrl\":\"https:\\\/\\\/secure.gravatar.com\\\/avatar\\\/a545bbb6f84efdd5553dbbc2895e3ca8f1d12c5215e00a041c9670b54aa9b18a?s=96&d=mm&r=g\",\"caption\":\"MC\"},\"url\":\"https:\\\/\\\/www.webdo.tn\\\/fr\\\/actualite\\\/author\\\/mc\\\/\"}]}<\/script>\n<!-- \/ Yoast SEO Premium plugin. -->","yoast_head_json":{"title":"Tunisie : Lundi, retour \u00e0 la double s\u00e9ance\u2026 les horaires !","description":"La pr\u00e9sidence du gouvernement a publi\u00e9, ce vendredi 30 ao\u00fbt 2024, un communiqu\u00e9 annon\u00e7ant la reprise du travail en double s\u00e9ance pour les agents de l\u2019\u00c9tat, des...","canonical":"https:\/\/www.webdo.tn\/fr\/actualite\/national\/tunisie-lundi-retour-a-la-double-seance-les-horaires\/216084\/","og_locale":"fr_FR","og_type":"article","og_title":"Tunisie : Lundi, retour \u00e0 la double s\u00e9ance\u2026 les horaires !","og_description":"La pr\u00e9sidence du gouvernement a publi\u00e9, ce vendredi 30 ao\u00fbt 2024, un communiqu\u00e9 annon\u00e7ant la reprise du travail en double s\u00e9ance pour les agents de l\u2019\u00c9tat, des...","og_url":"https:\/\/www.webdo.tn\/fr\/actualite\/national\/tunisie-lundi-retour-a-la-double-seance-les-horaires\/216084\/","og_site_name":"webdo","article_publisher":"https:\/\/www.facebook.com\/webdotn","article_published_time":"2024-08-30T09:25:00+00:00","article_modified_time":"2025-05-20T21:49:35+00:00","og_image":[{"width":675,"height":360,"url":"https:\/\/www.webdo.tn\/fr\/wp-content\/uploads\/2024\/08\/a0d7ae4c6bff02557469b76f74c81cac.webp","type":"image\/webp"}],"author":"MC","twitter_card":"summary_large_image","twitter_creator":"@webdo_tn","twitter_site":"@webdo_tn","twitter_misc":{"\u00c9crit par":"MC","Dur\u00e9e de lecture estim\u00e9e":"1 minute"},"schema":{"@context":"https:\/\/schema.org","@graph":[{"@type":"NewsArticle","@id":"https:\/\/www.webdo.tn\/fr\/actualite\/national\/tunisie-lundi-retour-a-la-double-seance-les-horaires\/216084\/#article","isPartOf":{"@id":"https:\/\/www.webdo.tn\/fr\/actualite\/national\/tunisie-lundi-retour-a-la-double-seance-les-horaires\/216084\/"},"author":{"name":"MC","@id":"https:\/\/www.webdo.tn\/fr\/#\/schema\/person\/2c4929cbf5a809e3bd38617c6ce150f6"},"headline":"Tunisie : Lundi, retour \u00e0 la double s\u00e9ance\u2026 les horaires !","datePublished":"2024-08-30T09:25:00+00:00","dateModified":"2025-05-20T21:49:35+00:00","mainEntityOfPage":{"@id":"https:\/\/www.webdo.tn\/fr\/actualite\/national\/tunisie-lundi-retour-a-la-double-seance-les-horaires\/216084\/"},"wordCount":129,"commentCount":0,"publisher":{"@id":"https:\/\/www.webdo.tn\/fr\/#organization"},"image":{"@id":"https:\/\/www.webdo.tn\/fr\/actualite\/national\/tunisie-lundi-retour-a-la-double-seance-les-horaires\/216084\/#primaryimage"},"thumbnailUrl":"https:\/\/www.webdo.tn\/fr\/wp-content\/uploads\/2024\/08\/a0d7ae4c6bff02557469b76f74c81cac.webp","keywords":["administartion","double s\u00e9ance","horaires","s\u00e9ance unique","Tunisie"],"articleSection":["National"],"inLanguage":"fr-FR"},{"@type":"WebPage","@id":"https:\/\/www.webdo.tn\/fr\/actualite\/national\/tunisie-lundi-retour-a-la-double-seance-les-horaires\/216084\/","url":"https:\/\/www.webdo.tn\/fr\/actualite\/national\/tunisie-lundi-retour-a-la-double-seance-les-horaires\/216084\/","name":"Tunisie : Lundi, retour \u00e0 la double s\u00e9ance\u2026 les horaires !","isPartOf":{"@id":"https:\/\/www.webdo.tn\/fr\/#website"},"primaryImageOfPage":{"@id":"https:\/\/www.webdo.tn\/fr\/actualite\/national\/tunisie-lundi-retour-a-la-double-seance-les-horaires\/216084\/#primaryimage"},"image":{"@id":"https:\/\/www.webdo.tn\/fr\/actualite\/national\/tunisie-lundi-retour-a-la-double-seance-les-horaires\/216084\/#primaryimage"},"thumbnailUrl":"https:\/\/www.webdo.tn\/fr\/wp-content\/uploads\/2024\/08\/a0d7ae4c6bff02557469b76f74c81cac.webp","datePublished":"2024-08-30T09:25:00+00:00","dateModified":"2025-05-20T21:49:35+00:00","description":"La pr\u00e9sidence du gouvernement a publi\u00e9, ce vendredi 30 ao\u00fbt 2024, un communiqu\u00e9 annon\u00e7ant la reprise du travail en double s\u00e9ance pour les agents de l\u2019\u00c9tat, des...","breadcrumb":{"@id":"https:\/\/www.webdo.tn\/fr\/actualite\/national\/tunisie-lundi-retour-a-la-double-seance-les-horaires\/216084\/#breadcrumb"},"inLanguage":"fr-FR","potentialAction":[{"@type":"ReadAction","target":["https:\/\/www.webdo.tn\/fr\/actualite\/national\/tunisie-lundi-retour-a-la-double-seance-les-horaires\/216084\/"]}]},{"@type":"ImageObject","inLanguage":"fr-FR","@id":"https:\/\/www.webdo.tn\/fr\/actualite\/national\/tunisie-lundi-retour-a-la-double-seance-les-horaires\/216084\/#primaryimage","url":"https:\/\/www.webdo.tn\/fr\/wp-content\/uploads\/2024\/08\/a0d7ae4c6bff02557469b76f74c81cac.webp","contentUrl":"https:\/\/www.webdo.tn\/fr\/wp-content\/uploads\/2024\/08\/a0d7ae4c6bff02557469b76f74c81cac.webp","width":675,"height":360,"caption":"Tunisie : Lundi, retour \u00e0 la double s\u00e9ance\u2026 les horaires !"},{"@type":"BreadcrumbList","@id":"https:\/\/www.webdo.tn\/fr\/actualite\/national\/tunisie-lundi-retour-a-la-double-seance-les-horaires\/216084\/#breadcrumb","itemListElement":[{"@type":"ListItem","position":1,"name":"Accueil","item":"https:\/\/www.webdo.tn\/fr\/"},{"@type":"ListItem","position":2,"name":"Tunisie : Lundi, retour \u00e0 la double s\u00e9ance\u2026 les horaires !"}]},{"@type":"WebSite","@id":"https:\/\/www.webdo.tn\/fr\/#website","url":"https:\/\/www.webdo.tn\/fr\/","name":"webdo","description":"Tunisie - News en Tunisie et \u00e0 l&#039;international sur Webdo.tn","publisher":{"@id":"https:\/\/www.webdo.tn\/fr\/#organization"},"potentialAction":[{"@type":"SearchAction","target":{"@type":"EntryPoint","urlTemplate":"https:\/\/www.webdo.tn\/fr\/?s={search_term_string}"},"query-input":{"@type":"PropertyValueSpecification","valueRequired":true,"valueName":"search_term_string"}}],"inLanguage":"fr-FR"},{"@type":"Organization","@id":"https:\/\/www.webdo.tn\/fr\/#organization","name":"Webdo","alternateName":"Webdo.tn","url":"https:\/\/www.webdo.tn\/fr\/","logo":{"@type":"ImageObject","inLanguage":"fr-FR","@id":"https:\/\/www.webdo.tn\/fr\/#\/schema\/logo\/image\/","url":"https:\/\/www.webdo.tn\/fr\/wp-content\/uploads\/2025\/06\/Webdo-Tunisie_168377.jpg","contentUrl":"https:\/\/www.webdo.tn\/fr\/wp-content\/uploads\/2025\/06\/Webdo-Tunisie_168377.jpg","width":301,"height":301,"caption":"Webdo"},"image":{"@id":"https:\/\/www.webdo.tn\/fr\/#\/schema\/logo\/image\/"},"sameAs":["https:\/\/www.facebook.com\/webdotn","https:\/\/x.com\/webdo_tn"],"description":"Webdo est un m\u00e9dia num\u00e9rique tunisien fond\u00e9 en 2010, sp\u00e9cialis\u00e9 dans l\u2019actualit\u00e9 nationale et internationale, l\u2019\u00e9conomie, la soci\u00e9t\u00e9 et les analyses politiques. Le site s\u2019adresse \u00e0 un large public francophone et couvre l\u2019information tunisienne en temps r\u00e9el.","email":"redac@webdo.tn","legalName":"YNJ SARL","foundingDate":"2010-09-06","numberOfEmployees":{"@type":"QuantitativeValue","minValue":"11","maxValue":"50"}},{"@type":"Person","@id":"https:\/\/www.webdo.tn\/fr\/#\/schema\/person\/2c4929cbf5a809e3bd38617c6ce150f6","name":"MC","image":{"@type":"ImageObject","inLanguage":"fr-FR","@id":"https:\/\/secure.gravatar.com\/avatar\/a545bbb6f84efdd5553dbbc2895e3ca8f1d12c5215e00a041c9670b54aa9b18a?s=96&d=mm&r=g","url":"https:\/\/secure.gravatar.com\/avatar\/a545bbb6f84efdd5553dbbc2895e3ca8f1d12c5215e00a041c9670b54aa9b18a?s=96&d=mm&r=g","contentUrl":"https:\/\/secure.gravatar.com\/avatar\/a545bbb6f84efdd5553dbbc2895e3ca8f1d12c5215e00a041c9670b54aa9b18a?s=96&d=mm&r=g","caption":"MC"},"url":"https:\/\/www.webdo.tn\/fr\/actualite\/author\/mc\/"}]}},"_links":{"self":[{"href":"https:\/\/www.webdo.tn\/fr\/wp-json\/wp\/v2\/posts\/216084","targetHints":{"allow":["GET"]}}],"collection":[{"href":"https:\/\/www.webdo.tn\/fr\/wp-json\/wp\/v2\/posts"}],"about":[{"href":"https:\/\/www.webdo.tn\/fr\/wp-json\/wp\/v2\/types\/post"}],"author":[{"embeddable":true,"href":"https:\/\/www.webdo.tn\/fr\/wp-json\/wp\/v2\/users\/3162"}],"replies":[{"embeddable":true,"href":"https:\/\/www.webdo.tn\/fr\/wp-json\/wp\/v2\/comments?post=216084"}],"version-history":[{"count":0,"href":"https:\/\/www.webdo.tn\/fr\/wp-json\/wp\/v2\/posts\/216084\/revisions"}],"wp:featuredmedia":[{"embeddable":true,"href":"https:\/\/www.webdo.tn\/fr\/wp-json\/wp\/v2\/media\/246688"}],"wp:attachment":[{"href":"https:\/\/www.webdo.tn\/fr\/wp-json\/wp\/v2\/media?parent=216084"}],"wp:term":[{"taxonomy":"category","embeddable":true,"href":"https:\/\/www.webdo.tn\/fr\/wp-json\/wp\/v2\/categories?post=216084"},{"taxonomy":"post_tag","embeddable":true,"href":"https:\/\/www.webdo.tn\/fr\/wp-json\/wp\/v2\/tags?post=216084"}],"curies":[{"name":"wp","href":"https:\/\/api.w.org\/{rel}","templated":true}]}}