{"id":216083,"date":"2024-08-30T09:14:00","date_gmt":"2024-08-30T09:14:00","guid":{"rendered":"https:\/\/www.webdo.tn\/fr\/blog\/rached-khiari-libere-de-prison-et-aussitot-arrete\/216083\/"},"modified":"2025-05-20T21:49:35","modified_gmt":"2025-05-20T21:49:35","slug":"rached-khiari-libere-de-prison-et-aussitot-arrete","status":"publish","type":"post","link":"https:\/\/www.webdo.tn\/fr\/actualite\/national\/rached-khiari-libere-de-prison-et-aussitot-arrete\/216083\/","title":{"rendered":"Rached Khiari, lib\u00e9r\u00e9 de prison et aussit\u00f4t arr\u00eat\u00e9 !"},"content":{"rendered":"<p>L&rsquo;ancien d\u00e9put\u00e9 Rached Khiari a \u00e9t\u00e9 lib\u00e9r\u00e9, hier soir de prison avant d\u2019\u00eatre aussit\u00f4t arr\u00eat\u00e9 en raison d\u2019un mandat de recherche \u00e9mis \u00e0 son encontre. Il a \u00e9t\u00e9 laiss\u00e9 en \u00e9tat de libert\u00e9.<\/p>\n<p>\t\t\t\t\t\t\t\t\tL&rsquo;ancien d\u00e9put\u00e9 de \u013eAssembl\u00e9e des repr\u00e9sentants du peuple, Rached Khiari a \u00e9t\u00e9 lib\u00e9r\u00e9, dans la soir\u00e9e de jeudi 29 ao\u00fbt, par l&rsquo;administration de la prison civile o\u00f9 il \u00e9tait incarc\u00e9r\u00e9, apr\u00e8s avoir purg\u00e9 sa peine de prison.<\/p>\n<p>Mais une fois lib\u00e9r\u00e9 de prison il a aussit\u00f4t \u00e9t\u00e9 arr\u00eat\u00e9, en raison d&rsquo;un mandat de recherche \u00e9mis \u00e0 son encontre par la brigade centrale de la Garde nationale d&rsquo;El Aouina, rapporte Mosaique fm.<\/p>\n<p>Son arrestation fait suite \u00e0 une plainte d\u00e9pos\u00e9e \u00e0 son encontre par une ancienne responsable de la pr\u00e9sidence de la R\u00e9publique. Et Rached Khiari qui a fait l\u2019objet de nombreuses plaintes d\u00e9pos\u00e9es contre lui, a \u00e9t\u00e9 entendu avant d\u2019\u00eatre remis en libert\u00e9. Il a \u00e9t\u00e9 gard\u00e9 en \u00e9tat de libert\u00e9 en attendant la poursuite de l\u2019enqu\u00eate.<\/p>\n<p>Rappelons qu\u2019en d\u00e9cembre 2023, la Chambre criminelle du Tribunal de premi\u00e8re instance de Tunis a condamn\u00e9 l&rsquo;ancien d\u00e9put\u00e9 d\u2019Al-Karama , \u00e0 un an de prison ferme, sur fond d&rsquo;une affaire qui remonte \u00e0 la p\u00e9riode o\u00f9 il \u00e9tait en fuite entre juillet 2021 et ao\u00fbt 2022.<\/p>\n","protected":false},"excerpt":{"rendered":"<p>L&rsquo;ancien d\u00e9put\u00e9 de \u013eAssembl\u00e9e des repr\u00e9sentants du peuple, Rached Khiari a \u00e9t\u00e9 lib\u00e9r\u00e9, dans la soir\u00e9e de jeudi 29 ao\u00fbt, par l&rsquo;administration de la prison civile&#8230;<\/p>\n","protected":false},"author":3162,"featured_media":246687,"comment_status":"open","ping_status":"closed","sticky":false,"template":"","format":"standard","meta":{"footnotes":""},"categories":[44],"tags":[5836,2966,3938,4755,4139,2608],"class_list":["post-216083","post","type-post","status-publish","format-standard","has-post-thumbnail","hentry","category-national","tag-al-karama","tag-arrestation","tag-liberation","tag-plainte","tag-rached-khiari","tag-tunisie"],"yoast_head":"<!-- This site is optimized with the Yoast SEO Premium plugin v27.5 (Yoast SEO v27.5) - https:\/\/yoast.com\/product\/yoast-seo-premium-wordpress\/ -->\n<title>Rached Khiari, lib\u00e9r\u00e9 de prison et aussit\u00f4t arr\u00eat\u00e9 !<\/title>\n<meta name=\"description\" content=\"L&#039;ancien d\u00e9put\u00e9 de \u013eAssembl\u00e9e des repr\u00e9sentants du peuple, Rached Khiari a \u00e9t\u00e9 lib\u00e9r\u00e9, dans la soir\u00e9e de jeudi 29 ao\u00fbt, par l&#039;administration de la prison civile...\" \/>\n<link rel=\"canonical\" href=\"https:\/\/www.webdo.tn\/fr\/actualite\/national\/rached-khiari-libere-de-prison-et-aussitot-arrete\/216083\/\" \/>\n<meta property=\"og:locale\" content=\"fr_FR\" \/>\n<meta property=\"og:type\" content=\"article\" \/>\n<meta property=\"og:title\" content=\"Rached Khiari, lib\u00e9r\u00e9 de prison et aussit\u00f4t arr\u00eat\u00e9 !\" \/>\n<meta property=\"og:description\" content=\"L&#039;ancien d\u00e9put\u00e9 de \u013eAssembl\u00e9e des repr\u00e9sentants du peuple, Rached Khiari a \u00e9t\u00e9 lib\u00e9r\u00e9, dans la soir\u00e9e de jeudi 29 ao\u00fbt, par l&#039;administration de la prison civile...\" \/>\n<meta property=\"og:url\" content=\"https:\/\/www.webdo.tn\/fr\/actualite\/national\/rached-khiari-libere-de-prison-et-aussitot-arrete\/216083\/\" \/>\n<meta property=\"og:site_name\" content=\"webdo\" \/>\n<meta property=\"article:publisher\" content=\"https:\/\/www.facebook.com\/webdotn\" \/>\n<meta property=\"article:published_time\" content=\"2024-08-30T09:14:00+00:00\" \/>\n<meta property=\"article:modified_time\" content=\"2025-05-20T21:49:35+00:00\" \/>\n<meta property=\"og:image\" content=\"https:\/\/www.webdo.tn\/fr\/wp-content\/uploads\/2024\/08\/f2e74437d2ffbf246bcf947d8375e0e1.webp\" \/>\n\t<meta property=\"og:image:width\" content=\"750\" \/>\n\t<meta property=\"og:image:height\" content=\"400\" \/>\n\t<meta property=\"og:image:type\" content=\"image\/webp\" \/>\n<meta name=\"author\" content=\"MC\" \/>\n<meta name=\"twitter:card\" content=\"summary_large_image\" \/>\n<meta name=\"twitter:creator\" content=\"@webdo_tn\" \/>\n<meta name=\"twitter:site\" content=\"@webdo_tn\" \/>\n<meta name=\"twitter:label1\" content=\"\u00c9crit par\" \/>\n\t<meta name=\"twitter:data1\" content=\"MC\" \/>\n\t<meta name=\"twitter:label2\" content=\"Dur\u00e9e de lecture estim\u00e9e\" \/>\n\t<meta name=\"twitter:data2\" content=\"1 minute\" \/>\n<script type=\"application\/ld+json\" class=\"yoast-schema-graph\">{\"@context\":\"https:\\\/\\\/schema.org\",\"@graph\":[{\"@type\":\"NewsArticle\",\"@id\":\"https:\\\/\\\/www.webdo.tn\\\/fr\\\/actualite\\\/national\\\/rached-khiari-libere-de-prison-et-aussitot-arrete\\\/216083\\\/#article\",\"isPartOf\":{\"@id\":\"https:\\\/\\\/www.webdo.tn\\\/fr\\\/actualite\\\/national\\\/rached-khiari-libere-de-prison-et-aussitot-arrete\\\/216083\\\/\"},\"author\":{\"name\":\"MC\",\"@id\":\"https:\\\/\\\/www.webdo.tn\\\/fr\\\/#\\\/schema\\\/person\\\/2c4929cbf5a809e3bd38617c6ce150f6\"},\"headline\":\"Rached Khiari, lib\u00e9r\u00e9 de prison et aussit\u00f4t arr\u00eat\u00e9 !\",\"datePublished\":\"2024-08-30T09:14:00+00:00\",\"dateModified\":\"2025-05-20T21:49:35+00:00\",\"mainEntityOfPage\":{\"@id\":\"https:\\\/\\\/www.webdo.tn\\\/fr\\\/actualite\\\/national\\\/rached-khiari-libere-de-prison-et-aussitot-arrete\\\/216083\\\/\"},\"wordCount\":247,\"commentCount\":0,\"publisher\":{\"@id\":\"https:\\\/\\\/www.webdo.tn\\\/fr\\\/#organization\"},\"image\":{\"@id\":\"https:\\\/\\\/www.webdo.tn\\\/fr\\\/actualite\\\/national\\\/rached-khiari-libere-de-prison-et-aussitot-arrete\\\/216083\\\/#primaryimage\"},\"thumbnailUrl\":\"https:\\\/\\\/www.webdo.tn\\\/fr\\\/wp-content\\\/uploads\\\/2024\\\/08\\\/f2e74437d2ffbf246bcf947d8375e0e1.webp\",\"keywords\":[\"al karama\",\"arrestation\",\"lib\u00e9ration\",\"plainte\",\"Rached Khiari\",\"Tunisie\"],\"articleSection\":[\"National\"],\"inLanguage\":\"fr-FR\"},{\"@type\":\"WebPage\",\"@id\":\"https:\\\/\\\/www.webdo.tn\\\/fr\\\/actualite\\\/national\\\/rached-khiari-libere-de-prison-et-aussitot-arrete\\\/216083\\\/\",\"url\":\"https:\\\/\\\/www.webdo.tn\\\/fr\\\/actualite\\\/national\\\/rached-khiari-libere-de-prison-et-aussitot-arrete\\\/216083\\\/\",\"name\":\"Rached Khiari, lib\u00e9r\u00e9 de prison et aussit\u00f4t arr\u00eat\u00e9 !\",\"isPartOf\":{\"@id\":\"https:\\\/\\\/www.webdo.tn\\\/fr\\\/#website\"},\"primaryImageOfPage\":{\"@id\":\"https:\\\/\\\/www.webdo.tn\\\/fr\\\/actualite\\\/national\\\/rached-khiari-libere-de-prison-et-aussitot-arrete\\\/216083\\\/#primaryimage\"},\"image\":{\"@id\":\"https:\\\/\\\/www.webdo.tn\\\/fr\\\/actualite\\\/national\\\/rached-khiari-libere-de-prison-et-aussitot-arrete\\\/216083\\\/#primaryimage\"},\"thumbnailUrl\":\"https:\\\/\\\/www.webdo.tn\\\/fr\\\/wp-content\\\/uploads\\\/2024\\\/08\\\/f2e74437d2ffbf246bcf947d8375e0e1.webp\",\"datePublished\":\"2024-08-30T09:14:00+00:00\",\"dateModified\":\"2025-05-20T21:49:35+00:00\",\"description\":\"L'ancien d\u00e9put\u00e9 de \u013eAssembl\u00e9e des repr\u00e9sentants du peuple, Rached Khiari a \u00e9t\u00e9 lib\u00e9r\u00e9, dans la soir\u00e9e de jeudi 29 ao\u00fbt, par l'administration de la prison civile...\",\"breadcrumb\":{\"@id\":\"https:\\\/\\\/www.webdo.tn\\\/fr\\\/actualite\\\/national\\\/rached-khiari-libere-de-prison-et-aussitot-arrete\\\/216083\\\/#breadcrumb\"},\"inLanguage\":\"fr-FR\",\"potentialAction\":[{\"@type\":\"ReadAction\",\"target\":[\"https:\\\/\\\/www.webdo.tn\\\/fr\\\/actualite\\\/national\\\/rached-khiari-libere-de-prison-et-aussitot-arrete\\\/216083\\\/\"]}]},{\"@type\":\"ImageObject\",\"inLanguage\":\"fr-FR\",\"@id\":\"https:\\\/\\\/www.webdo.tn\\\/fr\\\/actualite\\\/national\\\/rached-khiari-libere-de-prison-et-aussitot-arrete\\\/216083\\\/#primaryimage\",\"url\":\"https:\\\/\\\/www.webdo.tn\\\/fr\\\/wp-content\\\/uploads\\\/2024\\\/08\\\/f2e74437d2ffbf246bcf947d8375e0e1.webp\",\"contentUrl\":\"https:\\\/\\\/www.webdo.tn\\\/fr\\\/wp-content\\\/uploads\\\/2024\\\/08\\\/f2e74437d2ffbf246bcf947d8375e0e1.webp\",\"width\":750,\"height\":400,\"caption\":\"Rached Khiari, lib\u00e9r\u00e9 de prison et aussit\u00f4t arr\u00eat\u00e9 !\"},{\"@type\":\"BreadcrumbList\",\"@id\":\"https:\\\/\\\/www.webdo.tn\\\/fr\\\/actualite\\\/national\\\/rached-khiari-libere-de-prison-et-aussitot-arrete\\\/216083\\\/#breadcrumb\",\"itemListElement\":[{\"@type\":\"ListItem\",\"position\":1,\"name\":\"Accueil\",\"item\":\"https:\\\/\\\/www.webdo.tn\\\/fr\\\/\"},{\"@type\":\"ListItem\",\"position\":2,\"name\":\"Rached Khiari, lib\u00e9r\u00e9 de prison et aussit\u00f4t arr\u00eat\u00e9 !\"}]},{\"@type\":\"WebSite\",\"@id\":\"https:\\\/\\\/www.webdo.tn\\\/fr\\\/#website\",\"url\":\"https:\\\/\\\/www.webdo.tn\\\/fr\\\/\",\"name\":\"webdo\",\"description\":\"Tunisie - News en Tunisie et \u00e0 l&#039;international sur Webdo.tn\",\"publisher\":{\"@id\":\"https:\\\/\\\/www.webdo.tn\\\/fr\\\/#organization\"},\"potentialAction\":[{\"@type\":\"SearchAction\",\"target\":{\"@type\":\"EntryPoint\",\"urlTemplate\":\"https:\\\/\\\/www.webdo.tn\\\/fr\\\/?s={search_term_string}\"},\"query-input\":{\"@type\":\"PropertyValueSpecification\",\"valueRequired\":true,\"valueName\":\"search_term_string\"}}],\"inLanguage\":\"fr-FR\"},{\"@type\":\"Organization\",\"@id\":\"https:\\\/\\\/www.webdo.tn\\\/fr\\\/#organization\",\"name\":\"Webdo\",\"alternateName\":\"Webdo.tn\",\"url\":\"https:\\\/\\\/www.webdo.tn\\\/fr\\\/\",\"logo\":{\"@type\":\"ImageObject\",\"inLanguage\":\"fr-FR\",\"@id\":\"https:\\\/\\\/www.webdo.tn\\\/fr\\\/#\\\/schema\\\/logo\\\/image\\\/\",\"url\":\"https:\\\/\\\/www.webdo.tn\\\/fr\\\/wp-content\\\/uploads\\\/2025\\\/06\\\/Webdo-Tunisie_168377.jpg\",\"contentUrl\":\"https:\\\/\\\/www.webdo.tn\\\/fr\\\/wp-content\\\/uploads\\\/2025\\\/06\\\/Webdo-Tunisie_168377.jpg\",\"width\":301,\"height\":301,\"caption\":\"Webdo\"},\"image\":{\"@id\":\"https:\\\/\\\/www.webdo.tn\\\/fr\\\/#\\\/schema\\\/logo\\\/image\\\/\"},\"sameAs\":[\"https:\\\/\\\/www.facebook.com\\\/webdotn\",\"https:\\\/\\\/x.com\\\/webdo_tn\"],\"description\":\"Webdo est un m\u00e9dia num\u00e9rique tunisien fond\u00e9 en 2010, sp\u00e9cialis\u00e9 dans l\u2019actualit\u00e9 nationale et internationale, l\u2019\u00e9conomie, la soci\u00e9t\u00e9 et les analyses politiques. Le site s\u2019adresse \u00e0 un large public francophone et couvre l\u2019information tunisienne en temps r\u00e9el.\",\"email\":\"redac@webdo.tn\",\"legalName\":\"YNJ SARL\",\"foundingDate\":\"2010-09-06\",\"numberOfEmployees\":{\"@type\":\"QuantitativeValue\",\"minValue\":\"11\",\"maxValue\":\"50\"}},{\"@type\":\"Person\",\"@id\":\"https:\\\/\\\/www.webdo.tn\\\/fr\\\/#\\\/schema\\\/person\\\/2c4929cbf5a809e3bd38617c6ce150f6\",\"name\":\"MC\",\"image\":{\"@type\":\"ImageObject\",\"inLanguage\":\"fr-FR\",\"@id\":\"https:\\\/\\\/secure.gravatar.com\\\/avatar\\\/a545bbb6f84efdd5553dbbc2895e3ca8f1d12c5215e00a041c9670b54aa9b18a?s=96&d=mm&r=g\",\"url\":\"https:\\\/\\\/secure.gravatar.com\\\/avatar\\\/a545bbb6f84efdd5553dbbc2895e3ca8f1d12c5215e00a041c9670b54aa9b18a?s=96&d=mm&r=g\",\"contentUrl\":\"https:\\\/\\\/secure.gravatar.com\\\/avatar\\\/a545bbb6f84efdd5553dbbc2895e3ca8f1d12c5215e00a041c9670b54aa9b18a?s=96&d=mm&r=g\",\"caption\":\"MC\"},\"url\":\"https:\\\/\\\/www.webdo.tn\\\/fr\\\/actualite\\\/author\\\/mc\\\/\"}]}<\/script>\n<!-- \/ Yoast SEO Premium plugin. -->","yoast_head_json":{"title":"Rached Khiari, lib\u00e9r\u00e9 de prison et aussit\u00f4t arr\u00eat\u00e9 !","description":"L'ancien d\u00e9put\u00e9 de \u013eAssembl\u00e9e des repr\u00e9sentants du peuple, Rached Khiari a \u00e9t\u00e9 lib\u00e9r\u00e9, dans la soir\u00e9e de jeudi 29 ao\u00fbt, par l'administration de la prison civile...","canonical":"https:\/\/www.webdo.tn\/fr\/actualite\/national\/rached-khiari-libere-de-prison-et-aussitot-arrete\/216083\/","og_locale":"fr_FR","og_type":"article","og_title":"Rached Khiari, lib\u00e9r\u00e9 de prison et aussit\u00f4t arr\u00eat\u00e9 !","og_description":"L'ancien d\u00e9put\u00e9 de \u013eAssembl\u00e9e des repr\u00e9sentants du peuple, Rached Khiari a \u00e9t\u00e9 lib\u00e9r\u00e9, dans la soir\u00e9e de jeudi 29 ao\u00fbt, par l'administration de la prison civile...","og_url":"https:\/\/www.webdo.tn\/fr\/actualite\/national\/rached-khiari-libere-de-prison-et-aussitot-arrete\/216083\/","og_site_name":"webdo","article_publisher":"https:\/\/www.facebook.com\/webdotn","article_published_time":"2024-08-30T09:14:00+00:00","article_modified_time":"2025-05-20T21:49:35+00:00","og_image":[{"width":750,"height":400,"url":"https:\/\/www.webdo.tn\/fr\/wp-content\/uploads\/2024\/08\/f2e74437d2ffbf246bcf947d8375e0e1.webp","type":"image\/webp"}],"author":"MC","twitter_card":"summary_large_image","twitter_creator":"@webdo_tn","twitter_site":"@webdo_tn","twitter_misc":{"\u00c9crit par":"MC","Dur\u00e9e de lecture estim\u00e9e":"1 minute"},"schema":{"@context":"https:\/\/schema.org","@graph":[{"@type":"NewsArticle","@id":"https:\/\/www.webdo.tn\/fr\/actualite\/national\/rached-khiari-libere-de-prison-et-aussitot-arrete\/216083\/#article","isPartOf":{"@id":"https:\/\/www.webdo.tn\/fr\/actualite\/national\/rached-khiari-libere-de-prison-et-aussitot-arrete\/216083\/"},"author":{"name":"MC","@id":"https:\/\/www.webdo.tn\/fr\/#\/schema\/person\/2c4929cbf5a809e3bd38617c6ce150f6"},"headline":"Rached Khiari, lib\u00e9r\u00e9 de prison et aussit\u00f4t arr\u00eat\u00e9 !","datePublished":"2024-08-30T09:14:00+00:00","dateModified":"2025-05-20T21:49:35+00:00","mainEntityOfPage":{"@id":"https:\/\/www.webdo.tn\/fr\/actualite\/national\/rached-khiari-libere-de-prison-et-aussitot-arrete\/216083\/"},"wordCount":247,"commentCount":0,"publisher":{"@id":"https:\/\/www.webdo.tn\/fr\/#organization"},"image":{"@id":"https:\/\/www.webdo.tn\/fr\/actualite\/national\/rached-khiari-libere-de-prison-et-aussitot-arrete\/216083\/#primaryimage"},"thumbnailUrl":"https:\/\/www.webdo.tn\/fr\/wp-content\/uploads\/2024\/08\/f2e74437d2ffbf246bcf947d8375e0e1.webp","keywords":["al karama","arrestation","lib\u00e9ration","plainte","Rached Khiari","Tunisie"],"articleSection":["National"],"inLanguage":"fr-FR"},{"@type":"WebPage","@id":"https:\/\/www.webdo.tn\/fr\/actualite\/national\/rached-khiari-libere-de-prison-et-aussitot-arrete\/216083\/","url":"https:\/\/www.webdo.tn\/fr\/actualite\/national\/rached-khiari-libere-de-prison-et-aussitot-arrete\/216083\/","name":"Rached Khiari, lib\u00e9r\u00e9 de prison et aussit\u00f4t arr\u00eat\u00e9 !","isPartOf":{"@id":"https:\/\/www.webdo.tn\/fr\/#website"},"primaryImageOfPage":{"@id":"https:\/\/www.webdo.tn\/fr\/actualite\/national\/rached-khiari-libere-de-prison-et-aussitot-arrete\/216083\/#primaryimage"},"image":{"@id":"https:\/\/www.webdo.tn\/fr\/actualite\/national\/rached-khiari-libere-de-prison-et-aussitot-arrete\/216083\/#primaryimage"},"thumbnailUrl":"https:\/\/www.webdo.tn\/fr\/wp-content\/uploads\/2024\/08\/f2e74437d2ffbf246bcf947d8375e0e1.webp","datePublished":"2024-08-30T09:14:00+00:00","dateModified":"2025-05-20T21:49:35+00:00","description":"L'ancien d\u00e9put\u00e9 de \u013eAssembl\u00e9e des repr\u00e9sentants du peuple, Rached Khiari a \u00e9t\u00e9 lib\u00e9r\u00e9, dans la soir\u00e9e de jeudi 29 ao\u00fbt, par l'administration de la prison civile...","breadcrumb":{"@id":"https:\/\/www.webdo.tn\/fr\/actualite\/national\/rached-khiari-libere-de-prison-et-aussitot-arrete\/216083\/#breadcrumb"},"inLanguage":"fr-FR","potentialAction":[{"@type":"ReadAction","target":["https:\/\/www.webdo.tn\/fr\/actualite\/national\/rached-khiari-libere-de-prison-et-aussitot-arrete\/216083\/"]}]},{"@type":"ImageObject","inLanguage":"fr-FR","@id":"https:\/\/www.webdo.tn\/fr\/actualite\/national\/rached-khiari-libere-de-prison-et-aussitot-arrete\/216083\/#primaryimage","url":"https:\/\/www.webdo.tn\/fr\/wp-content\/uploads\/2024\/08\/f2e74437d2ffbf246bcf947d8375e0e1.webp","contentUrl":"https:\/\/www.webdo.tn\/fr\/wp-content\/uploads\/2024\/08\/f2e74437d2ffbf246bcf947d8375e0e1.webp","width":750,"height":400,"caption":"Rached Khiari, lib\u00e9r\u00e9 de prison et aussit\u00f4t arr\u00eat\u00e9 !"},{"@type":"BreadcrumbList","@id":"https:\/\/www.webdo.tn\/fr\/actualite\/national\/rached-khiari-libere-de-prison-et-aussitot-arrete\/216083\/#breadcrumb","itemListElement":[{"@type":"ListItem","position":1,"name":"Accueil","item":"https:\/\/www.webdo.tn\/fr\/"},{"@type":"ListItem","position":2,"name":"Rached Khiari, lib\u00e9r\u00e9 de prison et aussit\u00f4t arr\u00eat\u00e9 !"}]},{"@type":"WebSite","@id":"https:\/\/www.webdo.tn\/fr\/#website","url":"https:\/\/www.webdo.tn\/fr\/","name":"webdo","description":"Tunisie - News en Tunisie et \u00e0 l&#039;international sur Webdo.tn","publisher":{"@id":"https:\/\/www.webdo.tn\/fr\/#organization"},"potentialAction":[{"@type":"SearchAction","target":{"@type":"EntryPoint","urlTemplate":"https:\/\/www.webdo.tn\/fr\/?s={search_term_string}"},"query-input":{"@type":"PropertyValueSpecification","valueRequired":true,"valueName":"search_term_string"}}],"inLanguage":"fr-FR"},{"@type":"Organization","@id":"https:\/\/www.webdo.tn\/fr\/#organization","name":"Webdo","alternateName":"Webdo.tn","url":"https:\/\/www.webdo.tn\/fr\/","logo":{"@type":"ImageObject","inLanguage":"fr-FR","@id":"https:\/\/www.webdo.tn\/fr\/#\/schema\/logo\/image\/","url":"https:\/\/www.webdo.tn\/fr\/wp-content\/uploads\/2025\/06\/Webdo-Tunisie_168377.jpg","contentUrl":"https:\/\/www.webdo.tn\/fr\/wp-content\/uploads\/2025\/06\/Webdo-Tunisie_168377.jpg","width":301,"height":301,"caption":"Webdo"},"image":{"@id":"https:\/\/www.webdo.tn\/fr\/#\/schema\/logo\/image\/"},"sameAs":["https:\/\/www.facebook.com\/webdotn","https:\/\/x.com\/webdo_tn"],"description":"Webdo est un m\u00e9dia num\u00e9rique tunisien fond\u00e9 en 2010, sp\u00e9cialis\u00e9 dans l\u2019actualit\u00e9 nationale et internationale, l\u2019\u00e9conomie, la soci\u00e9t\u00e9 et les analyses politiques. Le site s\u2019adresse \u00e0 un large public francophone et couvre l\u2019information tunisienne en temps r\u00e9el.","email":"redac@webdo.tn","legalName":"YNJ SARL","foundingDate":"2010-09-06","numberOfEmployees":{"@type":"QuantitativeValue","minValue":"11","maxValue":"50"}},{"@type":"Person","@id":"https:\/\/www.webdo.tn\/fr\/#\/schema\/person\/2c4929cbf5a809e3bd38617c6ce150f6","name":"MC","image":{"@type":"ImageObject","inLanguage":"fr-FR","@id":"https:\/\/secure.gravatar.com\/avatar\/a545bbb6f84efdd5553dbbc2895e3ca8f1d12c5215e00a041c9670b54aa9b18a?s=96&d=mm&r=g","url":"https:\/\/secure.gravatar.com\/avatar\/a545bbb6f84efdd5553dbbc2895e3ca8f1d12c5215e00a041c9670b54aa9b18a?s=96&d=mm&r=g","contentUrl":"https:\/\/secure.gravatar.com\/avatar\/a545bbb6f84efdd5553dbbc2895e3ca8f1d12c5215e00a041c9670b54aa9b18a?s=96&d=mm&r=g","caption":"MC"},"url":"https:\/\/www.webdo.tn\/fr\/actualite\/author\/mc\/"}]}},"_links":{"self":[{"href":"https:\/\/www.webdo.tn\/fr\/wp-json\/wp\/v2\/posts\/216083","targetHints":{"allow":["GET"]}}],"collection":[{"href":"https:\/\/www.webdo.tn\/fr\/wp-json\/wp\/v2\/posts"}],"about":[{"href":"https:\/\/www.webdo.tn\/fr\/wp-json\/wp\/v2\/types\/post"}],"author":[{"embeddable":true,"href":"https:\/\/www.webdo.tn\/fr\/wp-json\/wp\/v2\/users\/3162"}],"replies":[{"embeddable":true,"href":"https:\/\/www.webdo.tn\/fr\/wp-json\/wp\/v2\/comments?post=216083"}],"version-history":[{"count":0,"href":"https:\/\/www.webdo.tn\/fr\/wp-json\/wp\/v2\/posts\/216083\/revisions"}],"wp:featuredmedia":[{"embeddable":true,"href":"https:\/\/www.webdo.tn\/fr\/wp-json\/wp\/v2\/media\/246687"}],"wp:attachment":[{"href":"https:\/\/www.webdo.tn\/fr\/wp-json\/wp\/v2\/media?parent=216083"}],"wp:term":[{"taxonomy":"category","embeddable":true,"href":"https:\/\/www.webdo.tn\/fr\/wp-json\/wp\/v2\/categories?post=216083"},{"taxonomy":"post_tag","embeddable":true,"href":"https:\/\/www.webdo.tn\/fr\/wp-json\/wp\/v2\/tags?post=216083"}],"curies":[{"name":"wp","href":"https:\/\/api.w.org\/{rel}","templated":true}]}}