{"id":216082,"date":"2024-08-30T09:01:00","date_gmt":"2024-08-30T09:01:00","guid":{"rendered":"https:\/\/www.webdo.tn\/fr\/blog\/la-goulette-la-ziara-de-sidi-cherif-aura-lieu-debut-septembre\/216082\/"},"modified":"2025-05-14T09:41:54","modified_gmt":"2025-05-14T09:41:54","slug":"la-goulette-la-ziara-de-sidi-cherif-aura-lieu-debut-septembre","status":"publish","type":"post","link":"https:\/\/www.webdo.tn\/fr\/actualite\/chroniques\/la-goulette-la-ziara-de-sidi-cherif-aura-lieu-debut-septembre\/216082\/","title":{"rendered":"La Goulette : La ziara de Sidi Ch\u00e9rif aura lieu d\u00e9but septembre"},"content":{"rendered":"<p>La traditionnelle ziara de Sidi Ch\u00e9rif aura lieu du 4 au 6 septembre au mausol\u00e9e goulettois. La tr\u00e8s attendue kharja des aissaouias d\u00e9butera les rituels le 4 septembre.<\/p>\n<p>\t\t\t\t\t\t\t\t\tSelon la coutume, c&rsquo;est \u00e0 la Goulette, \u00e0 la zaouia de Sidi Ch\u00e9rif, que s&rsquo;ach\u00e8ve le cycle des kharja (processions) de l&rsquo;\u00e9t\u00e9. Apr\u00e8s l&rsquo;Ariana, Tunis et Sidi Bou Said, c&rsquo;est au tour du mausol\u00e9e goulettois d&rsquo;organiser sa ziara (visite), la derni\u00e8re de l&rsquo;\u00e9t\u00e9.<\/p>\n<p>Cette ann\u00e9e, le calendrier sera comme suit :<\/p>\n<p>\tMercredi 4 septembre : kharja des aissaouias de la Marsa. Le d\u00e9part aura lieu \u00e0 18h, devant le mausol\u00e9e de Sidi Ch\u00e9rif.<br \/>\n\tJeudi 5 septembre : Soir\u00e9e spirituelle de Jamaat Sidi Belhassen Chedli. \u00c0 partir de 19h au mausol\u00e9e.<br \/>\n\tVendredi 6 septembre : Ensemble de la Tijania de Sidi Ahmed Tijani \u00e0 partir d&rsquo;El Asr. Cette s\u00e9ance qui aura lieu au mausol\u00e9e est r\u00e9serv\u00e9e aux femmes.<\/p>\n","protected":false},"excerpt":{"rendered":"<p>Selon la coutume, c&rsquo;est \u00e0 la Goulette, \u00e0 la zaouia de Sidi Ch\u00e9rif, que s&rsquo;ach\u00e8ve le cycle des kharja (processions) de l&rsquo;\u00e9t\u00e9. Apr\u00e8s l&rsquo;Ariana, Tunis et Sidi Bou Sa&#8230;<\/p>\n","protected":false},"author":3229,"featured_media":246684,"comment_status":"open","ping_status":"closed","sticky":false,"template":"","format":"standard","meta":{"footnotes":""},"categories":[2596],"tags":[5832,3958,5833],"class_list":["post-216082","post","type-post","status-publish","format-standard","has-post-thumbnail","hentry","category-chroniques","tag-kharja","tag-la-goulette","tag-sidi-cherif"],"yoast_head":"<!-- This site is optimized with the Yoast SEO Premium plugin v27.4 (Yoast SEO v27.5) - https:\/\/yoast.com\/product\/yoast-seo-premium-wordpress\/ -->\n<title>La Goulette : La ziara de Sidi Ch\u00e9rif aura lieu d\u00e9but septembre<\/title>\n<meta name=\"description\" content=\"Selon la coutume, c&#039;est \u00e0 la Goulette, \u00e0 la zaouia de Sidi Ch\u00e9rif, que s&#039;ach\u00e8ve le cycle des kharja (processions) de l&#039;\u00e9t\u00e9. Apr\u00e8s l&#039;Ariana, Tunis et Sidi Bou Sa...\" \/>\n<link rel=\"canonical\" href=\"https:\/\/www.webdo.tn\/fr\/actualite\/chroniques\/la-goulette-la-ziara-de-sidi-cherif-aura-lieu-debut-septembre\/216082\/\" \/>\n<meta property=\"og:locale\" content=\"fr_FR\" \/>\n<meta property=\"og:type\" content=\"article\" \/>\n<meta property=\"og:title\" content=\"La Goulette : La ziara de Sidi Ch\u00e9rif aura lieu d\u00e9but septembre\" \/>\n<meta property=\"og:description\" content=\"Selon la coutume, c&#039;est \u00e0 la Goulette, \u00e0 la zaouia de Sidi Ch\u00e9rif, que s&#039;ach\u00e8ve le cycle des kharja (processions) de l&#039;\u00e9t\u00e9. Apr\u00e8s l&#039;Ariana, Tunis et Sidi Bou Sa...\" \/>\n<meta property=\"og:url\" content=\"https:\/\/www.webdo.tn\/fr\/actualite\/chroniques\/la-goulette-la-ziara-de-sidi-cherif-aura-lieu-debut-septembre\/216082\/\" \/>\n<meta property=\"og:site_name\" content=\"webdo\" \/>\n<meta property=\"article:publisher\" content=\"https:\/\/www.facebook.com\/webdotn\" \/>\n<meta property=\"article:author\" content=\"https:\/\/www.facebook.com\/hatem.bourial.2025\" \/>\n<meta property=\"article:published_time\" content=\"2024-08-30T09:01:00+00:00\" \/>\n<meta property=\"article:modified_time\" content=\"2025-05-14T09:41:54+00:00\" \/>\n<meta property=\"og:image\" content=\"https:\/\/www.webdo.tn\/fr\/wp-content\/uploads\/2024\/08\/adec218c1891585e3679c7c0d964d0a4.webp\" \/>\n\t<meta property=\"og:image:width\" content=\"750\" \/>\n\t<meta property=\"og:image:height\" content=\"400\" \/>\n\t<meta property=\"og:image:type\" content=\"image\/webp\" \/>\n<meta name=\"author\" content=\"Hatem Bourial\" \/>\n<meta name=\"twitter:card\" content=\"summary_large_image\" \/>\n<meta name=\"twitter:creator\" content=\"@webdo_tn\" \/>\n<meta name=\"twitter:site\" content=\"@webdo_tn\" \/>\n<meta name=\"twitter:label1\" content=\"\u00c9crit par\" \/>\n\t<meta name=\"twitter:data1\" content=\"Hatem Bourial\" \/>\n\t<meta name=\"twitter:label2\" content=\"Dur\u00e9e de lecture estim\u00e9e\" \/>\n\t<meta name=\"twitter:data2\" content=\"1 minute\" \/>\n<script type=\"application\/ld+json\" class=\"yoast-schema-graph\">{\"@context\":\"https:\\\/\\\/schema.org\",\"@graph\":[{\"@type\":\"NewsArticle\",\"@id\":\"https:\\\/\\\/www.webdo.tn\\\/fr\\\/actualite\\\/chroniques\\\/la-goulette-la-ziara-de-sidi-cherif-aura-lieu-debut-septembre\\\/216082\\\/#article\",\"isPartOf\":{\"@id\":\"https:\\\/\\\/www.webdo.tn\\\/fr\\\/actualite\\\/chroniques\\\/la-goulette-la-ziara-de-sidi-cherif-aura-lieu-debut-septembre\\\/216082\\\/\"},\"author\":{\"name\":\"Hatem Bourial\",\"@id\":\"https:\\\/\\\/www.webdo.tn\\\/fr\\\/#\\\/schema\\\/person\\\/6bc0beba2cd23aec27cb5df85ca2554f\"},\"headline\":\"La Goulette : La ziara de Sidi Ch\u00e9rif aura lieu d\u00e9but septembre\",\"datePublished\":\"2024-08-30T09:01:00+00:00\",\"dateModified\":\"2025-05-14T09:41:54+00:00\",\"mainEntityOfPage\":{\"@id\":\"https:\\\/\\\/www.webdo.tn\\\/fr\\\/actualite\\\/chroniques\\\/la-goulette-la-ziara-de-sidi-cherif-aura-lieu-debut-septembre\\\/216082\\\/\"},\"wordCount\":170,\"commentCount\":0,\"publisher\":{\"@id\":\"https:\\\/\\\/www.webdo.tn\\\/fr\\\/#organization\"},\"image\":{\"@id\":\"https:\\\/\\\/www.webdo.tn\\\/fr\\\/actualite\\\/chroniques\\\/la-goulette-la-ziara-de-sidi-cherif-aura-lieu-debut-septembre\\\/216082\\\/#primaryimage\"},\"thumbnailUrl\":\"https:\\\/\\\/www.webdo.tn\\\/fr\\\/wp-content\\\/uploads\\\/2024\\\/08\\\/adec218c1891585e3679c7c0d964d0a4.webp\",\"keywords\":[\"Kharja\",\"la goulette\",\"Sidi Ch\u00e9rif\"],\"articleSection\":[\"Chroniques\"],\"inLanguage\":\"fr-FR\"},{\"@type\":\"WebPage\",\"@id\":\"https:\\\/\\\/www.webdo.tn\\\/fr\\\/actualite\\\/chroniques\\\/la-goulette-la-ziara-de-sidi-cherif-aura-lieu-debut-septembre\\\/216082\\\/\",\"url\":\"https:\\\/\\\/www.webdo.tn\\\/fr\\\/actualite\\\/chroniques\\\/la-goulette-la-ziara-de-sidi-cherif-aura-lieu-debut-septembre\\\/216082\\\/\",\"name\":\"La Goulette : La ziara de Sidi Ch\u00e9rif aura lieu d\u00e9but septembre\",\"isPartOf\":{\"@id\":\"https:\\\/\\\/www.webdo.tn\\\/fr\\\/#website\"},\"primaryImageOfPage\":{\"@id\":\"https:\\\/\\\/www.webdo.tn\\\/fr\\\/actualite\\\/chroniques\\\/la-goulette-la-ziara-de-sidi-cherif-aura-lieu-debut-septembre\\\/216082\\\/#primaryimage\"},\"image\":{\"@id\":\"https:\\\/\\\/www.webdo.tn\\\/fr\\\/actualite\\\/chroniques\\\/la-goulette-la-ziara-de-sidi-cherif-aura-lieu-debut-septembre\\\/216082\\\/#primaryimage\"},\"thumbnailUrl\":\"https:\\\/\\\/www.webdo.tn\\\/fr\\\/wp-content\\\/uploads\\\/2024\\\/08\\\/adec218c1891585e3679c7c0d964d0a4.webp\",\"datePublished\":\"2024-08-30T09:01:00+00:00\",\"dateModified\":\"2025-05-14T09:41:54+00:00\",\"description\":\"Selon la coutume, c'est \u00e0 la Goulette, \u00e0 la zaouia de Sidi Ch\u00e9rif, que s'ach\u00e8ve le cycle des kharja (processions) de l'\u00e9t\u00e9. Apr\u00e8s l'Ariana, Tunis et Sidi Bou Sa...\",\"breadcrumb\":{\"@id\":\"https:\\\/\\\/www.webdo.tn\\\/fr\\\/actualite\\\/chroniques\\\/la-goulette-la-ziara-de-sidi-cherif-aura-lieu-debut-septembre\\\/216082\\\/#breadcrumb\"},\"inLanguage\":\"fr-FR\",\"potentialAction\":[{\"@type\":\"ReadAction\",\"target\":[\"https:\\\/\\\/www.webdo.tn\\\/fr\\\/actualite\\\/chroniques\\\/la-goulette-la-ziara-de-sidi-cherif-aura-lieu-debut-septembre\\\/216082\\\/\"]}]},{\"@type\":\"ImageObject\",\"inLanguage\":\"fr-FR\",\"@id\":\"https:\\\/\\\/www.webdo.tn\\\/fr\\\/actualite\\\/chroniques\\\/la-goulette-la-ziara-de-sidi-cherif-aura-lieu-debut-septembre\\\/216082\\\/#primaryimage\",\"url\":\"https:\\\/\\\/www.webdo.tn\\\/fr\\\/wp-content\\\/uploads\\\/2024\\\/08\\\/adec218c1891585e3679c7c0d964d0a4.webp\",\"contentUrl\":\"https:\\\/\\\/www.webdo.tn\\\/fr\\\/wp-content\\\/uploads\\\/2024\\\/08\\\/adec218c1891585e3679c7c0d964d0a4.webp\",\"width\":750,\"height\":400,\"caption\":\"La Goulette : La ziara de Sidi Ch\u00e9rif aura lieu d\u00e9but septembre\"},{\"@type\":\"BreadcrumbList\",\"@id\":\"https:\\\/\\\/www.webdo.tn\\\/fr\\\/actualite\\\/chroniques\\\/la-goulette-la-ziara-de-sidi-cherif-aura-lieu-debut-septembre\\\/216082\\\/#breadcrumb\",\"itemListElement\":[{\"@type\":\"ListItem\",\"position\":1,\"name\":\"Accueil\",\"item\":\"https:\\\/\\\/www.webdo.tn\\\/fr\\\/\"},{\"@type\":\"ListItem\",\"position\":2,\"name\":\"La Goulette : La ziara de Sidi Ch\u00e9rif aura lieu d\u00e9but septembre\"}]},{\"@type\":\"WebSite\",\"@id\":\"https:\\\/\\\/www.webdo.tn\\\/fr\\\/#website\",\"url\":\"https:\\\/\\\/www.webdo.tn\\\/fr\\\/\",\"name\":\"webdo\",\"description\":\"Tunisie - News en Tunisie et \u00e0 l&#039;international sur Webdo.tn\",\"publisher\":{\"@id\":\"https:\\\/\\\/www.webdo.tn\\\/fr\\\/#organization\"},\"potentialAction\":[{\"@type\":\"SearchAction\",\"target\":{\"@type\":\"EntryPoint\",\"urlTemplate\":\"https:\\\/\\\/www.webdo.tn\\\/fr\\\/?s={search_term_string}\"},\"query-input\":{\"@type\":\"PropertyValueSpecification\",\"valueRequired\":true,\"valueName\":\"search_term_string\"}}],\"inLanguage\":\"fr-FR\"},{\"@type\":\"Organization\",\"@id\":\"https:\\\/\\\/www.webdo.tn\\\/fr\\\/#organization\",\"name\":\"Webdo\",\"alternateName\":\"Webdo.tn\",\"url\":\"https:\\\/\\\/www.webdo.tn\\\/fr\\\/\",\"logo\":{\"@type\":\"ImageObject\",\"inLanguage\":\"fr-FR\",\"@id\":\"https:\\\/\\\/www.webdo.tn\\\/fr\\\/#\\\/schema\\\/logo\\\/image\\\/\",\"url\":\"https:\\\/\\\/www.webdo.tn\\\/fr\\\/wp-content\\\/uploads\\\/2025\\\/06\\\/Webdo-Tunisie_168377.jpg\",\"contentUrl\":\"https:\\\/\\\/www.webdo.tn\\\/fr\\\/wp-content\\\/uploads\\\/2025\\\/06\\\/Webdo-Tunisie_168377.jpg\",\"width\":301,\"height\":301,\"caption\":\"Webdo\"},\"image\":{\"@id\":\"https:\\\/\\\/www.webdo.tn\\\/fr\\\/#\\\/schema\\\/logo\\\/image\\\/\"},\"sameAs\":[\"https:\\\/\\\/www.facebook.com\\\/webdotn\",\"https:\\\/\\\/x.com\\\/webdo_tn\"],\"description\":\"Webdo est un m\u00e9dia num\u00e9rique tunisien fond\u00e9 en 2010, sp\u00e9cialis\u00e9 dans l\u2019actualit\u00e9 nationale et internationale, l\u2019\u00e9conomie, la soci\u00e9t\u00e9 et les analyses politiques. Le site s\u2019adresse \u00e0 un large public francophone et couvre l\u2019information tunisienne en temps r\u00e9el.\",\"email\":\"redac@webdo.tn\",\"legalName\":\"YNJ SARL\",\"foundingDate\":\"2010-09-06\",\"numberOfEmployees\":{\"@type\":\"QuantitativeValue\",\"minValue\":\"11\",\"maxValue\":\"50\"}},{\"@type\":\"Person\",\"@id\":\"https:\\\/\\\/www.webdo.tn\\\/fr\\\/#\\\/schema\\\/person\\\/6bc0beba2cd23aec27cb5df85ca2554f\",\"name\":\"Hatem Bourial\",\"image\":{\"@type\":\"ImageObject\",\"inLanguage\":\"fr-FR\",\"@id\":\"https:\\\/\\\/www.webdo.tn\\\/fr\\\/wp-content\\\/uploads\\\/2026\\\/04\\\/hatem-bourial_avatar-96x96.jpg\",\"url\":\"https:\\\/\\\/www.webdo.tn\\\/fr\\\/wp-content\\\/uploads\\\/2026\\\/04\\\/hatem-bourial_avatar-96x96.jpg\",\"contentUrl\":\"https:\\\/\\\/www.webdo.tn\\\/fr\\\/wp-content\\\/uploads\\\/2026\\\/04\\\/hatem-bourial_avatar-96x96.jpg\",\"caption\":\"Hatem Bourial\"},\"description\":\"Hatem Bourial est journaliste, \u00e9crivain et chroniqueur tunisien. Actif depuis plusieurs d\u00e9cennies, il s\u2019est impos\u00e9 comme un observateur attentif de la soci\u00e9t\u00e9 tunisienne, m\u00ealant dans ses \u00e9crits m\u00e9moire, culture et analyse du quotidien. Auteur de nombreux ouvrages, il d\u00e9veloppe une \u0153uvre \u00e0 la crois\u00e9e du r\u00e9cit, de la po\u00e9sie et de l\u2019observation sociologique. Parall\u00e8lement \u00e0 ses contributions dans la presse, il intervient r\u00e9guli\u00e8rement \u00e0 la radio et dans des espaces culturels, o\u00f9 il explore les enjeux li\u00e9s au patrimoine, \u00e0 l\u2019identit\u00e9 et aux transformations du monde contemporain. \u00c0 travers ses chroniques, Hatem Bourial propose une lecture sensible et approfondie de l\u2019actualit\u00e9, nourrie par une exp\u00e9rience journalistique et litt\u00e9raire reconnue. \ud83d\udd17 Facebook : https:\\\/\\\/www.facebook.com\\\/hatem.bourial.2025\",\"sameAs\":[\"https:\\\/\\\/www.facebook.com\\\/hatem.bourial.2025\",\"https:\\\/\\\/fr.wikipedia.org\\\/wiki\\\/Fichier:Hatem_Bourial.jpg\"],\"knowsAbout\":[\"Culture & patrimoine tunisien\",\"Chronique soci\u00e9tale\",\"Litt\u00e9rature & m\u00e9moire\",\"Cin\u00e9ma & critique culturelle\",\"Identit\u00e9 & mutations sociales\"],\"knowsLanguage\":[\"Arabe\",\"Fran\u00e7ais\",\"Anglais\",\"Italien\",\"Polonais\"],\"jobTitle\":\"Journaliste, \u00e9crivain et chroniqueur culturel\",\"worksFor\":\"Webdo\",\"url\":\"https:\\\/\\\/www.webdo.tn\\\/fr\\\/actualite\\\/author\\\/hatem-bourial-2\\\/\"}]}<\/script>\n<!-- \/ Yoast SEO Premium plugin. -->","yoast_head_json":{"title":"La Goulette : La ziara de Sidi Ch\u00e9rif aura lieu d\u00e9but septembre","description":"Selon la coutume, c'est \u00e0 la Goulette, \u00e0 la zaouia de Sidi Ch\u00e9rif, que s'ach\u00e8ve le cycle des kharja (processions) de l'\u00e9t\u00e9. Apr\u00e8s l'Ariana, Tunis et Sidi Bou Sa...","canonical":"https:\/\/www.webdo.tn\/fr\/actualite\/chroniques\/la-goulette-la-ziara-de-sidi-cherif-aura-lieu-debut-septembre\/216082\/","og_locale":"fr_FR","og_type":"article","og_title":"La Goulette : La ziara de Sidi Ch\u00e9rif aura lieu d\u00e9but septembre","og_description":"Selon la coutume, c'est \u00e0 la Goulette, \u00e0 la zaouia de Sidi Ch\u00e9rif, que s'ach\u00e8ve le cycle des kharja (processions) de l'\u00e9t\u00e9. Apr\u00e8s l'Ariana, Tunis et Sidi Bou Sa...","og_url":"https:\/\/www.webdo.tn\/fr\/actualite\/chroniques\/la-goulette-la-ziara-de-sidi-cherif-aura-lieu-debut-septembre\/216082\/","og_site_name":"webdo","article_publisher":"https:\/\/www.facebook.com\/webdotn","article_author":"https:\/\/www.facebook.com\/hatem.bourial.2025","article_published_time":"2024-08-30T09:01:00+00:00","article_modified_time":"2025-05-14T09:41:54+00:00","og_image":[{"width":750,"height":400,"url":"https:\/\/www.webdo.tn\/fr\/wp-content\/uploads\/2024\/08\/adec218c1891585e3679c7c0d964d0a4.webp","type":"image\/webp"}],"author":"Hatem Bourial","twitter_card":"summary_large_image","twitter_creator":"@webdo_tn","twitter_site":"@webdo_tn","twitter_misc":{"\u00c9crit par":"Hatem Bourial","Dur\u00e9e de lecture estim\u00e9e":"1 minute"},"schema":{"@context":"https:\/\/schema.org","@graph":[{"@type":"NewsArticle","@id":"https:\/\/www.webdo.tn\/fr\/actualite\/chroniques\/la-goulette-la-ziara-de-sidi-cherif-aura-lieu-debut-septembre\/216082\/#article","isPartOf":{"@id":"https:\/\/www.webdo.tn\/fr\/actualite\/chroniques\/la-goulette-la-ziara-de-sidi-cherif-aura-lieu-debut-septembre\/216082\/"},"author":{"name":"Hatem Bourial","@id":"https:\/\/www.webdo.tn\/fr\/#\/schema\/person\/6bc0beba2cd23aec27cb5df85ca2554f"},"headline":"La Goulette : La ziara de Sidi Ch\u00e9rif aura lieu d\u00e9but septembre","datePublished":"2024-08-30T09:01:00+00:00","dateModified":"2025-05-14T09:41:54+00:00","mainEntityOfPage":{"@id":"https:\/\/www.webdo.tn\/fr\/actualite\/chroniques\/la-goulette-la-ziara-de-sidi-cherif-aura-lieu-debut-septembre\/216082\/"},"wordCount":170,"commentCount":0,"publisher":{"@id":"https:\/\/www.webdo.tn\/fr\/#organization"},"image":{"@id":"https:\/\/www.webdo.tn\/fr\/actualite\/chroniques\/la-goulette-la-ziara-de-sidi-cherif-aura-lieu-debut-septembre\/216082\/#primaryimage"},"thumbnailUrl":"https:\/\/www.webdo.tn\/fr\/wp-content\/uploads\/2024\/08\/adec218c1891585e3679c7c0d964d0a4.webp","keywords":["Kharja","la goulette","Sidi Ch\u00e9rif"],"articleSection":["Chroniques"],"inLanguage":"fr-FR"},{"@type":"WebPage","@id":"https:\/\/www.webdo.tn\/fr\/actualite\/chroniques\/la-goulette-la-ziara-de-sidi-cherif-aura-lieu-debut-septembre\/216082\/","url":"https:\/\/www.webdo.tn\/fr\/actualite\/chroniques\/la-goulette-la-ziara-de-sidi-cherif-aura-lieu-debut-septembre\/216082\/","name":"La Goulette : La ziara de Sidi Ch\u00e9rif aura lieu d\u00e9but septembre","isPartOf":{"@id":"https:\/\/www.webdo.tn\/fr\/#website"},"primaryImageOfPage":{"@id":"https:\/\/www.webdo.tn\/fr\/actualite\/chroniques\/la-goulette-la-ziara-de-sidi-cherif-aura-lieu-debut-septembre\/216082\/#primaryimage"},"image":{"@id":"https:\/\/www.webdo.tn\/fr\/actualite\/chroniques\/la-goulette-la-ziara-de-sidi-cherif-aura-lieu-debut-septembre\/216082\/#primaryimage"},"thumbnailUrl":"https:\/\/www.webdo.tn\/fr\/wp-content\/uploads\/2024\/08\/adec218c1891585e3679c7c0d964d0a4.webp","datePublished":"2024-08-30T09:01:00+00:00","dateModified":"2025-05-14T09:41:54+00:00","description":"Selon la coutume, c'est \u00e0 la Goulette, \u00e0 la zaouia de Sidi Ch\u00e9rif, que s'ach\u00e8ve le cycle des kharja (processions) de l'\u00e9t\u00e9. Apr\u00e8s l'Ariana, Tunis et Sidi Bou Sa...","breadcrumb":{"@id":"https:\/\/www.webdo.tn\/fr\/actualite\/chroniques\/la-goulette-la-ziara-de-sidi-cherif-aura-lieu-debut-septembre\/216082\/#breadcrumb"},"inLanguage":"fr-FR","potentialAction":[{"@type":"ReadAction","target":["https:\/\/www.webdo.tn\/fr\/actualite\/chroniques\/la-goulette-la-ziara-de-sidi-cherif-aura-lieu-debut-septembre\/216082\/"]}]},{"@type":"ImageObject","inLanguage":"fr-FR","@id":"https:\/\/www.webdo.tn\/fr\/actualite\/chroniques\/la-goulette-la-ziara-de-sidi-cherif-aura-lieu-debut-septembre\/216082\/#primaryimage","url":"https:\/\/www.webdo.tn\/fr\/wp-content\/uploads\/2024\/08\/adec218c1891585e3679c7c0d964d0a4.webp","contentUrl":"https:\/\/www.webdo.tn\/fr\/wp-content\/uploads\/2024\/08\/adec218c1891585e3679c7c0d964d0a4.webp","width":750,"height":400,"caption":"La Goulette : La ziara de Sidi Ch\u00e9rif aura lieu d\u00e9but septembre"},{"@type":"BreadcrumbList","@id":"https:\/\/www.webdo.tn\/fr\/actualite\/chroniques\/la-goulette-la-ziara-de-sidi-cherif-aura-lieu-debut-septembre\/216082\/#breadcrumb","itemListElement":[{"@type":"ListItem","position":1,"name":"Accueil","item":"https:\/\/www.webdo.tn\/fr\/"},{"@type":"ListItem","position":2,"name":"La Goulette : La ziara de Sidi Ch\u00e9rif aura lieu d\u00e9but septembre"}]},{"@type":"WebSite","@id":"https:\/\/www.webdo.tn\/fr\/#website","url":"https:\/\/www.webdo.tn\/fr\/","name":"webdo","description":"Tunisie - News en Tunisie et \u00e0 l&#039;international sur Webdo.tn","publisher":{"@id":"https:\/\/www.webdo.tn\/fr\/#organization"},"potentialAction":[{"@type":"SearchAction","target":{"@type":"EntryPoint","urlTemplate":"https:\/\/www.webdo.tn\/fr\/?s={search_term_string}"},"query-input":{"@type":"PropertyValueSpecification","valueRequired":true,"valueName":"search_term_string"}}],"inLanguage":"fr-FR"},{"@type":"Organization","@id":"https:\/\/www.webdo.tn\/fr\/#organization","name":"Webdo","alternateName":"Webdo.tn","url":"https:\/\/www.webdo.tn\/fr\/","logo":{"@type":"ImageObject","inLanguage":"fr-FR","@id":"https:\/\/www.webdo.tn\/fr\/#\/schema\/logo\/image\/","url":"https:\/\/www.webdo.tn\/fr\/wp-content\/uploads\/2025\/06\/Webdo-Tunisie_168377.jpg","contentUrl":"https:\/\/www.webdo.tn\/fr\/wp-content\/uploads\/2025\/06\/Webdo-Tunisie_168377.jpg","width":301,"height":301,"caption":"Webdo"},"image":{"@id":"https:\/\/www.webdo.tn\/fr\/#\/schema\/logo\/image\/"},"sameAs":["https:\/\/www.facebook.com\/webdotn","https:\/\/x.com\/webdo_tn"],"description":"Webdo est un m\u00e9dia num\u00e9rique tunisien fond\u00e9 en 2010, sp\u00e9cialis\u00e9 dans l\u2019actualit\u00e9 nationale et internationale, l\u2019\u00e9conomie, la soci\u00e9t\u00e9 et les analyses politiques. Le site s\u2019adresse \u00e0 un large public francophone et couvre l\u2019information tunisienne en temps r\u00e9el.","email":"redac@webdo.tn","legalName":"YNJ SARL","foundingDate":"2010-09-06","numberOfEmployees":{"@type":"QuantitativeValue","minValue":"11","maxValue":"50"}},{"@type":"Person","@id":"https:\/\/www.webdo.tn\/fr\/#\/schema\/person\/6bc0beba2cd23aec27cb5df85ca2554f","name":"Hatem Bourial","image":{"@type":"ImageObject","inLanguage":"fr-FR","@id":"https:\/\/www.webdo.tn\/fr\/wp-content\/uploads\/2026\/04\/hatem-bourial_avatar-96x96.jpg","url":"https:\/\/www.webdo.tn\/fr\/wp-content\/uploads\/2026\/04\/hatem-bourial_avatar-96x96.jpg","contentUrl":"https:\/\/www.webdo.tn\/fr\/wp-content\/uploads\/2026\/04\/hatem-bourial_avatar-96x96.jpg","caption":"Hatem Bourial"},"description":"Hatem Bourial est journaliste, \u00e9crivain et chroniqueur tunisien. Actif depuis plusieurs d\u00e9cennies, il s\u2019est impos\u00e9 comme un observateur attentif de la soci\u00e9t\u00e9 tunisienne, m\u00ealant dans ses \u00e9crits m\u00e9moire, culture et analyse du quotidien. Auteur de nombreux ouvrages, il d\u00e9veloppe une \u0153uvre \u00e0 la crois\u00e9e du r\u00e9cit, de la po\u00e9sie et de l\u2019observation sociologique. Parall\u00e8lement \u00e0 ses contributions dans la presse, il intervient r\u00e9guli\u00e8rement \u00e0 la radio et dans des espaces culturels, o\u00f9 il explore les enjeux li\u00e9s au patrimoine, \u00e0 l\u2019identit\u00e9 et aux transformations du monde contemporain. \u00c0 travers ses chroniques, Hatem Bourial propose une lecture sensible et approfondie de l\u2019actualit\u00e9, nourrie par une exp\u00e9rience journalistique et litt\u00e9raire reconnue. \ud83d\udd17 Facebook : https:\/\/www.facebook.com\/hatem.bourial.2025","sameAs":["https:\/\/www.facebook.com\/hatem.bourial.2025","https:\/\/fr.wikipedia.org\/wiki\/Fichier:Hatem_Bourial.jpg"],"knowsAbout":["Culture & patrimoine tunisien","Chronique soci\u00e9tale","Litt\u00e9rature & m\u00e9moire","Cin\u00e9ma & critique culturelle","Identit\u00e9 & mutations sociales"],"knowsLanguage":["Arabe","Fran\u00e7ais","Anglais","Italien","Polonais"],"jobTitle":"Journaliste, \u00e9crivain et chroniqueur culturel","worksFor":"Webdo","url":"https:\/\/www.webdo.tn\/fr\/actualite\/author\/hatem-bourial-2\/"}]}},"_links":{"self":[{"href":"https:\/\/www.webdo.tn\/fr\/wp-json\/wp\/v2\/posts\/216082","targetHints":{"allow":["GET"]}}],"collection":[{"href":"https:\/\/www.webdo.tn\/fr\/wp-json\/wp\/v2\/posts"}],"about":[{"href":"https:\/\/www.webdo.tn\/fr\/wp-json\/wp\/v2\/types\/post"}],"author":[{"embeddable":true,"href":"https:\/\/www.webdo.tn\/fr\/wp-json\/wp\/v2\/users\/3229"}],"replies":[{"embeddable":true,"href":"https:\/\/www.webdo.tn\/fr\/wp-json\/wp\/v2\/comments?post=216082"}],"version-history":[{"count":0,"href":"https:\/\/www.webdo.tn\/fr\/wp-json\/wp\/v2\/posts\/216082\/revisions"}],"wp:featuredmedia":[{"embeddable":true,"href":"https:\/\/www.webdo.tn\/fr\/wp-json\/wp\/v2\/media\/246684"}],"wp:attachment":[{"href":"https:\/\/www.webdo.tn\/fr\/wp-json\/wp\/v2\/media?parent=216082"}],"wp:term":[{"taxonomy":"category","embeddable":true,"href":"https:\/\/www.webdo.tn\/fr\/wp-json\/wp\/v2\/categories?post=216082"},{"taxonomy":"post_tag","embeddable":true,"href":"https:\/\/www.webdo.tn\/fr\/wp-json\/wp\/v2\/tags?post=216082"}],"curies":[{"name":"wp","href":"https:\/\/api.w.org\/{rel}","templated":true}]}}