{"id":216071,"date":"2024-08-29T12:33:00","date_gmt":"2024-08-29T12:33:00","guid":{"rendered":"https:\/\/www.webdo.tn\/fr\/blog\/nikki-glaser-maitresse-de-ceremonie-des-82emes-golden-globes-une-soiree-sous-le-signe-de-l-audace\/216071\/"},"modified":"2025-05-21T08:55:34","modified_gmt":"2025-05-21T08:55:34","slug":"nikki-glaser-maitresse-de-ceremonie-des-82emes-golden-globes-une-soiree-sous-le-signe-de-l-audace","status":"publish","type":"post","link":"https:\/\/www.webdo.tn\/fr\/actualite\/culture\/nikki-glaser-maitresse-de-ceremonie-des-82emes-golden-globes-une-soiree-sous-le-signe-de-l-audace\/216071\/","title":{"rendered":"Nikki Glaser, Ma\u00eetresse de C\u00e9r\u00e9monie des 82\u00e8mes Golden Globes : Une soir\u00e9e sous le signe de l&rsquo;audace"},"content":{"rendered":"<div class=\"single-body entry-content typography-copy\" itemprop=\"articleBody\">\n<p style=\"font-weight: bold; text-align: justify\">\n\t\t\t\t\t\t\t\t\tCBS et les Golden Globes ont annonc\u00e9 que Nikki Glaser, l\u2019humoriste et actrice de renom nomm\u00e9e aux Emmy Awards, sera la ma\u00eetresse de c\u00e9r\u00e9monie des 82\u00e8mes Golden Globes. Cet \u00e9v\u00e9nement prestigieux, consid\u00e9r\u00e9 comme le premier grand rendez-vous de la saison des r\u00e9compenses, sera diffus\u00e9 en direct le dimanche 5 janvier 2025 sur CBS et en streaming sur Paramount+ aux \u00c9tats-Unis.\n\t\t\t\t\t\t\t\t<\/p>\n<div class=\"coprs\" style=\"text-align: center\"><\/div>\n<div class=\"coprs\" style=\"text-align: justify\">\n<p><span><span>Nikki Glaser, connue pour son humour acerbe et sans filtre, s&rsquo;est impos\u00e9e comme l&rsquo;une des voix les plus marquantes de la com\u00e9die contemporaine. Sa capacit\u00e9 \u00e0 aborder des sujets d\u00e9licats avec une l\u00e9g\u00e8ret\u00e9 d\u00e9concertante fait d\u2019elle un choix audacieux mais prometteur pour animer cette soir\u00e9e embl\u00e9matique. \u00ab <em>Je suis absolument ravie d&rsquo;animer les Golden Globes. C&rsquo;est l&rsquo;une de mes soir\u00e9es t\u00e9l\u00e9vis\u00e9es pr\u00e9f\u00e9r\u00e9es, et maintenant, j&rsquo;ai une place au premier rang (en fait, je pense que je dois animer depuis la sc\u00e8ne) <\/em>\u00bb, a-t-elle d\u00e9clar\u00e9 avec son humour caract\u00e9ristique. \u00ab <em>Les Golden Globes ne sont pas seulement une grande soir\u00e9e pour la t\u00e9l\u00e9vision et le cin\u00e9ma, mais aussi pour la com\u00e9die. C\u2019est l\u2019une des rares fois o\u00f9 le show business non seulement permet, mais encourage, d\u2019\u00eatre moqu\u00e9 avec amour (du moins je l\u2019esp\u00e8re). C\u2019est un \u00e9v\u00e8nement \u00e0 la fois passionnant, stimulant et impr\u00e9visible, car il se d\u00e9roule en direct devant les plus grandes stars d\u2019Hollywood (qui pourraient aussi se saouler lorsqu\u2019elles sont assises \u00e0 c\u00f4t\u00e9 de leurs r\u00e9cents ex)<\/em> \u00bb.<\/span><\/span><\/p>\n<p><span><span>Poursuivant sur sa lanc\u00e9e, Nikki Glaser a ajout\u00e9 : \u00ab <em>Certaines de mes blagues pr\u00e9f\u00e9r\u00e9es de tous les temps sont issues des monologues d&rsquo;ouverture des Golden Globes, lorsque Tina, Amy ou Ricky ont dit exactement ce que nous avions tous besoin d&rsquo;entendre sans le savoir. J&rsquo;esp\u00e8re juste m&rsquo;inscrire dans cette tradition s\u00e9culaire (cela pourrait aussi me faire annuler). C&rsquo;est vraiment un travail de r\u00eave. De plus, je n\u2019ai plus \u00e0 me sentir coupable pour chaque \u00e9mission de t\u00e9l\u00e9vision et chaque film que j\u2019ai regard\u00e9s au cours de l\u2019ann\u00e9e \u00e9coul\u00e9e. Tout cela en valait la peine. (Below Deck: Sailing Yacht, saison quatre, sera nomm\u00e9e, n&rsquo;est-ce pas ?<\/em>) \u00bb.<\/span><\/span><\/p>\n<p><span><span>Jay Penske, Pr\u00e9sident et PDG de Dick Clark Productions et Penske Media, a soulign\u00e9 que \u00ab <em>Nikki Glaser apporte une fra\u00eecheur et une franchise in\u00e9gal\u00e9es \u00e0 son humour et aux Golden Globes. Son style sans compromis a fait d&rsquo;elle un choix \u00e9vident et captivant pour animer cet \u00e9v\u00e9nement<\/em>. \u00bb George Cheeks, Pr\u00e9sident et Directeur G\u00e9n\u00e9ral de CBS, a ajout\u00e9 : \u00ab <em>Les Golden Globes ont une riche histoire d&rsquo;humour provocateur et divertissant. Nikki Glaser, avec son audace et son humour irr\u00e9v\u00e9rencieux, perp\u00e9tuera cette tradition et renforcera encore plus ce sp\u00e9cial comme un rendez-vous incontournable sur CBS.<\/em> \u00bb<\/span><\/span><\/p>\n<p><span><span>L&rsquo;annonce de Nikki Glaser \u00e0 la t\u00eate des Golden Globes intervient apr\u00e8s une p\u00e9riode de turbulences pour l\u2019\u00e9v\u00e9nement. En effet, ces derni\u00e8res ann\u00e9es, la c\u00e9r\u00e9monie a \u00e9t\u00e9 entach\u00e9e de controverses concernant la diversit\u00e9 de ses votants et des accusations de corruption au sein de l&rsquo;organisation. En 2022, la c\u00e9r\u00e9monie avait m\u00eame \u00e9t\u00e9 priv\u00e9e de diffusion t\u00e9l\u00e9vis\u00e9e apr\u00e8s que la NBC ait d\u00e9cid\u00e9 de se retirer, suite \u00e0 des critiques acerbes et \u00e0 un appel au boycott lanc\u00e9 par plusieurs acteurs de l&rsquo;industrie. En r\u00e9ponse, les organisateurs ont \u00e9largi leur base de votants en incluant des voix internationales pour rendre le processus de s\u00e9lection plus repr\u00e9sentatif des talents du monde entier.<\/span><\/span><\/p>\n<p><span><span>La nomination de Nikki Glaser s\u2019inscrit ainsi dans une volont\u00e9 affirm\u00e9e de redynamiser l\u2019image des Golden Globes, souvent critiqu\u00e9s pour leur manque de diversit\u00e9 et de transparence. Dans cette optique, les Golden Globes ont pris des mesures significatives en incluant des membres internationaux aux c\u00f4t\u00e9s des votants am\u00e9ricains. <a href=\"Nei%CC%88la%20Driss,%20premie%CC%80re%20critique%20tunisienne%20se%CC%81lectionne%CC%81e%20comme%20%22alternate%20voter%22%20pour%20les%20Golden%20Globes%20Awards\">C\u2019est dans ce cadre que j&rsquo;ai eu l&rsquo;honneur d&rsquo;\u00eatre la premi\u00e8re critique tunisienne s\u00e9lectionn\u00e9e comme votante pour les Golden Globes Awards de l&rsquo;ann\u00e9e 2025.<\/a><\/span><\/span><\/p>\n<p><span><span>Le choix de Nikki Glaser comme pr\u00e9sentatrice s\u2019inscrit \u00e9galement dans la continuit\u00e9 de son ascension fulgurante dans le monde de la com\u00e9die. En ao\u00fbt de cette ann\u00e9e, le Los Angeles Times la qualifiait de \u00ab <em>nom le plus en vogue de la com\u00e9die<\/em> \u00bb. Son sp\u00e9cial HBO <em>Good Clean Filth<\/em> en 2022 avait \u00e9t\u00e9 acclam\u00e9 par la critique, et elle a r\u00e9cemment \u00e9t\u00e9 nomm\u00e9e aux Emmy Awards pour <em>Nikki Glaser: Someday You&rsquo;ll Die<\/em>, qui a enregistr\u00e9 les meilleures audiences de premi\u00e8re soir\u00e9e pour un sp\u00e9cial comique sur HBO depuis plus de deux ans.<\/span><\/span><\/p>\n<p><span><span>Au-del\u00e0 de la com\u00e9die stand-up, Nikki Glaser a \u00e9galement conquis le monde du podcast avec <em>The Nikki Glaser Podcast<\/em> et continue d&rsquo;explorer la t\u00e9l\u00e9vision en produisant et animant des s\u00e9ries comme <em>Lovers and Liars<\/em>, un spin-off de <em>FBoy Island<\/em>. Son influence grandissante et sa popularit\u00e9 en constante augmentation en font un atout majeur pour toute plateforme cherchant \u00e0 s\u00e9duire un public jeune, avide de contenus rafra\u00eechissants et non conventionnels.<\/span><\/span><\/p>\n<p><span><span>Les Golden Globes, souvent surnomm\u00e9s \u00ab la f\u00eate de l\u2019ann\u00e9e \u00e0 Hollywood \u00bb, ne sont pas seulement un barom\u00e8tre pour les Oscars, mais aussi un reflet de l&rsquo;industrie du divertissement dans son ensemble. Apr\u00e8s une 81\u00e8me \u00e9dition marqu\u00e9e par une audience en hausse de 50% par rapport \u00e0 l&rsquo;ann\u00e9e pr\u00e9c\u00e9dente, tous les regards sont tourn\u00e9s vers la c\u00e9r\u00e9monie de 2025, qui devra confirmer cette dynamique. L&rsquo;humour incisif de Nikki Glaser pourrait bien \u00eatre l&rsquo;\u00e9l\u00e9ment catalyseur pour redonner aux Golden Globes leur statut d&rsquo;\u00e9v\u00e9nement incontournable du calendrier des r\u00e9compenses.<\/span><\/span><\/p>\n<p><span><span>Avec Nikki Glaser \u00e0 la barre, les Golden Globes 2025 s&rsquo;annoncent m\u00e9morables, promettant des moments d&rsquo;humour audacieux et sans concession. Son humour provocateur et son style sans filtre semblent \u00eatre le choix id\u00e9al pour red\u00e9finir l\u2019image de la c\u00e9r\u00e9monie, attirant un public plus jeune et en phase avec les nouvelles tendances de la com\u00e9die et du divertissement. Il ne fait aucun doute que cette soir\u00e9e, scrut\u00e9e de pr\u00e8s par les critiques et les t\u00e9l\u00e9spectateurs, pourrait marquer un tournant d\u00e9cisif pour cette institution hollywoodienne. Rendez-vous le 5 janvier 2025 pour une soir\u00e9e qui s\u2019annonce d\u00e9j\u00e0 inoubliable.<\/span><\/span><\/p>\n<p><span><span><strong>Ne\u00efla Driss<\/strong><\/span><\/span><\/p>\n<\/p><\/div>\n<div class=\"coprs\" style=\"text-align: center\"><\/div><\/div>\n","protected":false},"excerpt":{"rendered":"<p>CBS et les Golden Globes ont annonc\u00e9 que Nikki Glaser, l\u2019humoriste et actrice de renom nomm\u00e9e aux Emmy Awards, sera la ma\u00eetresse de c\u00e9r\u00e9monie des 82\u00e8mes Golden&#8230;<\/p>\n","protected":false},"author":3164,"featured_media":246679,"comment_status":"open","ping_status":"closed","sticky":false,"template":"","format":"standard","meta":{"footnotes":""},"categories":[2594],"tags":[2626,4494,5828,5829],"class_list":["post-216071","post","type-post","status-publish","format-standard","has-post-thumbnail","hentry","category-culture","tag-cinema","tag-golden-globes","tag-golden-globes-awards","tag-golden-globes-awards-2025"],"yoast_head":"<!-- This site is optimized with the Yoast SEO Premium plugin v27.5 (Yoast SEO v27.5) - https:\/\/yoast.com\/product\/yoast-seo-premium-wordpress\/ -->\n<title>Nikki Glaser, Ma\u00eetresse de C\u00e9r\u00e9monie des 82\u00e8mes Golden Globes : Une soir\u00e9e sous le signe de l&#039;audace<\/title>\n<meta name=\"description\" content=\"CBS et les Golden Globes ont annonc\u00e9 que Nikki Glaser, l\u2019humoriste et actrice de renom nomm\u00e9e aux Emmy Awards, sera la ma\u00eetresse de c\u00e9r\u00e9monie des 82\u00e8mes Golden...\" \/>\n<link rel=\"canonical\" href=\"https:\/\/www.webdo.tn\/fr\/actualite\/culture\/nikki-glaser-maitresse-de-ceremonie-des-82emes-golden-globes-une-soiree-sous-le-signe-de-l-audace\/216071\/\" \/>\n<meta property=\"og:locale\" content=\"fr_FR\" \/>\n<meta property=\"og:type\" content=\"article\" \/>\n<meta property=\"og:title\" content=\"Nikki Glaser, Ma\u00eetresse de C\u00e9r\u00e9monie des 82\u00e8mes Golden Globes : Une soir\u00e9e sous le signe de l&#039;audace\" \/>\n<meta property=\"og:description\" content=\"CBS et les Golden Globes ont annonc\u00e9 que Nikki Glaser, l\u2019humoriste et actrice de renom nomm\u00e9e aux Emmy Awards, sera la ma\u00eetresse de c\u00e9r\u00e9monie des 82\u00e8mes Golden...\" \/>\n<meta property=\"og:url\" content=\"https:\/\/www.webdo.tn\/fr\/actualite\/culture\/nikki-glaser-maitresse-de-ceremonie-des-82emes-golden-globes-une-soiree-sous-le-signe-de-l-audace\/216071\/\" \/>\n<meta property=\"og:site_name\" content=\"webdo\" \/>\n<meta property=\"article:publisher\" content=\"https:\/\/www.facebook.com\/webdotn\" \/>\n<meta property=\"article:author\" content=\"https:\/\/www.facebook.com\/massir.destiniii\/\" \/>\n<meta property=\"article:published_time\" content=\"2024-08-29T12:33:00+00:00\" \/>\n<meta property=\"article:modified_time\" content=\"2025-05-21T08:55:34+00:00\" \/>\n<meta property=\"og:image\" content=\"https:\/\/www.webdo.tn\/fr\/wp-content\/uploads\/2024\/08\/1eef00044c8ec1db937360703f560eca.webp\" \/>\n\t<meta property=\"og:image:width\" content=\"640\" \/>\n\t<meta property=\"og:image:height\" content=\"341\" \/>\n\t<meta property=\"og:image:type\" content=\"image\/webp\" \/>\n<meta name=\"author\" content=\"Ne\u00efla DRISS\" \/>\n<meta name=\"twitter:card\" content=\"summary_large_image\" \/>\n<meta name=\"twitter:creator\" content=\"@https:\/\/x.com\/MassirDestin\" \/>\n<meta name=\"twitter:site\" content=\"@webdo_tn\" \/>\n<meta name=\"twitter:label1\" content=\"\u00c9crit par\" \/>\n\t<meta name=\"twitter:data1\" content=\"Ne\u00efla DRISS\" \/>\n\t<meta name=\"twitter:label2\" content=\"Dur\u00e9e de lecture estim\u00e9e\" \/>\n\t<meta name=\"twitter:data2\" content=\"5 minutes\" \/>\n<script type=\"application\/ld+json\" class=\"yoast-schema-graph\">{\"@context\":\"https:\\\/\\\/schema.org\",\"@graph\":[{\"@type\":\"NewsArticle\",\"@id\":\"https:\\\/\\\/www.webdo.tn\\\/fr\\\/actualite\\\/culture\\\/nikki-glaser-maitresse-de-ceremonie-des-82emes-golden-globes-une-soiree-sous-le-signe-de-l-audace\\\/216071\\\/#article\",\"isPartOf\":{\"@id\":\"https:\\\/\\\/www.webdo.tn\\\/fr\\\/actualite\\\/culture\\\/nikki-glaser-maitresse-de-ceremonie-des-82emes-golden-globes-une-soiree-sous-le-signe-de-l-audace\\\/216071\\\/\"},\"author\":{\"name\":\"Ne\u00efla DRISS\",\"@id\":\"https:\\\/\\\/www.webdo.tn\\\/fr\\\/#\\\/schema\\\/person\\\/60d5ba619ed3f58783b0dc82b7dada80\"},\"headline\":\"Nikki Glaser, Ma\u00eetresse de C\u00e9r\u00e9monie des 82\u00e8mes Golden Globes : Une soir\u00e9e sous le signe de l&rsquo;audace\",\"datePublished\":\"2024-08-29T12:33:00+00:00\",\"dateModified\":\"2025-05-21T08:55:34+00:00\",\"mainEntityOfPage\":{\"@id\":\"https:\\\/\\\/www.webdo.tn\\\/fr\\\/actualite\\\/culture\\\/nikki-glaser-maitresse-de-ceremonie-des-82emes-golden-globes-une-soiree-sous-le-signe-de-l-audace\\\/216071\\\/\"},\"wordCount\":1132,\"commentCount\":0,\"publisher\":{\"@id\":\"https:\\\/\\\/www.webdo.tn\\\/fr\\\/#organization\"},\"image\":{\"@id\":\"https:\\\/\\\/www.webdo.tn\\\/fr\\\/actualite\\\/culture\\\/nikki-glaser-maitresse-de-ceremonie-des-82emes-golden-globes-une-soiree-sous-le-signe-de-l-audace\\\/216071\\\/#primaryimage\"},\"thumbnailUrl\":\"https:\\\/\\\/www.webdo.tn\\\/fr\\\/wp-content\\\/uploads\\\/2024\\\/08\\\/1eef00044c8ec1db937360703f560eca.webp\",\"keywords\":[\"Cin\u00e9ma\",\"Golden Globes\",\"Golden Globes Awards\",\"Golden Globes Awards 2025\"],\"articleSection\":[\"Culture\"],\"inLanguage\":\"fr-FR\"},{\"@type\":\"WebPage\",\"@id\":\"https:\\\/\\\/www.webdo.tn\\\/fr\\\/actualite\\\/culture\\\/nikki-glaser-maitresse-de-ceremonie-des-82emes-golden-globes-une-soiree-sous-le-signe-de-l-audace\\\/216071\\\/\",\"url\":\"https:\\\/\\\/www.webdo.tn\\\/fr\\\/actualite\\\/culture\\\/nikki-glaser-maitresse-de-ceremonie-des-82emes-golden-globes-une-soiree-sous-le-signe-de-l-audace\\\/216071\\\/\",\"name\":\"Nikki Glaser, Ma\u00eetresse de C\u00e9r\u00e9monie des 82\u00e8mes Golden Globes : Une soir\u00e9e sous le signe de l'audace\",\"isPartOf\":{\"@id\":\"https:\\\/\\\/www.webdo.tn\\\/fr\\\/#website\"},\"primaryImageOfPage\":{\"@id\":\"https:\\\/\\\/www.webdo.tn\\\/fr\\\/actualite\\\/culture\\\/nikki-glaser-maitresse-de-ceremonie-des-82emes-golden-globes-une-soiree-sous-le-signe-de-l-audace\\\/216071\\\/#primaryimage\"},\"image\":{\"@id\":\"https:\\\/\\\/www.webdo.tn\\\/fr\\\/actualite\\\/culture\\\/nikki-glaser-maitresse-de-ceremonie-des-82emes-golden-globes-une-soiree-sous-le-signe-de-l-audace\\\/216071\\\/#primaryimage\"},\"thumbnailUrl\":\"https:\\\/\\\/www.webdo.tn\\\/fr\\\/wp-content\\\/uploads\\\/2024\\\/08\\\/1eef00044c8ec1db937360703f560eca.webp\",\"datePublished\":\"2024-08-29T12:33:00+00:00\",\"dateModified\":\"2025-05-21T08:55:34+00:00\",\"description\":\"CBS et les Golden Globes ont annonc\u00e9 que Nikki Glaser, l\u2019humoriste et actrice de renom nomm\u00e9e aux Emmy Awards, sera la ma\u00eetresse de c\u00e9r\u00e9monie des 82\u00e8mes Golden...\",\"breadcrumb\":{\"@id\":\"https:\\\/\\\/www.webdo.tn\\\/fr\\\/actualite\\\/culture\\\/nikki-glaser-maitresse-de-ceremonie-des-82emes-golden-globes-une-soiree-sous-le-signe-de-l-audace\\\/216071\\\/#breadcrumb\"},\"inLanguage\":\"fr-FR\",\"potentialAction\":[{\"@type\":\"ReadAction\",\"target\":[\"https:\\\/\\\/www.webdo.tn\\\/fr\\\/actualite\\\/culture\\\/nikki-glaser-maitresse-de-ceremonie-des-82emes-golden-globes-une-soiree-sous-le-signe-de-l-audace\\\/216071\\\/\"]}]},{\"@type\":\"ImageObject\",\"inLanguage\":\"fr-FR\",\"@id\":\"https:\\\/\\\/www.webdo.tn\\\/fr\\\/actualite\\\/culture\\\/nikki-glaser-maitresse-de-ceremonie-des-82emes-golden-globes-une-soiree-sous-le-signe-de-l-audace\\\/216071\\\/#primaryimage\",\"url\":\"https:\\\/\\\/www.webdo.tn\\\/fr\\\/wp-content\\\/uploads\\\/2024\\\/08\\\/1eef00044c8ec1db937360703f560eca.webp\",\"contentUrl\":\"https:\\\/\\\/www.webdo.tn\\\/fr\\\/wp-content\\\/uploads\\\/2024\\\/08\\\/1eef00044c8ec1db937360703f560eca.webp\",\"width\":640,\"height\":341,\"caption\":\"Nikki Glaser, Ma\u00eetresse de C\u00e9r\u00e9monie des 82\u00e8mes Golden Globes : Une soir\u00e9e sous le signe de l'audace\"},{\"@type\":\"BreadcrumbList\",\"@id\":\"https:\\\/\\\/www.webdo.tn\\\/fr\\\/actualite\\\/culture\\\/nikki-glaser-maitresse-de-ceremonie-des-82emes-golden-globes-une-soiree-sous-le-signe-de-l-audace\\\/216071\\\/#breadcrumb\",\"itemListElement\":[{\"@type\":\"ListItem\",\"position\":1,\"name\":\"Accueil\",\"item\":\"https:\\\/\\\/www.webdo.tn\\\/fr\\\/\"},{\"@type\":\"ListItem\",\"position\":2,\"name\":\"Nikki Glaser, Ma\u00eetresse de C\u00e9r\u00e9monie des 82\u00e8mes Golden Globes : Une soir\u00e9e sous le signe de l&rsquo;audace\"}]},{\"@type\":\"WebSite\",\"@id\":\"https:\\\/\\\/www.webdo.tn\\\/fr\\\/#website\",\"url\":\"https:\\\/\\\/www.webdo.tn\\\/fr\\\/\",\"name\":\"webdo\",\"description\":\"Tunisie - News en Tunisie et \u00e0 l&#039;international sur Webdo.tn\",\"publisher\":{\"@id\":\"https:\\\/\\\/www.webdo.tn\\\/fr\\\/#organization\"},\"potentialAction\":[{\"@type\":\"SearchAction\",\"target\":{\"@type\":\"EntryPoint\",\"urlTemplate\":\"https:\\\/\\\/www.webdo.tn\\\/fr\\\/?s={search_term_string}\"},\"query-input\":{\"@type\":\"PropertyValueSpecification\",\"valueRequired\":true,\"valueName\":\"search_term_string\"}}],\"inLanguage\":\"fr-FR\"},{\"@type\":\"Organization\",\"@id\":\"https:\\\/\\\/www.webdo.tn\\\/fr\\\/#organization\",\"name\":\"Webdo\",\"alternateName\":\"Webdo.tn\",\"url\":\"https:\\\/\\\/www.webdo.tn\\\/fr\\\/\",\"logo\":{\"@type\":\"ImageObject\",\"inLanguage\":\"fr-FR\",\"@id\":\"https:\\\/\\\/www.webdo.tn\\\/fr\\\/#\\\/schema\\\/logo\\\/image\\\/\",\"url\":\"https:\\\/\\\/www.webdo.tn\\\/fr\\\/wp-content\\\/uploads\\\/2025\\\/06\\\/Webdo-Tunisie_168377.jpg\",\"contentUrl\":\"https:\\\/\\\/www.webdo.tn\\\/fr\\\/wp-content\\\/uploads\\\/2025\\\/06\\\/Webdo-Tunisie_168377.jpg\",\"width\":301,\"height\":301,\"caption\":\"Webdo\"},\"image\":{\"@id\":\"https:\\\/\\\/www.webdo.tn\\\/fr\\\/#\\\/schema\\\/logo\\\/image\\\/\"},\"sameAs\":[\"https:\\\/\\\/www.facebook.com\\\/webdotn\",\"https:\\\/\\\/x.com\\\/webdo_tn\"],\"description\":\"Webdo est un m\u00e9dia num\u00e9rique tunisien fond\u00e9 en 2010, sp\u00e9cialis\u00e9 dans l\u2019actualit\u00e9 nationale et internationale, l\u2019\u00e9conomie, la soci\u00e9t\u00e9 et les analyses politiques. Le site s\u2019adresse \u00e0 un large public francophone et couvre l\u2019information tunisienne en temps r\u00e9el.\",\"email\":\"redac@webdo.tn\",\"legalName\":\"YNJ SARL\",\"foundingDate\":\"2010-09-06\",\"numberOfEmployees\":{\"@type\":\"QuantitativeValue\",\"minValue\":\"11\",\"maxValue\":\"50\"}},{\"@type\":\"Person\",\"@id\":\"https:\\\/\\\/www.webdo.tn\\\/fr\\\/#\\\/schema\\\/person\\\/60d5ba619ed3f58783b0dc82b7dada80\",\"name\":\"Ne\u00efla DRISS\",\"image\":{\"@type\":\"ImageObject\",\"inLanguage\":\"fr-FR\",\"@id\":\"https:\\\/\\\/www.webdo.tn\\\/fr\\\/wp-content\\\/uploads\\\/2026\\\/04\\\/neila-driss_avatar-96x96.jpg\",\"url\":\"https:\\\/\\\/www.webdo.tn\\\/fr\\\/wp-content\\\/uploads\\\/2026\\\/04\\\/neila-driss_avatar-96x96.jpg\",\"contentUrl\":\"https:\\\/\\\/www.webdo.tn\\\/fr\\\/wp-content\\\/uploads\\\/2026\\\/04\\\/neila-driss_avatar-96x96.jpg\",\"caption\":\"Ne\u00efla DRISS\"},\"description\":\"Ne\u00efla Driss est juriste, journaliste culturelle et critique de cin\u00e9ma tunisienne. Titulaire d\u2019un DEA en droit priv\u00e9 de l\u2019Universit\u00e9 Paris II et d\u2019un DESS de l\u2019IHEC Carthage, elle d\u00e9bute sa carri\u00e8re comme juriste sp\u00e9cialis\u00e9e en gestion de patrimoine immobilier. Elle s\u2019oriente ensuite vers l\u2019\u00e9criture en ligne, o\u00f9 elle se distingue d\u00e8s 2006 aux Tunisia Blog Awards, avant de se consacrer au journalisme culturel, avec une sp\u00e9cialisation dans la critique cin\u00e9matographique. Elle couvre r\u00e9guli\u00e8rement les grands festivals internationaux, notamment le Festival de Cannes, les Journ\u00e9es Cin\u00e9matographiques de Carthage et le Festival du film du Caire. Membre de l\u2019ATPCC et de la FIPRESCI, elle participe \u00e0 des jurys et initiatives internationales de critique. Depuis 2024, elle est \u00e9lectrice internationale aux Golden Globes. Facebook : https:\\\/\\\/www.facebook.com\\\/massir.destiniii\\\/ X : https:\\\/\\\/x.com\\\/MassirDestin\",\"sameAs\":[\"https:\\\/\\\/www.facebook.com\\\/massir.destiniii\\\/\",\"https:\\\/\\\/www.instagram.com\\\/neila.driss\\\/?hl=fr\",\"https:\\\/\\\/www.linkedin.com\\\/in\\\/neila-driss-22606a80\\\/\",\"https:\\\/\\\/x.com\\\/https:\\\/\\\/x.com\\\/MassirDestin\"],\"knowsAbout\":[\"Cin\u00e9ma international\",\"critique cin\u00e9matographique\",\"festivals de cin\u00e9ma\",\"journalisme culturel\"],\"knowsLanguage\":[\"Fran\u00e7ais\",\"Arabe\",\"Anglais\"],\"jobTitle\":\"Journaliste culturelle et critique de cin\u00e9ma\",\"worksFor\":\"Webdo\",\"url\":\"https:\\\/\\\/www.webdo.tn\\\/fr\\\/actualite\\\/author\\\/neila-driss\\\/\"}]}<\/script>\n<!-- \/ Yoast SEO Premium plugin. -->","yoast_head_json":{"title":"Nikki Glaser, Ma\u00eetresse de C\u00e9r\u00e9monie des 82\u00e8mes Golden Globes : Une soir\u00e9e sous le signe de l'audace","description":"CBS et les Golden Globes ont annonc\u00e9 que Nikki Glaser, l\u2019humoriste et actrice de renom nomm\u00e9e aux Emmy Awards, sera la ma\u00eetresse de c\u00e9r\u00e9monie des 82\u00e8mes Golden...","canonical":"https:\/\/www.webdo.tn\/fr\/actualite\/culture\/nikki-glaser-maitresse-de-ceremonie-des-82emes-golden-globes-une-soiree-sous-le-signe-de-l-audace\/216071\/","og_locale":"fr_FR","og_type":"article","og_title":"Nikki Glaser, Ma\u00eetresse de C\u00e9r\u00e9monie des 82\u00e8mes Golden Globes : Une soir\u00e9e sous le signe de l'audace","og_description":"CBS et les Golden Globes ont annonc\u00e9 que Nikki Glaser, l\u2019humoriste et actrice de renom nomm\u00e9e aux Emmy Awards, sera la ma\u00eetresse de c\u00e9r\u00e9monie des 82\u00e8mes Golden...","og_url":"https:\/\/www.webdo.tn\/fr\/actualite\/culture\/nikki-glaser-maitresse-de-ceremonie-des-82emes-golden-globes-une-soiree-sous-le-signe-de-l-audace\/216071\/","og_site_name":"webdo","article_publisher":"https:\/\/www.facebook.com\/webdotn","article_author":"https:\/\/www.facebook.com\/massir.destiniii\/","article_published_time":"2024-08-29T12:33:00+00:00","article_modified_time":"2025-05-21T08:55:34+00:00","og_image":[{"width":640,"height":341,"url":"https:\/\/www.webdo.tn\/fr\/wp-content\/uploads\/2024\/08\/1eef00044c8ec1db937360703f560eca.webp","type":"image\/webp"}],"author":"Ne\u00efla DRISS","twitter_card":"summary_large_image","twitter_creator":"@https:\/\/x.com\/MassirDestin","twitter_site":"@webdo_tn","twitter_misc":{"\u00c9crit par":"Ne\u00efla DRISS","Dur\u00e9e de lecture estim\u00e9e":"5 minutes"},"schema":{"@context":"https:\/\/schema.org","@graph":[{"@type":"NewsArticle","@id":"https:\/\/www.webdo.tn\/fr\/actualite\/culture\/nikki-glaser-maitresse-de-ceremonie-des-82emes-golden-globes-une-soiree-sous-le-signe-de-l-audace\/216071\/#article","isPartOf":{"@id":"https:\/\/www.webdo.tn\/fr\/actualite\/culture\/nikki-glaser-maitresse-de-ceremonie-des-82emes-golden-globes-une-soiree-sous-le-signe-de-l-audace\/216071\/"},"author":{"name":"Ne\u00efla DRISS","@id":"https:\/\/www.webdo.tn\/fr\/#\/schema\/person\/60d5ba619ed3f58783b0dc82b7dada80"},"headline":"Nikki Glaser, Ma\u00eetresse de C\u00e9r\u00e9monie des 82\u00e8mes Golden Globes : Une soir\u00e9e sous le signe de l&rsquo;audace","datePublished":"2024-08-29T12:33:00+00:00","dateModified":"2025-05-21T08:55:34+00:00","mainEntityOfPage":{"@id":"https:\/\/www.webdo.tn\/fr\/actualite\/culture\/nikki-glaser-maitresse-de-ceremonie-des-82emes-golden-globes-une-soiree-sous-le-signe-de-l-audace\/216071\/"},"wordCount":1132,"commentCount":0,"publisher":{"@id":"https:\/\/www.webdo.tn\/fr\/#organization"},"image":{"@id":"https:\/\/www.webdo.tn\/fr\/actualite\/culture\/nikki-glaser-maitresse-de-ceremonie-des-82emes-golden-globes-une-soiree-sous-le-signe-de-l-audace\/216071\/#primaryimage"},"thumbnailUrl":"https:\/\/www.webdo.tn\/fr\/wp-content\/uploads\/2024\/08\/1eef00044c8ec1db937360703f560eca.webp","keywords":["Cin\u00e9ma","Golden Globes","Golden Globes Awards","Golden Globes Awards 2025"],"articleSection":["Culture"],"inLanguage":"fr-FR"},{"@type":"WebPage","@id":"https:\/\/www.webdo.tn\/fr\/actualite\/culture\/nikki-glaser-maitresse-de-ceremonie-des-82emes-golden-globes-une-soiree-sous-le-signe-de-l-audace\/216071\/","url":"https:\/\/www.webdo.tn\/fr\/actualite\/culture\/nikki-glaser-maitresse-de-ceremonie-des-82emes-golden-globes-une-soiree-sous-le-signe-de-l-audace\/216071\/","name":"Nikki Glaser, Ma\u00eetresse de C\u00e9r\u00e9monie des 82\u00e8mes Golden Globes : Une soir\u00e9e sous le signe de l'audace","isPartOf":{"@id":"https:\/\/www.webdo.tn\/fr\/#website"},"primaryImageOfPage":{"@id":"https:\/\/www.webdo.tn\/fr\/actualite\/culture\/nikki-glaser-maitresse-de-ceremonie-des-82emes-golden-globes-une-soiree-sous-le-signe-de-l-audace\/216071\/#primaryimage"},"image":{"@id":"https:\/\/www.webdo.tn\/fr\/actualite\/culture\/nikki-glaser-maitresse-de-ceremonie-des-82emes-golden-globes-une-soiree-sous-le-signe-de-l-audace\/216071\/#primaryimage"},"thumbnailUrl":"https:\/\/www.webdo.tn\/fr\/wp-content\/uploads\/2024\/08\/1eef00044c8ec1db937360703f560eca.webp","datePublished":"2024-08-29T12:33:00+00:00","dateModified":"2025-05-21T08:55:34+00:00","description":"CBS et les Golden Globes ont annonc\u00e9 que Nikki Glaser, l\u2019humoriste et actrice de renom nomm\u00e9e aux Emmy Awards, sera la ma\u00eetresse de c\u00e9r\u00e9monie des 82\u00e8mes Golden...","breadcrumb":{"@id":"https:\/\/www.webdo.tn\/fr\/actualite\/culture\/nikki-glaser-maitresse-de-ceremonie-des-82emes-golden-globes-une-soiree-sous-le-signe-de-l-audace\/216071\/#breadcrumb"},"inLanguage":"fr-FR","potentialAction":[{"@type":"ReadAction","target":["https:\/\/www.webdo.tn\/fr\/actualite\/culture\/nikki-glaser-maitresse-de-ceremonie-des-82emes-golden-globes-une-soiree-sous-le-signe-de-l-audace\/216071\/"]}]},{"@type":"ImageObject","inLanguage":"fr-FR","@id":"https:\/\/www.webdo.tn\/fr\/actualite\/culture\/nikki-glaser-maitresse-de-ceremonie-des-82emes-golden-globes-une-soiree-sous-le-signe-de-l-audace\/216071\/#primaryimage","url":"https:\/\/www.webdo.tn\/fr\/wp-content\/uploads\/2024\/08\/1eef00044c8ec1db937360703f560eca.webp","contentUrl":"https:\/\/www.webdo.tn\/fr\/wp-content\/uploads\/2024\/08\/1eef00044c8ec1db937360703f560eca.webp","width":640,"height":341,"caption":"Nikki Glaser, Ma\u00eetresse de C\u00e9r\u00e9monie des 82\u00e8mes Golden Globes : Une soir\u00e9e sous le signe de l'audace"},{"@type":"BreadcrumbList","@id":"https:\/\/www.webdo.tn\/fr\/actualite\/culture\/nikki-glaser-maitresse-de-ceremonie-des-82emes-golden-globes-une-soiree-sous-le-signe-de-l-audace\/216071\/#breadcrumb","itemListElement":[{"@type":"ListItem","position":1,"name":"Accueil","item":"https:\/\/www.webdo.tn\/fr\/"},{"@type":"ListItem","position":2,"name":"Nikki Glaser, Ma\u00eetresse de C\u00e9r\u00e9monie des 82\u00e8mes Golden Globes : Une soir\u00e9e sous le signe de l&rsquo;audace"}]},{"@type":"WebSite","@id":"https:\/\/www.webdo.tn\/fr\/#website","url":"https:\/\/www.webdo.tn\/fr\/","name":"webdo","description":"Tunisie - News en Tunisie et \u00e0 l&#039;international sur Webdo.tn","publisher":{"@id":"https:\/\/www.webdo.tn\/fr\/#organization"},"potentialAction":[{"@type":"SearchAction","target":{"@type":"EntryPoint","urlTemplate":"https:\/\/www.webdo.tn\/fr\/?s={search_term_string}"},"query-input":{"@type":"PropertyValueSpecification","valueRequired":true,"valueName":"search_term_string"}}],"inLanguage":"fr-FR"},{"@type":"Organization","@id":"https:\/\/www.webdo.tn\/fr\/#organization","name":"Webdo","alternateName":"Webdo.tn","url":"https:\/\/www.webdo.tn\/fr\/","logo":{"@type":"ImageObject","inLanguage":"fr-FR","@id":"https:\/\/www.webdo.tn\/fr\/#\/schema\/logo\/image\/","url":"https:\/\/www.webdo.tn\/fr\/wp-content\/uploads\/2025\/06\/Webdo-Tunisie_168377.jpg","contentUrl":"https:\/\/www.webdo.tn\/fr\/wp-content\/uploads\/2025\/06\/Webdo-Tunisie_168377.jpg","width":301,"height":301,"caption":"Webdo"},"image":{"@id":"https:\/\/www.webdo.tn\/fr\/#\/schema\/logo\/image\/"},"sameAs":["https:\/\/www.facebook.com\/webdotn","https:\/\/x.com\/webdo_tn"],"description":"Webdo est un m\u00e9dia num\u00e9rique tunisien fond\u00e9 en 2010, sp\u00e9cialis\u00e9 dans l\u2019actualit\u00e9 nationale et internationale, l\u2019\u00e9conomie, la soci\u00e9t\u00e9 et les analyses politiques. Le site s\u2019adresse \u00e0 un large public francophone et couvre l\u2019information tunisienne en temps r\u00e9el.","email":"redac@webdo.tn","legalName":"YNJ SARL","foundingDate":"2010-09-06","numberOfEmployees":{"@type":"QuantitativeValue","minValue":"11","maxValue":"50"}},{"@type":"Person","@id":"https:\/\/www.webdo.tn\/fr\/#\/schema\/person\/60d5ba619ed3f58783b0dc82b7dada80","name":"Ne\u00efla DRISS","image":{"@type":"ImageObject","inLanguage":"fr-FR","@id":"https:\/\/www.webdo.tn\/fr\/wp-content\/uploads\/2026\/04\/neila-driss_avatar-96x96.jpg","url":"https:\/\/www.webdo.tn\/fr\/wp-content\/uploads\/2026\/04\/neila-driss_avatar-96x96.jpg","contentUrl":"https:\/\/www.webdo.tn\/fr\/wp-content\/uploads\/2026\/04\/neila-driss_avatar-96x96.jpg","caption":"Ne\u00efla DRISS"},"description":"Ne\u00efla Driss est juriste, journaliste culturelle et critique de cin\u00e9ma tunisienne. Titulaire d\u2019un DEA en droit priv\u00e9 de l\u2019Universit\u00e9 Paris II et d\u2019un DESS de l\u2019IHEC Carthage, elle d\u00e9bute sa carri\u00e8re comme juriste sp\u00e9cialis\u00e9e en gestion de patrimoine immobilier. Elle s\u2019oriente ensuite vers l\u2019\u00e9criture en ligne, o\u00f9 elle se distingue d\u00e8s 2006 aux Tunisia Blog Awards, avant de se consacrer au journalisme culturel, avec une sp\u00e9cialisation dans la critique cin\u00e9matographique. Elle couvre r\u00e9guli\u00e8rement les grands festivals internationaux, notamment le Festival de Cannes, les Journ\u00e9es Cin\u00e9matographiques de Carthage et le Festival du film du Caire. Membre de l\u2019ATPCC et de la FIPRESCI, elle participe \u00e0 des jurys et initiatives internationales de critique. Depuis 2024, elle est \u00e9lectrice internationale aux Golden Globes. Facebook : https:\/\/www.facebook.com\/massir.destiniii\/ X : https:\/\/x.com\/MassirDestin","sameAs":["https:\/\/www.facebook.com\/massir.destiniii\/","https:\/\/www.instagram.com\/neila.driss\/?hl=fr","https:\/\/www.linkedin.com\/in\/neila-driss-22606a80\/","https:\/\/x.com\/https:\/\/x.com\/MassirDestin"],"knowsAbout":["Cin\u00e9ma international","critique cin\u00e9matographique","festivals de cin\u00e9ma","journalisme culturel"],"knowsLanguage":["Fran\u00e7ais","Arabe","Anglais"],"jobTitle":"Journaliste culturelle et critique de cin\u00e9ma","worksFor":"Webdo","url":"https:\/\/www.webdo.tn\/fr\/actualite\/author\/neila-driss\/"}]}},"_links":{"self":[{"href":"https:\/\/www.webdo.tn\/fr\/wp-json\/wp\/v2\/posts\/216071","targetHints":{"allow":["GET"]}}],"collection":[{"href":"https:\/\/www.webdo.tn\/fr\/wp-json\/wp\/v2\/posts"}],"about":[{"href":"https:\/\/www.webdo.tn\/fr\/wp-json\/wp\/v2\/types\/post"}],"author":[{"embeddable":true,"href":"https:\/\/www.webdo.tn\/fr\/wp-json\/wp\/v2\/users\/3164"}],"replies":[{"embeddable":true,"href":"https:\/\/www.webdo.tn\/fr\/wp-json\/wp\/v2\/comments?post=216071"}],"version-history":[{"count":0,"href":"https:\/\/www.webdo.tn\/fr\/wp-json\/wp\/v2\/posts\/216071\/revisions"}],"wp:featuredmedia":[{"embeddable":true,"href":"https:\/\/www.webdo.tn\/fr\/wp-json\/wp\/v2\/media\/246679"}],"wp:attachment":[{"href":"https:\/\/www.webdo.tn\/fr\/wp-json\/wp\/v2\/media?parent=216071"}],"wp:term":[{"taxonomy":"category","embeddable":true,"href":"https:\/\/www.webdo.tn\/fr\/wp-json\/wp\/v2\/categories?post=216071"},{"taxonomy":"post_tag","embeddable":true,"href":"https:\/\/www.webdo.tn\/fr\/wp-json\/wp\/v2\/tags?post=216071"}],"curies":[{"name":"wp","href":"https:\/\/api.w.org\/{rel}","templated":true}]}}