{"id":216066,"date":"2024-08-29T10:14:00","date_gmt":"2024-08-29T10:14:00","guid":{"rendered":"https:\/\/www.webdo.tn\/fr\/blog\/tunisie-irak-renforcer-la-cooperation-bilaterale\/216066\/"},"modified":"2025-05-20T21:49:32","modified_gmt":"2025-05-20T21:49:32","slug":"tunisie-irak-renforcer-la-cooperation-bilaterale","status":"publish","type":"post","link":"https:\/\/www.webdo.tn\/fr\/actualite\/national\/tunisie-irak-renforcer-la-cooperation-bilaterale\/216066\/","title":{"rendered":"Tunisie &#8211; Irak : Renforcer la coop\u00e9ration bilat\u00e9rale"},"content":{"rendered":"<p>En visite officielle en Tunisie, le Premier ministre irakien Mohammed Chia Al-Soudani a rencontr\u00e9 le pr\u00e9sident Kais Saied et le Chef du Gouvernement Mohamed Maddouri.<\/p>\n<p>\t\t\t\t\t\t\t\t\tKais Saied a re\u00e7u, hier au Palais de Carthage, le Premier ministre irakien, Mohammed Chia Al-Soudani, dans le cadre d&rsquo;une visite officielle en Tunisie. Lors de leur rencontre, le Chef de l\u2019Etat a exprim\u00e9 la volont\u00e9 de la Tunisie de renforcer les relations bilat\u00e9rales avec l&rsquo;Irak, en mettant l&rsquo;accent sur des domaines tels que le transport a\u00e9rien, l&rsquo;\u00e9nergie, l&rsquo;agriculture, le tourisme, la culture et le commerce.<\/p>\n<p>Mohammed Chia Al-Soudani s\u2019est \u00e9galement entretenu avec\u00a0 le Chef du gouvernement, Kamel Maddouri lors d\u2019une rencontre qui a principalement port\u00e9 sur la mise en \u0153uvre des conclusions de la Commission mixte tuniso-irakienne tenue en mai 2024 \u00e0 Bagdad, et sur la coop\u00e9ration bilat\u00e9rale dans divers domaines, notamment les investissements et le commerce.<\/p>\n<p>La 17\u00e8me session de la Commission mixte tuniso-irakienne a abouti \u00e0 la signature de 18 accords couvrant divers domaines, tels que la s\u00e9curit\u00e9, la sant\u00e9, et l\u2019\u00e9ducation, ainsi que des m\u00e9morandums d\u2019entente entre les secteurs priv\u00e9s des deux pays.<\/p>\n","protected":false},"excerpt":{"rendered":"<p>Kais Saied a re\u00e7u, hier au Palais de Carthage, le Premier ministre irakien, Mohammed Chia Al-Soudani, dans le cadre d&rsquo;une visite officielle en Tunisie. Lors de&#8230;<\/p>\n","protected":false},"author":3162,"featured_media":246678,"comment_status":"open","ping_status":"closed","sticky":false,"template":"","format":"standard","meta":{"footnotes":""},"categories":[44],"tags":[2732,2867,2608],"class_list":["post-216066","post","type-post","status-publish","format-standard","has-post-thumbnail","hentry","category-national","tag-cooperation","tag-irak","tag-tunisie"],"yoast_head":"<!-- This site is optimized with the Yoast SEO Premium plugin v27.5 (Yoast SEO v27.5) - https:\/\/yoast.com\/product\/yoast-seo-premium-wordpress\/ -->\n<title>Tunisie - Irak : Renforcer la coop\u00e9ration bilat\u00e9rale<\/title>\n<meta name=\"description\" content=\"Kais Saied a re\u00e7u, hier au Palais de Carthage, le Premier ministre irakien, Mohammed Chia Al-Soudani, dans le cadre d&#039;une visite officielle en Tunisie. Lors de...\" \/>\n<link rel=\"canonical\" href=\"https:\/\/www.webdo.tn\/fr\/actualite\/national\/tunisie-irak-renforcer-la-cooperation-bilaterale\/216066\/\" \/>\n<meta property=\"og:locale\" content=\"fr_FR\" \/>\n<meta property=\"og:type\" content=\"article\" \/>\n<meta property=\"og:title\" content=\"Tunisie - Irak : Renforcer la coop\u00e9ration bilat\u00e9rale\" \/>\n<meta property=\"og:description\" content=\"Kais Saied a re\u00e7u, hier au Palais de Carthage, le Premier ministre irakien, Mohammed Chia Al-Soudani, dans le cadre d&#039;une visite officielle en Tunisie. Lors de...\" \/>\n<meta property=\"og:url\" content=\"https:\/\/www.webdo.tn\/fr\/actualite\/national\/tunisie-irak-renforcer-la-cooperation-bilaterale\/216066\/\" \/>\n<meta property=\"og:site_name\" content=\"webdo\" \/>\n<meta property=\"article:publisher\" content=\"https:\/\/www.facebook.com\/webdotn\" \/>\n<meta property=\"article:published_time\" content=\"2024-08-29T10:14:00+00:00\" \/>\n<meta property=\"article:modified_time\" content=\"2025-05-20T21:49:32+00:00\" \/>\n<meta property=\"og:image\" content=\"https:\/\/www.webdo.tn\/fr\/wp-content\/uploads\/2024\/08\/fad880023f68a6ce86e8f6c7bb65b497.webp\" \/>\n\t<meta property=\"og:image:width\" content=\"750\" \/>\n\t<meta property=\"og:image:height\" content=\"400\" \/>\n\t<meta property=\"og:image:type\" content=\"image\/webp\" \/>\n<meta name=\"author\" content=\"MC\" \/>\n<meta name=\"twitter:card\" content=\"summary_large_image\" \/>\n<meta name=\"twitter:creator\" content=\"@webdo_tn\" \/>\n<meta name=\"twitter:site\" content=\"@webdo_tn\" \/>\n<meta name=\"twitter:label1\" content=\"\u00c9crit par\" \/>\n\t<meta name=\"twitter:data1\" content=\"MC\" \/>\n\t<meta name=\"twitter:label2\" content=\"Dur\u00e9e de lecture estim\u00e9e\" \/>\n\t<meta name=\"twitter:data2\" content=\"1 minute\" \/>\n<script type=\"application\/ld+json\" class=\"yoast-schema-graph\">{\"@context\":\"https:\\\/\\\/schema.org\",\"@graph\":[{\"@type\":\"NewsArticle\",\"@id\":\"https:\\\/\\\/www.webdo.tn\\\/fr\\\/actualite\\\/national\\\/tunisie-irak-renforcer-la-cooperation-bilaterale\\\/216066\\\/#article\",\"isPartOf\":{\"@id\":\"https:\\\/\\\/www.webdo.tn\\\/fr\\\/actualite\\\/national\\\/tunisie-irak-renforcer-la-cooperation-bilaterale\\\/216066\\\/\"},\"author\":{\"name\":\"MC\",\"@id\":\"https:\\\/\\\/www.webdo.tn\\\/fr\\\/#\\\/schema\\\/person\\\/2c4929cbf5a809e3bd38617c6ce150f6\"},\"headline\":\"Tunisie &#8211; Irak : Renforcer la coop\u00e9ration bilat\u00e9rale\",\"datePublished\":\"2024-08-29T10:14:00+00:00\",\"dateModified\":\"2025-05-20T21:49:32+00:00\",\"mainEntityOfPage\":{\"@id\":\"https:\\\/\\\/www.webdo.tn\\\/fr\\\/actualite\\\/national\\\/tunisie-irak-renforcer-la-cooperation-bilaterale\\\/216066\\\/\"},\"wordCount\":206,\"commentCount\":0,\"publisher\":{\"@id\":\"https:\\\/\\\/www.webdo.tn\\\/fr\\\/#organization\"},\"image\":{\"@id\":\"https:\\\/\\\/www.webdo.tn\\\/fr\\\/actualite\\\/national\\\/tunisie-irak-renforcer-la-cooperation-bilaterale\\\/216066\\\/#primaryimage\"},\"thumbnailUrl\":\"https:\\\/\\\/www.webdo.tn\\\/fr\\\/wp-content\\\/uploads\\\/2024\\\/08\\\/fad880023f68a6ce86e8f6c7bb65b497.webp\",\"keywords\":[\"coop\u00e9ration\",\"irak\",\"Tunisie\"],\"articleSection\":[\"National\"],\"inLanguage\":\"fr-FR\"},{\"@type\":\"WebPage\",\"@id\":\"https:\\\/\\\/www.webdo.tn\\\/fr\\\/actualite\\\/national\\\/tunisie-irak-renforcer-la-cooperation-bilaterale\\\/216066\\\/\",\"url\":\"https:\\\/\\\/www.webdo.tn\\\/fr\\\/actualite\\\/national\\\/tunisie-irak-renforcer-la-cooperation-bilaterale\\\/216066\\\/\",\"name\":\"Tunisie - Irak : Renforcer la coop\u00e9ration bilat\u00e9rale\",\"isPartOf\":{\"@id\":\"https:\\\/\\\/www.webdo.tn\\\/fr\\\/#website\"},\"primaryImageOfPage\":{\"@id\":\"https:\\\/\\\/www.webdo.tn\\\/fr\\\/actualite\\\/national\\\/tunisie-irak-renforcer-la-cooperation-bilaterale\\\/216066\\\/#primaryimage\"},\"image\":{\"@id\":\"https:\\\/\\\/www.webdo.tn\\\/fr\\\/actualite\\\/national\\\/tunisie-irak-renforcer-la-cooperation-bilaterale\\\/216066\\\/#primaryimage\"},\"thumbnailUrl\":\"https:\\\/\\\/www.webdo.tn\\\/fr\\\/wp-content\\\/uploads\\\/2024\\\/08\\\/fad880023f68a6ce86e8f6c7bb65b497.webp\",\"datePublished\":\"2024-08-29T10:14:00+00:00\",\"dateModified\":\"2025-05-20T21:49:32+00:00\",\"description\":\"Kais Saied a re\u00e7u, hier au Palais de Carthage, le Premier ministre irakien, Mohammed Chia Al-Soudani, dans le cadre d'une visite officielle en Tunisie. Lors de...\",\"breadcrumb\":{\"@id\":\"https:\\\/\\\/www.webdo.tn\\\/fr\\\/actualite\\\/national\\\/tunisie-irak-renforcer-la-cooperation-bilaterale\\\/216066\\\/#breadcrumb\"},\"inLanguage\":\"fr-FR\",\"potentialAction\":[{\"@type\":\"ReadAction\",\"target\":[\"https:\\\/\\\/www.webdo.tn\\\/fr\\\/actualite\\\/national\\\/tunisie-irak-renforcer-la-cooperation-bilaterale\\\/216066\\\/\"]}]},{\"@type\":\"ImageObject\",\"inLanguage\":\"fr-FR\",\"@id\":\"https:\\\/\\\/www.webdo.tn\\\/fr\\\/actualite\\\/national\\\/tunisie-irak-renforcer-la-cooperation-bilaterale\\\/216066\\\/#primaryimage\",\"url\":\"https:\\\/\\\/www.webdo.tn\\\/fr\\\/wp-content\\\/uploads\\\/2024\\\/08\\\/fad880023f68a6ce86e8f6c7bb65b497.webp\",\"contentUrl\":\"https:\\\/\\\/www.webdo.tn\\\/fr\\\/wp-content\\\/uploads\\\/2024\\\/08\\\/fad880023f68a6ce86e8f6c7bb65b497.webp\",\"width\":750,\"height\":400,\"caption\":\"Tunisie - Irak : Renforcer la coop\u00e9ration bilat\u00e9rale\"},{\"@type\":\"BreadcrumbList\",\"@id\":\"https:\\\/\\\/www.webdo.tn\\\/fr\\\/actualite\\\/national\\\/tunisie-irak-renforcer-la-cooperation-bilaterale\\\/216066\\\/#breadcrumb\",\"itemListElement\":[{\"@type\":\"ListItem\",\"position\":1,\"name\":\"Accueil\",\"item\":\"https:\\\/\\\/www.webdo.tn\\\/fr\\\/\"},{\"@type\":\"ListItem\",\"position\":2,\"name\":\"Tunisie &#8211; Irak : Renforcer la coop\u00e9ration bilat\u00e9rale\"}]},{\"@type\":\"WebSite\",\"@id\":\"https:\\\/\\\/www.webdo.tn\\\/fr\\\/#website\",\"url\":\"https:\\\/\\\/www.webdo.tn\\\/fr\\\/\",\"name\":\"webdo\",\"description\":\"Tunisie - News en Tunisie et \u00e0 l&#039;international sur Webdo.tn\",\"publisher\":{\"@id\":\"https:\\\/\\\/www.webdo.tn\\\/fr\\\/#organization\"},\"potentialAction\":[{\"@type\":\"SearchAction\",\"target\":{\"@type\":\"EntryPoint\",\"urlTemplate\":\"https:\\\/\\\/www.webdo.tn\\\/fr\\\/?s={search_term_string}\"},\"query-input\":{\"@type\":\"PropertyValueSpecification\",\"valueRequired\":true,\"valueName\":\"search_term_string\"}}],\"inLanguage\":\"fr-FR\"},{\"@type\":\"Organization\",\"@id\":\"https:\\\/\\\/www.webdo.tn\\\/fr\\\/#organization\",\"name\":\"Webdo\",\"alternateName\":\"Webdo.tn\",\"url\":\"https:\\\/\\\/www.webdo.tn\\\/fr\\\/\",\"logo\":{\"@type\":\"ImageObject\",\"inLanguage\":\"fr-FR\",\"@id\":\"https:\\\/\\\/www.webdo.tn\\\/fr\\\/#\\\/schema\\\/logo\\\/image\\\/\",\"url\":\"https:\\\/\\\/www.webdo.tn\\\/fr\\\/wp-content\\\/uploads\\\/2025\\\/06\\\/Webdo-Tunisie_168377.jpg\",\"contentUrl\":\"https:\\\/\\\/www.webdo.tn\\\/fr\\\/wp-content\\\/uploads\\\/2025\\\/06\\\/Webdo-Tunisie_168377.jpg\",\"width\":301,\"height\":301,\"caption\":\"Webdo\"},\"image\":{\"@id\":\"https:\\\/\\\/www.webdo.tn\\\/fr\\\/#\\\/schema\\\/logo\\\/image\\\/\"},\"sameAs\":[\"https:\\\/\\\/www.facebook.com\\\/webdotn\",\"https:\\\/\\\/x.com\\\/webdo_tn\"],\"description\":\"Webdo est un m\u00e9dia num\u00e9rique tunisien fond\u00e9 en 2010, sp\u00e9cialis\u00e9 dans l\u2019actualit\u00e9 nationale et internationale, l\u2019\u00e9conomie, la soci\u00e9t\u00e9 et les analyses politiques. Le site s\u2019adresse \u00e0 un large public francophone et couvre l\u2019information tunisienne en temps r\u00e9el.\",\"email\":\"redac@webdo.tn\",\"legalName\":\"YNJ SARL\",\"foundingDate\":\"2010-09-06\",\"numberOfEmployees\":{\"@type\":\"QuantitativeValue\",\"minValue\":\"11\",\"maxValue\":\"50\"}},{\"@type\":\"Person\",\"@id\":\"https:\\\/\\\/www.webdo.tn\\\/fr\\\/#\\\/schema\\\/person\\\/2c4929cbf5a809e3bd38617c6ce150f6\",\"name\":\"MC\",\"image\":{\"@type\":\"ImageObject\",\"inLanguage\":\"fr-FR\",\"@id\":\"https:\\\/\\\/secure.gravatar.com\\\/avatar\\\/a545bbb6f84efdd5553dbbc2895e3ca8f1d12c5215e00a041c9670b54aa9b18a?s=96&d=mm&r=g\",\"url\":\"https:\\\/\\\/secure.gravatar.com\\\/avatar\\\/a545bbb6f84efdd5553dbbc2895e3ca8f1d12c5215e00a041c9670b54aa9b18a?s=96&d=mm&r=g\",\"contentUrl\":\"https:\\\/\\\/secure.gravatar.com\\\/avatar\\\/a545bbb6f84efdd5553dbbc2895e3ca8f1d12c5215e00a041c9670b54aa9b18a?s=96&d=mm&r=g\",\"caption\":\"MC\"},\"url\":\"https:\\\/\\\/www.webdo.tn\\\/fr\\\/actualite\\\/author\\\/mc\\\/\"}]}<\/script>\n<!-- \/ Yoast SEO Premium plugin. -->","yoast_head_json":{"title":"Tunisie - Irak : Renforcer la coop\u00e9ration bilat\u00e9rale","description":"Kais Saied a re\u00e7u, hier au Palais de Carthage, le Premier ministre irakien, Mohammed Chia Al-Soudani, dans le cadre d'une visite officielle en Tunisie. Lors de...","canonical":"https:\/\/www.webdo.tn\/fr\/actualite\/national\/tunisie-irak-renforcer-la-cooperation-bilaterale\/216066\/","og_locale":"fr_FR","og_type":"article","og_title":"Tunisie - Irak : Renforcer la coop\u00e9ration bilat\u00e9rale","og_description":"Kais Saied a re\u00e7u, hier au Palais de Carthage, le Premier ministre irakien, Mohammed Chia Al-Soudani, dans le cadre d'une visite officielle en Tunisie. Lors de...","og_url":"https:\/\/www.webdo.tn\/fr\/actualite\/national\/tunisie-irak-renforcer-la-cooperation-bilaterale\/216066\/","og_site_name":"webdo","article_publisher":"https:\/\/www.facebook.com\/webdotn","article_published_time":"2024-08-29T10:14:00+00:00","article_modified_time":"2025-05-20T21:49:32+00:00","og_image":[{"width":750,"height":400,"url":"https:\/\/www.webdo.tn\/fr\/wp-content\/uploads\/2024\/08\/fad880023f68a6ce86e8f6c7bb65b497.webp","type":"image\/webp"}],"author":"MC","twitter_card":"summary_large_image","twitter_creator":"@webdo_tn","twitter_site":"@webdo_tn","twitter_misc":{"\u00c9crit par":"MC","Dur\u00e9e de lecture estim\u00e9e":"1 minute"},"schema":{"@context":"https:\/\/schema.org","@graph":[{"@type":"NewsArticle","@id":"https:\/\/www.webdo.tn\/fr\/actualite\/national\/tunisie-irak-renforcer-la-cooperation-bilaterale\/216066\/#article","isPartOf":{"@id":"https:\/\/www.webdo.tn\/fr\/actualite\/national\/tunisie-irak-renforcer-la-cooperation-bilaterale\/216066\/"},"author":{"name":"MC","@id":"https:\/\/www.webdo.tn\/fr\/#\/schema\/person\/2c4929cbf5a809e3bd38617c6ce150f6"},"headline":"Tunisie &#8211; Irak : Renforcer la coop\u00e9ration bilat\u00e9rale","datePublished":"2024-08-29T10:14:00+00:00","dateModified":"2025-05-20T21:49:32+00:00","mainEntityOfPage":{"@id":"https:\/\/www.webdo.tn\/fr\/actualite\/national\/tunisie-irak-renforcer-la-cooperation-bilaterale\/216066\/"},"wordCount":206,"commentCount":0,"publisher":{"@id":"https:\/\/www.webdo.tn\/fr\/#organization"},"image":{"@id":"https:\/\/www.webdo.tn\/fr\/actualite\/national\/tunisie-irak-renforcer-la-cooperation-bilaterale\/216066\/#primaryimage"},"thumbnailUrl":"https:\/\/www.webdo.tn\/fr\/wp-content\/uploads\/2024\/08\/fad880023f68a6ce86e8f6c7bb65b497.webp","keywords":["coop\u00e9ration","irak","Tunisie"],"articleSection":["National"],"inLanguage":"fr-FR"},{"@type":"WebPage","@id":"https:\/\/www.webdo.tn\/fr\/actualite\/national\/tunisie-irak-renforcer-la-cooperation-bilaterale\/216066\/","url":"https:\/\/www.webdo.tn\/fr\/actualite\/national\/tunisie-irak-renforcer-la-cooperation-bilaterale\/216066\/","name":"Tunisie - Irak : Renforcer la coop\u00e9ration bilat\u00e9rale","isPartOf":{"@id":"https:\/\/www.webdo.tn\/fr\/#website"},"primaryImageOfPage":{"@id":"https:\/\/www.webdo.tn\/fr\/actualite\/national\/tunisie-irak-renforcer-la-cooperation-bilaterale\/216066\/#primaryimage"},"image":{"@id":"https:\/\/www.webdo.tn\/fr\/actualite\/national\/tunisie-irak-renforcer-la-cooperation-bilaterale\/216066\/#primaryimage"},"thumbnailUrl":"https:\/\/www.webdo.tn\/fr\/wp-content\/uploads\/2024\/08\/fad880023f68a6ce86e8f6c7bb65b497.webp","datePublished":"2024-08-29T10:14:00+00:00","dateModified":"2025-05-20T21:49:32+00:00","description":"Kais Saied a re\u00e7u, hier au Palais de Carthage, le Premier ministre irakien, Mohammed Chia Al-Soudani, dans le cadre d'une visite officielle en Tunisie. Lors de...","breadcrumb":{"@id":"https:\/\/www.webdo.tn\/fr\/actualite\/national\/tunisie-irak-renforcer-la-cooperation-bilaterale\/216066\/#breadcrumb"},"inLanguage":"fr-FR","potentialAction":[{"@type":"ReadAction","target":["https:\/\/www.webdo.tn\/fr\/actualite\/national\/tunisie-irak-renforcer-la-cooperation-bilaterale\/216066\/"]}]},{"@type":"ImageObject","inLanguage":"fr-FR","@id":"https:\/\/www.webdo.tn\/fr\/actualite\/national\/tunisie-irak-renforcer-la-cooperation-bilaterale\/216066\/#primaryimage","url":"https:\/\/www.webdo.tn\/fr\/wp-content\/uploads\/2024\/08\/fad880023f68a6ce86e8f6c7bb65b497.webp","contentUrl":"https:\/\/www.webdo.tn\/fr\/wp-content\/uploads\/2024\/08\/fad880023f68a6ce86e8f6c7bb65b497.webp","width":750,"height":400,"caption":"Tunisie - Irak : Renforcer la coop\u00e9ration bilat\u00e9rale"},{"@type":"BreadcrumbList","@id":"https:\/\/www.webdo.tn\/fr\/actualite\/national\/tunisie-irak-renforcer-la-cooperation-bilaterale\/216066\/#breadcrumb","itemListElement":[{"@type":"ListItem","position":1,"name":"Accueil","item":"https:\/\/www.webdo.tn\/fr\/"},{"@type":"ListItem","position":2,"name":"Tunisie &#8211; Irak : Renforcer la coop\u00e9ration bilat\u00e9rale"}]},{"@type":"WebSite","@id":"https:\/\/www.webdo.tn\/fr\/#website","url":"https:\/\/www.webdo.tn\/fr\/","name":"webdo","description":"Tunisie - News en Tunisie et \u00e0 l&#039;international sur Webdo.tn","publisher":{"@id":"https:\/\/www.webdo.tn\/fr\/#organization"},"potentialAction":[{"@type":"SearchAction","target":{"@type":"EntryPoint","urlTemplate":"https:\/\/www.webdo.tn\/fr\/?s={search_term_string}"},"query-input":{"@type":"PropertyValueSpecification","valueRequired":true,"valueName":"search_term_string"}}],"inLanguage":"fr-FR"},{"@type":"Organization","@id":"https:\/\/www.webdo.tn\/fr\/#organization","name":"Webdo","alternateName":"Webdo.tn","url":"https:\/\/www.webdo.tn\/fr\/","logo":{"@type":"ImageObject","inLanguage":"fr-FR","@id":"https:\/\/www.webdo.tn\/fr\/#\/schema\/logo\/image\/","url":"https:\/\/www.webdo.tn\/fr\/wp-content\/uploads\/2025\/06\/Webdo-Tunisie_168377.jpg","contentUrl":"https:\/\/www.webdo.tn\/fr\/wp-content\/uploads\/2025\/06\/Webdo-Tunisie_168377.jpg","width":301,"height":301,"caption":"Webdo"},"image":{"@id":"https:\/\/www.webdo.tn\/fr\/#\/schema\/logo\/image\/"},"sameAs":["https:\/\/www.facebook.com\/webdotn","https:\/\/x.com\/webdo_tn"],"description":"Webdo est un m\u00e9dia num\u00e9rique tunisien fond\u00e9 en 2010, sp\u00e9cialis\u00e9 dans l\u2019actualit\u00e9 nationale et internationale, l\u2019\u00e9conomie, la soci\u00e9t\u00e9 et les analyses politiques. Le site s\u2019adresse \u00e0 un large public francophone et couvre l\u2019information tunisienne en temps r\u00e9el.","email":"redac@webdo.tn","legalName":"YNJ SARL","foundingDate":"2010-09-06","numberOfEmployees":{"@type":"QuantitativeValue","minValue":"11","maxValue":"50"}},{"@type":"Person","@id":"https:\/\/www.webdo.tn\/fr\/#\/schema\/person\/2c4929cbf5a809e3bd38617c6ce150f6","name":"MC","image":{"@type":"ImageObject","inLanguage":"fr-FR","@id":"https:\/\/secure.gravatar.com\/avatar\/a545bbb6f84efdd5553dbbc2895e3ca8f1d12c5215e00a041c9670b54aa9b18a?s=96&d=mm&r=g","url":"https:\/\/secure.gravatar.com\/avatar\/a545bbb6f84efdd5553dbbc2895e3ca8f1d12c5215e00a041c9670b54aa9b18a?s=96&d=mm&r=g","contentUrl":"https:\/\/secure.gravatar.com\/avatar\/a545bbb6f84efdd5553dbbc2895e3ca8f1d12c5215e00a041c9670b54aa9b18a?s=96&d=mm&r=g","caption":"MC"},"url":"https:\/\/www.webdo.tn\/fr\/actualite\/author\/mc\/"}]}},"_links":{"self":[{"href":"https:\/\/www.webdo.tn\/fr\/wp-json\/wp\/v2\/posts\/216066","targetHints":{"allow":["GET"]}}],"collection":[{"href":"https:\/\/www.webdo.tn\/fr\/wp-json\/wp\/v2\/posts"}],"about":[{"href":"https:\/\/www.webdo.tn\/fr\/wp-json\/wp\/v2\/types\/post"}],"author":[{"embeddable":true,"href":"https:\/\/www.webdo.tn\/fr\/wp-json\/wp\/v2\/users\/3162"}],"replies":[{"embeddable":true,"href":"https:\/\/www.webdo.tn\/fr\/wp-json\/wp\/v2\/comments?post=216066"}],"version-history":[{"count":0,"href":"https:\/\/www.webdo.tn\/fr\/wp-json\/wp\/v2\/posts\/216066\/revisions"}],"wp:featuredmedia":[{"embeddable":true,"href":"https:\/\/www.webdo.tn\/fr\/wp-json\/wp\/v2\/media\/246678"}],"wp:attachment":[{"href":"https:\/\/www.webdo.tn\/fr\/wp-json\/wp\/v2\/media?parent=216066"}],"wp:term":[{"taxonomy":"category","embeddable":true,"href":"https:\/\/www.webdo.tn\/fr\/wp-json\/wp\/v2\/categories?post=216066"},{"taxonomy":"post_tag","embeddable":true,"href":"https:\/\/www.webdo.tn\/fr\/wp-json\/wp\/v2\/tags?post=216066"}],"curies":[{"name":"wp","href":"https:\/\/api.w.org\/{rel}","templated":true}]}}