{"id":216065,"date":"2024-08-29T09:52:00","date_gmt":"2024-08-29T09:52:00","guid":{"rendered":"https:\/\/www.webdo.tn\/fr\/blog\/jeux-paralympiques-boccia-athletisme-aviron-triathlon-les-tunisiens-a-l-heure-de-paris\/216065\/"},"modified":"2025-05-20T21:49:32","modified_gmt":"2025-05-20T21:49:32","slug":"jeux-paralympiques-boccia-athletisme-aviron-triathlon-les-tunisiens-a-l-heure-de-paris","status":"publish","type":"post","link":"https:\/\/www.webdo.tn\/fr\/actualite\/sport\/jeux-paralympiques-boccia-athletisme-aviron-triathlon-les-tunisiens-a-l-heure-de-paris\/216065\/","title":{"rendered":"Jeux Paralympiques : Boccia, athl\u00e9tisme, aviron, triathlon\u2026 Les Tunisiens \u00e0 l\u2019heure de Paris"},"content":{"rendered":"<p>Le drapeau tunisien a flott\u00e9 haut hier soir lors de la c\u00e9r\u00e9monie d&rsquo;ouverture, Place de la Concorde \u00e0 Paris avec la d\u00e9l\u00e9gation conduite par les champions Mohamed Farhat Chida et Marwa Brahmi, sachant que la Tunisie sera pr\u00e9sente avec 30 champions dans quatre disciplines sportives.<\/p>\n<p>\t\t\t\t\t\t\t\t\tC\u2019est parti pour les Jeux Paralympiques, qui se d\u00e9roulent dans la capitale fran\u00e7aise, Paris, du 28 ao\u00fbt au 8 septembre 24. La Tunisie participe avec ses h\u00e9ros afin de r\u00e9aliser de nouveaux exploits.<\/p>\n<p>Apr\u00e8s la magnifique c\u00e9r\u00e9monie d&rsquo;ouverture place de la Concorde, la participation tunisienne commence ce matin, avec Achref Tayahi, Ayed Ben Youb et Maha Ounallah en boccia.<\/p>\n<p>C\u2019est un sport qui n\u2019existe pas chez les valides. La boccia est un m\u00e9lange entre p\u00e9tanque et curling. Les origines de la boccia, terme italien signifiant \u00ab\u00a0boule\u00a0\u00bb, remonteraient \u00e0 l\u2019\u00e9poque gr\u00e9co-romaine.<\/p>\n<p>Elle est aujourd\u2019hui pratiqu\u00e9e sur un terrain de 12,5 m\u00e8tres sur 6 m\u00e8tres par des athl\u00e8tes en fauteuil roulant, dont le handicap atteint les fonctions motrices ou c\u00e9r\u00e9brales.<\/p>\n<p>Les choses s\u00e9rieuses commencent pour nos 30 athl\u00e8tes (13 femmes et 17 hommes) en athl\u00e9tisme, aviron, triathlon et boccia.<\/p>\n<p>Athl\u00e9tisme<\/p>\n<p>\tWalid Ktila (T34): 100 et 800m en cha\u00eese roulante<br \/>\n\tSoumaya Boussaid (T13): 400 et 1500m<br \/>\n\tMohamed Farhat Chida (T38): 400m et saut en longueur<br \/>\n\tRaouaa Tlili (F41): Lancer du disque et du poids<br \/>\n\tRouay Jebabli (T12): 400 et 1500m<br \/>\n\tRaja Jebali (F40): lancer du poids<br \/>\n\tNada Behi (T37) : 400m<br \/>\n\tBechir Agoubi (T46) : 1500m<br \/>\n\tWassim Salhi (F32) : club<br \/>\n\tYassine Gharbi (T54) : 400m<br \/>\n\tMohamed Nidhal Kh\u00e9lifi (T53) : 400m<br \/>\n\tSawsen Ben Mbarek (F34): lancer du javelot.<br \/>\n\tYosr Ben Jemaa (F34): lancer du javelot<br \/>\n\tAmenallah Tissaoui (T37) : 400m<br \/>\n\tFethia Amaimia (F41) : Lancer du disque<br \/>\n\tJih\u00e8ne Azaiez (F46) : Lancer du poids<br \/>\n\tMaroua Brahmi (F32) : Lancer du poids<br \/>\n\tSaida Neili (F32) : Lancer du poids<br \/>\n\tYassine Guennichi (F36): Lancer du poids<br \/>\n\tNourh\u00e8ne Belhaj (F40): lancer du poids<br \/>\n\tOussama Sassi (F33) : Lancer du poids<br \/>\n\tWajdi Boukhili (T12): marathon<br \/>\n\tHatem Nasrallah (T12): marathon<br \/>\n\tAhmed Ben Mosleh (F37): lancer du poids<br \/>\n\tSamar Ben Kaalab (F41): lancer du disque et du poids<\/p>\n<p>Boccia<\/p>\n<p>\tAchref Tayahi (BC2)<br \/>\n\tAyed Ben Youb (BC2)<br \/>\n\tMaha Ounallah (BC1)<\/p>\n<p>Aviron<\/p>\n<p>\tMaher Rahmani (PR1)<\/p>\n<p>Triathlon<\/p>\n<p>\tFethi Zouinkhi<\/p>\n","protected":false},"excerpt":{"rendered":"<p>C\u2019est parti pour les Jeux Paralympiques, qui se d\u00e9roulent dans la capitale fran\u00e7aise, Paris, du 28 ao\u00fbt au 8 septembre 24. La Tunisie participe avec ses h\u00e9ros a&#8230;<\/p>\n","protected":false},"author":3162,"featured_media":246677,"comment_status":"open","ping_status":"closed","sticky":false,"template":"","format":"standard","meta":{"footnotes":""},"categories":[2593],"tags":[5728,5825,5827,5779,5778,5826],"class_list":["post-216065","post","type-post","status-publish","format-standard","has-post-thumbnail","hentry","category-sport","tag-athletisme","tag-aviron","tag-boccia","tag-jeux-paralympiques","tag-paris-2024","tag-triathlon"],"yoast_head":"<!-- This site is optimized with the Yoast SEO Premium plugin v27.4 (Yoast SEO v27.5) - https:\/\/yoast.com\/product\/yoast-seo-premium-wordpress\/ -->\n<title>Jeux Paralympiques : Boccia, athl\u00e9tisme, aviron, triathlon\u2026 Les Tunisiens \u00e0 l\u2019heure de Paris<\/title>\n<meta name=\"description\" content=\"C\u2019est parti pour les Jeux Paralympiques, qui se d\u00e9roulent dans la capitale fran\u00e7aise, Paris, du 28 ao\u00fbt au 8 septembre 24. La Tunisie participe avec ses h\u00e9ros a...\" \/>\n<link rel=\"canonical\" href=\"https:\/\/www.webdo.tn\/fr\/actualite\/sport\/jeux-paralympiques-boccia-athletisme-aviron-triathlon-les-tunisiens-a-l-heure-de-paris\/216065\/\" \/>\n<meta property=\"og:locale\" content=\"fr_FR\" \/>\n<meta property=\"og:type\" content=\"article\" \/>\n<meta property=\"og:title\" content=\"Jeux Paralympiques : Boccia, athl\u00e9tisme, aviron, triathlon\u2026 Les Tunisiens \u00e0 l\u2019heure de Paris\" \/>\n<meta property=\"og:description\" content=\"C\u2019est parti pour les Jeux Paralympiques, qui se d\u00e9roulent dans la capitale fran\u00e7aise, Paris, du 28 ao\u00fbt au 8 septembre 24. La Tunisie participe avec ses h\u00e9ros a...\" \/>\n<meta property=\"og:url\" content=\"https:\/\/www.webdo.tn\/fr\/actualite\/sport\/jeux-paralympiques-boccia-athletisme-aviron-triathlon-les-tunisiens-a-l-heure-de-paris\/216065\/\" \/>\n<meta property=\"og:site_name\" content=\"webdo\" \/>\n<meta property=\"article:publisher\" content=\"https:\/\/www.facebook.com\/webdotn\" \/>\n<meta property=\"article:published_time\" content=\"2024-08-29T09:52:00+00:00\" \/>\n<meta property=\"article:modified_time\" content=\"2025-05-20T21:49:32+00:00\" \/>\n<meta property=\"og:image\" content=\"https:\/\/www.webdo.tn\/fr\/wp-content\/uploads\/2024\/08\/08a819607dfe6402ecbae5d6e87f2d51.webp\" \/>\n\t<meta property=\"og:image:width\" content=\"750\" \/>\n\t<meta property=\"og:image:height\" content=\"400\" \/>\n\t<meta property=\"og:image:type\" content=\"image\/webp\" \/>\n<meta name=\"author\" content=\"MC\" \/>\n<meta name=\"twitter:card\" content=\"summary_large_image\" \/>\n<meta name=\"twitter:creator\" content=\"@webdo_tn\" \/>\n<meta name=\"twitter:site\" content=\"@webdo_tn\" \/>\n<meta name=\"twitter:label1\" content=\"\u00c9crit par\" \/>\n\t<meta name=\"twitter:data1\" content=\"MC\" \/>\n\t<meta name=\"twitter:label2\" content=\"Dur\u00e9e de lecture estim\u00e9e\" \/>\n\t<meta name=\"twitter:data2\" content=\"2 minutes\" \/>\n<script type=\"application\/ld+json\" class=\"yoast-schema-graph\">{\"@context\":\"https:\\\/\\\/schema.org\",\"@graph\":[{\"@type\":\"NewsArticle\",\"@id\":\"https:\\\/\\\/www.webdo.tn\\\/fr\\\/actualite\\\/sport\\\/jeux-paralympiques-boccia-athletisme-aviron-triathlon-les-tunisiens-a-l-heure-de-paris\\\/216065\\\/#article\",\"isPartOf\":{\"@id\":\"https:\\\/\\\/www.webdo.tn\\\/fr\\\/actualite\\\/sport\\\/jeux-paralympiques-boccia-athletisme-aviron-triathlon-les-tunisiens-a-l-heure-de-paris\\\/216065\\\/\"},\"author\":{\"name\":\"MC\",\"@id\":\"https:\\\/\\\/www.webdo.tn\\\/fr\\\/#\\\/schema\\\/person\\\/2c4929cbf5a809e3bd38617c6ce150f6\"},\"headline\":\"Jeux Paralympiques : Boccia, athl\u00e9tisme, aviron, triathlon\u2026 Les Tunisiens \u00e0 l\u2019heure de Paris\",\"datePublished\":\"2024-08-29T09:52:00+00:00\",\"dateModified\":\"2025-05-20T21:49:32+00:00\",\"mainEntityOfPage\":{\"@id\":\"https:\\\/\\\/www.webdo.tn\\\/fr\\\/actualite\\\/sport\\\/jeux-paralympiques-boccia-athletisme-aviron-triathlon-les-tunisiens-a-l-heure-de-paris\\\/216065\\\/\"},\"wordCount\":388,\"commentCount\":0,\"publisher\":{\"@id\":\"https:\\\/\\\/www.webdo.tn\\\/fr\\\/#organization\"},\"image\":{\"@id\":\"https:\\\/\\\/www.webdo.tn\\\/fr\\\/actualite\\\/sport\\\/jeux-paralympiques-boccia-athletisme-aviron-triathlon-les-tunisiens-a-l-heure-de-paris\\\/216065\\\/#primaryimage\"},\"thumbnailUrl\":\"https:\\\/\\\/www.webdo.tn\\\/fr\\\/wp-content\\\/uploads\\\/2024\\\/08\\\/08a819607dfe6402ecbae5d6e87f2d51.webp\",\"keywords\":[\"athl\u00e9tisme\",\"aviron\",\"boccia\",\"jeux paralympiques\",\"Paris 2024\",\"triathlon\"],\"articleSection\":[\"Sport\"],\"inLanguage\":\"fr-FR\"},{\"@type\":\"WebPage\",\"@id\":\"https:\\\/\\\/www.webdo.tn\\\/fr\\\/actualite\\\/sport\\\/jeux-paralympiques-boccia-athletisme-aviron-triathlon-les-tunisiens-a-l-heure-de-paris\\\/216065\\\/\",\"url\":\"https:\\\/\\\/www.webdo.tn\\\/fr\\\/actualite\\\/sport\\\/jeux-paralympiques-boccia-athletisme-aviron-triathlon-les-tunisiens-a-l-heure-de-paris\\\/216065\\\/\",\"name\":\"Jeux Paralympiques : Boccia, athl\u00e9tisme, aviron, triathlon\u2026 Les Tunisiens \u00e0 l\u2019heure de Paris\",\"isPartOf\":{\"@id\":\"https:\\\/\\\/www.webdo.tn\\\/fr\\\/#website\"},\"primaryImageOfPage\":{\"@id\":\"https:\\\/\\\/www.webdo.tn\\\/fr\\\/actualite\\\/sport\\\/jeux-paralympiques-boccia-athletisme-aviron-triathlon-les-tunisiens-a-l-heure-de-paris\\\/216065\\\/#primaryimage\"},\"image\":{\"@id\":\"https:\\\/\\\/www.webdo.tn\\\/fr\\\/actualite\\\/sport\\\/jeux-paralympiques-boccia-athletisme-aviron-triathlon-les-tunisiens-a-l-heure-de-paris\\\/216065\\\/#primaryimage\"},\"thumbnailUrl\":\"https:\\\/\\\/www.webdo.tn\\\/fr\\\/wp-content\\\/uploads\\\/2024\\\/08\\\/08a819607dfe6402ecbae5d6e87f2d51.webp\",\"datePublished\":\"2024-08-29T09:52:00+00:00\",\"dateModified\":\"2025-05-20T21:49:32+00:00\",\"description\":\"C\u2019est parti pour les Jeux Paralympiques, qui se d\u00e9roulent dans la capitale fran\u00e7aise, Paris, du 28 ao\u00fbt au 8 septembre 24. La Tunisie participe avec ses h\u00e9ros a...\",\"breadcrumb\":{\"@id\":\"https:\\\/\\\/www.webdo.tn\\\/fr\\\/actualite\\\/sport\\\/jeux-paralympiques-boccia-athletisme-aviron-triathlon-les-tunisiens-a-l-heure-de-paris\\\/216065\\\/#breadcrumb\"},\"inLanguage\":\"fr-FR\",\"potentialAction\":[{\"@type\":\"ReadAction\",\"target\":[\"https:\\\/\\\/www.webdo.tn\\\/fr\\\/actualite\\\/sport\\\/jeux-paralympiques-boccia-athletisme-aviron-triathlon-les-tunisiens-a-l-heure-de-paris\\\/216065\\\/\"]}]},{\"@type\":\"ImageObject\",\"inLanguage\":\"fr-FR\",\"@id\":\"https:\\\/\\\/www.webdo.tn\\\/fr\\\/actualite\\\/sport\\\/jeux-paralympiques-boccia-athletisme-aviron-triathlon-les-tunisiens-a-l-heure-de-paris\\\/216065\\\/#primaryimage\",\"url\":\"https:\\\/\\\/www.webdo.tn\\\/fr\\\/wp-content\\\/uploads\\\/2024\\\/08\\\/08a819607dfe6402ecbae5d6e87f2d51.webp\",\"contentUrl\":\"https:\\\/\\\/www.webdo.tn\\\/fr\\\/wp-content\\\/uploads\\\/2024\\\/08\\\/08a819607dfe6402ecbae5d6e87f2d51.webp\",\"width\":750,\"height\":400,\"caption\":\"Jeux Paralympiques : Boccia, athl\u00e9tisme, aviron, triathlon\u2026 Les Tunisiens \u00e0 l\u2019heure de Paris\"},{\"@type\":\"BreadcrumbList\",\"@id\":\"https:\\\/\\\/www.webdo.tn\\\/fr\\\/actualite\\\/sport\\\/jeux-paralympiques-boccia-athletisme-aviron-triathlon-les-tunisiens-a-l-heure-de-paris\\\/216065\\\/#breadcrumb\",\"itemListElement\":[{\"@type\":\"ListItem\",\"position\":1,\"name\":\"Accueil\",\"item\":\"https:\\\/\\\/www.webdo.tn\\\/fr\\\/\"},{\"@type\":\"ListItem\",\"position\":2,\"name\":\"Jeux Paralympiques : Boccia, athl\u00e9tisme, aviron, triathlon\u2026 Les Tunisiens \u00e0 l\u2019heure de Paris\"}]},{\"@type\":\"WebSite\",\"@id\":\"https:\\\/\\\/www.webdo.tn\\\/fr\\\/#website\",\"url\":\"https:\\\/\\\/www.webdo.tn\\\/fr\\\/\",\"name\":\"webdo\",\"description\":\"Tunisie - News en Tunisie et \u00e0 l&#039;international sur Webdo.tn\",\"publisher\":{\"@id\":\"https:\\\/\\\/www.webdo.tn\\\/fr\\\/#organization\"},\"potentialAction\":[{\"@type\":\"SearchAction\",\"target\":{\"@type\":\"EntryPoint\",\"urlTemplate\":\"https:\\\/\\\/www.webdo.tn\\\/fr\\\/?s={search_term_string}\"},\"query-input\":{\"@type\":\"PropertyValueSpecification\",\"valueRequired\":true,\"valueName\":\"search_term_string\"}}],\"inLanguage\":\"fr-FR\"},{\"@type\":\"Organization\",\"@id\":\"https:\\\/\\\/www.webdo.tn\\\/fr\\\/#organization\",\"name\":\"Webdo\",\"alternateName\":\"Webdo.tn\",\"url\":\"https:\\\/\\\/www.webdo.tn\\\/fr\\\/\",\"logo\":{\"@type\":\"ImageObject\",\"inLanguage\":\"fr-FR\",\"@id\":\"https:\\\/\\\/www.webdo.tn\\\/fr\\\/#\\\/schema\\\/logo\\\/image\\\/\",\"url\":\"https:\\\/\\\/www.webdo.tn\\\/fr\\\/wp-content\\\/uploads\\\/2025\\\/06\\\/Webdo-Tunisie_168377.jpg\",\"contentUrl\":\"https:\\\/\\\/www.webdo.tn\\\/fr\\\/wp-content\\\/uploads\\\/2025\\\/06\\\/Webdo-Tunisie_168377.jpg\",\"width\":301,\"height\":301,\"caption\":\"Webdo\"},\"image\":{\"@id\":\"https:\\\/\\\/www.webdo.tn\\\/fr\\\/#\\\/schema\\\/logo\\\/image\\\/\"},\"sameAs\":[\"https:\\\/\\\/www.facebook.com\\\/webdotn\",\"https:\\\/\\\/x.com\\\/webdo_tn\"],\"description\":\"Webdo est un m\u00e9dia num\u00e9rique tunisien fond\u00e9 en 2010, sp\u00e9cialis\u00e9 dans l\u2019actualit\u00e9 nationale et internationale, l\u2019\u00e9conomie, la soci\u00e9t\u00e9 et les analyses politiques. Le site s\u2019adresse \u00e0 un large public francophone et couvre l\u2019information tunisienne en temps r\u00e9el.\",\"email\":\"redac@webdo.tn\",\"legalName\":\"YNJ SARL\",\"foundingDate\":\"2010-09-06\",\"numberOfEmployees\":{\"@type\":\"QuantitativeValue\",\"minValue\":\"11\",\"maxValue\":\"50\"}},{\"@type\":\"Person\",\"@id\":\"https:\\\/\\\/www.webdo.tn\\\/fr\\\/#\\\/schema\\\/person\\\/2c4929cbf5a809e3bd38617c6ce150f6\",\"name\":\"MC\",\"image\":{\"@type\":\"ImageObject\",\"inLanguage\":\"fr-FR\",\"@id\":\"https:\\\/\\\/secure.gravatar.com\\\/avatar\\\/a545bbb6f84efdd5553dbbc2895e3ca8f1d12c5215e00a041c9670b54aa9b18a?s=96&d=mm&r=g\",\"url\":\"https:\\\/\\\/secure.gravatar.com\\\/avatar\\\/a545bbb6f84efdd5553dbbc2895e3ca8f1d12c5215e00a041c9670b54aa9b18a?s=96&d=mm&r=g\",\"contentUrl\":\"https:\\\/\\\/secure.gravatar.com\\\/avatar\\\/a545bbb6f84efdd5553dbbc2895e3ca8f1d12c5215e00a041c9670b54aa9b18a?s=96&d=mm&r=g\",\"caption\":\"MC\"},\"url\":\"https:\\\/\\\/www.webdo.tn\\\/fr\\\/actualite\\\/author\\\/mc\\\/\"}]}<\/script>\n<!-- \/ Yoast SEO Premium plugin. -->","yoast_head_json":{"title":"Jeux Paralympiques : Boccia, athl\u00e9tisme, aviron, triathlon\u2026 Les Tunisiens \u00e0 l\u2019heure de Paris","description":"C\u2019est parti pour les Jeux Paralympiques, qui se d\u00e9roulent dans la capitale fran\u00e7aise, Paris, du 28 ao\u00fbt au 8 septembre 24. La Tunisie participe avec ses h\u00e9ros a...","canonical":"https:\/\/www.webdo.tn\/fr\/actualite\/sport\/jeux-paralympiques-boccia-athletisme-aviron-triathlon-les-tunisiens-a-l-heure-de-paris\/216065\/","og_locale":"fr_FR","og_type":"article","og_title":"Jeux Paralympiques : Boccia, athl\u00e9tisme, aviron, triathlon\u2026 Les Tunisiens \u00e0 l\u2019heure de Paris","og_description":"C\u2019est parti pour les Jeux Paralympiques, qui se d\u00e9roulent dans la capitale fran\u00e7aise, Paris, du 28 ao\u00fbt au 8 septembre 24. La Tunisie participe avec ses h\u00e9ros a...","og_url":"https:\/\/www.webdo.tn\/fr\/actualite\/sport\/jeux-paralympiques-boccia-athletisme-aviron-triathlon-les-tunisiens-a-l-heure-de-paris\/216065\/","og_site_name":"webdo","article_publisher":"https:\/\/www.facebook.com\/webdotn","article_published_time":"2024-08-29T09:52:00+00:00","article_modified_time":"2025-05-20T21:49:32+00:00","og_image":[{"width":750,"height":400,"url":"https:\/\/www.webdo.tn\/fr\/wp-content\/uploads\/2024\/08\/08a819607dfe6402ecbae5d6e87f2d51.webp","type":"image\/webp"}],"author":"MC","twitter_card":"summary_large_image","twitter_creator":"@webdo_tn","twitter_site":"@webdo_tn","twitter_misc":{"\u00c9crit par":"MC","Dur\u00e9e de lecture estim\u00e9e":"2 minutes"},"schema":{"@context":"https:\/\/schema.org","@graph":[{"@type":"NewsArticle","@id":"https:\/\/www.webdo.tn\/fr\/actualite\/sport\/jeux-paralympiques-boccia-athletisme-aviron-triathlon-les-tunisiens-a-l-heure-de-paris\/216065\/#article","isPartOf":{"@id":"https:\/\/www.webdo.tn\/fr\/actualite\/sport\/jeux-paralympiques-boccia-athletisme-aviron-triathlon-les-tunisiens-a-l-heure-de-paris\/216065\/"},"author":{"name":"MC","@id":"https:\/\/www.webdo.tn\/fr\/#\/schema\/person\/2c4929cbf5a809e3bd38617c6ce150f6"},"headline":"Jeux Paralympiques : Boccia, athl\u00e9tisme, aviron, triathlon\u2026 Les Tunisiens \u00e0 l\u2019heure de Paris","datePublished":"2024-08-29T09:52:00+00:00","dateModified":"2025-05-20T21:49:32+00:00","mainEntityOfPage":{"@id":"https:\/\/www.webdo.tn\/fr\/actualite\/sport\/jeux-paralympiques-boccia-athletisme-aviron-triathlon-les-tunisiens-a-l-heure-de-paris\/216065\/"},"wordCount":388,"commentCount":0,"publisher":{"@id":"https:\/\/www.webdo.tn\/fr\/#organization"},"image":{"@id":"https:\/\/www.webdo.tn\/fr\/actualite\/sport\/jeux-paralympiques-boccia-athletisme-aviron-triathlon-les-tunisiens-a-l-heure-de-paris\/216065\/#primaryimage"},"thumbnailUrl":"https:\/\/www.webdo.tn\/fr\/wp-content\/uploads\/2024\/08\/08a819607dfe6402ecbae5d6e87f2d51.webp","keywords":["athl\u00e9tisme","aviron","boccia","jeux paralympiques","Paris 2024","triathlon"],"articleSection":["Sport"],"inLanguage":"fr-FR"},{"@type":"WebPage","@id":"https:\/\/www.webdo.tn\/fr\/actualite\/sport\/jeux-paralympiques-boccia-athletisme-aviron-triathlon-les-tunisiens-a-l-heure-de-paris\/216065\/","url":"https:\/\/www.webdo.tn\/fr\/actualite\/sport\/jeux-paralympiques-boccia-athletisme-aviron-triathlon-les-tunisiens-a-l-heure-de-paris\/216065\/","name":"Jeux Paralympiques : Boccia, athl\u00e9tisme, aviron, triathlon\u2026 Les Tunisiens \u00e0 l\u2019heure de Paris","isPartOf":{"@id":"https:\/\/www.webdo.tn\/fr\/#website"},"primaryImageOfPage":{"@id":"https:\/\/www.webdo.tn\/fr\/actualite\/sport\/jeux-paralympiques-boccia-athletisme-aviron-triathlon-les-tunisiens-a-l-heure-de-paris\/216065\/#primaryimage"},"image":{"@id":"https:\/\/www.webdo.tn\/fr\/actualite\/sport\/jeux-paralympiques-boccia-athletisme-aviron-triathlon-les-tunisiens-a-l-heure-de-paris\/216065\/#primaryimage"},"thumbnailUrl":"https:\/\/www.webdo.tn\/fr\/wp-content\/uploads\/2024\/08\/08a819607dfe6402ecbae5d6e87f2d51.webp","datePublished":"2024-08-29T09:52:00+00:00","dateModified":"2025-05-20T21:49:32+00:00","description":"C\u2019est parti pour les Jeux Paralympiques, qui se d\u00e9roulent dans la capitale fran\u00e7aise, Paris, du 28 ao\u00fbt au 8 septembre 24. La Tunisie participe avec ses h\u00e9ros a...","breadcrumb":{"@id":"https:\/\/www.webdo.tn\/fr\/actualite\/sport\/jeux-paralympiques-boccia-athletisme-aviron-triathlon-les-tunisiens-a-l-heure-de-paris\/216065\/#breadcrumb"},"inLanguage":"fr-FR","potentialAction":[{"@type":"ReadAction","target":["https:\/\/www.webdo.tn\/fr\/actualite\/sport\/jeux-paralympiques-boccia-athletisme-aviron-triathlon-les-tunisiens-a-l-heure-de-paris\/216065\/"]}]},{"@type":"ImageObject","inLanguage":"fr-FR","@id":"https:\/\/www.webdo.tn\/fr\/actualite\/sport\/jeux-paralympiques-boccia-athletisme-aviron-triathlon-les-tunisiens-a-l-heure-de-paris\/216065\/#primaryimage","url":"https:\/\/www.webdo.tn\/fr\/wp-content\/uploads\/2024\/08\/08a819607dfe6402ecbae5d6e87f2d51.webp","contentUrl":"https:\/\/www.webdo.tn\/fr\/wp-content\/uploads\/2024\/08\/08a819607dfe6402ecbae5d6e87f2d51.webp","width":750,"height":400,"caption":"Jeux Paralympiques : Boccia, athl\u00e9tisme, aviron, triathlon\u2026 Les Tunisiens \u00e0 l\u2019heure de Paris"},{"@type":"BreadcrumbList","@id":"https:\/\/www.webdo.tn\/fr\/actualite\/sport\/jeux-paralympiques-boccia-athletisme-aviron-triathlon-les-tunisiens-a-l-heure-de-paris\/216065\/#breadcrumb","itemListElement":[{"@type":"ListItem","position":1,"name":"Accueil","item":"https:\/\/www.webdo.tn\/fr\/"},{"@type":"ListItem","position":2,"name":"Jeux Paralympiques : Boccia, athl\u00e9tisme, aviron, triathlon\u2026 Les Tunisiens \u00e0 l\u2019heure de Paris"}]},{"@type":"WebSite","@id":"https:\/\/www.webdo.tn\/fr\/#website","url":"https:\/\/www.webdo.tn\/fr\/","name":"webdo","description":"Tunisie - News en Tunisie et \u00e0 l&#039;international sur Webdo.tn","publisher":{"@id":"https:\/\/www.webdo.tn\/fr\/#organization"},"potentialAction":[{"@type":"SearchAction","target":{"@type":"EntryPoint","urlTemplate":"https:\/\/www.webdo.tn\/fr\/?s={search_term_string}"},"query-input":{"@type":"PropertyValueSpecification","valueRequired":true,"valueName":"search_term_string"}}],"inLanguage":"fr-FR"},{"@type":"Organization","@id":"https:\/\/www.webdo.tn\/fr\/#organization","name":"Webdo","alternateName":"Webdo.tn","url":"https:\/\/www.webdo.tn\/fr\/","logo":{"@type":"ImageObject","inLanguage":"fr-FR","@id":"https:\/\/www.webdo.tn\/fr\/#\/schema\/logo\/image\/","url":"https:\/\/www.webdo.tn\/fr\/wp-content\/uploads\/2025\/06\/Webdo-Tunisie_168377.jpg","contentUrl":"https:\/\/www.webdo.tn\/fr\/wp-content\/uploads\/2025\/06\/Webdo-Tunisie_168377.jpg","width":301,"height":301,"caption":"Webdo"},"image":{"@id":"https:\/\/www.webdo.tn\/fr\/#\/schema\/logo\/image\/"},"sameAs":["https:\/\/www.facebook.com\/webdotn","https:\/\/x.com\/webdo_tn"],"description":"Webdo est un m\u00e9dia num\u00e9rique tunisien fond\u00e9 en 2010, sp\u00e9cialis\u00e9 dans l\u2019actualit\u00e9 nationale et internationale, l\u2019\u00e9conomie, la soci\u00e9t\u00e9 et les analyses politiques. Le site s\u2019adresse \u00e0 un large public francophone et couvre l\u2019information tunisienne en temps r\u00e9el.","email":"redac@webdo.tn","legalName":"YNJ SARL","foundingDate":"2010-09-06","numberOfEmployees":{"@type":"QuantitativeValue","minValue":"11","maxValue":"50"}},{"@type":"Person","@id":"https:\/\/www.webdo.tn\/fr\/#\/schema\/person\/2c4929cbf5a809e3bd38617c6ce150f6","name":"MC","image":{"@type":"ImageObject","inLanguage":"fr-FR","@id":"https:\/\/secure.gravatar.com\/avatar\/a545bbb6f84efdd5553dbbc2895e3ca8f1d12c5215e00a041c9670b54aa9b18a?s=96&d=mm&r=g","url":"https:\/\/secure.gravatar.com\/avatar\/a545bbb6f84efdd5553dbbc2895e3ca8f1d12c5215e00a041c9670b54aa9b18a?s=96&d=mm&r=g","contentUrl":"https:\/\/secure.gravatar.com\/avatar\/a545bbb6f84efdd5553dbbc2895e3ca8f1d12c5215e00a041c9670b54aa9b18a?s=96&d=mm&r=g","caption":"MC"},"url":"https:\/\/www.webdo.tn\/fr\/actualite\/author\/mc\/"}]}},"_links":{"self":[{"href":"https:\/\/www.webdo.tn\/fr\/wp-json\/wp\/v2\/posts\/216065","targetHints":{"allow":["GET"]}}],"collection":[{"href":"https:\/\/www.webdo.tn\/fr\/wp-json\/wp\/v2\/posts"}],"about":[{"href":"https:\/\/www.webdo.tn\/fr\/wp-json\/wp\/v2\/types\/post"}],"author":[{"embeddable":true,"href":"https:\/\/www.webdo.tn\/fr\/wp-json\/wp\/v2\/users\/3162"}],"replies":[{"embeddable":true,"href":"https:\/\/www.webdo.tn\/fr\/wp-json\/wp\/v2\/comments?post=216065"}],"version-history":[{"count":0,"href":"https:\/\/www.webdo.tn\/fr\/wp-json\/wp\/v2\/posts\/216065\/revisions"}],"wp:featuredmedia":[{"embeddable":true,"href":"https:\/\/www.webdo.tn\/fr\/wp-json\/wp\/v2\/media\/246677"}],"wp:attachment":[{"href":"https:\/\/www.webdo.tn\/fr\/wp-json\/wp\/v2\/media?parent=216065"}],"wp:term":[{"taxonomy":"category","embeddable":true,"href":"https:\/\/www.webdo.tn\/fr\/wp-json\/wp\/v2\/categories?post=216065"},{"taxonomy":"post_tag","embeddable":true,"href":"https:\/\/www.webdo.tn\/fr\/wp-json\/wp\/v2\/tags?post=216065"}],"curies":[{"name":"wp","href":"https:\/\/api.w.org\/{rel}","templated":true}]}}