{"id":216053,"date":"2024-08-28T12:32:00","date_gmt":"2024-08-28T12:32:00","guid":{"rendered":"https:\/\/www.webdo.tn\/fr\/blog\/le-premier-ministre-irakien-en-visite-officielle-en-tunisie\/216053\/"},"modified":"2025-05-20T22:13:57","modified_gmt":"2025-05-20T22:13:57","slug":"le-premier-ministre-irakien-en-visite-officielle-en-tunisie","status":"publish","type":"post","link":"https:\/\/www.webdo.tn\/fr\/actualite\/national\/le-premier-ministre-irakien-en-visite-officielle-en-tunisie\/216053\/","title":{"rendered":"Le Premier ministre irakien en visite officielle en Tunisie"},"content":{"rendered":"<p>Le Premier ministre irakien Mohammed Chia Al-Soudani est arriv\u00e9 en Tunisie pour une visite officielle accompagn\u00e9 d&rsquo;une d\u00e9l\u00e9gation de haut niveau.<\/p>\n<p>\t\t\t\t\t\t\t\t\tLe Premier ministre irakien Mohammed Chia Al-Soudani est arriv\u00e9, aujourd\u2019hui en Tunisie pour une visite officielle qu\u2019il entreprend. A son arriv\u00e9e \u00e0 l\u2019a\u00e9roport Tunis-Carthage, ce mercredi 28 ao\u00fbt 2024, il a \u00e9t\u00e9 accueilli par le chef du gouvernement Kamel Maddouri.<\/p>\n<p>Le Premier ministre irakien est accompagn\u00e9 d&rsquo;une d\u00e9l\u00e9gation de haut niveau, indique un communiqu\u00e9 de la Pr\u00e9sidence du gouvernement.<\/p>\n","protected":false},"excerpt":{"rendered":"<p>Le Premier ministre irakien Mohammed Chia Al-Soudani est arriv\u00e9, aujourd\u2019hui en Tunisie pour une visite officielle qu\u2019il entreprend. A son arriv\u00e9e \u00e0 l\u2019a\u00e9roport&#8230;<\/p>\n","protected":false},"author":3162,"featured_media":291002,"comment_status":"open","ping_status":"closed","sticky":false,"template":"","format":"standard","meta":{"footnotes":""},"categories":[44],"tags":[2867,2608],"class_list":["post-216053","post","type-post","status-publish","format-standard","has-post-thumbnail","hentry","category-national","tag-irak","tag-tunisie"],"yoast_head":"<!-- This site is optimized with the Yoast SEO Premium plugin v27.5 (Yoast SEO v27.5) - https:\/\/yoast.com\/product\/yoast-seo-premium-wordpress\/ -->\n<title>Le Premier ministre irakien en visite officielle en Tunisie<\/title>\n<meta name=\"description\" content=\"Le Premier ministre irakien Mohammed Chia Al-Soudani est arriv\u00e9, aujourd\u2019hui en Tunisie pour une visite officielle qu\u2019il entreprend. A son arriv\u00e9e \u00e0 l\u2019a\u00e9roport...\" \/>\n<link rel=\"canonical\" href=\"https:\/\/www.webdo.tn\/fr\/actualite\/national\/le-premier-ministre-irakien-en-visite-officielle-en-tunisie\/216053\/\" \/>\n<meta property=\"og:locale\" content=\"fr_FR\" \/>\n<meta property=\"og:type\" content=\"article\" \/>\n<meta property=\"og:title\" content=\"Le Premier ministre irakien en visite officielle en Tunisie\" \/>\n<meta property=\"og:description\" content=\"Le Premier ministre irakien Mohammed Chia Al-Soudani est arriv\u00e9, aujourd\u2019hui en Tunisie pour une visite officielle qu\u2019il entreprend. A son arriv\u00e9e \u00e0 l\u2019a\u00e9roport...\" \/>\n<meta property=\"og:url\" content=\"https:\/\/www.webdo.tn\/fr\/actualite\/national\/le-premier-ministre-irakien-en-visite-officielle-en-tunisie\/216053\/\" \/>\n<meta property=\"og:site_name\" content=\"webdo\" \/>\n<meta property=\"article:publisher\" content=\"https:\/\/www.facebook.com\/webdotn\" \/>\n<meta property=\"article:published_time\" content=\"2024-08-28T12:32:00+00:00\" \/>\n<meta property=\"article:modified_time\" content=\"2025-05-20T22:13:57+00:00\" \/>\n<meta property=\"og:image\" content=\"https:\/\/www.webdo.tn\/fr\/wp-content\/uploads\/2024\/08\/48dcf580e196f17138438d05d27ef1ed.webp\" \/>\n\t<meta property=\"og:image:width\" content=\"750\" \/>\n\t<meta property=\"og:image:height\" content=\"400\" \/>\n\t<meta property=\"og:image:type\" content=\"image\/webp\" \/>\n<meta name=\"author\" content=\"MC\" \/>\n<meta name=\"twitter:card\" content=\"summary_large_image\" \/>\n<meta name=\"twitter:creator\" content=\"@webdo_tn\" \/>\n<meta name=\"twitter:site\" content=\"@webdo_tn\" \/>\n<meta name=\"twitter:label1\" content=\"\u00c9crit par\" \/>\n\t<meta name=\"twitter:data1\" content=\"MC\" \/>\n<script type=\"application\/ld+json\" class=\"yoast-schema-graph\">{\"@context\":\"https:\\\/\\\/schema.org\",\"@graph\":[{\"@type\":\"NewsArticle\",\"@id\":\"https:\\\/\\\/www.webdo.tn\\\/fr\\\/actualite\\\/national\\\/le-premier-ministre-irakien-en-visite-officielle-en-tunisie\\\/216053\\\/#article\",\"isPartOf\":{\"@id\":\"https:\\\/\\\/www.webdo.tn\\\/fr\\\/actualite\\\/national\\\/le-premier-ministre-irakien-en-visite-officielle-en-tunisie\\\/216053\\\/\"},\"author\":{\"name\":\"MC\",\"@id\":\"https:\\\/\\\/www.webdo.tn\\\/fr\\\/#\\\/schema\\\/person\\\/2c4929cbf5a809e3bd38617c6ce150f6\"},\"headline\":\"Le Premier ministre irakien en visite officielle en Tunisie\",\"datePublished\":\"2024-08-28T12:32:00+00:00\",\"dateModified\":\"2025-05-20T22:13:57+00:00\",\"mainEntityOfPage\":{\"@id\":\"https:\\\/\\\/www.webdo.tn\\\/fr\\\/actualite\\\/national\\\/le-premier-ministre-irakien-en-visite-officielle-en-tunisie\\\/216053\\\/\"},\"wordCount\":99,\"commentCount\":0,\"publisher\":{\"@id\":\"https:\\\/\\\/www.webdo.tn\\\/fr\\\/#organization\"},\"image\":{\"@id\":\"https:\\\/\\\/www.webdo.tn\\\/fr\\\/actualite\\\/national\\\/le-premier-ministre-irakien-en-visite-officielle-en-tunisie\\\/216053\\\/#primaryimage\"},\"thumbnailUrl\":\"https:\\\/\\\/www.webdo.tn\\\/fr\\\/wp-content\\\/uploads\\\/2024\\\/08\\\/48dcf580e196f17138438d05d27ef1ed.webp\",\"keywords\":[\"irak\",\"Tunisie\"],\"articleSection\":[\"National\"],\"inLanguage\":\"fr-FR\"},{\"@type\":\"WebPage\",\"@id\":\"https:\\\/\\\/www.webdo.tn\\\/fr\\\/actualite\\\/national\\\/le-premier-ministre-irakien-en-visite-officielle-en-tunisie\\\/216053\\\/\",\"url\":\"https:\\\/\\\/www.webdo.tn\\\/fr\\\/actualite\\\/national\\\/le-premier-ministre-irakien-en-visite-officielle-en-tunisie\\\/216053\\\/\",\"name\":\"Le Premier ministre irakien en visite officielle en Tunisie\",\"isPartOf\":{\"@id\":\"https:\\\/\\\/www.webdo.tn\\\/fr\\\/#website\"},\"primaryImageOfPage\":{\"@id\":\"https:\\\/\\\/www.webdo.tn\\\/fr\\\/actualite\\\/national\\\/le-premier-ministre-irakien-en-visite-officielle-en-tunisie\\\/216053\\\/#primaryimage\"},\"image\":{\"@id\":\"https:\\\/\\\/www.webdo.tn\\\/fr\\\/actualite\\\/national\\\/le-premier-ministre-irakien-en-visite-officielle-en-tunisie\\\/216053\\\/#primaryimage\"},\"thumbnailUrl\":\"https:\\\/\\\/www.webdo.tn\\\/fr\\\/wp-content\\\/uploads\\\/2024\\\/08\\\/48dcf580e196f17138438d05d27ef1ed.webp\",\"datePublished\":\"2024-08-28T12:32:00+00:00\",\"dateModified\":\"2025-05-20T22:13:57+00:00\",\"description\":\"Le Premier ministre irakien Mohammed Chia Al-Soudani est arriv\u00e9, aujourd\u2019hui en Tunisie pour une visite officielle qu\u2019il entreprend. A son arriv\u00e9e \u00e0 l\u2019a\u00e9roport...\",\"breadcrumb\":{\"@id\":\"https:\\\/\\\/www.webdo.tn\\\/fr\\\/actualite\\\/national\\\/le-premier-ministre-irakien-en-visite-officielle-en-tunisie\\\/216053\\\/#breadcrumb\"},\"inLanguage\":\"fr-FR\",\"potentialAction\":[{\"@type\":\"ReadAction\",\"target\":[\"https:\\\/\\\/www.webdo.tn\\\/fr\\\/actualite\\\/national\\\/le-premier-ministre-irakien-en-visite-officielle-en-tunisie\\\/216053\\\/\"]}]},{\"@type\":\"ImageObject\",\"inLanguage\":\"fr-FR\",\"@id\":\"https:\\\/\\\/www.webdo.tn\\\/fr\\\/actualite\\\/national\\\/le-premier-ministre-irakien-en-visite-officielle-en-tunisie\\\/216053\\\/#primaryimage\",\"url\":\"https:\\\/\\\/www.webdo.tn\\\/fr\\\/wp-content\\\/uploads\\\/2024\\\/08\\\/48dcf580e196f17138438d05d27ef1ed.webp\",\"contentUrl\":\"https:\\\/\\\/www.webdo.tn\\\/fr\\\/wp-content\\\/uploads\\\/2024\\\/08\\\/48dcf580e196f17138438d05d27ef1ed.webp\",\"width\":750,\"height\":400,\"caption\":\"Le Premier ministre irakien en visite officielle en Tunisie\"},{\"@type\":\"BreadcrumbList\",\"@id\":\"https:\\\/\\\/www.webdo.tn\\\/fr\\\/actualite\\\/national\\\/le-premier-ministre-irakien-en-visite-officielle-en-tunisie\\\/216053\\\/#breadcrumb\",\"itemListElement\":[{\"@type\":\"ListItem\",\"position\":1,\"name\":\"Accueil\",\"item\":\"https:\\\/\\\/www.webdo.tn\\\/fr\\\/\"},{\"@type\":\"ListItem\",\"position\":2,\"name\":\"Le Premier ministre irakien en visite officielle en Tunisie\"}]},{\"@type\":\"WebSite\",\"@id\":\"https:\\\/\\\/www.webdo.tn\\\/fr\\\/#website\",\"url\":\"https:\\\/\\\/www.webdo.tn\\\/fr\\\/\",\"name\":\"webdo\",\"description\":\"Tunisie - News en Tunisie et \u00e0 l&#039;international sur Webdo.tn\",\"publisher\":{\"@id\":\"https:\\\/\\\/www.webdo.tn\\\/fr\\\/#organization\"},\"potentialAction\":[{\"@type\":\"SearchAction\",\"target\":{\"@type\":\"EntryPoint\",\"urlTemplate\":\"https:\\\/\\\/www.webdo.tn\\\/fr\\\/?s={search_term_string}\"},\"query-input\":{\"@type\":\"PropertyValueSpecification\",\"valueRequired\":true,\"valueName\":\"search_term_string\"}}],\"inLanguage\":\"fr-FR\"},{\"@type\":\"Organization\",\"@id\":\"https:\\\/\\\/www.webdo.tn\\\/fr\\\/#organization\",\"name\":\"Webdo\",\"alternateName\":\"Webdo.tn\",\"url\":\"https:\\\/\\\/www.webdo.tn\\\/fr\\\/\",\"logo\":{\"@type\":\"ImageObject\",\"inLanguage\":\"fr-FR\",\"@id\":\"https:\\\/\\\/www.webdo.tn\\\/fr\\\/#\\\/schema\\\/logo\\\/image\\\/\",\"url\":\"https:\\\/\\\/www.webdo.tn\\\/fr\\\/wp-content\\\/uploads\\\/2025\\\/06\\\/Webdo-Tunisie_168377.jpg\",\"contentUrl\":\"https:\\\/\\\/www.webdo.tn\\\/fr\\\/wp-content\\\/uploads\\\/2025\\\/06\\\/Webdo-Tunisie_168377.jpg\",\"width\":301,\"height\":301,\"caption\":\"Webdo\"},\"image\":{\"@id\":\"https:\\\/\\\/www.webdo.tn\\\/fr\\\/#\\\/schema\\\/logo\\\/image\\\/\"},\"sameAs\":[\"https:\\\/\\\/www.facebook.com\\\/webdotn\",\"https:\\\/\\\/x.com\\\/webdo_tn\"],\"description\":\"Webdo est un m\u00e9dia num\u00e9rique tunisien fond\u00e9 en 2010, sp\u00e9cialis\u00e9 dans l\u2019actualit\u00e9 nationale et internationale, l\u2019\u00e9conomie, la soci\u00e9t\u00e9 et les analyses politiques. Le site s\u2019adresse \u00e0 un large public francophone et couvre l\u2019information tunisienne en temps r\u00e9el.\",\"email\":\"redac@webdo.tn\",\"legalName\":\"YNJ SARL\",\"foundingDate\":\"2010-09-06\",\"numberOfEmployees\":{\"@type\":\"QuantitativeValue\",\"minValue\":\"11\",\"maxValue\":\"50\"}},{\"@type\":\"Person\",\"@id\":\"https:\\\/\\\/www.webdo.tn\\\/fr\\\/#\\\/schema\\\/person\\\/2c4929cbf5a809e3bd38617c6ce150f6\",\"name\":\"MC\",\"image\":{\"@type\":\"ImageObject\",\"inLanguage\":\"fr-FR\",\"@id\":\"https:\\\/\\\/secure.gravatar.com\\\/avatar\\\/a545bbb6f84efdd5553dbbc2895e3ca8f1d12c5215e00a041c9670b54aa9b18a?s=96&d=mm&r=g\",\"url\":\"https:\\\/\\\/secure.gravatar.com\\\/avatar\\\/a545bbb6f84efdd5553dbbc2895e3ca8f1d12c5215e00a041c9670b54aa9b18a?s=96&d=mm&r=g\",\"contentUrl\":\"https:\\\/\\\/secure.gravatar.com\\\/avatar\\\/a545bbb6f84efdd5553dbbc2895e3ca8f1d12c5215e00a041c9670b54aa9b18a?s=96&d=mm&r=g\",\"caption\":\"MC\"},\"url\":\"https:\\\/\\\/www.webdo.tn\\\/fr\\\/actualite\\\/author\\\/mc\\\/\"}]}<\/script>\n<!-- \/ Yoast SEO Premium plugin. -->","yoast_head_json":{"title":"Le Premier ministre irakien en visite officielle en Tunisie","description":"Le Premier ministre irakien Mohammed Chia Al-Soudani est arriv\u00e9, aujourd\u2019hui en Tunisie pour une visite officielle qu\u2019il entreprend. A son arriv\u00e9e \u00e0 l\u2019a\u00e9roport...","canonical":"https:\/\/www.webdo.tn\/fr\/actualite\/national\/le-premier-ministre-irakien-en-visite-officielle-en-tunisie\/216053\/","og_locale":"fr_FR","og_type":"article","og_title":"Le Premier ministre irakien en visite officielle en Tunisie","og_description":"Le Premier ministre irakien Mohammed Chia Al-Soudani est arriv\u00e9, aujourd\u2019hui en Tunisie pour une visite officielle qu\u2019il entreprend. A son arriv\u00e9e \u00e0 l\u2019a\u00e9roport...","og_url":"https:\/\/www.webdo.tn\/fr\/actualite\/national\/le-premier-ministre-irakien-en-visite-officielle-en-tunisie\/216053\/","og_site_name":"webdo","article_publisher":"https:\/\/www.facebook.com\/webdotn","article_published_time":"2024-08-28T12:32:00+00:00","article_modified_time":"2025-05-20T22:13:57+00:00","og_image":[{"width":750,"height":400,"url":"https:\/\/www.webdo.tn\/fr\/wp-content\/uploads\/2024\/08\/48dcf580e196f17138438d05d27ef1ed.webp","type":"image\/webp"}],"author":"MC","twitter_card":"summary_large_image","twitter_creator":"@webdo_tn","twitter_site":"@webdo_tn","twitter_misc":{"\u00c9crit par":"MC"},"schema":{"@context":"https:\/\/schema.org","@graph":[{"@type":"NewsArticle","@id":"https:\/\/www.webdo.tn\/fr\/actualite\/national\/le-premier-ministre-irakien-en-visite-officielle-en-tunisie\/216053\/#article","isPartOf":{"@id":"https:\/\/www.webdo.tn\/fr\/actualite\/national\/le-premier-ministre-irakien-en-visite-officielle-en-tunisie\/216053\/"},"author":{"name":"MC","@id":"https:\/\/www.webdo.tn\/fr\/#\/schema\/person\/2c4929cbf5a809e3bd38617c6ce150f6"},"headline":"Le Premier ministre irakien en visite officielle en Tunisie","datePublished":"2024-08-28T12:32:00+00:00","dateModified":"2025-05-20T22:13:57+00:00","mainEntityOfPage":{"@id":"https:\/\/www.webdo.tn\/fr\/actualite\/national\/le-premier-ministre-irakien-en-visite-officielle-en-tunisie\/216053\/"},"wordCount":99,"commentCount":0,"publisher":{"@id":"https:\/\/www.webdo.tn\/fr\/#organization"},"image":{"@id":"https:\/\/www.webdo.tn\/fr\/actualite\/national\/le-premier-ministre-irakien-en-visite-officielle-en-tunisie\/216053\/#primaryimage"},"thumbnailUrl":"https:\/\/www.webdo.tn\/fr\/wp-content\/uploads\/2024\/08\/48dcf580e196f17138438d05d27ef1ed.webp","keywords":["irak","Tunisie"],"articleSection":["National"],"inLanguage":"fr-FR"},{"@type":"WebPage","@id":"https:\/\/www.webdo.tn\/fr\/actualite\/national\/le-premier-ministre-irakien-en-visite-officielle-en-tunisie\/216053\/","url":"https:\/\/www.webdo.tn\/fr\/actualite\/national\/le-premier-ministre-irakien-en-visite-officielle-en-tunisie\/216053\/","name":"Le Premier ministre irakien en visite officielle en Tunisie","isPartOf":{"@id":"https:\/\/www.webdo.tn\/fr\/#website"},"primaryImageOfPage":{"@id":"https:\/\/www.webdo.tn\/fr\/actualite\/national\/le-premier-ministre-irakien-en-visite-officielle-en-tunisie\/216053\/#primaryimage"},"image":{"@id":"https:\/\/www.webdo.tn\/fr\/actualite\/national\/le-premier-ministre-irakien-en-visite-officielle-en-tunisie\/216053\/#primaryimage"},"thumbnailUrl":"https:\/\/www.webdo.tn\/fr\/wp-content\/uploads\/2024\/08\/48dcf580e196f17138438d05d27ef1ed.webp","datePublished":"2024-08-28T12:32:00+00:00","dateModified":"2025-05-20T22:13:57+00:00","description":"Le Premier ministre irakien Mohammed Chia Al-Soudani est arriv\u00e9, aujourd\u2019hui en Tunisie pour une visite officielle qu\u2019il entreprend. A son arriv\u00e9e \u00e0 l\u2019a\u00e9roport...","breadcrumb":{"@id":"https:\/\/www.webdo.tn\/fr\/actualite\/national\/le-premier-ministre-irakien-en-visite-officielle-en-tunisie\/216053\/#breadcrumb"},"inLanguage":"fr-FR","potentialAction":[{"@type":"ReadAction","target":["https:\/\/www.webdo.tn\/fr\/actualite\/national\/le-premier-ministre-irakien-en-visite-officielle-en-tunisie\/216053\/"]}]},{"@type":"ImageObject","inLanguage":"fr-FR","@id":"https:\/\/www.webdo.tn\/fr\/actualite\/national\/le-premier-ministre-irakien-en-visite-officielle-en-tunisie\/216053\/#primaryimage","url":"https:\/\/www.webdo.tn\/fr\/wp-content\/uploads\/2024\/08\/48dcf580e196f17138438d05d27ef1ed.webp","contentUrl":"https:\/\/www.webdo.tn\/fr\/wp-content\/uploads\/2024\/08\/48dcf580e196f17138438d05d27ef1ed.webp","width":750,"height":400,"caption":"Le Premier ministre irakien en visite officielle en Tunisie"},{"@type":"BreadcrumbList","@id":"https:\/\/www.webdo.tn\/fr\/actualite\/national\/le-premier-ministre-irakien-en-visite-officielle-en-tunisie\/216053\/#breadcrumb","itemListElement":[{"@type":"ListItem","position":1,"name":"Accueil","item":"https:\/\/www.webdo.tn\/fr\/"},{"@type":"ListItem","position":2,"name":"Le Premier ministre irakien en visite officielle en Tunisie"}]},{"@type":"WebSite","@id":"https:\/\/www.webdo.tn\/fr\/#website","url":"https:\/\/www.webdo.tn\/fr\/","name":"webdo","description":"Tunisie - News en Tunisie et \u00e0 l&#039;international sur Webdo.tn","publisher":{"@id":"https:\/\/www.webdo.tn\/fr\/#organization"},"potentialAction":[{"@type":"SearchAction","target":{"@type":"EntryPoint","urlTemplate":"https:\/\/www.webdo.tn\/fr\/?s={search_term_string}"},"query-input":{"@type":"PropertyValueSpecification","valueRequired":true,"valueName":"search_term_string"}}],"inLanguage":"fr-FR"},{"@type":"Organization","@id":"https:\/\/www.webdo.tn\/fr\/#organization","name":"Webdo","alternateName":"Webdo.tn","url":"https:\/\/www.webdo.tn\/fr\/","logo":{"@type":"ImageObject","inLanguage":"fr-FR","@id":"https:\/\/www.webdo.tn\/fr\/#\/schema\/logo\/image\/","url":"https:\/\/www.webdo.tn\/fr\/wp-content\/uploads\/2025\/06\/Webdo-Tunisie_168377.jpg","contentUrl":"https:\/\/www.webdo.tn\/fr\/wp-content\/uploads\/2025\/06\/Webdo-Tunisie_168377.jpg","width":301,"height":301,"caption":"Webdo"},"image":{"@id":"https:\/\/www.webdo.tn\/fr\/#\/schema\/logo\/image\/"},"sameAs":["https:\/\/www.facebook.com\/webdotn","https:\/\/x.com\/webdo_tn"],"description":"Webdo est un m\u00e9dia num\u00e9rique tunisien fond\u00e9 en 2010, sp\u00e9cialis\u00e9 dans l\u2019actualit\u00e9 nationale et internationale, l\u2019\u00e9conomie, la soci\u00e9t\u00e9 et les analyses politiques. Le site s\u2019adresse \u00e0 un large public francophone et couvre l\u2019information tunisienne en temps r\u00e9el.","email":"redac@webdo.tn","legalName":"YNJ SARL","foundingDate":"2010-09-06","numberOfEmployees":{"@type":"QuantitativeValue","minValue":"11","maxValue":"50"}},{"@type":"Person","@id":"https:\/\/www.webdo.tn\/fr\/#\/schema\/person\/2c4929cbf5a809e3bd38617c6ce150f6","name":"MC","image":{"@type":"ImageObject","inLanguage":"fr-FR","@id":"https:\/\/secure.gravatar.com\/avatar\/a545bbb6f84efdd5553dbbc2895e3ca8f1d12c5215e00a041c9670b54aa9b18a?s=96&d=mm&r=g","url":"https:\/\/secure.gravatar.com\/avatar\/a545bbb6f84efdd5553dbbc2895e3ca8f1d12c5215e00a041c9670b54aa9b18a?s=96&d=mm&r=g","contentUrl":"https:\/\/secure.gravatar.com\/avatar\/a545bbb6f84efdd5553dbbc2895e3ca8f1d12c5215e00a041c9670b54aa9b18a?s=96&d=mm&r=g","caption":"MC"},"url":"https:\/\/www.webdo.tn\/fr\/actualite\/author\/mc\/"}]}},"_links":{"self":[{"href":"https:\/\/www.webdo.tn\/fr\/wp-json\/wp\/v2\/posts\/216053","targetHints":{"allow":["GET"]}}],"collection":[{"href":"https:\/\/www.webdo.tn\/fr\/wp-json\/wp\/v2\/posts"}],"about":[{"href":"https:\/\/www.webdo.tn\/fr\/wp-json\/wp\/v2\/types\/post"}],"author":[{"embeddable":true,"href":"https:\/\/www.webdo.tn\/fr\/wp-json\/wp\/v2\/users\/3162"}],"replies":[{"embeddable":true,"href":"https:\/\/www.webdo.tn\/fr\/wp-json\/wp\/v2\/comments?post=216053"}],"version-history":[{"count":0,"href":"https:\/\/www.webdo.tn\/fr\/wp-json\/wp\/v2\/posts\/216053\/revisions"}],"wp:featuredmedia":[{"embeddable":true,"href":"https:\/\/www.webdo.tn\/fr\/wp-json\/wp\/v2\/media\/291002"}],"wp:attachment":[{"href":"https:\/\/www.webdo.tn\/fr\/wp-json\/wp\/v2\/media?parent=216053"}],"wp:term":[{"taxonomy":"category","embeddable":true,"href":"https:\/\/www.webdo.tn\/fr\/wp-json\/wp\/v2\/categories?post=216053"},{"taxonomy":"post_tag","embeddable":true,"href":"https:\/\/www.webdo.tn\/fr\/wp-json\/wp\/v2\/tags?post=216053"}],"curies":[{"name":"wp","href":"https:\/\/api.w.org\/{rel}","templated":true}]}}