{"id":216039,"date":"2024-08-27T20:43:00","date_gmt":"2024-08-27T20:43:00","guid":{"rendered":"https:\/\/www.webdo.tn\/fr\/blog\/tunisie-que-s-est-il-dit-lors-de-la-rencontre-entre-le-ministre-des-affaires-etrangeres-et-l-ambassadeur-algerien\/216039\/"},"modified":"2025-05-21T09:03:53","modified_gmt":"2025-05-21T09:03:53","slug":"tunisie-que-s-est-il-dit-lors-de-la-rencontre-entre-le-ministre-des-affaires-etrangeres-et-l-ambassadeur-algerien","status":"publish","type":"post","link":"https:\/\/www.webdo.tn\/fr\/actualite\/national\/tunisie-que-s-est-il-dit-lors-de-la-rencontre-entre-le-ministre-des-affaires-etrangeres-et-l-ambassadeur-algerien\/216039\/","title":{"rendered":"Tunisie : Que s&rsquo;est-il dit entre le ministre des Affaires \u00e9trang\u00e8res et l&rsquo;ambassadeur alg\u00e9rien ?"},"content":{"rendered":"<p>Le ministre des Affaires \u00e9trang\u00e8res, de la Migration et des Tunisiens \u00e0 l&rsquo;\u00e9tranger, Mohamed Ali Nafti, a rencontr\u00e9, ce mardi, au si\u00e8ge de son minist\u00e8re, Azzouz Baallal, ambassadeur de la R\u00e9publique alg\u00e9rienne en Tunisie. Cette rencontre a \u00e9t\u00e9 marqu\u00e9e par une r\u00e9affirmation de la profondeur des relations fraternelles entre les deux nations voisines.<\/p>\n<p>\t\t\t\t\t\t\t\t\tSelon un communiqu\u00e9 du minist\u00e8re, la r\u00e9union a servi de cadre pour souligner la volont\u00e9 partag\u00e9e de renforcer les liens entre la Tunisie et l&rsquo;Alg\u00e9rie dans tous les secteurs. Ce renforcement vise \u00e0 consolider le partenariat strat\u00e9gique global, conform\u00e9ment aux directives des dirigeants des deux pays, r\u00e9pondant ainsi aux attentes des peuples tunisien et alg\u00e9rien.<\/p>\n<p>Par ailleurs, la veille, Mohamed Ali Nafti avait \u00e9chang\u00e9 par t\u00e9l\u00e9phone avec son homologue alg\u00e9rien, Ahmed Attaf, qui l&rsquo;a f\u00e9licit\u00e9 pour sa r\u00e9cente nomination. Les deux ministres ont convenu de l&rsquo;importance de poursuivre l&rsquo;intensification des consultations et de la coop\u00e9ration bilat\u00e9rale, en particulier sur les questions internationales d&rsquo;int\u00e9r\u00eat commun.<\/p>\n","protected":false},"excerpt":{"rendered":"<p>Rencontre entre Mohamed Ali Nafti et l&rsquo;ambassadeur Azzouz Baallal : une r\u00e9affirmation des relations solides entre la Tunisie et l&rsquo;Alg\u00e9rie. Les deux ministres di&#8230;<\/p>\n","protected":false},"author":3166,"featured_media":246698,"comment_status":"open","ping_status":"closed","sticky":false,"template":"","format":"standard","meta":{"footnotes":""},"categories":[44],"tags":[3323,2907,2608],"class_list":["post-216039","post","type-post","status-publish","format-standard","has-post-thumbnail","hentry","category-national","tag-affaires-etrangeres","tag-algerie","tag-tunisie"],"yoast_head":"<!-- This site is optimized with the Yoast SEO Premium plugin v27.5 (Yoast SEO v27.5) - https:\/\/yoast.com\/product\/yoast-seo-premium-wordpress\/ -->\n<title>Tunisie : Que s&#039;est-il dit entre le ministre des Affaires \u00e9trang\u00e8res et l&#039;ambassadeur alg\u00e9rien ?<\/title>\n<meta name=\"description\" content=\"Rencontre entre Mohamed Ali Nafti et l&#039;ambassadeur Azzouz Baallal : une r\u00e9affirmation des relations solides entre la Tunisie et l&#039;Alg\u00e9rie. Les deux ministres di...\" \/>\n<link rel=\"canonical\" href=\"https:\/\/www.webdo.tn\/fr\/actualite\/national\/tunisie-que-s-est-il-dit-lors-de-la-rencontre-entre-le-ministre-des-affaires-etrangeres-et-l-ambassadeur-algerien\/216039\/\" \/>\n<meta property=\"og:locale\" content=\"fr_FR\" \/>\n<meta property=\"og:type\" content=\"article\" \/>\n<meta property=\"og:title\" content=\"Tunisie : Que s&#039;est-il dit entre le ministre des Affaires \u00e9trang\u00e8res et l&#039;ambassadeur alg\u00e9rien ?\" \/>\n<meta property=\"og:description\" content=\"Rencontre entre Mohamed Ali Nafti et l&#039;ambassadeur Azzouz Baallal : une r\u00e9affirmation des relations solides entre la Tunisie et l&#039;Alg\u00e9rie. Les deux ministres di...\" \/>\n<meta property=\"og:url\" content=\"https:\/\/www.webdo.tn\/fr\/actualite\/national\/tunisie-que-s-est-il-dit-lors-de-la-rencontre-entre-le-ministre-des-affaires-etrangeres-et-l-ambassadeur-algerien\/216039\/\" \/>\n<meta property=\"og:site_name\" content=\"webdo\" \/>\n<meta property=\"article:publisher\" content=\"https:\/\/www.facebook.com\/webdotn\" \/>\n<meta property=\"article:published_time\" content=\"2024-08-27T20:43:00+00:00\" \/>\n<meta property=\"article:modified_time\" content=\"2025-05-21T09:03:53+00:00\" \/>\n<meta property=\"og:image\" content=\"https:\/\/www.webdo.tn\/fr\/wp-content\/uploads\/2024\/08\/251336ef2b2f655d343eb9939c09b0b2.webp\" \/>\n\t<meta property=\"og:image:width\" content=\"750\" \/>\n\t<meta property=\"og:image:height\" content=\"400\" \/>\n\t<meta property=\"og:image:type\" content=\"image\/webp\" \/>\n<meta name=\"author\" content=\"AZ\" \/>\n<meta name=\"twitter:card\" content=\"summary_large_image\" \/>\n<meta name=\"twitter:creator\" content=\"@webdo_tn\" \/>\n<meta name=\"twitter:site\" content=\"@webdo_tn\" \/>\n<meta name=\"twitter:label1\" content=\"\u00c9crit par\" \/>\n\t<meta name=\"twitter:data1\" content=\"AZ\" \/>\n\t<meta name=\"twitter:label2\" content=\"Dur\u00e9e de lecture estim\u00e9e\" \/>\n\t<meta name=\"twitter:data2\" content=\"1 minute\" \/>\n<script type=\"application\/ld+json\" class=\"yoast-schema-graph\">{\"@context\":\"https:\\\/\\\/schema.org\",\"@graph\":[{\"@type\":\"NewsArticle\",\"@id\":\"https:\\\/\\\/www.webdo.tn\\\/fr\\\/actualite\\\/national\\\/tunisie-que-s-est-il-dit-lors-de-la-rencontre-entre-le-ministre-des-affaires-etrangeres-et-l-ambassadeur-algerien\\\/216039\\\/#article\",\"isPartOf\":{\"@id\":\"https:\\\/\\\/www.webdo.tn\\\/fr\\\/actualite\\\/national\\\/tunisie-que-s-est-il-dit-lors-de-la-rencontre-entre-le-ministre-des-affaires-etrangeres-et-l-ambassadeur-algerien\\\/216039\\\/\"},\"author\":{\"name\":\"AZ\",\"@id\":\"https:\\\/\\\/www.webdo.tn\\\/fr\\\/#\\\/schema\\\/person\\\/b8a41c04d93287d375510db360906b34\"},\"headline\":\"Tunisie : Que s&rsquo;est-il dit entre le ministre des Affaires \u00e9trang\u00e8res et l&rsquo;ambassadeur alg\u00e9rien ?\",\"datePublished\":\"2024-08-27T20:43:00+00:00\",\"dateModified\":\"2025-05-21T09:03:53+00:00\",\"mainEntityOfPage\":{\"@id\":\"https:\\\/\\\/www.webdo.tn\\\/fr\\\/actualite\\\/national\\\/tunisie-que-s-est-il-dit-lors-de-la-rencontre-entre-le-ministre-des-affaires-etrangeres-et-l-ambassadeur-algerien\\\/216039\\\/\"},\"wordCount\":202,\"commentCount\":0,\"publisher\":{\"@id\":\"https:\\\/\\\/www.webdo.tn\\\/fr\\\/#organization\"},\"image\":{\"@id\":\"https:\\\/\\\/www.webdo.tn\\\/fr\\\/actualite\\\/national\\\/tunisie-que-s-est-il-dit-lors-de-la-rencontre-entre-le-ministre-des-affaires-etrangeres-et-l-ambassadeur-algerien\\\/216039\\\/#primaryimage\"},\"thumbnailUrl\":\"https:\\\/\\\/www.webdo.tn\\\/fr\\\/wp-content\\\/uploads\\\/2024\\\/08\\\/251336ef2b2f655d343eb9939c09b0b2.webp\",\"keywords\":[\"affaires \u00e9trang\u00e8res\",\"Alg\u00e9rie\",\"Tunisie\"],\"articleSection\":[\"National\"],\"inLanguage\":\"fr-FR\"},{\"@type\":\"WebPage\",\"@id\":\"https:\\\/\\\/www.webdo.tn\\\/fr\\\/actualite\\\/national\\\/tunisie-que-s-est-il-dit-lors-de-la-rencontre-entre-le-ministre-des-affaires-etrangeres-et-l-ambassadeur-algerien\\\/216039\\\/\",\"url\":\"https:\\\/\\\/www.webdo.tn\\\/fr\\\/actualite\\\/national\\\/tunisie-que-s-est-il-dit-lors-de-la-rencontre-entre-le-ministre-des-affaires-etrangeres-et-l-ambassadeur-algerien\\\/216039\\\/\",\"name\":\"Tunisie : Que s'est-il dit entre le ministre des Affaires \u00e9trang\u00e8res et l'ambassadeur alg\u00e9rien ?\",\"isPartOf\":{\"@id\":\"https:\\\/\\\/www.webdo.tn\\\/fr\\\/#website\"},\"primaryImageOfPage\":{\"@id\":\"https:\\\/\\\/www.webdo.tn\\\/fr\\\/actualite\\\/national\\\/tunisie-que-s-est-il-dit-lors-de-la-rencontre-entre-le-ministre-des-affaires-etrangeres-et-l-ambassadeur-algerien\\\/216039\\\/#primaryimage\"},\"image\":{\"@id\":\"https:\\\/\\\/www.webdo.tn\\\/fr\\\/actualite\\\/national\\\/tunisie-que-s-est-il-dit-lors-de-la-rencontre-entre-le-ministre-des-affaires-etrangeres-et-l-ambassadeur-algerien\\\/216039\\\/#primaryimage\"},\"thumbnailUrl\":\"https:\\\/\\\/www.webdo.tn\\\/fr\\\/wp-content\\\/uploads\\\/2024\\\/08\\\/251336ef2b2f655d343eb9939c09b0b2.webp\",\"datePublished\":\"2024-08-27T20:43:00+00:00\",\"dateModified\":\"2025-05-21T09:03:53+00:00\",\"description\":\"Rencontre entre Mohamed Ali Nafti et l'ambassadeur Azzouz Baallal : une r\u00e9affirmation des relations solides entre la Tunisie et l'Alg\u00e9rie. Les deux ministres di...\",\"breadcrumb\":{\"@id\":\"https:\\\/\\\/www.webdo.tn\\\/fr\\\/actualite\\\/national\\\/tunisie-que-s-est-il-dit-lors-de-la-rencontre-entre-le-ministre-des-affaires-etrangeres-et-l-ambassadeur-algerien\\\/216039\\\/#breadcrumb\"},\"inLanguage\":\"fr-FR\",\"potentialAction\":[{\"@type\":\"ReadAction\",\"target\":[\"https:\\\/\\\/www.webdo.tn\\\/fr\\\/actualite\\\/national\\\/tunisie-que-s-est-il-dit-lors-de-la-rencontre-entre-le-ministre-des-affaires-etrangeres-et-l-ambassadeur-algerien\\\/216039\\\/\"]}]},{\"@type\":\"ImageObject\",\"inLanguage\":\"fr-FR\",\"@id\":\"https:\\\/\\\/www.webdo.tn\\\/fr\\\/actualite\\\/national\\\/tunisie-que-s-est-il-dit-lors-de-la-rencontre-entre-le-ministre-des-affaires-etrangeres-et-l-ambassadeur-algerien\\\/216039\\\/#primaryimage\",\"url\":\"https:\\\/\\\/www.webdo.tn\\\/fr\\\/wp-content\\\/uploads\\\/2024\\\/08\\\/251336ef2b2f655d343eb9939c09b0b2.webp\",\"contentUrl\":\"https:\\\/\\\/www.webdo.tn\\\/fr\\\/wp-content\\\/uploads\\\/2024\\\/08\\\/251336ef2b2f655d343eb9939c09b0b2.webp\",\"width\":750,\"height\":400,\"caption\":\"Tunisie : Que s'est-il dit entre le ministre des Affaires \u00e9trang\u00e8res et l'ambassadeur alg\u00e9rien ?\"},{\"@type\":\"BreadcrumbList\",\"@id\":\"https:\\\/\\\/www.webdo.tn\\\/fr\\\/actualite\\\/national\\\/tunisie-que-s-est-il-dit-lors-de-la-rencontre-entre-le-ministre-des-affaires-etrangeres-et-l-ambassadeur-algerien\\\/216039\\\/#breadcrumb\",\"itemListElement\":[{\"@type\":\"ListItem\",\"position\":1,\"name\":\"Accueil\",\"item\":\"https:\\\/\\\/www.webdo.tn\\\/fr\\\/\"},{\"@type\":\"ListItem\",\"position\":2,\"name\":\"Tunisie : Que s&#8217;est-il dit entre le ministre des Affaires \u00e9trang\u00e8res et l&#8217;ambassadeur alg\u00e9rien ?\"}]},{\"@type\":\"WebSite\",\"@id\":\"https:\\\/\\\/www.webdo.tn\\\/fr\\\/#website\",\"url\":\"https:\\\/\\\/www.webdo.tn\\\/fr\\\/\",\"name\":\"webdo\",\"description\":\"Tunisie - News en Tunisie et \u00e0 l&#039;international sur Webdo.tn\",\"publisher\":{\"@id\":\"https:\\\/\\\/www.webdo.tn\\\/fr\\\/#organization\"},\"potentialAction\":[{\"@type\":\"SearchAction\",\"target\":{\"@type\":\"EntryPoint\",\"urlTemplate\":\"https:\\\/\\\/www.webdo.tn\\\/fr\\\/?s={search_term_string}\"},\"query-input\":{\"@type\":\"PropertyValueSpecification\",\"valueRequired\":true,\"valueName\":\"search_term_string\"}}],\"inLanguage\":\"fr-FR\"},{\"@type\":\"Organization\",\"@id\":\"https:\\\/\\\/www.webdo.tn\\\/fr\\\/#organization\",\"name\":\"Webdo\",\"alternateName\":\"Webdo.tn\",\"url\":\"https:\\\/\\\/www.webdo.tn\\\/fr\\\/\",\"logo\":{\"@type\":\"ImageObject\",\"inLanguage\":\"fr-FR\",\"@id\":\"https:\\\/\\\/www.webdo.tn\\\/fr\\\/#\\\/schema\\\/logo\\\/image\\\/\",\"url\":\"https:\\\/\\\/www.webdo.tn\\\/fr\\\/wp-content\\\/uploads\\\/2025\\\/06\\\/Webdo-Tunisie_168377.jpg\",\"contentUrl\":\"https:\\\/\\\/www.webdo.tn\\\/fr\\\/wp-content\\\/uploads\\\/2025\\\/06\\\/Webdo-Tunisie_168377.jpg\",\"width\":301,\"height\":301,\"caption\":\"Webdo\"},\"image\":{\"@id\":\"https:\\\/\\\/www.webdo.tn\\\/fr\\\/#\\\/schema\\\/logo\\\/image\\\/\"},\"sameAs\":[\"https:\\\/\\\/www.facebook.com\\\/webdotn\",\"https:\\\/\\\/x.com\\\/webdo_tn\"],\"description\":\"Webdo est un m\u00e9dia num\u00e9rique tunisien fond\u00e9 en 2010, sp\u00e9cialis\u00e9 dans l\u2019actualit\u00e9 nationale et internationale, l\u2019\u00e9conomie, la soci\u00e9t\u00e9 et les analyses politiques. Le site s\u2019adresse \u00e0 un large public francophone et couvre l\u2019information tunisienne en temps r\u00e9el.\",\"email\":\"redac@webdo.tn\",\"legalName\":\"YNJ SARL\",\"foundingDate\":\"2010-09-06\",\"numberOfEmployees\":{\"@type\":\"QuantitativeValue\",\"minValue\":\"11\",\"maxValue\":\"50\"}},{\"@type\":\"Person\",\"@id\":\"https:\\\/\\\/www.webdo.tn\\\/fr\\\/#\\\/schema\\\/person\\\/b8a41c04d93287d375510db360906b34\",\"name\":\"AZ\",\"image\":{\"@type\":\"ImageObject\",\"inLanguage\":\"fr-FR\",\"@id\":\"https:\\\/\\\/secure.gravatar.com\\\/avatar\\\/492b80bada79439de4201dce15cd41eece6c277cfdf1b53382073c79105c1f89?s=96&d=mm&r=g\",\"url\":\"https:\\\/\\\/secure.gravatar.com\\\/avatar\\\/492b80bada79439de4201dce15cd41eece6c277cfdf1b53382073c79105c1f89?s=96&d=mm&r=g\",\"contentUrl\":\"https:\\\/\\\/secure.gravatar.com\\\/avatar\\\/492b80bada79439de4201dce15cd41eece6c277cfdf1b53382073c79105c1f89?s=96&d=mm&r=g\",\"caption\":\"AZ\"},\"url\":\"https:\\\/\\\/www.webdo.tn\\\/fr\\\/actualite\\\/author\\\/az\\\/\"}]}<\/script>\n<!-- \/ Yoast SEO Premium plugin. -->","yoast_head_json":{"title":"Tunisie : Que s'est-il dit entre le ministre des Affaires \u00e9trang\u00e8res et l'ambassadeur alg\u00e9rien ?","description":"Rencontre entre Mohamed Ali Nafti et l'ambassadeur Azzouz Baallal : une r\u00e9affirmation des relations solides entre la Tunisie et l'Alg\u00e9rie. Les deux ministres di...","canonical":"https:\/\/www.webdo.tn\/fr\/actualite\/national\/tunisie-que-s-est-il-dit-lors-de-la-rencontre-entre-le-ministre-des-affaires-etrangeres-et-l-ambassadeur-algerien\/216039\/","og_locale":"fr_FR","og_type":"article","og_title":"Tunisie : Que s'est-il dit entre le ministre des Affaires \u00e9trang\u00e8res et l'ambassadeur alg\u00e9rien ?","og_description":"Rencontre entre Mohamed Ali Nafti et l'ambassadeur Azzouz Baallal : une r\u00e9affirmation des relations solides entre la Tunisie et l'Alg\u00e9rie. Les deux ministres di...","og_url":"https:\/\/www.webdo.tn\/fr\/actualite\/national\/tunisie-que-s-est-il-dit-lors-de-la-rencontre-entre-le-ministre-des-affaires-etrangeres-et-l-ambassadeur-algerien\/216039\/","og_site_name":"webdo","article_publisher":"https:\/\/www.facebook.com\/webdotn","article_published_time":"2024-08-27T20:43:00+00:00","article_modified_time":"2025-05-21T09:03:53+00:00","og_image":[{"width":750,"height":400,"url":"https:\/\/www.webdo.tn\/fr\/wp-content\/uploads\/2024\/08\/251336ef2b2f655d343eb9939c09b0b2.webp","type":"image\/webp"}],"author":"AZ","twitter_card":"summary_large_image","twitter_creator":"@webdo_tn","twitter_site":"@webdo_tn","twitter_misc":{"\u00c9crit par":"AZ","Dur\u00e9e de lecture estim\u00e9e":"1 minute"},"schema":{"@context":"https:\/\/schema.org","@graph":[{"@type":"NewsArticle","@id":"https:\/\/www.webdo.tn\/fr\/actualite\/national\/tunisie-que-s-est-il-dit-lors-de-la-rencontre-entre-le-ministre-des-affaires-etrangeres-et-l-ambassadeur-algerien\/216039\/#article","isPartOf":{"@id":"https:\/\/www.webdo.tn\/fr\/actualite\/national\/tunisie-que-s-est-il-dit-lors-de-la-rencontre-entre-le-ministre-des-affaires-etrangeres-et-l-ambassadeur-algerien\/216039\/"},"author":{"name":"AZ","@id":"https:\/\/www.webdo.tn\/fr\/#\/schema\/person\/b8a41c04d93287d375510db360906b34"},"headline":"Tunisie : Que s&rsquo;est-il dit entre le ministre des Affaires \u00e9trang\u00e8res et l&rsquo;ambassadeur alg\u00e9rien ?","datePublished":"2024-08-27T20:43:00+00:00","dateModified":"2025-05-21T09:03:53+00:00","mainEntityOfPage":{"@id":"https:\/\/www.webdo.tn\/fr\/actualite\/national\/tunisie-que-s-est-il-dit-lors-de-la-rencontre-entre-le-ministre-des-affaires-etrangeres-et-l-ambassadeur-algerien\/216039\/"},"wordCount":202,"commentCount":0,"publisher":{"@id":"https:\/\/www.webdo.tn\/fr\/#organization"},"image":{"@id":"https:\/\/www.webdo.tn\/fr\/actualite\/national\/tunisie-que-s-est-il-dit-lors-de-la-rencontre-entre-le-ministre-des-affaires-etrangeres-et-l-ambassadeur-algerien\/216039\/#primaryimage"},"thumbnailUrl":"https:\/\/www.webdo.tn\/fr\/wp-content\/uploads\/2024\/08\/251336ef2b2f655d343eb9939c09b0b2.webp","keywords":["affaires \u00e9trang\u00e8res","Alg\u00e9rie","Tunisie"],"articleSection":["National"],"inLanguage":"fr-FR"},{"@type":"WebPage","@id":"https:\/\/www.webdo.tn\/fr\/actualite\/national\/tunisie-que-s-est-il-dit-lors-de-la-rencontre-entre-le-ministre-des-affaires-etrangeres-et-l-ambassadeur-algerien\/216039\/","url":"https:\/\/www.webdo.tn\/fr\/actualite\/national\/tunisie-que-s-est-il-dit-lors-de-la-rencontre-entre-le-ministre-des-affaires-etrangeres-et-l-ambassadeur-algerien\/216039\/","name":"Tunisie : Que s'est-il dit entre le ministre des Affaires \u00e9trang\u00e8res et l'ambassadeur alg\u00e9rien ?","isPartOf":{"@id":"https:\/\/www.webdo.tn\/fr\/#website"},"primaryImageOfPage":{"@id":"https:\/\/www.webdo.tn\/fr\/actualite\/national\/tunisie-que-s-est-il-dit-lors-de-la-rencontre-entre-le-ministre-des-affaires-etrangeres-et-l-ambassadeur-algerien\/216039\/#primaryimage"},"image":{"@id":"https:\/\/www.webdo.tn\/fr\/actualite\/national\/tunisie-que-s-est-il-dit-lors-de-la-rencontre-entre-le-ministre-des-affaires-etrangeres-et-l-ambassadeur-algerien\/216039\/#primaryimage"},"thumbnailUrl":"https:\/\/www.webdo.tn\/fr\/wp-content\/uploads\/2024\/08\/251336ef2b2f655d343eb9939c09b0b2.webp","datePublished":"2024-08-27T20:43:00+00:00","dateModified":"2025-05-21T09:03:53+00:00","description":"Rencontre entre Mohamed Ali Nafti et l'ambassadeur Azzouz Baallal : une r\u00e9affirmation des relations solides entre la Tunisie et l'Alg\u00e9rie. Les deux ministres di...","breadcrumb":{"@id":"https:\/\/www.webdo.tn\/fr\/actualite\/national\/tunisie-que-s-est-il-dit-lors-de-la-rencontre-entre-le-ministre-des-affaires-etrangeres-et-l-ambassadeur-algerien\/216039\/#breadcrumb"},"inLanguage":"fr-FR","potentialAction":[{"@type":"ReadAction","target":["https:\/\/www.webdo.tn\/fr\/actualite\/national\/tunisie-que-s-est-il-dit-lors-de-la-rencontre-entre-le-ministre-des-affaires-etrangeres-et-l-ambassadeur-algerien\/216039\/"]}]},{"@type":"ImageObject","inLanguage":"fr-FR","@id":"https:\/\/www.webdo.tn\/fr\/actualite\/national\/tunisie-que-s-est-il-dit-lors-de-la-rencontre-entre-le-ministre-des-affaires-etrangeres-et-l-ambassadeur-algerien\/216039\/#primaryimage","url":"https:\/\/www.webdo.tn\/fr\/wp-content\/uploads\/2024\/08\/251336ef2b2f655d343eb9939c09b0b2.webp","contentUrl":"https:\/\/www.webdo.tn\/fr\/wp-content\/uploads\/2024\/08\/251336ef2b2f655d343eb9939c09b0b2.webp","width":750,"height":400,"caption":"Tunisie : Que s'est-il dit entre le ministre des Affaires \u00e9trang\u00e8res et l'ambassadeur alg\u00e9rien ?"},{"@type":"BreadcrumbList","@id":"https:\/\/www.webdo.tn\/fr\/actualite\/national\/tunisie-que-s-est-il-dit-lors-de-la-rencontre-entre-le-ministre-des-affaires-etrangeres-et-l-ambassadeur-algerien\/216039\/#breadcrumb","itemListElement":[{"@type":"ListItem","position":1,"name":"Accueil","item":"https:\/\/www.webdo.tn\/fr\/"},{"@type":"ListItem","position":2,"name":"Tunisie : Que s&#8217;est-il dit entre le ministre des Affaires \u00e9trang\u00e8res et l&#8217;ambassadeur alg\u00e9rien ?"}]},{"@type":"WebSite","@id":"https:\/\/www.webdo.tn\/fr\/#website","url":"https:\/\/www.webdo.tn\/fr\/","name":"webdo","description":"Tunisie - News en Tunisie et \u00e0 l&#039;international sur Webdo.tn","publisher":{"@id":"https:\/\/www.webdo.tn\/fr\/#organization"},"potentialAction":[{"@type":"SearchAction","target":{"@type":"EntryPoint","urlTemplate":"https:\/\/www.webdo.tn\/fr\/?s={search_term_string}"},"query-input":{"@type":"PropertyValueSpecification","valueRequired":true,"valueName":"search_term_string"}}],"inLanguage":"fr-FR"},{"@type":"Organization","@id":"https:\/\/www.webdo.tn\/fr\/#organization","name":"Webdo","alternateName":"Webdo.tn","url":"https:\/\/www.webdo.tn\/fr\/","logo":{"@type":"ImageObject","inLanguage":"fr-FR","@id":"https:\/\/www.webdo.tn\/fr\/#\/schema\/logo\/image\/","url":"https:\/\/www.webdo.tn\/fr\/wp-content\/uploads\/2025\/06\/Webdo-Tunisie_168377.jpg","contentUrl":"https:\/\/www.webdo.tn\/fr\/wp-content\/uploads\/2025\/06\/Webdo-Tunisie_168377.jpg","width":301,"height":301,"caption":"Webdo"},"image":{"@id":"https:\/\/www.webdo.tn\/fr\/#\/schema\/logo\/image\/"},"sameAs":["https:\/\/www.facebook.com\/webdotn","https:\/\/x.com\/webdo_tn"],"description":"Webdo est un m\u00e9dia num\u00e9rique tunisien fond\u00e9 en 2010, sp\u00e9cialis\u00e9 dans l\u2019actualit\u00e9 nationale et internationale, l\u2019\u00e9conomie, la soci\u00e9t\u00e9 et les analyses politiques. Le site s\u2019adresse \u00e0 un large public francophone et couvre l\u2019information tunisienne en temps r\u00e9el.","email":"redac@webdo.tn","legalName":"YNJ SARL","foundingDate":"2010-09-06","numberOfEmployees":{"@type":"QuantitativeValue","minValue":"11","maxValue":"50"}},{"@type":"Person","@id":"https:\/\/www.webdo.tn\/fr\/#\/schema\/person\/b8a41c04d93287d375510db360906b34","name":"AZ","image":{"@type":"ImageObject","inLanguage":"fr-FR","@id":"https:\/\/secure.gravatar.com\/avatar\/492b80bada79439de4201dce15cd41eece6c277cfdf1b53382073c79105c1f89?s=96&d=mm&r=g","url":"https:\/\/secure.gravatar.com\/avatar\/492b80bada79439de4201dce15cd41eece6c277cfdf1b53382073c79105c1f89?s=96&d=mm&r=g","contentUrl":"https:\/\/secure.gravatar.com\/avatar\/492b80bada79439de4201dce15cd41eece6c277cfdf1b53382073c79105c1f89?s=96&d=mm&r=g","caption":"AZ"},"url":"https:\/\/www.webdo.tn\/fr\/actualite\/author\/az\/"}]}},"_links":{"self":[{"href":"https:\/\/www.webdo.tn\/fr\/wp-json\/wp\/v2\/posts\/216039","targetHints":{"allow":["GET"]}}],"collection":[{"href":"https:\/\/www.webdo.tn\/fr\/wp-json\/wp\/v2\/posts"}],"about":[{"href":"https:\/\/www.webdo.tn\/fr\/wp-json\/wp\/v2\/types\/post"}],"author":[{"embeddable":true,"href":"https:\/\/www.webdo.tn\/fr\/wp-json\/wp\/v2\/users\/3166"}],"replies":[{"embeddable":true,"href":"https:\/\/www.webdo.tn\/fr\/wp-json\/wp\/v2\/comments?post=216039"}],"version-history":[{"count":0,"href":"https:\/\/www.webdo.tn\/fr\/wp-json\/wp\/v2\/posts\/216039\/revisions"}],"wp:featuredmedia":[{"embeddable":true,"href":"https:\/\/www.webdo.tn\/fr\/wp-json\/wp\/v2\/media\/246698"}],"wp:attachment":[{"href":"https:\/\/www.webdo.tn\/fr\/wp-json\/wp\/v2\/media?parent=216039"}],"wp:term":[{"taxonomy":"category","embeddable":true,"href":"https:\/\/www.webdo.tn\/fr\/wp-json\/wp\/v2\/categories?post=216039"},{"taxonomy":"post_tag","embeddable":true,"href":"https:\/\/www.webdo.tn\/fr\/wp-json\/wp\/v2\/tags?post=216039"}],"curies":[{"name":"wp","href":"https:\/\/api.w.org\/{rel}","templated":true}]}}